{"id":48287,"date":"2022-03-03T11:14:37","date_gmt":"2022-03-03T10:14:37","guid":{"rendered":"https:\/\/www.szenik.eu\/?p=48287\/"},"modified":"2022-03-03T11:14:40","modified_gmt":"2022-03-03T10:14:40","slug":"das-stuttgarter-ballett-noverre-junge-choreographen-2022-im-livestream","status":"publish","type":"post","link":"https:\/\/www.szenik.eu\/de\/das-stuttgarter-ballett-noverre-junge-choreographen-2022-im-livestream-48287","title":{"rendered":"Das Stuttgarter Ballett: Noverre: Junge Choreographen 2022 im Livestream"},"content":{"rendered":"\n<h2>Am Samstag, den 23. April 2022 sowie Sonntag, den 24. April 2022 findet die allj\u00e4hrliche Veranstaltung <em>Noverre: Junge Choreographen<\/em> im Schauspielhaus statt. Zus\u00e4tzlich kehrt damit auch die Online-Reihe StuttgartBallett@Home zur\u00fcck: Die Premiere des Abends wird am 23. April im Livestream auf YouTube und der Webseite des Stuttgarter Balletts \u00fcbertragen. <\/h2>\n\n\n\n<div style=\"height:100px\" aria-hidden=\"true\" class=\"wp-block-spacer\"><\/div>\n\n\n\n<p><em>Medienmitteilung<\/em><\/p>\n\n\n\n<div style=\"height:100px\" aria-hidden=\"true\" class=\"wp-block-spacer\"><\/div>\n\n\n\n<p>Der kostenlose Livestream wird anschlie\u00dfend <strong>bis zum 29. April 2022<\/strong> als Video-on-Demand verf\u00fcgbar sein. Er wird Dank der EnBW, langj\u00e4hriger Unterst\u00fctzer des Stuttgarter Balletts und Partner von <em>Noverre: Junge Choreographen<\/em> erm\u00f6glicht. <\/p>\n\n\n\n<p>Die Beteiligung an <em>Noverre: Junge Choreographen<\/em> ist &#8211; wie jedes Jahr &#8211; freiwillig. Angemeldet haben sich die T\u00e4nzerInnen<strong> Timoor Afshar, Martino Semenzato, Adrian Oldenburger <\/strong>aus dem Stuttgarter Ensemble, sowie die G\u00e4ste<strong> Vera Kvarcakova<\/strong> und <strong>Jeremy Galdeano<\/strong> aus Frankreich und Kanada und <strong>Simone Repele<\/strong> und <strong>Sasha Riva<\/strong> aus der Schweiz und Italien. Das Format &#8222;Junge Choreographen&#8220; reicht bis in das Jahr 1961 zur\u00fcck und gilt als erste Plattform f\u00fcr ChoreographInnenf\u00f6rderung weltweit. Junge NachwuchschoreographInnen aus der Compagnie des Stuttgarter Balletts sowie aus dem Um- und Ausland bekommen hier die Chance ihre Erstlingswerke auf der B\u00fchne zu pr\u00e4sentieren. Jahr f\u00fcr Jahr wird kreiert, experimentiert und ausprobiert; manch ein heute weltber\u00fchmter Choreograph bzw. eine Choreographin hat bei Noverre buchst\u00e4blich seine ersten Schritte getan. Egal was das St\u00fcck bei den ZuschauerInnen ausl\u00f6st, eins ist sicher: Die St\u00fccke, die bei Noverre: Junge Choreographen uraufgef\u00fchrt werden, tragen zur Entwicklung der kontempor\u00e4ren Tanzsprache bei. <\/p>\n\n\n\n<p>Ballettintendant <strong>Tamas Detrich<\/strong> ist es ein Anliegen, neben dem laufenden Spielbetrieb und dem offenen Theater, Online-Angebote f\u00fcr ZuschauerInnen in der ganzen Welt zu erm\u00f6glichen. Umso treffender, dass der Abend, der jungen T\u00e4nzerInnen und ChoreographInnen eine Plattform bietet auf der sie sich kreativ entfalten k\u00f6nnen, nun erneut der ganzen Welt gezeigt werden kann. <\/p>\n\n\n\n<div style=\"height:100px\" aria-hidden=\"true\" class=\"wp-block-spacer\"><\/div>\n\n\n\n<p class=\"has-background has-very-light-gray-background-color\"><strong>Noverre: Junge Choreographen <\/strong><br>23. \/ 24. April 2022<br>Im Schauspielhaus <br><br><strong>StuttgartBallett@Home<\/strong><br>Noverre: Junge Choreographen<br>Livestream der Premiere<br>Samstag, den 23. April 2022 um 19:00 Uhr<br>Als Video on Demand verf\u00fcgbar bis zum 29. April 2022, 22:00 Uhr<\/p>\n\n\n\n<div style=\"height:100px\" aria-hidden=\"true\" class=\"wp-block-spacer\"><\/div>\n\n\n\n<div class=\"wp-block-button aligncenter\"><a class=\"wp-block-button__link has-text-color has-very-dark-gray-color has-background has-luminous-vivid-amber-background-color\" href=\"https:\/\/www.stuttgarter-ballett.de\" target=\"_blank\" rel=\"noreferrer noopener\">Zur Webseite des Stuttgarter Balletts<\/a><\/div>\n\n\n\n<div style=\"height:100px\" aria-hidden=\"true\" class=\"wp-block-spacer\"><\/div>\n\n\n\n<p class=\"has-small-font-size\">Foto: \u00a9 Stuttgarter Ballett<\/p>\n\n\n\n<div style=\"height:100px\" aria-hidden=\"true\" class=\"wp-block-spacer\"><\/div>\n","protected":false},"excerpt":{"rendered":"<p>Am Samstag, den 23. April 2022 sowie Sonntag, den 24. April 2022 findet die allj\u00e4hrliche Veranstaltung Noverre: Junge Choreographen im Schauspielhaus statt. Zus\u00e4tzlich kehrt damit auch die Online-Reihe StuttgartBallett@Home zur\u00fcck: Die Premiere des Abends wird am 23. April im Livestream auf YouTube und der Webseite des Stuttgarter Balletts \u00fcbertragen. Medienmitteilung Der kostenlose Livestream wird anschlie\u00dfend [&hellip;]<\/p>\n","protected":false},"author":1,"featured_media":48288,"comment_status":"open","ping_status":"open","sticky":false,"template":"","format":"standard","meta":{"_monsterinsights_skip_tracking":false,"_monsterinsights_sitenote_active":false,"_monsterinsights_sitenote_note":"","_monsterinsights_sitenote_category":0},"categories":[2815,53,10359],"tags":[2219],"yoast_head":"<!-- This site is optimized with the Yoast SEO plugin v20.5 - https:\/\/yoast.com\/wordpress\/plugins\/seo\/ -->\n<title>Stuttgarter Ballett: Noverre: Junge Choreographen im Livestream I szenik<\/title>\n<meta name=\"description\" content=\"Am 23. April 2022 sowie 24. April 2022 findet die Veranstaltung Noverre: Junge Choreographen im Schauspielhaus statt. Zus\u00e4tzlich ist ein Livestream geplant.\" \/>\n<meta name=\"robots\" content=\"index, follow, max-snippet:-1, max-image-preview:large, max-video-preview:-1\" \/>\n<link rel=\"canonical\" href=\"https:\/\/www.szenik.eu\/de\/das-stuttgarter-ballett-noverre-junge-choreographen-2022-im-livestream-48287\" \/>\n<meta property=\"og:locale\" content=\"de_DE\" \/>\n<meta property=\"og:type\" content=\"article\" \/>\n<meta property=\"og:title\" content=\"Stuttgarter Ballett: Noverre: Junge Choreographen im Livestream I szenik\" \/>\n<meta property=\"og:description\" content=\"Am 23. April 2022 sowie 24. April 2022 findet die Veranstaltung Noverre: Junge Choreographen im Schauspielhaus statt. Zus\u00e4tzlich ist ein Livestream geplant.\" \/>\n<meta property=\"og:url\" content=\"https:\/\/www.szenik.eu\/de\/das-stuttgarter-ballett-noverre-junge-choreographen-2022-im-livestream-48287\" \/>\n<meta property=\"og:site_name\" content=\"szenik\" \/>\n<meta property=\"article:publisher\" content=\"https:\/\/www.facebook.com\/szenik.eu\/\" \/>\n<meta property=\"article:published_time\" content=\"2022-03-03T10:14:37+00:00\" \/>\n<meta property=\"article:modified_time\" content=\"2022-03-03T10:14:40+00:00\" \/>\n<meta property=\"og:image\" content=\"https:\/\/www.szenik.eu\/wp-content\/uploads\/2022\/03\/Ajna-1-scaled.jpg\" \/>\n\t<meta property=\"og:image:width\" content=\"2560\" \/>\n\t<meta property=\"og:image:height\" content=\"1986\" \/>\n\t<meta property=\"og:image:type\" content=\"image\/jpeg\" \/>\n<meta name=\"author\" content=\"szenik\" \/>\n<meta name=\"twitter:card\" content=\"summary_large_image\" \/>\n<meta name=\"twitter:creator\" content=\"@Szenik\" \/>\n<meta name=\"twitter:site\" content=\"@Szenik\" \/>\n<meta name=\"twitter:label1\" content=\"Verfasst von\" \/>\n\t<meta name=\"twitter:data1\" content=\"szenik\" \/>\n\t<meta name=\"twitter:label2\" content=\"Gesch\u00e4tzte Lesezeit\" \/>\n\t<meta name=\"twitter:data2\" content=\"2\u00a0Minuten\" \/>\n<script type=\"application\/ld+json\" class=\"yoast-schema-graph\">{\"@context\":\"https:\/\/schema.org\",\"@graph\":[{\"@type\":\"Article\",\"@id\":\"https:\/\/www.szenik.eu\/de\/das-stuttgarter-ballett-noverre-junge-choreographen-2022-im-livestream-48287#article\",\"isPartOf\":{\"@id\":\"https:\/\/www.szenik.eu\/de\/das-stuttgarter-ballett-noverre-junge-choreographen-2022-im-livestream-48287\"},\"author\":{\"name\":\"szenik\",\"@id\":\"https:\/\/www.szenik.eu\/de\/#\/schema\/person\/15f73f175b41bad194837490339d48fb\"},\"headline\":\"Das Stuttgarter Ballett: Noverre: Junge Choreographen 2022 im Livestream\",\"datePublished\":\"2022-03-03T10:14:37+00:00\",\"dateModified\":\"2022-03-03T10:14:40+00:00\",\"mainEntityOfPage\":{\"@id\":\"https:\/\/www.szenik.eu\/de\/das-stuttgarter-ballett-noverre-junge-choreographen-2022-im-livestream-48287\"},\"wordCount\":341,\"commentCount\":0,\"publisher\":{\"@id\":\"https:\/\/www.szenik.eu\/de\/#organization\"},\"keywords\":[\"Stuttgarter Ballett\"],\"articleSection\":[\"Kurz &amp; knackig\",\"Magazin\",\"TV \/ Streaming\"],\"inLanguage\":\"de\",\"potentialAction\":[{\"@type\":\"CommentAction\",\"name\":\"Comment\",\"target\":[\"https:\/\/www.szenik.eu\/de\/das-stuttgarter-ballett-noverre-junge-choreographen-2022-im-livestream-48287#respond\"]}]},{\"@type\":\"WebPage\",\"@id\":\"https:\/\/www.szenik.eu\/de\/das-stuttgarter-ballett-noverre-junge-choreographen-2022-im-livestream-48287\",\"url\":\"https:\/\/www.szenik.eu\/de\/das-stuttgarter-ballett-noverre-junge-choreographen-2022-im-livestream-48287\",\"name\":\"Stuttgarter Ballett: Noverre: Junge Choreographen im Livestream I szenik\",\"isPartOf\":{\"@id\":\"https:\/\/www.szenik.eu\/de\/#website\"},\"datePublished\":\"2022-03-03T10:14:37+00:00\",\"dateModified\":\"2022-03-03T10:14:40+00:00\",\"description\":\"Am 23. April 2022 sowie 24. April 2022 findet die Veranstaltung Noverre: Junge Choreographen im Schauspielhaus statt. Zus\u00e4tzlich ist ein Livestream geplant.\",\"breadcrumb\":{\"@id\":\"https:\/\/www.szenik.eu\/de\/das-stuttgarter-ballett-noverre-junge-choreographen-2022-im-livestream-48287#breadcrumb\"},\"inLanguage\":\"de\",\"potentialAction\":[{\"@type\":\"ReadAction\",\"target\":[\"https:\/\/www.szenik.eu\/de\/das-stuttgarter-ballett-noverre-junge-choreographen-2022-im-livestream-48287\"]}]},{\"@type\":\"BreadcrumbList\",\"@id\":\"https:\/\/www.szenik.eu\/de\/das-stuttgarter-ballett-noverre-junge-choreographen-2022-im-livestream-48287#breadcrumb\",\"itemListElement\":[{\"@type\":\"ListItem\",\"position\":1,\"name\":\"Home\",\"item\":\"https:\/\/www.szenik.eu\/de\"},{\"@type\":\"ListItem\",\"position\":2,\"name\":\"Das Stuttgarter Ballett: Noverre: Junge Choreographen 2022 im Livestream\"}]},{\"@type\":\"WebSite\",\"@id\":\"https:\/\/www.szenik.eu\/de\/#website\",\"url\":\"https:\/\/www.szenik.eu\/de\/\",\"name\":\"szenik\",\"description\":\"Le Meilleur des sc\u00e8nes au coeur de l&#039;Europe\",\"publisher\":{\"@id\":\"https:\/\/www.szenik.eu\/de\/#organization\"},\"potentialAction\":[{\"@type\":\"SearchAction\",\"target\":{\"@type\":\"EntryPoint\",\"urlTemplate\":\"https:\/\/www.szenik.eu\/de\/?s={search_term_string}\"},\"query-input\":\"required name=search_term_string\"}],\"inLanguage\":\"de\"},{\"@type\":\"Organization\",\"@id\":\"https:\/\/www.szenik.eu\/de\/#organization\",\"name\":\"Szenik\",\"url\":\"https:\/\/www.szenik.eu\/de\/\",\"logo\":{\"@type\":\"ImageObject\",\"inLanguage\":\"de\",\"@id\":\"https:\/\/www.szenik.eu\/de\/#\/schema\/logo\/image\/\",\"url\":\"https:\/\/www.szenik.eu\/wp-content\/uploads\/2019\/07\/logo-square.png\",\"contentUrl\":\"https:\/\/www.szenik.eu\/wp-content\/uploads\/2019\/07\/logo-square.png\",\"width\":512,\"height\":512,\"caption\":\"Szenik\"},\"image\":{\"@id\":\"https:\/\/www.szenik.eu\/de\/#\/schema\/logo\/image\/\"},\"sameAs\":[\"https:\/\/www.facebook.com\/szenik.eu\/\",\"https:\/\/twitter.com\/Szenik\",\"https:\/\/www.instagram.com\/szenik_magazine\/\",\"https:\/\/www.youtube.com\/user\/SzenikEU\/\"]},{\"@type\":\"Person\",\"@id\":\"https:\/\/www.szenik.eu\/de\/#\/schema\/person\/15f73f175b41bad194837490339d48fb\",\"name\":\"szenik\",\"image\":{\"@type\":\"ImageObject\",\"inLanguage\":\"de\",\"@id\":\"https:\/\/www.szenik.eu\/de\/#\/schema\/person\/image\/\",\"url\":\"https:\/\/secure.gravatar.com\/avatar\/d1c4f19522a624a4eaa5e6c03e22370b?s=96&d=mm&r=g\",\"contentUrl\":\"https:\/\/secure.gravatar.com\/avatar\/d1c4f19522a624a4eaa5e6c03e22370b?s=96&d=mm&r=g\",\"caption\":\"szenik\"}}]}<\/script>\n<!-- \/ Yoast SEO plugin. -->","yoast_head_json":{"title":"Stuttgarter Ballett: Noverre: Junge Choreographen im Livestream I szenik","description":"Am 23. April 2022 sowie 24. April 2022 findet die Veranstaltung Noverre: Junge Choreographen im Schauspielhaus statt. Zus\u00e4tzlich ist ein Livestream geplant.","robots":{"index":"index","follow":"follow","max-snippet":"max-snippet:-1","max-image-preview":"max-image-preview:large","max-video-preview":"max-video-preview:-1"},"canonical":"https:\/\/www.szenik.eu\/de\/das-stuttgarter-ballett-noverre-junge-choreographen-2022-im-livestream-48287","og_locale":"de_DE","og_type":"article","og_title":"Stuttgarter Ballett: Noverre: Junge Choreographen im Livestream I szenik","og_description":"Am 23. April 2022 sowie 24. April 2022 findet die Veranstaltung Noverre: Junge Choreographen im Schauspielhaus statt. Zus\u00e4tzlich ist ein Livestream geplant.","og_url":"https:\/\/www.szenik.eu\/de\/das-stuttgarter-ballett-noverre-junge-choreographen-2022-im-livestream-48287","og_site_name":"szenik","article_publisher":"https:\/\/www.facebook.com\/szenik.eu\/","article_published_time":"2022-03-03T10:14:37+00:00","article_modified_time":"2022-03-03T10:14:40+00:00","og_image":[{"width":2560,"height":1986,"url":"https:\/\/www.szenik.eu\/wp-content\/uploads\/2022\/03\/Ajna-1-scaled.jpg","type":"image\/jpeg"}],"author":"szenik","twitter_card":"summary_large_image","twitter_creator":"@Szenik","twitter_site":"@Szenik","twitter_misc":{"Verfasst von":"szenik","Gesch\u00e4tzte Lesezeit":"2\u00a0Minuten"},"schema":{"@context":"https:\/\/schema.org","@graph":[{"@type":"Article","@id":"https:\/\/www.szenik.eu\/de\/das-stuttgarter-ballett-noverre-junge-choreographen-2022-im-livestream-48287#article","isPartOf":{"@id":"https:\/\/www.szenik.eu\/de\/das-stuttgarter-ballett-noverre-junge-choreographen-2022-im-livestream-48287"},"author":{"name":"szenik","@id":"https:\/\/www.szenik.eu\/de\/#\/schema\/person\/15f73f175b41bad194837490339d48fb"},"headline":"Das Stuttgarter Ballett: Noverre: Junge Choreographen 2022 im Livestream","datePublished":"2022-03-03T10:14:37+00:00","dateModified":"2022-03-03T10:14:40+00:00","mainEntityOfPage":{"@id":"https:\/\/www.szenik.eu\/de\/das-stuttgarter-ballett-noverre-junge-choreographen-2022-im-livestream-48287"},"wordCount":341,"commentCount":0,"publisher":{"@id":"https:\/\/www.szenik.eu\/de\/#organization"},"keywords":["Stuttgarter Ballett"],"articleSection":["Kurz &amp; knackig","Magazin","TV \/ Streaming"],"inLanguage":"de","potentialAction":[{"@type":"CommentAction","name":"Comment","target":["https:\/\/www.szenik.eu\/de\/das-stuttgarter-ballett-noverre-junge-choreographen-2022-im-livestream-48287#respond"]}]},{"@type":"WebPage","@id":"https:\/\/www.szenik.eu\/de\/das-stuttgarter-ballett-noverre-junge-choreographen-2022-im-livestream-48287","url":"https:\/\/www.szenik.eu\/de\/das-stuttgarter-ballett-noverre-junge-choreographen-2022-im-livestream-48287","name":"Stuttgarter Ballett: Noverre: Junge Choreographen im Livestream I szenik","isPartOf":{"@id":"https:\/\/www.szenik.eu\/de\/#website"},"datePublished":"2022-03-03T10:14:37+00:00","dateModified":"2022-03-03T10:14:40+00:00","description":"Am 23. April 2022 sowie 24. April 2022 findet die Veranstaltung Noverre: Junge Choreographen im Schauspielhaus statt. Zus\u00e4tzlich ist ein Livestream geplant.","breadcrumb":{"@id":"https:\/\/www.szenik.eu\/de\/das-stuttgarter-ballett-noverre-junge-choreographen-2022-im-livestream-48287#breadcrumb"},"inLanguage":"de","potentialAction":[{"@type":"ReadAction","target":["https:\/\/www.szenik.eu\/de\/das-stuttgarter-ballett-noverre-junge-choreographen-2022-im-livestream-48287"]}]},{"@type":"BreadcrumbList","@id":"https:\/\/www.szenik.eu\/de\/das-stuttgarter-ballett-noverre-junge-choreographen-2022-im-livestream-48287#breadcrumb","itemListElement":[{"@type":"ListItem","position":1,"name":"Home","item":"https:\/\/www.szenik.eu\/de"},{"@type":"ListItem","position":2,"name":"Das Stuttgarter Ballett: Noverre: Junge Choreographen 2022 im Livestream"}]},{"@type":"WebSite","@id":"https:\/\/www.szenik.eu\/de\/#website","url":"https:\/\/www.szenik.eu\/de\/","name":"szenik","description":"Le Meilleur des sc\u00e8nes au coeur de l&#039;Europe","publisher":{"@id":"https:\/\/www.szenik.eu\/de\/#organization"},"potentialAction":[{"@type":"SearchAction","target":{"@type":"EntryPoint","urlTemplate":"https:\/\/www.szenik.eu\/de\/?s={search_term_string}"},"query-input":"required name=search_term_string"}],"inLanguage":"de"},{"@type":"Organization","@id":"https:\/\/www.szenik.eu\/de\/#organization","name":"Szenik","url":"https:\/\/www.szenik.eu\/de\/","logo":{"@type":"ImageObject","inLanguage":"de","@id":"https:\/\/www.szenik.eu\/de\/#\/schema\/logo\/image\/","url":"https:\/\/www.szenik.eu\/wp-content\/uploads\/2019\/07\/logo-square.png","contentUrl":"https:\/\/www.szenik.eu\/wp-content\/uploads\/2019\/07\/logo-square.png","width":512,"height":512,"caption":"Szenik"},"image":{"@id":"https:\/\/www.szenik.eu\/de\/#\/schema\/logo\/image\/"},"sameAs":["https:\/\/www.facebook.com\/szenik.eu\/","https:\/\/twitter.com\/Szenik","https:\/\/www.instagram.com\/szenik_magazine\/","https:\/\/www.youtube.com\/user\/SzenikEU\/"]},{"@type":"Person","@id":"https:\/\/www.szenik.eu\/de\/#\/schema\/person\/15f73f175b41bad194837490339d48fb","name":"szenik","image":{"@type":"ImageObject","inLanguage":"de","@id":"https:\/\/www.szenik.eu\/de\/#\/schema\/person\/image\/","url":"https:\/\/secure.gravatar.com\/avatar\/d1c4f19522a624a4eaa5e6c03e22370b?s=96&d=mm&r=g","contentUrl":"https:\/\/secure.gravatar.com\/avatar\/d1c4f19522a624a4eaa5e6c03e22370b?s=96&d=mm&r=g","caption":"szenik"}}]}},"jetpack_featured_media_url":"https:\/\/www.szenik.eu\/wp-content\/uploads\/2022\/03\/Ajna-1-scaled.jpg","amp_enabled":true,"_links":{"self":[{"href":"https:\/\/www.szenik.eu\/de\/wp-json\/\/wp\/v2\/posts\/48287"}],"collection":[{"href":"https:\/\/www.szenik.eu\/de\/wp-json\/\/wp\/v2\/posts"}],"about":[{"href":"https:\/\/www.szenik.eu\/de\/wp-json\/\/wp\/v2\/types\/post"}],"author":[{"embeddable":true,"href":"https:\/\/www.szenik.eu\/de\/wp-json\/\/wp\/v2\/users\/1"}],"replies":[{"embeddable":true,"href":"https:\/\/www.szenik.eu\/de\/wp-json\/\/wp\/v2\/comments?post=48287"}],"version-history":[{"count":1,"href":"https:\/\/www.szenik.eu\/de\/wp-json\/\/wp\/v2\/posts\/48287\/revisions"}],"predecessor-version":[{"id":48290,"href":"https:\/\/www.szenik.eu\/de\/wp-json\/\/wp\/v2\/posts\/48287\/revisions\/48290"}],"wp:featuredmedia":[{"embeddable":true,"href":"https:\/\/www.szenik.eu\/de\/wp-json\/\/wp\/v2\/media\/48288"}],"wp:attachment":[{"href":"https:\/\/www.szenik.eu\/de\/wp-json\/\/wp\/v2\/media?parent=48287"}],"wp:term":[{"taxonomy":"category","embeddable":true,"href":"https:\/\/www.szenik.eu\/de\/wp-json\/\/wp\/v2\/categories?post=48287"},{"taxonomy":"post_tag","embeddable":true,"href":"https:\/\/www.szenik.eu\/de\/wp-json\/\/wp\/v2\/tags?post=48287"}],"curies":[{"name":"wp","href":"https:\/\/api.w.org\/{rel}","templated":true}]}}