{"id":48176,"date":"2022-03-01T13:20:01","date_gmt":"2022-03-01T12:20:01","guid":{"rendered":"https:\/\/www.szenik.eu\/?p=48176\/"},"modified":"2022-03-01T13:20:11","modified_gmt":"2022-03-01T12:20:11","slug":"stellungnahme-des-opernhauses-zuerich-zum-angriff-auf-die-ukraine-und-zum-auftritt-von-anna-netrebko","status":"publish","type":"post","link":"https:\/\/www.szenik.eu\/de\/stellungnahme-des-opernhauses-zuerich-zum-angriff-auf-die-ukraine-und-zum-auftritt-von-anna-netrebko-48176","title":{"rendered":"Stellungnahme des Opernhauses Z\u00fcrich zum Angriff auf die Ukraine und zum Auftritt von Anna Netrebko"},"content":{"rendered":"\n<h2>In einer Pressemitteilung nimmt Intendant Andreas Homoki Stellung zum Angriff auf die Ukraine. <\/h2>\n\n\n\n<div style=\"height:100px\" aria-hidden=\"true\" class=\"wp-block-spacer\"><\/div>\n\n\n\n<p><em>Pressemitteilung<\/em><\/p>\n\n\n\n<div style=\"height:100px\" aria-hidden=\"true\" class=\"wp-block-spacer\"><\/div>\n\n\n\n<p>Am vergangenen Donnerstag hat Wladimir Putin die Ukraine milit\u00e4risch angegriffen. Diese v\u00f6lkerrechtswidrige und menschenverachtende Aggression verurteilen wir auf das Sch\u00e4rfste. Als Zeichen unserer Solidarit\u00e4t und unseres Protestes beleuchten wir die Fassade des Opernhauses seit Samstag jeden Abend in den Farben der Ukraine. S\u00e4ngerinnen und S\u00e4nger tragen die Nationalfahne beim Schluss-applaus nach Vorstellungen und wir stehen im Austausch mit unseren rund 40 Mitarbeitenden aus der Ukraine und aus Russland \u00fcber pers\u00f6nliche Auswirkungen auf sie und ihre Familien und \u00fcber weitere Aktionen und Aktivit\u00e4ten des Opernhauses.<\/p>\n\n\n\n<p>Bereits am Tag nach Putins Invasion wurden erste Forderungen laut, das Engagement mit der russischen Sopranistin Anna Netrebko f\u00fcr zwei Vorstellungen Ende M\u00e4rz per sofort gewissermassen als ein Zeichen an den Kreml zu k\u00fcndigen. Ein Auftritt von Anna Netrebko sollte nur stattfinden d\u00fcrfen, wenn sie sich unverz\u00fcglich von Russland und Putin distanzieren w\u00fcrde. Wir fanden insbesondere den zeitlichen Druck dieser Forderung nicht fair und haben der K\u00fcnstlerin ganz bewusst Raum gegeben die Situation zu reflektieren und eine eigene Position zu den Ereignissen zu finden und zu artikulieren. Auch r\u00fcckblickend sind wir der Auffassung, dass dieses Vorgehen richtig war und einem wertsch\u00e4tzenden Umgang mit K\u00fcnstlerinnen und K\u00fcnstlern des Hauses gerecht wird. Es ist mir ein Anliegen zu unterstreichen, dass dieses Vorgehen in keinerlei Zusammenhang mit zu erwartenden Eintrittseinnahmen steht.<\/p>\n\n\n\n<p>Am Samstagabend hat Anna Netrebko in einem Statement den Krieg in der Ukraine ausdr\u00fccklich verurteilt und den Menschen in der Kriegsregion ihr Mitgef\u00fchl ausgedr\u00fcckt. Wir bewerten dieses Statement der K\u00fcnstlerin positiv und nehmen zur Kenntnis, dass sie sich dar\u00fcber hinaus nicht von Wladimir Putin distanzieren&nbsp;konnte. Wir halten es grunds\u00e4tzlich nicht f\u00fcr angemessen, aus der Perspektive einer west-europ\u00e4ischen Demokratie, die Entscheidungen und Handlungen von B\u00fcrgerinnen und B\u00fcrgern repressiver Regime zu beurteilen.<\/p>\n\n\n\n<p>Gleichzeitig m\u00fcssen wir feststellen, dass unsere entschiedene Verurteilung von Wladimir Putin und seinem Handeln einerseits und Anna Netrebkos \u00f6ffentliche Position dazu andererseits nicht kompatibel sind. Auch die K\u00fcnstlerin ist zu dem Schluss gekommen, dass sie die Vorstellungen in Z\u00fcrich vor dem Hintergrund der aktuellen Lage nicht singen m\u00f6chte: \u00abThis is not a time for me to make music and perform. I have therefore decided to take a step back from performing for the time being. It is an extremely difficult decision for me, but I know that my audience will understand and respect this decision.\u00bb<\/p>\n\n\n\n<p>Die Rolle der Lady Macbeth in den Vorstellungen am 26. und 29. M\u00e4rz wird von Veronika Dzhioeva \u00fcbernommen. Besucherinnen und Besucher dieser Vorstellungen werden direkt kontaktiert. Die Differenz zwischen E-Preisen und Gala-Preisen wird erstattet.<\/p>\n\n\n\n<div style=\"height:100px\" aria-hidden=\"true\" class=\"wp-block-spacer\"><\/div>\n\n\n\n<div class=\"wp-block-button aligncenter\"><a class=\"wp-block-button__link has-text-color has-very-dark-gray-color has-background has-luminous-vivid-amber-background-color\" href=\"https:\/\/www.opernhaus.ch\" target=\"_blank\" rel=\"noreferrer noopener\">Weitere Informationen<\/a><\/div>\n\n\n\n<div style=\"height:100px\" aria-hidden=\"true\" class=\"wp-block-spacer\"><\/div>\n\n\n\n<p class=\"has-small-font-size\">Foto: F. Blaser<\/p>\n\n\n\n<div style=\"height:100px\" aria-hidden=\"true\" class=\"wp-block-spacer\"><\/div>\n","protected":false},"excerpt":{"rendered":"<p>In einer Pressemitteilung nimmt Intendant Andreas Homoki Stellung zum Angriff auf die Ukraine. Pressemitteilung Am vergangenen Donnerstag hat Wladimir Putin die Ukraine milit\u00e4risch angegriffen. Diese v\u00f6lkerrechtswidrige und menschenverachtende Aggression verurteilen wir auf das Sch\u00e4rfste. Als Zeichen unserer Solidarit\u00e4t und unseres Protestes beleuchten wir die Fassade des Opernhauses seit Samstag jeden Abend in den Farben der [&hellip;]<\/p>\n","protected":false},"author":1,"featured_media":48177,"comment_status":"open","ping_status":"open","sticky":false,"template":"","format":"standard","meta":{"_monsterinsights_skip_tracking":false,"_monsterinsights_sitenote_active":false,"_monsterinsights_sitenote_note":"","_monsterinsights_sitenote_category":0},"categories":[2815,53],"tags":[9782,10771,2855],"yoast_head":"<!-- This site is optimized with the Yoast SEO plugin v20.5 - https:\/\/yoast.com\/wordpress\/plugins\/seo\/ -->\n<title>Stellungnahme des Opernhauses Z\u00fcrich zum Angriff auf Ukraine I szenik<\/title>\n<meta name=\"description\" content=\"&quot;Am Donnerstag hat Wladimir Putin die Ukraine angegriffen. Diese v\u00f6lkerrechtswidrige und menschenverachtende Aggression verurteilen wir auf das Sch\u00e4rfste.&quot;\" \/>\n<meta name=\"robots\" content=\"index, follow, max-snippet:-1, max-image-preview:large, max-video-preview:-1\" \/>\n<link rel=\"canonical\" href=\"https:\/\/www.szenik.eu\/de\/stellungnahme-des-opernhauses-zuerich-zum-angriff-auf-die-ukraine-und-zum-auftritt-von-anna-netrebko-48176\" \/>\n<meta property=\"og:locale\" content=\"de_DE\" \/>\n<meta property=\"og:type\" content=\"article\" \/>\n<meta property=\"og:title\" content=\"Stellungnahme des Opernhauses Z\u00fcrich zum Angriff auf Ukraine I szenik\" \/>\n<meta property=\"og:description\" content=\"&quot;Am Donnerstag hat Wladimir Putin die Ukraine angegriffen. Diese v\u00f6lkerrechtswidrige und menschenverachtende Aggression verurteilen wir auf das Sch\u00e4rfste.&quot;\" \/>\n<meta property=\"og:url\" content=\"https:\/\/www.szenik.eu\/de\/stellungnahme-des-opernhauses-zuerich-zum-angriff-auf-die-ukraine-und-zum-auftritt-von-anna-netrebko-48176\" \/>\n<meta property=\"og:site_name\" content=\"szenik\" \/>\n<meta property=\"article:publisher\" content=\"https:\/\/www.facebook.com\/szenik.eu\/\" \/>\n<meta property=\"article:published_time\" content=\"2022-03-01T12:20:01+00:00\" \/>\n<meta property=\"article:modified_time\" content=\"2022-03-01T12:20:11+00:00\" \/>\n<meta property=\"og:image\" content=\"https:\/\/www.szenik.eu\/wp-content\/uploads\/2022\/03\/Capture-d\u2019\u00e9cran-2021-04-21-\u00e0-10.23.00-978x570-1.png\" \/>\n\t<meta property=\"og:image:width\" content=\"978\" \/>\n\t<meta property=\"og:image:height\" content=\"570\" \/>\n\t<meta property=\"og:image:type\" content=\"image\/png\" \/>\n<meta name=\"author\" content=\"szenik\" \/>\n<meta name=\"twitter:card\" content=\"summary_large_image\" \/>\n<meta name=\"twitter:creator\" content=\"@Szenik\" \/>\n<meta name=\"twitter:site\" content=\"@Szenik\" \/>\n<meta name=\"twitter:label1\" content=\"Verfasst von\" \/>\n\t<meta name=\"twitter:data1\" content=\"szenik\" \/>\n\t<meta name=\"twitter:label2\" content=\"Gesch\u00e4tzte Lesezeit\" \/>\n\t<meta name=\"twitter:data2\" content=\"2\u00a0Minuten\" \/>\n<script type=\"application\/ld+json\" class=\"yoast-schema-graph\">{\"@context\":\"https:\/\/schema.org\",\"@graph\":[{\"@type\":\"Article\",\"@id\":\"https:\/\/www.szenik.eu\/de\/stellungnahme-des-opernhauses-zuerich-zum-angriff-auf-die-ukraine-und-zum-auftritt-von-anna-netrebko-48176#article\",\"isPartOf\":{\"@id\":\"https:\/\/www.szenik.eu\/de\/stellungnahme-des-opernhauses-zuerich-zum-angriff-auf-die-ukraine-und-zum-auftritt-von-anna-netrebko-48176\"},\"author\":{\"name\":\"szenik\",\"@id\":\"https:\/\/www.szenik.eu\/de\/#\/schema\/person\/15f73f175b41bad194837490339d48fb\"},\"headline\":\"Stellungnahme des Opernhauses Z\u00fcrich zum Angriff auf die Ukraine und zum Auftritt von Anna Netrebko\",\"datePublished\":\"2022-03-01T12:20:01+00:00\",\"dateModified\":\"2022-03-01T12:20:11+00:00\",\"mainEntityOfPage\":{\"@id\":\"https:\/\/www.szenik.eu\/de\/stellungnahme-des-opernhauses-zuerich-zum-angriff-auf-die-ukraine-und-zum-auftritt-von-anna-netrebko-48176\"},\"wordCount\":479,\"commentCount\":0,\"publisher\":{\"@id\":\"https:\/\/www.szenik.eu\/de\/#organization\"},\"keywords\":[\"Andreas Homoki\",\"Anna Netrebko\",\"Opernhaus Z\u00fcrich\"],\"articleSection\":[\"Kurz &amp; knackig\",\"Magazin\"],\"inLanguage\":\"de\",\"potentialAction\":[{\"@type\":\"CommentAction\",\"name\":\"Comment\",\"target\":[\"https:\/\/www.szenik.eu\/de\/stellungnahme-des-opernhauses-zuerich-zum-angriff-auf-die-ukraine-und-zum-auftritt-von-anna-netrebko-48176#respond\"]}]},{\"@type\":\"WebPage\",\"@id\":\"https:\/\/www.szenik.eu\/de\/stellungnahme-des-opernhauses-zuerich-zum-angriff-auf-die-ukraine-und-zum-auftritt-von-anna-netrebko-48176\",\"url\":\"https:\/\/www.szenik.eu\/de\/stellungnahme-des-opernhauses-zuerich-zum-angriff-auf-die-ukraine-und-zum-auftritt-von-anna-netrebko-48176\",\"name\":\"Stellungnahme des Opernhauses Z\u00fcrich zum Angriff auf Ukraine I szenik\",\"isPartOf\":{\"@id\":\"https:\/\/www.szenik.eu\/de\/#website\"},\"datePublished\":\"2022-03-01T12:20:01+00:00\",\"dateModified\":\"2022-03-01T12:20:11+00:00\",\"description\":\"\\\"Am Donnerstag hat Wladimir Putin die Ukraine angegriffen. Diese v\u00f6lkerrechtswidrige und menschenverachtende Aggression verurteilen wir auf das Sch\u00e4rfste.\\\"\",\"breadcrumb\":{\"@id\":\"https:\/\/www.szenik.eu\/de\/stellungnahme-des-opernhauses-zuerich-zum-angriff-auf-die-ukraine-und-zum-auftritt-von-anna-netrebko-48176#breadcrumb\"},\"inLanguage\":\"de\",\"potentialAction\":[{\"@type\":\"ReadAction\",\"target\":[\"https:\/\/www.szenik.eu\/de\/stellungnahme-des-opernhauses-zuerich-zum-angriff-auf-die-ukraine-und-zum-auftritt-von-anna-netrebko-48176\"]}]},{\"@type\":\"BreadcrumbList\",\"@id\":\"https:\/\/www.szenik.eu\/de\/stellungnahme-des-opernhauses-zuerich-zum-angriff-auf-die-ukraine-und-zum-auftritt-von-anna-netrebko-48176#breadcrumb\",\"itemListElement\":[{\"@type\":\"ListItem\",\"position\":1,\"name\":\"Home\",\"item\":\"https:\/\/www.szenik.eu\/de\"},{\"@type\":\"ListItem\",\"position\":2,\"name\":\"Stellungnahme des Opernhauses Z\u00fcrich zum Angriff auf die Ukraine und zum Auftritt von Anna Netrebko\"}]},{\"@type\":\"WebSite\",\"@id\":\"https:\/\/www.szenik.eu\/de\/#website\",\"url\":\"https:\/\/www.szenik.eu\/de\/\",\"name\":\"szenik\",\"description\":\"Le Meilleur des sc\u00e8nes au coeur de l&#039;Europe\",\"publisher\":{\"@id\":\"https:\/\/www.szenik.eu\/de\/#organization\"},\"potentialAction\":[{\"@type\":\"SearchAction\",\"target\":{\"@type\":\"EntryPoint\",\"urlTemplate\":\"https:\/\/www.szenik.eu\/de\/?s={search_term_string}\"},\"query-input\":\"required name=search_term_string\"}],\"inLanguage\":\"de\"},{\"@type\":\"Organization\",\"@id\":\"https:\/\/www.szenik.eu\/de\/#organization\",\"name\":\"Szenik\",\"url\":\"https:\/\/www.szenik.eu\/de\/\",\"logo\":{\"@type\":\"ImageObject\",\"inLanguage\":\"de\",\"@id\":\"https:\/\/www.szenik.eu\/de\/#\/schema\/logo\/image\/\",\"url\":\"https:\/\/www.szenik.eu\/wp-content\/uploads\/2019\/07\/logo-square.png\",\"contentUrl\":\"https:\/\/www.szenik.eu\/wp-content\/uploads\/2019\/07\/logo-square.png\",\"width\":512,\"height\":512,\"caption\":\"Szenik\"},\"image\":{\"@id\":\"https:\/\/www.szenik.eu\/de\/#\/schema\/logo\/image\/\"},\"sameAs\":[\"https:\/\/www.facebook.com\/szenik.eu\/\",\"https:\/\/twitter.com\/Szenik\",\"https:\/\/www.instagram.com\/szenik_magazine\/\",\"https:\/\/www.youtube.com\/user\/SzenikEU\/\"]},{\"@type\":\"Person\",\"@id\":\"https:\/\/www.szenik.eu\/de\/#\/schema\/person\/15f73f175b41bad194837490339d48fb\",\"name\":\"szenik\",\"image\":{\"@type\":\"ImageObject\",\"inLanguage\":\"de\",\"@id\":\"https:\/\/www.szenik.eu\/de\/#\/schema\/person\/image\/\",\"url\":\"https:\/\/secure.gravatar.com\/avatar\/d1c4f19522a624a4eaa5e6c03e22370b?s=96&d=mm&r=g\",\"contentUrl\":\"https:\/\/secure.gravatar.com\/avatar\/d1c4f19522a624a4eaa5e6c03e22370b?s=96&d=mm&r=g\",\"caption\":\"szenik\"}}]}<\/script>\n<!-- \/ Yoast SEO plugin. -->","yoast_head_json":{"title":"Stellungnahme des Opernhauses Z\u00fcrich zum Angriff auf Ukraine I szenik","description":"\"Am Donnerstag hat Wladimir Putin die Ukraine angegriffen. Diese v\u00f6lkerrechtswidrige und menschenverachtende Aggression verurteilen wir auf das Sch\u00e4rfste.\"","robots":{"index":"index","follow":"follow","max-snippet":"max-snippet:-1","max-image-preview":"max-image-preview:large","max-video-preview":"max-video-preview:-1"},"canonical":"https:\/\/www.szenik.eu\/de\/stellungnahme-des-opernhauses-zuerich-zum-angriff-auf-die-ukraine-und-zum-auftritt-von-anna-netrebko-48176","og_locale":"de_DE","og_type":"article","og_title":"Stellungnahme des Opernhauses Z\u00fcrich zum Angriff auf Ukraine I szenik","og_description":"\"Am Donnerstag hat Wladimir Putin die Ukraine angegriffen. Diese v\u00f6lkerrechtswidrige und menschenverachtende Aggression verurteilen wir auf das Sch\u00e4rfste.\"","og_url":"https:\/\/www.szenik.eu\/de\/stellungnahme-des-opernhauses-zuerich-zum-angriff-auf-die-ukraine-und-zum-auftritt-von-anna-netrebko-48176","og_site_name":"szenik","article_publisher":"https:\/\/www.facebook.com\/szenik.eu\/","article_published_time":"2022-03-01T12:20:01+00:00","article_modified_time":"2022-03-01T12:20:11+00:00","og_image":[{"width":978,"height":570,"url":"https:\/\/www.szenik.eu\/wp-content\/uploads\/2022\/03\/Capture-d\u2019\u00e9cran-2021-04-21-\u00e0-10.23.00-978x570-1.png","type":"image\/png"}],"author":"szenik","twitter_card":"summary_large_image","twitter_creator":"@Szenik","twitter_site":"@Szenik","twitter_misc":{"Verfasst von":"szenik","Gesch\u00e4tzte Lesezeit":"2\u00a0Minuten"},"schema":{"@context":"https:\/\/schema.org","@graph":[{"@type":"Article","@id":"https:\/\/www.szenik.eu\/de\/stellungnahme-des-opernhauses-zuerich-zum-angriff-auf-die-ukraine-und-zum-auftritt-von-anna-netrebko-48176#article","isPartOf":{"@id":"https:\/\/www.szenik.eu\/de\/stellungnahme-des-opernhauses-zuerich-zum-angriff-auf-die-ukraine-und-zum-auftritt-von-anna-netrebko-48176"},"author":{"name":"szenik","@id":"https:\/\/www.szenik.eu\/de\/#\/schema\/person\/15f73f175b41bad194837490339d48fb"},"headline":"Stellungnahme des Opernhauses Z\u00fcrich zum Angriff auf die Ukraine und zum Auftritt von Anna Netrebko","datePublished":"2022-03-01T12:20:01+00:00","dateModified":"2022-03-01T12:20:11+00:00","mainEntityOfPage":{"@id":"https:\/\/www.szenik.eu\/de\/stellungnahme-des-opernhauses-zuerich-zum-angriff-auf-die-ukraine-und-zum-auftritt-von-anna-netrebko-48176"},"wordCount":479,"commentCount":0,"publisher":{"@id":"https:\/\/www.szenik.eu\/de\/#organization"},"keywords":["Andreas Homoki","Anna Netrebko","Opernhaus Z\u00fcrich"],"articleSection":["Kurz &amp; knackig","Magazin"],"inLanguage":"de","potentialAction":[{"@type":"CommentAction","name":"Comment","target":["https:\/\/www.szenik.eu\/de\/stellungnahme-des-opernhauses-zuerich-zum-angriff-auf-die-ukraine-und-zum-auftritt-von-anna-netrebko-48176#respond"]}]},{"@type":"WebPage","@id":"https:\/\/www.szenik.eu\/de\/stellungnahme-des-opernhauses-zuerich-zum-angriff-auf-die-ukraine-und-zum-auftritt-von-anna-netrebko-48176","url":"https:\/\/www.szenik.eu\/de\/stellungnahme-des-opernhauses-zuerich-zum-angriff-auf-die-ukraine-und-zum-auftritt-von-anna-netrebko-48176","name":"Stellungnahme des Opernhauses Z\u00fcrich zum Angriff auf Ukraine I szenik","isPartOf":{"@id":"https:\/\/www.szenik.eu\/de\/#website"},"datePublished":"2022-03-01T12:20:01+00:00","dateModified":"2022-03-01T12:20:11+00:00","description":"\"Am Donnerstag hat Wladimir Putin die Ukraine angegriffen. Diese v\u00f6lkerrechtswidrige und menschenverachtende Aggression verurteilen wir auf das Sch\u00e4rfste.\"","breadcrumb":{"@id":"https:\/\/www.szenik.eu\/de\/stellungnahme-des-opernhauses-zuerich-zum-angriff-auf-die-ukraine-und-zum-auftritt-von-anna-netrebko-48176#breadcrumb"},"inLanguage":"de","potentialAction":[{"@type":"ReadAction","target":["https:\/\/www.szenik.eu\/de\/stellungnahme-des-opernhauses-zuerich-zum-angriff-auf-die-ukraine-und-zum-auftritt-von-anna-netrebko-48176"]}]},{"@type":"BreadcrumbList","@id":"https:\/\/www.szenik.eu\/de\/stellungnahme-des-opernhauses-zuerich-zum-angriff-auf-die-ukraine-und-zum-auftritt-von-anna-netrebko-48176#breadcrumb","itemListElement":[{"@type":"ListItem","position":1,"name":"Home","item":"https:\/\/www.szenik.eu\/de"},{"@type":"ListItem","position":2,"name":"Stellungnahme des Opernhauses Z\u00fcrich zum Angriff auf die Ukraine und zum Auftritt von Anna Netrebko"}]},{"@type":"WebSite","@id":"https:\/\/www.szenik.eu\/de\/#website","url":"https:\/\/www.szenik.eu\/de\/","name":"szenik","description":"Le Meilleur des sc\u00e8nes au coeur de l&#039;Europe","publisher":{"@id":"https:\/\/www.szenik.eu\/de\/#organization"},"potentialAction":[{"@type":"SearchAction","target":{"@type":"EntryPoint","urlTemplate":"https:\/\/www.szenik.eu\/de\/?s={search_term_string}"},"query-input":"required name=search_term_string"}],"inLanguage":"de"},{"@type":"Organization","@id":"https:\/\/www.szenik.eu\/de\/#organization","name":"Szenik","url":"https:\/\/www.szenik.eu\/de\/","logo":{"@type":"ImageObject","inLanguage":"de","@id":"https:\/\/www.szenik.eu\/de\/#\/schema\/logo\/image\/","url":"https:\/\/www.szenik.eu\/wp-content\/uploads\/2019\/07\/logo-square.png","contentUrl":"https:\/\/www.szenik.eu\/wp-content\/uploads\/2019\/07\/logo-square.png","width":512,"height":512,"caption":"Szenik"},"image":{"@id":"https:\/\/www.szenik.eu\/de\/#\/schema\/logo\/image\/"},"sameAs":["https:\/\/www.facebook.com\/szenik.eu\/","https:\/\/twitter.com\/Szenik","https:\/\/www.instagram.com\/szenik_magazine\/","https:\/\/www.youtube.com\/user\/SzenikEU\/"]},{"@type":"Person","@id":"https:\/\/www.szenik.eu\/de\/#\/schema\/person\/15f73f175b41bad194837490339d48fb","name":"szenik","image":{"@type":"ImageObject","inLanguage":"de","@id":"https:\/\/www.szenik.eu\/de\/#\/schema\/person\/image\/","url":"https:\/\/secure.gravatar.com\/avatar\/d1c4f19522a624a4eaa5e6c03e22370b?s=96&d=mm&r=g","contentUrl":"https:\/\/secure.gravatar.com\/avatar\/d1c4f19522a624a4eaa5e6c03e22370b?s=96&d=mm&r=g","caption":"szenik"}}]}},"jetpack_featured_media_url":"https:\/\/www.szenik.eu\/wp-content\/uploads\/2022\/03\/Capture-d\u2019\u00e9cran-2021-04-21-\u00e0-10.23.00-978x570-1.png","amp_enabled":true,"_links":{"self":[{"href":"https:\/\/www.szenik.eu\/de\/wp-json\/\/wp\/v2\/posts\/48176"}],"collection":[{"href":"https:\/\/www.szenik.eu\/de\/wp-json\/\/wp\/v2\/posts"}],"about":[{"href":"https:\/\/www.szenik.eu\/de\/wp-json\/\/wp\/v2\/types\/post"}],"author":[{"embeddable":true,"href":"https:\/\/www.szenik.eu\/de\/wp-json\/\/wp\/v2\/users\/1"}],"replies":[{"embeddable":true,"href":"https:\/\/www.szenik.eu\/de\/wp-json\/\/wp\/v2\/comments?post=48176"}],"version-history":[{"count":2,"href":"https:\/\/www.szenik.eu\/de\/wp-json\/\/wp\/v2\/posts\/48176\/revisions"}],"predecessor-version":[{"id":48180,"href":"https:\/\/www.szenik.eu\/de\/wp-json\/\/wp\/v2\/posts\/48176\/revisions\/48180"}],"wp:featuredmedia":[{"embeddable":true,"href":"https:\/\/www.szenik.eu\/de\/wp-json\/\/wp\/v2\/media\/48177"}],"wp:attachment":[{"href":"https:\/\/www.szenik.eu\/de\/wp-json\/\/wp\/v2\/media?parent=48176"}],"wp:term":[{"taxonomy":"category","embeddable":true,"href":"https:\/\/www.szenik.eu\/de\/wp-json\/\/wp\/v2\/categories?post=48176"},{"taxonomy":"post_tag","embeddable":true,"href":"https:\/\/www.szenik.eu\/de\/wp-json\/\/wp\/v2\/tags?post=48176"}],"curies":[{"name":"wp","href":"https:\/\/api.w.org\/{rel}","templated":true}]}}