{"id":48172,"date":"2022-03-01T12:24:41","date_gmt":"2022-03-01T11:24:41","guid":{"rendered":"https:\/\/www.szenik.eu\/?p=48172\/"},"modified":"2022-03-01T12:24:47","modified_gmt":"2022-03-01T11:24:47","slug":"festspielhaus-baden-baden-stellt-zusammenarbeit-mit-valery-gergiev-ein","status":"publish","type":"post","link":"https:\/\/www.szenik.eu\/de\/festspielhaus-baden-baden-stellt-zusammenarbeit-mit-valery-gergiev-ein-48172","title":{"rendered":"Festspielhaus Baden-Baden stellt Zusammenarbeit mit Valery Gergiev ein"},"content":{"rendered":"\n<h2>Das Festspielhaus Baden-Baden stellt die Zusammenarbeit mit dem Intendanten und Chefdirigenten des Mariinsky Theaters, Valery Gergiev, bis auf weiteres ein. So lautet eine vom Stiftungsvorstand der Kulturstiftung Festspielhaus Baden-Baden und der Intendanz gemeinsam getroffene Entscheidung.<\/h2>\n\n\n\n<div style=\"height:100px\" aria-hidden=\"true\" class=\"wp-block-spacer\"><\/div>\n\n\n\n<p><em>Pressemitteilung<\/em><\/p>\n\n\n\n<div style=\"height:100px\" aria-hidden=\"true\" class=\"wp-block-spacer\"><\/div>\n\n\n\n<p>\u201e<em>Die mangelnde Distanz von Herrn Gergiev zum aktuellen menschenverachtenden Vorgehen des russischen Pr\u00e4sidenten hat f\u00fcr uns den Ausschlag gegeben. Wir vertreten offensichtlich nicht mehr die gleichen Werte<\/em>\u201c, sagte Intendant Benedikt Stampa. \u201e<em>Es schmerzt uns sehr, dies mitteilen zu m\u00fcssen<\/em>\u201c, so der Intendant, der dem Dirigenten die Gelegenheit gab, sich zu \u00e4u\u00dfern. Darauf erfolgte keine Reaktion.<br>24 Jahre lang war Valery Gergiev regelm\u00e4\u00dfiger k\u00fcnstlerischer Gast mit dem Mariinsky Theater, dessen Intendant und Chefdirigent er ist. 1998 war er als Dirigent des Er\u00f6ffnungskonzerts des Festspielhauses f\u00fcr den kurz zuvor verstorbenen Sir Georg Solti eingesprungen. In Baden-Baden hat Gergiev zahlreiche Opern und Konzerte dirigiert, darunter den ersten \u201eRussischen Ring\u201c (Richard Wagner: \u201eDer Ring des Nibelungen\u201c) seit vielen Jahrzehnten in den Jahren 2003\/2004.<\/p>\n\n\n\n<div style=\"height:20px\" aria-hidden=\"true\" class=\"wp-block-spacer\"><\/div>\n\n\n\n<h4><strong>Intendant sucht das Gespr\u00e4ch mit Anna Netrebko<\/strong><\/h4>\n\n\n\n<div style=\"height:20px\" aria-hidden=\"true\" class=\"wp-block-spacer\"><\/div>\n\n\n\n<p>Vor dem f\u00fcr den 13. April 2022 geplanten Konzert der Berliner Philharmoniker mit der russischen Sopranistin Anna Netrebko soll ebenfalls ein Gespr\u00e4ch mit der Solistin stattfinden, in dessen Verlauf sie die Gelegenheit erh\u00e4lt, Fragen zu beantworten. Benedikt Stampa: \u201e<em>Wir wissen um die Gefahr, in der sich viele Personen des \u00f6ffentlichen russischen Lebens gerade befinden, und behalten uns alle Optionen vor.<\/em>\u201c<\/p>\n\n\n\n<div style=\"height:20px\" aria-hidden=\"true\" class=\"wp-block-spacer\"><\/div>\n\n\n\n<h4><strong>Br\u00fccken nach Russland bauen<\/strong><\/h4>\n\n\n\n<div style=\"height:20px\" aria-hidden=\"true\" class=\"wp-block-spacer\"><\/div>\n\n\n\n<p>Der Festspielhaus-Intendant betonte, dass er der russischen Musik und russischen K\u00fcnstlerinnen und K\u00fcnstlern in Baden-Baden weiterhin ein internationales Podium bieten wolle. \u201e<em>Wir feiern im Rahmen der Osterfestspiele 2022 die Komponisten Peter Tschaikowsky und Igor Strawinsky. Damit \u00fcbernehmen wir und alle ausf\u00fchrenden K\u00fcnstlerinnen und K\u00fcnstler Verantwortung f\u00fcr das friedliche kulturelle Miteinander in West- und Osteuropa<\/em>.\u201c<\/p>\n\n\n\n<div style=\"height:100px\" aria-hidden=\"true\" class=\"wp-block-spacer\"><\/div>\n\n\n\n<div class=\"wp-block-button aligncenter\"><a class=\"wp-block-button__link has-text-color has-very-dark-gray-color has-background has-luminous-vivid-amber-background-color\" href=\"https:\/\/www.festspielhaus.de\" target=\"_blank\" rel=\"noreferrer noopener\">Zur Webseite des Festspielhauses Baden-Baden<\/a><\/div>\n\n\n\n<div style=\"height:100px\" aria-hidden=\"true\" class=\"wp-block-spacer\"><\/div>\n\n\n\n<p class=\"has-small-font-size\">Foto: Christian Grund<\/p>\n\n\n\n<div style=\"height:100px\" aria-hidden=\"true\" class=\"wp-block-spacer\"><\/div>\n","protected":false},"excerpt":{"rendered":"<p>Das Festspielhaus Baden-Baden stellt die Zusammenarbeit mit dem Intendanten und Chefdirigenten des Mariinsky Theaters, Valery Gergiev, bis auf weiteres ein. So lautet eine vom Stiftungsvorstand der Kulturstiftung Festspielhaus Baden-Baden und der Intendanz gemeinsam getroffene Entscheidung. Pressemitteilung \u201eDie mangelnde Distanz von Herrn Gergiev zum aktuellen menschenverachtenden Vorgehen des russischen Pr\u00e4sidenten hat f\u00fcr uns den Ausschlag gegeben. [&hellip;]<\/p>\n","protected":false},"author":1,"featured_media":48173,"comment_status":"open","ping_status":"open","sticky":false,"template":"","format":"standard","meta":{"_monsterinsights_skip_tracking":false,"_monsterinsights_sitenote_active":false,"_monsterinsights_sitenote_note":"","_monsterinsights_sitenote_category":0},"categories":[2815,53],"tags":[10771,6560,10520],"yoast_head":"<!-- This site is optimized with the Yoast SEO plugin v20.5 - https:\/\/yoast.com\/wordpress\/plugins\/seo\/ -->\n<title>Festspielhaus Baden-Baden stellt Arbeit mit Valery Gergiev ein I szenik<\/title>\n<meta name=\"description\" content=\"Das Festspielhaus Baden-Baden stellt die Zusammenarbeit mit dem Intendanten und Chefdirigenten des Mariinsky Theaters, Valery Gergiev, bis auf weiteres ein.\" \/>\n<meta name=\"robots\" content=\"index, follow, max-snippet:-1, max-image-preview:large, max-video-preview:-1\" \/>\n<link rel=\"canonical\" href=\"https:\/\/www.szenik.eu\/de\/festspielhaus-baden-baden-stellt-zusammenarbeit-mit-valery-gergiev-ein-48172\" \/>\n<meta property=\"og:locale\" content=\"de_DE\" \/>\n<meta property=\"og:type\" content=\"article\" \/>\n<meta property=\"og:title\" content=\"Festspielhaus Baden-Baden stellt Arbeit mit Valery Gergiev ein I szenik\" \/>\n<meta property=\"og:description\" content=\"Das Festspielhaus Baden-Baden stellt die Zusammenarbeit mit dem Intendanten und Chefdirigenten des Mariinsky Theaters, Valery Gergiev, bis auf weiteres ein.\" \/>\n<meta property=\"og:url\" content=\"https:\/\/www.szenik.eu\/de\/festspielhaus-baden-baden-stellt-zusammenarbeit-mit-valery-gergiev-ein-48172\" \/>\n<meta property=\"og:site_name\" content=\"szenik\" \/>\n<meta property=\"article:publisher\" content=\"https:\/\/www.facebook.com\/szenik.eu\/\" \/>\n<meta property=\"article:published_time\" content=\"2022-03-01T11:24:41+00:00\" \/>\n<meta property=\"article:modified_time\" content=\"2022-03-01T11:24:47+00:00\" \/>\n<meta property=\"og:image\" content=\"https:\/\/www.szenik.eu\/wp-content\/uploads\/2022\/03\/FestspielhausBaden-BadencChristianGrund-3-1024x683-1-1024x570-1.jpg\" \/>\n\t<meta property=\"og:image:width\" content=\"1024\" \/>\n\t<meta property=\"og:image:height\" content=\"570\" \/>\n\t<meta property=\"og:image:type\" content=\"image\/jpeg\" \/>\n<meta name=\"author\" content=\"szenik\" \/>\n<meta name=\"twitter:card\" content=\"summary_large_image\" \/>\n<meta name=\"twitter:creator\" content=\"@Szenik\" \/>\n<meta name=\"twitter:site\" content=\"@Szenik\" \/>\n<meta name=\"twitter:label1\" content=\"Verfasst von\" \/>\n\t<meta name=\"twitter:data1\" content=\"szenik\" \/>\n\t<meta name=\"twitter:label2\" content=\"Gesch\u00e4tzte Lesezeit\" \/>\n\t<meta name=\"twitter:data2\" content=\"2\u00a0Minuten\" \/>\n<script type=\"application\/ld+json\" class=\"yoast-schema-graph\">{\"@context\":\"https:\/\/schema.org\",\"@graph\":[{\"@type\":\"Article\",\"@id\":\"https:\/\/www.szenik.eu\/de\/festspielhaus-baden-baden-stellt-zusammenarbeit-mit-valery-gergiev-ein-48172#article\",\"isPartOf\":{\"@id\":\"https:\/\/www.szenik.eu\/de\/festspielhaus-baden-baden-stellt-zusammenarbeit-mit-valery-gergiev-ein-48172\"},\"author\":{\"name\":\"szenik\",\"@id\":\"https:\/\/www.szenik.eu\/de\/#\/schema\/person\/15f73f175b41bad194837490339d48fb\"},\"headline\":\"Festspielhaus Baden-Baden stellt Zusammenarbeit mit Valery Gergiev ein\",\"datePublished\":\"2022-03-01T11:24:41+00:00\",\"dateModified\":\"2022-03-01T11:24:47+00:00\",\"mainEntityOfPage\":{\"@id\":\"https:\/\/www.szenik.eu\/de\/festspielhaus-baden-baden-stellt-zusammenarbeit-mit-valery-gergiev-ein-48172\"},\"wordCount\":309,\"commentCount\":0,\"publisher\":{\"@id\":\"https:\/\/www.szenik.eu\/de\/#organization\"},\"keywords\":[\"Anna Netrebko\",\"Festspielhaus Baden-Baden\",\"Valery Gergiev\"],\"articleSection\":[\"Kurz &amp; knackig\",\"Magazin\"],\"inLanguage\":\"de\",\"potentialAction\":[{\"@type\":\"CommentAction\",\"name\":\"Comment\",\"target\":[\"https:\/\/www.szenik.eu\/de\/festspielhaus-baden-baden-stellt-zusammenarbeit-mit-valery-gergiev-ein-48172#respond\"]}]},{\"@type\":\"WebPage\",\"@id\":\"https:\/\/www.szenik.eu\/de\/festspielhaus-baden-baden-stellt-zusammenarbeit-mit-valery-gergiev-ein-48172\",\"url\":\"https:\/\/www.szenik.eu\/de\/festspielhaus-baden-baden-stellt-zusammenarbeit-mit-valery-gergiev-ein-48172\",\"name\":\"Festspielhaus Baden-Baden stellt Arbeit mit Valery Gergiev ein I szenik\",\"isPartOf\":{\"@id\":\"https:\/\/www.szenik.eu\/de\/#website\"},\"datePublished\":\"2022-03-01T11:24:41+00:00\",\"dateModified\":\"2022-03-01T11:24:47+00:00\",\"description\":\"Das Festspielhaus Baden-Baden stellt die Zusammenarbeit mit dem Intendanten und Chefdirigenten des Mariinsky Theaters, Valery Gergiev, bis auf weiteres ein.\",\"breadcrumb\":{\"@id\":\"https:\/\/www.szenik.eu\/de\/festspielhaus-baden-baden-stellt-zusammenarbeit-mit-valery-gergiev-ein-48172#breadcrumb\"},\"inLanguage\":\"de\",\"potentialAction\":[{\"@type\":\"ReadAction\",\"target\":[\"https:\/\/www.szenik.eu\/de\/festspielhaus-baden-baden-stellt-zusammenarbeit-mit-valery-gergiev-ein-48172\"]}]},{\"@type\":\"BreadcrumbList\",\"@id\":\"https:\/\/www.szenik.eu\/de\/festspielhaus-baden-baden-stellt-zusammenarbeit-mit-valery-gergiev-ein-48172#breadcrumb\",\"itemListElement\":[{\"@type\":\"ListItem\",\"position\":1,\"name\":\"Home\",\"item\":\"https:\/\/www.szenik.eu\/de\"},{\"@type\":\"ListItem\",\"position\":2,\"name\":\"Festspielhaus Baden-Baden stellt Zusammenarbeit mit Valery Gergiev ein\"}]},{\"@type\":\"WebSite\",\"@id\":\"https:\/\/www.szenik.eu\/de\/#website\",\"url\":\"https:\/\/www.szenik.eu\/de\/\",\"name\":\"szenik\",\"description\":\"Le Meilleur des sc\u00e8nes au coeur de l&#039;Europe\",\"publisher\":{\"@id\":\"https:\/\/www.szenik.eu\/de\/#organization\"},\"potentialAction\":[{\"@type\":\"SearchAction\",\"target\":{\"@type\":\"EntryPoint\",\"urlTemplate\":\"https:\/\/www.szenik.eu\/de\/?s={search_term_string}\"},\"query-input\":\"required name=search_term_string\"}],\"inLanguage\":\"de\"},{\"@type\":\"Organization\",\"@id\":\"https:\/\/www.szenik.eu\/de\/#organization\",\"name\":\"Szenik\",\"url\":\"https:\/\/www.szenik.eu\/de\/\",\"logo\":{\"@type\":\"ImageObject\",\"inLanguage\":\"de\",\"@id\":\"https:\/\/www.szenik.eu\/de\/#\/schema\/logo\/image\/\",\"url\":\"https:\/\/www.szenik.eu\/wp-content\/uploads\/2019\/07\/logo-square.png\",\"contentUrl\":\"https:\/\/www.szenik.eu\/wp-content\/uploads\/2019\/07\/logo-square.png\",\"width\":512,\"height\":512,\"caption\":\"Szenik\"},\"image\":{\"@id\":\"https:\/\/www.szenik.eu\/de\/#\/schema\/logo\/image\/\"},\"sameAs\":[\"https:\/\/www.facebook.com\/szenik.eu\/\",\"https:\/\/twitter.com\/Szenik\",\"https:\/\/www.instagram.com\/szenik_magazine\/\",\"https:\/\/www.youtube.com\/user\/SzenikEU\/\"]},{\"@type\":\"Person\",\"@id\":\"https:\/\/www.szenik.eu\/de\/#\/schema\/person\/15f73f175b41bad194837490339d48fb\",\"name\":\"szenik\",\"image\":{\"@type\":\"ImageObject\",\"inLanguage\":\"de\",\"@id\":\"https:\/\/www.szenik.eu\/de\/#\/schema\/person\/image\/\",\"url\":\"https:\/\/secure.gravatar.com\/avatar\/d1c4f19522a624a4eaa5e6c03e22370b?s=96&d=mm&r=g\",\"contentUrl\":\"https:\/\/secure.gravatar.com\/avatar\/d1c4f19522a624a4eaa5e6c03e22370b?s=96&d=mm&r=g\",\"caption\":\"szenik\"}}]}<\/script>\n<!-- \/ Yoast SEO plugin. -->","yoast_head_json":{"title":"Festspielhaus Baden-Baden stellt Arbeit mit Valery Gergiev ein I szenik","description":"Das Festspielhaus Baden-Baden stellt die Zusammenarbeit mit dem Intendanten und Chefdirigenten des Mariinsky Theaters, Valery Gergiev, bis auf weiteres ein.","robots":{"index":"index","follow":"follow","max-snippet":"max-snippet:-1","max-image-preview":"max-image-preview:large","max-video-preview":"max-video-preview:-1"},"canonical":"https:\/\/www.szenik.eu\/de\/festspielhaus-baden-baden-stellt-zusammenarbeit-mit-valery-gergiev-ein-48172","og_locale":"de_DE","og_type":"article","og_title":"Festspielhaus Baden-Baden stellt Arbeit mit Valery Gergiev ein I szenik","og_description":"Das Festspielhaus Baden-Baden stellt die Zusammenarbeit mit dem Intendanten und Chefdirigenten des Mariinsky Theaters, Valery Gergiev, bis auf weiteres ein.","og_url":"https:\/\/www.szenik.eu\/de\/festspielhaus-baden-baden-stellt-zusammenarbeit-mit-valery-gergiev-ein-48172","og_site_name":"szenik","article_publisher":"https:\/\/www.facebook.com\/szenik.eu\/","article_published_time":"2022-03-01T11:24:41+00:00","article_modified_time":"2022-03-01T11:24:47+00:00","og_image":[{"width":1024,"height":570,"url":"https:\/\/www.szenik.eu\/wp-content\/uploads\/2022\/03\/FestspielhausBaden-BadencChristianGrund-3-1024x683-1-1024x570-1.jpg","type":"image\/jpeg"}],"author":"szenik","twitter_card":"summary_large_image","twitter_creator":"@Szenik","twitter_site":"@Szenik","twitter_misc":{"Verfasst von":"szenik","Gesch\u00e4tzte Lesezeit":"2\u00a0Minuten"},"schema":{"@context":"https:\/\/schema.org","@graph":[{"@type":"Article","@id":"https:\/\/www.szenik.eu\/de\/festspielhaus-baden-baden-stellt-zusammenarbeit-mit-valery-gergiev-ein-48172#article","isPartOf":{"@id":"https:\/\/www.szenik.eu\/de\/festspielhaus-baden-baden-stellt-zusammenarbeit-mit-valery-gergiev-ein-48172"},"author":{"name":"szenik","@id":"https:\/\/www.szenik.eu\/de\/#\/schema\/person\/15f73f175b41bad194837490339d48fb"},"headline":"Festspielhaus Baden-Baden stellt Zusammenarbeit mit Valery Gergiev ein","datePublished":"2022-03-01T11:24:41+00:00","dateModified":"2022-03-01T11:24:47+00:00","mainEntityOfPage":{"@id":"https:\/\/www.szenik.eu\/de\/festspielhaus-baden-baden-stellt-zusammenarbeit-mit-valery-gergiev-ein-48172"},"wordCount":309,"commentCount":0,"publisher":{"@id":"https:\/\/www.szenik.eu\/de\/#organization"},"keywords":["Anna Netrebko","Festspielhaus Baden-Baden","Valery Gergiev"],"articleSection":["Kurz &amp; knackig","Magazin"],"inLanguage":"de","potentialAction":[{"@type":"CommentAction","name":"Comment","target":["https:\/\/www.szenik.eu\/de\/festspielhaus-baden-baden-stellt-zusammenarbeit-mit-valery-gergiev-ein-48172#respond"]}]},{"@type":"WebPage","@id":"https:\/\/www.szenik.eu\/de\/festspielhaus-baden-baden-stellt-zusammenarbeit-mit-valery-gergiev-ein-48172","url":"https:\/\/www.szenik.eu\/de\/festspielhaus-baden-baden-stellt-zusammenarbeit-mit-valery-gergiev-ein-48172","name":"Festspielhaus Baden-Baden stellt Arbeit mit Valery Gergiev ein I szenik","isPartOf":{"@id":"https:\/\/www.szenik.eu\/de\/#website"},"datePublished":"2022-03-01T11:24:41+00:00","dateModified":"2022-03-01T11:24:47+00:00","description":"Das Festspielhaus Baden-Baden stellt die Zusammenarbeit mit dem Intendanten und Chefdirigenten des Mariinsky Theaters, Valery Gergiev, bis auf weiteres ein.","breadcrumb":{"@id":"https:\/\/www.szenik.eu\/de\/festspielhaus-baden-baden-stellt-zusammenarbeit-mit-valery-gergiev-ein-48172#breadcrumb"},"inLanguage":"de","potentialAction":[{"@type":"ReadAction","target":["https:\/\/www.szenik.eu\/de\/festspielhaus-baden-baden-stellt-zusammenarbeit-mit-valery-gergiev-ein-48172"]}]},{"@type":"BreadcrumbList","@id":"https:\/\/www.szenik.eu\/de\/festspielhaus-baden-baden-stellt-zusammenarbeit-mit-valery-gergiev-ein-48172#breadcrumb","itemListElement":[{"@type":"ListItem","position":1,"name":"Home","item":"https:\/\/www.szenik.eu\/de"},{"@type":"ListItem","position":2,"name":"Festspielhaus Baden-Baden stellt Zusammenarbeit mit Valery Gergiev ein"}]},{"@type":"WebSite","@id":"https:\/\/www.szenik.eu\/de\/#website","url":"https:\/\/www.szenik.eu\/de\/","name":"szenik","description":"Le Meilleur des sc\u00e8nes au coeur de l&#039;Europe","publisher":{"@id":"https:\/\/www.szenik.eu\/de\/#organization"},"potentialAction":[{"@type":"SearchAction","target":{"@type":"EntryPoint","urlTemplate":"https:\/\/www.szenik.eu\/de\/?s={search_term_string}"},"query-input":"required name=search_term_string"}],"inLanguage":"de"},{"@type":"Organization","@id":"https:\/\/www.szenik.eu\/de\/#organization","name":"Szenik","url":"https:\/\/www.szenik.eu\/de\/","logo":{"@type":"ImageObject","inLanguage":"de","@id":"https:\/\/www.szenik.eu\/de\/#\/schema\/logo\/image\/","url":"https:\/\/www.szenik.eu\/wp-content\/uploads\/2019\/07\/logo-square.png","contentUrl":"https:\/\/www.szenik.eu\/wp-content\/uploads\/2019\/07\/logo-square.png","width":512,"height":512,"caption":"Szenik"},"image":{"@id":"https:\/\/www.szenik.eu\/de\/#\/schema\/logo\/image\/"},"sameAs":["https:\/\/www.facebook.com\/szenik.eu\/","https:\/\/twitter.com\/Szenik","https:\/\/www.instagram.com\/szenik_magazine\/","https:\/\/www.youtube.com\/user\/SzenikEU\/"]},{"@type":"Person","@id":"https:\/\/www.szenik.eu\/de\/#\/schema\/person\/15f73f175b41bad194837490339d48fb","name":"szenik","image":{"@type":"ImageObject","inLanguage":"de","@id":"https:\/\/www.szenik.eu\/de\/#\/schema\/person\/image\/","url":"https:\/\/secure.gravatar.com\/avatar\/d1c4f19522a624a4eaa5e6c03e22370b?s=96&d=mm&r=g","contentUrl":"https:\/\/secure.gravatar.com\/avatar\/d1c4f19522a624a4eaa5e6c03e22370b?s=96&d=mm&r=g","caption":"szenik"}}]}},"jetpack_featured_media_url":"https:\/\/www.szenik.eu\/wp-content\/uploads\/2022\/03\/FestspielhausBaden-BadencChristianGrund-3-1024x683-1-1024x570-1.jpg","amp_enabled":true,"_links":{"self":[{"href":"https:\/\/www.szenik.eu\/de\/wp-json\/\/wp\/v2\/posts\/48172"}],"collection":[{"href":"https:\/\/www.szenik.eu\/de\/wp-json\/\/wp\/v2\/posts"}],"about":[{"href":"https:\/\/www.szenik.eu\/de\/wp-json\/\/wp\/v2\/types\/post"}],"author":[{"embeddable":true,"href":"https:\/\/www.szenik.eu\/de\/wp-json\/\/wp\/v2\/users\/1"}],"replies":[{"embeddable":true,"href":"https:\/\/www.szenik.eu\/de\/wp-json\/\/wp\/v2\/comments?post=48172"}],"version-history":[{"count":1,"href":"https:\/\/www.szenik.eu\/de\/wp-json\/\/wp\/v2\/posts\/48172\/revisions"}],"predecessor-version":[{"id":48175,"href":"https:\/\/www.szenik.eu\/de\/wp-json\/\/wp\/v2\/posts\/48172\/revisions\/48175"}],"wp:featuredmedia":[{"embeddable":true,"href":"https:\/\/www.szenik.eu\/de\/wp-json\/\/wp\/v2\/media\/48173"}],"wp:attachment":[{"href":"https:\/\/www.szenik.eu\/de\/wp-json\/\/wp\/v2\/media?parent=48172"}],"wp:term":[{"taxonomy":"category","embeddable":true,"href":"https:\/\/www.szenik.eu\/de\/wp-json\/\/wp\/v2\/categories?post=48172"},{"taxonomy":"post_tag","embeddable":true,"href":"https:\/\/www.szenik.eu\/de\/wp-json\/\/wp\/v2\/tags?post=48172"}],"curies":[{"name":"wp","href":"https:\/\/api.w.org\/{rel}","templated":true}]}}