{"id":48120,"date":"2022-02-28T15:07:58","date_gmt":"2022-02-28T14:07:58","guid":{"rendered":"https:\/\/www.szenik.eu\/?p=48120\/"},"modified":"2022-02-28T15:08:31","modified_gmt":"2022-02-28T14:08:31","slug":"esch2022-rund-32-000-gaeste-live-beim-remix-opening-am-26-februar-2022-mit-dabei","status":"publish","type":"post","link":"https:\/\/www.szenik.eu\/de\/esch2022-rund-32-000-gaeste-live-beim-remix-opening-am-26-februar-2022-mit-dabei-48120","title":{"rendered":"Esch2022: Rund 32.000 G\u00e4ste \u201elive\u201c beim REMIX Opening am 26. Februar 2022 mit dabei"},"content":{"rendered":"\n<h2>Am vergangenen Samstag, dem 26. Februar 2022, wurde bei der zuvor online ausverkauften Er\u00f6ffnungsveranstaltung das grenz\u00fcberschreitende Projekt Esch2022 erfolgreich gestartet.\u00a0Den Titel \u201eEurop\u00e4ische Kulturhauptstadt\u201c tragen die Stadt Esch-sur-Alzette, ihre umliegenden zehn Luxemburger Gemeinden des Verbandes Pro-Sud und die acht benachbarten franz\u00f6sischen Gemeinden der CCPHVA (Communaut\u00e9 de Communes Pays Haut Val d`Alzette).<\/h2>\n\n\n\n<div style=\"height:100px\" aria-hidden=\"true\" class=\"wp-block-spacer\"><\/div>\n\n\n\n<p><em>Pressemitteilung<\/em><\/p>\n\n\n\n<div style=\"height:100px\" aria-hidden=\"true\" class=\"wp-block-spacer\"><\/div>\n\n\n\n<p>Mit dem offiziellen Teil ab 17:30 Uhr vor dem H\u00f4tel de Ville in Esch-Alzette begann ein mehrst\u00fcndiges, vielseitiges Abendprogramm zum Start der Europ\u00e4ischen Kulturhauptstadt. Die einst\u00fcndige Zeremonie zu Beginn umfasste Ansprachen von <strong>Nancy Braun<\/strong> (Generaldirektor Esch2022), <strong>Georges Mischo<\/strong> (Pr\u00e4sident Esch2022), <strong>Sam Tanson<\/strong> (Kulturministerin Luxemburg), <strong>Cl\u00e9ment Beaune<\/strong> (Franz\u00f6sischer Staatssekret\u00e4r f\u00fcr europ\u00e4ische Angelegenheiten, dem Minister f\u00fcr Europa und ausw\u00e4rtige Angelegenheiten beigeordnet), <strong>Margaritis Schin\u00e1s<\/strong> (Vizepr\u00e4sident der Europ\u00e4ischen Kommission, zust\u00e4ndig f\u00fcr die F\u00f6rderung unserer europ\u00e4ischen Lebensweise) und <strong>Mariya Gabriel <\/strong>(EU-Kommissarin f\u00fcr Innovation, Forschung, Kultur, Bildung und Jugend).\u00a0<\/p>\n\n\n\n<p>Auf die \u00dcberreichung der offiziellen Urkunde durch die Europ\u00e4ische Kommission an den Pr\u00e4sidenten von Esch2022, Georges Mischo, f\u00fcr die Stadt Esch-Alzette und die teilnehmenden Gemeinden sowie das gemeinsame Durchschneiden eines Bandes aller B\u00fcrgermeisterinnen und B\u00fcrgermeister, folgte ein Programm mit u.a. 19 Musikkonzerten lokaler Bands auf vier B\u00fchnen sowie zwei Konzerten der \u201eFuture Frequencies\u201c mit lokalen Musikern, die in der Rockhal den f\u00fcr Esch2022 kreierten \u201eSound of Europe\u201c vorstellten. Die rund 18.000 Besucherinnen und Besucher im Zentrum von Esch-Alzette und Esch-Belval hatten au\u00dferdem die Gelegenheit, an verschiedenen Stationen selbst kreativ und aktiv zu werden.&nbsp;<\/p>\n\n\n\n<p>H\u00f6hepunkt war der Start einer virtuellen Weltraumrakete, die im Zuge eines Malwettbewerbs zur Visualisierung der Zukunft des Weltraums mit 350 Sch\u00fclerinnen und Sch\u00fclern aus Luxemburg und Frankreich im Herbst 2021 von Kindern gestaltet wurde. Besonders jetzt sollte sie sowie das Projekt Esch2022 f\u00fcr eine friedliche Zukunft in einem vereinten Europa stehen.&nbsp;<\/p>\n\n\n\n<p>\u201e<em>Wir sind alle sehr zufrieden und gl\u00fccklich, dass so viele Menschen Europa und seine vielf\u00e4ltige Kultur im Zuge des offiziellen Starts von Esch2022 mit uns gefeiert haben, gerade in den aktuellen Zeiten<\/em>\u201c, sagt Nancy Braun, Generaldirektor Esch2022. \u201e<em>Im Namen aller Gemeinden, Beteiligten und Unterst\u00fctzer freue ich mich auf zahlreiche G\u00e4ste in der gesamten Esch2022-Region in diesem Jahr und dar\u00fcber hinaus<\/em>.\u201c<\/p>\n\n\n\n<div style=\"height:20px\" aria-hidden=\"true\" class=\"wp-block-spacer\"><\/div>\n\n\n\n<h4><strong>Aktive Teilnahme stand und steht im Vordergrund&nbsp;<\/strong><\/h4>\n\n\n\n<div style=\"height:20px\" aria-hidden=\"true\" class=\"wp-block-spacer\"><\/div>\n\n\n\n<p>Mehr als 1.200 engagierte und passionierte Menschen trugen hinter und auf der B\u00fchne zum Gelingen der Gro\u00dfveranstaltung bei. Darunter waren neben rund 500 Dienstleistern und Mitarbeitern, mehr als 350 Kreative sowie Performance-K\u00fcnstlerinnen und K\u00fcnstler, \u00fcberwiegend aus der Region, 250 Remixer (freiwillige Helfer der Esch2022-Community), rund 50 Sicherheitskr\u00e4fte sowie Mitglieder von 26 lokalen Vereinen und 7 Pfadfinderverb\u00e4nden (Scouts).&nbsp;<\/p>\n\n\n\n<p>Auch Seine K\u00f6nigliche Hoheit der Gro\u00dfherzog und Ihre K\u00f6nigliche Hoheit die Gro\u00dfherzogin sowie Premierminister Xavier Bettel nahmen neben weiteren Vertreterinnen und Vertretern der Luxemburger Regierung sowie aus Frankreich am REMIX Opening teil. Esch2022 steht seit Februar 2020 unter der \u201eHaut Patronage\u201c Ihrer K\u00f6niglichen Hoheit der Gro\u00dfherzogin.\u00a0<\/p>\n\n\n\n<div style=\"height:20px\" aria-hidden=\"true\" class=\"wp-block-spacer\"><\/div>\n\n\n\n<h4><strong>Gemeinden im Fokus<\/strong><\/h4>\n\n\n\n<div style=\"height:20px\" aria-hidden=\"true\" class=\"wp-block-spacer\"><\/div>\n\n\n\n<p>Rund 160 Projekte mit mehr als 2.000 Veranstaltungen werden im Zuge von Esch2022 in den teilnehmenden Gemeinden stattfinden. Etwa ein Drittel des Programms wird in Zusammenarbeit mit den beiden anderen Europ\u00e4ischen Kulturhaupst\u00e4dten Kaunas und Novi Sad gestaltet.<\/p>\n\n\n\n<p>Neben der Stadt Esch-Alzette und dem Universt\u00e4tsviertel Esch-Belval, wo das ganze Jahr \u00fcber Ausstellungen und Events stattfinden werden, stehen die teilnehmenden Gemeinden in Luxemburg und Frankreich abwechselnd im Fokus. Den Anfang macht die Gemeinde Kaerjeng, die z.B. am ersten M\u00e4rz-Wochenende zum \u00ab Festival de Feu \u00bb einl\u00e4dt. Das Programm von Esch-Alzette und Esch-Beval sowie das in den verschiedenen Gemeinden, ist online unter&nbsp;<a href=\"http:\/\/www.esch2022.lu\/agenda\" target=\"_blank\" rel=\"noreferrer noopener\">www.esch2022.lu\/agenda<\/a>&nbsp;einsehbar. Die Termine zum Vormerken lauten :<\/p>\n\n\n\n<div style=\"height:20px\" aria-hidden=\"true\" class=\"wp-block-spacer\"><\/div>\n\n\n\n<ul><li>22.02. \u2013 21.03.2022 Kaerjeng (Bascharage)<\/li><li>22.03. \u2013 21.04.2022 P\u00e9iteng (P\u00e9tange)<\/li><li>22.04. \u2013 21.05.2022 Beetebuerg (Bettembourg)<\/li><li>22.05. \u2013 21.06.2022 Diddeleng (Dudelange) \/ CCPHVA*<\/li><li>22.06. \u2013 21.07.2022 Suessem (Sanem) \/ CCPHVA*<\/li><li>22.07. \u2013 21.08.2022 Sch\u00ebffleng (Schifflange)<\/li><li>22.08. \u2013 21.09.2022 Monnerech (Mondercange)<\/li><li>22.09. \u2013 21.10.2022 D\u00e9ifferdeng (Differdange)<\/li><li>22.10. \u2013 21.11.2022 R\u00ebmeleng (Rumelange) \/ CCPHVA* (17.10 au 13.11.2022)<\/li><li>22.11. \u2013 22.12.2022 K\u00e4l\/T\u00e9iteng (Kayl\/T\u00e9tange)<\/li><\/ul>\n\n\n\n<div style=\"height:20px\" aria-hidden=\"true\" class=\"wp-block-spacer\"><\/div>\n\n\n\n<h4><strong>Erste Ausstellungen in Esch-Belval er\u00f6ffnet<\/strong><\/h4>\n\n\n\n<div style=\"height:20px\" aria-hidden=\"true\" class=\"wp-block-spacer\"><\/div>\n\n\n\n<p>Am Sonntag, dem 27. Februar, er\u00f6ffneten zudem unter Anwesenheit der Kuratorenteams und einiger K\u00fcnstlerinnen und K\u00fcnstler die beiden ersten Ausstellungen, die die Capitale Europ\u00e9enne de la Culture 2022 a.s.b.l. zusammen mit lokalen und internationalen Partnern entwickelt hat. In der ehemaligen und aufw\u00e4ndig restaurierten Industriehalle \u201eM\u00f6llerei\u201c l\u00e4dt Esch2022 zusammen mit dem ZKM | Zentrum f\u00fcr Kunst und Medien Karlsruhe bis Mitte Mai zur Ausstellung&nbsp;<em>Hacking Identity \u2013 Dancing Diversity<\/em>&nbsp;ein, die von Anett Holzheid und Peter Weibel kuratiert wurde. Die Ausstellung umfasst Werke von 26 international anerkannten K\u00fcnstlern, die Ph\u00e4nomene der Aufl\u00f6sung, Metamorphose und Vervielf\u00e4ltigung von Identit\u00e4t im Zeitalter der digitalen Technologien erforschen.<\/p>\n\n\n\n<p>Die Ausstellung\u00a0<em>Remixing Industrial Pasts: Constructing the Identity of the Minett<\/em>\u00a0in der Massenoire r\u00fcckt die Industriegeschichte in den Fokus. Zentrales Thema dieser historischen Ausstellung ist der kontinuierliche Wandlungs- und Transformationsprozess der Minett-Region ab Ende des 19. Jahrhunderts bis heute. Auf der Grundlage eines Forschungsprojekt des Luxembourg Centre for Contemporary and Digital History (C\u00b2DH), das von Esch2022 gef\u00f6rdert wurde, haben das italienische K\u00fcnstlerkollektiv Tokonoma und das Architekturb\u00fcro 2F Architettura die Erkenntnisse der Forscher in eine sowohl historische, als auch k\u00fcnstlerische Ausstellung \u00fcbersetzt.<\/p>\n\n\n\n<div style=\"height:100px\" aria-hidden=\"true\" class=\"wp-block-spacer\"><\/div>\n\n\n\n<div class=\"wp-block-button aligncenter\"><a class=\"wp-block-button__link has-text-color has-very-dark-gray-color has-background has-luminous-vivid-amber-background-color\" href=\"https:\/\/esch2022.lu\/fr\/\" target=\"_blank\" rel=\"noreferrer noopener\">Zur Webseite von Esch2022<\/a><\/div>\n\n\n\n<div style=\"height:100px\" aria-hidden=\"true\" class=\"wp-block-spacer\"><\/div>\n\n\n\n<p class=\"has-small-font-size\">Foto: Claude Piscitelli<\/p>\n\n\n\n<div style=\"height:100px\" aria-hidden=\"true\" class=\"wp-block-spacer\"><\/div>\n","protected":false},"excerpt":{"rendered":"<p>Am vergangenen Samstag, dem 26. Februar 2022, wurde bei der zuvor online ausverkauften Er\u00f6ffnungsveranstaltung das grenz\u00fcberschreitende Projekt Esch2022 erfolgreich gestartet.\u00a0Den Titel \u201eEurop\u00e4ische Kulturhauptstadt\u201c tragen die Stadt Esch-sur-Alzette, ihre umliegenden zehn Luxemburger Gemeinden des Verbandes Pro-Sud und die acht benachbarten franz\u00f6sischen Gemeinden der CCPHVA (Communaut\u00e9 de Communes Pays Haut Val d`Alzette). Pressemitteilung Mit dem offiziellen Teil [&hellip;]<\/p>\n","protected":false},"author":1,"featured_media":48121,"comment_status":"open","ping_status":"open","sticky":false,"template":"","format":"standard","meta":{"_monsterinsights_skip_tracking":false,"_monsterinsights_sitenote_active":false,"_monsterinsights_sitenote_note":"","_monsterinsights_sitenote_category":0},"categories":[2815,53],"tags":[11256],"yoast_head":"<!-- This site is optimized with the Yoast SEO plugin v20.5 - https:\/\/yoast.com\/wordpress\/plugins\/seo\/ -->\n<title>Esch2022: Rund 32.000 G\u00e4ste beim REMIX Opening I szenik<\/title>\n<meta name=\"description\" content=\"Am vergangenen Samstag wurde bei der zuvor online ausverkauften Er\u00f6ffnungsveranstaltung das grenz\u00fcberschreitende Projekt Esch2022 erfolgreich gestartet.\" \/>\n<meta name=\"robots\" content=\"index, follow, max-snippet:-1, max-image-preview:large, max-video-preview:-1\" \/>\n<link rel=\"canonical\" href=\"https:\/\/www.szenik.eu\/de\/esch2022-rund-32-000-gaeste-live-beim-remix-opening-am-26-februar-2022-mit-dabei-48120\" \/>\n<meta property=\"og:locale\" content=\"de_DE\" \/>\n<meta property=\"og:type\" content=\"article\" \/>\n<meta property=\"og:title\" content=\"Esch2022: Rund 32.000 G\u00e4ste beim REMIX Opening I szenik\" \/>\n<meta property=\"og:description\" content=\"Am vergangenen Samstag wurde bei der zuvor online ausverkauften Er\u00f6ffnungsveranstaltung das grenz\u00fcberschreitende Projekt Esch2022 erfolgreich gestartet.\" \/>\n<meta property=\"og:url\" content=\"https:\/\/www.szenik.eu\/de\/esch2022-rund-32-000-gaeste-live-beim-remix-opening-am-26-februar-2022-mit-dabei-48120\" \/>\n<meta property=\"og:site_name\" content=\"szenik\" \/>\n<meta property=\"article:publisher\" content=\"https:\/\/www.facebook.com\/szenik.eu\/\" \/>\n<meta property=\"article:published_time\" content=\"2022-02-28T14:07:58+00:00\" \/>\n<meta property=\"article:modified_time\" content=\"2022-02-28T14:08:31+00:00\" \/>\n<meta property=\"og:image\" content=\"https:\/\/www.szenik.eu\/wp-content\/uploads\/2022\/02\/C-Claude-Piscitelli-9.jpg\" \/>\n\t<meta property=\"og:image:width\" content=\"1500\" \/>\n\t<meta property=\"og:image:height\" content=\"1000\" \/>\n\t<meta property=\"og:image:type\" content=\"image\/jpeg\" \/>\n<meta name=\"author\" content=\"szenik\" \/>\n<meta name=\"twitter:card\" content=\"summary_large_image\" \/>\n<meta name=\"twitter:creator\" content=\"@Szenik\" \/>\n<meta name=\"twitter:site\" content=\"@Szenik\" \/>\n<meta name=\"twitter:label1\" content=\"Verfasst von\" \/>\n\t<meta name=\"twitter:data1\" content=\"szenik\" \/>\n\t<meta name=\"twitter:label2\" content=\"Gesch\u00e4tzte Lesezeit\" \/>\n\t<meta name=\"twitter:data2\" content=\"4\u00a0Minuten\" \/>\n<script type=\"application\/ld+json\" class=\"yoast-schema-graph\">{\"@context\":\"https:\/\/schema.org\",\"@graph\":[{\"@type\":\"Article\",\"@id\":\"https:\/\/www.szenik.eu\/de\/esch2022-rund-32-000-gaeste-live-beim-remix-opening-am-26-februar-2022-mit-dabei-48120#article\",\"isPartOf\":{\"@id\":\"https:\/\/www.szenik.eu\/de\/esch2022-rund-32-000-gaeste-live-beim-remix-opening-am-26-februar-2022-mit-dabei-48120\"},\"author\":{\"name\":\"szenik\",\"@id\":\"https:\/\/www.szenik.eu\/de\/#\/schema\/person\/15f73f175b41bad194837490339d48fb\"},\"headline\":\"Esch2022: Rund 32.000 G\u00e4ste \u201elive\u201c beim REMIX Opening am 26. Februar 2022 mit dabei\",\"datePublished\":\"2022-02-28T14:07:58+00:00\",\"dateModified\":\"2022-02-28T14:08:31+00:00\",\"mainEntityOfPage\":{\"@id\":\"https:\/\/www.szenik.eu\/de\/esch2022-rund-32-000-gaeste-live-beim-remix-opening-am-26-februar-2022-mit-dabei-48120\"},\"wordCount\":872,\"commentCount\":0,\"publisher\":{\"@id\":\"https:\/\/www.szenik.eu\/de\/#organization\"},\"keywords\":[\"Esch2022\"],\"articleSection\":[\"Kurz &amp; knackig\",\"Magazin\"],\"inLanguage\":\"de\",\"potentialAction\":[{\"@type\":\"CommentAction\",\"name\":\"Comment\",\"target\":[\"https:\/\/www.szenik.eu\/de\/esch2022-rund-32-000-gaeste-live-beim-remix-opening-am-26-februar-2022-mit-dabei-48120#respond\"]}]},{\"@type\":\"WebPage\",\"@id\":\"https:\/\/www.szenik.eu\/de\/esch2022-rund-32-000-gaeste-live-beim-remix-opening-am-26-februar-2022-mit-dabei-48120\",\"url\":\"https:\/\/www.szenik.eu\/de\/esch2022-rund-32-000-gaeste-live-beim-remix-opening-am-26-februar-2022-mit-dabei-48120\",\"name\":\"Esch2022: Rund 32.000 G\u00e4ste beim REMIX Opening I szenik\",\"isPartOf\":{\"@id\":\"https:\/\/www.szenik.eu\/de\/#website\"},\"datePublished\":\"2022-02-28T14:07:58+00:00\",\"dateModified\":\"2022-02-28T14:08:31+00:00\",\"description\":\"Am vergangenen Samstag wurde bei der zuvor online ausverkauften Er\u00f6ffnungsveranstaltung das grenz\u00fcberschreitende Projekt Esch2022 erfolgreich gestartet.\",\"breadcrumb\":{\"@id\":\"https:\/\/www.szenik.eu\/de\/esch2022-rund-32-000-gaeste-live-beim-remix-opening-am-26-februar-2022-mit-dabei-48120#breadcrumb\"},\"inLanguage\":\"de\",\"potentialAction\":[{\"@type\":\"ReadAction\",\"target\":[\"https:\/\/www.szenik.eu\/de\/esch2022-rund-32-000-gaeste-live-beim-remix-opening-am-26-februar-2022-mit-dabei-48120\"]}]},{\"@type\":\"BreadcrumbList\",\"@id\":\"https:\/\/www.szenik.eu\/de\/esch2022-rund-32-000-gaeste-live-beim-remix-opening-am-26-februar-2022-mit-dabei-48120#breadcrumb\",\"itemListElement\":[{\"@type\":\"ListItem\",\"position\":1,\"name\":\"Home\",\"item\":\"https:\/\/www.szenik.eu\/de\"},{\"@type\":\"ListItem\",\"position\":2,\"name\":\"Esch2022: Rund 32.000 G\u00e4ste \u201elive\u201c beim REMIX Opening am 26. Februar 2022 mit dabei\"}]},{\"@type\":\"WebSite\",\"@id\":\"https:\/\/www.szenik.eu\/de\/#website\",\"url\":\"https:\/\/www.szenik.eu\/de\/\",\"name\":\"szenik\",\"description\":\"Le Meilleur des sc\u00e8nes au coeur de l&#039;Europe\",\"publisher\":{\"@id\":\"https:\/\/www.szenik.eu\/de\/#organization\"},\"potentialAction\":[{\"@type\":\"SearchAction\",\"target\":{\"@type\":\"EntryPoint\",\"urlTemplate\":\"https:\/\/www.szenik.eu\/de\/?s={search_term_string}\"},\"query-input\":\"required name=search_term_string\"}],\"inLanguage\":\"de\"},{\"@type\":\"Organization\",\"@id\":\"https:\/\/www.szenik.eu\/de\/#organization\",\"name\":\"Szenik\",\"url\":\"https:\/\/www.szenik.eu\/de\/\",\"logo\":{\"@type\":\"ImageObject\",\"inLanguage\":\"de\",\"@id\":\"https:\/\/www.szenik.eu\/de\/#\/schema\/logo\/image\/\",\"url\":\"https:\/\/www.szenik.eu\/wp-content\/uploads\/2019\/07\/logo-square.png\",\"contentUrl\":\"https:\/\/www.szenik.eu\/wp-content\/uploads\/2019\/07\/logo-square.png\",\"width\":512,\"height\":512,\"caption\":\"Szenik\"},\"image\":{\"@id\":\"https:\/\/www.szenik.eu\/de\/#\/schema\/logo\/image\/\"},\"sameAs\":[\"https:\/\/www.facebook.com\/szenik.eu\/\",\"https:\/\/twitter.com\/Szenik\",\"https:\/\/www.instagram.com\/szenik_magazine\/\",\"https:\/\/www.youtube.com\/user\/SzenikEU\/\"]},{\"@type\":\"Person\",\"@id\":\"https:\/\/www.szenik.eu\/de\/#\/schema\/person\/15f73f175b41bad194837490339d48fb\",\"name\":\"szenik\",\"image\":{\"@type\":\"ImageObject\",\"inLanguage\":\"de\",\"@id\":\"https:\/\/www.szenik.eu\/de\/#\/schema\/person\/image\/\",\"url\":\"https:\/\/secure.gravatar.com\/avatar\/d1c4f19522a624a4eaa5e6c03e22370b?s=96&d=mm&r=g\",\"contentUrl\":\"https:\/\/secure.gravatar.com\/avatar\/d1c4f19522a624a4eaa5e6c03e22370b?s=96&d=mm&r=g\",\"caption\":\"szenik\"}}]}<\/script>\n<!-- \/ Yoast SEO plugin. -->","yoast_head_json":{"title":"Esch2022: Rund 32.000 G\u00e4ste beim REMIX Opening I szenik","description":"Am vergangenen Samstag wurde bei der zuvor online ausverkauften Er\u00f6ffnungsveranstaltung das grenz\u00fcberschreitende Projekt Esch2022 erfolgreich gestartet.","robots":{"index":"index","follow":"follow","max-snippet":"max-snippet:-1","max-image-preview":"max-image-preview:large","max-video-preview":"max-video-preview:-1"},"canonical":"https:\/\/www.szenik.eu\/de\/esch2022-rund-32-000-gaeste-live-beim-remix-opening-am-26-februar-2022-mit-dabei-48120","og_locale":"de_DE","og_type":"article","og_title":"Esch2022: Rund 32.000 G\u00e4ste beim REMIX Opening I szenik","og_description":"Am vergangenen Samstag wurde bei der zuvor online ausverkauften Er\u00f6ffnungsveranstaltung das grenz\u00fcberschreitende Projekt Esch2022 erfolgreich gestartet.","og_url":"https:\/\/www.szenik.eu\/de\/esch2022-rund-32-000-gaeste-live-beim-remix-opening-am-26-februar-2022-mit-dabei-48120","og_site_name":"szenik","article_publisher":"https:\/\/www.facebook.com\/szenik.eu\/","article_published_time":"2022-02-28T14:07:58+00:00","article_modified_time":"2022-02-28T14:08:31+00:00","og_image":[{"width":1500,"height":1000,"url":"https:\/\/www.szenik.eu\/wp-content\/uploads\/2022\/02\/C-Claude-Piscitelli-9.jpg","type":"image\/jpeg"}],"author":"szenik","twitter_card":"summary_large_image","twitter_creator":"@Szenik","twitter_site":"@Szenik","twitter_misc":{"Verfasst von":"szenik","Gesch\u00e4tzte Lesezeit":"4\u00a0Minuten"},"schema":{"@context":"https:\/\/schema.org","@graph":[{"@type":"Article","@id":"https:\/\/www.szenik.eu\/de\/esch2022-rund-32-000-gaeste-live-beim-remix-opening-am-26-februar-2022-mit-dabei-48120#article","isPartOf":{"@id":"https:\/\/www.szenik.eu\/de\/esch2022-rund-32-000-gaeste-live-beim-remix-opening-am-26-februar-2022-mit-dabei-48120"},"author":{"name":"szenik","@id":"https:\/\/www.szenik.eu\/de\/#\/schema\/person\/15f73f175b41bad194837490339d48fb"},"headline":"Esch2022: Rund 32.000 G\u00e4ste \u201elive\u201c beim REMIX Opening am 26. Februar 2022 mit dabei","datePublished":"2022-02-28T14:07:58+00:00","dateModified":"2022-02-28T14:08:31+00:00","mainEntityOfPage":{"@id":"https:\/\/www.szenik.eu\/de\/esch2022-rund-32-000-gaeste-live-beim-remix-opening-am-26-februar-2022-mit-dabei-48120"},"wordCount":872,"commentCount":0,"publisher":{"@id":"https:\/\/www.szenik.eu\/de\/#organization"},"keywords":["Esch2022"],"articleSection":["Kurz &amp; knackig","Magazin"],"inLanguage":"de","potentialAction":[{"@type":"CommentAction","name":"Comment","target":["https:\/\/www.szenik.eu\/de\/esch2022-rund-32-000-gaeste-live-beim-remix-opening-am-26-februar-2022-mit-dabei-48120#respond"]}]},{"@type":"WebPage","@id":"https:\/\/www.szenik.eu\/de\/esch2022-rund-32-000-gaeste-live-beim-remix-opening-am-26-februar-2022-mit-dabei-48120","url":"https:\/\/www.szenik.eu\/de\/esch2022-rund-32-000-gaeste-live-beim-remix-opening-am-26-februar-2022-mit-dabei-48120","name":"Esch2022: Rund 32.000 G\u00e4ste beim REMIX Opening I szenik","isPartOf":{"@id":"https:\/\/www.szenik.eu\/de\/#website"},"datePublished":"2022-02-28T14:07:58+00:00","dateModified":"2022-02-28T14:08:31+00:00","description":"Am vergangenen Samstag wurde bei der zuvor online ausverkauften Er\u00f6ffnungsveranstaltung das grenz\u00fcberschreitende Projekt Esch2022 erfolgreich gestartet.","breadcrumb":{"@id":"https:\/\/www.szenik.eu\/de\/esch2022-rund-32-000-gaeste-live-beim-remix-opening-am-26-februar-2022-mit-dabei-48120#breadcrumb"},"inLanguage":"de","potentialAction":[{"@type":"ReadAction","target":["https:\/\/www.szenik.eu\/de\/esch2022-rund-32-000-gaeste-live-beim-remix-opening-am-26-februar-2022-mit-dabei-48120"]}]},{"@type":"BreadcrumbList","@id":"https:\/\/www.szenik.eu\/de\/esch2022-rund-32-000-gaeste-live-beim-remix-opening-am-26-februar-2022-mit-dabei-48120#breadcrumb","itemListElement":[{"@type":"ListItem","position":1,"name":"Home","item":"https:\/\/www.szenik.eu\/de"},{"@type":"ListItem","position":2,"name":"Esch2022: Rund 32.000 G\u00e4ste \u201elive\u201c beim REMIX Opening am 26. Februar 2022 mit dabei"}]},{"@type":"WebSite","@id":"https:\/\/www.szenik.eu\/de\/#website","url":"https:\/\/www.szenik.eu\/de\/","name":"szenik","description":"Le Meilleur des sc\u00e8nes au coeur de l&#039;Europe","publisher":{"@id":"https:\/\/www.szenik.eu\/de\/#organization"},"potentialAction":[{"@type":"SearchAction","target":{"@type":"EntryPoint","urlTemplate":"https:\/\/www.szenik.eu\/de\/?s={search_term_string}"},"query-input":"required name=search_term_string"}],"inLanguage":"de"},{"@type":"Organization","@id":"https:\/\/www.szenik.eu\/de\/#organization","name":"Szenik","url":"https:\/\/www.szenik.eu\/de\/","logo":{"@type":"ImageObject","inLanguage":"de","@id":"https:\/\/www.szenik.eu\/de\/#\/schema\/logo\/image\/","url":"https:\/\/www.szenik.eu\/wp-content\/uploads\/2019\/07\/logo-square.png","contentUrl":"https:\/\/www.szenik.eu\/wp-content\/uploads\/2019\/07\/logo-square.png","width":512,"height":512,"caption":"Szenik"},"image":{"@id":"https:\/\/www.szenik.eu\/de\/#\/schema\/logo\/image\/"},"sameAs":["https:\/\/www.facebook.com\/szenik.eu\/","https:\/\/twitter.com\/Szenik","https:\/\/www.instagram.com\/szenik_magazine\/","https:\/\/www.youtube.com\/user\/SzenikEU\/"]},{"@type":"Person","@id":"https:\/\/www.szenik.eu\/de\/#\/schema\/person\/15f73f175b41bad194837490339d48fb","name":"szenik","image":{"@type":"ImageObject","inLanguage":"de","@id":"https:\/\/www.szenik.eu\/de\/#\/schema\/person\/image\/","url":"https:\/\/secure.gravatar.com\/avatar\/d1c4f19522a624a4eaa5e6c03e22370b?s=96&d=mm&r=g","contentUrl":"https:\/\/secure.gravatar.com\/avatar\/d1c4f19522a624a4eaa5e6c03e22370b?s=96&d=mm&r=g","caption":"szenik"}}]}},"jetpack_featured_media_url":"https:\/\/www.szenik.eu\/wp-content\/uploads\/2022\/02\/C-Claude-Piscitelli-9.jpg","amp_enabled":true,"_links":{"self":[{"href":"https:\/\/www.szenik.eu\/de\/wp-json\/\/wp\/v2\/posts\/48120"}],"collection":[{"href":"https:\/\/www.szenik.eu\/de\/wp-json\/\/wp\/v2\/posts"}],"about":[{"href":"https:\/\/www.szenik.eu\/de\/wp-json\/\/wp\/v2\/types\/post"}],"author":[{"embeddable":true,"href":"https:\/\/www.szenik.eu\/de\/wp-json\/\/wp\/v2\/users\/1"}],"replies":[{"embeddable":true,"href":"https:\/\/www.szenik.eu\/de\/wp-json\/\/wp\/v2\/comments?post=48120"}],"version-history":[{"count":1,"href":"https:\/\/www.szenik.eu\/de\/wp-json\/\/wp\/v2\/posts\/48120\/revisions"}],"predecessor-version":[{"id":48123,"href":"https:\/\/www.szenik.eu\/de\/wp-json\/\/wp\/v2\/posts\/48120\/revisions\/48123"}],"wp:featuredmedia":[{"embeddable":true,"href":"https:\/\/www.szenik.eu\/de\/wp-json\/\/wp\/v2\/media\/48121"}],"wp:attachment":[{"href":"https:\/\/www.szenik.eu\/de\/wp-json\/\/wp\/v2\/media?parent=48120"}],"wp:term":[{"taxonomy":"category","embeddable":true,"href":"https:\/\/www.szenik.eu\/de\/wp-json\/\/wp\/v2\/categories?post=48120"},{"taxonomy":"post_tag","embeddable":true,"href":"https:\/\/www.szenik.eu\/de\/wp-json\/\/wp\/v2\/tags?post=48120"}],"curies":[{"name":"wp","href":"https:\/\/api.w.org\/{rel}","templated":true}]}}