{"id":47759,"date":"2022-02-15T13:40:16","date_gmt":"2022-02-15T12:40:16","guid":{"rendered":"https:\/\/www.szenik.eu\/?p=47759\/"},"modified":"2022-02-15T13:40:20","modified_gmt":"2022-02-15T12:40:20","slug":"laurent-zufferey-wird-assistant-conductor-der-basel-sinfonietta","status":"publish","type":"post","link":"https:\/\/www.szenik.eu\/de\/laurent-zufferey-wird-assistant-conductor-der-basel-sinfonietta-47759","title":{"rendered":"Laurent Zufferey wird Assistant Conductor der Basel Sinfonietta"},"content":{"rendered":"\n<h2>Der junge Schweizer Dirigent Laurent Zufferey wird neuer Assistant Conductor der Basel Sinfonietta. Er wird diese Position im auf zeitgen\u00f6ssische Musik spezialisierten Orchester bis Ende der Saison 2022\/23 einnehmen und dabei eng mit Principal Conductor Baldur Br\u00f6nnimann zusammenarbeiten.<\/h2>\n\n\n\n<div style=\"height:100px\" aria-hidden=\"true\" class=\"wp-block-spacer\"><\/div>\n\n\n\n<p><em>Pressemitteilung<\/em><\/p>\n\n\n\n<div style=\"height:100px\" aria-hidden=\"true\" class=\"wp-block-spacer\"><\/div>\n\n\n\n<p>Der 1993 in Sion (Schweiz) geborene Laurent Zufferey ist zum neuen Assistant Conductor der Basel Sinfonietta gew\u00e4hlt worden. Im Rahmen einer \u00f6ffentlichen Ausschreibung wurde er von einer Findungskommission als Assistent von Principal Conductor Baldur Br\u00f6nnimann gew\u00e4hlt.<\/p>\n\n\n\n<p>Laurent Zufferey studierte am Royal Northern College of Music in Manchester (Grossbritannien), wo er im Rahmen seines Studiums als Assistent des BBC Philharmonic Orchestra und des Royal Liverpool Philharmonic Orchestra t\u00e4tig war und mit renommierten Dirigenten wie Wassili Petrenko, Omer Meir Wellber und Joshua Weilerstein zusammenarbeitete.<\/p>\n\n\n\n<p>Laurent Zufferey kann bereits auf eine Zusammenarbeit mit renommierten Orchestern wie dem Orchestre Nationale de Metz, dem Stavanger Symphony Orchestra, der Manchester Camerata, der Philharmonie Sofia, den Augsburger Philharmonikern, dem Musikkorps der Bundeswehr, der M\u00e4hrischen Philharmonie, der Sinfonietta de Lausanne, der Kammerphilharmonie Graub\u00fcnden und dem Argovia Philharmonic zur\u00fcckblicken.<\/p>\n\n\n\n<p>Im Mai 2021 gewann Laurent Zufferey im Rahmen der von Paavo J\u00e4rvi geleiteten Tonhalle Conducting Academy den Publikumspreis. Im September 2021 wurde er zum musikalischen Leiter des Schweizer Ensembles Val\u00e9ik ernannt. Und im November 2021 gab er mit Loredana und dem Red Bull Symphonic sein Deb\u00fct im KKL Luzern.<\/p>\n\n\n\n<div style=\"height:20px\" aria-hidden=\"true\" class=\"wp-block-spacer\"><\/div>\n\n\n\n<blockquote class=\"wp-block-quote\"><p>\u00abWir freuen uns auf die Zusammenarbeit mit Laurent Zufferey, der uns durch seine Kompetenz, seine Pers\u00f6nlichkeit wie auch durch seine Begeisterung f\u00fcr zeitgen\u00f6ssische Musik \u00fcberzeugt hat. Als Vertreter der j\u00fcngsten Dirigentengeneration wird Laurent Zufferey bei uns die M\u00f6glichkeit geboten, wichtige berufliche Erfahrungen in der Zusammenarbeit mit einem grossen Orchester zu sammeln.\u00bb<\/p><cite> Daniela Martin, Gesch\u00e4ftsf\u00fchrerin der Basel Sinfonietta <\/cite><\/blockquote>\n\n\n\n<div style=\"height:20px\" aria-hidden=\"true\" class=\"wp-block-spacer\"><\/div>\n\n\n\n<p>Laurent Zufferey wird ab dem kommenden Mai Principal Conductor Baldur Br\u00f6nnimann in der Probearbeit unterst\u00fctzen und dabei Konzertprojekte der Basel Sinfonietta mit zahlreichen Urauff\u00fchrungen und Schweizer Erstauff\u00fchrungen mitgestalten.<\/p>\n\n\n\n<p>Die Stelle des Assistant Conductor ist Teil der Basel Sinfonietta Akademie, in deren Rahmen das Orchester jungen Musikerinnen, Dirigenten und Komponistinnen praktische Erfahrungen im Kontext zeitgen\u00f6ssischer Orchestermusik erm\u00f6glicht.<\/p>\n\n\n\n<div style=\"height:100px\" aria-hidden=\"true\" class=\"wp-block-spacer\"><\/div>\n\n\n\n<div class=\"wp-block-button aligncenter\"><a class=\"wp-block-button__link has-text-color has-very-dark-gray-color has-background has-luminous-vivid-amber-background-color\" href=\"https:\/\/www.baselsinfonietta.ch\/de\/\" target=\"_blank\" rel=\"noreferrer noopener\">Zur Webseite der Basel Sinfonietta<\/a><\/div>\n\n\n\n<div style=\"height:100px\" aria-hidden=\"true\" class=\"wp-block-spacer\"><\/div>\n\n\n\n<p class=\"has-small-font-size\">Foto: Alex Moldovan<\/p>\n\n\n\n<div style=\"height:100px\" aria-hidden=\"true\" class=\"wp-block-spacer\"><\/div>\n","protected":false},"excerpt":{"rendered":"<p>Der junge Schweizer Dirigent Laurent Zufferey wird neuer Assistant Conductor der Basel Sinfonietta. Er wird diese Position im auf zeitgen\u00f6ssische Musik spezialisierten Orchester bis Ende der Saison 2022\/23 einnehmen und dabei eng mit Principal Conductor Baldur Br\u00f6nnimann zusammenarbeiten. Pressemitteilung Der 1993 in Sion (Schweiz) geborene Laurent Zufferey ist zum neuen Assistant Conductor der Basel Sinfonietta [&hellip;]<\/p>\n","protected":false},"author":1,"featured_media":47760,"comment_status":"open","ping_status":"open","sticky":false,"template":"","format":"standard","meta":{"_monsterinsights_skip_tracking":false,"_monsterinsights_sitenote_active":false,"_monsterinsights_sitenote_note":"","_monsterinsights_sitenote_category":0},"categories":[2815,53],"tags":[6797,16422],"yoast_head":"<!-- This site is optimized with the Yoast SEO plugin v20.5 - https:\/\/yoast.com\/wordpress\/plugins\/seo\/ -->\n<title>Laurent Zufferey wird Assistant Conductor der Basel Sinfonietta I szenik<\/title>\n<meta name=\"description\" content=\"Laurent Zufferey wird diese Position im auf zeitgen\u00f6ssische Musik spezialisierten Orchester bis Ende der Saison 2022\/23 einnehmen.\" \/>\n<meta name=\"robots\" content=\"index, follow, max-snippet:-1, max-image-preview:large, max-video-preview:-1\" \/>\n<link rel=\"canonical\" href=\"https:\/\/www.szenik.eu\/de\/laurent-zufferey-wird-assistant-conductor-der-basel-sinfonietta-47759\" \/>\n<meta property=\"og:locale\" content=\"de_DE\" \/>\n<meta property=\"og:type\" content=\"article\" \/>\n<meta property=\"og:title\" content=\"Laurent Zufferey wird Assistant Conductor der Basel Sinfonietta I szenik\" \/>\n<meta property=\"og:description\" content=\"Laurent Zufferey wird diese Position im auf zeitgen\u00f6ssische Musik spezialisierten Orchester bis Ende der Saison 2022\/23 einnehmen.\" \/>\n<meta property=\"og:url\" content=\"https:\/\/www.szenik.eu\/de\/laurent-zufferey-wird-assistant-conductor-der-basel-sinfonietta-47759\" \/>\n<meta property=\"og:site_name\" content=\"szenik\" \/>\n<meta property=\"article:publisher\" content=\"https:\/\/www.facebook.com\/szenik.eu\/\" \/>\n<meta property=\"article:published_time\" content=\"2022-02-15T12:40:16+00:00\" \/>\n<meta property=\"article:modified_time\" content=\"2022-02-15T12:40:20+00:00\" \/>\n<meta property=\"og:image\" content=\"https:\/\/www.szenik.eu\/wp-content\/uploads\/2022\/02\/Laurent-Zufferey_Foto_Alex-Moldovan.jpg\" \/>\n\t<meta property=\"og:image:width\" content=\"2048\" \/>\n\t<meta property=\"og:image:height\" content=\"1365\" \/>\n\t<meta property=\"og:image:type\" content=\"image\/jpeg\" \/>\n<meta name=\"author\" content=\"szenik\" \/>\n<meta name=\"twitter:card\" content=\"summary_large_image\" \/>\n<meta name=\"twitter:creator\" content=\"@Szenik\" \/>\n<meta name=\"twitter:site\" content=\"@Szenik\" \/>\n<meta name=\"twitter:label1\" content=\"Verfasst von\" \/>\n\t<meta name=\"twitter:data1\" content=\"szenik\" \/>\n\t<meta name=\"twitter:label2\" content=\"Gesch\u00e4tzte Lesezeit\" \/>\n\t<meta name=\"twitter:data2\" content=\"2\u00a0Minuten\" \/>\n<script type=\"application\/ld+json\" class=\"yoast-schema-graph\">{\"@context\":\"https:\/\/schema.org\",\"@graph\":[{\"@type\":\"Article\",\"@id\":\"https:\/\/www.szenik.eu\/de\/laurent-zufferey-wird-assistant-conductor-der-basel-sinfonietta-47759#article\",\"isPartOf\":{\"@id\":\"https:\/\/www.szenik.eu\/de\/laurent-zufferey-wird-assistant-conductor-der-basel-sinfonietta-47759\"},\"author\":{\"name\":\"szenik\",\"@id\":\"https:\/\/www.szenik.eu\/de\/#\/schema\/person\/15f73f175b41bad194837490339d48fb\"},\"headline\":\"Laurent Zufferey wird Assistant Conductor der Basel Sinfonietta\",\"datePublished\":\"2022-02-15T12:40:16+00:00\",\"dateModified\":\"2022-02-15T12:40:20+00:00\",\"mainEntityOfPage\":{\"@id\":\"https:\/\/www.szenik.eu\/de\/laurent-zufferey-wird-assistant-conductor-der-basel-sinfonietta-47759\"},\"wordCount\":367,\"commentCount\":0,\"publisher\":{\"@id\":\"https:\/\/www.szenik.eu\/de\/#organization\"},\"keywords\":[\"Basel Sinfonietta\",\"Laurent Zufferey\"],\"articleSection\":[\"Kurz &amp; knackig\",\"Magazin\"],\"inLanguage\":\"de\",\"potentialAction\":[{\"@type\":\"CommentAction\",\"name\":\"Comment\",\"target\":[\"https:\/\/www.szenik.eu\/de\/laurent-zufferey-wird-assistant-conductor-der-basel-sinfonietta-47759#respond\"]}]},{\"@type\":\"WebPage\",\"@id\":\"https:\/\/www.szenik.eu\/de\/laurent-zufferey-wird-assistant-conductor-der-basel-sinfonietta-47759\",\"url\":\"https:\/\/www.szenik.eu\/de\/laurent-zufferey-wird-assistant-conductor-der-basel-sinfonietta-47759\",\"name\":\"Laurent Zufferey wird Assistant Conductor der Basel Sinfonietta I szenik\",\"isPartOf\":{\"@id\":\"https:\/\/www.szenik.eu\/de\/#website\"},\"datePublished\":\"2022-02-15T12:40:16+00:00\",\"dateModified\":\"2022-02-15T12:40:20+00:00\",\"description\":\"Laurent Zufferey wird diese Position im auf zeitgen\u00f6ssische Musik spezialisierten Orchester bis Ende der Saison 2022\/23 einnehmen.\",\"breadcrumb\":{\"@id\":\"https:\/\/www.szenik.eu\/de\/laurent-zufferey-wird-assistant-conductor-der-basel-sinfonietta-47759#breadcrumb\"},\"inLanguage\":\"de\",\"potentialAction\":[{\"@type\":\"ReadAction\",\"target\":[\"https:\/\/www.szenik.eu\/de\/laurent-zufferey-wird-assistant-conductor-der-basel-sinfonietta-47759\"]}]},{\"@type\":\"BreadcrumbList\",\"@id\":\"https:\/\/www.szenik.eu\/de\/laurent-zufferey-wird-assistant-conductor-der-basel-sinfonietta-47759#breadcrumb\",\"itemListElement\":[{\"@type\":\"ListItem\",\"position\":1,\"name\":\"Home\",\"item\":\"https:\/\/www.szenik.eu\/de\"},{\"@type\":\"ListItem\",\"position\":2,\"name\":\"Laurent Zufferey wird Assistant Conductor der Basel Sinfonietta\"}]},{\"@type\":\"WebSite\",\"@id\":\"https:\/\/www.szenik.eu\/de\/#website\",\"url\":\"https:\/\/www.szenik.eu\/de\/\",\"name\":\"szenik\",\"description\":\"Le Meilleur des sc\u00e8nes au coeur de l&#039;Europe\",\"publisher\":{\"@id\":\"https:\/\/www.szenik.eu\/de\/#organization\"},\"potentialAction\":[{\"@type\":\"SearchAction\",\"target\":{\"@type\":\"EntryPoint\",\"urlTemplate\":\"https:\/\/www.szenik.eu\/de\/?s={search_term_string}\"},\"query-input\":\"required name=search_term_string\"}],\"inLanguage\":\"de\"},{\"@type\":\"Organization\",\"@id\":\"https:\/\/www.szenik.eu\/de\/#organization\",\"name\":\"Szenik\",\"url\":\"https:\/\/www.szenik.eu\/de\/\",\"logo\":{\"@type\":\"ImageObject\",\"inLanguage\":\"de\",\"@id\":\"https:\/\/www.szenik.eu\/de\/#\/schema\/logo\/image\/\",\"url\":\"https:\/\/www.szenik.eu\/wp-content\/uploads\/2019\/07\/logo-square.png\",\"contentUrl\":\"https:\/\/www.szenik.eu\/wp-content\/uploads\/2019\/07\/logo-square.png\",\"width\":512,\"height\":512,\"caption\":\"Szenik\"},\"image\":{\"@id\":\"https:\/\/www.szenik.eu\/de\/#\/schema\/logo\/image\/\"},\"sameAs\":[\"https:\/\/www.facebook.com\/szenik.eu\/\",\"https:\/\/twitter.com\/Szenik\",\"https:\/\/www.instagram.com\/szenik_magazine\/\",\"https:\/\/www.youtube.com\/user\/SzenikEU\/\"]},{\"@type\":\"Person\",\"@id\":\"https:\/\/www.szenik.eu\/de\/#\/schema\/person\/15f73f175b41bad194837490339d48fb\",\"name\":\"szenik\",\"image\":{\"@type\":\"ImageObject\",\"inLanguage\":\"de\",\"@id\":\"https:\/\/www.szenik.eu\/de\/#\/schema\/person\/image\/\",\"url\":\"https:\/\/secure.gravatar.com\/avatar\/d1c4f19522a624a4eaa5e6c03e22370b?s=96&d=mm&r=g\",\"contentUrl\":\"https:\/\/secure.gravatar.com\/avatar\/d1c4f19522a624a4eaa5e6c03e22370b?s=96&d=mm&r=g\",\"caption\":\"szenik\"}}]}<\/script>\n<!-- \/ Yoast SEO plugin. -->","yoast_head_json":{"title":"Laurent Zufferey wird Assistant Conductor der Basel Sinfonietta I szenik","description":"Laurent Zufferey wird diese Position im auf zeitgen\u00f6ssische Musik spezialisierten Orchester bis Ende der Saison 2022\/23 einnehmen.","robots":{"index":"index","follow":"follow","max-snippet":"max-snippet:-1","max-image-preview":"max-image-preview:large","max-video-preview":"max-video-preview:-1"},"canonical":"https:\/\/www.szenik.eu\/de\/laurent-zufferey-wird-assistant-conductor-der-basel-sinfonietta-47759","og_locale":"de_DE","og_type":"article","og_title":"Laurent Zufferey wird Assistant Conductor der Basel Sinfonietta I szenik","og_description":"Laurent Zufferey wird diese Position im auf zeitgen\u00f6ssische Musik spezialisierten Orchester bis Ende der Saison 2022\/23 einnehmen.","og_url":"https:\/\/www.szenik.eu\/de\/laurent-zufferey-wird-assistant-conductor-der-basel-sinfonietta-47759","og_site_name":"szenik","article_publisher":"https:\/\/www.facebook.com\/szenik.eu\/","article_published_time":"2022-02-15T12:40:16+00:00","article_modified_time":"2022-02-15T12:40:20+00:00","og_image":[{"width":2048,"height":1365,"url":"https:\/\/www.szenik.eu\/wp-content\/uploads\/2022\/02\/Laurent-Zufferey_Foto_Alex-Moldovan.jpg","type":"image\/jpeg"}],"author":"szenik","twitter_card":"summary_large_image","twitter_creator":"@Szenik","twitter_site":"@Szenik","twitter_misc":{"Verfasst von":"szenik","Gesch\u00e4tzte Lesezeit":"2\u00a0Minuten"},"schema":{"@context":"https:\/\/schema.org","@graph":[{"@type":"Article","@id":"https:\/\/www.szenik.eu\/de\/laurent-zufferey-wird-assistant-conductor-der-basel-sinfonietta-47759#article","isPartOf":{"@id":"https:\/\/www.szenik.eu\/de\/laurent-zufferey-wird-assistant-conductor-der-basel-sinfonietta-47759"},"author":{"name":"szenik","@id":"https:\/\/www.szenik.eu\/de\/#\/schema\/person\/15f73f175b41bad194837490339d48fb"},"headline":"Laurent Zufferey wird Assistant Conductor der Basel Sinfonietta","datePublished":"2022-02-15T12:40:16+00:00","dateModified":"2022-02-15T12:40:20+00:00","mainEntityOfPage":{"@id":"https:\/\/www.szenik.eu\/de\/laurent-zufferey-wird-assistant-conductor-der-basel-sinfonietta-47759"},"wordCount":367,"commentCount":0,"publisher":{"@id":"https:\/\/www.szenik.eu\/de\/#organization"},"keywords":["Basel Sinfonietta","Laurent Zufferey"],"articleSection":["Kurz &amp; knackig","Magazin"],"inLanguage":"de","potentialAction":[{"@type":"CommentAction","name":"Comment","target":["https:\/\/www.szenik.eu\/de\/laurent-zufferey-wird-assistant-conductor-der-basel-sinfonietta-47759#respond"]}]},{"@type":"WebPage","@id":"https:\/\/www.szenik.eu\/de\/laurent-zufferey-wird-assistant-conductor-der-basel-sinfonietta-47759","url":"https:\/\/www.szenik.eu\/de\/laurent-zufferey-wird-assistant-conductor-der-basel-sinfonietta-47759","name":"Laurent Zufferey wird Assistant Conductor der Basel Sinfonietta I szenik","isPartOf":{"@id":"https:\/\/www.szenik.eu\/de\/#website"},"datePublished":"2022-02-15T12:40:16+00:00","dateModified":"2022-02-15T12:40:20+00:00","description":"Laurent Zufferey wird diese Position im auf zeitgen\u00f6ssische Musik spezialisierten Orchester bis Ende der Saison 2022\/23 einnehmen.","breadcrumb":{"@id":"https:\/\/www.szenik.eu\/de\/laurent-zufferey-wird-assistant-conductor-der-basel-sinfonietta-47759#breadcrumb"},"inLanguage":"de","potentialAction":[{"@type":"ReadAction","target":["https:\/\/www.szenik.eu\/de\/laurent-zufferey-wird-assistant-conductor-der-basel-sinfonietta-47759"]}]},{"@type":"BreadcrumbList","@id":"https:\/\/www.szenik.eu\/de\/laurent-zufferey-wird-assistant-conductor-der-basel-sinfonietta-47759#breadcrumb","itemListElement":[{"@type":"ListItem","position":1,"name":"Home","item":"https:\/\/www.szenik.eu\/de"},{"@type":"ListItem","position":2,"name":"Laurent Zufferey wird Assistant Conductor der Basel Sinfonietta"}]},{"@type":"WebSite","@id":"https:\/\/www.szenik.eu\/de\/#website","url":"https:\/\/www.szenik.eu\/de\/","name":"szenik","description":"Le Meilleur des sc\u00e8nes au coeur de l&#039;Europe","publisher":{"@id":"https:\/\/www.szenik.eu\/de\/#organization"},"potentialAction":[{"@type":"SearchAction","target":{"@type":"EntryPoint","urlTemplate":"https:\/\/www.szenik.eu\/de\/?s={search_term_string}"},"query-input":"required name=search_term_string"}],"inLanguage":"de"},{"@type":"Organization","@id":"https:\/\/www.szenik.eu\/de\/#organization","name":"Szenik","url":"https:\/\/www.szenik.eu\/de\/","logo":{"@type":"ImageObject","inLanguage":"de","@id":"https:\/\/www.szenik.eu\/de\/#\/schema\/logo\/image\/","url":"https:\/\/www.szenik.eu\/wp-content\/uploads\/2019\/07\/logo-square.png","contentUrl":"https:\/\/www.szenik.eu\/wp-content\/uploads\/2019\/07\/logo-square.png","width":512,"height":512,"caption":"Szenik"},"image":{"@id":"https:\/\/www.szenik.eu\/de\/#\/schema\/logo\/image\/"},"sameAs":["https:\/\/www.facebook.com\/szenik.eu\/","https:\/\/twitter.com\/Szenik","https:\/\/www.instagram.com\/szenik_magazine\/","https:\/\/www.youtube.com\/user\/SzenikEU\/"]},{"@type":"Person","@id":"https:\/\/www.szenik.eu\/de\/#\/schema\/person\/15f73f175b41bad194837490339d48fb","name":"szenik","image":{"@type":"ImageObject","inLanguage":"de","@id":"https:\/\/www.szenik.eu\/de\/#\/schema\/person\/image\/","url":"https:\/\/secure.gravatar.com\/avatar\/d1c4f19522a624a4eaa5e6c03e22370b?s=96&d=mm&r=g","contentUrl":"https:\/\/secure.gravatar.com\/avatar\/d1c4f19522a624a4eaa5e6c03e22370b?s=96&d=mm&r=g","caption":"szenik"}}]}},"jetpack_featured_media_url":"https:\/\/www.szenik.eu\/wp-content\/uploads\/2022\/02\/Laurent-Zufferey_Foto_Alex-Moldovan.jpg","amp_enabled":true,"_links":{"self":[{"href":"https:\/\/www.szenik.eu\/de\/wp-json\/\/wp\/v2\/posts\/47759"}],"collection":[{"href":"https:\/\/www.szenik.eu\/de\/wp-json\/\/wp\/v2\/posts"}],"about":[{"href":"https:\/\/www.szenik.eu\/de\/wp-json\/\/wp\/v2\/types\/post"}],"author":[{"embeddable":true,"href":"https:\/\/www.szenik.eu\/de\/wp-json\/\/wp\/v2\/users\/1"}],"replies":[{"embeddable":true,"href":"https:\/\/www.szenik.eu\/de\/wp-json\/\/wp\/v2\/comments?post=47759"}],"version-history":[{"count":1,"href":"https:\/\/www.szenik.eu\/de\/wp-json\/\/wp\/v2\/posts\/47759\/revisions"}],"predecessor-version":[{"id":47762,"href":"https:\/\/www.szenik.eu\/de\/wp-json\/\/wp\/v2\/posts\/47759\/revisions\/47762"}],"wp:featuredmedia":[{"embeddable":true,"href":"https:\/\/www.szenik.eu\/de\/wp-json\/\/wp\/v2\/media\/47760"}],"wp:attachment":[{"href":"https:\/\/www.szenik.eu\/de\/wp-json\/\/wp\/v2\/media?parent=47759"}],"wp:term":[{"taxonomy":"category","embeddable":true,"href":"https:\/\/www.szenik.eu\/de\/wp-json\/\/wp\/v2\/categories?post=47759"},{"taxonomy":"post_tag","embeddable":true,"href":"https:\/\/www.szenik.eu\/de\/wp-json\/\/wp\/v2\/tags?post=47759"}],"curies":[{"name":"wp","href":"https:\/\/api.w.org\/{rel}","templated":true}]}}