{"id":47675,"date":"2022-02-14T08:25:02","date_gmt":"2022-02-14T07:25:02","guid":{"rendered":"https:\/\/www.szenik.eu\/?p=47675\/"},"modified":"2022-02-14T08:25:10","modified_gmt":"2022-02-14T07:25:10","slug":"theater-pforzheim-das-neue-leitungsteam-stellt-sich-vor","status":"publish","type":"post","link":"https:\/\/www.szenik.eu\/de\/theater-pforzheim-das-neue-leitungsteam-stellt-sich-vor-47675","title":{"rendered":"Theater Pforzheim: Das neue Leitungsteam stellt sich vor"},"content":{"rendered":"\n<h2>Pforzheim.\u00a0Am Theater Pforzheim hat sich das neue Leitungsteam zusammengefunden. Unter dem Leitgedanken \u201eZukunft \u2013 wie wollen und wie werden wir leben?&#8220;\u00a0werden der designierte Intendant Markus Hertel und Verwaltungsdirektor Uwe D\u00fcrigen ab September dieses Jahres das Dreispartenhaus am Waisenhausplatz leiten.\u00a0<\/h2>\n\n\n\n<div style=\"height:100px\" aria-hidden=\"true\" class=\"wp-block-spacer\"><\/div>\n\n\n\n<p><em>Pressemitteilung<\/em><\/p>\n\n\n\n<div style=\"height:100px\" aria-hidden=\"true\" class=\"wp-block-spacer\"><\/div>\n\n\n\n<p>Die Ver\u00e4nderungen am Theater bringen neue Mitarbeiterinnen und Mitarbeiter mit bereits am Hause etablierten Theaterleuten zusammen. Neben dem designierten Intendanten <strong>Markus Hertel<\/strong> wechseln ab der kommenden Spielzeit <strong>Andreas Frane<\/strong> als Schauspieldirektor und Stellvertreter des Intendanten in k\u00fcnstlerischen Fragen, die neue Leiterin des Jungen Theaters <strong>Stephanie Kuhlmann<\/strong> und Ausstattungsleiterin <strong>Esther B\u00e4tschmann<\/strong> nach Pforzheim. <\/p>\n\n\n\n<p>Alle haben bereits an verschiedenen Theatern im ganzen deutschsprachigen Raum ihre Kreativit\u00e4t und Kompetenz unter Beweis gestellt. Zu den bew\u00e4hrten St\u00fctzen des k\u00fcnstlerischen Leitungsteams geh\u00f6ren Generalmusikdirektor <strong>Robin Davis<\/strong>, Ballettdirektor <strong>Guido Markowitz<\/strong>, die Dramaturginnen <strong>Ulrike Brambeer<\/strong>, <strong>Inken Meents <\/strong>und <strong>Alexandra Karabelas<\/strong> sowie der technische Direktor <strong>Thomas Kalkofen<\/strong>. <\/p>\n\n\n\n<p>\u201eDas Wort &#8222;Wir&#8220; in unserem Leitgedanken nehmen wir als neue Theaterleitung w\u00f6rtlich und ernst\u201c, so der designierte Intendant Markus Hertel, und weiter: \u201eGemeinsam wollen wir inhaltlich, k\u00fcnstlerisch und \u00e4sthetisch das Theater Pforzheim in der Stadt, der Region und dar\u00fcber hinaus mit Lust und einem gesch\u00e4rften Blick auf die Gegenwart in die Zukunft f\u00fchren\u201c.<\/p>\n\n\n\n<p>Verwaltungsdirektor Uwe D\u00fcrigen f\u00fcgt hinzu:\u00a0\u201eEin wichtiges Fundament spannender Theaterarbeit ist die kontinuierliche Weiterentwicklung k\u00fcnstlerischer, aber auch Management- und technischer Prozesse. Ich freue mich auf den neuen, gemeinsamen Weg, der von einem starken \u201aWir-Gef\u00fchl\u2018 getragen sein wird.\u201c<\/p>\n\n\n\n<div style=\"height:100px\" aria-hidden=\"true\" class=\"wp-block-spacer\"><\/div>\n\n\n\n<div class=\"wp-block-button aligncenter\"><a class=\"wp-block-button__link has-text-color has-very-dark-gray-color has-background has-luminous-vivid-amber-background-color\" href=\"https:\/\/www.theater-pforzheim.de\" target=\"_blank\" rel=\"noreferrer noopener\">Zur Webseite des Theaters Pforzheim<\/a><\/div>\n\n\n\n<div style=\"height:100px\" aria-hidden=\"true\" class=\"wp-block-spacer\"><\/div>\n\n\n\n<p class=\"has-small-font-size\">Foto: Tilo Keller<\/p>\n\n\n\n<div style=\"height:100px\" aria-hidden=\"true\" class=\"wp-block-spacer\"><\/div>\n","protected":false},"excerpt":{"rendered":"<p>Pforzheim.\u00a0Am Theater Pforzheim hat sich das neue Leitungsteam zusammengefunden. Unter dem Leitgedanken \u201eZukunft \u2013 wie wollen und wie werden wir leben?&#8220;\u00a0werden der designierte Intendant Markus Hertel und Verwaltungsdirektor Uwe D\u00fcrigen ab September dieses Jahres das Dreispartenhaus am Waisenhausplatz leiten.\u00a0 Pressemitteilung Die Ver\u00e4nderungen am Theater bringen neue Mitarbeiterinnen und Mitarbeiter mit bereits am Hause etablierten Theaterleuten [&hellip;]<\/p>\n","protected":false},"author":1,"featured_media":47676,"comment_status":"open","ping_status":"open","sticky":false,"template":"","format":"standard","meta":{"_monsterinsights_skip_tracking":false,"_monsterinsights_sitenote_active":false,"_monsterinsights_sitenote_note":"","_monsterinsights_sitenote_category":0},"categories":[2815,53],"tags":[16366,16361,16363,5217,16365,10818,12150,16362,2276,16367,16364],"yoast_head":"<!-- This site is optimized with the Yoast SEO plugin v20.5 - https:\/\/yoast.com\/wordpress\/plugins\/seo\/ -->\n<title>Theater Pforzheim: Das neue Leitungsteam stellt sich vor I szenik<\/title>\n<meta name=\"description\" content=\"Am Theater Pforzheim hat sich das neue Leitungsteam zusammengefunden. Markus Hertel und Uwe D\u00fcrigen werden ab September die Leitung \u00fcbernehmen.\" \/>\n<meta name=\"robots\" content=\"index, follow, max-snippet:-1, max-image-preview:large, max-video-preview:-1\" \/>\n<link rel=\"canonical\" href=\"https:\/\/www.szenik.eu\/de\/theater-pforzheim-das-neue-leitungsteam-stellt-sich-vor-47675\" \/>\n<meta property=\"og:locale\" content=\"de_DE\" \/>\n<meta property=\"og:type\" content=\"article\" \/>\n<meta property=\"og:title\" content=\"Theater Pforzheim: Das neue Leitungsteam stellt sich vor I szenik\" \/>\n<meta property=\"og:description\" content=\"Am Theater Pforzheim hat sich das neue Leitungsteam zusammengefunden. Markus Hertel und Uwe D\u00fcrigen werden ab September die Leitung \u00fcbernehmen.\" \/>\n<meta property=\"og:url\" content=\"https:\/\/www.szenik.eu\/de\/theater-pforzheim-das-neue-leitungsteam-stellt-sich-vor-47675\" \/>\n<meta property=\"og:site_name\" content=\"szenik\" \/>\n<meta property=\"article:publisher\" content=\"https:\/\/www.facebook.com\/szenik.eu\/\" \/>\n<meta property=\"article:published_time\" content=\"2022-02-14T07:25:02+00:00\" \/>\n<meta property=\"article:modified_time\" content=\"2022-02-14T07:25:10+00:00\" \/>\n<meta property=\"og:image\" content=\"https:\/\/www.szenik.eu\/wp-content\/uploads\/2022\/02\/Capture-d\u2019\u00e9cran-2022-02-14-\u00e0-08.20.07.png\" \/>\n\t<meta property=\"og:image:width\" content=\"1076\" \/>\n\t<meta property=\"og:image:height\" content=\"688\" \/>\n\t<meta property=\"og:image:type\" content=\"image\/png\" \/>\n<meta name=\"author\" content=\"szenik\" \/>\n<meta name=\"twitter:card\" content=\"summary_large_image\" \/>\n<meta name=\"twitter:creator\" content=\"@Szenik\" \/>\n<meta name=\"twitter:site\" content=\"@Szenik\" \/>\n<meta name=\"twitter:label1\" content=\"Verfasst von\" \/>\n\t<meta name=\"twitter:data1\" content=\"szenik\" \/>\n\t<meta name=\"twitter:label2\" content=\"Gesch\u00e4tzte Lesezeit\" \/>\n\t<meta name=\"twitter:data2\" content=\"1\u00a0Minute\" \/>\n<script type=\"application\/ld+json\" class=\"yoast-schema-graph\">{\"@context\":\"https:\/\/schema.org\",\"@graph\":[{\"@type\":\"Article\",\"@id\":\"https:\/\/www.szenik.eu\/de\/theater-pforzheim-das-neue-leitungsteam-stellt-sich-vor-47675#article\",\"isPartOf\":{\"@id\":\"https:\/\/www.szenik.eu\/de\/theater-pforzheim-das-neue-leitungsteam-stellt-sich-vor-47675\"},\"author\":{\"name\":\"szenik\",\"@id\":\"https:\/\/www.szenik.eu\/de\/#\/schema\/person\/15f73f175b41bad194837490339d48fb\"},\"headline\":\"Theater Pforzheim: Das neue Leitungsteam stellt sich vor\",\"datePublished\":\"2022-02-14T07:25:02+00:00\",\"dateModified\":\"2022-02-14T07:25:10+00:00\",\"mainEntityOfPage\":{\"@id\":\"https:\/\/www.szenik.eu\/de\/theater-pforzheim-das-neue-leitungsteam-stellt-sich-vor-47675\"},\"wordCount\":263,\"commentCount\":0,\"publisher\":{\"@id\":\"https:\/\/www.szenik.eu\/de\/#organization\"},\"keywords\":[\"Alexandra Karabelas\",\"Andreas Frane\",\"Esther B\u00e4tschmann\",\"Guido Markowitz\",\"Inken Meens\",\"Markus Hertel\",\"Robin Davis\",\"Stephanie Kuhlmann\",\"Theater Pforzheim\",\"Thomas Kalkofen\",\"Ulrike Brambeer\"],\"articleSection\":[\"Kurz &amp; knackig\",\"Magazin\"],\"inLanguage\":\"de\",\"potentialAction\":[{\"@type\":\"CommentAction\",\"name\":\"Comment\",\"target\":[\"https:\/\/www.szenik.eu\/de\/theater-pforzheim-das-neue-leitungsteam-stellt-sich-vor-47675#respond\"]}]},{\"@type\":\"WebPage\",\"@id\":\"https:\/\/www.szenik.eu\/de\/theater-pforzheim-das-neue-leitungsteam-stellt-sich-vor-47675\",\"url\":\"https:\/\/www.szenik.eu\/de\/theater-pforzheim-das-neue-leitungsteam-stellt-sich-vor-47675\",\"name\":\"Theater Pforzheim: Das neue Leitungsteam stellt sich vor I szenik\",\"isPartOf\":{\"@id\":\"https:\/\/www.szenik.eu\/de\/#website\"},\"datePublished\":\"2022-02-14T07:25:02+00:00\",\"dateModified\":\"2022-02-14T07:25:10+00:00\",\"description\":\"Am Theater Pforzheim hat sich das neue Leitungsteam zusammengefunden. Markus Hertel und Uwe D\u00fcrigen werden ab September die Leitung \u00fcbernehmen.\",\"breadcrumb\":{\"@id\":\"https:\/\/www.szenik.eu\/de\/theater-pforzheim-das-neue-leitungsteam-stellt-sich-vor-47675#breadcrumb\"},\"inLanguage\":\"de\",\"potentialAction\":[{\"@type\":\"ReadAction\",\"target\":[\"https:\/\/www.szenik.eu\/de\/theater-pforzheim-das-neue-leitungsteam-stellt-sich-vor-47675\"]}]},{\"@type\":\"BreadcrumbList\",\"@id\":\"https:\/\/www.szenik.eu\/de\/theater-pforzheim-das-neue-leitungsteam-stellt-sich-vor-47675#breadcrumb\",\"itemListElement\":[{\"@type\":\"ListItem\",\"position\":1,\"name\":\"Home\",\"item\":\"https:\/\/www.szenik.eu\/de\"},{\"@type\":\"ListItem\",\"position\":2,\"name\":\"Theater Pforzheim: Das neue Leitungsteam stellt sich vor\"}]},{\"@type\":\"WebSite\",\"@id\":\"https:\/\/www.szenik.eu\/de\/#website\",\"url\":\"https:\/\/www.szenik.eu\/de\/\",\"name\":\"szenik\",\"description\":\"Le Meilleur des sc\u00e8nes au coeur de l&#039;Europe\",\"publisher\":{\"@id\":\"https:\/\/www.szenik.eu\/de\/#organization\"},\"potentialAction\":[{\"@type\":\"SearchAction\",\"target\":{\"@type\":\"EntryPoint\",\"urlTemplate\":\"https:\/\/www.szenik.eu\/de\/?s={search_term_string}\"},\"query-input\":\"required name=search_term_string\"}],\"inLanguage\":\"de\"},{\"@type\":\"Organization\",\"@id\":\"https:\/\/www.szenik.eu\/de\/#organization\",\"name\":\"Szenik\",\"url\":\"https:\/\/www.szenik.eu\/de\/\",\"logo\":{\"@type\":\"ImageObject\",\"inLanguage\":\"de\",\"@id\":\"https:\/\/www.szenik.eu\/de\/#\/schema\/logo\/image\/\",\"url\":\"https:\/\/www.szenik.eu\/wp-content\/uploads\/2019\/07\/logo-square.png\",\"contentUrl\":\"https:\/\/www.szenik.eu\/wp-content\/uploads\/2019\/07\/logo-square.png\",\"width\":512,\"height\":512,\"caption\":\"Szenik\"},\"image\":{\"@id\":\"https:\/\/www.szenik.eu\/de\/#\/schema\/logo\/image\/\"},\"sameAs\":[\"https:\/\/www.facebook.com\/szenik.eu\/\",\"https:\/\/twitter.com\/Szenik\",\"https:\/\/www.instagram.com\/szenik_magazine\/\",\"https:\/\/www.youtube.com\/user\/SzenikEU\/\"]},{\"@type\":\"Person\",\"@id\":\"https:\/\/www.szenik.eu\/de\/#\/schema\/person\/15f73f175b41bad194837490339d48fb\",\"name\":\"szenik\",\"image\":{\"@type\":\"ImageObject\",\"inLanguage\":\"de\",\"@id\":\"https:\/\/www.szenik.eu\/de\/#\/schema\/person\/image\/\",\"url\":\"https:\/\/secure.gravatar.com\/avatar\/d1c4f19522a624a4eaa5e6c03e22370b?s=96&d=mm&r=g\",\"contentUrl\":\"https:\/\/secure.gravatar.com\/avatar\/d1c4f19522a624a4eaa5e6c03e22370b?s=96&d=mm&r=g\",\"caption\":\"szenik\"}}]}<\/script>\n<!-- \/ Yoast SEO plugin. -->","yoast_head_json":{"title":"Theater Pforzheim: Das neue Leitungsteam stellt sich vor I szenik","description":"Am Theater Pforzheim hat sich das neue Leitungsteam zusammengefunden. Markus Hertel und Uwe D\u00fcrigen werden ab September die Leitung \u00fcbernehmen.","robots":{"index":"index","follow":"follow","max-snippet":"max-snippet:-1","max-image-preview":"max-image-preview:large","max-video-preview":"max-video-preview:-1"},"canonical":"https:\/\/www.szenik.eu\/de\/theater-pforzheim-das-neue-leitungsteam-stellt-sich-vor-47675","og_locale":"de_DE","og_type":"article","og_title":"Theater Pforzheim: Das neue Leitungsteam stellt sich vor I szenik","og_description":"Am Theater Pforzheim hat sich das neue Leitungsteam zusammengefunden. Markus Hertel und Uwe D\u00fcrigen werden ab September die Leitung \u00fcbernehmen.","og_url":"https:\/\/www.szenik.eu\/de\/theater-pforzheim-das-neue-leitungsteam-stellt-sich-vor-47675","og_site_name":"szenik","article_publisher":"https:\/\/www.facebook.com\/szenik.eu\/","article_published_time":"2022-02-14T07:25:02+00:00","article_modified_time":"2022-02-14T07:25:10+00:00","og_image":[{"width":1076,"height":688,"url":"https:\/\/www.szenik.eu\/wp-content\/uploads\/2022\/02\/Capture-d\u2019\u00e9cran-2022-02-14-\u00e0-08.20.07.png","type":"image\/png"}],"author":"szenik","twitter_card":"summary_large_image","twitter_creator":"@Szenik","twitter_site":"@Szenik","twitter_misc":{"Verfasst von":"szenik","Gesch\u00e4tzte Lesezeit":"1\u00a0Minute"},"schema":{"@context":"https:\/\/schema.org","@graph":[{"@type":"Article","@id":"https:\/\/www.szenik.eu\/de\/theater-pforzheim-das-neue-leitungsteam-stellt-sich-vor-47675#article","isPartOf":{"@id":"https:\/\/www.szenik.eu\/de\/theater-pforzheim-das-neue-leitungsteam-stellt-sich-vor-47675"},"author":{"name":"szenik","@id":"https:\/\/www.szenik.eu\/de\/#\/schema\/person\/15f73f175b41bad194837490339d48fb"},"headline":"Theater Pforzheim: Das neue Leitungsteam stellt sich vor","datePublished":"2022-02-14T07:25:02+00:00","dateModified":"2022-02-14T07:25:10+00:00","mainEntityOfPage":{"@id":"https:\/\/www.szenik.eu\/de\/theater-pforzheim-das-neue-leitungsteam-stellt-sich-vor-47675"},"wordCount":263,"commentCount":0,"publisher":{"@id":"https:\/\/www.szenik.eu\/de\/#organization"},"keywords":["Alexandra Karabelas","Andreas Frane","Esther B\u00e4tschmann","Guido Markowitz","Inken Meens","Markus Hertel","Robin Davis","Stephanie Kuhlmann","Theater Pforzheim","Thomas Kalkofen","Ulrike Brambeer"],"articleSection":["Kurz &amp; knackig","Magazin"],"inLanguage":"de","potentialAction":[{"@type":"CommentAction","name":"Comment","target":["https:\/\/www.szenik.eu\/de\/theater-pforzheim-das-neue-leitungsteam-stellt-sich-vor-47675#respond"]}]},{"@type":"WebPage","@id":"https:\/\/www.szenik.eu\/de\/theater-pforzheim-das-neue-leitungsteam-stellt-sich-vor-47675","url":"https:\/\/www.szenik.eu\/de\/theater-pforzheim-das-neue-leitungsteam-stellt-sich-vor-47675","name":"Theater Pforzheim: Das neue Leitungsteam stellt sich vor I szenik","isPartOf":{"@id":"https:\/\/www.szenik.eu\/de\/#website"},"datePublished":"2022-02-14T07:25:02+00:00","dateModified":"2022-02-14T07:25:10+00:00","description":"Am Theater Pforzheim hat sich das neue Leitungsteam zusammengefunden. Markus Hertel und Uwe D\u00fcrigen werden ab September die Leitung \u00fcbernehmen.","breadcrumb":{"@id":"https:\/\/www.szenik.eu\/de\/theater-pforzheim-das-neue-leitungsteam-stellt-sich-vor-47675#breadcrumb"},"inLanguage":"de","potentialAction":[{"@type":"ReadAction","target":["https:\/\/www.szenik.eu\/de\/theater-pforzheim-das-neue-leitungsteam-stellt-sich-vor-47675"]}]},{"@type":"BreadcrumbList","@id":"https:\/\/www.szenik.eu\/de\/theater-pforzheim-das-neue-leitungsteam-stellt-sich-vor-47675#breadcrumb","itemListElement":[{"@type":"ListItem","position":1,"name":"Home","item":"https:\/\/www.szenik.eu\/de"},{"@type":"ListItem","position":2,"name":"Theater Pforzheim: Das neue Leitungsteam stellt sich vor"}]},{"@type":"WebSite","@id":"https:\/\/www.szenik.eu\/de\/#website","url":"https:\/\/www.szenik.eu\/de\/","name":"szenik","description":"Le Meilleur des sc\u00e8nes au coeur de l&#039;Europe","publisher":{"@id":"https:\/\/www.szenik.eu\/de\/#organization"},"potentialAction":[{"@type":"SearchAction","target":{"@type":"EntryPoint","urlTemplate":"https:\/\/www.szenik.eu\/de\/?s={search_term_string}"},"query-input":"required name=search_term_string"}],"inLanguage":"de"},{"@type":"Organization","@id":"https:\/\/www.szenik.eu\/de\/#organization","name":"Szenik","url":"https:\/\/www.szenik.eu\/de\/","logo":{"@type":"ImageObject","inLanguage":"de","@id":"https:\/\/www.szenik.eu\/de\/#\/schema\/logo\/image\/","url":"https:\/\/www.szenik.eu\/wp-content\/uploads\/2019\/07\/logo-square.png","contentUrl":"https:\/\/www.szenik.eu\/wp-content\/uploads\/2019\/07\/logo-square.png","width":512,"height":512,"caption":"Szenik"},"image":{"@id":"https:\/\/www.szenik.eu\/de\/#\/schema\/logo\/image\/"},"sameAs":["https:\/\/www.facebook.com\/szenik.eu\/","https:\/\/twitter.com\/Szenik","https:\/\/www.instagram.com\/szenik_magazine\/","https:\/\/www.youtube.com\/user\/SzenikEU\/"]},{"@type":"Person","@id":"https:\/\/www.szenik.eu\/de\/#\/schema\/person\/15f73f175b41bad194837490339d48fb","name":"szenik","image":{"@type":"ImageObject","inLanguage":"de","@id":"https:\/\/www.szenik.eu\/de\/#\/schema\/person\/image\/","url":"https:\/\/secure.gravatar.com\/avatar\/d1c4f19522a624a4eaa5e6c03e22370b?s=96&d=mm&r=g","contentUrl":"https:\/\/secure.gravatar.com\/avatar\/d1c4f19522a624a4eaa5e6c03e22370b?s=96&d=mm&r=g","caption":"szenik"}}]}},"jetpack_featured_media_url":"https:\/\/www.szenik.eu\/wp-content\/uploads\/2022\/02\/Capture-d\u2019\u00e9cran-2022-02-14-\u00e0-08.20.07.png","amp_enabled":true,"_links":{"self":[{"href":"https:\/\/www.szenik.eu\/de\/wp-json\/\/wp\/v2\/posts\/47675"}],"collection":[{"href":"https:\/\/www.szenik.eu\/de\/wp-json\/\/wp\/v2\/posts"}],"about":[{"href":"https:\/\/www.szenik.eu\/de\/wp-json\/\/wp\/v2\/types\/post"}],"author":[{"embeddable":true,"href":"https:\/\/www.szenik.eu\/de\/wp-json\/\/wp\/v2\/users\/1"}],"replies":[{"embeddable":true,"href":"https:\/\/www.szenik.eu\/de\/wp-json\/\/wp\/v2\/comments?post=47675"}],"version-history":[{"count":1,"href":"https:\/\/www.szenik.eu\/de\/wp-json\/\/wp\/v2\/posts\/47675\/revisions"}],"predecessor-version":[{"id":47678,"href":"https:\/\/www.szenik.eu\/de\/wp-json\/\/wp\/v2\/posts\/47675\/revisions\/47678"}],"wp:featuredmedia":[{"embeddable":true,"href":"https:\/\/www.szenik.eu\/de\/wp-json\/\/wp\/v2\/media\/47676"}],"wp:attachment":[{"href":"https:\/\/www.szenik.eu\/de\/wp-json\/\/wp\/v2\/media?parent=47675"}],"wp:term":[{"taxonomy":"category","embeddable":true,"href":"https:\/\/www.szenik.eu\/de\/wp-json\/\/wp\/v2\/categories?post=47675"},{"taxonomy":"post_tag","embeddable":true,"href":"https:\/\/www.szenik.eu\/de\/wp-json\/\/wp\/v2\/tags?post=47675"}],"curies":[{"name":"wp","href":"https:\/\/api.w.org\/{rel}","templated":true}]}}