{"id":47575,"date":"2022-02-09T08:40:25","date_gmt":"2022-02-09T07:40:25","guid":{"rendered":"https:\/\/www.szenik.eu\/?p=47575\/"},"modified":"2022-02-09T08:40:30","modified_gmt":"2022-02-09T07:40:30","slug":"tilmann-proellochs-wird-neuer-geschaeftsfuehrender-intendant-des-nationaltheaters-mannheim","status":"publish","type":"post","link":"https:\/\/www.szenik.eu\/de\/tilmann-proellochs-wird-neuer-geschaeftsfuehrender-intendant-des-nationaltheaters-mannheim-47575","title":{"rendered":"Tilmann Pr\u00f6llochs wird neuer Gesch\u00e4ftsf\u00fchrender Intendant des Nationaltheaters Mannheim"},"content":{"rendered":"\n<h2>Tilmann Pr\u00f6llochs wird in Nachfolge von Marc Stefan Sickel neuer Gesch\u00e4ftsf\u00fchrender Intendant und Erster Eigenbetriebsleiter des Nationaltheaters Mannheim (NTM). Nach Vorberatung im Kulturausschuss hat der Gemeinderat heute der Personalie in nicht\u00f6ffentlicher Sitzung zugestimmt.<\/h2>\n\n\n\n<div style=\"height:100px\" aria-hidden=\"true\" class=\"wp-block-spacer\"><\/div>\n\n\n\n<p><em>Presseinformation<\/em><\/p>\n\n\n\n<div style=\"height:100px\" aria-hidden=\"true\" class=\"wp-block-spacer\"><\/div>\n\n\n\n<p>Neben der wirtschaftlichen Gesamtverantwortung und der Leitung der sparten\u00fcbergreifend arbeitenden Bereiche und Abteilungen des Theaters werden insbesondere die Generalsanierung des Hauses am Goetheplatz sowie der Betrieb der Ersatzspielst\u00e4tten w\u00e4hrend der Sanierungsphase im Fokus seiner T\u00e4tigkeit stehen. Sein Vertrag am Nationaltheater ist gem\u00e4\u00df der Regelungen zur Besetzung von F\u00fchrungspositionen der Stadt Mannheim zun\u00e4chst bis zum 31. August 2027 befristet.<\/p>\n\n\n\n<p>\u201eTilmann Pr\u00f6llochs verantwortet seit drei\u00dfig Jahren die finanzielle und organisatorische Steuerung von Theatern und begleitete bereits verschiedene Sanierungsma\u00dfnahmen. Mit seiner langj\u00e4hrigen Erfahrung und seiner Pers\u00f6nlichkeit sehen wir ihn f\u00fcr die erfolgreiche Umsetzung&nbsp;des komplexen Gro\u00dfprojekts \u201aGeneralsanierung\u2018 mit den besonderen Herausforderungen in den&nbsp;davon betroffenen Spielzeiten gut gewappnet\u201c, erkl\u00e4rt Oberb\u00fcrgermeister Dr. Peter Kurz.<\/p>\n\n\n\n<div style=\"height:20px\" aria-hidden=\"true\" class=\"wp-block-spacer\"><\/div>\n\n\n\n<blockquote class=\"wp-block-quote\"><p>\u201eWir haben Tilmann Pr\u00f6llochs als kompetenten und sachverst\u00e4ndigen Verwaltungs- und Theatermann kennengelernt. F\u00fcr die Steuerung und Moderation des gesamten Prozesses der Generalsanierung sowohl nach innen als auch nach au\u00dfen bringt er gute Voraussetzungen mit.\u00a0F\u00fcr die neue berufliche Herausforderung in Mannheim w\u00fcnschen wir ihm viel Erfolg\u201c, <\/p><cite>so\u00a0Kulturb\u00fcrgermeister Michael Gr\u00f6tsch.<\/cite><\/blockquote>\n\n\n\n<div style=\"height:20px\" aria-hidden=\"true\" class=\"wp-block-spacer\"><\/div>\n\n\n\n<p>Tilmann Pr\u00f6llochs freut sich auf die neue Aufgabe in Mannheim: <\/p>\n\n\n\n<div style=\"height:20px\" aria-hidden=\"true\" class=\"wp-block-spacer\"><\/div>\n\n\n\n<blockquote class=\"wp-block-quote\"><p>\u201eIch bedanke mich f\u00fcr das\u00a0Vertrauen, das mir der Gemeinderat und die Spitze der Stadt Mannheim sowie das Intendant:innen-Team des Nationaltheaters mit der Wahl zum Gesch\u00e4ftsf\u00fchrenden Intendanten entgegengebracht haben. Es ehrt und verpflichtet mich gleicherma\u00dfen. Gleichzeitig freut es mich ungemein, zuk\u00fcnftig in diesem Leitungsmodell wirken zu d\u00fcrfen und die so wichtigeAufgabe der Generalsanierung des Theaterbaus \u00fcbertragen bekommen zu haben.\u201c<\/p><\/blockquote>\n\n\n\n<div style=\"height:20px\" aria-hidden=\"true\" class=\"wp-block-spacer\"><\/div>\n\n\n\n<p><strong>Tilmann Pr\u00f6llochs<\/strong>, 1966 in K\u00fcnzelsau geboren, ist seit 2010 Verwaltungsleiter des Oldenburgischen Staatstheaters. Zuvor war er von 1994 bis 2010 Verwaltungsdirektor des Landestheaters T\u00fcbingen und von 1991 bis 1994 Verwaltungsleiter der Opernfestspiele Heidenheim. Pr\u00f6llochs ist Diplom-Verwaltungswirt und studierte an der Fachhochschule f\u00fcr \u00d6ffentliche Verwaltung in Kehl.<\/p>\n\n\n\n<p>Zur Besetzung der Stelle des Gesch\u00e4ftsf\u00fchrenden Intendanten und Ersten Eigenbetriebsleiters wurde eine Personalauswahlkommission unter Leitung von Oberb\u00fcrgermeister Dr. Peter Kurz und Kulturb\u00fcrgermeister Michael Gr\u00f6tsch gebildet. Mitglieder der Kommission waren unter anderem die Kulturpolitischen Sprecher der Fraktionen sowie die beiden Eigenbetriebsleiter Albrecht Puhlmann und Christian Holtzhauer. Die Personalauswahlkommission wurde von der gesch\u00e4ftsf\u00fchrenden Direktorin des Deutschen B\u00fchnenvereins, Claudia Schmitz, bei der Personalfindung beraten.<\/p>\n\n\n\n<div style=\"height:100px\" aria-hidden=\"true\" class=\"wp-block-spacer\"><\/div>\n\n\n\n<div class=\"wp-block-button aligncenter\"><a class=\"wp-block-button__link has-text-color has-very-dark-gray-color has-background has-luminous-vivid-amber-background-color\" href=\"https:\/\/www.nationaltheater-mannheim.de\/de\/index.php\" target=\"_blank\" rel=\"noreferrer noopener\">Die Webseite des Nationaltheaters Mannheim<\/a><\/div>\n\n\n\n<div style=\"height:100px\" aria-hidden=\"true\" class=\"wp-block-spacer\"><\/div>\n\n\n\n<p class=\"has-small-font-size\">Foto: Christian Kleiner<\/p>\n\n\n\n<div style=\"height:100px\" aria-hidden=\"true\" class=\"wp-block-spacer\"><\/div>\n","protected":false},"excerpt":{"rendered":"<p>Tilmann Pr\u00f6llochs wird in Nachfolge von Marc Stefan Sickel neuer Gesch\u00e4ftsf\u00fchrender Intendant und Erster Eigenbetriebsleiter des Nationaltheaters Mannheim (NTM). Nach Vorberatung im Kulturausschuss hat der Gemeinderat heute der Personalie in nicht\u00f6ffentlicher Sitzung zugestimmt. Presseinformation Neben der wirtschaftlichen Gesamtverantwortung und der Leitung der sparten\u00fcbergreifend arbeitenden Bereiche und Abteilungen des Theaters werden insbesondere die Generalsanierung des Hauses [&hellip;]<\/p>\n","protected":false},"author":1,"featured_media":47576,"comment_status":"open","ping_status":"open","sticky":false,"template":"","format":"standard","meta":{"_monsterinsights_skip_tracking":false,"_monsterinsights_sitenote_active":false,"_monsterinsights_sitenote_note":"","_monsterinsights_sitenote_category":0},"categories":[2815,53],"tags":[3304,16324],"yoast_head":"<!-- This site is optimized with the Yoast SEO plugin v20.5 - https:\/\/yoast.com\/wordpress\/plugins\/seo\/ -->\n<title>Tilmann Pr\u00f6llochs: neuer Gesch\u00e4ftsf\u00fchrender Intendant des NTM I szenik<\/title>\n<meta name=\"description\" content=\"Tilmann Pr\u00f6llochs wird neuer Gesch\u00e4ftsf\u00fchrender Intendant und Erster Eigenbetriebsleiter des Nationaltheaters Mannheim (NTM).\" \/>\n<meta name=\"robots\" content=\"index, follow, max-snippet:-1, max-image-preview:large, max-video-preview:-1\" \/>\n<link rel=\"canonical\" href=\"https:\/\/www.szenik.eu\/de\/tilmann-proellochs-wird-neuer-geschaeftsfuehrender-intendant-des-nationaltheaters-mannheim-47575\" \/>\n<meta property=\"og:locale\" content=\"de_DE\" \/>\n<meta property=\"og:type\" content=\"article\" \/>\n<meta property=\"og:title\" content=\"Tilmann Pr\u00f6llochs: neuer Gesch\u00e4ftsf\u00fchrender Intendant des NTM I szenik\" \/>\n<meta property=\"og:description\" content=\"Tilmann Pr\u00f6llochs wird neuer Gesch\u00e4ftsf\u00fchrender Intendant und Erster Eigenbetriebsleiter des Nationaltheaters Mannheim (NTM).\" \/>\n<meta property=\"og:url\" content=\"https:\/\/www.szenik.eu\/de\/tilmann-proellochs-wird-neuer-geschaeftsfuehrender-intendant-des-nationaltheaters-mannheim-47575\" \/>\n<meta property=\"og:site_name\" content=\"szenik\" \/>\n<meta property=\"article:publisher\" content=\"https:\/\/www.facebook.com\/szenik.eu\/\" \/>\n<meta property=\"article:published_time\" content=\"2022-02-09T07:40:25+00:00\" \/>\n<meta property=\"article:modified_time\" content=\"2022-02-09T07:40:30+00:00\" \/>\n<meta property=\"og:image\" content=\"https:\/\/www.szenik.eu\/wp-content\/uploads\/2022\/02\/13674_sth9_fassade_2019_blanco_medium.jpg\" \/>\n\t<meta property=\"og:image:width\" content=\"836\" \/>\n\t<meta property=\"og:image:height\" content=\"430\" \/>\n\t<meta property=\"og:image:type\" content=\"image\/jpeg\" \/>\n<meta name=\"author\" content=\"szenik\" \/>\n<meta name=\"twitter:card\" content=\"summary_large_image\" \/>\n<meta name=\"twitter:creator\" content=\"@Szenik\" \/>\n<meta name=\"twitter:site\" content=\"@Szenik\" \/>\n<meta name=\"twitter:label1\" content=\"Verfasst von\" \/>\n\t<meta name=\"twitter:data1\" content=\"szenik\" \/>\n\t<meta name=\"twitter:label2\" content=\"Gesch\u00e4tzte Lesezeit\" \/>\n\t<meta name=\"twitter:data2\" content=\"2\u00a0Minuten\" \/>\n<script type=\"application\/ld+json\" class=\"yoast-schema-graph\">{\"@context\":\"https:\/\/schema.org\",\"@graph\":[{\"@type\":\"Article\",\"@id\":\"https:\/\/www.szenik.eu\/de\/tilmann-proellochs-wird-neuer-geschaeftsfuehrender-intendant-des-nationaltheaters-mannheim-47575#article\",\"isPartOf\":{\"@id\":\"https:\/\/www.szenik.eu\/de\/tilmann-proellochs-wird-neuer-geschaeftsfuehrender-intendant-des-nationaltheaters-mannheim-47575\"},\"author\":{\"name\":\"szenik\",\"@id\":\"https:\/\/www.szenik.eu\/de\/#\/schema\/person\/15f73f175b41bad194837490339d48fb\"},\"headline\":\"Tilmann Pr\u00f6llochs wird neuer Gesch\u00e4ftsf\u00fchrender Intendant des Nationaltheaters Mannheim\",\"datePublished\":\"2022-02-09T07:40:25+00:00\",\"dateModified\":\"2022-02-09T07:40:30+00:00\",\"mainEntityOfPage\":{\"@id\":\"https:\/\/www.szenik.eu\/de\/tilmann-proellochs-wird-neuer-geschaeftsfuehrender-intendant-des-nationaltheaters-mannheim-47575\"},\"wordCount\":432,\"commentCount\":0,\"publisher\":{\"@id\":\"https:\/\/www.szenik.eu\/de\/#organization\"},\"keywords\":[\"Nationaltheater Mannheim\",\"Tilmann Pr\u00f6llochs\"],\"articleSection\":[\"Kurz &amp; knackig\",\"Magazin\"],\"inLanguage\":\"de\",\"potentialAction\":[{\"@type\":\"CommentAction\",\"name\":\"Comment\",\"target\":[\"https:\/\/www.szenik.eu\/de\/tilmann-proellochs-wird-neuer-geschaeftsfuehrender-intendant-des-nationaltheaters-mannheim-47575#respond\"]}]},{\"@type\":\"WebPage\",\"@id\":\"https:\/\/www.szenik.eu\/de\/tilmann-proellochs-wird-neuer-geschaeftsfuehrender-intendant-des-nationaltheaters-mannheim-47575\",\"url\":\"https:\/\/www.szenik.eu\/de\/tilmann-proellochs-wird-neuer-geschaeftsfuehrender-intendant-des-nationaltheaters-mannheim-47575\",\"name\":\"Tilmann Pr\u00f6llochs: neuer Gesch\u00e4ftsf\u00fchrender Intendant des NTM I szenik\",\"isPartOf\":{\"@id\":\"https:\/\/www.szenik.eu\/de\/#website\"},\"datePublished\":\"2022-02-09T07:40:25+00:00\",\"dateModified\":\"2022-02-09T07:40:30+00:00\",\"description\":\"Tilmann Pr\u00f6llochs wird neuer Gesch\u00e4ftsf\u00fchrender Intendant und Erster Eigenbetriebsleiter des Nationaltheaters Mannheim (NTM).\",\"breadcrumb\":{\"@id\":\"https:\/\/www.szenik.eu\/de\/tilmann-proellochs-wird-neuer-geschaeftsfuehrender-intendant-des-nationaltheaters-mannheim-47575#breadcrumb\"},\"inLanguage\":\"de\",\"potentialAction\":[{\"@type\":\"ReadAction\",\"target\":[\"https:\/\/www.szenik.eu\/de\/tilmann-proellochs-wird-neuer-geschaeftsfuehrender-intendant-des-nationaltheaters-mannheim-47575\"]}]},{\"@type\":\"BreadcrumbList\",\"@id\":\"https:\/\/www.szenik.eu\/de\/tilmann-proellochs-wird-neuer-geschaeftsfuehrender-intendant-des-nationaltheaters-mannheim-47575#breadcrumb\",\"itemListElement\":[{\"@type\":\"ListItem\",\"position\":1,\"name\":\"Home\",\"item\":\"https:\/\/www.szenik.eu\/de\"},{\"@type\":\"ListItem\",\"position\":2,\"name\":\"Tilmann Pr\u00f6llochs wird neuer Gesch\u00e4ftsf\u00fchrender Intendant des Nationaltheaters Mannheim\"}]},{\"@type\":\"WebSite\",\"@id\":\"https:\/\/www.szenik.eu\/de\/#website\",\"url\":\"https:\/\/www.szenik.eu\/de\/\",\"name\":\"szenik\",\"description\":\"Le Meilleur des sc\u00e8nes au coeur de l&#039;Europe\",\"publisher\":{\"@id\":\"https:\/\/www.szenik.eu\/de\/#organization\"},\"potentialAction\":[{\"@type\":\"SearchAction\",\"target\":{\"@type\":\"EntryPoint\",\"urlTemplate\":\"https:\/\/www.szenik.eu\/de\/?s={search_term_string}\"},\"query-input\":\"required name=search_term_string\"}],\"inLanguage\":\"de\"},{\"@type\":\"Organization\",\"@id\":\"https:\/\/www.szenik.eu\/de\/#organization\",\"name\":\"Szenik\",\"url\":\"https:\/\/www.szenik.eu\/de\/\",\"logo\":{\"@type\":\"ImageObject\",\"inLanguage\":\"de\",\"@id\":\"https:\/\/www.szenik.eu\/de\/#\/schema\/logo\/image\/\",\"url\":\"https:\/\/www.szenik.eu\/wp-content\/uploads\/2019\/07\/logo-square.png\",\"contentUrl\":\"https:\/\/www.szenik.eu\/wp-content\/uploads\/2019\/07\/logo-square.png\",\"width\":512,\"height\":512,\"caption\":\"Szenik\"},\"image\":{\"@id\":\"https:\/\/www.szenik.eu\/de\/#\/schema\/logo\/image\/\"},\"sameAs\":[\"https:\/\/www.facebook.com\/szenik.eu\/\",\"https:\/\/twitter.com\/Szenik\",\"https:\/\/www.instagram.com\/szenik_magazine\/\",\"https:\/\/www.youtube.com\/user\/SzenikEU\/\"]},{\"@type\":\"Person\",\"@id\":\"https:\/\/www.szenik.eu\/de\/#\/schema\/person\/15f73f175b41bad194837490339d48fb\",\"name\":\"szenik\",\"image\":{\"@type\":\"ImageObject\",\"inLanguage\":\"de\",\"@id\":\"https:\/\/www.szenik.eu\/de\/#\/schema\/person\/image\/\",\"url\":\"https:\/\/secure.gravatar.com\/avatar\/d1c4f19522a624a4eaa5e6c03e22370b?s=96&d=mm&r=g\",\"contentUrl\":\"https:\/\/secure.gravatar.com\/avatar\/d1c4f19522a624a4eaa5e6c03e22370b?s=96&d=mm&r=g\",\"caption\":\"szenik\"}}]}<\/script>\n<!-- \/ Yoast SEO plugin. -->","yoast_head_json":{"title":"Tilmann Pr\u00f6llochs: neuer Gesch\u00e4ftsf\u00fchrender Intendant des NTM I szenik","description":"Tilmann Pr\u00f6llochs wird neuer Gesch\u00e4ftsf\u00fchrender Intendant und Erster Eigenbetriebsleiter des Nationaltheaters Mannheim (NTM).","robots":{"index":"index","follow":"follow","max-snippet":"max-snippet:-1","max-image-preview":"max-image-preview:large","max-video-preview":"max-video-preview:-1"},"canonical":"https:\/\/www.szenik.eu\/de\/tilmann-proellochs-wird-neuer-geschaeftsfuehrender-intendant-des-nationaltheaters-mannheim-47575","og_locale":"de_DE","og_type":"article","og_title":"Tilmann Pr\u00f6llochs: neuer Gesch\u00e4ftsf\u00fchrender Intendant des NTM I szenik","og_description":"Tilmann Pr\u00f6llochs wird neuer Gesch\u00e4ftsf\u00fchrender Intendant und Erster Eigenbetriebsleiter des Nationaltheaters Mannheim (NTM).","og_url":"https:\/\/www.szenik.eu\/de\/tilmann-proellochs-wird-neuer-geschaeftsfuehrender-intendant-des-nationaltheaters-mannheim-47575","og_site_name":"szenik","article_publisher":"https:\/\/www.facebook.com\/szenik.eu\/","article_published_time":"2022-02-09T07:40:25+00:00","article_modified_time":"2022-02-09T07:40:30+00:00","og_image":[{"width":836,"height":430,"url":"https:\/\/www.szenik.eu\/wp-content\/uploads\/2022\/02\/13674_sth9_fassade_2019_blanco_medium.jpg","type":"image\/jpeg"}],"author":"szenik","twitter_card":"summary_large_image","twitter_creator":"@Szenik","twitter_site":"@Szenik","twitter_misc":{"Verfasst von":"szenik","Gesch\u00e4tzte Lesezeit":"2\u00a0Minuten"},"schema":{"@context":"https:\/\/schema.org","@graph":[{"@type":"Article","@id":"https:\/\/www.szenik.eu\/de\/tilmann-proellochs-wird-neuer-geschaeftsfuehrender-intendant-des-nationaltheaters-mannheim-47575#article","isPartOf":{"@id":"https:\/\/www.szenik.eu\/de\/tilmann-proellochs-wird-neuer-geschaeftsfuehrender-intendant-des-nationaltheaters-mannheim-47575"},"author":{"name":"szenik","@id":"https:\/\/www.szenik.eu\/de\/#\/schema\/person\/15f73f175b41bad194837490339d48fb"},"headline":"Tilmann Pr\u00f6llochs wird neuer Gesch\u00e4ftsf\u00fchrender Intendant des Nationaltheaters Mannheim","datePublished":"2022-02-09T07:40:25+00:00","dateModified":"2022-02-09T07:40:30+00:00","mainEntityOfPage":{"@id":"https:\/\/www.szenik.eu\/de\/tilmann-proellochs-wird-neuer-geschaeftsfuehrender-intendant-des-nationaltheaters-mannheim-47575"},"wordCount":432,"commentCount":0,"publisher":{"@id":"https:\/\/www.szenik.eu\/de\/#organization"},"keywords":["Nationaltheater Mannheim","Tilmann Pr\u00f6llochs"],"articleSection":["Kurz &amp; knackig","Magazin"],"inLanguage":"de","potentialAction":[{"@type":"CommentAction","name":"Comment","target":["https:\/\/www.szenik.eu\/de\/tilmann-proellochs-wird-neuer-geschaeftsfuehrender-intendant-des-nationaltheaters-mannheim-47575#respond"]}]},{"@type":"WebPage","@id":"https:\/\/www.szenik.eu\/de\/tilmann-proellochs-wird-neuer-geschaeftsfuehrender-intendant-des-nationaltheaters-mannheim-47575","url":"https:\/\/www.szenik.eu\/de\/tilmann-proellochs-wird-neuer-geschaeftsfuehrender-intendant-des-nationaltheaters-mannheim-47575","name":"Tilmann Pr\u00f6llochs: neuer Gesch\u00e4ftsf\u00fchrender Intendant des NTM I szenik","isPartOf":{"@id":"https:\/\/www.szenik.eu\/de\/#website"},"datePublished":"2022-02-09T07:40:25+00:00","dateModified":"2022-02-09T07:40:30+00:00","description":"Tilmann Pr\u00f6llochs wird neuer Gesch\u00e4ftsf\u00fchrender Intendant und Erster Eigenbetriebsleiter des Nationaltheaters Mannheim (NTM).","breadcrumb":{"@id":"https:\/\/www.szenik.eu\/de\/tilmann-proellochs-wird-neuer-geschaeftsfuehrender-intendant-des-nationaltheaters-mannheim-47575#breadcrumb"},"inLanguage":"de","potentialAction":[{"@type":"ReadAction","target":["https:\/\/www.szenik.eu\/de\/tilmann-proellochs-wird-neuer-geschaeftsfuehrender-intendant-des-nationaltheaters-mannheim-47575"]}]},{"@type":"BreadcrumbList","@id":"https:\/\/www.szenik.eu\/de\/tilmann-proellochs-wird-neuer-geschaeftsfuehrender-intendant-des-nationaltheaters-mannheim-47575#breadcrumb","itemListElement":[{"@type":"ListItem","position":1,"name":"Home","item":"https:\/\/www.szenik.eu\/de"},{"@type":"ListItem","position":2,"name":"Tilmann Pr\u00f6llochs wird neuer Gesch\u00e4ftsf\u00fchrender Intendant des Nationaltheaters Mannheim"}]},{"@type":"WebSite","@id":"https:\/\/www.szenik.eu\/de\/#website","url":"https:\/\/www.szenik.eu\/de\/","name":"szenik","description":"Le Meilleur des sc\u00e8nes au coeur de l&#039;Europe","publisher":{"@id":"https:\/\/www.szenik.eu\/de\/#organization"},"potentialAction":[{"@type":"SearchAction","target":{"@type":"EntryPoint","urlTemplate":"https:\/\/www.szenik.eu\/de\/?s={search_term_string}"},"query-input":"required name=search_term_string"}],"inLanguage":"de"},{"@type":"Organization","@id":"https:\/\/www.szenik.eu\/de\/#organization","name":"Szenik","url":"https:\/\/www.szenik.eu\/de\/","logo":{"@type":"ImageObject","inLanguage":"de","@id":"https:\/\/www.szenik.eu\/de\/#\/schema\/logo\/image\/","url":"https:\/\/www.szenik.eu\/wp-content\/uploads\/2019\/07\/logo-square.png","contentUrl":"https:\/\/www.szenik.eu\/wp-content\/uploads\/2019\/07\/logo-square.png","width":512,"height":512,"caption":"Szenik"},"image":{"@id":"https:\/\/www.szenik.eu\/de\/#\/schema\/logo\/image\/"},"sameAs":["https:\/\/www.facebook.com\/szenik.eu\/","https:\/\/twitter.com\/Szenik","https:\/\/www.instagram.com\/szenik_magazine\/","https:\/\/www.youtube.com\/user\/SzenikEU\/"]},{"@type":"Person","@id":"https:\/\/www.szenik.eu\/de\/#\/schema\/person\/15f73f175b41bad194837490339d48fb","name":"szenik","image":{"@type":"ImageObject","inLanguage":"de","@id":"https:\/\/www.szenik.eu\/de\/#\/schema\/person\/image\/","url":"https:\/\/secure.gravatar.com\/avatar\/d1c4f19522a624a4eaa5e6c03e22370b?s=96&d=mm&r=g","contentUrl":"https:\/\/secure.gravatar.com\/avatar\/d1c4f19522a624a4eaa5e6c03e22370b?s=96&d=mm&r=g","caption":"szenik"}}]}},"jetpack_featured_media_url":"https:\/\/www.szenik.eu\/wp-content\/uploads\/2022\/02\/13674_sth9_fassade_2019_blanco_medium.jpg","amp_enabled":true,"_links":{"self":[{"href":"https:\/\/www.szenik.eu\/de\/wp-json\/\/wp\/v2\/posts\/47575"}],"collection":[{"href":"https:\/\/www.szenik.eu\/de\/wp-json\/\/wp\/v2\/posts"}],"about":[{"href":"https:\/\/www.szenik.eu\/de\/wp-json\/\/wp\/v2\/types\/post"}],"author":[{"embeddable":true,"href":"https:\/\/www.szenik.eu\/de\/wp-json\/\/wp\/v2\/users\/1"}],"replies":[{"embeddable":true,"href":"https:\/\/www.szenik.eu\/de\/wp-json\/\/wp\/v2\/comments?post=47575"}],"version-history":[{"count":1,"href":"https:\/\/www.szenik.eu\/de\/wp-json\/\/wp\/v2\/posts\/47575\/revisions"}],"predecessor-version":[{"id":47578,"href":"https:\/\/www.szenik.eu\/de\/wp-json\/\/wp\/v2\/posts\/47575\/revisions\/47578"}],"wp:featuredmedia":[{"embeddable":true,"href":"https:\/\/www.szenik.eu\/de\/wp-json\/\/wp\/v2\/media\/47576"}],"wp:attachment":[{"href":"https:\/\/www.szenik.eu\/de\/wp-json\/\/wp\/v2\/media?parent=47575"}],"wp:term":[{"taxonomy":"category","embeddable":true,"href":"https:\/\/www.szenik.eu\/de\/wp-json\/\/wp\/v2\/categories?post=47575"},{"taxonomy":"post_tag","embeddable":true,"href":"https:\/\/www.szenik.eu\/de\/wp-json\/\/wp\/v2\/tags?post=47575"}],"curies":[{"name":"wp","href":"https:\/\/api.w.org\/{rel}","templated":true}]}}