{"id":47282,"date":"2022-02-01T11:39:30","date_gmt":"2022-02-01T10:39:30","guid":{"rendered":"https:\/\/www.szenik.eu\/?p=47282\/"},"modified":"2022-02-01T11:42:41","modified_gmt":"2022-02-01T10:42:41","slug":"adolphe-binder-wird-kuratorin-und-kuenstlerische-direktorin-der-ballettcompagnie-am-theater-basel","status":"publish","type":"post","link":"https:\/\/www.szenik.eu\/de\/adolphe-binder-wird-kuratorin-und-kuenstlerische-direktorin-der-ballettcompagnie-am-theater-basel-47282","title":{"rendered":"Adolphe Binder wird Kuratorin und K\u00fcnstlerische Direktorin der Ballettcompagnie am Theater Basel"},"content":{"rendered":"\n<h2>Die Dramaturgin und Kuratorin Adolphe Binder \u00fcbernimmt von 2023 bis 2025 die K\u00fcnstlerische Leitung des Balletts am Theater Basel.<\/h2>\n\n\n\n<div style=\"height:100px\" aria-hidden=\"true\" class=\"wp-block-spacer\"><\/div>\n\n\n\n<p>Mit Adolphe Binder kommt eine international renommierte Pers\u00f6nlichkeit des zeitgen\u00f6ssischen Tanzes in die Schweiz. Als Intendantin, Kuratorin und Programmdirektorin war Binder zuletzt f\u00fcr das Tanztheater Wuppertal Pina Bausch und die Tanzsparte der G\u00f6teborger Oper verantwortlich. Binders kuratorischer Ansatz fokussiert sich auf die Konzeption und Entwicklung hybrider k\u00fcnstlerischer Tanzprojekte. Sie verbindet in ihrer Arbeit zeitgen\u00f6ssischen Tanz mit anderen Theater- und Kunstformen.<\/p>\n\n\n\n<p>In den zwei Jahren am Theater Basel ist es ihr Ziel, eine m\u00f6glichst grosse Bandbreite an verschiedenen Handschriften zu pr\u00e4sentieren und so den Horizont daf\u00fcr zu \u00f6ffnen, was im Tanz alles m\u00f6glich ist. Bei dieser Aufgabe unterst\u00fctzt sie der deutsch- amerikanische Tanzk\u00fcnstler Tilman O\u2019Donnell als Stellvertreter und Company Manager.<\/p>\n\n\n\n<div style=\"height:20px\" aria-hidden=\"true\" class=\"wp-block-spacer\"><\/div>\n\n\n\n<blockquote class=\"wp-block-quote\"><p>\u00abIch freue mich sehr \u00fcber die Einladung ans Theater Basel und besonders auf die Tanzcompagnie. Basel ist eine inspirierende Kunststadt im Herzen Europas, einem aussergew\u00f6hnlichen Dreispartenhaus mit einem vielseitigen Ensemble und einer hochmotivierten Leitung. Eine tolle M\u00f6glichkeit, mit diesem Theater und f\u00fcr sein Publikum ein diverses Tanzprogramm zu kreieren. Tanz, der die \u00d6ffentlichkeit und das Ensemble auf eine \u00e4sthetische, k\u00f6rperliche und intellektuelle Reise mitnehmen wird. Uns interessiert, was Menschen bewegt und was sie in Bewegung bringt, pers\u00f6nliche und gesellschaftliche Themen, auch fragend, was Choreographie in die Zukunft gerichtet alles sein kann. Und zugleich, was in dieser Zeit im Basler Kontext inspiriert und Sinn macht.\u00bb<\/p><cite>Adolphe Binder<\/cite><\/blockquote>\n\n\n\n<div style=\"height:20px\" aria-hidden=\"true\" class=\"wp-block-spacer\"><\/div>\n\n\n\n<blockquote class=\"wp-block-quote\"><p>\u00abMit Adolphe Binder konnten wir eine Kuratorin mit einem vielschichtigen Zugang zum Thema Tanz f\u00fcr das Theater Basel gewinnen. Sie hat im Laufe ihrer Karriere viele Erfahrungen in unterschiedlichen Systemen gesammelt \u2013 sowohl in der freien Szene als auch an Staatstheatern und im internationalen Kontext. Das zweij\u00e4hrige Engagement von Adolphe Binder f\u00fcr das Theater Basel ist f\u00fcr mich eine Art Biennale. Es gibt ihr die Freiheit und den Raum, Neues zu kreieren. Ich freue mich auf die spannende Zeit mit ihr am Theater Basel.\u00bb<\/p><cite>Intendant Benedikt von Peter<\/cite><\/blockquote>\n\n\n\n<div style=\"height:44px\" aria-hidden=\"true\" class=\"wp-block-spacer\"><\/div>\n\n\n\n<h4>Zu Adolphe Binder<\/h4>\n\n\n\n<div style=\"height:20px\" aria-hidden=\"true\" class=\"wp-block-spacer\"><\/div>\n\n\n\n<p>Adolphe Binder (Jahrgang 1969) war zuvor K\u00fcnstlerische Beraterin internationaler Gastspielh\u00e4user, Intendantin des Tanztheater Wuppertal Pina Bausch, K\u00fcnstlerische Direktorin und Ko-Intendantin an der Staatsoper in G\u00f6teborg in Schweden, Gr\u00fcnderin und K\u00fcnstlerische Leiterin der Produktionsagentur B+P Berlin, K\u00fcnstlerische Leiterin des Berliner Ballett der Komischen Oper Berlin und Chefdramaturgin des Balletts an der Deutschen Oper Berlin. Ferner war sie als Kuratorin und Programmleiterin f\u00fcr internationale Tanzfestivals und die Weltausstellung Expo 2000 in Hannover t\u00e4tig. Adolphe Binder wurde als k\u00fcnstlerische Residentin an das Goethe Institut Vila Sul in Brasilien eingeladen, realisierte mehrere eigene St\u00fccke, Installationen, Happenings und ortsspezifische Kreationen, ver\u00f6ffentlichte diverse Publikationen zu Gender- und K\u00f6rperidentit\u00e4t, engagierte sich ehrenamtlich in Beir\u00e4ten u.a. von Universit\u00e4ten (Essen, Dresden et al.) sowie kulturpolitischen Gremien und sass in der Jury internationaler Choreographiewettbewerbe. Ihre Theaterlaufbahn begann 1994 nach ihrem Studium als Praktikantin am Schauspielhaus Hannover.<\/p>\n\n\n\n<p>Mit dem Tanztheater Wuppertal Pina Bausch verantwortete sie 2018 die ersten abendf\u00fcllenden Urauff\u00fchrungen des legend\u00e4ren Ensembles seit einer Dekade. F\u00fcr ihre Neubesetzungen im Ensemble, Urauff\u00fchrungen und Wiederaufnahmen erfolgten Nominierungen u.a. zum deutschen Theaterpreis der FAUST und zu den Bessie Awards in New York.<\/p>\n\n\n\n<p>Von 2011 \u2013 2016 leitet sie die G\u00f6teborgsOperans Danskompani (ehemals G\u00f6teborg Ballett) an der schwedischen Staatsoper und kuratierte bis zur Saison 16\/17 f\u00fcr deren Ensemble mit 38 T\u00e4nzer*innen aus 17 L\u00e4ndern. Dort war Binder Teil der dreik\u00f6pfigen Opern-Intendanz und initiiert zahlreiche nationale und internationale Projekte, darunter eine Vielzahl aufsehenerregender Urauff\u00fchrungen. Das gr\u00f6sste Tanzensemble der nordischen L\u00e4nder brachte unter ihrer Leitung 50 Produktionen zur Premiere (darunter \u00fcber 30 Urauff\u00fchrungen und 6 Partizipations-Projekte). Der Schwerpunkt lag auf szenischen und musikalischen Originalarbeiten. Die Compagnie tourte weltweit in mehr als 30 St\u00e4dten.<\/p>\n\n\n\n<p>Adolphe Binder wurde 1969 in Rum\u00e4nien (Transsylvanien) geboren und emigrierte mit ihrer Familie 1978 nach Westdeutschland. Binders akademischer Hintergrund liegt in der Geisteswissenschaft (M.A.), sie studierte Literatur, Philosophie, Geschichte und Politologie. Binder ist Mutter eines Kindes und lebt mit ihrer Familie in Berlin.<\/p>\n\n\n\n<div style=\"height:20px\" aria-hidden=\"true\" class=\"wp-block-spacer\"><\/div>\n\n\n\n<h4>Zu Tilman O\u2019Donnell<\/h4>\n\n\n\n<div style=\"height:20px\" aria-hidden=\"true\" class=\"wp-block-spacer\"><\/div>\n\n\n\n<p>Der Deutsch-Amerikaner Tilman O\u2019Donnell (Jahrgang 1981) ist bereits seit \u00fcber zwanzig Jahren Teil der transnationalen Community des zeitgen\u00f6ssischen Tanzes, in den Rollen eines T\u00e4nzers, Choreographen, Lehrers, Probenleiters, Assistenten, Produzenten und Dramaturgen. Er hat in verschiedenen internationalen Kontexten gearbeitet, von Rahmenfestivals bis hin zu Opernh\u00e4usern, und in dieser Funktion \u00fcber zwanzig Produktionen produziert. Als T\u00e4nzer war er langj\u00e4hriges Mitglied des Cullberg Ballett (Stockholm) und der Forsythe Company (Frankfurt am Main). O\u2019Donnell und Binder begannen ihre Zusammenarbeit 2014, als sie ihn als Probenleiter der G\u00f6teborgs Operans Danskompani engagierte, und leben seitdem einen dynamischen kreativen Austausch. Obwohl er neu in der Rolle eines Company Managers und Stellvertretenden Leiters ist, bringt er eine Reihe von F\u00e4higkeiten mit. Er bewegt sich sicher durch Epochen und Stile, vom Klassizismus bis zum zeitgen\u00f6ssischen Paradigma. O \u0301Donnell wurde zweimal von der Tanzzeitschrift TANZ zum Dancer to Watch (2005, 2017), Choreographer to Watch (2005) und Hoffnungstr\u00e4ger (2015) benannt.<\/p>\n\n\n\n<div style=\"height:100px\" aria-hidden=\"true\" class=\"wp-block-spacer\"><\/div>\n\n\n\n<div class=\"wp-block-button aligncenter\"><a class=\"wp-block-button__link has-text-color has-very-dark-gray-color has-background has-luminous-vivid-amber-background-color\" href=\"https:\/\/www.theater-basel.ch\/de\" target=\"_blank\" rel=\"noreferrer noopener\">Zur Webseite des Theater Basel<\/a><\/div>\n\n\n\n<div style=\"height:100px\" aria-hidden=\"true\" class=\"wp-block-spacer\"><\/div>\n\n\n\n<p class=\"has-small-font-size\">Foto: Christian Knoerr<\/p>\n\n\n\n<div style=\"height:100px\" aria-hidden=\"true\" class=\"wp-block-spacer\"><\/div>\n","protected":false},"excerpt":{"rendered":"<p>Die Dramaturgin und Kuratorin Adolphe Binder \u00fcbernimmt von 2023 bis 2025 die K\u00fcnstlerische Leitung des Balletts am Theater Basel. Mit Adolphe Binder kommt eine international renommierte Pers\u00f6nlichkeit des zeitgen\u00f6ssischen Tanzes in die Schweiz. Als Intendantin, Kuratorin und Programmdirektorin war Binder zuletzt f\u00fcr das Tanztheater Wuppertal Pina Bausch und die Tanzsparte der G\u00f6teborger Oper verantwortlich. Binders [&hellip;]<\/p>\n","protected":false},"author":1,"featured_media":47283,"comment_status":"open","ping_status":"open","sticky":false,"template":"","format":"standard","meta":{"_monsterinsights_skip_tracking":false,"_monsterinsights_sitenote_active":false,"_monsterinsights_sitenote_note":"","_monsterinsights_sitenote_category":0},"categories":[2815,53],"tags":[16164,2251,16165],"yoast_head":"<!-- This site is optimized with the Yoast SEO plugin v20.5 - https:\/\/yoast.com\/wordpress\/plugins\/seo\/ -->\n<title>Adolphe Binder wird Ballettdirektorin am Theater Basel I szenik<\/title>\n<meta name=\"description\" content=\"Die Dramaturgin und Kuratorin Adolphe Binder \u00fcbernimmt von 2023 bis 2025 die K\u00fcnstlerische Leitung des Balletts am Theater Basel.\" \/>\n<meta name=\"robots\" content=\"index, follow, max-snippet:-1, max-image-preview:large, max-video-preview:-1\" \/>\n<link rel=\"canonical\" href=\"https:\/\/www.szenik.eu\/de\/adolphe-binder-wird-kuratorin-und-kuenstlerische-direktorin-der-ballettcompagnie-am-theater-basel-47282\" \/>\n<meta property=\"og:locale\" content=\"de_DE\" \/>\n<meta property=\"og:type\" content=\"article\" \/>\n<meta property=\"og:title\" content=\"Adolphe Binder wird Ballettdirektorin am Theater Basel I szenik\" \/>\n<meta property=\"og:description\" content=\"Die Dramaturgin und Kuratorin Adolphe Binder \u00fcbernimmt von 2023 bis 2025 die K\u00fcnstlerische Leitung des Balletts am Theater Basel.\" \/>\n<meta property=\"og:url\" content=\"https:\/\/www.szenik.eu\/de\/adolphe-binder-wird-kuratorin-und-kuenstlerische-direktorin-der-ballettcompagnie-am-theater-basel-47282\" \/>\n<meta property=\"og:site_name\" content=\"szenik\" \/>\n<meta property=\"article:publisher\" content=\"https:\/\/www.facebook.com\/szenik.eu\/\" \/>\n<meta property=\"article:published_time\" content=\"2022-02-01T10:39:30+00:00\" \/>\n<meta property=\"article:modified_time\" content=\"2022-02-01T10:42:41+00:00\" \/>\n<meta property=\"og:image\" content=\"https:\/\/www.szenik.eu\/wp-content\/uploads\/2022\/02\/Capture-d\u2019\u00e9cran-2022-02-01-\u00e0-11.36.28.png\" \/>\n\t<meta property=\"og:image:width\" content=\"951\" \/>\n\t<meta property=\"og:image:height\" content=\"714\" \/>\n\t<meta property=\"og:image:type\" content=\"image\/png\" \/>\n<meta name=\"author\" content=\"szenik\" \/>\n<meta name=\"twitter:card\" content=\"summary_large_image\" \/>\n<meta name=\"twitter:creator\" content=\"@Szenik\" \/>\n<meta name=\"twitter:site\" content=\"@Szenik\" \/>\n<meta name=\"twitter:label1\" content=\"Verfasst von\" \/>\n\t<meta name=\"twitter:data1\" content=\"szenik\" \/>\n\t<meta name=\"twitter:label2\" content=\"Gesch\u00e4tzte Lesezeit\" \/>\n\t<meta name=\"twitter:data2\" content=\"4\u00a0Minuten\" \/>\n<script type=\"application\/ld+json\" class=\"yoast-schema-graph\">{\"@context\":\"https:\/\/schema.org\",\"@graph\":[{\"@type\":\"Article\",\"@id\":\"https:\/\/www.szenik.eu\/de\/adolphe-binder-wird-kuratorin-und-kuenstlerische-direktorin-der-ballettcompagnie-am-theater-basel-47282#article\",\"isPartOf\":{\"@id\":\"https:\/\/www.szenik.eu\/de\/adolphe-binder-wird-kuratorin-und-kuenstlerische-direktorin-der-ballettcompagnie-am-theater-basel-47282\"},\"author\":{\"name\":\"szenik\",\"@id\":\"https:\/\/www.szenik.eu\/de\/#\/schema\/person\/15f73f175b41bad194837490339d48fb\"},\"headline\":\"Adolphe Binder wird Kuratorin und K\u00fcnstlerische Direktorin der Ballettcompagnie am Theater Basel\",\"datePublished\":\"2022-02-01T10:39:30+00:00\",\"dateModified\":\"2022-02-01T10:42:41+00:00\",\"mainEntityOfPage\":{\"@id\":\"https:\/\/www.szenik.eu\/de\/adolphe-binder-wird-kuratorin-und-kuenstlerische-direktorin-der-ballettcompagnie-am-theater-basel-47282\"},\"wordCount\":856,\"commentCount\":0,\"publisher\":{\"@id\":\"https:\/\/www.szenik.eu\/de\/#organization\"},\"keywords\":[\"Adolphe Binder\",\"Theater Basel\",\"Tilman O Donnell\"],\"articleSection\":[\"Kurz &amp; knackig\",\"Magazin\"],\"inLanguage\":\"de\",\"potentialAction\":[{\"@type\":\"CommentAction\",\"name\":\"Comment\",\"target\":[\"https:\/\/www.szenik.eu\/de\/adolphe-binder-wird-kuratorin-und-kuenstlerische-direktorin-der-ballettcompagnie-am-theater-basel-47282#respond\"]}]},{\"@type\":\"WebPage\",\"@id\":\"https:\/\/www.szenik.eu\/de\/adolphe-binder-wird-kuratorin-und-kuenstlerische-direktorin-der-ballettcompagnie-am-theater-basel-47282\",\"url\":\"https:\/\/www.szenik.eu\/de\/adolphe-binder-wird-kuratorin-und-kuenstlerische-direktorin-der-ballettcompagnie-am-theater-basel-47282\",\"name\":\"Adolphe Binder wird Ballettdirektorin am Theater Basel I szenik\",\"isPartOf\":{\"@id\":\"https:\/\/www.szenik.eu\/de\/#website\"},\"datePublished\":\"2022-02-01T10:39:30+00:00\",\"dateModified\":\"2022-02-01T10:42:41+00:00\",\"description\":\"Die Dramaturgin und Kuratorin Adolphe Binder \u00fcbernimmt von 2023 bis 2025 die K\u00fcnstlerische Leitung des Balletts am Theater Basel.\",\"breadcrumb\":{\"@id\":\"https:\/\/www.szenik.eu\/de\/adolphe-binder-wird-kuratorin-und-kuenstlerische-direktorin-der-ballettcompagnie-am-theater-basel-47282#breadcrumb\"},\"inLanguage\":\"de\",\"potentialAction\":[{\"@type\":\"ReadAction\",\"target\":[\"https:\/\/www.szenik.eu\/de\/adolphe-binder-wird-kuratorin-und-kuenstlerische-direktorin-der-ballettcompagnie-am-theater-basel-47282\"]}]},{\"@type\":\"BreadcrumbList\",\"@id\":\"https:\/\/www.szenik.eu\/de\/adolphe-binder-wird-kuratorin-und-kuenstlerische-direktorin-der-ballettcompagnie-am-theater-basel-47282#breadcrumb\",\"itemListElement\":[{\"@type\":\"ListItem\",\"position\":1,\"name\":\"Home\",\"item\":\"https:\/\/www.szenik.eu\/de\"},{\"@type\":\"ListItem\",\"position\":2,\"name\":\"Adolphe Binder wird Kuratorin und K\u00fcnstlerische Direktorin der Ballettcompagnie am Theater Basel\"}]},{\"@type\":\"WebSite\",\"@id\":\"https:\/\/www.szenik.eu\/de\/#website\",\"url\":\"https:\/\/www.szenik.eu\/de\/\",\"name\":\"szenik\",\"description\":\"Le Meilleur des sc\u00e8nes au coeur de l&#039;Europe\",\"publisher\":{\"@id\":\"https:\/\/www.szenik.eu\/de\/#organization\"},\"potentialAction\":[{\"@type\":\"SearchAction\",\"target\":{\"@type\":\"EntryPoint\",\"urlTemplate\":\"https:\/\/www.szenik.eu\/de\/?s={search_term_string}\"},\"query-input\":\"required name=search_term_string\"}],\"inLanguage\":\"de\"},{\"@type\":\"Organization\",\"@id\":\"https:\/\/www.szenik.eu\/de\/#organization\",\"name\":\"Szenik\",\"url\":\"https:\/\/www.szenik.eu\/de\/\",\"logo\":{\"@type\":\"ImageObject\",\"inLanguage\":\"de\",\"@id\":\"https:\/\/www.szenik.eu\/de\/#\/schema\/logo\/image\/\",\"url\":\"https:\/\/www.szenik.eu\/wp-content\/uploads\/2019\/07\/logo-square.png\",\"contentUrl\":\"https:\/\/www.szenik.eu\/wp-content\/uploads\/2019\/07\/logo-square.png\",\"width\":512,\"height\":512,\"caption\":\"Szenik\"},\"image\":{\"@id\":\"https:\/\/www.szenik.eu\/de\/#\/schema\/logo\/image\/\"},\"sameAs\":[\"https:\/\/www.facebook.com\/szenik.eu\/\",\"https:\/\/twitter.com\/Szenik\",\"https:\/\/www.instagram.com\/szenik_magazine\/\",\"https:\/\/www.youtube.com\/user\/SzenikEU\/\"]},{\"@type\":\"Person\",\"@id\":\"https:\/\/www.szenik.eu\/de\/#\/schema\/person\/15f73f175b41bad194837490339d48fb\",\"name\":\"szenik\",\"image\":{\"@type\":\"ImageObject\",\"inLanguage\":\"de\",\"@id\":\"https:\/\/www.szenik.eu\/de\/#\/schema\/person\/image\/\",\"url\":\"https:\/\/secure.gravatar.com\/avatar\/d1c4f19522a624a4eaa5e6c03e22370b?s=96&d=mm&r=g\",\"contentUrl\":\"https:\/\/secure.gravatar.com\/avatar\/d1c4f19522a624a4eaa5e6c03e22370b?s=96&d=mm&r=g\",\"caption\":\"szenik\"}}]}<\/script>\n<!-- \/ Yoast SEO plugin. -->","yoast_head_json":{"title":"Adolphe Binder wird Ballettdirektorin am Theater Basel I szenik","description":"Die Dramaturgin und Kuratorin Adolphe Binder \u00fcbernimmt von 2023 bis 2025 die K\u00fcnstlerische Leitung des Balletts am Theater Basel.","robots":{"index":"index","follow":"follow","max-snippet":"max-snippet:-1","max-image-preview":"max-image-preview:large","max-video-preview":"max-video-preview:-1"},"canonical":"https:\/\/www.szenik.eu\/de\/adolphe-binder-wird-kuratorin-und-kuenstlerische-direktorin-der-ballettcompagnie-am-theater-basel-47282","og_locale":"de_DE","og_type":"article","og_title":"Adolphe Binder wird Ballettdirektorin am Theater Basel I szenik","og_description":"Die Dramaturgin und Kuratorin Adolphe Binder \u00fcbernimmt von 2023 bis 2025 die K\u00fcnstlerische Leitung des Balletts am Theater Basel.","og_url":"https:\/\/www.szenik.eu\/de\/adolphe-binder-wird-kuratorin-und-kuenstlerische-direktorin-der-ballettcompagnie-am-theater-basel-47282","og_site_name":"szenik","article_publisher":"https:\/\/www.facebook.com\/szenik.eu\/","article_published_time":"2022-02-01T10:39:30+00:00","article_modified_time":"2022-02-01T10:42:41+00:00","og_image":[{"width":951,"height":714,"url":"https:\/\/www.szenik.eu\/wp-content\/uploads\/2022\/02\/Capture-d\u2019\u00e9cran-2022-02-01-\u00e0-11.36.28.png","type":"image\/png"}],"author":"szenik","twitter_card":"summary_large_image","twitter_creator":"@Szenik","twitter_site":"@Szenik","twitter_misc":{"Verfasst von":"szenik","Gesch\u00e4tzte Lesezeit":"4\u00a0Minuten"},"schema":{"@context":"https:\/\/schema.org","@graph":[{"@type":"Article","@id":"https:\/\/www.szenik.eu\/de\/adolphe-binder-wird-kuratorin-und-kuenstlerische-direktorin-der-ballettcompagnie-am-theater-basel-47282#article","isPartOf":{"@id":"https:\/\/www.szenik.eu\/de\/adolphe-binder-wird-kuratorin-und-kuenstlerische-direktorin-der-ballettcompagnie-am-theater-basel-47282"},"author":{"name":"szenik","@id":"https:\/\/www.szenik.eu\/de\/#\/schema\/person\/15f73f175b41bad194837490339d48fb"},"headline":"Adolphe Binder wird Kuratorin und K\u00fcnstlerische Direktorin der Ballettcompagnie am Theater Basel","datePublished":"2022-02-01T10:39:30+00:00","dateModified":"2022-02-01T10:42:41+00:00","mainEntityOfPage":{"@id":"https:\/\/www.szenik.eu\/de\/adolphe-binder-wird-kuratorin-und-kuenstlerische-direktorin-der-ballettcompagnie-am-theater-basel-47282"},"wordCount":856,"commentCount":0,"publisher":{"@id":"https:\/\/www.szenik.eu\/de\/#organization"},"keywords":["Adolphe Binder","Theater Basel","Tilman O Donnell"],"articleSection":["Kurz &amp; knackig","Magazin"],"inLanguage":"de","potentialAction":[{"@type":"CommentAction","name":"Comment","target":["https:\/\/www.szenik.eu\/de\/adolphe-binder-wird-kuratorin-und-kuenstlerische-direktorin-der-ballettcompagnie-am-theater-basel-47282#respond"]}]},{"@type":"WebPage","@id":"https:\/\/www.szenik.eu\/de\/adolphe-binder-wird-kuratorin-und-kuenstlerische-direktorin-der-ballettcompagnie-am-theater-basel-47282","url":"https:\/\/www.szenik.eu\/de\/adolphe-binder-wird-kuratorin-und-kuenstlerische-direktorin-der-ballettcompagnie-am-theater-basel-47282","name":"Adolphe Binder wird Ballettdirektorin am Theater Basel I szenik","isPartOf":{"@id":"https:\/\/www.szenik.eu\/de\/#website"},"datePublished":"2022-02-01T10:39:30+00:00","dateModified":"2022-02-01T10:42:41+00:00","description":"Die Dramaturgin und Kuratorin Adolphe Binder \u00fcbernimmt von 2023 bis 2025 die K\u00fcnstlerische Leitung des Balletts am Theater Basel.","breadcrumb":{"@id":"https:\/\/www.szenik.eu\/de\/adolphe-binder-wird-kuratorin-und-kuenstlerische-direktorin-der-ballettcompagnie-am-theater-basel-47282#breadcrumb"},"inLanguage":"de","potentialAction":[{"@type":"ReadAction","target":["https:\/\/www.szenik.eu\/de\/adolphe-binder-wird-kuratorin-und-kuenstlerische-direktorin-der-ballettcompagnie-am-theater-basel-47282"]}]},{"@type":"BreadcrumbList","@id":"https:\/\/www.szenik.eu\/de\/adolphe-binder-wird-kuratorin-und-kuenstlerische-direktorin-der-ballettcompagnie-am-theater-basel-47282#breadcrumb","itemListElement":[{"@type":"ListItem","position":1,"name":"Home","item":"https:\/\/www.szenik.eu\/de"},{"@type":"ListItem","position":2,"name":"Adolphe Binder wird Kuratorin und K\u00fcnstlerische Direktorin der Ballettcompagnie am Theater Basel"}]},{"@type":"WebSite","@id":"https:\/\/www.szenik.eu\/de\/#website","url":"https:\/\/www.szenik.eu\/de\/","name":"szenik","description":"Le Meilleur des sc\u00e8nes au coeur de l&#039;Europe","publisher":{"@id":"https:\/\/www.szenik.eu\/de\/#organization"},"potentialAction":[{"@type":"SearchAction","target":{"@type":"EntryPoint","urlTemplate":"https:\/\/www.szenik.eu\/de\/?s={search_term_string}"},"query-input":"required name=search_term_string"}],"inLanguage":"de"},{"@type":"Organization","@id":"https:\/\/www.szenik.eu\/de\/#organization","name":"Szenik","url":"https:\/\/www.szenik.eu\/de\/","logo":{"@type":"ImageObject","inLanguage":"de","@id":"https:\/\/www.szenik.eu\/de\/#\/schema\/logo\/image\/","url":"https:\/\/www.szenik.eu\/wp-content\/uploads\/2019\/07\/logo-square.png","contentUrl":"https:\/\/www.szenik.eu\/wp-content\/uploads\/2019\/07\/logo-square.png","width":512,"height":512,"caption":"Szenik"},"image":{"@id":"https:\/\/www.szenik.eu\/de\/#\/schema\/logo\/image\/"},"sameAs":["https:\/\/www.facebook.com\/szenik.eu\/","https:\/\/twitter.com\/Szenik","https:\/\/www.instagram.com\/szenik_magazine\/","https:\/\/www.youtube.com\/user\/SzenikEU\/"]},{"@type":"Person","@id":"https:\/\/www.szenik.eu\/de\/#\/schema\/person\/15f73f175b41bad194837490339d48fb","name":"szenik","image":{"@type":"ImageObject","inLanguage":"de","@id":"https:\/\/www.szenik.eu\/de\/#\/schema\/person\/image\/","url":"https:\/\/secure.gravatar.com\/avatar\/d1c4f19522a624a4eaa5e6c03e22370b?s=96&d=mm&r=g","contentUrl":"https:\/\/secure.gravatar.com\/avatar\/d1c4f19522a624a4eaa5e6c03e22370b?s=96&d=mm&r=g","caption":"szenik"}}]}},"jetpack_featured_media_url":"https:\/\/www.szenik.eu\/wp-content\/uploads\/2022\/02\/Capture-d\u2019\u00e9cran-2022-02-01-\u00e0-11.36.28.png","amp_enabled":true,"_links":{"self":[{"href":"https:\/\/www.szenik.eu\/de\/wp-json\/\/wp\/v2\/posts\/47282"}],"collection":[{"href":"https:\/\/www.szenik.eu\/de\/wp-json\/\/wp\/v2\/posts"}],"about":[{"href":"https:\/\/www.szenik.eu\/de\/wp-json\/\/wp\/v2\/types\/post"}],"author":[{"embeddable":true,"href":"https:\/\/www.szenik.eu\/de\/wp-json\/\/wp\/v2\/users\/1"}],"replies":[{"embeddable":true,"href":"https:\/\/www.szenik.eu\/de\/wp-json\/\/wp\/v2\/comments?post=47282"}],"version-history":[{"count":3,"href":"https:\/\/www.szenik.eu\/de\/wp-json\/\/wp\/v2\/posts\/47282\/revisions"}],"predecessor-version":[{"id":47287,"href":"https:\/\/www.szenik.eu\/de\/wp-json\/\/wp\/v2\/posts\/47282\/revisions\/47287"}],"wp:featuredmedia":[{"embeddable":true,"href":"https:\/\/www.szenik.eu\/de\/wp-json\/\/wp\/v2\/media\/47283"}],"wp:attachment":[{"href":"https:\/\/www.szenik.eu\/de\/wp-json\/\/wp\/v2\/media?parent=47282"}],"wp:term":[{"taxonomy":"category","embeddable":true,"href":"https:\/\/www.szenik.eu\/de\/wp-json\/\/wp\/v2\/categories?post=47282"},{"taxonomy":"post_tag","embeddable":true,"href":"https:\/\/www.szenik.eu\/de\/wp-json\/\/wp\/v2\/tags?post=47282"}],"curies":[{"name":"wp","href":"https:\/\/api.w.org\/{rel}","templated":true}]}}