{"id":47255,"date":"2022-01-31T15:41:41","date_gmt":"2022-01-31T14:41:41","guid":{"rendered":"https:\/\/www.szenik.eu\/?p=47255\/"},"modified":"2022-01-31T15:45:18","modified_gmt":"2022-01-31T14:45:18","slug":"das-takeover-festival-im-festspielhaus-baden-baden-eine-ganz-innovative-und-kreative-sturmfreie-bude","status":"publish","type":"post","link":"https:\/\/www.szenik.eu\/de\/das-takeover-festival-im-festspielhaus-baden-baden-eine-ganz-innovative-und-kreative-sturmfreie-bude-47255","title":{"rendered":"Das Takeover Festival im Festspielhaus Baden-Baden: Eine ganz innovative und kreative &#8222;sturmfreie Bude&#8220;"},"content":{"rendered":"\n<h2>Vom 4. bis 6. Februar 2022 startet das Festspielhaus Baden-Baden ein v\u00f6llig neues Festival: das Takeover Festival. Die Schl\u00fcssel der ehrw\u00fcrdigen Institution werden der jungen Generation anvertraut, damit diese das Haus erobern kann. Auf dem Programm stehen Elektro-Musik, Tanzworkshops, Schlagzeugkonzerte und jede Menge Kreativit\u00e4t. Ziel des Festspielhauses ist es, sich in ein k\u00fcnstlerisches Labor zu wandeln. Um ein wenig mehr \u00fcber das Projekt zu erfahren, hat szenik Dany Weier, Leiter der Partizipationsabteilung, getroffen.<\/h2>\n\n\n\n<div style=\"height:100px\" aria-hidden=\"true\" class=\"wp-block-spacer\"><\/div>\n\n\n\n<h4><strong>Anfang Februar findet im Festspielhaus Baden-Baden ein neues Festival statt: das Takeover Festival. Worum handelt es sich dabei?<\/strong><\/h4>\n\n\n\n<div style=\"height:20px\" aria-hidden=\"true\" class=\"wp-block-spacer\"><\/div>\n\n\n\n<p><em>Dany Weier<\/em>: Wie es der Name schon verr\u00e4t, geht es um die \u00dcbernahme des Festspielhaus Baden-Badens \u2013 und eigentlich auch der ganzen Stadt Baden-Baden. Wir laden junge Erwachsene ein und fordern sie auf, gemeinsam mit K\u00fcnstlerInnen aus Europa, der Kunst sehr nahe zu kommen. Wir schaffen damit eine ganz neue Dimension eines Festivals, so wie wir sie noch nie im Festspielhaus Baden-Baden hatten. Drei Tage lang kann man sich hier niederlassen, in jede Pore des Opern-und Konzerthauses \u201eeindringen\u201c und Tanz oder Musik neu erleben. Dank der Einrichtung einer Festivallounge k\u00f6nnen BesucherInnen auch an diesen Festivaltagen unser gastronomisches Angebot wahrnehmen und direkt vor Ort mit uns und den K\u00fcnstlerInnen ins Gespr\u00e4ch kommen.&nbsp;<\/p>\n\n\n\n<p>Bei diesem Festival steht das Wort &#8222;Partizipation&#8220; im Vordergrund. Wir m\u00f6chten, dass junge Menschen dieses Haus \u00fcbernehmen. Tats\u00e4chlich wird unser Intendant, Benedikt Stampa, den echten Schl\u00fcssel des Festspielhauses am Freitagabend an junge Menschen \u00fcbergeben \u2013 sozusagen als symbolischer Akt daf\u00fcr, dass das Haus nun drei Tage lang ihnen geh\u00f6rt.&nbsp;<\/p>\n\n\n\n<div style=\"height:20px\" aria-hidden=\"true\" class=\"wp-block-spacer\"><\/div>\n\n\n\n<figure class=\"wp-block-embed-youtube aligncenter wp-block-embed is-type-video is-provider-youtube wp-embed-aspect-16-9 wp-has-aspect-ratio\"><div class=\"wp-block-embed__wrapper\">\n<iframe loading=\"lazy\" title=\"Takeover Festival 4. - 6. Februar 2022\" width=\"500\" height=\"281\" src=\"https:\/\/www.youtube.com\/embed\/lXOFdIk4o9Y?feature=oembed\" frameborder=\"0\" allow=\"accelerometer; autoplay; clipboard-write; encrypted-media; gyroscope; picture-in-picture\" allowfullscreen><\/iframe>\n<\/div><\/figure>\n\n\n\n<div style=\"height:20px\" aria-hidden=\"true\" class=\"wp-block-spacer\"><\/div>\n\n\n\n<h4><strong>Was genau erwartet die BesucherInnen?&nbsp;<\/strong><\/h4>\n\n\n\n<div style=\"height:20px\" aria-hidden=\"true\" class=\"wp-block-spacer\"><\/div>\n\n\n\n<p>Am Freitag beginnen wir mit einer gro\u00dfen Er\u00f6ffnungszeremonie. Riesige Lichtgestalten, sogenannte <strong><a rel=\"noreferrer noopener\" href=\"http:\/\/dundu.eu\/show-act-dundu\/\" target=\"_blank\">DUNDU<\/a><\/strong>, werden jeden dazu einladen ins Festspielhaus Baden-Baden zu kommen. Danach starten wir mit einem Konzert der&nbsp;<strong><a rel=\"noreferrer noopener\" href=\"https:\/\/jazzrauschbigband.de\" target=\"_blank\">Jazzrausch Bigband<\/a><\/strong>, die Techno-Sounds mit klassischen Instrumenten verbindet. Diese Band kann man auch bei einem ganzt\u00e4tigen Workshop begleiten und dabei Einblicke in einen reellen Tour-Alltag bekommen.&nbsp;<\/p>\n\n\n\n<p>Am Samstag steht dann Tanz auf dem Programm. Die d\u00e4nische Kompanie&nbsp;<strong><a rel=\"noreferrer noopener\" href=\"https:\/\/en.uppercutdanseteater.dk\" target=\"_blank\">Uppercut Dance Theater<\/a><\/strong>&nbsp;wird &#8222;<em>Samba<\/em>&#8222;, eine ganz au\u00dfergew\u00f6hnliche Tanzproduktion, vorf\u00fchren. Das&nbsp;<strong><a rel=\"noreferrer noopener\" href=\"https:\/\/oorkaan.nl\/voorstellingen\/whoops\/\" target=\"_blank\">Oorkaan Ensemble<\/a><\/strong>, ein Quartett aus Amsterdam, wird ebenfalls vor Ort sein. Am Nachmittag wird der bekannte Techno-DJ<a rel=\"noreferrer noopener\" href=\"https:\/\/dominik-eulberg.de\" target=\"_blank\">&nbsp;<strong>Dominik Eulberg<\/strong><\/a>\u2013 der auch Biologe und Ornithologe ist \u2013 eine Wanderung unternehmen, um Musik und Natur miteinander zu verbinden. Zudem wird er am Abend eine Liveshow im Festspielhaus gestalten.<\/p>\n\n\n\n<p>Wir bieten auch sogenannte <strong>1 zu 1 Konzerte<\/strong> in der ganzen Stadt und an au\u00dfergew\u00f6hnlichen Orten an. Hier wird ein\/e Musiker\/in f\u00fcr nur ein\/e Besucher\/in 10 Minuten lang ein exklusives Konzert spielen. Schlagzeuger des <strong><a rel=\"noreferrer noopener\" href=\"https:\/\/www.swr.de\/swrclassic\/symphonieorchester\/article-swr-152.html\" target=\"_blank\">SWR Symphonieorchesters<\/a><\/strong> sind auch mit einem eigenen Programm dabei. Im Allgemeinen gibt es ein bisschen von Allem; man kann sich also an den drei Tagen \u00fcberraschen lassen.<\/p>\n\n\n\n<div style=\"height:20px\" aria-hidden=\"true\" class=\"wp-block-spacer\"><\/div>\n\n\n\n<figure class=\"wp-block-embed-vimeo aligncenter wp-block-embed is-type-video is-provider-vimeo wp-embed-aspect-16-9 wp-has-aspect-ratio\"><div class=\"wp-block-embed__wrapper\">\n<div class=\"jeg_video_container jeg_video_content\"><iframe loading=\"lazy\" title=\"SAMBA official trailer\" src=\"https:\/\/player.vimeo.com\/video\/481184775?h=66ec99b623&amp;dnt=1&amp;app_id=122963\" width=\"500\" height=\"281\" frameborder=\"0\" allow=\"autoplay; fullscreen; picture-in-picture\" allowfullscreen><\/iframe><\/div>\n<\/div><figcaption>Trailer &#8222;Samba&#8220; I Uppercut Dance Theater<\/figcaption><\/figure>\n\n\n\n<div style=\"height:20px\" aria-hidden=\"true\" class=\"wp-block-spacer\"><\/div>\n\n\n\n<h4><strong>Wie wurden die K\u00fcnstlerInnen ausgew\u00e4hlt?&nbsp;<\/strong><\/h4>\n\n\n\n<div style=\"height:20px\" aria-hidden=\"true\" class=\"wp-block-spacer\"><\/div>\n\n\n\n<p>Wie so oft im Festspielhaus Baden-Baden haben wir versucht, die Besten der Besten zu finden. Dabei ging es uns um einen jungen, innovativen Charakter. Die Jazzrausch Bigband, die unterschiedliche Stile miteinander verbindet, ist daf\u00fcr ein gutes Beispiel. <\/p>\n\n\n\n<p>Das Uppercut Dance Theater wurde als eine der besten d\u00e4nischen Produktion ausgezeichnet. Mit \u201e<em>Samba<\/em>\u201c, werden sie mit einer sehr au\u00dfergew\u00f6hnlichen Show bei uns zu Gast sein. Eine Arena und eine H\u00e4ngebr\u00fccke werden daf\u00fcr auf der Hauptb\u00fchne errichtet, die es den ZuschauerInnen erlauben, mitten im Geschehen zu sein.&nbsp;<\/p>\n\n\n\n<p>Wir haben allen K\u00fcnstlerInnen eine Kondition gestellt: Zus\u00e4tzlich zu ihrer Live-Show m\u00fcssen alle mit einem Workshop-Angebot nach Baden-Baden kommen. Viele davon sind sehr exklusiv und finden nur w\u00e4hrend des Takeover Festivals statt. Nur hier kann man mit einem DJ eine Wanderung machen.&nbsp;<\/p>\n\n\n\n<p>Zu den MusikerInnen des SWR Symphonieorchesters verbindet uns eine wunderbare und langj\u00e4hrige Freundschaft. Es stand f\u00fcr uns von Anfang an fest, sie beim Festival mit dabei zu haben, da sie sehr offen f\u00fcr Neues sind. Das Orkaan Ensemble erstellt f\u00fcr uns ein Takeover-Format: In ihrem dreit\u00e4gigen Workshop k\u00f6nnen die TeilnehmerInnen ein eigenes Konzert mit dem Quartett erfinden. Das gab es so noch nie und wird auch f\u00fcr die MusikerInnen eine Premiere (<em>Vorstellung am Sonntag, 6.02. um 13h30 im Festspielhaus Baden-Baden<\/em>).&nbsp;<\/p>\n\n\n\n<div style=\"height:20px\" aria-hidden=\"true\" class=\"wp-block-spacer\"><\/div>\n\n\n\n<div class=\"wp-block-image\"><figure class=\"aligncenter size-large\"><img decoding=\"async\" loading=\"lazy\" width=\"1024\" height=\"662\" src=\"https:\/\/www.szenik.eu\/wp-content\/uploads\/2022\/01\/Capture-d\u2019\u00e9cran-2022-01-31-\u00e0-15.31.13-1024x662.png\" alt=\"\" class=\"wp-image-47259\" srcset=\"https:\/\/www.szenik.eu\/wp-content\/uploads\/2022\/01\/Capture-d\u2019\u00e9cran-2022-01-31-\u00e0-15.31.13-1024x662.png 1024w, https:\/\/www.szenik.eu\/wp-content\/uploads\/2022\/01\/Capture-d\u2019\u00e9cran-2022-01-31-\u00e0-15.31.13-300x194.png 300w, https:\/\/www.szenik.eu\/wp-content\/uploads\/2022\/01\/Capture-d\u2019\u00e9cran-2022-01-31-\u00e0-15.31.13-768x496.png 768w, https:\/\/www.szenik.eu\/wp-content\/uploads\/2022\/01\/Capture-d\u2019\u00e9cran-2022-01-31-\u00e0-15.31.13-750x485.png 750w, https:\/\/www.szenik.eu\/wp-content\/uploads\/2022\/01\/Capture-d\u2019\u00e9cran-2022-01-31-\u00e0-15.31.13.png 1083w\" sizes=\"(max-width: 1024px) 100vw, 1024px\" \/><figcaption>Dominik Eulberg I Natalia_Luzenko<\/figcaption><\/figure><\/div>\n\n\n\n<div style=\"height:20px\" aria-hidden=\"true\" class=\"wp-block-spacer\"><\/div>\n\n\n\n<h4><strong>Richtet sich das Festival also vorrangig an junge Erwachsene?<\/strong><\/h4>\n\n\n\n<div style=\"height:20px\" aria-hidden=\"true\" class=\"wp-block-spacer\"><\/div>\n\n\n\n<p>Genau. Wir w\u00fcrden uns sehr freuen, wenn wir ein 18 bis 35-j\u00e4hriges Publikum erreichen k\u00f6nnten, da wir mit ihnen gemeinsam die Zukunft des Festivals neu ergr\u00fcnden m\u00f6chten. In diesen drei Tagen wird sich das Haus in ein k\u00fcnstlerisches Laboratorium verwandeln. Wir m\u00f6chten einen Werkstatt-Charakter kreieren, bei dem wir selbst als Festspielhaus Baden-Baden dazu lernen. Ab dem 4. Februar ist zudem ein Ideenwettbewerb geplant; d.h. jeder, der sich im Haus aufh\u00e4lt oder digital hinzugeschaltet ist, kann seine eigenen Ideen zu zuk\u00fcnftigen Ausgaben dieses Festivals einschicken.\u00a0<\/p>\n\n\n\n<p>Es geht nicht darum, alles neu zu erfinden. Das Festspielhaus Baden-Baden ist ein national und international renommiertes Opern-und Konzerthaus. Dennoch m\u00f6chten wir gerade im Bereich des Jungen Publikums mit dem Schwerpunkt Partizipation eine neue, innovative Richtung einschlagen. Dies geht in unseren Augen nur gemeinsam mit dem Publikum. Insgesamt wird es in diesem Jahr sieben Festivals im Festspielhaus geben; jeder mit seinem eigenen Schwerpunkt, und wir hoffen, dass wir alle Menschen zu uns einladen.<\/p>\n\n\n\n<div style=\"height:20px\" aria-hidden=\"true\" class=\"wp-block-spacer\"><\/div>\n\n\n\n<figure class=\"wp-block-image size-large\"><img decoding=\"async\" loading=\"lazy\" width=\"1024\" height=\"662\" src=\"https:\/\/www.szenik.eu\/wp-content\/uploads\/2022\/01\/Capture-d\u2019\u00e9cran-2022-01-31-\u00e0-15.31.23-1024x662.png\" alt=\"\" class=\"wp-image-47261\" srcset=\"https:\/\/www.szenik.eu\/wp-content\/uploads\/2022\/01\/Capture-d\u2019\u00e9cran-2022-01-31-\u00e0-15.31.23-1024x662.png 1024w, https:\/\/www.szenik.eu\/wp-content\/uploads\/2022\/01\/Capture-d\u2019\u00e9cran-2022-01-31-\u00e0-15.31.23-300x194.png 300w, https:\/\/www.szenik.eu\/wp-content\/uploads\/2022\/01\/Capture-d\u2019\u00e9cran-2022-01-31-\u00e0-15.31.23-768x497.png 768w, https:\/\/www.szenik.eu\/wp-content\/uploads\/2022\/01\/Capture-d\u2019\u00e9cran-2022-01-31-\u00e0-15.31.23-750x485.png 750w, https:\/\/www.szenik.eu\/wp-content\/uploads\/2022\/01\/Capture-d\u2019\u00e9cran-2022-01-31-\u00e0-15.31.23.png 1082w\" sizes=\"(max-width: 1024px) 100vw, 1024px\" \/><figcaption>1 zu 1 I SWR, Andree Kaiser<\/figcaption><\/figure>\n\n\n\n<div style=\"height:20px\" aria-hidden=\"true\" class=\"wp-block-spacer\"><\/div>\n\n\n\n<h4><strong>Wieso ist Ihr Interesse an dieser Altersstufe oder an einem jungen Publikum so gro\u00df?&nbsp;<\/strong><\/h4>\n\n\n\n<div style=\"height:20px\" aria-hidden=\"true\" class=\"wp-block-spacer\"><\/div>\n\n\n\n<p>Nat\u00fcrlich steht das Festspielhaus Baden-Baden allen Altersstufen offen; wir m\u00fcssen uns allerdings zukunftsf\u00e4hig machen. Wir haben in den letzten Jahren gemerkt, dass es ein gro\u00dfes Interesse von Seiten unseres jungen Publikums an unserem Haus gibt. Aber wir m\u00fcssen ein ihnen attraktives Angebot finden und da spielt das Thema Partizipation, also etwas gemeinsam mit K\u00fcnstlerInnen zu entwickeln und dabei selbst zum\/r K\u00fcnstler\/in zu werden, eine gro\u00dfe Rolle. Ich glaube, dass dieser Drang zur N\u00e4he, gerade bei jungen Menschen, durch die Pandemie gro\u00df geworden ist.&nbsp;<\/p>\n\n\n\n<p>Wir sind uns sicher: Wenn wir junge Menschen aktiv zu der Zukunft dieses Festivals und seinen Formaten befragen, wird hier etwas entstehen, dass es so noch nicht gibt und dass \u00fcber die kommenden Jahre immer wieder wachsen kann.&nbsp;<\/p>\n\n\n\n<div style=\"height:20px\" aria-hidden=\"true\" class=\"wp-block-spacer\"><\/div>\n\n\n\n<div class=\"wp-block-image\"><figure class=\"aligncenter size-large\"><img decoding=\"async\" loading=\"lazy\" width=\"800\" height=\"534\" src=\"https:\/\/www.szenik.eu\/wp-content\/uploads\/2022\/01\/DUNDU_c_silas-pelsmaeker-xo-1600px6_15141955751_o.jpg\" alt=\"\" class=\"wp-image-47263\" srcset=\"https:\/\/www.szenik.eu\/wp-content\/uploads\/2022\/01\/DUNDU_c_silas-pelsmaeker-xo-1600px6_15141955751_o.jpg 800w, https:\/\/www.szenik.eu\/wp-content\/uploads\/2022\/01\/DUNDU_c_silas-pelsmaeker-xo-1600px6_15141955751_o-300x200.jpg 300w, https:\/\/www.szenik.eu\/wp-content\/uploads\/2022\/01\/DUNDU_c_silas-pelsmaeker-xo-1600px6_15141955751_o-768x513.jpg 768w, https:\/\/www.szenik.eu\/wp-content\/uploads\/2022\/01\/DUNDU_c_silas-pelsmaeker-xo-1600px6_15141955751_o-750x501.jpg 750w\" sizes=\"(max-width: 800px) 100vw, 800px\" \/><figcaption>DUNDU I Silas Pelsmaeker<\/figcaption><\/figure><\/div>\n\n\n\n<h4><strong>Steht das Takeover Festival auch einem grenz\u00fcberschreitenden Publikum offen?&nbsp;<\/strong><\/h4>\n\n\n\n<div style=\"height:20px\" aria-hidden=\"true\" class=\"wp-block-spacer\"><\/div>\n\n\n\n<p>Die deutsch-franz\u00f6sische Dimension wird ab diesem Jahr allgemein im Festspielhaus deutlich intensiviert, denn wir haben neue Festivals, die die deutsch-franz\u00f6sische Freundschaft f\u00f6rdern werden. Beim Takeover Festival w\u00fcrden wir uns nat\u00fcrlich auch freuen, wenn BesucherInnen aus der ganzen Region zu uns kommen. Aber f\u00fcr diese Erstausgabe starten wir klein, um diesen Werkstatt- und Labor-Charakter zu f\u00f6rdern.<\/p>\n\n\n\n<p>Das Festspielhaus Baden-Baden m\u00f6chte zeigen, dass es weiterhin sehr mutig unterwegs ist. Wir w\u00fcnschen uns f\u00fcr die kommenden Takeover-Ausgaben ein europ\u00e4isches Publikum, mit dem wir die Themen \u201eZukunft\u201c und Innovation\u201c erforschen k\u00f6nnen.&nbsp;<\/p>\n\n\n\n<div style=\"height:100px\" aria-hidden=\"true\" class=\"wp-block-spacer\"><\/div>\n\n\n\n<div class=\"wp-block-button aligncenter\"><a class=\"wp-block-button__link has-text-color has-very-dark-gray-color has-background has-luminous-vivid-amber-background-color\" href=\"https:\/\/festivals.festspielhaus.de\/takeover\/\" target=\"_blank\" rel=\"noreferrer noopener\">Weitere Informationen auf der Webseite des Festspielhauses<\/a><\/div>\n\n\n\n<div style=\"height:100px\" aria-hidden=\"true\" class=\"wp-block-spacer\"><\/div>\n\n\n\n<p class=\"has-small-font-size\">Interview: Tatiana Geiselmann<br>Januar 2021<br>Foto: Uppercut Dance Theater Samba I Badi Berber<\/p>\n\n\n\n<div style=\"height:100px\" aria-hidden=\"true\" class=\"wp-block-spacer\"><\/div>\n","protected":false},"excerpt":{"rendered":"<p>Vom 4. bis 6. Februar 2022 startet das Festspielhaus Baden-Baden ein v\u00f6llig neues Festival: das Takeover Festival. Die Schl\u00fcssel der ehrw\u00fcrdigen Institution werden der jungen Generation anvertraut, damit diese das Haus erobern kann. Auf dem Programm stehen Elektro-Musik, Tanzworkshops, Schlagzeugkonzerte und jede Menge Kreativit\u00e4t. Ziel des Festspielhauses ist es, sich in ein k\u00fcnstlerisches Labor zu [&hellip;]<\/p>\n","protected":false},"author":1,"featured_media":47265,"comment_status":"open","ping_status":"open","sticky":false,"template":"","format":"standard","meta":{"_monsterinsights_skip_tracking":false,"_monsterinsights_sitenote_active":false,"_monsterinsights_sitenote_note":"","_monsterinsights_sitenote_category":0},"categories":[53,73],"tags":[16155,6560,16152,16154,16153],"yoast_head":"<!-- This site is optimized with the Yoast SEO plugin v20.5 - https:\/\/yoast.com\/wordpress\/plugins\/seo\/ -->\n<title>Interview: Das Takeover Festival im Festspielhaus Baden-Baden I szenik<\/title>\n<meta name=\"description\" content=\"Dany Weier, Leiter der Partizipationsabteilung, im Gespr\u00e4ch \u00fcber das Takeover Festival, dass das Festspielhaus Baden-Baden zur Kreativwerkstatt macht.\" \/>\n<meta name=\"robots\" content=\"index, follow, max-snippet:-1, max-image-preview:large, max-video-preview:-1\" \/>\n<link rel=\"canonical\" href=\"https:\/\/www.szenik.eu\/de\/das-takeover-festival-im-festspielhaus-baden-baden-eine-ganz-innovative-und-kreative-sturmfreie-bude-47255\" \/>\n<meta property=\"og:locale\" content=\"de_DE\" \/>\n<meta property=\"og:type\" content=\"article\" \/>\n<meta property=\"og:title\" content=\"Interview: Das Takeover Festival im Festspielhaus Baden-Baden I szenik\" \/>\n<meta property=\"og:description\" content=\"Dany Weier, Leiter der Partizipationsabteilung, im Gespr\u00e4ch \u00fcber das Takeover Festival, dass das Festspielhaus Baden-Baden zur Kreativwerkstatt macht.\" \/>\n<meta property=\"og:url\" content=\"https:\/\/www.szenik.eu\/de\/das-takeover-festival-im-festspielhaus-baden-baden-eine-ganz-innovative-und-kreative-sturmfreie-bude-47255\" \/>\n<meta property=\"og:site_name\" content=\"szenik\" \/>\n<meta property=\"article:publisher\" content=\"https:\/\/www.facebook.com\/szenik.eu\/\" \/>\n<meta property=\"article:published_time\" content=\"2022-01-31T14:41:41+00:00\" \/>\n<meta property=\"article:modified_time\" content=\"2022-01-31T14:45:18+00:00\" \/>\n<meta property=\"og:image\" content=\"https:\/\/www.szenik.eu\/wp-content\/uploads\/2022\/01\/Capture-d\u2019\u00e9cran-2022-01-31-\u00e0-15.31.32.png\" \/>\n\t<meta property=\"og:image:width\" content=\"1080\" \/>\n\t<meta property=\"og:image:height\" content=\"699\" \/>\n\t<meta property=\"og:image:type\" content=\"image\/png\" \/>\n<meta name=\"author\" content=\"szenik\" \/>\n<meta name=\"twitter:card\" content=\"summary_large_image\" \/>\n<meta name=\"twitter:creator\" content=\"@Szenik\" \/>\n<meta name=\"twitter:site\" content=\"@Szenik\" \/>\n<meta name=\"twitter:label1\" content=\"Verfasst von\" \/>\n\t<meta name=\"twitter:data1\" content=\"szenik\" \/>\n\t<meta name=\"twitter:label2\" content=\"Gesch\u00e4tzte Lesezeit\" \/>\n\t<meta name=\"twitter:data2\" content=\"6\u00a0Minuten\" \/>\n<script type=\"application\/ld+json\" class=\"yoast-schema-graph\">{\"@context\":\"https:\/\/schema.org\",\"@graph\":[{\"@type\":\"Article\",\"@id\":\"https:\/\/www.szenik.eu\/de\/das-takeover-festival-im-festspielhaus-baden-baden-eine-ganz-innovative-und-kreative-sturmfreie-bude-47255#article\",\"isPartOf\":{\"@id\":\"https:\/\/www.szenik.eu\/de\/das-takeover-festival-im-festspielhaus-baden-baden-eine-ganz-innovative-und-kreative-sturmfreie-bude-47255\"},\"author\":{\"name\":\"szenik\",\"@id\":\"https:\/\/www.szenik.eu\/de\/#\/schema\/person\/15f73f175b41bad194837490339d48fb\"},\"headline\":\"Das Takeover Festival im Festspielhaus Baden-Baden: Eine ganz innovative und kreative &#8222;sturmfreie Bude&#8220;\",\"datePublished\":\"2022-01-31T14:41:41+00:00\",\"dateModified\":\"2022-01-31T14:45:18+00:00\",\"mainEntityOfPage\":{\"@id\":\"https:\/\/www.szenik.eu\/de\/das-takeover-festival-im-festspielhaus-baden-baden-eine-ganz-innovative-und-kreative-sturmfreie-bude-47255\"},\"wordCount\":1198,\"commentCount\":0,\"publisher\":{\"@id\":\"https:\/\/www.szenik.eu\/de\/#organization\"},\"keywords\":[\"Dominik Eulberg\",\"Festspielhaus Baden-Baden\",\"Jazzrausch Bigband\",\"Oorkaan Ensemble\",\"Uppercut Dance Theater\"],\"articleSection\":[\"Magazin\",\"Portr\u00e4ts und Gespr\u00e4che\"],\"inLanguage\":\"de\",\"potentialAction\":[{\"@type\":\"CommentAction\",\"name\":\"Comment\",\"target\":[\"https:\/\/www.szenik.eu\/de\/das-takeover-festival-im-festspielhaus-baden-baden-eine-ganz-innovative-und-kreative-sturmfreie-bude-47255#respond\"]}]},{\"@type\":\"WebPage\",\"@id\":\"https:\/\/www.szenik.eu\/de\/das-takeover-festival-im-festspielhaus-baden-baden-eine-ganz-innovative-und-kreative-sturmfreie-bude-47255\",\"url\":\"https:\/\/www.szenik.eu\/de\/das-takeover-festival-im-festspielhaus-baden-baden-eine-ganz-innovative-und-kreative-sturmfreie-bude-47255\",\"name\":\"Interview: Das Takeover Festival im Festspielhaus Baden-Baden I szenik\",\"isPartOf\":{\"@id\":\"https:\/\/www.szenik.eu\/de\/#website\"},\"datePublished\":\"2022-01-31T14:41:41+00:00\",\"dateModified\":\"2022-01-31T14:45:18+00:00\",\"description\":\"Dany Weier, Leiter der Partizipationsabteilung, im Gespr\u00e4ch \u00fcber das Takeover Festival, dass das Festspielhaus Baden-Baden zur Kreativwerkstatt macht.\",\"breadcrumb\":{\"@id\":\"https:\/\/www.szenik.eu\/de\/das-takeover-festival-im-festspielhaus-baden-baden-eine-ganz-innovative-und-kreative-sturmfreie-bude-47255#breadcrumb\"},\"inLanguage\":\"de\",\"potentialAction\":[{\"@type\":\"ReadAction\",\"target\":[\"https:\/\/www.szenik.eu\/de\/das-takeover-festival-im-festspielhaus-baden-baden-eine-ganz-innovative-und-kreative-sturmfreie-bude-47255\"]}]},{\"@type\":\"BreadcrumbList\",\"@id\":\"https:\/\/www.szenik.eu\/de\/das-takeover-festival-im-festspielhaus-baden-baden-eine-ganz-innovative-und-kreative-sturmfreie-bude-47255#breadcrumb\",\"itemListElement\":[{\"@type\":\"ListItem\",\"position\":1,\"name\":\"Home\",\"item\":\"https:\/\/www.szenik.eu\/de\"},{\"@type\":\"ListItem\",\"position\":2,\"name\":\"Das Takeover Festival im Festspielhaus Baden-Baden: Eine ganz innovative und kreative &#8222;sturmfreie Bude&#8220;\"}]},{\"@type\":\"WebSite\",\"@id\":\"https:\/\/www.szenik.eu\/de\/#website\",\"url\":\"https:\/\/www.szenik.eu\/de\/\",\"name\":\"szenik\",\"description\":\"Le Meilleur des sc\u00e8nes au coeur de l&#039;Europe\",\"publisher\":{\"@id\":\"https:\/\/www.szenik.eu\/de\/#organization\"},\"potentialAction\":[{\"@type\":\"SearchAction\",\"target\":{\"@type\":\"EntryPoint\",\"urlTemplate\":\"https:\/\/www.szenik.eu\/de\/?s={search_term_string}\"},\"query-input\":\"required name=search_term_string\"}],\"inLanguage\":\"de\"},{\"@type\":\"Organization\",\"@id\":\"https:\/\/www.szenik.eu\/de\/#organization\",\"name\":\"Szenik\",\"url\":\"https:\/\/www.szenik.eu\/de\/\",\"logo\":{\"@type\":\"ImageObject\",\"inLanguage\":\"de\",\"@id\":\"https:\/\/www.szenik.eu\/de\/#\/schema\/logo\/image\/\",\"url\":\"https:\/\/www.szenik.eu\/wp-content\/uploads\/2019\/07\/logo-square.png\",\"contentUrl\":\"https:\/\/www.szenik.eu\/wp-content\/uploads\/2019\/07\/logo-square.png\",\"width\":512,\"height\":512,\"caption\":\"Szenik\"},\"image\":{\"@id\":\"https:\/\/www.szenik.eu\/de\/#\/schema\/logo\/image\/\"},\"sameAs\":[\"https:\/\/www.facebook.com\/szenik.eu\/\",\"https:\/\/twitter.com\/Szenik\",\"https:\/\/www.instagram.com\/szenik_magazine\/\",\"https:\/\/www.youtube.com\/user\/SzenikEU\/\"]},{\"@type\":\"Person\",\"@id\":\"https:\/\/www.szenik.eu\/de\/#\/schema\/person\/15f73f175b41bad194837490339d48fb\",\"name\":\"szenik\",\"image\":{\"@type\":\"ImageObject\",\"inLanguage\":\"de\",\"@id\":\"https:\/\/www.szenik.eu\/de\/#\/schema\/person\/image\/\",\"url\":\"https:\/\/secure.gravatar.com\/avatar\/d1c4f19522a624a4eaa5e6c03e22370b?s=96&d=mm&r=g\",\"contentUrl\":\"https:\/\/secure.gravatar.com\/avatar\/d1c4f19522a624a4eaa5e6c03e22370b?s=96&d=mm&r=g\",\"caption\":\"szenik\"}}]}<\/script>\n<!-- \/ Yoast SEO plugin. -->","yoast_head_json":{"title":"Interview: Das Takeover Festival im Festspielhaus Baden-Baden I szenik","description":"Dany Weier, Leiter der Partizipationsabteilung, im Gespr\u00e4ch \u00fcber das Takeover Festival, dass das Festspielhaus Baden-Baden zur Kreativwerkstatt macht.","robots":{"index":"index","follow":"follow","max-snippet":"max-snippet:-1","max-image-preview":"max-image-preview:large","max-video-preview":"max-video-preview:-1"},"canonical":"https:\/\/www.szenik.eu\/de\/das-takeover-festival-im-festspielhaus-baden-baden-eine-ganz-innovative-und-kreative-sturmfreie-bude-47255","og_locale":"de_DE","og_type":"article","og_title":"Interview: Das Takeover Festival im Festspielhaus Baden-Baden I szenik","og_description":"Dany Weier, Leiter der Partizipationsabteilung, im Gespr\u00e4ch \u00fcber das Takeover Festival, dass das Festspielhaus Baden-Baden zur Kreativwerkstatt macht.","og_url":"https:\/\/www.szenik.eu\/de\/das-takeover-festival-im-festspielhaus-baden-baden-eine-ganz-innovative-und-kreative-sturmfreie-bude-47255","og_site_name":"szenik","article_publisher":"https:\/\/www.facebook.com\/szenik.eu\/","article_published_time":"2022-01-31T14:41:41+00:00","article_modified_time":"2022-01-31T14:45:18+00:00","og_image":[{"width":1080,"height":699,"url":"https:\/\/www.szenik.eu\/wp-content\/uploads\/2022\/01\/Capture-d\u2019\u00e9cran-2022-01-31-\u00e0-15.31.32.png","type":"image\/png"}],"author":"szenik","twitter_card":"summary_large_image","twitter_creator":"@Szenik","twitter_site":"@Szenik","twitter_misc":{"Verfasst von":"szenik","Gesch\u00e4tzte Lesezeit":"6\u00a0Minuten"},"schema":{"@context":"https:\/\/schema.org","@graph":[{"@type":"Article","@id":"https:\/\/www.szenik.eu\/de\/das-takeover-festival-im-festspielhaus-baden-baden-eine-ganz-innovative-und-kreative-sturmfreie-bude-47255#article","isPartOf":{"@id":"https:\/\/www.szenik.eu\/de\/das-takeover-festival-im-festspielhaus-baden-baden-eine-ganz-innovative-und-kreative-sturmfreie-bude-47255"},"author":{"name":"szenik","@id":"https:\/\/www.szenik.eu\/de\/#\/schema\/person\/15f73f175b41bad194837490339d48fb"},"headline":"Das Takeover Festival im Festspielhaus Baden-Baden: Eine ganz innovative und kreative &#8222;sturmfreie Bude&#8220;","datePublished":"2022-01-31T14:41:41+00:00","dateModified":"2022-01-31T14:45:18+00:00","mainEntityOfPage":{"@id":"https:\/\/www.szenik.eu\/de\/das-takeover-festival-im-festspielhaus-baden-baden-eine-ganz-innovative-und-kreative-sturmfreie-bude-47255"},"wordCount":1198,"commentCount":0,"publisher":{"@id":"https:\/\/www.szenik.eu\/de\/#organization"},"keywords":["Dominik Eulberg","Festspielhaus Baden-Baden","Jazzrausch Bigband","Oorkaan Ensemble","Uppercut Dance Theater"],"articleSection":["Magazin","Portr\u00e4ts und Gespr\u00e4che"],"inLanguage":"de","potentialAction":[{"@type":"CommentAction","name":"Comment","target":["https:\/\/www.szenik.eu\/de\/das-takeover-festival-im-festspielhaus-baden-baden-eine-ganz-innovative-und-kreative-sturmfreie-bude-47255#respond"]}]},{"@type":"WebPage","@id":"https:\/\/www.szenik.eu\/de\/das-takeover-festival-im-festspielhaus-baden-baden-eine-ganz-innovative-und-kreative-sturmfreie-bude-47255","url":"https:\/\/www.szenik.eu\/de\/das-takeover-festival-im-festspielhaus-baden-baden-eine-ganz-innovative-und-kreative-sturmfreie-bude-47255","name":"Interview: Das Takeover Festival im Festspielhaus Baden-Baden I szenik","isPartOf":{"@id":"https:\/\/www.szenik.eu\/de\/#website"},"datePublished":"2022-01-31T14:41:41+00:00","dateModified":"2022-01-31T14:45:18+00:00","description":"Dany Weier, Leiter der Partizipationsabteilung, im Gespr\u00e4ch \u00fcber das Takeover Festival, dass das Festspielhaus Baden-Baden zur Kreativwerkstatt macht.","breadcrumb":{"@id":"https:\/\/www.szenik.eu\/de\/das-takeover-festival-im-festspielhaus-baden-baden-eine-ganz-innovative-und-kreative-sturmfreie-bude-47255#breadcrumb"},"inLanguage":"de","potentialAction":[{"@type":"ReadAction","target":["https:\/\/www.szenik.eu\/de\/das-takeover-festival-im-festspielhaus-baden-baden-eine-ganz-innovative-und-kreative-sturmfreie-bude-47255"]}]},{"@type":"BreadcrumbList","@id":"https:\/\/www.szenik.eu\/de\/das-takeover-festival-im-festspielhaus-baden-baden-eine-ganz-innovative-und-kreative-sturmfreie-bude-47255#breadcrumb","itemListElement":[{"@type":"ListItem","position":1,"name":"Home","item":"https:\/\/www.szenik.eu\/de"},{"@type":"ListItem","position":2,"name":"Das Takeover Festival im Festspielhaus Baden-Baden: Eine ganz innovative und kreative &#8222;sturmfreie Bude&#8220;"}]},{"@type":"WebSite","@id":"https:\/\/www.szenik.eu\/de\/#website","url":"https:\/\/www.szenik.eu\/de\/","name":"szenik","description":"Le Meilleur des sc\u00e8nes au coeur de l&#039;Europe","publisher":{"@id":"https:\/\/www.szenik.eu\/de\/#organization"},"potentialAction":[{"@type":"SearchAction","target":{"@type":"EntryPoint","urlTemplate":"https:\/\/www.szenik.eu\/de\/?s={search_term_string}"},"query-input":"required name=search_term_string"}],"inLanguage":"de"},{"@type":"Organization","@id":"https:\/\/www.szenik.eu\/de\/#organization","name":"Szenik","url":"https:\/\/www.szenik.eu\/de\/","logo":{"@type":"ImageObject","inLanguage":"de","@id":"https:\/\/www.szenik.eu\/de\/#\/schema\/logo\/image\/","url":"https:\/\/www.szenik.eu\/wp-content\/uploads\/2019\/07\/logo-square.png","contentUrl":"https:\/\/www.szenik.eu\/wp-content\/uploads\/2019\/07\/logo-square.png","width":512,"height":512,"caption":"Szenik"},"image":{"@id":"https:\/\/www.szenik.eu\/de\/#\/schema\/logo\/image\/"},"sameAs":["https:\/\/www.facebook.com\/szenik.eu\/","https:\/\/twitter.com\/Szenik","https:\/\/www.instagram.com\/szenik_magazine\/","https:\/\/www.youtube.com\/user\/SzenikEU\/"]},{"@type":"Person","@id":"https:\/\/www.szenik.eu\/de\/#\/schema\/person\/15f73f175b41bad194837490339d48fb","name":"szenik","image":{"@type":"ImageObject","inLanguage":"de","@id":"https:\/\/www.szenik.eu\/de\/#\/schema\/person\/image\/","url":"https:\/\/secure.gravatar.com\/avatar\/d1c4f19522a624a4eaa5e6c03e22370b?s=96&d=mm&r=g","contentUrl":"https:\/\/secure.gravatar.com\/avatar\/d1c4f19522a624a4eaa5e6c03e22370b?s=96&d=mm&r=g","caption":"szenik"}}]}},"jetpack_featured_media_url":"https:\/\/www.szenik.eu\/wp-content\/uploads\/2022\/01\/Capture-d\u2019\u00e9cran-2022-01-31-\u00e0-15.31.32.png","amp_enabled":true,"_links":{"self":[{"href":"https:\/\/www.szenik.eu\/de\/wp-json\/\/wp\/v2\/posts\/47255"}],"collection":[{"href":"https:\/\/www.szenik.eu\/de\/wp-json\/\/wp\/v2\/posts"}],"about":[{"href":"https:\/\/www.szenik.eu\/de\/wp-json\/\/wp\/v2\/types\/post"}],"author":[{"embeddable":true,"href":"https:\/\/www.szenik.eu\/de\/wp-json\/\/wp\/v2\/users\/1"}],"replies":[{"embeddable":true,"href":"https:\/\/www.szenik.eu\/de\/wp-json\/\/wp\/v2\/comments?post=47255"}],"version-history":[{"count":3,"href":"https:\/\/www.szenik.eu\/de\/wp-json\/\/wp\/v2\/posts\/47255\/revisions"}],"predecessor-version":[{"id":47269,"href":"https:\/\/www.szenik.eu\/de\/wp-json\/\/wp\/v2\/posts\/47255\/revisions\/47269"}],"wp:featuredmedia":[{"embeddable":true,"href":"https:\/\/www.szenik.eu\/de\/wp-json\/\/wp\/v2\/media\/47265"}],"wp:attachment":[{"href":"https:\/\/www.szenik.eu\/de\/wp-json\/\/wp\/v2\/media?parent=47255"}],"wp:term":[{"taxonomy":"category","embeddable":true,"href":"https:\/\/www.szenik.eu\/de\/wp-json\/\/wp\/v2\/categories?post=47255"},{"taxonomy":"post_tag","embeddable":true,"href":"https:\/\/www.szenik.eu\/de\/wp-json\/\/wp\/v2\/tags?post=47255"}],"curies":[{"name":"wp","href":"https:\/\/api.w.org\/{rel}","templated":true}]}}