{"id":47066,"date":"2022-01-25T14:25:01","date_gmt":"2022-01-25T13:25:01","guid":{"rendered":"https:\/\/www.szenik.eu\/une-nouvelle-adaptation-du-roman-lenz-de-georg-buchner-au-theater-eurodistrict-baden-alsace-47066"},"modified":"2022-01-27T18:48:44","modified_gmt":"2022-01-27T17:48:44","slug":"une-nouvelle-adaptation-du-roman-lenz-de-georg-buchner-au-theater-eurodistrict-baden-alsace","status":"publish","type":"post","link":"https:\/\/www.szenik.eu\/de\/une-nouvelle-adaptation-du-roman-lenz-de-georg-buchner-au-theater-eurodistrict-baden-alsace-47066","title":{"rendered":"Eine neue Adaption der Erz\u00e4hlung &#8222;Lenz&#8220; von Georg B\u00fcchner im Theater Eurodistrict Baden-Alsace"},"content":{"rendered":"\n<div style=\"height:20px\" aria-hidden=\"true\" class=\"wp-block-spacer\"><\/div>\n\n\n\n<h2>Im Rahmen des Kinder-und Jugendtheaterfestivals &#8222;Allez Hop! 2022&#8220; haben wir Edzard Schoppmann, den K\u00fcnstlerischen Leiter des Theaters Eurodistrict Baden Alsace und Regisseur des St\u00fcckes &#8222;B\u00fcchners Lenz&#8220;, getroffen.<\/h2>\n\n\n\n<div style=\"height:37px\" aria-hidden=\"true\" class=\"wp-block-spacer\"><\/div>\n\n\n\n<p style=\"background-color:#d3fce2\" class=\"has-background\"><strong>Ihr St\u00fcck ist eine Adaption der ber\u00fchmten Erz\u00e4hlung &#8222;Lenz&#8220; von Georg B\u00fcchner. K\u00f6nnten Sie uns kurz daran erinnern, worum es darin geht? <\/strong><\/p>\n\n\n\n<div style=\"height:24px\" aria-hidden=\"true\" class=\"wp-block-spacer\"><\/div>\n\n\n\n<p>Die Geschichte\nvon Lenz beruht auf einer wahren Begebenheit, die sich Ende des 18. Jahrhunderts\nabspielte: Waldersbach ist eine Gemeinde (in dem sich auch das Oberlin Museum befindet),\nin welcher der Pfarrer Johann Friedrich Oberlin lebte. Dieser war ein sehr angesehener\nP\u00e4dagoge: Er hat zum Beispiel \u201eStrickschulen\u201c gegr\u00fcndet und vieles f\u00fcr die\nKinder im Dorf getan (wie die Entwicklung eines Kindergartens). Er war ein sehr\naufgekl\u00e4rter, den Menschen zugewandter Pfarrer. <\/p>\n\n\n\n<p>Lenz\nkam auf die Empfehlung eines Freundes nach Waldersbach. Er selbst war Schriftsteller,\nein Zeitgenosse von Johann Wolfgang von Goethe und hat viele Theaterst\u00fccke\ngeschrieben. Allerdings litt er unter einer bipolaren St\u00f6rung und einer Art\nSchizophrenie mit zus\u00e4tzlichen Anzeichen einer Depression; er erhoffte sich\nHeilung vom Pfarrer Oberlin. So zog Lenz also im Winter von Stra\u00dfburg \u00fcber die\nBerge und das bei Wind und Wetter. Am 20. Januar kam er in Waldersbach an.<\/p>\n\n\n\n<p>B\u00fcchners\nErz\u00e4hlung handelt von der Begegnung zwischen dem Pfarrer Oberlin und Lenz,\ndessen Versuch dem Schriftsteller helfen zu wollen und seinem Scheitern. Schlie\u00dflich\nverstrickt sich Oberlin immer mehr in die Psychose von Lenz und ist ihr hilflos\nausgesetzt. Nat\u00fcrlich nimmt er Anteil an Lenz\u2018 Schicksal, gleichzeitig ist er aber\nfasziniert von diesem intellektuellen und leidenschaftlich engagierten Menschen.\nDeshalb hat er ihn nach drei Wochen nach Stra\u00dfburg zur\u00fcckgeschickt, weil er\nv\u00f6llig \u00fcberfordert war. <\/p>\n\n\n\n<p>Es\nist eine sehr spannende Geschichte! Sie erz\u00e4hlt von seelischen Abgr\u00fcnden und\ngleichzeitig von Leidenschaft. Es ist auch sehr sch\u00f6n, wie die Landschaften\ndort beschrieben werden: Es ist eine fantastische Welt, die in diesem Roman\nbeschrieben wird!<\/p>\n\n\n\n<p>Es war f\u00fcr mich eine Herausforderung, diese Themen mit einer Inszenierung zu verbinden und die Handlung Szene f\u00fcr Szene umzusetzen. Auf der B\u00fchne vereinen sich Chormusik, epische Szenen und Dialoge. Hinzu kommen die innere Stimme und die Halluzinationen von Lenz, die wir von T\u00e4nzerInnen darstellen lassen. Wir m\u00f6chten das innere Gef\u00e4ngnis darstellen, in dem sich Lenz befindet.&nbsp; <\/p>\n\n\n\n<div style=\"height:20px\" aria-hidden=\"true\" class=\"wp-block-spacer\"><\/div>\n\n\n\n<div class=\"wp-block-image\"><figure class=\"aligncenter size-large\"><img decoding=\"async\" loading=\"lazy\" width=\"1024\" height=\"794\" src=\"https:\/\/www.szenik.eu\/wp-content\/uploads\/2022\/01\/Szene-am-Fenster-WEB-1800-px-Breite-IMG_7085-1024x794.jpg\" alt=\"\" class=\"wp-image-47151\" srcset=\"https:\/\/www.szenik.eu\/wp-content\/uploads\/2022\/01\/Szene-am-Fenster-WEB-1800-px-Breite-IMG_7085-1024x794.jpg 1024w, https:\/\/www.szenik.eu\/wp-content\/uploads\/2022\/01\/Szene-am-Fenster-WEB-1800-px-Breite-IMG_7085-300x233.jpg 300w, https:\/\/www.szenik.eu\/wp-content\/uploads\/2022\/01\/Szene-am-Fenster-WEB-1800-px-Breite-IMG_7085-768x595.jpg 768w, https:\/\/www.szenik.eu\/wp-content\/uploads\/2022\/01\/Szene-am-Fenster-WEB-1800-px-Breite-IMG_7085-1536x1190.jpg 1536w, https:\/\/www.szenik.eu\/wp-content\/uploads\/2022\/01\/Szene-am-Fenster-WEB-1800-px-Breite-IMG_7085-750x581.jpg 750w, https:\/\/www.szenik.eu\/wp-content\/uploads\/2022\/01\/Szene-am-Fenster-WEB-1800-px-Breite-IMG_7085-1140x884.jpg 1140w, https:\/\/www.szenik.eu\/wp-content\/uploads\/2022\/01\/Szene-am-Fenster-WEB-1800-px-Breite-IMG_7085.jpg 1800w\" sizes=\"(max-width: 1024px) 100vw, 1024px\" \/><\/figure><\/div>\n\n\n\n<div style=\"height:20px\" aria-hidden=\"true\" class=\"wp-block-spacer\"><\/div>\n\n\n\n<p style=\"background-color:#d3fce2\" class=\"has-background\"><strong>Aus der Beschreibung des St\u00fccks geht hervor, dass Sie auf der B\u00fchne mehrere k\u00fcnstlerische Ausdrucksformen einsetzen (Film, Musik, Tanz, Interviews). Was kann das Publikum erwarten?<\/strong><\/p>\n\n\n\n<div style=\"height:20px\" aria-hidden=\"true\" class=\"wp-block-spacer\"><\/div>\n\n\n\n<p>Mit dieser\nInszenierung versuche ich so eine Art Gesamtkunstwerk zu schaffen; das ist\nimmer wieder mein Ziel. Wir projizieren zum Beispiel einen Film, den wir mit\nTilmann Krieg, einem bildenden K\u00fcnstler aus Kehl, realisiert haben. Wir haben\nihn vor Ort, in Waldersbach, gedreht, und dann erneut bearbeitet. Dadurch wird diese\nirreale Atmosph\u00e4re durch das Video verst\u00e4rkt. Um diese psychische Welt\ndarzustellen, mischen wir Performance, Tanz und Schauspiel. Hinzu kommen\nChoralwerke und Live-Musik: Wir haben zum Beispiel einen Song von Rammstein, der\ndiese psychischen Welten gut wiedergeben kann. <\/p>\n\n\n\n<p>Wir versuchen ein dramaturgisches Gesamtprojekt zu schaffen, das die ZuschauerInnen buchst\u00e4blich hineinzieht: Sie sollen selbst in diesen Albtraum geraten, um sich vorzustellen, was diese Krankheit von Lenz und diese beschriebene Leidenschaft genau bedeuten. <\/p>\n\n\n\n<div style=\"height:20px\" aria-hidden=\"true\" class=\"wp-block-spacer\"><\/div>\n\n\n\n<p style=\"background-color:#d3fce2\" class=\"has-background\"><strong>Das St\u00fcck <em>B\u00fcchners Lenz<\/em> richtet sich hier vor allem an ein jugendliches Publikum. Haben Sie in der Dramaturgie Anpassungen vorgenommen, um ein j\u00fcngeres Publikum ansprechen zu k\u00f6nnen?<\/strong><\/p>\n\n\n\n<div style=\"height:20px\" aria-hidden=\"true\" class=\"wp-block-spacer\"><\/div>\n\n\n\n<p>Das St\u00fcck ist zugleich f\u00fcr Erwachsene und f\u00fcr ein jugendliches Publikum gedacht. \u201eLenz\u201c ist in Deutschland ein Lesekanon. Es wird vom Kulturministerium empfohlen und in der Schule gelesen. Da ich aber nicht nur einen Klassiker auf die B\u00fchne bringen wollte, habe ich mich f\u00fcr eine sehr moderne Adaptation entschieden. Zum Beispiel gibt es im St\u00fcck ein Video, indem wir Lenz im heutigen Stra\u00dfburg sehen. Ich versuche immer eine Verbindung zur heutigen Zeit herzustellen.  <\/p>\n\n\n\n<p>F\u00fcr die Inszenierung habe ich Anpassungen vorgenommen. Der Text ist ein wenig gek\u00fcrzt und von den Figuren abgel\u00f6st. Ich habe versucht, die Erz\u00e4hlung in Dialoge umzusetzen, um klare Situationen zu schaffen. Die Inszenierung ist also keine simple Umsetzung des Buches, da auch teilweise Els\u00e4ssisch gesprochen wird. <\/p>\n\n\n\n<div style=\"height:20px\" aria-hidden=\"true\" class=\"wp-block-spacer\"><\/div>\n\n\n\n<div class=\"wp-block-image\"><figure class=\"aligncenter size-large\"><img decoding=\"async\" loading=\"lazy\" width=\"1024\" height=\"794\" src=\"https:\/\/www.szenik.eu\/wp-content\/uploads\/2022\/01\/Szene-am-Tisch-WEB-1800-px-Breite-IMG_7075-1024x794.jpg\" alt=\"\" class=\"wp-image-47147\" srcset=\"https:\/\/www.szenik.eu\/wp-content\/uploads\/2022\/01\/Szene-am-Tisch-WEB-1800-px-Breite-IMG_7075-1024x794.jpg 1024w, https:\/\/www.szenik.eu\/wp-content\/uploads\/2022\/01\/Szene-am-Tisch-WEB-1800-px-Breite-IMG_7075-300x233.jpg 300w, https:\/\/www.szenik.eu\/wp-content\/uploads\/2022\/01\/Szene-am-Tisch-WEB-1800-px-Breite-IMG_7075-768x595.jpg 768w, https:\/\/www.szenik.eu\/wp-content\/uploads\/2022\/01\/Szene-am-Tisch-WEB-1800-px-Breite-IMG_7075-1536x1190.jpg 1536w, https:\/\/www.szenik.eu\/wp-content\/uploads\/2022\/01\/Szene-am-Tisch-WEB-1800-px-Breite-IMG_7075-750x581.jpg 750w, https:\/\/www.szenik.eu\/wp-content\/uploads\/2022\/01\/Szene-am-Tisch-WEB-1800-px-Breite-IMG_7075-1140x884.jpg 1140w, https:\/\/www.szenik.eu\/wp-content\/uploads\/2022\/01\/Szene-am-Tisch-WEB-1800-px-Breite-IMG_7075.jpg 1800w\" sizes=\"(max-width: 1024px) 100vw, 1024px\" \/><\/figure><\/div>\n\n\n\n<div style=\"height:20px\" aria-hidden=\"true\" class=\"wp-block-spacer\"><\/div>\n\n\n\n<p style=\"background-color:#d3fce2\" class=\"has-background\"><strong>Das St\u00fcck ist eine deutsch-els\u00e4ssische Fassung der Lenz-Geschichte. K\u00f6nnen Sie uns etwas \u00fcber die \u201esprachliche Zug\u00e4nglichkeit\u201c dieses St\u00fccks erz\u00e4hlen? Wie und warum haben Sie sich entschieden auf Els\u00e4ssisch zu arbeiten?&nbsp;<\/strong><\/p>\n\n\n\n<div style=\"height:20px\" aria-hidden=\"true\" class=\"wp-block-spacer\"><\/div>\n\n\n\n<p>Oberlin verlie\u00df die Stra\u00dfburger\nOberschicht f\u00fcr das kleine Dorf Waldersbach: Zwei verschiedene Welten sind da\naufeinander getroffen. Das wollte ich ebenfalls erz\u00e4hlen. Deswegen ist das\nSt\u00fcck auf Deutsch und auf Els\u00e4ssisch. Urspr\u00fcnglich\nwollten wir auch auf Franz\u00f6sisch arbeiten, aber es war zu schwierig, drei\nSprachen in die Dramaturgie einzubauen. Deswegen haben wir uns entschieden, dass\nOberlin und seine Frau eine Art Hochdeutsch sprechen. Die Texte von den\nDorfbewohnern sind wiederum auf Els\u00e4ssisch. Ich wollte diese zwei Schichten\ngegen\u00fcberstellen. Ich finde das aus literarischer und dramatischer Sicht\ninteressant: Ich m\u00f6chte eine Art Volkstheater machen. Das interessiert mich\nsehr. &nbsp;<\/p>\n\n\n\n<p>Die els\u00e4ssischen\nTexte wurden von Pierre Kretz \u00fcbersetzt. Er hat bereits Theaterst\u00fccke auf\nEls\u00e4ssisch verfasst und f\u00fcr unser St\u00fcck eine \u00dcbersetzung und eine Adaptation des\nRomans erarbeitet. Es war knifflig, den Rhythmus des Textes umzusetzen. Ketz\nhat dies aber meisterhaft geschafft! <\/p>\n\n\n\n<div style=\"height:20px\" aria-hidden=\"true\" class=\"wp-block-spacer\"><\/div>\n\n\n\n<p style=\"background-color:#d3fce2\" class=\"has-background\"><strong>Sind Sie mit Ihrem Ensemble zur Recherche in die Region Waldersbach gefahren? <\/strong><\/p>\n\n\n\n<div style=\"height:20px\" aria-hidden=\"true\" class=\"wp-block-spacer\"><\/div>\n\n\n\n<p>Im Oktober waren wir eine Woche lang in Waldersbach. Dort haben wir uns auch Gedanken zum B\u00fchnenbild gemacht: Die Steine, die bei uns auf der B\u00fchne liegen, haben wir vor Ort gesammelt. In der Umgebung lassen sich viele, unterschiedlich geformte Steine finden; es hat Spa\u00df gemacht, damit zu arbeiten. Wir haben uns auch die Zeit genommen, das Dorf zu besuchen und waren viel in dem Oberlin Museum. Zum \u201eUrsprung\u201c der Geschichte zur\u00fcckzukehren, war ein sch\u00f6ner Beginn f\u00fcr unsere Arbeit: Es hat unseren Horizont erweitert. Wir haben diese besondere Atmosph\u00e4re gesp\u00fcrt. Im Winter liegt Nebel in der Luft, dadurch entsteht eine fast schon mysteri\u00f6se und einsame Stimmung. Der B\u00fcrgermeister ist mit uns durch die Landschaft gewandert und wir haben uns ein Bild davon gemacht, was es hei\u00dft, nicht den genauen Weg zu kennen. Dieser Residenzaufhalt hat auf jeden Fall unser Textverst\u00e4ndnis erweitert und vertieft. <\/p>\n\n\n\n<div style=\"height:20px\" aria-hidden=\"true\" class=\"wp-block-spacer\"><\/div>\n\n\n\n<div class=\"wp-block-image\"><figure class=\"aligncenter size-large\"><img decoding=\"async\" loading=\"lazy\" width=\"1024\" height=\"794\" src=\"https:\/\/www.szenik.eu\/wp-content\/uploads\/2022\/01\/Szene-am-Fenster-mit-erhobener-Hand-WEB-1800-px-Breite-IMG_7092-1024x794.jpg\" alt=\"\" class=\"wp-image-47149\" srcset=\"https:\/\/www.szenik.eu\/wp-content\/uploads\/2022\/01\/Szene-am-Fenster-mit-erhobener-Hand-WEB-1800-px-Breite-IMG_7092-1024x794.jpg 1024w, https:\/\/www.szenik.eu\/wp-content\/uploads\/2022\/01\/Szene-am-Fenster-mit-erhobener-Hand-WEB-1800-px-Breite-IMG_7092-300x233.jpg 300w, https:\/\/www.szenik.eu\/wp-content\/uploads\/2022\/01\/Szene-am-Fenster-mit-erhobener-Hand-WEB-1800-px-Breite-IMG_7092-768x595.jpg 768w, https:\/\/www.szenik.eu\/wp-content\/uploads\/2022\/01\/Szene-am-Fenster-mit-erhobener-Hand-WEB-1800-px-Breite-IMG_7092-1536x1190.jpg 1536w, https:\/\/www.szenik.eu\/wp-content\/uploads\/2022\/01\/Szene-am-Fenster-mit-erhobener-Hand-WEB-1800-px-Breite-IMG_7092-750x581.jpg 750w, https:\/\/www.szenik.eu\/wp-content\/uploads\/2022\/01\/Szene-am-Fenster-mit-erhobener-Hand-WEB-1800-px-Breite-IMG_7092-1140x884.jpg 1140w, https:\/\/www.szenik.eu\/wp-content\/uploads\/2022\/01\/Szene-am-Fenster-mit-erhobener-Hand-WEB-1800-px-Breite-IMG_7092.jpg 1800w\" sizes=\"(max-width: 1024px) 100vw, 1024px\" \/><\/figure><\/div>\n\n\n\n<div style=\"height:20px\" aria-hidden=\"true\" class=\"wp-block-spacer\"><\/div>\n\n\n\n<p style=\"background-color:#d3fce2\" class=\"has-background has-text-align-left\"><strong>Die Geschichte von Lenz spielt im 18. Jahrhundert. Das St\u00fcck wirft also einen Blick in die Vergangenheit. Wie gelingt es Ihnen die Moderne mit der Vergangenheit zu verkn\u00fcpfen? <\/strong><\/p>\n\n\n\n<div style=\"height:20px\" aria-hidden=\"true\" class=\"wp-block-spacer\"><\/div>\n\n\n\n<p>Ersteinmal funktionieren diese Zeitunterschiede zwischen\nVergangenheit und Gegenwart durch die Musik. Man f\u00fchlt es durch die Musik, die\nsehr viel vorkommt. Die Musik ist von Ork, einer Elektro-Pop-Gruppe aus\nStra\u00dfburg, komponiert wurden. Dadurch m\u00f6chten wir die Modernit\u00e4t dieses Stoffes\nhervorheben.<\/p>\n\n\n\n<p>Zu Anfang berichtet ein Chor \u00fcber unsere heutige Zeit. Daraufhin taucht man peu \u00e0 peu in die Vergangenheit ein; bis wir uns im 18. Jahrhundert befinden. Am Ende erblicken wir Lenz, der sich im heutigen Stra\u00dfburg befindet und eine Maske tr\u00e4gt. Wir haben auch Interviews mit Psychiatern in das St\u00fcck integriert und zeigen im Foyer eine Ausstellung, die erg\u00e4nzendes Material liefert. <\/p>\n\n\n\n<div style=\"height:20px\" aria-hidden=\"true\" class=\"wp-block-spacer\"><\/div>\n\n\n\n<p style=\"background-color:#d3fce2\" class=\"has-background\"><strong>Das St\u00fcck \u201eLenz\u201c wird im Rahmen&nbsp;des grenz\u00fcberschreitenden Kinder- und Jugendtheaterfestivals&nbsp;\u201eAllez Hop&#8220; zum ersten Mal aufgef\u00fchrt. K\u00f6nnen Sie uns mehr \u00fcber dieses Festival erz\u00e4hlen?<\/strong><\/p>\n\n\n\n<div style=\"height:20px\" aria-hidden=\"true\" class=\"wp-block-spacer\"><\/div>\n\n\n\n<p>\u201eAllez Hop\u201c ist unsere Kinder-und Jugendtheaterfestival.\nZiel ist es, eine Begegnungsm\u00f6glichkeit zwischen deutschen und franz\u00f6sischen\nKindern im Theater zu erm\u00f6glichen. Im Allgemeinen liegt der Schwerpunkt auf Kindertheater,\nweshalb B\u00fcchners <em>Lenz<\/em> eine ungew\u00f6hnliche Wahl ist. <\/p>\n\n\n\n<p>Alle St\u00fccke sind \u00fcbertitelt. Vor der Corona-Pandemie\nkamen wir auf etwa 8.000 ZuschauerInnen. Das Festival l\u00e4uft in der Regel sehr gut\nund wird auch von franz\u00f6sischen Schulen gut angenommen. Wir zeigen haupts\u00e4chlich\nunseren eigenen Inszenierungen, aber laden auch ein paar G\u00e4ste aus Deutschland\nund Frankreich ein. <\/p>\n\n\n\n<p>Durch unseren Sitz im europ\u00e4ischen Forum am Rhein und der N\u00e4he zur Grenze k\u00f6nnen viele Familien aus Deutschland und Frankreich am Wochenende zu uns ins Theater kommen. Interessanterweise nehmen franz\u00f6sische Schulen unser Angebot \u00f6fter wahr als deutsche! Es liegt wahrscheinlich an dem Interesse an der Zweisprachigkeit, die in Frankreich gr\u00f6\u00dfer zu sein scheint als in Deutschland (sowohl im politischen als auch im Schulbereich). <\/p>\n\n\n\n<div style=\"height:41px\" aria-hidden=\"true\" class=\"wp-block-spacer\"><\/div>\n\n\n\n<p><strong>Am 30. Januar 2022 um 18 Uhr im Theater Eurodistrict Baden Alsace<\/strong><\/p>\n\n\n\n<p><strong>Am 13. Februar 2022 um 18 Uhr im Parktheater in Lahr <\/strong><\/p>\n\n\n\n<div style=\"height:29px\" aria-hidden=\"true\" class=\"wp-block-spacer\"><\/div>\n\n\n\n<div class=\"wp-block-button aligncenter is-style-outline\"><a class=\"wp-block-button__link has-text-color has-very-dark-gray-color has-background has-vivid-green-cyan-background-color\" href=\"http:\/\/theater-baden-alsace.com\/stuecke\/buechners-lenz\/?date_time=20220130180000\" style=\"border-radius:29px\" target=\"_blank\" rel=\"noreferrer noopener\">Weitere Informationen auf der Website des Theater Eurodistrict Baden Alsace<\/a><\/div>\n\n\n\n<div style=\"height:181px\" aria-hidden=\"true\" class=\"wp-block-spacer\"><\/div>\n\n\n\n<p class=\"has-small-font-size\">Interview gef\u00fchrt am 14. Januar 2022 &#8211; Chlo\u00e9 Lef\u00e8vre<br>Fotos: Theater Eurodistrict Baden Alsace, Tillmann Krieg<\/p>\n\n\n\n<div style=\"height:100px\" aria-hidden=\"true\" class=\"wp-block-spacer\"><\/div>\n","protected":false},"excerpt":{"rendered":"<p>Im Rahmen des Kinder-und Jugendtheaterfestivals &#8222;Allez Hop! 2022&#8220; haben wir Edzard Schoppmann, den K\u00fcnstlerischen Leiter des Theaters Eurodistrict Baden Alsace und Regisseur des St\u00fcckes &#8222;B\u00fcchners Lenz&#8220;, getroffen. Ihr St\u00fcck ist eine Adaption der ber\u00fchmten Erz\u00e4hlung &#8222;Lenz&#8220; von Georg B\u00fcchner. K\u00f6nnten Sie uns kurz daran erinnern, worum es darin geht? Die Geschichte von Lenz beruht auf [&hellip;]<\/p>\n","protected":false},"author":1,"featured_media":45936,"comment_status":"open","ping_status":"open","sticky":false,"template":"","format":"standard","meta":{"_monsterinsights_skip_tracking":false,"_monsterinsights_sitenote_active":false,"_monsterinsights_sitenote_note":"","_monsterinsights_sitenote_category":0},"categories":[53,73],"tags":[16132,16105,10821,10786],"yoast_head":"<!-- This site is optimized with the Yoast SEO plugin v20.5 - https:\/\/yoast.com\/wordpress\/plugins\/seo\/ -->\n<title>Edzard Schoppmann im Gespr\u00e4ch \u00fcber &quot;B\u00fcchners Lenz&quot; | szenik<\/title>\n<meta name=\"description\" content=\"Interview mit Edzard Schoppmann, K\u00fcnstlerischer Leiter des Theaters Eurodistrict Baden Alsace und Regisseur des St\u00fccks &quot;B\u00fcchners Lenz&quot;.\" \/>\n<meta name=\"robots\" content=\"index, follow, max-snippet:-1, max-image-preview:large, max-video-preview:-1\" \/>\n<link rel=\"canonical\" href=\"https:\/\/www.szenik.eu\/de\/une-nouvelle-adaptation-du-roman-lenz-de-georg-buchner-au-theater-eurodistrict-baden-alsace-47066\" \/>\n<meta property=\"og:locale\" content=\"de_DE\" \/>\n<meta property=\"og:type\" content=\"article\" \/>\n<meta property=\"og:title\" content=\"Edzard Schoppmann im Gespr\u00e4ch \u00fcber &quot;B\u00fcchners Lenz&quot; | szenik\" \/>\n<meta property=\"og:description\" content=\"Interview mit Edzard Schoppmann, K\u00fcnstlerischer Leiter des Theaters Eurodistrict Baden Alsace und Regisseur des St\u00fccks &quot;B\u00fcchners Lenz&quot;.\" \/>\n<meta property=\"og:url\" content=\"https:\/\/www.szenik.eu\/de\/une-nouvelle-adaptation-du-roman-lenz-de-georg-buchner-au-theater-eurodistrict-baden-alsace-47066\" \/>\n<meta property=\"og:site_name\" content=\"szenik\" \/>\n<meta property=\"article:publisher\" content=\"https:\/\/www.facebook.com\/szenik.eu\/\" \/>\n<meta property=\"article:published_time\" content=\"2022-01-25T13:25:01+00:00\" \/>\n<meta property=\"article:modified_time\" content=\"2022-01-27T17:48:44+00:00\" \/>\n<meta property=\"og:image\" content=\"https:\/\/www.szenik.eu\/wp-content\/uploads\/2021\/12\/Capture-d\u2019e\u0301cran-2021-12-09-a\u0300-10.54.22.png\" \/>\n\t<meta property=\"og:image:width\" content=\"483\" \/>\n\t<meta property=\"og:image:height\" content=\"393\" \/>\n\t<meta property=\"og:image:type\" content=\"image\/png\" \/>\n<meta name=\"author\" content=\"szenik\" \/>\n<meta name=\"twitter:card\" content=\"summary_large_image\" \/>\n<meta name=\"twitter:creator\" content=\"@Szenik\" \/>\n<meta name=\"twitter:site\" content=\"@Szenik\" \/>\n<meta name=\"twitter:label1\" content=\"Verfasst von\" \/>\n\t<meta name=\"twitter:data1\" content=\"szenik\" \/>\n\t<meta name=\"twitter:label2\" content=\"Gesch\u00e4tzte Lesezeit\" \/>\n\t<meta name=\"twitter:data2\" content=\"7\u00a0Minuten\" \/>\n<script type=\"application\/ld+json\" class=\"yoast-schema-graph\">{\"@context\":\"https:\/\/schema.org\",\"@graph\":[{\"@type\":\"Article\",\"@id\":\"https:\/\/www.szenik.eu\/de\/une-nouvelle-adaptation-du-roman-lenz-de-georg-buchner-au-theater-eurodistrict-baden-alsace-47066#article\",\"isPartOf\":{\"@id\":\"https:\/\/www.szenik.eu\/de\/une-nouvelle-adaptation-du-roman-lenz-de-georg-buchner-au-theater-eurodistrict-baden-alsace-47066\"},\"author\":{\"name\":\"szenik\",\"@id\":\"https:\/\/www.szenik.eu\/de\/#\/schema\/person\/15f73f175b41bad194837490339d48fb\"},\"headline\":\"Eine neue Adaption der Erz\u00e4hlung &#8222;Lenz&#8220; von Georg B\u00fcchner im Theater Eurodistrict Baden-Alsace\",\"datePublished\":\"2022-01-25T13:25:01+00:00\",\"dateModified\":\"2022-01-27T17:48:44+00:00\",\"mainEntityOfPage\":{\"@id\":\"https:\/\/www.szenik.eu\/de\/une-nouvelle-adaptation-du-roman-lenz-de-georg-buchner-au-theater-eurodistrict-baden-alsace-47066\"},\"wordCount\":1442,\"commentCount\":0,\"publisher\":{\"@id\":\"https:\/\/www.szenik.eu\/de\/#organization\"},\"keywords\":[\"Allez Hop !\",\"Allez Hop !\",\"Edzard Schoppmann\",\"Theater Eurodistrict Baden Alsace\"],\"articleSection\":[\"Magazin\",\"Portr\u00e4ts und Gespr\u00e4che\"],\"inLanguage\":\"de\",\"potentialAction\":[{\"@type\":\"CommentAction\",\"name\":\"Comment\",\"target\":[\"https:\/\/www.szenik.eu\/de\/une-nouvelle-adaptation-du-roman-lenz-de-georg-buchner-au-theater-eurodistrict-baden-alsace-47066#respond\"]}]},{\"@type\":\"WebPage\",\"@id\":\"https:\/\/www.szenik.eu\/de\/une-nouvelle-adaptation-du-roman-lenz-de-georg-buchner-au-theater-eurodistrict-baden-alsace-47066\",\"url\":\"https:\/\/www.szenik.eu\/de\/une-nouvelle-adaptation-du-roman-lenz-de-georg-buchner-au-theater-eurodistrict-baden-alsace-47066\",\"name\":\"Edzard Schoppmann im Gespr\u00e4ch \u00fcber \\\"B\u00fcchners Lenz\\\" | szenik\",\"isPartOf\":{\"@id\":\"https:\/\/www.szenik.eu\/de\/#website\"},\"datePublished\":\"2022-01-25T13:25:01+00:00\",\"dateModified\":\"2022-01-27T17:48:44+00:00\",\"description\":\"Interview mit Edzard Schoppmann, K\u00fcnstlerischer Leiter des Theaters Eurodistrict Baden Alsace und Regisseur des St\u00fccks \\\"B\u00fcchners Lenz\\\".\",\"breadcrumb\":{\"@id\":\"https:\/\/www.szenik.eu\/de\/une-nouvelle-adaptation-du-roman-lenz-de-georg-buchner-au-theater-eurodistrict-baden-alsace-47066#breadcrumb\"},\"inLanguage\":\"de\",\"potentialAction\":[{\"@type\":\"ReadAction\",\"target\":[\"https:\/\/www.szenik.eu\/de\/une-nouvelle-adaptation-du-roman-lenz-de-georg-buchner-au-theater-eurodistrict-baden-alsace-47066\"]}]},{\"@type\":\"BreadcrumbList\",\"@id\":\"https:\/\/www.szenik.eu\/de\/une-nouvelle-adaptation-du-roman-lenz-de-georg-buchner-au-theater-eurodistrict-baden-alsace-47066#breadcrumb\",\"itemListElement\":[{\"@type\":\"ListItem\",\"position\":1,\"name\":\"Home\",\"item\":\"https:\/\/www.szenik.eu\/de\"},{\"@type\":\"ListItem\",\"position\":2,\"name\":\"Eine neue Adaption der Erz\u00e4hlung &#8222;Lenz&#8220; von Georg B\u00fcchner im Theater Eurodistrict Baden-Alsace\"}]},{\"@type\":\"WebSite\",\"@id\":\"https:\/\/www.szenik.eu\/de\/#website\",\"url\":\"https:\/\/www.szenik.eu\/de\/\",\"name\":\"szenik\",\"description\":\"Le Meilleur des sc\u00e8nes au coeur de l&#039;Europe\",\"publisher\":{\"@id\":\"https:\/\/www.szenik.eu\/de\/#organization\"},\"potentialAction\":[{\"@type\":\"SearchAction\",\"target\":{\"@type\":\"EntryPoint\",\"urlTemplate\":\"https:\/\/www.szenik.eu\/de\/?s={search_term_string}\"},\"query-input\":\"required name=search_term_string\"}],\"inLanguage\":\"de\"},{\"@type\":\"Organization\",\"@id\":\"https:\/\/www.szenik.eu\/de\/#organization\",\"name\":\"Szenik\",\"url\":\"https:\/\/www.szenik.eu\/de\/\",\"logo\":{\"@type\":\"ImageObject\",\"inLanguage\":\"de\",\"@id\":\"https:\/\/www.szenik.eu\/de\/#\/schema\/logo\/image\/\",\"url\":\"https:\/\/www.szenik.eu\/wp-content\/uploads\/2019\/07\/logo-square.png\",\"contentUrl\":\"https:\/\/www.szenik.eu\/wp-content\/uploads\/2019\/07\/logo-square.png\",\"width\":512,\"height\":512,\"caption\":\"Szenik\"},\"image\":{\"@id\":\"https:\/\/www.szenik.eu\/de\/#\/schema\/logo\/image\/\"},\"sameAs\":[\"https:\/\/www.facebook.com\/szenik.eu\/\",\"https:\/\/twitter.com\/Szenik\",\"https:\/\/www.instagram.com\/szenik_magazine\/\",\"https:\/\/www.youtube.com\/user\/SzenikEU\/\"]},{\"@type\":\"Person\",\"@id\":\"https:\/\/www.szenik.eu\/de\/#\/schema\/person\/15f73f175b41bad194837490339d48fb\",\"name\":\"szenik\",\"image\":{\"@type\":\"ImageObject\",\"inLanguage\":\"de\",\"@id\":\"https:\/\/www.szenik.eu\/de\/#\/schema\/person\/image\/\",\"url\":\"https:\/\/secure.gravatar.com\/avatar\/d1c4f19522a624a4eaa5e6c03e22370b?s=96&d=mm&r=g\",\"contentUrl\":\"https:\/\/secure.gravatar.com\/avatar\/d1c4f19522a624a4eaa5e6c03e22370b?s=96&d=mm&r=g\",\"caption\":\"szenik\"}}]}<\/script>\n<!-- \/ Yoast SEO plugin. -->","yoast_head_json":{"title":"Edzard Schoppmann im Gespr\u00e4ch \u00fcber \"B\u00fcchners Lenz\" | szenik","description":"Interview mit Edzard Schoppmann, K\u00fcnstlerischer Leiter des Theaters Eurodistrict Baden Alsace und Regisseur des St\u00fccks \"B\u00fcchners Lenz\".","robots":{"index":"index","follow":"follow","max-snippet":"max-snippet:-1","max-image-preview":"max-image-preview:large","max-video-preview":"max-video-preview:-1"},"canonical":"https:\/\/www.szenik.eu\/de\/une-nouvelle-adaptation-du-roman-lenz-de-georg-buchner-au-theater-eurodistrict-baden-alsace-47066","og_locale":"de_DE","og_type":"article","og_title":"Edzard Schoppmann im Gespr\u00e4ch \u00fcber \"B\u00fcchners Lenz\" | szenik","og_description":"Interview mit Edzard Schoppmann, K\u00fcnstlerischer Leiter des Theaters Eurodistrict Baden Alsace und Regisseur des St\u00fccks \"B\u00fcchners Lenz\".","og_url":"https:\/\/www.szenik.eu\/de\/une-nouvelle-adaptation-du-roman-lenz-de-georg-buchner-au-theater-eurodistrict-baden-alsace-47066","og_site_name":"szenik","article_publisher":"https:\/\/www.facebook.com\/szenik.eu\/","article_published_time":"2022-01-25T13:25:01+00:00","article_modified_time":"2022-01-27T17:48:44+00:00","og_image":[{"width":483,"height":393,"url":"https:\/\/www.szenik.eu\/wp-content\/uploads\/2021\/12\/Capture-d\u2019e\u0301cran-2021-12-09-a\u0300-10.54.22.png","type":"image\/png"}],"author":"szenik","twitter_card":"summary_large_image","twitter_creator":"@Szenik","twitter_site":"@Szenik","twitter_misc":{"Verfasst von":"szenik","Gesch\u00e4tzte Lesezeit":"7\u00a0Minuten"},"schema":{"@context":"https:\/\/schema.org","@graph":[{"@type":"Article","@id":"https:\/\/www.szenik.eu\/de\/une-nouvelle-adaptation-du-roman-lenz-de-georg-buchner-au-theater-eurodistrict-baden-alsace-47066#article","isPartOf":{"@id":"https:\/\/www.szenik.eu\/de\/une-nouvelle-adaptation-du-roman-lenz-de-georg-buchner-au-theater-eurodistrict-baden-alsace-47066"},"author":{"name":"szenik","@id":"https:\/\/www.szenik.eu\/de\/#\/schema\/person\/15f73f175b41bad194837490339d48fb"},"headline":"Eine neue Adaption der Erz\u00e4hlung &#8222;Lenz&#8220; von Georg B\u00fcchner im Theater Eurodistrict Baden-Alsace","datePublished":"2022-01-25T13:25:01+00:00","dateModified":"2022-01-27T17:48:44+00:00","mainEntityOfPage":{"@id":"https:\/\/www.szenik.eu\/de\/une-nouvelle-adaptation-du-roman-lenz-de-georg-buchner-au-theater-eurodistrict-baden-alsace-47066"},"wordCount":1442,"commentCount":0,"publisher":{"@id":"https:\/\/www.szenik.eu\/de\/#organization"},"keywords":["Allez Hop !","Allez Hop !","Edzard Schoppmann","Theater Eurodistrict Baden Alsace"],"articleSection":["Magazin","Portr\u00e4ts und Gespr\u00e4che"],"inLanguage":"de","potentialAction":[{"@type":"CommentAction","name":"Comment","target":["https:\/\/www.szenik.eu\/de\/une-nouvelle-adaptation-du-roman-lenz-de-georg-buchner-au-theater-eurodistrict-baden-alsace-47066#respond"]}]},{"@type":"WebPage","@id":"https:\/\/www.szenik.eu\/de\/une-nouvelle-adaptation-du-roman-lenz-de-georg-buchner-au-theater-eurodistrict-baden-alsace-47066","url":"https:\/\/www.szenik.eu\/de\/une-nouvelle-adaptation-du-roman-lenz-de-georg-buchner-au-theater-eurodistrict-baden-alsace-47066","name":"Edzard Schoppmann im Gespr\u00e4ch \u00fcber \"B\u00fcchners Lenz\" | szenik","isPartOf":{"@id":"https:\/\/www.szenik.eu\/de\/#website"},"datePublished":"2022-01-25T13:25:01+00:00","dateModified":"2022-01-27T17:48:44+00:00","description":"Interview mit Edzard Schoppmann, K\u00fcnstlerischer Leiter des Theaters Eurodistrict Baden Alsace und Regisseur des St\u00fccks \"B\u00fcchners Lenz\".","breadcrumb":{"@id":"https:\/\/www.szenik.eu\/de\/une-nouvelle-adaptation-du-roman-lenz-de-georg-buchner-au-theater-eurodistrict-baden-alsace-47066#breadcrumb"},"inLanguage":"de","potentialAction":[{"@type":"ReadAction","target":["https:\/\/www.szenik.eu\/de\/une-nouvelle-adaptation-du-roman-lenz-de-georg-buchner-au-theater-eurodistrict-baden-alsace-47066"]}]},{"@type":"BreadcrumbList","@id":"https:\/\/www.szenik.eu\/de\/une-nouvelle-adaptation-du-roman-lenz-de-georg-buchner-au-theater-eurodistrict-baden-alsace-47066#breadcrumb","itemListElement":[{"@type":"ListItem","position":1,"name":"Home","item":"https:\/\/www.szenik.eu\/de"},{"@type":"ListItem","position":2,"name":"Eine neue Adaption der Erz\u00e4hlung &#8222;Lenz&#8220; von Georg B\u00fcchner im Theater Eurodistrict Baden-Alsace"}]},{"@type":"WebSite","@id":"https:\/\/www.szenik.eu\/de\/#website","url":"https:\/\/www.szenik.eu\/de\/","name":"szenik","description":"Le Meilleur des sc\u00e8nes au coeur de l&#039;Europe","publisher":{"@id":"https:\/\/www.szenik.eu\/de\/#organization"},"potentialAction":[{"@type":"SearchAction","target":{"@type":"EntryPoint","urlTemplate":"https:\/\/www.szenik.eu\/de\/?s={search_term_string}"},"query-input":"required name=search_term_string"}],"inLanguage":"de"},{"@type":"Organization","@id":"https:\/\/www.szenik.eu\/de\/#organization","name":"Szenik","url":"https:\/\/www.szenik.eu\/de\/","logo":{"@type":"ImageObject","inLanguage":"de","@id":"https:\/\/www.szenik.eu\/de\/#\/schema\/logo\/image\/","url":"https:\/\/www.szenik.eu\/wp-content\/uploads\/2019\/07\/logo-square.png","contentUrl":"https:\/\/www.szenik.eu\/wp-content\/uploads\/2019\/07\/logo-square.png","width":512,"height":512,"caption":"Szenik"},"image":{"@id":"https:\/\/www.szenik.eu\/de\/#\/schema\/logo\/image\/"},"sameAs":["https:\/\/www.facebook.com\/szenik.eu\/","https:\/\/twitter.com\/Szenik","https:\/\/www.instagram.com\/szenik_magazine\/","https:\/\/www.youtube.com\/user\/SzenikEU\/"]},{"@type":"Person","@id":"https:\/\/www.szenik.eu\/de\/#\/schema\/person\/15f73f175b41bad194837490339d48fb","name":"szenik","image":{"@type":"ImageObject","inLanguage":"de","@id":"https:\/\/www.szenik.eu\/de\/#\/schema\/person\/image\/","url":"https:\/\/secure.gravatar.com\/avatar\/d1c4f19522a624a4eaa5e6c03e22370b?s=96&d=mm&r=g","contentUrl":"https:\/\/secure.gravatar.com\/avatar\/d1c4f19522a624a4eaa5e6c03e22370b?s=96&d=mm&r=g","caption":"szenik"}}]}},"jetpack_featured_media_url":"https:\/\/www.szenik.eu\/wp-content\/uploads\/2021\/12\/Capture-d\u2019e\u0301cran-2021-12-09-a\u0300-10.54.22.png","amp_enabled":true,"_links":{"self":[{"href":"https:\/\/www.szenik.eu\/de\/wp-json\/\/wp\/v2\/posts\/47066"}],"collection":[{"href":"https:\/\/www.szenik.eu\/de\/wp-json\/\/wp\/v2\/posts"}],"about":[{"href":"https:\/\/www.szenik.eu\/de\/wp-json\/\/wp\/v2\/types\/post"}],"author":[{"embeddable":true,"href":"https:\/\/www.szenik.eu\/de\/wp-json\/\/wp\/v2\/users\/1"}],"replies":[{"embeddable":true,"href":"https:\/\/www.szenik.eu\/de\/wp-json\/\/wp\/v2\/comments?post=47066"}],"version-history":[{"count":6,"href":"https:\/\/www.szenik.eu\/de\/wp-json\/\/wp\/v2\/posts\/47066\/revisions"}],"predecessor-version":[{"id":47155,"href":"https:\/\/www.szenik.eu\/de\/wp-json\/\/wp\/v2\/posts\/47066\/revisions\/47155"}],"wp:featuredmedia":[{"embeddable":true,"href":"https:\/\/www.szenik.eu\/de\/wp-json\/\/wp\/v2\/media\/45936"}],"wp:attachment":[{"href":"https:\/\/www.szenik.eu\/de\/wp-json\/\/wp\/v2\/media?parent=47066"}],"wp:term":[{"taxonomy":"category","embeddable":true,"href":"https:\/\/www.szenik.eu\/de\/wp-json\/\/wp\/v2\/categories?post=47066"},{"taxonomy":"post_tag","embeddable":true,"href":"https:\/\/www.szenik.eu\/de\/wp-json\/\/wp\/v2\/tags?post=47066"}],"curies":[{"name":"wp","href":"https:\/\/api.w.org\/{rel}","templated":true}]}}