{"id":46632,"date":"2022-01-10T11:54:12","date_gmt":"2022-01-10T10:54:12","guid":{"rendered":"https:\/\/www.szenik.eu\/?p=46632\/"},"modified":"2022-01-10T11:54:17","modified_gmt":"2022-01-10T10:54:17","slug":"gute-karten-fuer-den-fruehling-baden-baden-freut-sich-auf-pique-dame-kirill-petrenkos-erste-szenische-oper-bei-den-osterfestspielen-2022","status":"publish","type":"post","link":"https:\/\/www.szenik.eu\/de\/gute-karten-fuer-den-fruehling-baden-baden-freut-sich-auf-pique-dame-kirill-petrenkos-erste-szenische-oper-bei-den-osterfestspielen-2022-46632","title":{"rendered":"Gute Karten f\u00fcr den Fr\u00fchling \u2013 Baden-Baden freut sich auf \u201ePique Dame\u201c \u2013 Kirill Petrenkos erste szenische Oper bei den Osterfestspielen 2022"},"content":{"rendered":"\n<h2>Nur einmal im Jahr sitzen die Berliner Philharmoniker im Orchestergraben und ihr Chefdirigent dirigiert eine szenische Oper: bei den Osterfestspielen Baden-Baden. Erstmals unter Kirill Petrenko wird am 9. April 2022 die Tschaikowsky- Oper \u201ePique Dame\u201c in der Neuinszenierung von Moshe Leiser und Patrice Caurier Premiere feiern. Die Hauptrolle der Lisa verk\u00f6rpert Asmik Grigorian, die als Salome bei den Salzburger Festspielen und Senta im \u201eFliegenden Holl\u00e4nder\u201c bei den Bayreuther Festspielen brillierte.<\/h2>\n\n\n\n<div style=\"height:100px\" aria-hidden=\"true\" class=\"wp-block-spacer\"><\/div>\n\n\n\n<p><em>Pressemitteilung<\/em><\/p>\n\n\n\n<div style=\"height:100px\" aria-hidden=\"true\" class=\"wp-block-spacer\"><\/div>\n\n\n\n<p>In Konzerten der Berliner Philharmoniker bei den Baden-Badener Osterfestspielen vom 9. bis 18 April 2022 erklingen drei gro\u00dfe Ballettmusiken des russischen Komponisten Igor Strawinsky, darunter \u201eLe sacre du printemps\u201c, \u201ePetruschka\u201c und \u201eDer Feuervogel\u201c. Am Pult stehen <strong>Fran\u00e7ois-Xavier Roth<\/strong> (10.04.22), <strong>Kirill Petrenko <\/strong>(13.04.22) und <strong>Andris Nelsons <\/strong>(16.04.22).<\/p>\n\n\n\n<p>Ein Wiedersehen f\u00fcr Festspielhausfreunde gibt es mit <strong>Anna Netrebko<\/strong>, die Lieder von Rachmaninow interpretieren wird. Auch erneuter und gern gesehener Gast in Baden-Baden: <strong>Das Bundesjugendorchester<\/strong>. Unter der musikalischen Leitung von Kirill Petrenko spielen sie in der Ostermontags-Matinee am18. April Beethovens F\u00fcnfte sowie \u201eTill Eulenspiegels lustige Streiche\u201c von Richard Strauss.<br><br>Die 12 Cellisten feiern mit einem Konzert im Festspielhaus ihr 50-j\u00e4hriges Jubil\u00e4um und es gibt auch bei den Osterfestspielen 2022 wieder die beliebten Kammerkonzerte von Mitgliedern der Berliner Philharmoniker in der ganzen Stadt, zudem eine Festspiel-Lounge im Kurhaus sowie einen Baden-Badener Salon. Der Festspielgedanke lebt.<\/p>\n\n\n\n<div style=\"height:24px\" aria-hidden=\"true\" class=\"wp-block-spacer\"><\/div>\n\n\n\n<figure class=\"wp-block-image size-large\"><img decoding=\"async\" loading=\"lazy\" width=\"731\" height=\"1024\" src=\"https:\/\/www.szenik.eu\/wp-content\/uploads\/2022\/01\/Asmik-Grigorian\u00a9-T.-Kolesnikov-4-731x1024.jpg\" alt=\"\" class=\"wp-image-46633\" srcset=\"https:\/\/www.szenik.eu\/wp-content\/uploads\/2022\/01\/Asmik-Grigorian\u00a9-T.-Kolesnikov-4-731x1024.jpg 731w, https:\/\/www.szenik.eu\/wp-content\/uploads\/2022\/01\/Asmik-Grigorian\u00a9-T.-Kolesnikov-4-214x300.jpg 214w, https:\/\/www.szenik.eu\/wp-content\/uploads\/2022\/01\/Asmik-Grigorian\u00a9-T.-Kolesnikov-4-768x1075.jpg 768w, https:\/\/www.szenik.eu\/wp-content\/uploads\/2022\/01\/Asmik-Grigorian\u00a9-T.-Kolesnikov-4-360x504.jpg 360w, https:\/\/www.szenik.eu\/wp-content\/uploads\/2022\/01\/Asmik-Grigorian\u00a9-T.-Kolesnikov-4-750x1050.jpg 750w, https:\/\/www.szenik.eu\/wp-content\/uploads\/2022\/01\/Asmik-Grigorian\u00a9-T.-Kolesnikov-4.jpg 1029w\" sizes=\"(max-width: 731px) 100vw, 731px\" \/><figcaption>Asmik Grigorian \u00a9 T. Kolesnikov <\/figcaption><\/figure>\n\n\n\n<div style=\"height:28px\" aria-hidden=\"true\" class=\"wp-block-spacer\"><\/div>\n\n\n\n<h4><strong>\u201eLabsal f\u00fcr die Seele\u201c \u2013 \u201ePique Dame\u201c<\/strong><\/h4>\n\n\n\n<div style=\"height:20px\" aria-hidden=\"true\" class=\"wp-block-spacer\"><\/div>\n\n\n\n<p>In kaum eine Stadt passt Tschaikowskys Oper \u201ePique Dame\u201c so gut wie nach Baden-Baden. Das Drama um das Geheimnis der stets siegreichen Spielkarten, an denen Protagonist Hermann schlie\u00dflich verzweifelt, geht auf eine Erz\u00e4hlung Alexander Puschkins zur\u00fcck. Er inspirierte viele russische Schriftsteller, die auch regelm\u00e4\u00dfig nach Baden-Baden kamen \u2013 darunter Nikolaj Gogol.<\/p>\n\n\n\n<p>Puschkins Geschichte erz\u00e4hlt von drei verzauberten Karten, die fantastische Gewinne versprechen, jedoch auch ins Verderben st\u00fcrzen k\u00f6nnen. Die alte Gr\u00e4fin (<strong>Doris Soffel<\/strong>) \u2013 fr\u00fcher wegen ihrer Spielleidenschaft \u201ePique Dame\u201c genannt \u2013 h\u00fctet ihr Geheimnis. Der mittellose Hermann\u00a0(<strong>Arsen Soghomonyan<\/strong>)\u00a0ist besessen davon, es ihr zu entlocken, und setzt alles daf\u00fcr aufs Spiel: Leben, Liebe und seine eigene Existenz. Peter Tschaikowsky machte aus der Geschichte vom Willen, es nach oben zu schaffen, eine Oper. Bei ihm r\u00fcckt eine weitere gro\u00dfe Sehnsucht ins Zentrum der Geschichte: die Liebe \u2013 und damit auch die Figur der Lisa (<strong>Asmik Grigorian<\/strong>), die Herrmann bis zur Selbstzerst\u00f6rung folgt. Eine packende Geschichte.<\/p>\n\n\n\n<p>Und die Musik? \u201eLabsal f\u00fcr die Seele\u201c, so Chefdirigent Kirill Petrenko in einem Gespr\u00e4ch f\u00fcr die Digital Concert Hall. Im Festspielhaus Baden-Baden ist die Operninszenierung \u201ePique Dame\u201c <strong>am 9., 12., 15. und 18. April 2022<\/strong> zu erleben.<\/p>\n\n\n\n<p>Der Vorverkauf hat begonnen.<\/p>\n\n\n\n<div style=\"height:54px\" aria-hidden=\"true\" class=\"wp-block-spacer\"><\/div>\n\n\n\n<p class=\"has-background has-very-light-gray-background-color\"><strong>Weitere Informationen und Tickets:<\/strong><br><a href=\"http:\/\/www.osterfestspiele.de\/\" target=\"_blank\" rel=\"noreferrer noopener\" aria-label=\" (opens in a new tab)\">www.osterfestspiele.de<\/a>\u00a0und\u00a0<a href=\"http:\/\/www.festspielhaus.de\/\" target=\"_blank\" rel=\"noreferrer noopener\" aria-label=\" (opens in a new tab)\">www.festspielhaus.de<\/a><br><strong>Pers\u00f6nliche Beratung und Reservierungen:\u00a0<\/strong>Tel. 07221 \/ 30 13 101<\/p>\n\n\n\n<div style=\"height:100px\" aria-hidden=\"true\" class=\"wp-block-spacer\"><\/div>\n\n\n\n<div class=\"wp-block-button aligncenter\"><a class=\"wp-block-button__link has-text-color has-very-dark-gray-color has-background has-luminous-vivid-amber-background-color\" href=\"https:\/\/www.festspielhaus.de\" target=\"_blank\" rel=\"noreferrer noopener\">Zur Webseite des Festspielhauses Baden-Baden<\/a><\/div>\n\n\n\n<div style=\"height:100px\" aria-hidden=\"true\" class=\"wp-block-spacer\"><\/div>\n\n\n\n<p class=\"has-small-font-size\">Foto: Monika Rittershaus<\/p>\n\n\n\n<div style=\"height:100px\" aria-hidden=\"true\" class=\"wp-block-spacer\"><\/div>\n","protected":false},"excerpt":{"rendered":"<p>Nur einmal im Jahr sitzen die Berliner Philharmoniker im Orchestergraben und ihr Chefdirigent dirigiert eine szenische Oper: bei den Osterfestspielen Baden-Baden. Erstmals unter Kirill Petrenko wird am 9. April 2022 die Tschaikowsky- Oper \u201ePique Dame\u201c in der Neuinszenierung von Moshe Leiser und Patrice Caurier Premiere feiern. Die Hauptrolle der Lisa verk\u00f6rpert Asmik Grigorian, die als [&hellip;]<\/p>\n","protected":false},"author":1,"featured_media":46635,"comment_status":"open","ping_status":"open","sticky":false,"template":"","format":"standard","meta":{"_monsterinsights_skip_tracking":false,"_monsterinsights_sitenote_active":false,"_monsterinsights_sitenote_note":"","_monsterinsights_sitenote_category":0},"categories":[2815,53],"tags":[15989,10771,15990,10770,6561,10157,6560,15988,10773,10640,10641],"yoast_head":"<!-- This site is optimized with the Yoast SEO plugin v20.5 - https:\/\/yoast.com\/wordpress\/plugins\/seo\/ -->\n<title>Die Osterfestspiele 2022 im Festspielhaus Baden-Baden I szenik<\/title>\n<meta name=\"description\" content=\"Osterfestspiele 2022: Erstmals unter Kirill Petrenko wird die Oper \u201ePique Dame\u201c in der Neuinszenierung von Moshe Leiser und Patrice Caurier Premiere feiern.\" \/>\n<meta name=\"robots\" content=\"index, follow, max-snippet:-1, max-image-preview:large, max-video-preview:-1\" \/>\n<link rel=\"canonical\" href=\"https:\/\/www.szenik.eu\/de\/gute-karten-fuer-den-fruehling-baden-baden-freut-sich-auf-pique-dame-kirill-petrenkos-erste-szenische-oper-bei-den-osterfestspielen-2022-46632\" \/>\n<meta property=\"og:locale\" content=\"de_DE\" \/>\n<meta property=\"og:type\" content=\"article\" \/>\n<meta property=\"og:title\" content=\"Die Osterfestspiele 2022 im Festspielhaus Baden-Baden I szenik\" \/>\n<meta property=\"og:description\" content=\"Osterfestspiele 2022: Erstmals unter Kirill Petrenko wird die Oper \u201ePique Dame\u201c in der Neuinszenierung von Moshe Leiser und Patrice Caurier Premiere feiern.\" \/>\n<meta property=\"og:url\" content=\"https:\/\/www.szenik.eu\/de\/gute-karten-fuer-den-fruehling-baden-baden-freut-sich-auf-pique-dame-kirill-petrenkos-erste-szenische-oper-bei-den-osterfestspielen-2022-46632\" \/>\n<meta property=\"og:site_name\" content=\"szenik\" \/>\n<meta property=\"article:publisher\" content=\"https:\/\/www.facebook.com\/szenik.eu\/\" \/>\n<meta property=\"article:published_time\" content=\"2022-01-10T10:54:12+00:00\" \/>\n<meta property=\"article:modified_time\" content=\"2022-01-10T10:54:17+00:00\" \/>\n<meta property=\"og:image\" content=\"https:\/\/www.szenik.eu\/wp-content\/uploads\/2022\/01\/BPhil_BB_K_Petr_P_Kopa_150419_015c-Monika-Rittershaus_small.jpg\" \/>\n\t<meta property=\"og:image:width\" content=\"1750\" \/>\n\t<meta property=\"og:image:height\" content=\"1167\" \/>\n\t<meta property=\"og:image:type\" content=\"image\/jpeg\" \/>\n<meta name=\"author\" content=\"szenik\" \/>\n<meta name=\"twitter:card\" content=\"summary_large_image\" \/>\n<meta name=\"twitter:creator\" content=\"@Szenik\" \/>\n<meta name=\"twitter:site\" content=\"@Szenik\" \/>\n<meta name=\"twitter:label1\" content=\"Verfasst von\" \/>\n\t<meta name=\"twitter:data1\" content=\"szenik\" \/>\n\t<meta name=\"twitter:label2\" content=\"Gesch\u00e4tzte Lesezeit\" \/>\n\t<meta name=\"twitter:data2\" content=\"2\u00a0Minuten\" \/>\n<script type=\"application\/ld+json\" class=\"yoast-schema-graph\">{\"@context\":\"https:\/\/schema.org\",\"@graph\":[{\"@type\":\"Article\",\"@id\":\"https:\/\/www.szenik.eu\/de\/gute-karten-fuer-den-fruehling-baden-baden-freut-sich-auf-pique-dame-kirill-petrenkos-erste-szenische-oper-bei-den-osterfestspielen-2022-46632#article\",\"isPartOf\":{\"@id\":\"https:\/\/www.szenik.eu\/de\/gute-karten-fuer-den-fruehling-baden-baden-freut-sich-auf-pique-dame-kirill-petrenkos-erste-szenische-oper-bei-den-osterfestspielen-2022-46632\"},\"author\":{\"name\":\"szenik\",\"@id\":\"https:\/\/www.szenik.eu\/de\/#\/schema\/person\/15f73f175b41bad194837490339d48fb\"},\"headline\":\"Gute Karten f\u00fcr den Fr\u00fchling \u2013 Baden-Baden freut sich auf \u201ePique Dame\u201c \u2013 Kirill Petrenkos erste szenische Oper bei den Osterfestspielen 2022\",\"datePublished\":\"2022-01-10T10:54:12+00:00\",\"dateModified\":\"2022-01-10T10:54:17+00:00\",\"mainEntityOfPage\":{\"@id\":\"https:\/\/www.szenik.eu\/de\/gute-karten-fuer-den-fruehling-baden-baden-freut-sich-auf-pique-dame-kirill-petrenkos-erste-szenische-oper-bei-den-osterfestspielen-2022-46632\"},\"wordCount\":471,\"commentCount\":0,\"publisher\":{\"@id\":\"https:\/\/www.szenik.eu\/de\/#organization\"},\"keywords\":[\"Andris Nelsons\",\"Anna Netrebko\",\"Arsen Soghomonyan\",\"Asmik Grigorian\",\"Berliner Philharmoniker\",\"Doris Soffel\",\"Festspielhaus Baden-Baden\",\"Fran\u00e7ois-Xavier Roth\",\"Kirill Petrenko\",\"Moshe Leiser\",\"Patrice Caurier\"],\"articleSection\":[\"Kurz &amp; knackig\",\"Magazin\"],\"inLanguage\":\"de\",\"potentialAction\":[{\"@type\":\"CommentAction\",\"name\":\"Comment\",\"target\":[\"https:\/\/www.szenik.eu\/de\/gute-karten-fuer-den-fruehling-baden-baden-freut-sich-auf-pique-dame-kirill-petrenkos-erste-szenische-oper-bei-den-osterfestspielen-2022-46632#respond\"]}]},{\"@type\":\"WebPage\",\"@id\":\"https:\/\/www.szenik.eu\/de\/gute-karten-fuer-den-fruehling-baden-baden-freut-sich-auf-pique-dame-kirill-petrenkos-erste-szenische-oper-bei-den-osterfestspielen-2022-46632\",\"url\":\"https:\/\/www.szenik.eu\/de\/gute-karten-fuer-den-fruehling-baden-baden-freut-sich-auf-pique-dame-kirill-petrenkos-erste-szenische-oper-bei-den-osterfestspielen-2022-46632\",\"name\":\"Die Osterfestspiele 2022 im Festspielhaus Baden-Baden I szenik\",\"isPartOf\":{\"@id\":\"https:\/\/www.szenik.eu\/de\/#website\"},\"datePublished\":\"2022-01-10T10:54:12+00:00\",\"dateModified\":\"2022-01-10T10:54:17+00:00\",\"description\":\"Osterfestspiele 2022: Erstmals unter Kirill Petrenko wird die Oper \u201ePique Dame\u201c in der Neuinszenierung von Moshe Leiser und Patrice Caurier Premiere feiern.\",\"breadcrumb\":{\"@id\":\"https:\/\/www.szenik.eu\/de\/gute-karten-fuer-den-fruehling-baden-baden-freut-sich-auf-pique-dame-kirill-petrenkos-erste-szenische-oper-bei-den-osterfestspielen-2022-46632#breadcrumb\"},\"inLanguage\":\"de\",\"potentialAction\":[{\"@type\":\"ReadAction\",\"target\":[\"https:\/\/www.szenik.eu\/de\/gute-karten-fuer-den-fruehling-baden-baden-freut-sich-auf-pique-dame-kirill-petrenkos-erste-szenische-oper-bei-den-osterfestspielen-2022-46632\"]}]},{\"@type\":\"BreadcrumbList\",\"@id\":\"https:\/\/www.szenik.eu\/de\/gute-karten-fuer-den-fruehling-baden-baden-freut-sich-auf-pique-dame-kirill-petrenkos-erste-szenische-oper-bei-den-osterfestspielen-2022-46632#breadcrumb\",\"itemListElement\":[{\"@type\":\"ListItem\",\"position\":1,\"name\":\"Home\",\"item\":\"https:\/\/www.szenik.eu\/de\"},{\"@type\":\"ListItem\",\"position\":2,\"name\":\"Gute Karten f\u00fcr den Fr\u00fchling \u2013 Baden-Baden freut sich auf \u201ePique Dame\u201c \u2013 Kirill Petrenkos erste szenische Oper bei den Osterfestspielen 2022\"}]},{\"@type\":\"WebSite\",\"@id\":\"https:\/\/www.szenik.eu\/de\/#website\",\"url\":\"https:\/\/www.szenik.eu\/de\/\",\"name\":\"szenik\",\"description\":\"Le Meilleur des sc\u00e8nes au coeur de l&#039;Europe\",\"publisher\":{\"@id\":\"https:\/\/www.szenik.eu\/de\/#organization\"},\"potentialAction\":[{\"@type\":\"SearchAction\",\"target\":{\"@type\":\"EntryPoint\",\"urlTemplate\":\"https:\/\/www.szenik.eu\/de\/?s={search_term_string}\"},\"query-input\":\"required name=search_term_string\"}],\"inLanguage\":\"de\"},{\"@type\":\"Organization\",\"@id\":\"https:\/\/www.szenik.eu\/de\/#organization\",\"name\":\"Szenik\",\"url\":\"https:\/\/www.szenik.eu\/de\/\",\"logo\":{\"@type\":\"ImageObject\",\"inLanguage\":\"de\",\"@id\":\"https:\/\/www.szenik.eu\/de\/#\/schema\/logo\/image\/\",\"url\":\"https:\/\/www.szenik.eu\/wp-content\/uploads\/2019\/07\/logo-square.png\",\"contentUrl\":\"https:\/\/www.szenik.eu\/wp-content\/uploads\/2019\/07\/logo-square.png\",\"width\":512,\"height\":512,\"caption\":\"Szenik\"},\"image\":{\"@id\":\"https:\/\/www.szenik.eu\/de\/#\/schema\/logo\/image\/\"},\"sameAs\":[\"https:\/\/www.facebook.com\/szenik.eu\/\",\"https:\/\/twitter.com\/Szenik\",\"https:\/\/www.instagram.com\/szenik_magazine\/\",\"https:\/\/www.youtube.com\/user\/SzenikEU\/\"]},{\"@type\":\"Person\",\"@id\":\"https:\/\/www.szenik.eu\/de\/#\/schema\/person\/15f73f175b41bad194837490339d48fb\",\"name\":\"szenik\",\"image\":{\"@type\":\"ImageObject\",\"inLanguage\":\"de\",\"@id\":\"https:\/\/www.szenik.eu\/de\/#\/schema\/person\/image\/\",\"url\":\"https:\/\/secure.gravatar.com\/avatar\/d1c4f19522a624a4eaa5e6c03e22370b?s=96&d=mm&r=g\",\"contentUrl\":\"https:\/\/secure.gravatar.com\/avatar\/d1c4f19522a624a4eaa5e6c03e22370b?s=96&d=mm&r=g\",\"caption\":\"szenik\"}}]}<\/script>\n<!-- \/ Yoast SEO plugin. -->","yoast_head_json":{"title":"Die Osterfestspiele 2022 im Festspielhaus Baden-Baden I szenik","description":"Osterfestspiele 2022: Erstmals unter Kirill Petrenko wird die Oper \u201ePique Dame\u201c in der Neuinszenierung von Moshe Leiser und Patrice Caurier Premiere feiern.","robots":{"index":"index","follow":"follow","max-snippet":"max-snippet:-1","max-image-preview":"max-image-preview:large","max-video-preview":"max-video-preview:-1"},"canonical":"https:\/\/www.szenik.eu\/de\/gute-karten-fuer-den-fruehling-baden-baden-freut-sich-auf-pique-dame-kirill-petrenkos-erste-szenische-oper-bei-den-osterfestspielen-2022-46632","og_locale":"de_DE","og_type":"article","og_title":"Die Osterfestspiele 2022 im Festspielhaus Baden-Baden I szenik","og_description":"Osterfestspiele 2022: Erstmals unter Kirill Petrenko wird die Oper \u201ePique Dame\u201c in der Neuinszenierung von Moshe Leiser und Patrice Caurier Premiere feiern.","og_url":"https:\/\/www.szenik.eu\/de\/gute-karten-fuer-den-fruehling-baden-baden-freut-sich-auf-pique-dame-kirill-petrenkos-erste-szenische-oper-bei-den-osterfestspielen-2022-46632","og_site_name":"szenik","article_publisher":"https:\/\/www.facebook.com\/szenik.eu\/","article_published_time":"2022-01-10T10:54:12+00:00","article_modified_time":"2022-01-10T10:54:17+00:00","og_image":[{"width":1750,"height":1167,"url":"https:\/\/www.szenik.eu\/wp-content\/uploads\/2022\/01\/BPhil_BB_K_Petr_P_Kopa_150419_015c-Monika-Rittershaus_small.jpg","type":"image\/jpeg"}],"author":"szenik","twitter_card":"summary_large_image","twitter_creator":"@Szenik","twitter_site":"@Szenik","twitter_misc":{"Verfasst von":"szenik","Gesch\u00e4tzte Lesezeit":"2\u00a0Minuten"},"schema":{"@context":"https:\/\/schema.org","@graph":[{"@type":"Article","@id":"https:\/\/www.szenik.eu\/de\/gute-karten-fuer-den-fruehling-baden-baden-freut-sich-auf-pique-dame-kirill-petrenkos-erste-szenische-oper-bei-den-osterfestspielen-2022-46632#article","isPartOf":{"@id":"https:\/\/www.szenik.eu\/de\/gute-karten-fuer-den-fruehling-baden-baden-freut-sich-auf-pique-dame-kirill-petrenkos-erste-szenische-oper-bei-den-osterfestspielen-2022-46632"},"author":{"name":"szenik","@id":"https:\/\/www.szenik.eu\/de\/#\/schema\/person\/15f73f175b41bad194837490339d48fb"},"headline":"Gute Karten f\u00fcr den Fr\u00fchling \u2013 Baden-Baden freut sich auf \u201ePique Dame\u201c \u2013 Kirill Petrenkos erste szenische Oper bei den Osterfestspielen 2022","datePublished":"2022-01-10T10:54:12+00:00","dateModified":"2022-01-10T10:54:17+00:00","mainEntityOfPage":{"@id":"https:\/\/www.szenik.eu\/de\/gute-karten-fuer-den-fruehling-baden-baden-freut-sich-auf-pique-dame-kirill-petrenkos-erste-szenische-oper-bei-den-osterfestspielen-2022-46632"},"wordCount":471,"commentCount":0,"publisher":{"@id":"https:\/\/www.szenik.eu\/de\/#organization"},"keywords":["Andris Nelsons","Anna Netrebko","Arsen Soghomonyan","Asmik Grigorian","Berliner Philharmoniker","Doris Soffel","Festspielhaus Baden-Baden","Fran\u00e7ois-Xavier Roth","Kirill Petrenko","Moshe Leiser","Patrice Caurier"],"articleSection":["Kurz &amp; knackig","Magazin"],"inLanguage":"de","potentialAction":[{"@type":"CommentAction","name":"Comment","target":["https:\/\/www.szenik.eu\/de\/gute-karten-fuer-den-fruehling-baden-baden-freut-sich-auf-pique-dame-kirill-petrenkos-erste-szenische-oper-bei-den-osterfestspielen-2022-46632#respond"]}]},{"@type":"WebPage","@id":"https:\/\/www.szenik.eu\/de\/gute-karten-fuer-den-fruehling-baden-baden-freut-sich-auf-pique-dame-kirill-petrenkos-erste-szenische-oper-bei-den-osterfestspielen-2022-46632","url":"https:\/\/www.szenik.eu\/de\/gute-karten-fuer-den-fruehling-baden-baden-freut-sich-auf-pique-dame-kirill-petrenkos-erste-szenische-oper-bei-den-osterfestspielen-2022-46632","name":"Die Osterfestspiele 2022 im Festspielhaus Baden-Baden I szenik","isPartOf":{"@id":"https:\/\/www.szenik.eu\/de\/#website"},"datePublished":"2022-01-10T10:54:12+00:00","dateModified":"2022-01-10T10:54:17+00:00","description":"Osterfestspiele 2022: Erstmals unter Kirill Petrenko wird die Oper \u201ePique Dame\u201c in der Neuinszenierung von Moshe Leiser und Patrice Caurier Premiere feiern.","breadcrumb":{"@id":"https:\/\/www.szenik.eu\/de\/gute-karten-fuer-den-fruehling-baden-baden-freut-sich-auf-pique-dame-kirill-petrenkos-erste-szenische-oper-bei-den-osterfestspielen-2022-46632#breadcrumb"},"inLanguage":"de","potentialAction":[{"@type":"ReadAction","target":["https:\/\/www.szenik.eu\/de\/gute-karten-fuer-den-fruehling-baden-baden-freut-sich-auf-pique-dame-kirill-petrenkos-erste-szenische-oper-bei-den-osterfestspielen-2022-46632"]}]},{"@type":"BreadcrumbList","@id":"https:\/\/www.szenik.eu\/de\/gute-karten-fuer-den-fruehling-baden-baden-freut-sich-auf-pique-dame-kirill-petrenkos-erste-szenische-oper-bei-den-osterfestspielen-2022-46632#breadcrumb","itemListElement":[{"@type":"ListItem","position":1,"name":"Home","item":"https:\/\/www.szenik.eu\/de"},{"@type":"ListItem","position":2,"name":"Gute Karten f\u00fcr den Fr\u00fchling \u2013 Baden-Baden freut sich auf \u201ePique Dame\u201c \u2013 Kirill Petrenkos erste szenische Oper bei den Osterfestspielen 2022"}]},{"@type":"WebSite","@id":"https:\/\/www.szenik.eu\/de\/#website","url":"https:\/\/www.szenik.eu\/de\/","name":"szenik","description":"Le Meilleur des sc\u00e8nes au coeur de l&#039;Europe","publisher":{"@id":"https:\/\/www.szenik.eu\/de\/#organization"},"potentialAction":[{"@type":"SearchAction","target":{"@type":"EntryPoint","urlTemplate":"https:\/\/www.szenik.eu\/de\/?s={search_term_string}"},"query-input":"required name=search_term_string"}],"inLanguage":"de"},{"@type":"Organization","@id":"https:\/\/www.szenik.eu\/de\/#organization","name":"Szenik","url":"https:\/\/www.szenik.eu\/de\/","logo":{"@type":"ImageObject","inLanguage":"de","@id":"https:\/\/www.szenik.eu\/de\/#\/schema\/logo\/image\/","url":"https:\/\/www.szenik.eu\/wp-content\/uploads\/2019\/07\/logo-square.png","contentUrl":"https:\/\/www.szenik.eu\/wp-content\/uploads\/2019\/07\/logo-square.png","width":512,"height":512,"caption":"Szenik"},"image":{"@id":"https:\/\/www.szenik.eu\/de\/#\/schema\/logo\/image\/"},"sameAs":["https:\/\/www.facebook.com\/szenik.eu\/","https:\/\/twitter.com\/Szenik","https:\/\/www.instagram.com\/szenik_magazine\/","https:\/\/www.youtube.com\/user\/SzenikEU\/"]},{"@type":"Person","@id":"https:\/\/www.szenik.eu\/de\/#\/schema\/person\/15f73f175b41bad194837490339d48fb","name":"szenik","image":{"@type":"ImageObject","inLanguage":"de","@id":"https:\/\/www.szenik.eu\/de\/#\/schema\/person\/image\/","url":"https:\/\/secure.gravatar.com\/avatar\/d1c4f19522a624a4eaa5e6c03e22370b?s=96&d=mm&r=g","contentUrl":"https:\/\/secure.gravatar.com\/avatar\/d1c4f19522a624a4eaa5e6c03e22370b?s=96&d=mm&r=g","caption":"szenik"}}]}},"jetpack_featured_media_url":"https:\/\/www.szenik.eu\/wp-content\/uploads\/2022\/01\/BPhil_BB_K_Petr_P_Kopa_150419_015c-Monika-Rittershaus_small.jpg","amp_enabled":true,"_links":{"self":[{"href":"https:\/\/www.szenik.eu\/de\/wp-json\/\/wp\/v2\/posts\/46632"}],"collection":[{"href":"https:\/\/www.szenik.eu\/de\/wp-json\/\/wp\/v2\/posts"}],"about":[{"href":"https:\/\/www.szenik.eu\/de\/wp-json\/\/wp\/v2\/types\/post"}],"author":[{"embeddable":true,"href":"https:\/\/www.szenik.eu\/de\/wp-json\/\/wp\/v2\/users\/1"}],"replies":[{"embeddable":true,"href":"https:\/\/www.szenik.eu\/de\/wp-json\/\/wp\/v2\/comments?post=46632"}],"version-history":[{"count":2,"href":"https:\/\/www.szenik.eu\/de\/wp-json\/\/wp\/v2\/posts\/46632\/revisions"}],"predecessor-version":[{"id":46639,"href":"https:\/\/www.szenik.eu\/de\/wp-json\/\/wp\/v2\/posts\/46632\/revisions\/46639"}],"wp:featuredmedia":[{"embeddable":true,"href":"https:\/\/www.szenik.eu\/de\/wp-json\/\/wp\/v2\/media\/46635"}],"wp:attachment":[{"href":"https:\/\/www.szenik.eu\/de\/wp-json\/\/wp\/v2\/media?parent=46632"}],"wp:term":[{"taxonomy":"category","embeddable":true,"href":"https:\/\/www.szenik.eu\/de\/wp-json\/\/wp\/v2\/categories?post=46632"},{"taxonomy":"post_tag","embeddable":true,"href":"https:\/\/www.szenik.eu\/de\/wp-json\/\/wp\/v2\/tags?post=46632"}],"curies":[{"name":"wp","href":"https:\/\/api.w.org\/{rel}","templated":true}]}}