{"id":46211,"date":"2021-12-17T09:57:38","date_gmt":"2021-12-17T08:57:38","guid":{"rendered":"https:\/\/www.szenik.eu\/?p=46211\/"},"modified":"2021-12-17T10:00:35","modified_gmt":"2021-12-17T09:00:35","slug":"die-kulturkueche-in-karlsruhe-ein-interview-mit-der-schauspielerin-und-mitbegruenderin-galina-freund","status":"publish","type":"post","link":"https:\/\/www.szenik.eu\/de\/die-kulturkueche-in-karlsruhe-ein-interview-mit-der-schauspielerin-und-mitbegruenderin-galina-freund-46211","title":{"rendered":"Die Kulturk\u00fcche Karlsruhe: Ein Interview mit der Schauspielerin und Mitbegr\u00fcnderin Galina Freund"},"content":{"rendered":"\n<div style=\"height:20px\" aria-hidden=\"true\" class=\"wp-block-spacer\"><\/div>\n\n\n\n<h2>Als ein Ort f\u00fcr ein gemeinsames Miteinander wurde die Idee der Kulturk\u00fcche im Dezember 2019 ins Leben gerufen und sogleich in einem charmanten Haus in Karlsruhe umgesetzt. Die T\u00fcren stehen hier offen; jeder ist jederzeit eingeladen, selbst kreativ zu sein. Die Kulturk\u00fcche als nachhaltiger Ort, in dem Menschen, Gastronomie, K\u00fcnste und Gespr\u00e4che aufeinandertreffen und sich austauschen &#8211; dies ist der Wunsch des engagierten Teams. Viele K\u00f6che verderben den Brei? Nicht in der Kulturk\u00fcche Karlsruhe!   <\/h2>\n\n\n\n<div style=\"height:100px\" aria-hidden=\"true\" class=\"wp-block-spacer\"><\/div>\n\n\n\n<p class=\"has-background has-normal-font-size has-luminous-vivid-amber-background-color\"><strong>Wie l\u00e4sst sich die Kulturk\u00fcche Karlsruhe beschreiben? <\/strong><\/p>\n\n\n\n<div style=\"height:20px\" aria-hidden=\"true\" class=\"wp-block-spacer\"><\/div>\n\n\n\n<p>Am Anfang habe ich uns immer als B\u00fcrgerbeteiligungzentrum pr\u00e4sentiert. Im Endeffekt sind wir ein Ort, an den die Menschen kommen k\u00f6nnen. Es ist sehr komplex, die Kulturk\u00fcche in ein paar S\u00e4tzen zu beschreiben. Fr\u00fcher gab es viele soziokulturelle Zentren, in denen Soziales und Kultur miteinander verbunden wurde, aber wir sind noch ein St\u00fcck weiter gegangen: Wir m\u00f6chten nicht nur, dass Soziales, Kunst und Kultur verbunden, sondern auch, dass den Menschen Nachhaltigkeit vermittelt wird. Wir laden alle B\u00fcrgerInnen ein, die Lust haben sich in irgendeiner Weise in der Gesellschaft zu beteiligen, aber nicht wissen wie. Sodass alle wieder dazu bef\u00e4higt werden, Gesellschaft mitzugestalten. Nach Jahrzehnten, in denen wir oft alles von oben gesagt bekommen haben, wissen viele gar nicht mehr, wie sie auf andere treffen, \u00fcber ihre Gef\u00fchle sprechen und zusammen \u00fcberlegen k\u00f6nnen, in welcher Zukunft wir leben wollen. <\/p>\n\n\n\n<p>Es ist wie ein Experimentierort, aus dem Projekte entstehen und hoffentlich dann auch weiter in die Gesellschaft, in die Stadt und dar\u00fcber hinaus getragen werden. Es ist ein Kraftort, der am besten in jedem Stadtviertel existieren sollte. <\/p>\n\n\n\n<div style=\"height:34px\" aria-hidden=\"true\" class=\"wp-block-spacer\"><\/div>\n\n\n\n<div class=\"wp-block-image\"><figure class=\"aligncenter size-large\"><img decoding=\"async\" loading=\"lazy\" width=\"1024\" height=\"683\" src=\"https:\/\/www.szenik.eu\/wp-content\/uploads\/2021\/12\/jennifer_siegel_fotografie-02424-1024x683.jpg\" alt=\"\" class=\"wp-image-46223\" srcset=\"https:\/\/www.szenik.eu\/wp-content\/uploads\/2021\/12\/jennifer_siegel_fotografie-02424-1024x683.jpg 1024w, https:\/\/www.szenik.eu\/wp-content\/uploads\/2021\/12\/jennifer_siegel_fotografie-02424-300x200.jpg 300w, https:\/\/www.szenik.eu\/wp-content\/uploads\/2021\/12\/jennifer_siegel_fotografie-02424-768x512.jpg 768w, https:\/\/www.szenik.eu\/wp-content\/uploads\/2021\/12\/jennifer_siegel_fotografie-02424-1536x1024.jpg 1536w, https:\/\/www.szenik.eu\/wp-content\/uploads\/2021\/12\/jennifer_siegel_fotografie-02424-750x500.jpg 750w, https:\/\/www.szenik.eu\/wp-content\/uploads\/2021\/12\/jennifer_siegel_fotografie-02424-1140x760.jpg 1140w, https:\/\/www.szenik.eu\/wp-content\/uploads\/2021\/12\/jennifer_siegel_fotografie-02424.jpg 2048w\" sizes=\"(max-width: 1024px) 100vw, 1024px\" \/><figcaption>Foto: Jennifer Siegel<\/figcaption><\/figure><\/div>\n\n\n\n<div style=\"height:22px\" aria-hidden=\"true\" class=\"wp-block-spacer\"><\/div>\n\n\n\n<p class=\"has-background has-normal-font-size has-luminous-vivid-amber-background-color\"><strong>Warum war es so interessant, diese Art von soziokulturellen Ort ausgerechnet in Karlsruhe zu schaffen?<\/strong><\/p>\n\n\n\n<div style=\"height:20px\" aria-hidden=\"true\" class=\"wp-block-spacer\"><\/div>\n\n\n\n<p>Das Projekt ist aus einem\nWorkshop der Stadt entstanden, in dem es um die Entwicklung nachhaltiger\nProjekte ging. &nbsp;<\/p>\n\n\n\n<p>Durch die hier ans\u00e4ssigen Universit\u00e4ten gibt es viele Studenten, die sich zum Beispiel mehr gesundes und preiswertes Essen au\u00dferhalb der Mensa w\u00fcnschen. Unser Viertel ist durch die vielen Bauarbeiten leer geworden; viele Gesch\u00e4fte haben zugemacht. Es ist ein sehr spezielles Viertel, da es direkt zwischen der Innenstadt, dem Universit\u00e4tsviertel und dem Rotlichtviertel liegt. Leider sind wir Zeuge einer einsetzenden Verwahrlosung des Viertels&#8230; Es sollte also eine Aufwertung entstehen. Durch einen Workshop, an dem B\u00fcrgerInnen und unser Verein teilgenommen haben, ist dieses Konzept entstanden. <\/p>\n\n\n\n<p>W\u00e4hrend dieser Zusammenkunft sagte ein befreundeter Gastronom: \u201eEssen m\u00fcssen alle!\u201c. Also, man bekommt Menschen an einen Ort, indem man Essen anbietet. So wurde das regionale, saisonale und nachhaltige Essen sozusagen zum T\u00fcr\u00f6ffner unseres Konzeptes. Zudem finden hier Workshops, kulturelle Veranstaltungen, Vortr\u00e4ge, Podiumsdiskussionen statt&#8230; Alles, was das Herz begehrt und was die Menschen, die zu uns kommen, interessiert. Uns ist es wichtig, die Anfragen und Ideen der B\u00fcrgerInnen umzusetzen. &nbsp;<\/p>\n\n\n\n<div style=\"height:20px\" aria-hidden=\"true\" class=\"wp-block-spacer\"><\/div>\n\n\n\n<p class=\"has-background has-normal-font-size has-luminous-vivid-amber-background-color\"><strong>Welche Arten von Veranstaltungen bieten Sie im Bereich der B\u00fchnenkunst an?<\/strong><\/p>\n\n\n\n<div style=\"height:20px\" aria-hidden=\"true\" class=\"wp-block-spacer\"><\/div>\n\n\n\n<p>Die Pandemie hat uns bei diesem\nVorhaben nat\u00fcrlich sehr eingeschr\u00e4nkt. Dennoch fragen wir uns immer: Was sind\nunsere kulturellen S\u00e4ulen? <\/p>\n\n\n\n<p>Wir allen glauben, dass mit dem Mittel der Kunst (darstellende oder bildende Kunst) viel aus einer anderen Perspektive vermitteln werden kann. Wenn wir diese Werkzeuge der Kunst in Workshops einflie\u00dfen lassen, erhalten die Menschen andere Tools. Wir haben gerade einen Workshop, \u201eAusdrucksSTARK\u201c, in dem Jugendliche mit SchauspielerInnen kooperieren, um an ihrem Ausdruck und Selbstbewusstsein zu arbeiten. Schauspiel eignet sich sehr gut f\u00fcr solche \u00dcbungen. Das ist so eine S\u00e4ule von uns: Wir benutzen diese Werkzeuge, um anderen Menschen neue Perspektiven zu geben. Die Kunst hat eine freie Perspektive, die einfach viel erm\u00f6glicht. <\/p>\n\n\n\n<p>Unsere zweite S\u00e4ule sind Menschen, die nicht aus der Kunst kommen, aber darin ein Hobby sehen oder sich darin gerne einmal versuchen w\u00fcrden. Wir m\u00f6chten B\u00fcrgerInnen eine B\u00fchne geben. Hier d\u00fcrfen sie Klavier spielen, mit ihrer Band oder ihrem Chor proben; hier k\u00f6nnen sie an Theaterst\u00fccken arbeiten\u2026 <\/p>\n\n\n\n<p>Au\u00dferdem k\u00f6nnen hier professionelle K\u00fcnstlerInnen aus den Bereichen Tanz, Schauspiel oder Musik ihre St\u00fccke oder Performances darbieten. Wir w\u00fcrden auch gerne unter Eigenregie hier mit professionellen K\u00fcnstlerInnen zur Geschichte des Hauses oder Themen, die uns sehr besch\u00e4ftigen, arbeiten. Zuk\u00fcnftig m\u00f6chten wir nat\u00fcrlich auch bildende K\u00fcnstlerInnen in unseren R\u00e4umlichkeiten ausstellen. <\/p>\n\n\n\n<div style=\"height:20px\" aria-hidden=\"true\" class=\"wp-block-spacer\"><\/div>\n\n\n\n<figure class=\"wp-block-embed-youtube aligncenter wp-block-embed is-type-video is-provider-youtube wp-embed-aspect-16-9 wp-has-aspect-ratio\"><div class=\"wp-block-embed__wrapper\">\n<iframe loading=\"lazy\" title=\"Kulturk\u00fcche - ganz und gar wunderbar!\" width=\"500\" height=\"281\" src=\"https:\/\/www.youtube.com\/embed\/sQLl3JRIxTw?feature=oembed\" frameborder=\"0\" allow=\"accelerometer; autoplay; clipboard-write; encrypted-media; gyroscope; picture-in-picture\" allowfullscreen><\/iframe>\n<\/div><\/figure>\n\n\n\n<div style=\"height:20px\" aria-hidden=\"true\" class=\"wp-block-spacer\"><\/div>\n\n\n\n<p class=\"has-background has-luminous-vivid-amber-background-color\"><strong>Sie sind selbst Schauspielerin. Was hat Sie dazu motiviert, die Kulturk\u00fcche aufzubauen? Schafft dieser Ort etwas, was in Theaterh\u00e4usern noch fehlt?<\/strong><\/p>\n\n\n\n<div style=\"height:20px\" aria-hidden=\"true\" class=\"wp-block-spacer\"><\/div>\n\n\n\n<p>Interessante Frage! Vor zwei Jahren h\u00e4tte ich eine klare Antwort darauf geben k\u00f6nnen, aber seitdem hat sich im Bezug auf Nachhaltigkeit viel in den Theater-und Kulturh\u00e4usern getan&#8230;<br>Was mich an der Kulturk\u00fcche wirklich interessiert hat, ist genau das; also, dass man nicht immer neue B\u00fchnenbilder baut und dass man auch in der Technik energieeffizient arbeitet. Ich hatte immer den Traum eines nachhaltigen Theaters, in dem man mit nachhaltigen DesignerInnen oder mit AusstatterInnen arbeitet, die B\u00fchnenbilder so bauen, dass man sie wieder ver\u00e4ndern kann. Ich dachte, dass die Kulturk\u00fcche bestimmt ein solcher Ort sein k\u00f6nnte. Das Sch\u00f6ne ist, dass das Haus als eigenes B\u00fchnenbild funktioniert. Hier kann man also im Kleinen an solchen Ideen feilen. <\/p>\n\n\n\n<p>Ein Plus ist, dass wir klein\nsind. Wir entscheiden, was wir machen und daraufhin suchen wir die Gelder. Im\nGegensatz zu uns m\u00fcssen Theaterh\u00e4user sehr fr\u00fch planen und entscheiden, wie\nihre Gelder verwendet werden sollen. Die Last der B\u00fcrokratie ist da oft so\nschwer, dass schnelle Entscheidungen schwierig werden.<\/p>\n\n\n\n<p>Ich war vorher 20 Jahre am Theater, fest oder freischaffend. Ich bin eigentlich f\u00fcr unseren Verein \u201eK\u00fcnstler ohne Grenzen\u201c nach Karlsruhe gekommen, um hier mehr Projekte durchf\u00fchren zu k\u00f6nnen. Dann kam die Idee der Kulturk\u00fcche. Wir bekamen ein Angebot f\u00fcr das Haus und mussten uns schnell entscheiden. Seitdem bin ich mit von der Partie! <\/p>\n\n\n\n<div style=\"height:29px\" aria-hidden=\"true\" class=\"wp-block-spacer\"><\/div>\n\n\n\n<p class=\"has-background has-luminous-vivid-amber-background-color\"><strong>Wie kann B\u00fchnenkunst Austausch schaffen? <\/strong><\/p>\n\n\n\n<div style=\"height:20px\" aria-hidden=\"true\" class=\"wp-block-spacer\"><\/div>\n\n\n\n<p>Durch den Dialog! Reden hilft (<em>lacht<\/em>)! Ich wundere mich immer wieder, wie wenig wir miteinander in unsere Gesellschaft kommunizieren. Gleichzeitig freue ich mich zu sehen, wie viel in der Kultur besprochen wird. Die Kultur schafft einen Dialog. Sie zeigt etwas aus einer Perspektive und regt Menschen zum Nachdenken an. Das ist nat\u00fcrlich auch ein weiteres Plus in einem kleinen Haus: Wir k\u00f6nnen uns nach den Veranstaltungen direkt mit dem Publikum austauschen. Da ist keine Wand dazwischen. Das hei\u00dft, man hat eine ganzheitliche Erfahrung. Sie spricht alle Sinne an. Wenn wir uns dann noch dar\u00fcber unterhalten k\u00f6nnen, dann bleibt sie l\u00e4nger haften.  <\/p>\n\n\n\n<div style=\"height:32px\" aria-hidden=\"true\" class=\"wp-block-spacer\"><\/div>\n\n\n\n<figure class=\"wp-block-image size-large\"><img decoding=\"async\" loading=\"lazy\" width=\"1024\" height=\"661\" src=\"https:\/\/www.szenik.eu\/wp-content\/uploads\/2021\/12\/Capture-d\u2019\u00e9cran-2021-12-17-\u00e0-09.40.17-1024x661.png\" alt=\"\" class=\"wp-image-46256\" srcset=\"https:\/\/www.szenik.eu\/wp-content\/uploads\/2021\/12\/Capture-d\u2019\u00e9cran-2021-12-17-\u00e0-09.40.17-1024x661.png 1024w, https:\/\/www.szenik.eu\/wp-content\/uploads\/2021\/12\/Capture-d\u2019\u00e9cran-2021-12-17-\u00e0-09.40.17-300x194.png 300w, https:\/\/www.szenik.eu\/wp-content\/uploads\/2021\/12\/Capture-d\u2019\u00e9cran-2021-12-17-\u00e0-09.40.17-768x495.png 768w, https:\/\/www.szenik.eu\/wp-content\/uploads\/2021\/12\/Capture-d\u2019\u00e9cran-2021-12-17-\u00e0-09.40.17-750x484.png 750w, https:\/\/www.szenik.eu\/wp-content\/uploads\/2021\/12\/Capture-d\u2019\u00e9cran-2021-12-17-\u00e0-09.40.17.png 1068w\" sizes=\"(max-width: 1024px) 100vw, 1024px\" \/><figcaption>Foto: Jens Arbogast<\/figcaption><\/figure>\n\n\n\n<div style=\"height:20px\" aria-hidden=\"true\" class=\"wp-block-spacer\"><\/div>\n\n\n\n<p class=\"has-background has-luminous-vivid-amber-background-color\"><strong>Wie schaffen Sie es, die B\u00fcrgerInnen zu motivieren in die Kulturk\u00fcche zu kommen? Wie kann dieser Ort tats\u00e4chlich f\u00fcr alle da sein?<\/strong><\/p>\n\n\n\n<div style=\"height:20px\" aria-hidden=\"true\" class=\"wp-block-spacer\"><\/div>\n\n\n\n<p> Mit einem sehr langen Atem (<em>lacht<\/em>). Dann nat\u00fcrlich dank der Aufmerksamkeit der Presse und Social Media. Wir haben auch ein gro\u00dfes Plus mit der K\u00fcche, die einen Mittagstisch anbietet und mit Biobauern aus der Region zusammenarbeitet. Wir sind direkt gegen\u00fcber von der Uni; wir sind in der N\u00e4he der Innenstadt, in der viele Menschen arbeiten. Oft betreten sie unsere Kulturk\u00fcche und glauben in einem Restaurant zu sein. Aber dann bekommen sie sehr schnell mit, dass das nicht so ist, weil wir reden und reden! Jeder, der bei uns einkehrt, bekommt die Frage gestellt: \u201eBis du zum ersten Mal hier?\u201c. Und dann erz\u00e4hlen wir sofort, was wir hier machen, geben Informationen und laden zum Wiederkommen ein. Wir reden wirklich mit allen, basteln Plakate, haben j\u00fcngere Teammitglieder f\u00fcr den Social Media-Bereich. Aber am Herzen liegt uns nat\u00fcrlich der direkte Austausch als ein Eins-zu-eins-Sprachrohr.&nbsp;  <\/p>\n\n\n\n<div style=\"height:20px\" aria-hidden=\"true\" class=\"wp-block-spacer\"><\/div>\n\n\n\n<div class=\"wp-block-image\"><figure class=\"aligncenter size-large\"><img decoding=\"async\" loading=\"lazy\" width=\"768\" height=\"1024\" src=\"https:\/\/www.szenik.eu\/wp-content\/uploads\/2021\/12\/IMG_20210911_221840-768x1024.jpg\" alt=\"\" class=\"wp-image-46267\" srcset=\"https:\/\/www.szenik.eu\/wp-content\/uploads\/2021\/12\/IMG_20210911_221840-768x1024.jpg 768w, https:\/\/www.szenik.eu\/wp-content\/uploads\/2021\/12\/IMG_20210911_221840-225x300.jpg 225w, https:\/\/www.szenik.eu\/wp-content\/uploads\/2021\/12\/IMG_20210911_221840-1152x1536.jpg 1152w, https:\/\/www.szenik.eu\/wp-content\/uploads\/2021\/12\/IMG_20210911_221840-1536x2048.jpg 1536w, https:\/\/www.szenik.eu\/wp-content\/uploads\/2021\/12\/IMG_20210911_221840-750x1000.jpg 750w, https:\/\/www.szenik.eu\/wp-content\/uploads\/2021\/12\/IMG_20210911_221840-1140x1520.jpg 1140w, https:\/\/www.szenik.eu\/wp-content\/uploads\/2021\/12\/IMG_20210911_221840-scaled.jpg 1920w\" sizes=\"(max-width: 768px) 100vw, 768px\" \/><\/figure><\/div>\n\n\n\n<div style=\"height:20px\" aria-hidden=\"true\" class=\"wp-block-spacer\"><\/div>\n\n\n\n<p class=\"has-background has-luminous-vivid-amber-background-color\"><strong>Wie funktioniert die Kulturk\u00fcche? Wer sind die Teammitglieder?<\/strong><\/p>\n\n\n\n<div style=\"height:20px\" aria-hidden=\"true\" class=\"wp-block-spacer\"><\/div>\n\n\n\n<p>Wir sind ein gemeinn\u00fctziger\nVerein und m\u00f6chten aber das Ehrenamt neu \u00fcberdenken. <\/p>\n\n\n\n<p>Ehrenamt soll sich leicht anf\u00fchlen, Spa\u00df machen, flexibel sein und eben keine zus\u00e4tzliche Verpflichtung bringen. Unserer Meinung nach kann das &nbsp;nur funktionieren, wenn man Hauptamtliche hat; also Menschen, die fest f\u00fcr ihre Arbeit bezahlt werden und einen Rahmen f\u00fcr das Ehrenamt schaffen.<\/p>\n\n\n\n<p>Wir haben ein Team von 8 Festangestellten und ca. 20 Honorarkr\u00e4ften, die sich um unterschiedliche Bereiche k\u00fcmmern.. Wir haben einen p\u00e4dagogischen Bereich, dadurch das wir auch noch zus\u00e4tzlich ein Integrationsbetrieb sind. Wir haben Menschen in unserem Team, die Schwierigkeiten haben auf dem Arbeitsmarkt Fu\u00df zu fassen (Menschen mit Behinderungen; Menschen, die aus herausfordernden Biografien oder mit einem Fluchthintergrund kommen, ehemalige Suchtabh\u00e4ngige\u2026). Damit diese eine Begleitung f\u00fcr den Eintritt in die Arbeitswelt bekommen, haben wir P\u00e4dagogInnen im Team. Wir haben auch Menschen, die sich um die Nachhaltigkeit k\u00fcmmern wie, zum Beispiel, eine Agrarbiologin. Dann haben wir Leute aus dem Kunst-und Kulturbereich. Und nat\u00fcrlich haben wir auch Leute f\u00fcr die K\u00fcche und den Service. Wir haben mehrere Teams, die sich gegenseitig \u00fcberschneiden und unterst\u00fctzen. <\/p>\n\n\n\n<div style=\"height:20px\" aria-hidden=\"true\" class=\"wp-block-spacer\"><\/div>\n\n\n\n<p class=\"has-background has-luminous-vivid-amber-background-color\"><strong>Wie verh\u00e4lt es sich mit dem Finanzierungskonzept der Kulturk\u00fcche Karlsruhe? Wie werden Sie unterst\u00fctzt?&nbsp; <\/strong><\/p>\n\n\n\n<div style=\"height:20px\" aria-hidden=\"true\" class=\"wp-block-spacer\"><\/div>\n\n\n\n<p>Unser Finanzierungskonzept gestaltet sich folgenderma\u00dfen: Der Gastronomiebereich tr\u00e4gt sich durch den Mittagstisch selbst, der soziale und kulturelle Bereich wird durch F\u00f6rdergelder, Spenden und Sponsoren getragen. Dieses Konzept, das auf &nbsp;Netzwerkarbeit , Kulturveranstaltungen und kulinarischen Events beruht, brach aber aufgrund von Corona zusammen.<\/p>\n\n\n\n<p>\u00dcberlebt\nhaben wir bisher durch Anschubfinanzierungen von Stiftungen, Privatspenden,\nF\u00f6rderung von Lions Clubs und einem Zuschuss der Stadt. Viele dieser\nGeldquellen sind im Oktober 2021 zu Ende gegangen. <\/p>\n\n\n\n<p>In den ersten drei Monaten, also\nkurz vor der Pandemie, hatten wir bereits einen gro\u00dfen Zulauf. Wir hatten 200\nMittagessen; wir hatten abends Veranstaltungen \u2013 und das ist alles mit einem\nMal eingebrochen. Durch die Pandemie ist es schwierig gewesen, neue\nFinanzierungen f\u00fcr den sozialen und kulturellen Bereich zu finden. Das hei\u00dft,\nwir konnten diese ganzen Vorhaben gar nicht in den letzten zwei Jahren kontinuierlich\naufbauen. <\/p>\n\n\n\n<p>Deswegen haben wir jetzt einen gro\u00dfen Spendenaufruf gestartet. Zus\u00e4tzlich zu den Bundesgeldern und den Stiftungen \u00fcberlegen wir nat\u00fcrlich, wie wir mit Gro\u00dffirmen und Sponsoren kooperieren k\u00f6nnen, in dem sie zum Beispiel die R\u00e4umlichkeiten nutzen oder ihre MitarbeiterInnen unser Angebot ehrenamtlich ausprobieren k\u00f6nnen. Da haben wir ganz unterschiedliche Ideen. <\/p>\n\n\n\n<div style=\"height:20px\" aria-hidden=\"true\" class=\"wp-block-spacer\"><\/div>\n\n\n\n<div class=\"wp-block-image\"><figure class=\"aligncenter size-large\"><img decoding=\"async\" loading=\"lazy\" width=\"1024\" height=\"662\" src=\"https:\/\/www.szenik.eu\/wp-content\/uploads\/2021\/12\/Capture-d\u2019\u00e9cran-2021-12-17-\u00e0-09.56.39-1024x662.png\" alt=\"\" class=\"wp-image-46263\" srcset=\"https:\/\/www.szenik.eu\/wp-content\/uploads\/2021\/12\/Capture-d\u2019\u00e9cran-2021-12-17-\u00e0-09.56.39-1024x662.png 1024w, https:\/\/www.szenik.eu\/wp-content\/uploads\/2021\/12\/Capture-d\u2019\u00e9cran-2021-12-17-\u00e0-09.56.39-300x194.png 300w, https:\/\/www.szenik.eu\/wp-content\/uploads\/2021\/12\/Capture-d\u2019\u00e9cran-2021-12-17-\u00e0-09.56.39-768x497.png 768w, https:\/\/www.szenik.eu\/wp-content\/uploads\/2021\/12\/Capture-d\u2019\u00e9cran-2021-12-17-\u00e0-09.56.39-750x485.png 750w, https:\/\/www.szenik.eu\/wp-content\/uploads\/2021\/12\/Capture-d\u2019\u00e9cran-2021-12-17-\u00e0-09.56.39.png 1076w\" sizes=\"(max-width: 1024px) 100vw, 1024px\" \/><figcaption>Foto: Jens Arbogast<\/figcaption><\/figure><\/div>\n\n\n\n<div style=\"height:20px\" aria-hidden=\"true\" class=\"wp-block-spacer\"><\/div>\n\n\n\n<p class=\"has-background has-luminous-vivid-amber-background-color\"><strong>Wo sehen Sie die Kulturk\u00fcche Karlsruhe in 10 Jahren? <\/strong><\/p>\n\n\n\n<div style=\"height:20px\" aria-hidden=\"true\" class=\"wp-block-spacer\"><\/div>\n\n\n\n<p>In jeder Stadt <em>(lacht)<\/em>! <\/p>\n\n\n\n<p>Seit letztem Jahr gibt es die\nStiftung Kraftnetz, die Gemeinschaft bilden und Einsamkeit abschaffen m\u00f6chte. Das\nzum Beispiel durch sogenannte Kraftorte und deren Vernetzung. Die Kulturk\u00fcche\nKarlsruhe ist ein solcher Kraftort. Menschen kommen zu uns und k\u00f6nnen viel\nerleben, selbst gestalten und dadurch neue Kraft sammeln. Das k\u00f6nnen auch\nFirmen sein. Die Stiftung m\u00f6chte nat\u00fcrlich, dass es viele Kraftorte gibt, und\ndas nicht nur in Karlsruhe. <\/p>\n\n\n\n<p>Wir kennen eine Person, die ein solches Konzept in Wien aufbauen m\u00f6chte. Sie wird sich der Struktur der Kulturk\u00fcche bedienen und diese mit Menschen vor Ort und nach ihren Bed\u00fcrfnissen gestalten. Wir wissen auch von einem Verein, der zwischen Deutschland und Malawi eine Br\u00fccke baut, und sich ein Jugendzentrum als Kraftort vorstellt&#8230; Der Inhalt ist im Endeffekt egal, denn es geht einzig und allein darum, den Menschen Kraft zu geben und einen sehr vielf\u00e4ltigen Ort zu gestalten, der fast wie ein Wohnzimmer ist, in dem man im Sessel sitzen und sich Theater anschauen kann. Nat\u00fcrlich w\u00e4re es sch\u00f6n, wenn man in strukturschw\u00e4chere Regionen oder Gebiete gehen und dort mit den BewohnerInnen Zentren und Orte schaffen k\u00f6nnte, die dort auf lange Sicht neues Leben einhauchen. Immer nat\u00fcrlich in einer gemeinsamen Reflexion \u00fcber die Bed\u00fcrfnisse und die W\u00fcnsche der Menschen. <\/p>\n\n\n\n<div style=\"height:46px\" aria-hidden=\"true\" class=\"wp-block-spacer\"><\/div>\n\n\n\n<div class=\"wp-block-button aligncenter is-style-outline\"><a class=\"wp-block-button__link has-text-color has-very-dark-gray-color has-background has-vivid-green-cyan-background-color\" href=\"https:\/\/www.facebook.com\/kulturkuechekarlsruhe\" target=\"_blank\" rel=\"noreferrer noopener\"><strong>Zur Facebookseite der Kulturk\u00fcche Karlsruhe<\/strong><\/a><\/div>\n\n\n\n<div style=\"height:86px\" aria-hidden=\"true\" class=\"wp-block-spacer\"><\/div>\n\n\n\n<p class=\"has-small-font-size\">Interview: Chlo\u00e9 Lef\u00e8vre<br>Am 13. Dezember 2021 in Karlsruhe<br>Foto: Jennifer Siegel<\/p>\n\n\n\n<div style=\"height:100px\" aria-hidden=\"true\" class=\"wp-block-spacer\"><\/div>\n","protected":false},"excerpt":{"rendered":"<p>Als ein Ort f\u00fcr ein gemeinsames Miteinander wurde die Idee der Kulturk\u00fcche im Dezember 2019 ins Leben gerufen und sogleich in einem charmanten Haus in Karlsruhe umgesetzt. Die T\u00fcren stehen hier offen; jeder ist jederzeit eingeladen, selbst kreativ zu sein. Die Kulturk\u00fcche als nachhaltiger Ort, in dem Menschen, Gastronomie, K\u00fcnste und Gespr\u00e4che aufeinandertreffen und sich [&hellip;]<\/p>\n","protected":false},"author":1,"featured_media":46261,"comment_status":"open","ping_status":"open","sticky":false,"template":"","format":"standard","meta":{"_monsterinsights_skip_tracking":false,"_monsterinsights_sitenote_active":false,"_monsterinsights_sitenote_note":"","_monsterinsights_sitenote_category":0},"categories":[53,73],"tags":[2224,15787],"yoast_head":"<!-- This site is optimized with the Yoast SEO plugin v20.5 - https:\/\/yoast.com\/wordpress\/plugins\/seo\/ -->\n<title>Kennen Sie schon die Kulturk\u00fcche Karlsruhe? I szenik<\/title>\n<meta name=\"description\" content=\"Als ein gemeinschaftlicher Ort wurde die Kulturk\u00fcche Karlsruhe 2019 ins Leben gerufen. szenik hat sich mit Galina Freund, Teammitglied, unterhalten.\" \/>\n<meta name=\"robots\" content=\"index, follow, max-snippet:-1, max-image-preview:large, max-video-preview:-1\" \/>\n<link rel=\"canonical\" href=\"https:\/\/www.szenik.eu\/de\/die-kulturkueche-in-karlsruhe-ein-interview-mit-der-schauspielerin-und-mitbegruenderin-galina-freund-46211\" \/>\n<meta property=\"og:locale\" content=\"de_DE\" \/>\n<meta property=\"og:type\" content=\"article\" \/>\n<meta property=\"og:title\" content=\"Kennen Sie schon die Kulturk\u00fcche Karlsruhe? I szenik\" \/>\n<meta property=\"og:description\" content=\"Als ein gemeinschaftlicher Ort wurde die Kulturk\u00fcche Karlsruhe 2019 ins Leben gerufen. szenik hat sich mit Galina Freund, Teammitglied, unterhalten.\" \/>\n<meta property=\"og:url\" content=\"https:\/\/www.szenik.eu\/de\/die-kulturkueche-in-karlsruhe-ein-interview-mit-der-schauspielerin-und-mitbegruenderin-galina-freund-46211\" \/>\n<meta property=\"og:site_name\" content=\"szenik\" \/>\n<meta property=\"article:publisher\" content=\"https:\/\/www.facebook.com\/szenik.eu\/\" \/>\n<meta property=\"article:published_time\" content=\"2021-12-17T08:57:38+00:00\" \/>\n<meta property=\"article:modified_time\" content=\"2021-12-17T09:00:35+00:00\" \/>\n<meta property=\"og:image\" content=\"https:\/\/www.szenik.eu\/wp-content\/uploads\/2021\/12\/IMG_3260-1-scaled.jpeg\" \/>\n\t<meta property=\"og:image:width\" content=\"2560\" \/>\n\t<meta property=\"og:image:height\" content=\"1707\" \/>\n\t<meta property=\"og:image:type\" content=\"image\/jpeg\" \/>\n<meta name=\"author\" content=\"szenik\" \/>\n<meta name=\"twitter:card\" content=\"summary_large_image\" \/>\n<meta name=\"twitter:creator\" content=\"@Szenik\" \/>\n<meta name=\"twitter:site\" content=\"@Szenik\" \/>\n<meta name=\"twitter:label1\" content=\"Verfasst von\" \/>\n\t<meta name=\"twitter:data1\" content=\"szenik\" \/>\n\t<meta name=\"twitter:label2\" content=\"Gesch\u00e4tzte Lesezeit\" \/>\n\t<meta name=\"twitter:data2\" content=\"10\u00a0Minuten\" \/>\n<script type=\"application\/ld+json\" class=\"yoast-schema-graph\">{\"@context\":\"https:\/\/schema.org\",\"@graph\":[{\"@type\":\"Article\",\"@id\":\"https:\/\/www.szenik.eu\/de\/die-kulturkueche-in-karlsruhe-ein-interview-mit-der-schauspielerin-und-mitbegruenderin-galina-freund-46211#article\",\"isPartOf\":{\"@id\":\"https:\/\/www.szenik.eu\/de\/die-kulturkueche-in-karlsruhe-ein-interview-mit-der-schauspielerin-und-mitbegruenderin-galina-freund-46211\"},\"author\":{\"name\":\"szenik\",\"@id\":\"https:\/\/www.szenik.eu\/de\/#\/schema\/person\/15f73f175b41bad194837490339d48fb\"},\"headline\":\"Die Kulturk\u00fcche Karlsruhe: Ein Interview mit der Schauspielerin und Mitbegr\u00fcnderin Galina Freund\",\"datePublished\":\"2021-12-17T08:57:38+00:00\",\"dateModified\":\"2021-12-17T09:00:35+00:00\",\"mainEntityOfPage\":{\"@id\":\"https:\/\/www.szenik.eu\/de\/die-kulturkueche-in-karlsruhe-ein-interview-mit-der-schauspielerin-und-mitbegruenderin-galina-freund-46211\"},\"wordCount\":1969,\"commentCount\":0,\"publisher\":{\"@id\":\"https:\/\/www.szenik.eu\/de\/#organization\"},\"keywords\":[\"Karlsruhe\",\"Kulturk\u00fcche\"],\"articleSection\":[\"Magazin\",\"Portr\u00e4ts und Gespr\u00e4che\"],\"inLanguage\":\"de\",\"potentialAction\":[{\"@type\":\"CommentAction\",\"name\":\"Comment\",\"target\":[\"https:\/\/www.szenik.eu\/de\/die-kulturkueche-in-karlsruhe-ein-interview-mit-der-schauspielerin-und-mitbegruenderin-galina-freund-46211#respond\"]}]},{\"@type\":\"WebPage\",\"@id\":\"https:\/\/www.szenik.eu\/de\/die-kulturkueche-in-karlsruhe-ein-interview-mit-der-schauspielerin-und-mitbegruenderin-galina-freund-46211\",\"url\":\"https:\/\/www.szenik.eu\/de\/die-kulturkueche-in-karlsruhe-ein-interview-mit-der-schauspielerin-und-mitbegruenderin-galina-freund-46211\",\"name\":\"Kennen Sie schon die Kulturk\u00fcche Karlsruhe? I szenik\",\"isPartOf\":{\"@id\":\"https:\/\/www.szenik.eu\/de\/#website\"},\"datePublished\":\"2021-12-17T08:57:38+00:00\",\"dateModified\":\"2021-12-17T09:00:35+00:00\",\"description\":\"Als ein gemeinschaftlicher Ort wurde die Kulturk\u00fcche Karlsruhe 2019 ins Leben gerufen. szenik hat sich mit Galina Freund, Teammitglied, unterhalten.\",\"breadcrumb\":{\"@id\":\"https:\/\/www.szenik.eu\/de\/die-kulturkueche-in-karlsruhe-ein-interview-mit-der-schauspielerin-und-mitbegruenderin-galina-freund-46211#breadcrumb\"},\"inLanguage\":\"de\",\"potentialAction\":[{\"@type\":\"ReadAction\",\"target\":[\"https:\/\/www.szenik.eu\/de\/die-kulturkueche-in-karlsruhe-ein-interview-mit-der-schauspielerin-und-mitbegruenderin-galina-freund-46211\"]}]},{\"@type\":\"BreadcrumbList\",\"@id\":\"https:\/\/www.szenik.eu\/de\/die-kulturkueche-in-karlsruhe-ein-interview-mit-der-schauspielerin-und-mitbegruenderin-galina-freund-46211#breadcrumb\",\"itemListElement\":[{\"@type\":\"ListItem\",\"position\":1,\"name\":\"Home\",\"item\":\"https:\/\/www.szenik.eu\/de\"},{\"@type\":\"ListItem\",\"position\":2,\"name\":\"Die Kulturk\u00fcche Karlsruhe: Ein Interview mit der Schauspielerin und Mitbegr\u00fcnderin Galina Freund\"}]},{\"@type\":\"WebSite\",\"@id\":\"https:\/\/www.szenik.eu\/de\/#website\",\"url\":\"https:\/\/www.szenik.eu\/de\/\",\"name\":\"szenik\",\"description\":\"Le Meilleur des sc\u00e8nes au coeur de l&#039;Europe\",\"publisher\":{\"@id\":\"https:\/\/www.szenik.eu\/de\/#organization\"},\"potentialAction\":[{\"@type\":\"SearchAction\",\"target\":{\"@type\":\"EntryPoint\",\"urlTemplate\":\"https:\/\/www.szenik.eu\/de\/?s={search_term_string}\"},\"query-input\":\"required name=search_term_string\"}],\"inLanguage\":\"de\"},{\"@type\":\"Organization\",\"@id\":\"https:\/\/www.szenik.eu\/de\/#organization\",\"name\":\"Szenik\",\"url\":\"https:\/\/www.szenik.eu\/de\/\",\"logo\":{\"@type\":\"ImageObject\",\"inLanguage\":\"de\",\"@id\":\"https:\/\/www.szenik.eu\/de\/#\/schema\/logo\/image\/\",\"url\":\"https:\/\/www.szenik.eu\/wp-content\/uploads\/2019\/07\/logo-square.png\",\"contentUrl\":\"https:\/\/www.szenik.eu\/wp-content\/uploads\/2019\/07\/logo-square.png\",\"width\":512,\"height\":512,\"caption\":\"Szenik\"},\"image\":{\"@id\":\"https:\/\/www.szenik.eu\/de\/#\/schema\/logo\/image\/\"},\"sameAs\":[\"https:\/\/www.facebook.com\/szenik.eu\/\",\"https:\/\/twitter.com\/Szenik\",\"https:\/\/www.instagram.com\/szenik_magazine\/\",\"https:\/\/www.youtube.com\/user\/SzenikEU\/\"]},{\"@type\":\"Person\",\"@id\":\"https:\/\/www.szenik.eu\/de\/#\/schema\/person\/15f73f175b41bad194837490339d48fb\",\"name\":\"szenik\",\"image\":{\"@type\":\"ImageObject\",\"inLanguage\":\"de\",\"@id\":\"https:\/\/www.szenik.eu\/de\/#\/schema\/person\/image\/\",\"url\":\"https:\/\/secure.gravatar.com\/avatar\/d1c4f19522a624a4eaa5e6c03e22370b?s=96&d=mm&r=g\",\"contentUrl\":\"https:\/\/secure.gravatar.com\/avatar\/d1c4f19522a624a4eaa5e6c03e22370b?s=96&d=mm&r=g\",\"caption\":\"szenik\"}}]}<\/script>\n<!-- \/ Yoast SEO plugin. -->","yoast_head_json":{"title":"Kennen Sie schon die Kulturk\u00fcche Karlsruhe? I szenik","description":"Als ein gemeinschaftlicher Ort wurde die Kulturk\u00fcche Karlsruhe 2019 ins Leben gerufen. szenik hat sich mit Galina Freund, Teammitglied, unterhalten.","robots":{"index":"index","follow":"follow","max-snippet":"max-snippet:-1","max-image-preview":"max-image-preview:large","max-video-preview":"max-video-preview:-1"},"canonical":"https:\/\/www.szenik.eu\/de\/die-kulturkueche-in-karlsruhe-ein-interview-mit-der-schauspielerin-und-mitbegruenderin-galina-freund-46211","og_locale":"de_DE","og_type":"article","og_title":"Kennen Sie schon die Kulturk\u00fcche Karlsruhe? I szenik","og_description":"Als ein gemeinschaftlicher Ort wurde die Kulturk\u00fcche Karlsruhe 2019 ins Leben gerufen. szenik hat sich mit Galina Freund, Teammitglied, unterhalten.","og_url":"https:\/\/www.szenik.eu\/de\/die-kulturkueche-in-karlsruhe-ein-interview-mit-der-schauspielerin-und-mitbegruenderin-galina-freund-46211","og_site_name":"szenik","article_publisher":"https:\/\/www.facebook.com\/szenik.eu\/","article_published_time":"2021-12-17T08:57:38+00:00","article_modified_time":"2021-12-17T09:00:35+00:00","og_image":[{"width":2560,"height":1707,"url":"https:\/\/www.szenik.eu\/wp-content\/uploads\/2021\/12\/IMG_3260-1-scaled.jpeg","type":"image\/jpeg"}],"author":"szenik","twitter_card":"summary_large_image","twitter_creator":"@Szenik","twitter_site":"@Szenik","twitter_misc":{"Verfasst von":"szenik","Gesch\u00e4tzte Lesezeit":"10\u00a0Minuten"},"schema":{"@context":"https:\/\/schema.org","@graph":[{"@type":"Article","@id":"https:\/\/www.szenik.eu\/de\/die-kulturkueche-in-karlsruhe-ein-interview-mit-der-schauspielerin-und-mitbegruenderin-galina-freund-46211#article","isPartOf":{"@id":"https:\/\/www.szenik.eu\/de\/die-kulturkueche-in-karlsruhe-ein-interview-mit-der-schauspielerin-und-mitbegruenderin-galina-freund-46211"},"author":{"name":"szenik","@id":"https:\/\/www.szenik.eu\/de\/#\/schema\/person\/15f73f175b41bad194837490339d48fb"},"headline":"Die Kulturk\u00fcche Karlsruhe: Ein Interview mit der Schauspielerin und Mitbegr\u00fcnderin Galina Freund","datePublished":"2021-12-17T08:57:38+00:00","dateModified":"2021-12-17T09:00:35+00:00","mainEntityOfPage":{"@id":"https:\/\/www.szenik.eu\/de\/die-kulturkueche-in-karlsruhe-ein-interview-mit-der-schauspielerin-und-mitbegruenderin-galina-freund-46211"},"wordCount":1969,"commentCount":0,"publisher":{"@id":"https:\/\/www.szenik.eu\/de\/#organization"},"keywords":["Karlsruhe","Kulturk\u00fcche"],"articleSection":["Magazin","Portr\u00e4ts und Gespr\u00e4che"],"inLanguage":"de","potentialAction":[{"@type":"CommentAction","name":"Comment","target":["https:\/\/www.szenik.eu\/de\/die-kulturkueche-in-karlsruhe-ein-interview-mit-der-schauspielerin-und-mitbegruenderin-galina-freund-46211#respond"]}]},{"@type":"WebPage","@id":"https:\/\/www.szenik.eu\/de\/die-kulturkueche-in-karlsruhe-ein-interview-mit-der-schauspielerin-und-mitbegruenderin-galina-freund-46211","url":"https:\/\/www.szenik.eu\/de\/die-kulturkueche-in-karlsruhe-ein-interview-mit-der-schauspielerin-und-mitbegruenderin-galina-freund-46211","name":"Kennen Sie schon die Kulturk\u00fcche Karlsruhe? I szenik","isPartOf":{"@id":"https:\/\/www.szenik.eu\/de\/#website"},"datePublished":"2021-12-17T08:57:38+00:00","dateModified":"2021-12-17T09:00:35+00:00","description":"Als ein gemeinschaftlicher Ort wurde die Kulturk\u00fcche Karlsruhe 2019 ins Leben gerufen. szenik hat sich mit Galina Freund, Teammitglied, unterhalten.","breadcrumb":{"@id":"https:\/\/www.szenik.eu\/de\/die-kulturkueche-in-karlsruhe-ein-interview-mit-der-schauspielerin-und-mitbegruenderin-galina-freund-46211#breadcrumb"},"inLanguage":"de","potentialAction":[{"@type":"ReadAction","target":["https:\/\/www.szenik.eu\/de\/die-kulturkueche-in-karlsruhe-ein-interview-mit-der-schauspielerin-und-mitbegruenderin-galina-freund-46211"]}]},{"@type":"BreadcrumbList","@id":"https:\/\/www.szenik.eu\/de\/die-kulturkueche-in-karlsruhe-ein-interview-mit-der-schauspielerin-und-mitbegruenderin-galina-freund-46211#breadcrumb","itemListElement":[{"@type":"ListItem","position":1,"name":"Home","item":"https:\/\/www.szenik.eu\/de"},{"@type":"ListItem","position":2,"name":"Die Kulturk\u00fcche Karlsruhe: Ein Interview mit der Schauspielerin und Mitbegr\u00fcnderin Galina Freund"}]},{"@type":"WebSite","@id":"https:\/\/www.szenik.eu\/de\/#website","url":"https:\/\/www.szenik.eu\/de\/","name":"szenik","description":"Le Meilleur des sc\u00e8nes au coeur de l&#039;Europe","publisher":{"@id":"https:\/\/www.szenik.eu\/de\/#organization"},"potentialAction":[{"@type":"SearchAction","target":{"@type":"EntryPoint","urlTemplate":"https:\/\/www.szenik.eu\/de\/?s={search_term_string}"},"query-input":"required name=search_term_string"}],"inLanguage":"de"},{"@type":"Organization","@id":"https:\/\/www.szenik.eu\/de\/#organization","name":"Szenik","url":"https:\/\/www.szenik.eu\/de\/","logo":{"@type":"ImageObject","inLanguage":"de","@id":"https:\/\/www.szenik.eu\/de\/#\/schema\/logo\/image\/","url":"https:\/\/www.szenik.eu\/wp-content\/uploads\/2019\/07\/logo-square.png","contentUrl":"https:\/\/www.szenik.eu\/wp-content\/uploads\/2019\/07\/logo-square.png","width":512,"height":512,"caption":"Szenik"},"image":{"@id":"https:\/\/www.szenik.eu\/de\/#\/schema\/logo\/image\/"},"sameAs":["https:\/\/www.facebook.com\/szenik.eu\/","https:\/\/twitter.com\/Szenik","https:\/\/www.instagram.com\/szenik_magazine\/","https:\/\/www.youtube.com\/user\/SzenikEU\/"]},{"@type":"Person","@id":"https:\/\/www.szenik.eu\/de\/#\/schema\/person\/15f73f175b41bad194837490339d48fb","name":"szenik","image":{"@type":"ImageObject","inLanguage":"de","@id":"https:\/\/www.szenik.eu\/de\/#\/schema\/person\/image\/","url":"https:\/\/secure.gravatar.com\/avatar\/d1c4f19522a624a4eaa5e6c03e22370b?s=96&d=mm&r=g","contentUrl":"https:\/\/secure.gravatar.com\/avatar\/d1c4f19522a624a4eaa5e6c03e22370b?s=96&d=mm&r=g","caption":"szenik"}}]}},"jetpack_featured_media_url":"https:\/\/www.szenik.eu\/wp-content\/uploads\/2021\/12\/IMG_3260-1-scaled.jpeg","amp_enabled":true,"_links":{"self":[{"href":"https:\/\/www.szenik.eu\/de\/wp-json\/\/wp\/v2\/posts\/46211"}],"collection":[{"href":"https:\/\/www.szenik.eu\/de\/wp-json\/\/wp\/v2\/posts"}],"about":[{"href":"https:\/\/www.szenik.eu\/de\/wp-json\/\/wp\/v2\/types\/post"}],"author":[{"embeddable":true,"href":"https:\/\/www.szenik.eu\/de\/wp-json\/\/wp\/v2\/users\/1"}],"replies":[{"embeddable":true,"href":"https:\/\/www.szenik.eu\/de\/wp-json\/\/wp\/v2\/comments?post=46211"}],"version-history":[{"count":12,"href":"https:\/\/www.szenik.eu\/de\/wp-json\/\/wp\/v2\/posts\/46211\/revisions"}],"predecessor-version":[{"id":46269,"href":"https:\/\/www.szenik.eu\/de\/wp-json\/\/wp\/v2\/posts\/46211\/revisions\/46269"}],"wp:featuredmedia":[{"embeddable":true,"href":"https:\/\/www.szenik.eu\/de\/wp-json\/\/wp\/v2\/media\/46261"}],"wp:attachment":[{"href":"https:\/\/www.szenik.eu\/de\/wp-json\/\/wp\/v2\/media?parent=46211"}],"wp:term":[{"taxonomy":"category","embeddable":true,"href":"https:\/\/www.szenik.eu\/de\/wp-json\/\/wp\/v2\/categories?post=46211"},{"taxonomy":"post_tag","embeddable":true,"href":"https:\/\/www.szenik.eu\/de\/wp-json\/\/wp\/v2\/tags?post=46211"}],"curies":[{"name":"wp","href":"https:\/\/api.w.org\/{rel}","templated":true}]}}