{"id":46206,"date":"2021-12-15T16:23:43","date_gmt":"2021-12-15T15:23:43","guid":{"rendered":"https:\/\/www.szenik.eu\/?p=46206\/"},"modified":"2021-12-15T16:23:47","modified_gmt":"2021-12-15T15:23:47","slug":"die-online-saison-21-22-der-staatsoper-stuttgart","status":"publish","type":"post","link":"https:\/\/www.szenik.eu\/de\/die-online-saison-21-22-der-staatsoper-stuttgart-46206","title":{"rendered":"Die Online-Saison 21\/22 der Staatsoper Stuttgart"},"content":{"rendered":"\n<h2>Die Staatsoper Stuttgart bietet in der aktuellen Saison gemeinsam mit ihrem Digitalpartner, der LBBW, vier Livestreams, darunter die ersten beiden Teile des\u00a0<em>Rings<\/em>. <\/h2>\n\n\n\n<div style=\"height:100px\" aria-hidden=\"true\" class=\"wp-block-spacer\"><\/div>\n\n\n\n<p><em>Pressemitteilung<\/em><\/p>\n\n\n\n<div style=\"height:100px\" aria-hidden=\"true\" class=\"wp-block-spacer\"><\/div>\n\n\n\n<p>Gro\u00dfe Oper ganz nah, ohne Abstand und ohne Maske: Die Staatsoper Stuttgart stellt zus\u00e4tzlich zu den Auff\u00fchrungen im Opernhaus in der Spielzeit 2021\/22 wieder kostenfreie&nbsp;<strong>Livestreams&nbsp;<\/strong>zur Verf\u00fcgung: Die Neuproduktion von&nbsp;<strong><em>Das Rheingold<\/em><\/strong>, die Ende November in der Inszenierung von Stephan Kimmig im Opernhaus die Premiere vor Publikum feierte, wird am&nbsp;<strong>19. Dezember ab 18 Uhr&nbsp;<\/strong>live auf der&nbsp;<strong>Webseite der Staatsoper Stuttgart&nbsp;<\/strong>mit deutschen Untertiteln \u00fcbertragen. Neben einer Begr\u00fc\u00dfung von Intendant Viktor Schoner wird es eine Einf\u00fchrung mit dem Produktionsdramaturgen Miron Hakenbeck vor Beginn geben. Parallel zum Stream wird das Team der Staatsoper Stuttgart in den sozialen Medien weitere Hintergrundinformationen ver\u00f6ffentlichen sowie allen Interessierten Rede und Antwort stehen.<\/p>\n\n\n\n<p>Mit&nbsp;<strong><em>Die Walk\u00fcre<\/em><\/strong>, die im April 2022 in einer Neuinszenierung von drei verschiedenen Regieteams zur Auff\u00fchrung kommt, wird auch der zweite Teil von Richard Wagners&nbsp;<em>Ring des Nibelungen&nbsp;<\/em>noch in dieser Spielzeit im Internet gezeigt. Alle Livestreams werden pr\u00e4sentiert von der&nbsp;<strong>LBBW, dem Digitalpartner der Staatsoper Stuttgart<\/strong>.<\/p>\n\n\n\n<p>Weiter geplant ist in dieser Saison ein Livestream der Neuproduktionen von Engelbert Humperdincks\u00a0<strong><em>H\u00e4nsel und Gretel\u00a0<\/em><\/strong>in der Inszenierung von Axel Ranisch. Im Juni 2022 steht zudem eine Online\u00fcbertragung von Jules Massenets\u00a0<strong><em>Werther\u00a0<\/em><\/strong>auf dem Programm\u00a0\u2013\u00a0eine Neuproduktion von Felix Rothenh\u00e4usler aus der letzten Saison, deren geplanter Livestream wegen des Wasserschadens am Dach des Stuttgarter Opernhauses nicht umgesetzt werden konnte.<\/p>\n\n\n\n<div style=\"height:32px\" aria-hidden=\"true\" class=\"wp-block-spacer\"><\/div>\n\n\n\n<blockquote class=\"wp-block-quote\"><p> \u201eNicht\u00a0erst Corona hat es eindr\u00fccklich vor Augen gef\u00fchrt: Das Internet ist eine der wichtigsten Spielst\u00e4tten der Staatsoper Stuttgart geworden. \u00dcber eine Million Mal wurden die Angebote des vielf\u00e4ltigen Digitalprogramms seit M\u00e4rz 2020 angeklickt\u00a0\u2013\u00a0und diese Linie soll auch w\u00e4hrend des regul\u00e4ren Spielbetriebs fortgef\u00fchrt werden\u00a0\u2013 kostenlos und niederschwellig.\u201c<\/p><cite>Johannes Lachermeier, Direktor Kommunikation der Staatsoper Stuttgart<\/cite><\/blockquote>\n\n\n\n<div style=\"height:36px\" aria-hidden=\"true\" class=\"wp-block-spacer\"><\/div>\n\n\n\n<p>Die genauen Daten f\u00fcr die einzelnen Livestreams werden zu einem sp\u00e4teren Zeitpunkt bekannt gegeben. Alle Streams verf\u00fcgbar unter\u00a0<strong><em><a rel=\"noreferrer noopener\" aria-label=\"www.staatsoper- stuttgart.de\/live (opens in a new tab)\" href=\"https:\/\/www.staatsoper-stuttgart.de\/service\/live\/\" target=\"_blank\">www.staatsoper- stuttgart.de\/live<\/a><\/em><\/strong><\/p>\n\n\n\n<div style=\"height:100px\" aria-hidden=\"true\" class=\"wp-block-spacer\"><\/div>\n\n\n\n<div class=\"wp-block-button aligncenter\"><a class=\"wp-block-button__link has-text-color has-very-dark-gray-color has-background has-luminous-vivid-amber-background-color\" href=\"https:\/\/www.staatsoper-stuttgart.de\/service\/live\/\" target=\"_blank\" rel=\"noreferrer noopener\">Zur Webseite der Staatsoper Stuttgart<\/a><\/div>\n\n\n\n<div style=\"height:100px\" aria-hidden=\"true\" class=\"wp-block-spacer\"><\/div>\n\n\n\n<p class=\"has-small-font-size\">Foto: M. Baus<\/p>\n\n\n\n<div style=\"height:100px\" aria-hidden=\"true\" class=\"wp-block-spacer\"><\/div>\n","protected":false},"excerpt":{"rendered":"<p>Die Staatsoper Stuttgart bietet in der aktuellen Saison gemeinsam mit ihrem Digitalpartner, der LBBW, vier Livestreams, darunter die ersten beiden Teile des\u00a0Rings. Pressemitteilung Gro\u00dfe Oper ganz nah, ohne Abstand und ohne Maske: Die Staatsoper Stuttgart stellt zus\u00e4tzlich zu den Auff\u00fchrungen im Opernhaus in der Spielzeit 2021\/22 wieder kostenfreie&nbsp;Livestreams&nbsp;zur Verf\u00fcgung: Die Neuproduktion von&nbsp;Das Rheingold, die Ende [&hellip;]<\/p>\n","protected":false},"author":1,"featured_media":44839,"comment_status":"open","ping_status":"open","sticky":false,"template":"","format":"standard","meta":{"_monsterinsights_skip_tracking":false,"_monsterinsights_sitenote_active":false,"_monsterinsights_sitenote_note":"","_monsterinsights_sitenote_category":0},"categories":[2815,53,10359],"tags":[6308],"yoast_head":"<!-- This site is optimized with the Yoast SEO plugin v20.5 - https:\/\/yoast.com\/wordpress\/plugins\/seo\/ -->\n<title>Die Online-Saison 21\/22 der Staatsoper Stuttgart I szenik<\/title>\n<meta name=\"description\" content=\"Die Staatsoper Stuttgart bietet gemeinsam mit ihrem Digitalpartner, der LBBW, vier Livestreams, darunter die ersten beiden Teile des Rings.\" \/>\n<meta name=\"robots\" content=\"index, follow, max-snippet:-1, max-image-preview:large, max-video-preview:-1\" \/>\n<link rel=\"canonical\" href=\"https:\/\/www.szenik.eu\/de\/die-online-saison-21-22-der-staatsoper-stuttgart-46206\" \/>\n<meta property=\"og:locale\" content=\"de_DE\" \/>\n<meta property=\"og:type\" content=\"article\" \/>\n<meta property=\"og:title\" content=\"Die Online-Saison 21\/22 der Staatsoper Stuttgart I szenik\" \/>\n<meta property=\"og:description\" content=\"Die Staatsoper Stuttgart bietet gemeinsam mit ihrem Digitalpartner, der LBBW, vier Livestreams, darunter die ersten beiden Teile des Rings.\" \/>\n<meta property=\"og:url\" content=\"https:\/\/www.szenik.eu\/de\/die-online-saison-21-22-der-staatsoper-stuttgart-46206\" \/>\n<meta property=\"og:site_name\" content=\"szenik\" \/>\n<meta property=\"article:publisher\" content=\"https:\/\/www.facebook.com\/szenik.eu\/\" \/>\n<meta property=\"article:published_time\" content=\"2021-12-15T15:23:43+00:00\" \/>\n<meta property=\"article:modified_time\" content=\"2021-12-15T15:23:47+00:00\" \/>\n<meta property=\"og:image\" content=\"https:\/\/www.szenik.eu\/wp-content\/uploads\/2021\/11\/Capture-d\u2019\u00e9cran-2021-02-10-\u00e0-13.31.36.png\" \/>\n\t<meta property=\"og:image:width\" content=\"897\" \/>\n\t<meta property=\"og:image:height\" content=\"646\" \/>\n\t<meta property=\"og:image:type\" content=\"image\/png\" \/>\n<meta name=\"author\" content=\"szenik\" \/>\n<meta name=\"twitter:card\" content=\"summary_large_image\" \/>\n<meta name=\"twitter:creator\" content=\"@Szenik\" \/>\n<meta name=\"twitter:site\" content=\"@Szenik\" \/>\n<meta name=\"twitter:label1\" content=\"Verfasst von\" \/>\n\t<meta name=\"twitter:data1\" content=\"szenik\" \/>\n\t<meta name=\"twitter:label2\" content=\"Gesch\u00e4tzte Lesezeit\" \/>\n\t<meta name=\"twitter:data2\" content=\"2\u00a0Minuten\" \/>\n<script type=\"application\/ld+json\" class=\"yoast-schema-graph\">{\"@context\":\"https:\/\/schema.org\",\"@graph\":[{\"@type\":\"Article\",\"@id\":\"https:\/\/www.szenik.eu\/de\/die-online-saison-21-22-der-staatsoper-stuttgart-46206#article\",\"isPartOf\":{\"@id\":\"https:\/\/www.szenik.eu\/de\/die-online-saison-21-22-der-staatsoper-stuttgart-46206\"},\"author\":{\"name\":\"szenik\",\"@id\":\"https:\/\/www.szenik.eu\/de\/#\/schema\/person\/15f73f175b41bad194837490339d48fb\"},\"headline\":\"Die Online-Saison 21\/22 der Staatsoper Stuttgart\",\"datePublished\":\"2021-12-15T15:23:43+00:00\",\"dateModified\":\"2021-12-15T15:23:47+00:00\",\"mainEntityOfPage\":{\"@id\":\"https:\/\/www.szenik.eu\/de\/die-online-saison-21-22-der-staatsoper-stuttgart-46206\"},\"wordCount\":360,\"commentCount\":0,\"publisher\":{\"@id\":\"https:\/\/www.szenik.eu\/de\/#organization\"},\"keywords\":[\"Staatsoper Stuttgart\"],\"articleSection\":[\"Kurz &amp; knackig\",\"Magazin\",\"TV \/ Streaming\"],\"inLanguage\":\"de\",\"potentialAction\":[{\"@type\":\"CommentAction\",\"name\":\"Comment\",\"target\":[\"https:\/\/www.szenik.eu\/de\/die-online-saison-21-22-der-staatsoper-stuttgart-46206#respond\"]}]},{\"@type\":\"WebPage\",\"@id\":\"https:\/\/www.szenik.eu\/de\/die-online-saison-21-22-der-staatsoper-stuttgart-46206\",\"url\":\"https:\/\/www.szenik.eu\/de\/die-online-saison-21-22-der-staatsoper-stuttgart-46206\",\"name\":\"Die Online-Saison 21\/22 der Staatsoper Stuttgart I szenik\",\"isPartOf\":{\"@id\":\"https:\/\/www.szenik.eu\/de\/#website\"},\"datePublished\":\"2021-12-15T15:23:43+00:00\",\"dateModified\":\"2021-12-15T15:23:47+00:00\",\"description\":\"Die Staatsoper Stuttgart bietet gemeinsam mit ihrem Digitalpartner, der LBBW, vier Livestreams, darunter die ersten beiden Teile des Rings.\",\"breadcrumb\":{\"@id\":\"https:\/\/www.szenik.eu\/de\/die-online-saison-21-22-der-staatsoper-stuttgart-46206#breadcrumb\"},\"inLanguage\":\"de\",\"potentialAction\":[{\"@type\":\"ReadAction\",\"target\":[\"https:\/\/www.szenik.eu\/de\/die-online-saison-21-22-der-staatsoper-stuttgart-46206\"]}]},{\"@type\":\"BreadcrumbList\",\"@id\":\"https:\/\/www.szenik.eu\/de\/die-online-saison-21-22-der-staatsoper-stuttgart-46206#breadcrumb\",\"itemListElement\":[{\"@type\":\"ListItem\",\"position\":1,\"name\":\"Home\",\"item\":\"https:\/\/www.szenik.eu\/de\"},{\"@type\":\"ListItem\",\"position\":2,\"name\":\"Die Online-Saison 21\/22 der Staatsoper Stuttgart\"}]},{\"@type\":\"WebSite\",\"@id\":\"https:\/\/www.szenik.eu\/de\/#website\",\"url\":\"https:\/\/www.szenik.eu\/de\/\",\"name\":\"szenik\",\"description\":\"Le Meilleur des sc\u00e8nes au coeur de l&#039;Europe\",\"publisher\":{\"@id\":\"https:\/\/www.szenik.eu\/de\/#organization\"},\"potentialAction\":[{\"@type\":\"SearchAction\",\"target\":{\"@type\":\"EntryPoint\",\"urlTemplate\":\"https:\/\/www.szenik.eu\/de\/?s={search_term_string}\"},\"query-input\":\"required name=search_term_string\"}],\"inLanguage\":\"de\"},{\"@type\":\"Organization\",\"@id\":\"https:\/\/www.szenik.eu\/de\/#organization\",\"name\":\"Szenik\",\"url\":\"https:\/\/www.szenik.eu\/de\/\",\"logo\":{\"@type\":\"ImageObject\",\"inLanguage\":\"de\",\"@id\":\"https:\/\/www.szenik.eu\/de\/#\/schema\/logo\/image\/\",\"url\":\"https:\/\/www.szenik.eu\/wp-content\/uploads\/2019\/07\/logo-square.png\",\"contentUrl\":\"https:\/\/www.szenik.eu\/wp-content\/uploads\/2019\/07\/logo-square.png\",\"width\":512,\"height\":512,\"caption\":\"Szenik\"},\"image\":{\"@id\":\"https:\/\/www.szenik.eu\/de\/#\/schema\/logo\/image\/\"},\"sameAs\":[\"https:\/\/www.facebook.com\/szenik.eu\/\",\"https:\/\/twitter.com\/Szenik\",\"https:\/\/www.instagram.com\/szenik_magazine\/\",\"https:\/\/www.youtube.com\/user\/SzenikEU\/\"]},{\"@type\":\"Person\",\"@id\":\"https:\/\/www.szenik.eu\/de\/#\/schema\/person\/15f73f175b41bad194837490339d48fb\",\"name\":\"szenik\",\"image\":{\"@type\":\"ImageObject\",\"inLanguage\":\"de\",\"@id\":\"https:\/\/www.szenik.eu\/de\/#\/schema\/person\/image\/\",\"url\":\"https:\/\/secure.gravatar.com\/avatar\/d1c4f19522a624a4eaa5e6c03e22370b?s=96&d=mm&r=g\",\"contentUrl\":\"https:\/\/secure.gravatar.com\/avatar\/d1c4f19522a624a4eaa5e6c03e22370b?s=96&d=mm&r=g\",\"caption\":\"szenik\"}}]}<\/script>\n<!-- \/ Yoast SEO plugin. -->","yoast_head_json":{"title":"Die Online-Saison 21\/22 der Staatsoper Stuttgart I szenik","description":"Die Staatsoper Stuttgart bietet gemeinsam mit ihrem Digitalpartner, der LBBW, vier Livestreams, darunter die ersten beiden Teile des Rings.","robots":{"index":"index","follow":"follow","max-snippet":"max-snippet:-1","max-image-preview":"max-image-preview:large","max-video-preview":"max-video-preview:-1"},"canonical":"https:\/\/www.szenik.eu\/de\/die-online-saison-21-22-der-staatsoper-stuttgart-46206","og_locale":"de_DE","og_type":"article","og_title":"Die Online-Saison 21\/22 der Staatsoper Stuttgart I szenik","og_description":"Die Staatsoper Stuttgart bietet gemeinsam mit ihrem Digitalpartner, der LBBW, vier Livestreams, darunter die ersten beiden Teile des Rings.","og_url":"https:\/\/www.szenik.eu\/de\/die-online-saison-21-22-der-staatsoper-stuttgart-46206","og_site_name":"szenik","article_publisher":"https:\/\/www.facebook.com\/szenik.eu\/","article_published_time":"2021-12-15T15:23:43+00:00","article_modified_time":"2021-12-15T15:23:47+00:00","og_image":[{"width":897,"height":646,"url":"https:\/\/www.szenik.eu\/wp-content\/uploads\/2021\/11\/Capture-d\u2019\u00e9cran-2021-02-10-\u00e0-13.31.36.png","type":"image\/png"}],"author":"szenik","twitter_card":"summary_large_image","twitter_creator":"@Szenik","twitter_site":"@Szenik","twitter_misc":{"Verfasst von":"szenik","Gesch\u00e4tzte Lesezeit":"2\u00a0Minuten"},"schema":{"@context":"https:\/\/schema.org","@graph":[{"@type":"Article","@id":"https:\/\/www.szenik.eu\/de\/die-online-saison-21-22-der-staatsoper-stuttgart-46206#article","isPartOf":{"@id":"https:\/\/www.szenik.eu\/de\/die-online-saison-21-22-der-staatsoper-stuttgart-46206"},"author":{"name":"szenik","@id":"https:\/\/www.szenik.eu\/de\/#\/schema\/person\/15f73f175b41bad194837490339d48fb"},"headline":"Die Online-Saison 21\/22 der Staatsoper Stuttgart","datePublished":"2021-12-15T15:23:43+00:00","dateModified":"2021-12-15T15:23:47+00:00","mainEntityOfPage":{"@id":"https:\/\/www.szenik.eu\/de\/die-online-saison-21-22-der-staatsoper-stuttgart-46206"},"wordCount":360,"commentCount":0,"publisher":{"@id":"https:\/\/www.szenik.eu\/de\/#organization"},"keywords":["Staatsoper Stuttgart"],"articleSection":["Kurz &amp; knackig","Magazin","TV \/ Streaming"],"inLanguage":"de","potentialAction":[{"@type":"CommentAction","name":"Comment","target":["https:\/\/www.szenik.eu\/de\/die-online-saison-21-22-der-staatsoper-stuttgart-46206#respond"]}]},{"@type":"WebPage","@id":"https:\/\/www.szenik.eu\/de\/die-online-saison-21-22-der-staatsoper-stuttgart-46206","url":"https:\/\/www.szenik.eu\/de\/die-online-saison-21-22-der-staatsoper-stuttgart-46206","name":"Die Online-Saison 21\/22 der Staatsoper Stuttgart I szenik","isPartOf":{"@id":"https:\/\/www.szenik.eu\/de\/#website"},"datePublished":"2021-12-15T15:23:43+00:00","dateModified":"2021-12-15T15:23:47+00:00","description":"Die Staatsoper Stuttgart bietet gemeinsam mit ihrem Digitalpartner, der LBBW, vier Livestreams, darunter die ersten beiden Teile des Rings.","breadcrumb":{"@id":"https:\/\/www.szenik.eu\/de\/die-online-saison-21-22-der-staatsoper-stuttgart-46206#breadcrumb"},"inLanguage":"de","potentialAction":[{"@type":"ReadAction","target":["https:\/\/www.szenik.eu\/de\/die-online-saison-21-22-der-staatsoper-stuttgart-46206"]}]},{"@type":"BreadcrumbList","@id":"https:\/\/www.szenik.eu\/de\/die-online-saison-21-22-der-staatsoper-stuttgart-46206#breadcrumb","itemListElement":[{"@type":"ListItem","position":1,"name":"Home","item":"https:\/\/www.szenik.eu\/de"},{"@type":"ListItem","position":2,"name":"Die Online-Saison 21\/22 der Staatsoper Stuttgart"}]},{"@type":"WebSite","@id":"https:\/\/www.szenik.eu\/de\/#website","url":"https:\/\/www.szenik.eu\/de\/","name":"szenik","description":"Le Meilleur des sc\u00e8nes au coeur de l&#039;Europe","publisher":{"@id":"https:\/\/www.szenik.eu\/de\/#organization"},"potentialAction":[{"@type":"SearchAction","target":{"@type":"EntryPoint","urlTemplate":"https:\/\/www.szenik.eu\/de\/?s={search_term_string}"},"query-input":"required name=search_term_string"}],"inLanguage":"de"},{"@type":"Organization","@id":"https:\/\/www.szenik.eu\/de\/#organization","name":"Szenik","url":"https:\/\/www.szenik.eu\/de\/","logo":{"@type":"ImageObject","inLanguage":"de","@id":"https:\/\/www.szenik.eu\/de\/#\/schema\/logo\/image\/","url":"https:\/\/www.szenik.eu\/wp-content\/uploads\/2019\/07\/logo-square.png","contentUrl":"https:\/\/www.szenik.eu\/wp-content\/uploads\/2019\/07\/logo-square.png","width":512,"height":512,"caption":"Szenik"},"image":{"@id":"https:\/\/www.szenik.eu\/de\/#\/schema\/logo\/image\/"},"sameAs":["https:\/\/www.facebook.com\/szenik.eu\/","https:\/\/twitter.com\/Szenik","https:\/\/www.instagram.com\/szenik_magazine\/","https:\/\/www.youtube.com\/user\/SzenikEU\/"]},{"@type":"Person","@id":"https:\/\/www.szenik.eu\/de\/#\/schema\/person\/15f73f175b41bad194837490339d48fb","name":"szenik","image":{"@type":"ImageObject","inLanguage":"de","@id":"https:\/\/www.szenik.eu\/de\/#\/schema\/person\/image\/","url":"https:\/\/secure.gravatar.com\/avatar\/d1c4f19522a624a4eaa5e6c03e22370b?s=96&d=mm&r=g","contentUrl":"https:\/\/secure.gravatar.com\/avatar\/d1c4f19522a624a4eaa5e6c03e22370b?s=96&d=mm&r=g","caption":"szenik"}}]}},"jetpack_featured_media_url":"https:\/\/www.szenik.eu\/wp-content\/uploads\/2021\/11\/Capture-d\u2019\u00e9cran-2021-02-10-\u00e0-13.31.36.png","amp_enabled":true,"_links":{"self":[{"href":"https:\/\/www.szenik.eu\/de\/wp-json\/\/wp\/v2\/posts\/46206"}],"collection":[{"href":"https:\/\/www.szenik.eu\/de\/wp-json\/\/wp\/v2\/posts"}],"about":[{"href":"https:\/\/www.szenik.eu\/de\/wp-json\/\/wp\/v2\/types\/post"}],"author":[{"embeddable":true,"href":"https:\/\/www.szenik.eu\/de\/wp-json\/\/wp\/v2\/users\/1"}],"replies":[{"embeddable":true,"href":"https:\/\/www.szenik.eu\/de\/wp-json\/\/wp\/v2\/comments?post=46206"}],"version-history":[{"count":1,"href":"https:\/\/www.szenik.eu\/de\/wp-json\/\/wp\/v2\/posts\/46206\/revisions"}],"predecessor-version":[{"id":46207,"href":"https:\/\/www.szenik.eu\/de\/wp-json\/\/wp\/v2\/posts\/46206\/revisions\/46207"}],"wp:featuredmedia":[{"embeddable":true,"href":"https:\/\/www.szenik.eu\/de\/wp-json\/\/wp\/v2\/media\/44839"}],"wp:attachment":[{"href":"https:\/\/www.szenik.eu\/de\/wp-json\/\/wp\/v2\/media?parent=46206"}],"wp:term":[{"taxonomy":"category","embeddable":true,"href":"https:\/\/www.szenik.eu\/de\/wp-json\/\/wp\/v2\/categories?post=46206"},{"taxonomy":"post_tag","embeddable":true,"href":"https:\/\/www.szenik.eu\/de\/wp-json\/\/wp\/v2\/tags?post=46206"}],"curies":[{"name":"wp","href":"https:\/\/api.w.org\/{rel}","templated":true}]}}