{"id":45954,"date":"2021-12-09T11:29:00","date_gmt":"2021-12-09T10:29:00","guid":{"rendered":"https:\/\/www.szenik.eu\/?p=45954\/"},"modified":"2021-12-09T11:29:04","modified_gmt":"2021-12-09T10:29:04","slug":"titus-engel-wird-neuer-principal-conductor-der-basel-sinfonietta","status":"publish","type":"post","link":"https:\/\/www.szenik.eu\/de\/titus-engel-wird-neuer-principal-conductor-der-basel-sinfonietta-45954","title":{"rendered":"Titus Engel wird neuer Principal Conductor der Basel Sinfonietta"},"content":{"rendered":"\n<h2>Der Schweizer Dirigent Titus Engel wird ab der Saison 2023\/24 als Principal Conductor der Basel Sinfonietta die Leitung des weltweit einzigen grossen Orchesters f\u00fcr zeitgen\u00f6ssische Musik \u00fcbernehmen. Die Wahl erfolgte Anfang Dezember in einer basisdemokratischen Abstimmung unter den Mitgliedern des in Basel beheimateten Orchesters. Damit wird er Baldur Br\u00f6nnimann abl\u00f6sen, der seit der Saison 2016\/17 der Basel Sinfonietta als erster Principal Conductor in der Geschichte des Orchesters vorsteht.<\/h2>\n\n\n\n<div style=\"height:100px\" aria-hidden=\"true\" class=\"wp-block-spacer\"><\/div>\n\n\n\n<p><em>Pressemitteilung<\/em><\/p>\n\n\n\n<div style=\"height:100px\" aria-hidden=\"true\" class=\"wp-block-spacer\"><\/div>\n\n\n\n<p>Titus Engel wurde 2020 vom Magazin Opernwelt zum Dirigenten des Jahres gek\u00fcrt. Durch seinen umfassenden Blick auf das Repertoire verschiedenster Epochen begreift er Werke stets in ihrer vielf\u00e4ltigen Beziehungshaftigkeit. Er ist ein Verfechter innovativer Konzertformate. Gesch\u00e4tzt f\u00fcr seine Expertise auf dem Gebiet historischer Auff\u00fchrungspraxis ebenso wie f\u00fcr seine pr\u00e4zisen Dirigate komplexer zeitgen\u00f6ssischer Projekte, ist der in Berlin ans\u00e4ssige geborene Z\u00fcrcher regelm\u00e4ssig auch mit zentralen Werken der Opernliteratur zu erleben. Eine enge Zusammenarbeit verbindet ihn mit der Oper Frankfurt, der Oper Stuttgart, dem Theater Basel, dem Grand Th\u00e9\u00e2tre de Gen\u00e8ve und der Op\u00e9ra de Lyon. Immer bereit, in der Auseinandersetzung mit szenischen Konzepten am Pult neue Wege zu beschreiten, versteht er Musiktheater als Experimentierfeld, auf dem gesellschaftliche Utopien gedeihen k\u00f6nnen.<\/p>\n\n\n\n<div style=\"height:20px\" aria-hidden=\"true\" class=\"wp-block-spacer\"><\/div>\n\n\n\n<blockquote class=\"wp-block-quote\"><p>\u00abIch freue mich sehr darauf, die Position des Principal Conductor ab der Saison 2023\/24 zu \u00fcbernehmen und danke den Mitgliedern der Basel Sinfonietta f\u00fcr ihr Vertrauen. Ich m\u00f6chte gemeinsam mit diesen grossartigen Musikerinnen und Musikern Projekte realisieren, die zeigen, wie packend und vielseitig die Musik unserer Zeit ist. Es geht mir darum, besondere Konzerte f\u00fcr ein breites Publikum zu entwickeln und gleichzeitig die internationale Ausstrahlung der Basel Sinfonietta zu intensivieren. Ich freue mich ebenfalls sehr auf eine enge Zusammenarbeit mit den Komponistinnen und Komponisten sowie den zahlreichen der Moderne zugeneigten Institutionen in Basel.\u00bb<\/p><cite>Titus Engel <\/cite><\/blockquote>\n\n\n\n<div style=\"height:20px\" aria-hidden=\"true\" class=\"wp-block-spacer\"><\/div>\n\n\n\n<p>Franziska N\u00e9meti-Mosimann, Pr\u00e4sidentin des Orchestervorstands der Basel Sinfonietta: \u00abTitus Engel als neuer Principal Conductor in der Nachfolge von Baldur Br\u00f6nnimann ist ein Gl\u00fccksfall f\u00fcr das Orchester. Die bisherigen Gelegenheiten zur Zusammenarbeit im Rahmen vergangener Konzerte haben bewiesen, dass die Chemie zwischen dem Orchester und Titus Engel stimmt. Wir freuen uns, von seinem Erfahrungsschatz im Bereich des zeitgen\u00f6ssischen Repertoires und innovativer Konzertformate, die ja die DNA der Basel Sinfonietta ausmachen, profitieren zu k\u00f6nnen.\u00bb<\/p>\n\n\n\n<p>Die Basel Sinfonietta freut sich darauf, mit Titus Engel den bereits mit seinem Vorg\u00e4nger Baldur Br\u00f6nnimann eingeschlagenen Weg weiterzugehen. Getragen vom Anspruch, durch Kompositionsauftr\u00e4ge, Urauff\u00fchrungen und Schweizer Erstauff\u00fchrungen Musik am Puls der Zeit zur Auff\u00fchrung zu bringen, weitet die Basel Sinfonietta seit ihrer Gr\u00fcndung im Jahr 1980 den Rahmen der klassischen Konzertkonventionen und l\u00e4sst mit gewagten Programmen voller zeitgen\u00f6ssischer Musik international aufhorchen.<\/p>\n\n\n\n<p>Baldur Br\u00f6nnimann wurde von der Basel Sinfonietta zur Saison 2016\/17 als erster Principal Conductor in der Geschichte des Orchesters berufen. Mit seinem unabl\u00e4ssigen Einsatz und seiner F\u00e4higkeit, ein breites Publikum in Basel und dar\u00fcber hinaus f\u00fcr zeitgen\u00f6ssische Musik zu interessieren, hat der Schweizer dazu beigetragen, das Orchester weiter zu entwickeln und dessen Profil zu sch\u00e4rfen.<\/p>\n\n\n\n<div style=\"height:100px\" aria-hidden=\"true\" class=\"wp-block-spacer\"><\/div>\n\n\n\n<div class=\"wp-block-button aligncenter\"><a class=\"wp-block-button__link has-text-color has-very-dark-gray-color has-background has-luminous-vivid-amber-background-color\" href=\"https:\/\/baselsinfonietta.ch\/de\/\" target=\"_blank\" rel=\"noreferrer noopener\">Zur Webseite der Basel Sinfonietta<\/a><\/div>\n\n\n\n<div style=\"height:100px\" aria-hidden=\"true\" class=\"wp-block-spacer\"><\/div>\n\n\n\n<p class=\"has-small-font-size\">Foto: M. Doradzillo<\/p>\n\n\n\n<div style=\"height:100px\" aria-hidden=\"true\" class=\"wp-block-spacer\"><\/div>\n","protected":false},"excerpt":{"rendered":"<p>Der Schweizer Dirigent Titus Engel wird ab der Saison 2023\/24 als Principal Conductor der Basel Sinfonietta die Leitung des weltweit einzigen grossen Orchesters f\u00fcr zeitgen\u00f6ssische Musik \u00fcbernehmen. Die Wahl erfolgte Anfang Dezember in einer basisdemokratischen Abstimmung unter den Mitgliedern des in Basel beheimateten Orchesters. Damit wird er Baldur Br\u00f6nnimann abl\u00f6sen, der seit der Saison 2016\/17 [&hellip;]<\/p>\n","protected":false},"author":1,"featured_media":45957,"comment_status":"open","ping_status":"open","sticky":false,"template":"","format":"standard","meta":{"_monsterinsights_skip_tracking":false,"_monsterinsights_sitenote_active":false,"_monsterinsights_sitenote_note":"","_monsterinsights_sitenote_category":0},"categories":[2815,53],"tags":[6797,15597],"yoast_head":"<!-- This site is optimized with the Yoast SEO plugin v20.5 - https:\/\/yoast.com\/wordpress\/plugins\/seo\/ -->\n<title>Titus Engel wird neuer Principal Conductor der Basel Sinfonietta I szenik<\/title>\n<meta name=\"description\" content=\"Titus Engel wird ab der Saison 23\/24 als Principal Conductor die Leitung des weltweit einzigen Orchesters f\u00fcr zeitgen\u00f6ssische Musik \u00fcbernehmen.\" \/>\n<meta name=\"robots\" content=\"index, follow, max-snippet:-1, max-image-preview:large, max-video-preview:-1\" \/>\n<link rel=\"canonical\" href=\"https:\/\/www.szenik.eu\/de\/titus-engel-wird-neuer-principal-conductor-der-basel-sinfonietta-45954\" \/>\n<meta property=\"og:locale\" content=\"de_DE\" \/>\n<meta property=\"og:type\" content=\"article\" \/>\n<meta property=\"og:title\" content=\"Titus Engel wird neuer Principal Conductor der Basel Sinfonietta I szenik\" \/>\n<meta property=\"og:description\" content=\"Titus Engel wird ab der Saison 23\/24 als Principal Conductor die Leitung des weltweit einzigen Orchesters f\u00fcr zeitgen\u00f6ssische Musik \u00fcbernehmen.\" \/>\n<meta property=\"og:url\" content=\"https:\/\/www.szenik.eu\/de\/titus-engel-wird-neuer-principal-conductor-der-basel-sinfonietta-45954\" \/>\n<meta property=\"og:site_name\" content=\"szenik\" \/>\n<meta property=\"article:publisher\" content=\"https:\/\/www.facebook.com\/szenik.eu\/\" \/>\n<meta property=\"article:published_time\" content=\"2021-12-09T10:29:00+00:00\" \/>\n<meta property=\"article:modified_time\" content=\"2021-12-09T10:29:04+00:00\" \/>\n<meta property=\"og:image\" content=\"https:\/\/www.szenik.eu\/wp-content\/uploads\/2021\/12\/Capture-d\u2019\u00e9cran-2021-12-09-\u00e0-11.25.28.png\" \/>\n\t<meta property=\"og:image:width\" content=\"1092\" \/>\n\t<meta property=\"og:image:height\" content=\"704\" \/>\n\t<meta property=\"og:image:type\" content=\"image\/png\" \/>\n<meta name=\"author\" content=\"szenik\" \/>\n<meta name=\"twitter:card\" content=\"summary_large_image\" \/>\n<meta name=\"twitter:creator\" content=\"@Szenik\" \/>\n<meta name=\"twitter:site\" content=\"@Szenik\" \/>\n<meta name=\"twitter:label1\" content=\"Verfasst von\" \/>\n\t<meta name=\"twitter:data1\" content=\"szenik\" \/>\n\t<meta name=\"twitter:label2\" content=\"Gesch\u00e4tzte Lesezeit\" \/>\n\t<meta name=\"twitter:data2\" content=\"3\u00a0Minuten\" \/>\n<script type=\"application\/ld+json\" class=\"yoast-schema-graph\">{\"@context\":\"https:\/\/schema.org\",\"@graph\":[{\"@type\":\"Article\",\"@id\":\"https:\/\/www.szenik.eu\/de\/titus-engel-wird-neuer-principal-conductor-der-basel-sinfonietta-45954#article\",\"isPartOf\":{\"@id\":\"https:\/\/www.szenik.eu\/de\/titus-engel-wird-neuer-principal-conductor-der-basel-sinfonietta-45954\"},\"author\":{\"name\":\"szenik\",\"@id\":\"https:\/\/www.szenik.eu\/de\/#\/schema\/person\/15f73f175b41bad194837490339d48fb\"},\"headline\":\"Titus Engel wird neuer Principal Conductor der Basel Sinfonietta\",\"datePublished\":\"2021-12-09T10:29:00+00:00\",\"dateModified\":\"2021-12-09T10:29:04+00:00\",\"mainEntityOfPage\":{\"@id\":\"https:\/\/www.szenik.eu\/de\/titus-engel-wird-neuer-principal-conductor-der-basel-sinfonietta-45954\"},\"wordCount\":528,\"commentCount\":0,\"publisher\":{\"@id\":\"https:\/\/www.szenik.eu\/de\/#organization\"},\"keywords\":[\"Basel Sinfonietta\",\"Titus Engel\"],\"articleSection\":[\"Kurz &amp; knackig\",\"Magazin\"],\"inLanguage\":\"de\",\"potentialAction\":[{\"@type\":\"CommentAction\",\"name\":\"Comment\",\"target\":[\"https:\/\/www.szenik.eu\/de\/titus-engel-wird-neuer-principal-conductor-der-basel-sinfonietta-45954#respond\"]}]},{\"@type\":\"WebPage\",\"@id\":\"https:\/\/www.szenik.eu\/de\/titus-engel-wird-neuer-principal-conductor-der-basel-sinfonietta-45954\",\"url\":\"https:\/\/www.szenik.eu\/de\/titus-engel-wird-neuer-principal-conductor-der-basel-sinfonietta-45954\",\"name\":\"Titus Engel wird neuer Principal Conductor der Basel Sinfonietta I szenik\",\"isPartOf\":{\"@id\":\"https:\/\/www.szenik.eu\/de\/#website\"},\"datePublished\":\"2021-12-09T10:29:00+00:00\",\"dateModified\":\"2021-12-09T10:29:04+00:00\",\"description\":\"Titus Engel wird ab der Saison 23\/24 als Principal Conductor die Leitung des weltweit einzigen Orchesters f\u00fcr zeitgen\u00f6ssische Musik \u00fcbernehmen.\",\"breadcrumb\":{\"@id\":\"https:\/\/www.szenik.eu\/de\/titus-engel-wird-neuer-principal-conductor-der-basel-sinfonietta-45954#breadcrumb\"},\"inLanguage\":\"de\",\"potentialAction\":[{\"@type\":\"ReadAction\",\"target\":[\"https:\/\/www.szenik.eu\/de\/titus-engel-wird-neuer-principal-conductor-der-basel-sinfonietta-45954\"]}]},{\"@type\":\"BreadcrumbList\",\"@id\":\"https:\/\/www.szenik.eu\/de\/titus-engel-wird-neuer-principal-conductor-der-basel-sinfonietta-45954#breadcrumb\",\"itemListElement\":[{\"@type\":\"ListItem\",\"position\":1,\"name\":\"Home\",\"item\":\"https:\/\/www.szenik.eu\/de\"},{\"@type\":\"ListItem\",\"position\":2,\"name\":\"Titus Engel wird neuer Principal Conductor der Basel Sinfonietta\"}]},{\"@type\":\"WebSite\",\"@id\":\"https:\/\/www.szenik.eu\/de\/#website\",\"url\":\"https:\/\/www.szenik.eu\/de\/\",\"name\":\"szenik\",\"description\":\"Le Meilleur des sc\u00e8nes au coeur de l&#039;Europe\",\"publisher\":{\"@id\":\"https:\/\/www.szenik.eu\/de\/#organization\"},\"potentialAction\":[{\"@type\":\"SearchAction\",\"target\":{\"@type\":\"EntryPoint\",\"urlTemplate\":\"https:\/\/www.szenik.eu\/de\/?s={search_term_string}\"},\"query-input\":\"required name=search_term_string\"}],\"inLanguage\":\"de\"},{\"@type\":\"Organization\",\"@id\":\"https:\/\/www.szenik.eu\/de\/#organization\",\"name\":\"Szenik\",\"url\":\"https:\/\/www.szenik.eu\/de\/\",\"logo\":{\"@type\":\"ImageObject\",\"inLanguage\":\"de\",\"@id\":\"https:\/\/www.szenik.eu\/de\/#\/schema\/logo\/image\/\",\"url\":\"https:\/\/www.szenik.eu\/wp-content\/uploads\/2019\/07\/logo-square.png\",\"contentUrl\":\"https:\/\/www.szenik.eu\/wp-content\/uploads\/2019\/07\/logo-square.png\",\"width\":512,\"height\":512,\"caption\":\"Szenik\"},\"image\":{\"@id\":\"https:\/\/www.szenik.eu\/de\/#\/schema\/logo\/image\/\"},\"sameAs\":[\"https:\/\/www.facebook.com\/szenik.eu\/\",\"https:\/\/twitter.com\/Szenik\",\"https:\/\/www.instagram.com\/szenik_magazine\/\",\"https:\/\/www.youtube.com\/user\/SzenikEU\/\"]},{\"@type\":\"Person\",\"@id\":\"https:\/\/www.szenik.eu\/de\/#\/schema\/person\/15f73f175b41bad194837490339d48fb\",\"name\":\"szenik\",\"image\":{\"@type\":\"ImageObject\",\"inLanguage\":\"de\",\"@id\":\"https:\/\/www.szenik.eu\/de\/#\/schema\/person\/image\/\",\"url\":\"https:\/\/secure.gravatar.com\/avatar\/d1c4f19522a624a4eaa5e6c03e22370b?s=96&d=mm&r=g\",\"contentUrl\":\"https:\/\/secure.gravatar.com\/avatar\/d1c4f19522a624a4eaa5e6c03e22370b?s=96&d=mm&r=g\",\"caption\":\"szenik\"}}]}<\/script>\n<!-- \/ Yoast SEO plugin. -->","yoast_head_json":{"title":"Titus Engel wird neuer Principal Conductor der Basel Sinfonietta I szenik","description":"Titus Engel wird ab der Saison 23\/24 als Principal Conductor die Leitung des weltweit einzigen Orchesters f\u00fcr zeitgen\u00f6ssische Musik \u00fcbernehmen.","robots":{"index":"index","follow":"follow","max-snippet":"max-snippet:-1","max-image-preview":"max-image-preview:large","max-video-preview":"max-video-preview:-1"},"canonical":"https:\/\/www.szenik.eu\/de\/titus-engel-wird-neuer-principal-conductor-der-basel-sinfonietta-45954","og_locale":"de_DE","og_type":"article","og_title":"Titus Engel wird neuer Principal Conductor der Basel Sinfonietta I szenik","og_description":"Titus Engel wird ab der Saison 23\/24 als Principal Conductor die Leitung des weltweit einzigen Orchesters f\u00fcr zeitgen\u00f6ssische Musik \u00fcbernehmen.","og_url":"https:\/\/www.szenik.eu\/de\/titus-engel-wird-neuer-principal-conductor-der-basel-sinfonietta-45954","og_site_name":"szenik","article_publisher":"https:\/\/www.facebook.com\/szenik.eu\/","article_published_time":"2021-12-09T10:29:00+00:00","article_modified_time":"2021-12-09T10:29:04+00:00","og_image":[{"width":1092,"height":704,"url":"https:\/\/www.szenik.eu\/wp-content\/uploads\/2021\/12\/Capture-d\u2019\u00e9cran-2021-12-09-\u00e0-11.25.28.png","type":"image\/png"}],"author":"szenik","twitter_card":"summary_large_image","twitter_creator":"@Szenik","twitter_site":"@Szenik","twitter_misc":{"Verfasst von":"szenik","Gesch\u00e4tzte Lesezeit":"3\u00a0Minuten"},"schema":{"@context":"https:\/\/schema.org","@graph":[{"@type":"Article","@id":"https:\/\/www.szenik.eu\/de\/titus-engel-wird-neuer-principal-conductor-der-basel-sinfonietta-45954#article","isPartOf":{"@id":"https:\/\/www.szenik.eu\/de\/titus-engel-wird-neuer-principal-conductor-der-basel-sinfonietta-45954"},"author":{"name":"szenik","@id":"https:\/\/www.szenik.eu\/de\/#\/schema\/person\/15f73f175b41bad194837490339d48fb"},"headline":"Titus Engel wird neuer Principal Conductor der Basel Sinfonietta","datePublished":"2021-12-09T10:29:00+00:00","dateModified":"2021-12-09T10:29:04+00:00","mainEntityOfPage":{"@id":"https:\/\/www.szenik.eu\/de\/titus-engel-wird-neuer-principal-conductor-der-basel-sinfonietta-45954"},"wordCount":528,"commentCount":0,"publisher":{"@id":"https:\/\/www.szenik.eu\/de\/#organization"},"keywords":["Basel Sinfonietta","Titus Engel"],"articleSection":["Kurz &amp; knackig","Magazin"],"inLanguage":"de","potentialAction":[{"@type":"CommentAction","name":"Comment","target":["https:\/\/www.szenik.eu\/de\/titus-engel-wird-neuer-principal-conductor-der-basel-sinfonietta-45954#respond"]}]},{"@type":"WebPage","@id":"https:\/\/www.szenik.eu\/de\/titus-engel-wird-neuer-principal-conductor-der-basel-sinfonietta-45954","url":"https:\/\/www.szenik.eu\/de\/titus-engel-wird-neuer-principal-conductor-der-basel-sinfonietta-45954","name":"Titus Engel wird neuer Principal Conductor der Basel Sinfonietta I szenik","isPartOf":{"@id":"https:\/\/www.szenik.eu\/de\/#website"},"datePublished":"2021-12-09T10:29:00+00:00","dateModified":"2021-12-09T10:29:04+00:00","description":"Titus Engel wird ab der Saison 23\/24 als Principal Conductor die Leitung des weltweit einzigen Orchesters f\u00fcr zeitgen\u00f6ssische Musik \u00fcbernehmen.","breadcrumb":{"@id":"https:\/\/www.szenik.eu\/de\/titus-engel-wird-neuer-principal-conductor-der-basel-sinfonietta-45954#breadcrumb"},"inLanguage":"de","potentialAction":[{"@type":"ReadAction","target":["https:\/\/www.szenik.eu\/de\/titus-engel-wird-neuer-principal-conductor-der-basel-sinfonietta-45954"]}]},{"@type":"BreadcrumbList","@id":"https:\/\/www.szenik.eu\/de\/titus-engel-wird-neuer-principal-conductor-der-basel-sinfonietta-45954#breadcrumb","itemListElement":[{"@type":"ListItem","position":1,"name":"Home","item":"https:\/\/www.szenik.eu\/de"},{"@type":"ListItem","position":2,"name":"Titus Engel wird neuer Principal Conductor der Basel Sinfonietta"}]},{"@type":"WebSite","@id":"https:\/\/www.szenik.eu\/de\/#website","url":"https:\/\/www.szenik.eu\/de\/","name":"szenik","description":"Le Meilleur des sc\u00e8nes au coeur de l&#039;Europe","publisher":{"@id":"https:\/\/www.szenik.eu\/de\/#organization"},"potentialAction":[{"@type":"SearchAction","target":{"@type":"EntryPoint","urlTemplate":"https:\/\/www.szenik.eu\/de\/?s={search_term_string}"},"query-input":"required name=search_term_string"}],"inLanguage":"de"},{"@type":"Organization","@id":"https:\/\/www.szenik.eu\/de\/#organization","name":"Szenik","url":"https:\/\/www.szenik.eu\/de\/","logo":{"@type":"ImageObject","inLanguage":"de","@id":"https:\/\/www.szenik.eu\/de\/#\/schema\/logo\/image\/","url":"https:\/\/www.szenik.eu\/wp-content\/uploads\/2019\/07\/logo-square.png","contentUrl":"https:\/\/www.szenik.eu\/wp-content\/uploads\/2019\/07\/logo-square.png","width":512,"height":512,"caption":"Szenik"},"image":{"@id":"https:\/\/www.szenik.eu\/de\/#\/schema\/logo\/image\/"},"sameAs":["https:\/\/www.facebook.com\/szenik.eu\/","https:\/\/twitter.com\/Szenik","https:\/\/www.instagram.com\/szenik_magazine\/","https:\/\/www.youtube.com\/user\/SzenikEU\/"]},{"@type":"Person","@id":"https:\/\/www.szenik.eu\/de\/#\/schema\/person\/15f73f175b41bad194837490339d48fb","name":"szenik","image":{"@type":"ImageObject","inLanguage":"de","@id":"https:\/\/www.szenik.eu\/de\/#\/schema\/person\/image\/","url":"https:\/\/secure.gravatar.com\/avatar\/d1c4f19522a624a4eaa5e6c03e22370b?s=96&d=mm&r=g","contentUrl":"https:\/\/secure.gravatar.com\/avatar\/d1c4f19522a624a4eaa5e6c03e22370b?s=96&d=mm&r=g","caption":"szenik"}}]}},"jetpack_featured_media_url":"https:\/\/www.szenik.eu\/wp-content\/uploads\/2021\/12\/Capture-d\u2019\u00e9cran-2021-12-09-\u00e0-11.25.28.png","amp_enabled":true,"_links":{"self":[{"href":"https:\/\/www.szenik.eu\/de\/wp-json\/\/wp\/v2\/posts\/45954"}],"collection":[{"href":"https:\/\/www.szenik.eu\/de\/wp-json\/\/wp\/v2\/posts"}],"about":[{"href":"https:\/\/www.szenik.eu\/de\/wp-json\/\/wp\/v2\/types\/post"}],"author":[{"embeddable":true,"href":"https:\/\/www.szenik.eu\/de\/wp-json\/\/wp\/v2\/users\/1"}],"replies":[{"embeddable":true,"href":"https:\/\/www.szenik.eu\/de\/wp-json\/\/wp\/v2\/comments?post=45954"}],"version-history":[{"count":2,"href":"https:\/\/www.szenik.eu\/de\/wp-json\/\/wp\/v2\/posts\/45954\/revisions"}],"predecessor-version":[{"id":45960,"href":"https:\/\/www.szenik.eu\/de\/wp-json\/\/wp\/v2\/posts\/45954\/revisions\/45960"}],"wp:featuredmedia":[{"embeddable":true,"href":"https:\/\/www.szenik.eu\/de\/wp-json\/\/wp\/v2\/media\/45957"}],"wp:attachment":[{"href":"https:\/\/www.szenik.eu\/de\/wp-json\/\/wp\/v2\/media?parent=45954"}],"wp:term":[{"taxonomy":"category","embeddable":true,"href":"https:\/\/www.szenik.eu\/de\/wp-json\/\/wp\/v2\/categories?post=45954"},{"taxonomy":"post_tag","embeddable":true,"href":"https:\/\/www.szenik.eu\/de\/wp-json\/\/wp\/v2\/tags?post=45954"}],"curies":[{"name":"wp","href":"https:\/\/api.w.org\/{rel}","templated":true}]}}