{"id":45916,"date":"2021-12-09T10:39:30","date_gmt":"2021-12-09T09:39:30","guid":{"rendered":"https:\/\/www.szenik.eu\/?p=45916\/"},"modified":"2021-12-09T10:51:29","modified_gmt":"2021-12-09T09:51:29","slug":"katrin-reis-zippo-zimmermann-hemmersdorf-pop-festival-bilder-ausstellung","status":"publish","type":"post","link":"https:\/\/www.szenik.eu\/de\/katrin-reis-zippo-zimmermann-hemmersdorf-pop-festival-bilder-ausstellung-45916","title":{"rendered":"Katrin Reis &#038; Zippo Zimmermann &#038; HEMMERSDORF POP:  Festival Bilder-Ausstellung"},"content":{"rendered":"\n<h2>Zippo Zimmermann und Katrin Reis stellen eine Auswahl ihrer Konzert-Fotografien aus. Bilder, die ganz nah dran sind an Menschen, die das tun, was sie am meisten lieben. Gro\u00dfes Kino von den kleinen, den unabh\u00e4ngigen Musikern, den Indie-Bands, die aus purer Leidenschaft f\u00fcr die Musik durchs Land touren!<\/h2>\n\n\n\n<div style=\"height:100px\" aria-hidden=\"true\" class=\"wp-block-spacer\"><\/div>\n\n\n\n<p><em>Pressemitteilung<\/em><\/p>\n\n\n\n<div style=\"height:100px\" aria-hidden=\"true\" class=\"wp-block-spacer\"><\/div>\n\n\n\n<p>Konzertfotografie ist Fotografie in ihrer Essenz, ein unwiederholbarer Moment, festgehalten f\u00fcr die Ewigkeit. Und genau das machen <strong>Zippo Zimmermann <\/strong>und <strong>Katrin Reis<\/strong> in ihren Bildern: Aus den Millionen Augenblicken eines Konzertabends fangen sie genau jene ein, die die Leidenschaft und Hingabe der Akteure auf den Punkt bringen.<\/p>\n\n\n\n<div style=\"height:20px\" aria-hidden=\"true\" class=\"wp-block-spacer\"><\/div>\n\n\n\n<h4><strong>Fotografie in ihrer Essenz<\/strong><\/h4>\n\n\n\n<div style=\"height:20px\" aria-hidden=\"true\" class=\"wp-block-spacer\"><\/div>\n\n\n\n<p>Konzertfotografie ist ein Paradoxon: Sie zeigt Musik, ohne dass ein Ton zu h\u00f6ren ist. Und Konzertfotografie ist die herausfordernste Fotografie \u00fcberhaupt: sich schnell bewegenden Objekte, bei kaum vorhandenem Licht, das sich noch dazu in Farbe und Helligkeit permanent \u00e4ndert. Andere Fotografen begegnen diesen Schwierigkeiten mit Spiegelreflex- Boliden und phallischen Teleobjektiven; Katrin und Zippo sind mit ihren kompakten Olympus-Kameras dagegen niemals au\u00dfenstehende Beobachter. Sie gehen im Publikum auf und werden selbst Teil der Szenerie, die sie in ihren Bildern festhalten.<\/p>\n\n\n\n<p>Katrin und Zippo lieben Musik! Und die Menschen, die sie fotografieren, lieben ihren Job \u2013 ganz viel Liebe also, die aus diesen Bildern strahlt. Kein Wunder, dass auch die abgelichteten Musiker die Konzertfotos des Paars lieben: Der Hamburger Liedermacher Bernd Begemann und der kanadische Folk-Musiker David Simard nutzten sie f\u00fcr Cover und Poster. Rainbirds-S\u00e4ngerin Katharina Franck, das italo-schweizer Rockduo Me+Marie, der isl\u00e4ndische Singer-Songwriter Svavar Kn\u00fatur, das s\u00fcdtiroler Folktrio Ganes und die deutsche Indie-Legende M. Walking on the Water verwendeten Katrins und Zippos Konzertbilder als offizielle Pressefotos.<\/p>\n\n\n\n<div style=\"height:37px\" aria-hidden=\"true\" class=\"wp-block-spacer\"><\/div>\n\n\n\n<figure class=\"wp-block-image size-large\"><img decoding=\"async\" loading=\"lazy\" width=\"1024\" height=\"768\" src=\"https:\/\/www.szenik.eu\/wp-content\/uploads\/2021\/12\/HaniaRani_HDPOPFes20_Foto-ZippoZimmermann-1024x768.jpg\" alt=\"\" class=\"wp-image-45918\" srcset=\"https:\/\/www.szenik.eu\/wp-content\/uploads\/2021\/12\/HaniaRani_HDPOPFes20_Foto-ZippoZimmermann-1024x768.jpg 1024w, https:\/\/www.szenik.eu\/wp-content\/uploads\/2021\/12\/HaniaRani_HDPOPFes20_Foto-ZippoZimmermann-300x225.jpg 300w, https:\/\/www.szenik.eu\/wp-content\/uploads\/2021\/12\/HaniaRani_HDPOPFes20_Foto-ZippoZimmermann-768x576.jpg 768w, https:\/\/www.szenik.eu\/wp-content\/uploads\/2021\/12\/HaniaRani_HDPOPFes20_Foto-ZippoZimmermann-1536x1152.jpg 1536w, https:\/\/www.szenik.eu\/wp-content\/uploads\/2021\/12\/HaniaRani_HDPOPFes20_Foto-ZippoZimmermann-750x563.jpg 750w, https:\/\/www.szenik.eu\/wp-content\/uploads\/2021\/12\/HaniaRani_HDPOPFes20_Foto-ZippoZimmermann-1140x855.jpg 1140w, https:\/\/www.szenik.eu\/wp-content\/uploads\/2021\/12\/HaniaRani_HDPOPFes20_Foto-ZippoZimmermann.jpg 2048w\" sizes=\"(max-width: 1024px) 100vw, 1024px\" \/><figcaption>Hania Rani I Zippo Zimmermann<\/figcaption><\/figure>\n\n\n\n<div style=\"height:34px\" aria-hidden=\"true\" class=\"wp-block-spacer\"><\/div>\n\n\n\n<h4><strong>Alle Menschen sehen sch\u00f6n aus und gleichzeitig doch immer wie sie selbst.<\/strong><\/h4>\n\n\n\n<div style=\"height:20px\" aria-hidden=\"true\" class=\"wp-block-spacer\"><\/div>\n\n\n\n<p>Was diese Fotografien bemerkenswert macht, ist, dass sie gar nicht erst versuchen, irgend etwas objektiv zu dokumentieren. Sie entsprechen eher der abgerufenen Erinnerung eines Fans: der Fokus liegt auf Menschen und Emotionen \u2013 Kabelsalat, Stative und Verst\u00e4rker versinken im tiefen Schwarz des Vergessens. Und alle Menschen sehen sch\u00f6n aus. Und gleichzeitig doch immer wie sie selbst, weil sie das tun, was sie am meisten lieben \u2013 aber das hatten wir ja schon &#8230;<\/p>\n\n\n\n<p>F\u00fcr seine Ausstellung \u201e<strong>+1 auf der G\u00e4steliste<\/strong>\u201d hat Zippo Zimmermann seine Frau Katrin Reis mitgebracht. Die beiden gehen seit Jahren zusammen auf Konzerte, warum nicht auch zusammen Fotos machen und ausstellen? Dass das Sinn ergibt, wird beim Gang durch die Ausstellung schnell klar: Die beiden haben den gleichen Blick auf die Dinge und werden w\u00e4hrend des Konzerts praktisch zu einem Fotografen, der gleichzeitig an zwei Orten sein kann &#8230;<\/p>\n\n\n\n<p>Alle ausgestellten Fotos wurden von den Fotografen ohne Auftrag, Vorgaben oder Erwartungen \u2013 und oft auch ohne Wissen der Musiker \u2013 angefertigt. Bilder, die keinem gefallen mussten, au\u00dfer ihnen selbst: die authentische Sicht zweier Fans.<\/p>\n\n\n\n<p>Die Ausstellung findet im Rahmen von Pictures of Pop, dem Fotografie- Festival des Poprat Saarland e.V., statt.<\/p>\n\n\n\n<p><strong>Sie wird unterst\u00fctzt vom Hemmersdorf POP Festival und Hotellounge Events. Es werden u.a. auch Fotografien aus den Hemmersdorf-Pop-Festival-Jahren 2019 und 2020 gezeigt.<\/strong><\/p>\n\n\n\n<p>Alle Fotos sind Einzelanfertigungen und k\u00f6nnen auch k\u00e4uflich erworben werden.<\/p>\n\n\n\n<div style=\"height:20px\" aria-hidden=\"true\" class=\"wp-block-spacer\"><\/div>\n\n\n\n<p class=\"has-background has-text-align-center has-pale-cyan-blue-background-color\"><strong>Vernissage mit Musik am Dienstag, den 14. Dezember, <\/strong>um 19 Uhr Rathaus-Carre\u00e9, 2. Etage, Gerberstra\u00dfe 2, 66111 <strong>Saarbr\u00fccken<\/strong><br><strong>Eintritt frei<\/strong><br>Zur Vernissage ist eine Anmeldung erforderlich unter <strong>vhsinfo@rvsbr.de<\/strong><br><br>Ausstellung vom <strong>14.12.2021 &#8211; 25.03.2022<\/strong><\/p>\n\n\n\n<div style=\"height:20px\" aria-hidden=\"true\" class=\"wp-block-spacer\"><\/div>\n\n\n\n<p>Den musikalischen Teil \u00fcbernimmt <strong>Zippo Zimmermann<\/strong> pers\u00f6nlich. Unterst\u00fctzt von <strong>Nika Jonsson<\/strong> (Voc\/Key) und <strong>Christoph Brill <\/strong>(Bass), wird er einen Ausschnitt aus seinem Soloprogramm spielen.<\/p>\n\n\n\n<div style=\"height:34px\" aria-hidden=\"true\" class=\"wp-block-spacer\"><\/div>\n\n\n\n<figure class=\"wp-block-image size-large\"><img decoding=\"async\" loading=\"lazy\" width=\"1024\" height=\"768\" src=\"https:\/\/www.szenik.eu\/wp-content\/uploads\/2021\/12\/PascalSchumacher_HDPOP2019_Foto-ZippoZimmermann-1024x768.jpg\" alt=\"\" class=\"wp-image-45920\" srcset=\"https:\/\/www.szenik.eu\/wp-content\/uploads\/2021\/12\/PascalSchumacher_HDPOP2019_Foto-ZippoZimmermann-1024x768.jpg 1024w, https:\/\/www.szenik.eu\/wp-content\/uploads\/2021\/12\/PascalSchumacher_HDPOP2019_Foto-ZippoZimmermann-300x225.jpg 300w, https:\/\/www.szenik.eu\/wp-content\/uploads\/2021\/12\/PascalSchumacher_HDPOP2019_Foto-ZippoZimmermann-768x576.jpg 768w, https:\/\/www.szenik.eu\/wp-content\/uploads\/2021\/12\/PascalSchumacher_HDPOP2019_Foto-ZippoZimmermann-1536x1152.jpg 1536w, https:\/\/www.szenik.eu\/wp-content\/uploads\/2021\/12\/PascalSchumacher_HDPOP2019_Foto-ZippoZimmermann-750x563.jpg 750w, https:\/\/www.szenik.eu\/wp-content\/uploads\/2021\/12\/PascalSchumacher_HDPOP2019_Foto-ZippoZimmermann-1140x855.jpg 1140w, https:\/\/www.szenik.eu\/wp-content\/uploads\/2021\/12\/PascalSchumacher_HDPOP2019_Foto-ZippoZimmermann.jpg 2048w\" sizes=\"(max-width: 1024px) 100vw, 1024px\" \/><figcaption>Pascal Schumacher I Zippo Zimmermann <\/figcaption><\/figure>\n\n\n\n<div style=\"height:43px\" aria-hidden=\"true\" class=\"wp-block-spacer\"><\/div>\n\n\n\n<p class=\"has-background has-normal-font-size has-very-light-gray-background-color\"><strong><a href=\"https:\/\/www.facebook.com\/zippo.zimmermannn\" target=\"_blank\" rel=\"noreferrer noopener\" aria-label=\"Zippo Zimmermann (opens in a new tab)\">Zippo Zimmermann<\/a>,<\/strong> geboren 1970 in Saarbr\u00fccken, ist freiberuflicher Grafikdesigner und Fotograf. Seine fotografischen Schwerpunkte sind K\u00fcnstler-Portraits sowie Landschafts- und Stadtaufnahmen. In der Musikszene ist er zudem bekannt f\u00fcr seine Konzertfotografien. Wichtige Einfl\u00fcsse sind die Cover-Motive von Blue Note Records und die Arbeiten von Anton Corbijn.<br><br>Als Grafikdesigner ist er u.a. f\u00fcr bislang \u00fcber 200 Album-Cover von K\u00fcnstlern aus ganz Europa verantwortlich. Musikalisch ist er in der Band Savoy Truffle sowie diversen Solo-Projekten aktiv.<\/p>\n\n\n\n<div style=\"height:20px\" aria-hidden=\"true\" class=\"wp-block-spacer\"><\/div>\n\n\n\n<p class=\"has-background has-normal-font-size has-very-light-gray-background-color\">Das&nbsp;<strong><a rel=\"noreferrer noopener\" aria-label=\"Hemmersdorf POP Festival (opens in a new tab)\" href=\"https:\/\/hemmersdorfpop.de\/fr\/le-festival-a-decouvrir-et-a-apprecier\/\" target=\"_blank\">Hemmersdorf POP Festival<\/a>&nbsp;<\/strong>hat bereits nach drei Ausgaben eine kulturpolitisch wichtige Funktion. Es ist genrekreuzend, grenz\u00fcberschreitend und f\u00fchrt die Generationen zusammen. Dabei bereichert es insbesondere das Saarland und das angrenzende Lothringen mit einem individuell-anspruchsvollen und vielf\u00e4ltigen Programm. Das Festival findet seit der 3. Ausgabe auch beidseitig der Grenze statt, um der Idee der Gro\u00dfregion Nachdruck zu verleihen.<br>Von Beginn an hat das Festival einen starke Au\u00dfenwahrnehmung erzeugt. Die Strahlkraft wird durch nationale und internationale Medienpartner unterst\u00fctzt. Man ist progressiv im l\u00e4ndlichen Bereich und hat neben all der Innovation f\u00fcr die Region immer auch ein Auge auf traditionelle und gewachsene Strukturen. So ist der M\u00e4nnergesangverein Hemmersdorf seit Beginn an ein Teil des Festivals und trifft hier auf junge und internationale Ausnahmek\u00fcnstler.<\/p>\n\n\n\n<div style=\"height:100px\" aria-hidden=\"true\" class=\"wp-block-spacer\"><\/div>\n\n\n\n<p class=\"has-small-font-size\">Foto: Rachael Dadd I Zippo Zimmermann<\/p>\n\n\n\n<div style=\"height:100px\" aria-hidden=\"true\" class=\"wp-block-spacer\"><\/div>\n","protected":false},"excerpt":{"rendered":"<p>Zippo Zimmermann und Katrin Reis stellen eine Auswahl ihrer Konzert-Fotografien aus. Bilder, die ganz nah dran sind an Menschen, die das tun, was sie am meisten lieben. Gro\u00dfes Kino von den kleinen, den unabh\u00e4ngigen Musikern, den Indie-Bands, die aus purer Leidenschaft f\u00fcr die Musik durchs Land touren! Pressemitteilung Konzertfotografie ist Fotografie in ihrer Essenz, ein [&hellip;]<\/p>\n","protected":false},"author":1,"featured_media":45922,"comment_status":"open","ping_status":"open","sticky":false,"template":"","format":"standard","meta":{"_monsterinsights_skip_tracking":false,"_monsterinsights_sitenote_active":false,"_monsterinsights_sitenote_note":"","_monsterinsights_sitenote_category":0},"categories":[2815,53],"tags":[15590,15591],"yoast_head":"<!-- This site is optimized with the Yoast SEO plugin v20.5 - https:\/\/yoast.com\/wordpress\/plugins\/seo\/ -->\n<title>Eine Festival Bilder-Ausstellung von Zippo Zimmermann I szenik<\/title>\n<meta name=\"description\" content=\"Zippo Zimmermann und Katrin Reis stellen eine Auswahl ihrer Konzert-Fotografien in Saarbr\u00fccken aus. Ab dem 14.12.2021 zu entdecken.\" \/>\n<meta name=\"robots\" content=\"index, follow, max-snippet:-1, max-image-preview:large, max-video-preview:-1\" \/>\n<link rel=\"canonical\" href=\"https:\/\/www.szenik.eu\/de\/katrin-reis-zippo-zimmermann-hemmersdorf-pop-festival-bilder-ausstellung-45916\" \/>\n<meta property=\"og:locale\" content=\"de_DE\" \/>\n<meta property=\"og:type\" content=\"article\" \/>\n<meta property=\"og:title\" content=\"Eine Festival Bilder-Ausstellung von Zippo Zimmermann I szenik\" \/>\n<meta property=\"og:description\" content=\"Zippo Zimmermann und Katrin Reis stellen eine Auswahl ihrer Konzert-Fotografien in Saarbr\u00fccken aus. Ab dem 14.12.2021 zu entdecken.\" \/>\n<meta property=\"og:url\" content=\"https:\/\/www.szenik.eu\/de\/katrin-reis-zippo-zimmermann-hemmersdorf-pop-festival-bilder-ausstellung-45916\" \/>\n<meta property=\"og:site_name\" content=\"szenik\" \/>\n<meta property=\"article:publisher\" content=\"https:\/\/www.facebook.com\/szenik.eu\/\" \/>\n<meta property=\"article:published_time\" content=\"2021-12-09T09:39:30+00:00\" \/>\n<meta property=\"article:modified_time\" content=\"2021-12-09T09:51:29+00:00\" \/>\n<meta property=\"og:image\" content=\"https:\/\/www.szenik.eu\/wp-content\/uploads\/2021\/12\/RachaelDadd_HDPOPO2019_Foto-ZippoZimmermann.jpg\" \/>\n\t<meta property=\"og:image:width\" content=\"2048\" \/>\n\t<meta property=\"og:image:height\" content=\"1536\" \/>\n\t<meta property=\"og:image:type\" content=\"image\/jpeg\" \/>\n<meta name=\"author\" content=\"szenik\" \/>\n<meta name=\"twitter:card\" content=\"summary_large_image\" \/>\n<meta name=\"twitter:creator\" content=\"@Szenik\" \/>\n<meta name=\"twitter:site\" content=\"@Szenik\" \/>\n<meta name=\"twitter:label1\" content=\"Verfasst von\" \/>\n\t<meta name=\"twitter:data1\" content=\"szenik\" \/>\n\t<meta name=\"twitter:label2\" content=\"Gesch\u00e4tzte Lesezeit\" \/>\n\t<meta name=\"twitter:data2\" content=\"4\u00a0Minuten\" \/>\n<script type=\"application\/ld+json\" class=\"yoast-schema-graph\">{\"@context\":\"https:\/\/schema.org\",\"@graph\":[{\"@type\":\"Article\",\"@id\":\"https:\/\/www.szenik.eu\/de\/katrin-reis-zippo-zimmermann-hemmersdorf-pop-festival-bilder-ausstellung-45916#article\",\"isPartOf\":{\"@id\":\"https:\/\/www.szenik.eu\/de\/katrin-reis-zippo-zimmermann-hemmersdorf-pop-festival-bilder-ausstellung-45916\"},\"author\":{\"name\":\"szenik\",\"@id\":\"https:\/\/www.szenik.eu\/de\/#\/schema\/person\/15f73f175b41bad194837490339d48fb\"},\"headline\":\"Katrin Reis &#038; Zippo Zimmermann &#038; HEMMERSDORF POP: Festival Bilder-Ausstellung\",\"datePublished\":\"2021-12-09T09:39:30+00:00\",\"dateModified\":\"2021-12-09T09:51:29+00:00\",\"mainEntityOfPage\":{\"@id\":\"https:\/\/www.szenik.eu\/de\/katrin-reis-zippo-zimmermann-hemmersdorf-pop-festival-bilder-ausstellung-45916\"},\"wordCount\":807,\"commentCount\":0,\"publisher\":{\"@id\":\"https:\/\/www.szenik.eu\/de\/#organization\"},\"keywords\":[\"Hemmersdorf POP Festival\",\"Zippo Zimmermann\"],\"articleSection\":[\"Kurz &amp; knackig\",\"Magazin\"],\"inLanguage\":\"de\",\"potentialAction\":[{\"@type\":\"CommentAction\",\"name\":\"Comment\",\"target\":[\"https:\/\/www.szenik.eu\/de\/katrin-reis-zippo-zimmermann-hemmersdorf-pop-festival-bilder-ausstellung-45916#respond\"]}]},{\"@type\":\"WebPage\",\"@id\":\"https:\/\/www.szenik.eu\/de\/katrin-reis-zippo-zimmermann-hemmersdorf-pop-festival-bilder-ausstellung-45916\",\"url\":\"https:\/\/www.szenik.eu\/de\/katrin-reis-zippo-zimmermann-hemmersdorf-pop-festival-bilder-ausstellung-45916\",\"name\":\"Eine Festival Bilder-Ausstellung von Zippo Zimmermann I szenik\",\"isPartOf\":{\"@id\":\"https:\/\/www.szenik.eu\/de\/#website\"},\"datePublished\":\"2021-12-09T09:39:30+00:00\",\"dateModified\":\"2021-12-09T09:51:29+00:00\",\"description\":\"Zippo Zimmermann und Katrin Reis stellen eine Auswahl ihrer Konzert-Fotografien in Saarbr\u00fccken aus. Ab dem 14.12.2021 zu entdecken.\",\"breadcrumb\":{\"@id\":\"https:\/\/www.szenik.eu\/de\/katrin-reis-zippo-zimmermann-hemmersdorf-pop-festival-bilder-ausstellung-45916#breadcrumb\"},\"inLanguage\":\"de\",\"potentialAction\":[{\"@type\":\"ReadAction\",\"target\":[\"https:\/\/www.szenik.eu\/de\/katrin-reis-zippo-zimmermann-hemmersdorf-pop-festival-bilder-ausstellung-45916\"]}]},{\"@type\":\"BreadcrumbList\",\"@id\":\"https:\/\/www.szenik.eu\/de\/katrin-reis-zippo-zimmermann-hemmersdorf-pop-festival-bilder-ausstellung-45916#breadcrumb\",\"itemListElement\":[{\"@type\":\"ListItem\",\"position\":1,\"name\":\"Home\",\"item\":\"https:\/\/www.szenik.eu\/de\"},{\"@type\":\"ListItem\",\"position\":2,\"name\":\"Katrin Reis &#038; Zippo Zimmermann &#038; HEMMERSDORF POP: Festival Bilder-Ausstellung\"}]},{\"@type\":\"WebSite\",\"@id\":\"https:\/\/www.szenik.eu\/de\/#website\",\"url\":\"https:\/\/www.szenik.eu\/de\/\",\"name\":\"szenik\",\"description\":\"Le Meilleur des sc\u00e8nes au coeur de l&#039;Europe\",\"publisher\":{\"@id\":\"https:\/\/www.szenik.eu\/de\/#organization\"},\"potentialAction\":[{\"@type\":\"SearchAction\",\"target\":{\"@type\":\"EntryPoint\",\"urlTemplate\":\"https:\/\/www.szenik.eu\/de\/?s={search_term_string}\"},\"query-input\":\"required name=search_term_string\"}],\"inLanguage\":\"de\"},{\"@type\":\"Organization\",\"@id\":\"https:\/\/www.szenik.eu\/de\/#organization\",\"name\":\"Szenik\",\"url\":\"https:\/\/www.szenik.eu\/de\/\",\"logo\":{\"@type\":\"ImageObject\",\"inLanguage\":\"de\",\"@id\":\"https:\/\/www.szenik.eu\/de\/#\/schema\/logo\/image\/\",\"url\":\"https:\/\/www.szenik.eu\/wp-content\/uploads\/2019\/07\/logo-square.png\",\"contentUrl\":\"https:\/\/www.szenik.eu\/wp-content\/uploads\/2019\/07\/logo-square.png\",\"width\":512,\"height\":512,\"caption\":\"Szenik\"},\"image\":{\"@id\":\"https:\/\/www.szenik.eu\/de\/#\/schema\/logo\/image\/\"},\"sameAs\":[\"https:\/\/www.facebook.com\/szenik.eu\/\",\"https:\/\/twitter.com\/Szenik\",\"https:\/\/www.instagram.com\/szenik_magazine\/\",\"https:\/\/www.youtube.com\/user\/SzenikEU\/\"]},{\"@type\":\"Person\",\"@id\":\"https:\/\/www.szenik.eu\/de\/#\/schema\/person\/15f73f175b41bad194837490339d48fb\",\"name\":\"szenik\",\"image\":{\"@type\":\"ImageObject\",\"inLanguage\":\"de\",\"@id\":\"https:\/\/www.szenik.eu\/de\/#\/schema\/person\/image\/\",\"url\":\"https:\/\/secure.gravatar.com\/avatar\/d1c4f19522a624a4eaa5e6c03e22370b?s=96&d=mm&r=g\",\"contentUrl\":\"https:\/\/secure.gravatar.com\/avatar\/d1c4f19522a624a4eaa5e6c03e22370b?s=96&d=mm&r=g\",\"caption\":\"szenik\"}}]}<\/script>\n<!-- \/ Yoast SEO plugin. -->","yoast_head_json":{"title":"Eine Festival Bilder-Ausstellung von Zippo Zimmermann I szenik","description":"Zippo Zimmermann und Katrin Reis stellen eine Auswahl ihrer Konzert-Fotografien in Saarbr\u00fccken aus. Ab dem 14.12.2021 zu entdecken.","robots":{"index":"index","follow":"follow","max-snippet":"max-snippet:-1","max-image-preview":"max-image-preview:large","max-video-preview":"max-video-preview:-1"},"canonical":"https:\/\/www.szenik.eu\/de\/katrin-reis-zippo-zimmermann-hemmersdorf-pop-festival-bilder-ausstellung-45916","og_locale":"de_DE","og_type":"article","og_title":"Eine Festival Bilder-Ausstellung von Zippo Zimmermann I szenik","og_description":"Zippo Zimmermann und Katrin Reis stellen eine Auswahl ihrer Konzert-Fotografien in Saarbr\u00fccken aus. Ab dem 14.12.2021 zu entdecken.","og_url":"https:\/\/www.szenik.eu\/de\/katrin-reis-zippo-zimmermann-hemmersdorf-pop-festival-bilder-ausstellung-45916","og_site_name":"szenik","article_publisher":"https:\/\/www.facebook.com\/szenik.eu\/","article_published_time":"2021-12-09T09:39:30+00:00","article_modified_time":"2021-12-09T09:51:29+00:00","og_image":[{"width":2048,"height":1536,"url":"https:\/\/www.szenik.eu\/wp-content\/uploads\/2021\/12\/RachaelDadd_HDPOPO2019_Foto-ZippoZimmermann.jpg","type":"image\/jpeg"}],"author":"szenik","twitter_card":"summary_large_image","twitter_creator":"@Szenik","twitter_site":"@Szenik","twitter_misc":{"Verfasst von":"szenik","Gesch\u00e4tzte Lesezeit":"4\u00a0Minuten"},"schema":{"@context":"https:\/\/schema.org","@graph":[{"@type":"Article","@id":"https:\/\/www.szenik.eu\/de\/katrin-reis-zippo-zimmermann-hemmersdorf-pop-festival-bilder-ausstellung-45916#article","isPartOf":{"@id":"https:\/\/www.szenik.eu\/de\/katrin-reis-zippo-zimmermann-hemmersdorf-pop-festival-bilder-ausstellung-45916"},"author":{"name":"szenik","@id":"https:\/\/www.szenik.eu\/de\/#\/schema\/person\/15f73f175b41bad194837490339d48fb"},"headline":"Katrin Reis &#038; Zippo Zimmermann &#038; HEMMERSDORF POP: Festival Bilder-Ausstellung","datePublished":"2021-12-09T09:39:30+00:00","dateModified":"2021-12-09T09:51:29+00:00","mainEntityOfPage":{"@id":"https:\/\/www.szenik.eu\/de\/katrin-reis-zippo-zimmermann-hemmersdorf-pop-festival-bilder-ausstellung-45916"},"wordCount":807,"commentCount":0,"publisher":{"@id":"https:\/\/www.szenik.eu\/de\/#organization"},"keywords":["Hemmersdorf POP Festival","Zippo Zimmermann"],"articleSection":["Kurz &amp; knackig","Magazin"],"inLanguage":"de","potentialAction":[{"@type":"CommentAction","name":"Comment","target":["https:\/\/www.szenik.eu\/de\/katrin-reis-zippo-zimmermann-hemmersdorf-pop-festival-bilder-ausstellung-45916#respond"]}]},{"@type":"WebPage","@id":"https:\/\/www.szenik.eu\/de\/katrin-reis-zippo-zimmermann-hemmersdorf-pop-festival-bilder-ausstellung-45916","url":"https:\/\/www.szenik.eu\/de\/katrin-reis-zippo-zimmermann-hemmersdorf-pop-festival-bilder-ausstellung-45916","name":"Eine Festival Bilder-Ausstellung von Zippo Zimmermann I szenik","isPartOf":{"@id":"https:\/\/www.szenik.eu\/de\/#website"},"datePublished":"2021-12-09T09:39:30+00:00","dateModified":"2021-12-09T09:51:29+00:00","description":"Zippo Zimmermann und Katrin Reis stellen eine Auswahl ihrer Konzert-Fotografien in Saarbr\u00fccken aus. Ab dem 14.12.2021 zu entdecken.","breadcrumb":{"@id":"https:\/\/www.szenik.eu\/de\/katrin-reis-zippo-zimmermann-hemmersdorf-pop-festival-bilder-ausstellung-45916#breadcrumb"},"inLanguage":"de","potentialAction":[{"@type":"ReadAction","target":["https:\/\/www.szenik.eu\/de\/katrin-reis-zippo-zimmermann-hemmersdorf-pop-festival-bilder-ausstellung-45916"]}]},{"@type":"BreadcrumbList","@id":"https:\/\/www.szenik.eu\/de\/katrin-reis-zippo-zimmermann-hemmersdorf-pop-festival-bilder-ausstellung-45916#breadcrumb","itemListElement":[{"@type":"ListItem","position":1,"name":"Home","item":"https:\/\/www.szenik.eu\/de"},{"@type":"ListItem","position":2,"name":"Katrin Reis &#038; Zippo Zimmermann &#038; HEMMERSDORF POP: Festival Bilder-Ausstellung"}]},{"@type":"WebSite","@id":"https:\/\/www.szenik.eu\/de\/#website","url":"https:\/\/www.szenik.eu\/de\/","name":"szenik","description":"Le Meilleur des sc\u00e8nes au coeur de l&#039;Europe","publisher":{"@id":"https:\/\/www.szenik.eu\/de\/#organization"},"potentialAction":[{"@type":"SearchAction","target":{"@type":"EntryPoint","urlTemplate":"https:\/\/www.szenik.eu\/de\/?s={search_term_string}"},"query-input":"required name=search_term_string"}],"inLanguage":"de"},{"@type":"Organization","@id":"https:\/\/www.szenik.eu\/de\/#organization","name":"Szenik","url":"https:\/\/www.szenik.eu\/de\/","logo":{"@type":"ImageObject","inLanguage":"de","@id":"https:\/\/www.szenik.eu\/de\/#\/schema\/logo\/image\/","url":"https:\/\/www.szenik.eu\/wp-content\/uploads\/2019\/07\/logo-square.png","contentUrl":"https:\/\/www.szenik.eu\/wp-content\/uploads\/2019\/07\/logo-square.png","width":512,"height":512,"caption":"Szenik"},"image":{"@id":"https:\/\/www.szenik.eu\/de\/#\/schema\/logo\/image\/"},"sameAs":["https:\/\/www.facebook.com\/szenik.eu\/","https:\/\/twitter.com\/Szenik","https:\/\/www.instagram.com\/szenik_magazine\/","https:\/\/www.youtube.com\/user\/SzenikEU\/"]},{"@type":"Person","@id":"https:\/\/www.szenik.eu\/de\/#\/schema\/person\/15f73f175b41bad194837490339d48fb","name":"szenik","image":{"@type":"ImageObject","inLanguage":"de","@id":"https:\/\/www.szenik.eu\/de\/#\/schema\/person\/image\/","url":"https:\/\/secure.gravatar.com\/avatar\/d1c4f19522a624a4eaa5e6c03e22370b?s=96&d=mm&r=g","contentUrl":"https:\/\/secure.gravatar.com\/avatar\/d1c4f19522a624a4eaa5e6c03e22370b?s=96&d=mm&r=g","caption":"szenik"}}]}},"jetpack_featured_media_url":"https:\/\/www.szenik.eu\/wp-content\/uploads\/2021\/12\/RachaelDadd_HDPOPO2019_Foto-ZippoZimmermann.jpg","amp_enabled":true,"_links":{"self":[{"href":"https:\/\/www.szenik.eu\/de\/wp-json\/\/wp\/v2\/posts\/45916"}],"collection":[{"href":"https:\/\/www.szenik.eu\/de\/wp-json\/\/wp\/v2\/posts"}],"about":[{"href":"https:\/\/www.szenik.eu\/de\/wp-json\/\/wp\/v2\/types\/post"}],"author":[{"embeddable":true,"href":"https:\/\/www.szenik.eu\/de\/wp-json\/\/wp\/v2\/users\/1"}],"replies":[{"embeddable":true,"href":"https:\/\/www.szenik.eu\/de\/wp-json\/\/wp\/v2\/comments?post=45916"}],"version-history":[{"count":3,"href":"https:\/\/www.szenik.eu\/de\/wp-json\/\/wp\/v2\/posts\/45916\/revisions"}],"predecessor-version":[{"id":45933,"href":"https:\/\/www.szenik.eu\/de\/wp-json\/\/wp\/v2\/posts\/45916\/revisions\/45933"}],"wp:featuredmedia":[{"embeddable":true,"href":"https:\/\/www.szenik.eu\/de\/wp-json\/\/wp\/v2\/media\/45922"}],"wp:attachment":[{"href":"https:\/\/www.szenik.eu\/de\/wp-json\/\/wp\/v2\/media?parent=45916"}],"wp:term":[{"taxonomy":"category","embeddable":true,"href":"https:\/\/www.szenik.eu\/de\/wp-json\/\/wp\/v2\/categories?post=45916"},{"taxonomy":"post_tag","embeddable":true,"href":"https:\/\/www.szenik.eu\/de\/wp-json\/\/wp\/v2\/tags?post=45916"}],"curies":[{"name":"wp","href":"https:\/\/api.w.org\/{rel}","templated":true}]}}