{"id":45828,"date":"2021-12-07T12:52:25","date_gmt":"2021-12-07T11:52:25","guid":{"rendered":"https:\/\/www.szenik.eu\/?p=45828\/"},"modified":"2021-12-07T12:52:29","modified_gmt":"2021-12-07T11:52:29","slug":"staatsoper-stuttgart-vorhang-auf-fuer-den-schauspieldirektor","status":"publish","type":"post","link":"https:\/\/www.szenik.eu\/de\/staatsoper-stuttgart-vorhang-auf-fuer-den-schauspieldirektor-45828","title":{"rendered":"Staatsoper Stuttgart: Vorhang auf f\u00fcr den \u201eSchauspieldirektor\u201c!"},"content":{"rendered":"\n<h2>Mit einer vollst\u00e4ndig neuen Besetzung aus Mitgliedern des Internationalen Opernstudios feiert die Erfolgsproduktion in der Jungen Oper im Nord (JOiN) ihr Comeback und ist au\u00dferdem als kostenloser Stream \u00fcber die Weihnachtsfeiertage online zu erleben<\/h2>\n\n\n\n<div style=\"height:100px\" aria-hidden=\"true\" class=\"wp-block-spacer\"><\/div>\n\n\n\n<p>Am Montag, den\u00a0<strong>13. Dezember 2021<\/strong>\u00a0kehrt die Erfolgsproduktion\u00a0<em>Der Schauspieldirektor<\/em>\u00a0auf die B\u00fchne des JOiN (Junge Oper im Nord) zur\u00fcck. \u00dcber die Weihnachtsfeiertage ist\u00a0<em>Der Schauspieldirektor<\/em>\u00a0vom\u00a0<strong>24. bis 31. Dezember 2021<\/strong>\u00a0<strong>kostenfrei als On-Demand-Stream<\/strong>\u00a0auf\u00a0<strong><a href=\"http:\/\/www.staatsoper-stuttgart.de\/schauspieldirektor\">www.staatsoper-stuttgart.de\/schauspieldirektor<\/a>\u00a0<\/strong>verf\u00fcgbar. Erm\u00f6glicht wird dieser Stream von der EnBW Energie Baden-W\u00fcrttemberg AG. <\/p>\n\n\n\n<p>Das Musiktheaterst\u00fcck mit Musik von Wolfgang Amadeus Mozart in der Bearbeitung von Henrik Albrecht und in der Regie von\u00a0<strong>Elena Tzavara<\/strong>\u00a0feierte seine Stuttgarter Premiere im Jahr 2018. In der Wiederaufnahme ab Dezember 2021 sind neben Sebastian Sch\u00e4fer in der Rolle des Schauspieldirektors Frank sechs <strong>Mitglieder des Internationalen Opernstudios<\/strong>\u00a0der Staatsoper Stuttgart zu erleben: Linsey Coppens (Frau Pfeil) aus Belgien, Gerard Farreras (Buff) und Laia Vall\u00e9s (Frau Silberklang) aus Spanien, \u00c1ngel Mac\u00edas und Alberto Robert (Herr Herz) aus Mexiko, Jorge Ruvalcaba (Herr Eiler) aus Mexiko und Clare Tunney (Frau Herz) aus Gro\u00dfbritannien.<\/p>\n\n\n\n<p>Komponist Henrik Albrecht und Regisseurin Elena Tzavara haben Mozarts urspr\u00fcnglich nur 25-min\u00fctige Musik mit ausgew\u00e4hlten Konzertarien Mozarts angereichert, neue Texte geschrieben und so ein abendf\u00fcllendes St\u00fcck f\u00fcr Menschen ab acht Jahren kreiert. Henrik Albrecht arbeitete zudem die originale Partitur f\u00fcr gro\u00dfes Orchester zu einer Kammerorchesterversion mit 11 Musiker*innen um. In dieser Fassung wurde&nbsp;<em>Der Schauspieldirektor<\/em>&nbsp;bei den Salzburger Festspielen 2017 mit gro\u00dfem Erfolg uraufgef\u00fchrt. F\u00fcr die Er\u00f6ffnung des JOiN im Jahr 2018 entwickelte das Produktionsteam eine vollst\u00e4ndig neue Stuttgarter Fassung.<\/p>\n\n\n\n<p>Das Internationale Opernstudio gibt als \u201eTrainee-Programm\u201c der Staatsoper Stuttgart jungen S\u00e4nger*innen die M\u00f6glichkeit, erste Schritte im S\u00e4ngerberuf zu machen. Elena Tzavara, die Leiterin der Jungen Oper und Regisseurin des<em> Schauspieldirektors<\/em>, leitet gemeinsam mit Casting-Direktor Boris Ignatov das Internationale Opernstudio.<\/p>\n\n\n\n<div style=\"height:100px\" aria-hidden=\"true\" class=\"wp-block-spacer\"><\/div>\n\n\n\n<div class=\"wp-block-button aligncenter\"><a class=\"wp-block-button__link has-text-color has-very-dark-gray-color has-background has-luminous-vivid-amber-background-color\" href=\"https:\/\/www.staatsoper-stuttgart.de\/spielplan\/kalender\/2021-12\/der-schauspieldirektor\/4519\/\" target=\"_blank\" rel=\"noreferrer noopener\">Weitere Informationen<\/a><\/div>\n\n\n\n<div style=\"height:100px\" aria-hidden=\"true\" class=\"wp-block-spacer\"><\/div>\n\n\n\n<p class=\"has-small-font-size\">Foto: M. Baus<\/p>\n\n\n\n<div style=\"height:100px\" aria-hidden=\"true\" class=\"wp-block-spacer\"><\/div>\n","protected":false},"excerpt":{"rendered":"<p>Mit einer vollst\u00e4ndig neuen Besetzung aus Mitgliedern des Internationalen Opernstudios feiert die Erfolgsproduktion in der Jungen Oper im Nord (JOiN) ihr Comeback und ist au\u00dferdem als kostenloser Stream \u00fcber die Weihnachtsfeiertage online zu erleben Am Montag, den\u00a013. Dezember 2021\u00a0kehrt die Erfolgsproduktion\u00a0Der Schauspieldirektor\u00a0auf die B\u00fchne des JOiN (Junge Oper im Nord) zur\u00fcck. \u00dcber die Weihnachtsfeiertage ist\u00a0Der [&hellip;]<\/p>\n","protected":false},"author":1,"featured_media":45829,"comment_status":"open","ping_status":"open","sticky":false,"template":"","format":"standard","meta":{"_monsterinsights_skip_tracking":false,"_monsterinsights_sitenote_active":false,"_monsterinsights_sitenote_note":"","_monsterinsights_sitenote_category":0},"categories":[2815,53,10359],"tags":[6308],"yoast_head":"<!-- This site is optimized with the Yoast SEO plugin v20.5 - https:\/\/yoast.com\/wordpress\/plugins\/seo\/ -->\n<title>Staatsoper Stuttgart: Vorhang auf f\u00fcr den \u201eSchauspieldirektor\u201c! I szenik<\/title>\n<meta name=\"description\" content=\"\u00dcber die Weihnachtsfeiertage ist Der Schauspieldirektor kostenfrei als On-Demand-Stream auf der Website der Staatsoper Stuttgart verf\u00fcgbar.\" \/>\n<meta name=\"robots\" content=\"index, follow, max-snippet:-1, max-image-preview:large, max-video-preview:-1\" \/>\n<link rel=\"canonical\" href=\"https:\/\/www.szenik.eu\/de\/staatsoper-stuttgart-vorhang-auf-fuer-den-schauspieldirektor-45828\" \/>\n<meta property=\"og:locale\" content=\"de_DE\" \/>\n<meta property=\"og:type\" content=\"article\" \/>\n<meta property=\"og:title\" content=\"Staatsoper Stuttgart: Vorhang auf f\u00fcr den \u201eSchauspieldirektor\u201c! I szenik\" \/>\n<meta property=\"og:description\" content=\"\u00dcber die Weihnachtsfeiertage ist Der Schauspieldirektor kostenfrei als On-Demand-Stream auf der Website der Staatsoper Stuttgart verf\u00fcgbar.\" \/>\n<meta property=\"og:url\" content=\"https:\/\/www.szenik.eu\/de\/staatsoper-stuttgart-vorhang-auf-fuer-den-schauspieldirektor-45828\" \/>\n<meta property=\"og:site_name\" content=\"szenik\" \/>\n<meta property=\"article:publisher\" content=\"https:\/\/www.facebook.com\/szenik.eu\/\" \/>\n<meta property=\"article:published_time\" content=\"2021-12-07T11:52:25+00:00\" \/>\n<meta property=\"article:modified_time\" content=\"2021-12-07T11:52:29+00:00\" \/>\n<meta property=\"og:image\" content=\"https:\/\/www.szenik.eu\/wp-content\/uploads\/2021\/12\/Capture-d\u2019\u00e9cran-2021-12-07-\u00e0-12.50.40.png\" \/>\n\t<meta property=\"og:image:width\" content=\"1158\" \/>\n\t<meta property=\"og:image:height\" content=\"713\" \/>\n\t<meta property=\"og:image:type\" content=\"image\/png\" \/>\n<meta name=\"author\" content=\"szenik\" \/>\n<meta name=\"twitter:card\" content=\"summary_large_image\" \/>\n<meta name=\"twitter:creator\" content=\"@Szenik\" \/>\n<meta name=\"twitter:site\" content=\"@Szenik\" \/>\n<meta name=\"twitter:label1\" content=\"Verfasst von\" \/>\n\t<meta name=\"twitter:data1\" content=\"szenik\" \/>\n\t<meta name=\"twitter:label2\" content=\"Gesch\u00e4tzte Lesezeit\" \/>\n\t<meta name=\"twitter:data2\" content=\"2\u00a0Minuten\" \/>\n<script type=\"application\/ld+json\" class=\"yoast-schema-graph\">{\"@context\":\"https:\/\/schema.org\",\"@graph\":[{\"@type\":\"Article\",\"@id\":\"https:\/\/www.szenik.eu\/de\/staatsoper-stuttgart-vorhang-auf-fuer-den-schauspieldirektor-45828#article\",\"isPartOf\":{\"@id\":\"https:\/\/www.szenik.eu\/de\/staatsoper-stuttgart-vorhang-auf-fuer-den-schauspieldirektor-45828\"},\"author\":{\"name\":\"szenik\",\"@id\":\"https:\/\/www.szenik.eu\/de\/#\/schema\/person\/15f73f175b41bad194837490339d48fb\"},\"headline\":\"Staatsoper Stuttgart: Vorhang auf f\u00fcr den \u201eSchauspieldirektor\u201c!\",\"datePublished\":\"2021-12-07T11:52:25+00:00\",\"dateModified\":\"2021-12-07T11:52:29+00:00\",\"mainEntityOfPage\":{\"@id\":\"https:\/\/www.szenik.eu\/de\/staatsoper-stuttgart-vorhang-auf-fuer-den-schauspieldirektor-45828\"},\"wordCount\":332,\"commentCount\":0,\"publisher\":{\"@id\":\"https:\/\/www.szenik.eu\/de\/#organization\"},\"keywords\":[\"Staatsoper Stuttgart\"],\"articleSection\":[\"Kurz &amp; knackig\",\"Magazin\",\"TV \/ Streaming\"],\"inLanguage\":\"de\",\"potentialAction\":[{\"@type\":\"CommentAction\",\"name\":\"Comment\",\"target\":[\"https:\/\/www.szenik.eu\/de\/staatsoper-stuttgart-vorhang-auf-fuer-den-schauspieldirektor-45828#respond\"]}]},{\"@type\":\"WebPage\",\"@id\":\"https:\/\/www.szenik.eu\/de\/staatsoper-stuttgart-vorhang-auf-fuer-den-schauspieldirektor-45828\",\"url\":\"https:\/\/www.szenik.eu\/de\/staatsoper-stuttgart-vorhang-auf-fuer-den-schauspieldirektor-45828\",\"name\":\"Staatsoper Stuttgart: Vorhang auf f\u00fcr den \u201eSchauspieldirektor\u201c! I szenik\",\"isPartOf\":{\"@id\":\"https:\/\/www.szenik.eu\/de\/#website\"},\"datePublished\":\"2021-12-07T11:52:25+00:00\",\"dateModified\":\"2021-12-07T11:52:29+00:00\",\"description\":\"\u00dcber die Weihnachtsfeiertage ist Der Schauspieldirektor kostenfrei als On-Demand-Stream auf der Website der Staatsoper Stuttgart verf\u00fcgbar.\",\"breadcrumb\":{\"@id\":\"https:\/\/www.szenik.eu\/de\/staatsoper-stuttgart-vorhang-auf-fuer-den-schauspieldirektor-45828#breadcrumb\"},\"inLanguage\":\"de\",\"potentialAction\":[{\"@type\":\"ReadAction\",\"target\":[\"https:\/\/www.szenik.eu\/de\/staatsoper-stuttgart-vorhang-auf-fuer-den-schauspieldirektor-45828\"]}]},{\"@type\":\"BreadcrumbList\",\"@id\":\"https:\/\/www.szenik.eu\/de\/staatsoper-stuttgart-vorhang-auf-fuer-den-schauspieldirektor-45828#breadcrumb\",\"itemListElement\":[{\"@type\":\"ListItem\",\"position\":1,\"name\":\"Home\",\"item\":\"https:\/\/www.szenik.eu\/de\"},{\"@type\":\"ListItem\",\"position\":2,\"name\":\"Staatsoper Stuttgart: Vorhang auf f\u00fcr den \u201eSchauspieldirektor\u201c!\"}]},{\"@type\":\"WebSite\",\"@id\":\"https:\/\/www.szenik.eu\/de\/#website\",\"url\":\"https:\/\/www.szenik.eu\/de\/\",\"name\":\"szenik\",\"description\":\"Le Meilleur des sc\u00e8nes au coeur de l&#039;Europe\",\"publisher\":{\"@id\":\"https:\/\/www.szenik.eu\/de\/#organization\"},\"potentialAction\":[{\"@type\":\"SearchAction\",\"target\":{\"@type\":\"EntryPoint\",\"urlTemplate\":\"https:\/\/www.szenik.eu\/de\/?s={search_term_string}\"},\"query-input\":\"required name=search_term_string\"}],\"inLanguage\":\"de\"},{\"@type\":\"Organization\",\"@id\":\"https:\/\/www.szenik.eu\/de\/#organization\",\"name\":\"Szenik\",\"url\":\"https:\/\/www.szenik.eu\/de\/\",\"logo\":{\"@type\":\"ImageObject\",\"inLanguage\":\"de\",\"@id\":\"https:\/\/www.szenik.eu\/de\/#\/schema\/logo\/image\/\",\"url\":\"https:\/\/www.szenik.eu\/wp-content\/uploads\/2019\/07\/logo-square.png\",\"contentUrl\":\"https:\/\/www.szenik.eu\/wp-content\/uploads\/2019\/07\/logo-square.png\",\"width\":512,\"height\":512,\"caption\":\"Szenik\"},\"image\":{\"@id\":\"https:\/\/www.szenik.eu\/de\/#\/schema\/logo\/image\/\"},\"sameAs\":[\"https:\/\/www.facebook.com\/szenik.eu\/\",\"https:\/\/twitter.com\/Szenik\",\"https:\/\/www.instagram.com\/szenik_magazine\/\",\"https:\/\/www.youtube.com\/user\/SzenikEU\/\"]},{\"@type\":\"Person\",\"@id\":\"https:\/\/www.szenik.eu\/de\/#\/schema\/person\/15f73f175b41bad194837490339d48fb\",\"name\":\"szenik\",\"image\":{\"@type\":\"ImageObject\",\"inLanguage\":\"de\",\"@id\":\"https:\/\/www.szenik.eu\/de\/#\/schema\/person\/image\/\",\"url\":\"https:\/\/secure.gravatar.com\/avatar\/d1c4f19522a624a4eaa5e6c03e22370b?s=96&d=mm&r=g\",\"contentUrl\":\"https:\/\/secure.gravatar.com\/avatar\/d1c4f19522a624a4eaa5e6c03e22370b?s=96&d=mm&r=g\",\"caption\":\"szenik\"}}]}<\/script>\n<!-- \/ Yoast SEO plugin. -->","yoast_head_json":{"title":"Staatsoper Stuttgart: Vorhang auf f\u00fcr den \u201eSchauspieldirektor\u201c! I szenik","description":"\u00dcber die Weihnachtsfeiertage ist Der Schauspieldirektor kostenfrei als On-Demand-Stream auf der Website der Staatsoper Stuttgart verf\u00fcgbar.","robots":{"index":"index","follow":"follow","max-snippet":"max-snippet:-1","max-image-preview":"max-image-preview:large","max-video-preview":"max-video-preview:-1"},"canonical":"https:\/\/www.szenik.eu\/de\/staatsoper-stuttgart-vorhang-auf-fuer-den-schauspieldirektor-45828","og_locale":"de_DE","og_type":"article","og_title":"Staatsoper Stuttgart: Vorhang auf f\u00fcr den \u201eSchauspieldirektor\u201c! I szenik","og_description":"\u00dcber die Weihnachtsfeiertage ist Der Schauspieldirektor kostenfrei als On-Demand-Stream auf der Website der Staatsoper Stuttgart verf\u00fcgbar.","og_url":"https:\/\/www.szenik.eu\/de\/staatsoper-stuttgart-vorhang-auf-fuer-den-schauspieldirektor-45828","og_site_name":"szenik","article_publisher":"https:\/\/www.facebook.com\/szenik.eu\/","article_published_time":"2021-12-07T11:52:25+00:00","article_modified_time":"2021-12-07T11:52:29+00:00","og_image":[{"width":1158,"height":713,"url":"https:\/\/www.szenik.eu\/wp-content\/uploads\/2021\/12\/Capture-d\u2019\u00e9cran-2021-12-07-\u00e0-12.50.40.png","type":"image\/png"}],"author":"szenik","twitter_card":"summary_large_image","twitter_creator":"@Szenik","twitter_site":"@Szenik","twitter_misc":{"Verfasst von":"szenik","Gesch\u00e4tzte Lesezeit":"2\u00a0Minuten"},"schema":{"@context":"https:\/\/schema.org","@graph":[{"@type":"Article","@id":"https:\/\/www.szenik.eu\/de\/staatsoper-stuttgart-vorhang-auf-fuer-den-schauspieldirektor-45828#article","isPartOf":{"@id":"https:\/\/www.szenik.eu\/de\/staatsoper-stuttgart-vorhang-auf-fuer-den-schauspieldirektor-45828"},"author":{"name":"szenik","@id":"https:\/\/www.szenik.eu\/de\/#\/schema\/person\/15f73f175b41bad194837490339d48fb"},"headline":"Staatsoper Stuttgart: Vorhang auf f\u00fcr den \u201eSchauspieldirektor\u201c!","datePublished":"2021-12-07T11:52:25+00:00","dateModified":"2021-12-07T11:52:29+00:00","mainEntityOfPage":{"@id":"https:\/\/www.szenik.eu\/de\/staatsoper-stuttgart-vorhang-auf-fuer-den-schauspieldirektor-45828"},"wordCount":332,"commentCount":0,"publisher":{"@id":"https:\/\/www.szenik.eu\/de\/#organization"},"keywords":["Staatsoper Stuttgart"],"articleSection":["Kurz &amp; knackig","Magazin","TV \/ Streaming"],"inLanguage":"de","potentialAction":[{"@type":"CommentAction","name":"Comment","target":["https:\/\/www.szenik.eu\/de\/staatsoper-stuttgart-vorhang-auf-fuer-den-schauspieldirektor-45828#respond"]}]},{"@type":"WebPage","@id":"https:\/\/www.szenik.eu\/de\/staatsoper-stuttgart-vorhang-auf-fuer-den-schauspieldirektor-45828","url":"https:\/\/www.szenik.eu\/de\/staatsoper-stuttgart-vorhang-auf-fuer-den-schauspieldirektor-45828","name":"Staatsoper Stuttgart: Vorhang auf f\u00fcr den \u201eSchauspieldirektor\u201c! I szenik","isPartOf":{"@id":"https:\/\/www.szenik.eu\/de\/#website"},"datePublished":"2021-12-07T11:52:25+00:00","dateModified":"2021-12-07T11:52:29+00:00","description":"\u00dcber die Weihnachtsfeiertage ist Der Schauspieldirektor kostenfrei als On-Demand-Stream auf der Website der Staatsoper Stuttgart verf\u00fcgbar.","breadcrumb":{"@id":"https:\/\/www.szenik.eu\/de\/staatsoper-stuttgart-vorhang-auf-fuer-den-schauspieldirektor-45828#breadcrumb"},"inLanguage":"de","potentialAction":[{"@type":"ReadAction","target":["https:\/\/www.szenik.eu\/de\/staatsoper-stuttgart-vorhang-auf-fuer-den-schauspieldirektor-45828"]}]},{"@type":"BreadcrumbList","@id":"https:\/\/www.szenik.eu\/de\/staatsoper-stuttgart-vorhang-auf-fuer-den-schauspieldirektor-45828#breadcrumb","itemListElement":[{"@type":"ListItem","position":1,"name":"Home","item":"https:\/\/www.szenik.eu\/de"},{"@type":"ListItem","position":2,"name":"Staatsoper Stuttgart: Vorhang auf f\u00fcr den \u201eSchauspieldirektor\u201c!"}]},{"@type":"WebSite","@id":"https:\/\/www.szenik.eu\/de\/#website","url":"https:\/\/www.szenik.eu\/de\/","name":"szenik","description":"Le Meilleur des sc\u00e8nes au coeur de l&#039;Europe","publisher":{"@id":"https:\/\/www.szenik.eu\/de\/#organization"},"potentialAction":[{"@type":"SearchAction","target":{"@type":"EntryPoint","urlTemplate":"https:\/\/www.szenik.eu\/de\/?s={search_term_string}"},"query-input":"required name=search_term_string"}],"inLanguage":"de"},{"@type":"Organization","@id":"https:\/\/www.szenik.eu\/de\/#organization","name":"Szenik","url":"https:\/\/www.szenik.eu\/de\/","logo":{"@type":"ImageObject","inLanguage":"de","@id":"https:\/\/www.szenik.eu\/de\/#\/schema\/logo\/image\/","url":"https:\/\/www.szenik.eu\/wp-content\/uploads\/2019\/07\/logo-square.png","contentUrl":"https:\/\/www.szenik.eu\/wp-content\/uploads\/2019\/07\/logo-square.png","width":512,"height":512,"caption":"Szenik"},"image":{"@id":"https:\/\/www.szenik.eu\/de\/#\/schema\/logo\/image\/"},"sameAs":["https:\/\/www.facebook.com\/szenik.eu\/","https:\/\/twitter.com\/Szenik","https:\/\/www.instagram.com\/szenik_magazine\/","https:\/\/www.youtube.com\/user\/SzenikEU\/"]},{"@type":"Person","@id":"https:\/\/www.szenik.eu\/de\/#\/schema\/person\/15f73f175b41bad194837490339d48fb","name":"szenik","image":{"@type":"ImageObject","inLanguage":"de","@id":"https:\/\/www.szenik.eu\/de\/#\/schema\/person\/image\/","url":"https:\/\/secure.gravatar.com\/avatar\/d1c4f19522a624a4eaa5e6c03e22370b?s=96&d=mm&r=g","contentUrl":"https:\/\/secure.gravatar.com\/avatar\/d1c4f19522a624a4eaa5e6c03e22370b?s=96&d=mm&r=g","caption":"szenik"}}]}},"jetpack_featured_media_url":"https:\/\/www.szenik.eu\/wp-content\/uploads\/2021\/12\/Capture-d\u2019\u00e9cran-2021-12-07-\u00e0-12.50.40.png","amp_enabled":true,"_links":{"self":[{"href":"https:\/\/www.szenik.eu\/de\/wp-json\/\/wp\/v2\/posts\/45828"}],"collection":[{"href":"https:\/\/www.szenik.eu\/de\/wp-json\/\/wp\/v2\/posts"}],"about":[{"href":"https:\/\/www.szenik.eu\/de\/wp-json\/\/wp\/v2\/types\/post"}],"author":[{"embeddable":true,"href":"https:\/\/www.szenik.eu\/de\/wp-json\/\/wp\/v2\/users\/1"}],"replies":[{"embeddable":true,"href":"https:\/\/www.szenik.eu\/de\/wp-json\/\/wp\/v2\/comments?post=45828"}],"version-history":[{"count":1,"href":"https:\/\/www.szenik.eu\/de\/wp-json\/\/wp\/v2\/posts\/45828\/revisions"}],"predecessor-version":[{"id":45831,"href":"https:\/\/www.szenik.eu\/de\/wp-json\/\/wp\/v2\/posts\/45828\/revisions\/45831"}],"wp:featuredmedia":[{"embeddable":true,"href":"https:\/\/www.szenik.eu\/de\/wp-json\/\/wp\/v2\/media\/45829"}],"wp:attachment":[{"href":"https:\/\/www.szenik.eu\/de\/wp-json\/\/wp\/v2\/media?parent=45828"}],"wp:term":[{"taxonomy":"category","embeddable":true,"href":"https:\/\/www.szenik.eu\/de\/wp-json\/\/wp\/v2\/categories?post=45828"},{"taxonomy":"post_tag","embeddable":true,"href":"https:\/\/www.szenik.eu\/de\/wp-json\/\/wp\/v2\/tags?post=45828"}],"curies":[{"name":"wp","href":"https:\/\/api.w.org\/{rel}","templated":true}]}}