{"id":45817,"date":"2021-12-07T11:51:51","date_gmt":"2021-12-07T10:51:51","guid":{"rendered":"https:\/\/www.szenik.eu\/tribuhne-3-focus-sur-le-theatre-jeune-public-45817"},"modified":"2021-12-07T12:13:23","modified_gmt":"2021-12-07T11:13:23","slug":"tribuhne-3-focus-sur-le-theatre-jeune-public","status":"publish","type":"post","link":"https:\/\/www.szenik.eu\/de\/tribuhne-3-focus-sur-le-theatre-jeune-public-45817","title":{"rendered":"Trib\u00fchne #3: Fokus auf das Kinder-und Jugendtheater"},"content":{"rendered":"\n<h2>Manon Bilger (TRANSC3ND), Anne-Catherine Schwamborn (\u00dcberzwerg-Theater), Laura Graser (Assitej Luxembourg) und Clotilde Ast (TiGrE) antworten auf folgende Frage: Das <strong>Kinder-und Jugendtheater :<\/strong>\u00a0Ein bislang unergr\u00fcndetes Terrain<br>der grenz\u00fcberschreitenden Kulturschaffenden?<\/h2>\n\n\n\n<div style=\"height:100px\" aria-hidden=\"true\" class=\"wp-block-spacer\"><\/div>\n\n\n\n<p>In dieser Gespr\u00e4chsrunde tauschen sich unsere Teilnehmerinnen \u00fcber den Platz der Kunst &amp; Kultur im Schulbereich, zweisprachige B\u00fchnenproduktionen und F\u00f6rderungsm\u00f6glichkeiten f\u00fcr Jugendprojekte aus. Werden die Jugendlichen oft in den Spielzeitplanungen vergessen? Spielen Sprache und Form einer Produktion eine gro\u00dfe Rolle? Wird der grenz\u00fcberschreitende Kulturaustausch durch ein administrativ und politisch schwieriges System in seinen M\u00f6glichkeiten eingeschr\u00e4nkt?\u00a0<\/p>\n\n\n\n<div style=\"height:57px\" aria-hidden=\"true\" class=\"wp-block-spacer\"><\/div>\n\n\n\n<h3 class=\"has-text-align-center\"><strong>Unsere Teilnehmerinnen<\/strong><\/h3>\n\n\n\n<div style=\"height:20px\" aria-hidden=\"true\" class=\"wp-block-spacer\"><\/div>\n\n\n\n<p>&nbsp;<\/p>\n\n\n\n<p class=\"has-background has-text-align-center has-medium-font-size has-very-light-gray-background-color\"><strong><a href=\"https:\/\/www.ueberzwerg.de\" target=\"_blank\" rel=\"noreferrer noopener\" aria-label=\"\u00fcberzwerg \u2013 Theater am K\u00e4stnerplatz (opens in a new tab)\">\u00fcberzwerg \u2013 Theater am K\u00e4stnerplatz<\/a><\/strong><br><em>Saarbr\u00fccken<\/em><\/p>\n\n\n\n<div style=\"height:20px\" aria-hidden=\"true\" class=\"wp-block-spacer\"><\/div>\n\n\n\n<p>Das \u00fcberzwerg Theater hat sich in den fast 25 Jahren seines Bestehens zum gr\u00f6\u00dften professionellen Kinder- und Jugendtheater im S\u00fcdwesten Deutschlands entwickelt. Das \u00fcberzwerg ist ein Theater f\u00fcr alle. Auf Grund seiner Vernetzung mit Kinderg\u00e4rten und Schulen erreicht das Theater alle sozialen Schichten.<\/p>\n\n\n\n<p>Bei der St\u00fcckauswahl achten wir auf Themen, die Kinder bzw. Jugendliche angehen, und bem\u00fchen uns, formal und \u00e4sthetisch unterschiedliche Inszenierungen anzubieten. Gerade im Kinder- und Jugendtheater gilt es, auf das ge\u00e4nderte Medien- und Konsumverhalten von Kindern und Jugendlichen angemessen zu reagieren.<\/p>\n\n\n\n<div style=\"height:35px\" aria-hidden=\"true\" class=\"wp-block-spacer\"><\/div>\n\n\n\n<figure class=\"wp-block-image size-large\"><img decoding=\"async\" loading=\"lazy\" width=\"1024\" height=\"538\" src=\"https:\/\/www.szenik.eu\/wp-content\/uploads\/2021\/12\/ueberzwerg-1024x538.jpg\" alt=\"\" class=\"wp-image-45795\" srcset=\"https:\/\/www.szenik.eu\/wp-content\/uploads\/2021\/12\/ueberzwerg-1024x538.jpg 1024w, https:\/\/www.szenik.eu\/wp-content\/uploads\/2021\/12\/ueberzwerg-300x158.jpg 300w, https:\/\/www.szenik.eu\/wp-content\/uploads\/2021\/12\/ueberzwerg-768x403.jpg 768w, https:\/\/www.szenik.eu\/wp-content\/uploads\/2021\/12\/ueberzwerg-750x394.jpg 750w, https:\/\/www.szenik.eu\/wp-content\/uploads\/2021\/12\/ueberzwerg-1140x599.jpg 1140w, https:\/\/www.szenik.eu\/wp-content\/uploads\/2021\/12\/ueberzwerg.jpg 1200w\" sizes=\"(max-width: 1024px) 100vw, 1024px\" \/><figcaption>Uwe Bellhaeuser <\/figcaption><\/figure>\n\n\n\n<div style=\"height:35px\" aria-hidden=\"true\" class=\"wp-block-spacer\"><\/div>\n\n\n\n<p><strong>Anne-Catherine Schwamborn<\/strong> wurde in Essen von einer franz\u00f6sischen Mutter und einem deutschen Vater geboren. Sie studierte \u201eDeutsch-Franz\u00f6sische Studien \u2013 Grenz\u00fcbeschreitende Kommunikation und Kooperation\u201c an der Universit\u00e9 de Metz (Frankreich) und der Universit\u00e4t Saarbr\u00fccken (Deutschland). Nach ihrem Studium arbeitete sie einige Jahre f\u00fcr den bekannten Agenten und Franz\u00f6sischen Theatermann Andr\u00e9 Gintzburger in Paris, der Compagnien des Cirque Nouveau in die ganze Welt vermittelte. Heute arbeitet sie als Dramaturgin, Presse- und \u00d6ffentlichkeitsarbeit am Kinder- und Jugendtheater \u00fcberzwerg \u2013 Theater am K\u00e4stnerplatz in Saarbr\u00fccken.<\/p>\n\n\n\n<div style=\"height:34px\" aria-hidden=\"true\" class=\"wp-block-spacer\"><\/div>\n\n\n\n<figure class=\"wp-block-image size-large\"><img decoding=\"async\" loading=\"lazy\" width=\"1024\" height=\"538\" src=\"https:\/\/www.szenik.eu\/wp-content\/uploads\/2021\/12\/Anna-Schwamborn-1024x538.jpg\" alt=\"\" class=\"wp-image-45797\" srcset=\"https:\/\/www.szenik.eu\/wp-content\/uploads\/2021\/12\/Anna-Schwamborn-1024x538.jpg 1024w, https:\/\/www.szenik.eu\/wp-content\/uploads\/2021\/12\/Anna-Schwamborn-300x158.jpg 300w, https:\/\/www.szenik.eu\/wp-content\/uploads\/2021\/12\/Anna-Schwamborn-768x403.jpg 768w, https:\/\/www.szenik.eu\/wp-content\/uploads\/2021\/12\/Anna-Schwamborn-750x394.jpg 750w, https:\/\/www.szenik.eu\/wp-content\/uploads\/2021\/12\/Anna-Schwamborn-1140x599.jpg 1140w, https:\/\/www.szenik.eu\/wp-content\/uploads\/2021\/12\/Anna-Schwamborn.jpg 1200w\" sizes=\"(max-width: 1024px) 100vw, 1024px\" \/><figcaption>Lilli Breininger<\/figcaption><\/figure>\n\n\n\n<div style=\"height:43px\" aria-hidden=\"true\" class=\"wp-block-spacer\"><\/div>\n\n\n\n<p class=\"has-background has-text-align-center has-medium-font-size has-very-light-gray-background-color\"><strong><a rel=\"noreferrer noopener\" aria-label=\"TRANSC3ND (opens in a new tab)\" href=\"https:\/\/www.transc3nd.org\" target=\"_blank\">TRANSC3ND<\/a><\/strong><br><em>Strasbourg<\/em><\/p>\n\n\n\n<div style=\"height:20px\" aria-hidden=\"true\" class=\"wp-block-spacer\"><\/div>\n\n\n\n<p>TRANSC3ND ist ein Kulturverein, der die Kraft der darstellenden K\u00fcnste nutzt, insbesondere des Improvisationstheaters, um sprachliche, sozio\u00f6konomische und kulturelle Grenzen zu \u00fcberschreiten. Der Verein f\u00f6rdert so das Zusammenleben und den kulturellen Austausch. TRANSC3ND organisiert, unter anderem, k\u00fcnstlerische Workshops f\u00fcr deutsch- und franz\u00f6sischsprachige Kinder und Jugendliche.<\/p>\n\n\n\n<div style=\"height:39px\" aria-hidden=\"true\" class=\"wp-block-spacer\"><\/div>\n\n\n\n<figure class=\"wp-block-embed-youtube aligncenter wp-block-embed is-type-video is-provider-youtube wp-embed-aspect-16-9 wp-has-aspect-ratio\"><div class=\"wp-block-embed__wrapper\">\n<iframe loading=\"lazy\" title=\"Artefaktory Camp 2021\" width=\"500\" height=\"281\" src=\"https:\/\/www.youtube.com\/embed\/Z5ebfGAu5Sk?feature=oembed\" frameborder=\"0\" allow=\"accelerometer; autoplay; clipboard-write; encrypted-media; gyroscope; picture-in-picture\" allowfullscreen><\/iframe>\n<\/div><figcaption>Artefaktory Camp 2021<\/figcaption><\/figure>\n\n\n\n<div style=\"height:39px\" aria-hidden=\"true\" class=\"wp-block-spacer\"><\/div>\n\n\n\n<p><strong>Manon Bilger<\/strong> wurde im Elsass geboren und studiert derzeitig im Masterstudiengang Kulturpolitik und Kulturmanagement an der Science Po Strasbourg. Sie stammt aus Saint-Louis (an der Grenze zwischen Frankreich, Deutschland und der Schweiz).\u00a0<\/p>\n\n\n\n<p>Letztes Jahr ging Manon f\u00fcr einen Austausch nach Amerika. Diese Erfahrung hat sie wachsen lassen und eine unersch\u00fctterliche Motivation gen\u00e4hrt, ihren Traum wahr werden zu lassen: Grenzen zu \u00fcberschreiten und den menschlichen Kontakt zwischen Menschen aus verschiedenen Kulturen zu f\u00f6rdern.<\/p>\n\n\n\n<p>Warum Theater und Performancekunst? Ganz einfach, weil diese eine sehr wichtige Rolle in ihrem Leben gespielt haben. Als Kind war sie sehr sch\u00fcchtern. Vor allem das Theaterspielen half ihr, ihre Angst zu \u00fcberwinden und sich zu anderen und der Welt zu \u00f6ffnen. Manon m\u00f6chte zuk\u00fcnftig ihre Leidenschaft mit anderen teilen!<\/p>\n\n\n\n<div style=\"height:35px\" aria-hidden=\"true\" class=\"wp-block-spacer\"><\/div>\n\n\n\n<figure class=\"wp-block-image size-large\"><img decoding=\"async\" loading=\"lazy\" width=\"1024\" height=\"538\" src=\"https:\/\/www.szenik.eu\/wp-content\/uploads\/2021\/12\/TRANSC3ND-Manon-1024x538.jpg\" alt=\"\" class=\"wp-image-45799\" srcset=\"https:\/\/www.szenik.eu\/wp-content\/uploads\/2021\/12\/TRANSC3ND-Manon-1024x538.jpg 1024w, https:\/\/www.szenik.eu\/wp-content\/uploads\/2021\/12\/TRANSC3ND-Manon-300x158.jpg 300w, https:\/\/www.szenik.eu\/wp-content\/uploads\/2021\/12\/TRANSC3ND-Manon-768x403.jpg 768w, https:\/\/www.szenik.eu\/wp-content\/uploads\/2021\/12\/TRANSC3ND-Manon-750x394.jpg 750w, https:\/\/www.szenik.eu\/wp-content\/uploads\/2021\/12\/TRANSC3ND-Manon-1140x599.jpg 1140w, https:\/\/www.szenik.eu\/wp-content\/uploads\/2021\/12\/TRANSC3ND-Manon.jpg 1200w\" sizes=\"(max-width: 1024px) 100vw, 1024px\" \/><figcaption>Manon Bilger<\/figcaption><\/figure>\n\n\n\n<div style=\"height:35px\" aria-hidden=\"true\" class=\"wp-block-spacer\"><\/div>\n\n\n\n<p class=\"has-background has-text-align-center has-medium-font-size has-very-light-gray-background-color\"><a href=\"http:\/\/assitej.lu\" target=\"_blank\" rel=\"noreferrer noopener\" aria-label=\"ASSITEJ  (opens in a new tab)\"><strong>ASSITEJ<\/strong> <\/a><br><em>Luxembourg<\/em><\/p>\n\n\n\n<div style=\"height:20px\" aria-hidden=\"true\" class=\"wp-block-spacer\"><\/div>\n\n\n\n<p>ASSITEJ\u00a0(Association Internationale du Th\u00e9\u00e2tre pour L\u2019Enfance et la Jeunesse). Gegr\u00fcndet 1965 bilden 80 nationale Zentren ein weltweites Netzwerk von Theatern, Veranstaltern sowie Theaterschaffenden f\u00fcr ein junges Publikum auf allen Kontinenten. Erhaltung, Entwicklung und F\u00f6rderung des Kinder- und Jugendtheaters auf nationaler Ebene wie auch internationale Kollaborationen sind die erkl\u00e4rten Ziele.<\/p>\n\n\n\n<p>Luxemburg ist seit 2008 in der ASSITEJ International vertreten. 2020 wurde der Verein ASSITEJ Luxembourg asbl gegr\u00fcndet.<\/p>\n\n\n\n<p>Der Verein m\u00f6chte s\u00e4mtliche in Luxemburg t\u00e4tigen Fachleute im Bereich der darstellenden K\u00fcnste f\u00fcr junges Publikum, sowie alle Personen, die sich f\u00fcr die Anerkennung dieses Sektors einsetzen, zusammenschlie\u00dfen.<\/p>\n\n\n\n<div style=\"height:34px\" aria-hidden=\"true\" class=\"wp-block-spacer\"><\/div>\n\n\n\n<figure class=\"wp-block-image size-large\"><img decoding=\"async\" loading=\"lazy\" width=\"1024\" height=\"538\" src=\"https:\/\/www.szenik.eu\/wp-content\/uploads\/2021\/12\/Assitej-1024x538.jpg\" alt=\"\" class=\"wp-image-45801\" srcset=\"https:\/\/www.szenik.eu\/wp-content\/uploads\/2021\/12\/Assitej-1024x538.jpg 1024w, https:\/\/www.szenik.eu\/wp-content\/uploads\/2021\/12\/Assitej-300x158.jpg 300w, https:\/\/www.szenik.eu\/wp-content\/uploads\/2021\/12\/Assitej-768x403.jpg 768w, https:\/\/www.szenik.eu\/wp-content\/uploads\/2021\/12\/Assitej-750x394.jpg 750w, https:\/\/www.szenik.eu\/wp-content\/uploads\/2021\/12\/Assitej-1140x599.jpg 1140w, https:\/\/www.szenik.eu\/wp-content\/uploads\/2021\/12\/Assitej.jpg 1200w\" sizes=\"(max-width: 1024px) 100vw, 1024px\" \/><figcaption>L.Junet<\/figcaption><\/figure>\n\n\n\n<div style=\"height:33px\" aria-hidden=\"true\" class=\"wp-block-spacer\"><\/div>\n\n\n\n<p>Vorsitzende der ASSITEJ Luxembourg &amp; Zust\u00e4ndig f\u00fcr das B\u00fchnenkunstprogramm und Labos in Les Rotondes (LU).<\/p>\n\n\n\n<p><strong>Laura Graser <\/strong>(*1981) studierte soziokulturelle Animation in Br\u00fcssel sowie Theater- und Musikmanagement in M\u00fcnchen. Im Rahmen von &#8222;Luxemburg und Gro\u00dfregion, Kulturhauptstadt Europas&#8220; (2007) war sie f\u00fcr das Kinder-und Jugendprogramm zust\u00e4ndig. In diesem Zusammenhang konnte sie ein umfangreiches Programm f\u00fcr die darstellenden K\u00fcnste entwickeln, das sowohl zum Entdecken als auch zum Mitmachen einlud.<\/p>\n\n\n\n<p>Heute ist Laura Graser Leiterin der Abteilung f\u00fcr darstellende K\u00fcnste und Labore bei Les Rotondes in Luxemburg-Stadt. Der multidisziplin\u00e4re Kulturraum, der vom Kulturministerium und der Stadt Luxemburg gef\u00f6rdert wird, wurde im Anschluss an das Projekt 2007 gegr\u00fcndet. Das Programm der darstellenden K\u00fcnste &#8211; ausgerichtet auf ein junges und breites Publikum &#8211; wurde bereits mit dem &#8222;Prix de l&#8217;organisateur&#8220; der ASSITEJ e.V. Deutschland ausgezeichnet.<\/p>\n\n\n\n<div style=\"height:35px\" aria-hidden=\"true\" class=\"wp-block-spacer\"><\/div>\n\n\n\n<figure class=\"wp-block-image size-large\"><img decoding=\"async\" loading=\"lazy\" width=\"1024\" height=\"538\" src=\"https:\/\/www.szenik.eu\/wp-content\/uploads\/2021\/12\/Laura-Graser-1024x538.jpg\" alt=\"\" class=\"wp-image-45803\" srcset=\"https:\/\/www.szenik.eu\/wp-content\/uploads\/2021\/12\/Laura-Graser-1024x538.jpg 1024w, https:\/\/www.szenik.eu\/wp-content\/uploads\/2021\/12\/Laura-Graser-300x158.jpg 300w, https:\/\/www.szenik.eu\/wp-content\/uploads\/2021\/12\/Laura-Graser-768x403.jpg 768w, https:\/\/www.szenik.eu\/wp-content\/uploads\/2021\/12\/Laura-Graser-750x394.jpg 750w, https:\/\/www.szenik.eu\/wp-content\/uploads\/2021\/12\/Laura-Graser-1140x599.jpg 1140w, https:\/\/www.szenik.eu\/wp-content\/uploads\/2021\/12\/Laura-Graser.jpg 1200w\" sizes=\"(max-width: 1024px) 100vw, 1024px\" \/><figcaption>Bohumil  K O S T O H R Y Z<\/figcaption><\/figure>\n\n\n\n<div style=\"height:32px\" aria-hidden=\"true\" class=\"wp-block-spacer\"><\/div>\n\n\n\n<p class=\"has-background has-text-align-center has-medium-font-size has-very-light-gray-background-color\">&nbsp;<a href=\"https:\/\/jeunepublicdugrandest.fr\" target=\"_blank\" rel=\"noreferrer noopener\" aria-label=\"TiGrE (opens in a new tab)\"><strong>TiGrE<\/strong><\/a><br><strong>R\u00e9seau&nbsp;jeune public&nbsp;du&nbsp;Grand Est&nbsp;<\/strong><\/p>\n\n\n\n<div style=\"height:20px\" aria-hidden=\"true\" class=\"wp-block-spacer\"><\/div>\n\n\n\n<p>Das\u00a0TiGrE-Netzwerk ist eine Plattform f\u00fcr junges Publikum im Grand Est.<br>Als Mitglied von Sc\u00e8nes d&#8217;enfance &#8211; Assitej France vereint es etwa 50 Mitglieder. Das Netzwerk setzt sich f\u00fcr die territoriale Vernetzung und die solide Entwicklung von Praktiken im Bereich der darstellenden K\u00fcnste f\u00fcr Kinder und Jugendliche ein. Zu den Mitgliedern geh\u00f6ren kulturelle Insitutionen sowie Kunst-und Kulturschaffende. Dank der Plattform k\u00f6nnen K\u00fcnstlerInnen und Veranstalter direkt zusammenarbeiten und gemeinsame Projekte entwickeln.\u00a0<\/p>\n\n\n\n<p>Zu den aktuellen Projekten geh\u00f6ren die k\u00fcnstlerische und kulturelle Erziehung sowie die Entwicklung eines Stipendiums zur Unterst\u00fctzung lokaler K\u00fcnstlerInnen.<\/p>\n\n\n\n<p>Das Netzwerk organisiert regelm\u00e4\u00dfig Gespr\u00e4chsrunden &amp; Treffen bei regionalen Veranstaltungen (Festival mondial des th\u00e9\u00e2tres de marionnettes in Charleville M\u00e9zi\u00e8res, Mini Musica in Stra\u00dfburg, Spectacles en recommand\u00e9s in Metz oder auch Momix in Kingersheim).<\/p>\n\n\n\n<div style=\"height:33px\" aria-hidden=\"true\" class=\"wp-block-spacer\"><\/div>\n\n\n\n<figure class=\"wp-block-image size-large\"><img decoding=\"async\" loading=\"lazy\" width=\"1024\" height=\"538\" src=\"https:\/\/www.szenik.eu\/wp-content\/uploads\/2021\/12\/TiGrE-1024x538.jpg\" alt=\"\" class=\"wp-image-45805\" srcset=\"https:\/\/www.szenik.eu\/wp-content\/uploads\/2021\/12\/TiGrE-1024x538.jpg 1024w, https:\/\/www.szenik.eu\/wp-content\/uploads\/2021\/12\/TiGrE-300x158.jpg 300w, https:\/\/www.szenik.eu\/wp-content\/uploads\/2021\/12\/TiGrE-768x403.jpg 768w, https:\/\/www.szenik.eu\/wp-content\/uploads\/2021\/12\/TiGrE-750x394.jpg 750w, https:\/\/www.szenik.eu\/wp-content\/uploads\/2021\/12\/TiGrE-1140x599.jpg 1140w, https:\/\/www.szenik.eu\/wp-content\/uploads\/2021\/12\/TiGrE.jpg 1200w\" sizes=\"(max-width: 1024px) 100vw, 1024px\" \/><figcaption>TiGrE<\/figcaption><\/figure>\n\n\n\n<div style=\"height:32px\" aria-hidden=\"true\" class=\"wp-block-spacer\"><\/div>\n\n\n\n<p>Produktion &amp; Adminsitration. Mit ihrem Studium an der Universit\u00e9 de Lorraine in Metz erhielt <strong>Clotilde Ast <\/strong>ein Diplom in Expertise- und Kulturvermittlung.\u00a0<\/p>\n\n\n\n<p>Schon sehr fr\u00fch war sie in wohlt\u00e4tigen Vereinen aktiv und trat ab 1999 dem Universit\u00e4tstheaterfestival Actor&#8217;s caf\u00e9 in Metz bei. Im Jahr 2004 koordinierte sie den Empfang der K\u00fcnstlerInnen f\u00fcr das Tanzfestival Cour des Capucins in Luxemburg. Sie gr\u00fcndete zusammen mit dem Team der Association Magdalena in Metz das Festival l&#8217;Entonnoir insomniaque, das sie f\u00fcnf Jahre lang als eine der HauptkoordinatorInnen und organisatorInnen betreute. 2005 schloss sie sich der Compagnie des Bestioles als Produktionsbeauftragte an und wurde Tontechnikerin der Gruppe Le Singe Blanc. Seitdem verfolgt sie eine doppelte Praxis als Produktionsleiterin (f\u00fcr die Kompagnien Les Bestioles und Cie Mamaille) und Tontechnikerin.&nbsp;<\/p>\n\n\n\n<p>2019 schloss sie sich dem Netzwerk f\u00fcr junges Publikum im Grand Est (jetzt TiGrE) an, dessen Ko-Vorsitzende sie seit 2021 zusammen mit Alexandre Birker von Sc\u00e8nes et Territoires ist.<\/p>\n\n\n\n<div style=\"height:33px\" aria-hidden=\"true\" class=\"wp-block-spacer\"><\/div>\n\n\n\n<figure class=\"wp-block-image size-large\"><img decoding=\"async\" loading=\"lazy\" width=\"1024\" height=\"538\" src=\"https:\/\/www.szenik.eu\/wp-content\/uploads\/2021\/12\/ClotildeAst-1024x538.jpg\" alt=\"\" class=\"wp-image-45807\" srcset=\"https:\/\/www.szenik.eu\/wp-content\/uploads\/2021\/12\/ClotildeAst-1024x538.jpg 1024w, https:\/\/www.szenik.eu\/wp-content\/uploads\/2021\/12\/ClotildeAst-300x158.jpg 300w, https:\/\/www.szenik.eu\/wp-content\/uploads\/2021\/12\/ClotildeAst-768x403.jpg 768w, https:\/\/www.szenik.eu\/wp-content\/uploads\/2021\/12\/ClotildeAst-750x394.jpg 750w, https:\/\/www.szenik.eu\/wp-content\/uploads\/2021\/12\/ClotildeAst-1140x599.jpg 1140w, https:\/\/www.szenik.eu\/wp-content\/uploads\/2021\/12\/ClotildeAst.jpg 1200w\" sizes=\"(max-width: 1024px) 100vw, 1024px\" \/><figcaption>Clotilde Ast<\/figcaption><\/figure>\n\n\n\n<div style=\"height:33px\" aria-hidden=\"true\" class=\"wp-block-spacer\"><\/div>\n\n\n\n<p class=\"has-background has-text-align-center has-medium-font-size has-pale-cyan-blue-background-color\">Moderator: <strong>Pascal Schweitzer<\/strong><\/p>\n\n\n\n<div style=\"height:20px\" aria-hidden=\"true\" class=\"wp-block-spacer\"><\/div>\n\n\n\n<p>Pascal Schweitzer ist seit drei\u00dfig Jahren als Verleger und \u00dcbersetzer t\u00e4tig. Er hat zahlreiche B\u00fccher f\u00fcr das breite Publikum &#8211; auch f\u00fcr Jugendliche &#8211; in Frankreich und Deutschland, vor allem in der Region Grand Est, in Baden-W\u00fcrttemberg und Rheinland-Pfalz, ver\u00f6ffentlicht und vertrieben. Er war lange Zeit bei einer gro\u00dfen \u00fcberregionalen Pressegruppe angestellt und gr\u00fcndete dann seine eigene Struktur.<\/p>\n\n\n\n<p>Pascal Schweitzer ist Mitbegr\u00fcnder des Masterstudiengangs Verlagswesen an der Universit\u00e9 de Strasbourg &#8211; page officielle. Er unterrichtete ebenso Buchhandel an den Universit\u00e4ten in Mulhouse und Nancy. Neben seiner T\u00e4tigkeit als Verlagsberater unterrichtet er seit f\u00fcnf Jahren Deutsch in der Mittel- und Oberstufe.<\/p>\n\n\n\n<p>Er interessiert sich seit jeher f\u00fcr deutsch-franz\u00f6sische Fragen, insbesondere im Oberrheingebiet. Auf pers\u00f6nlicher Ebene hat er zu mehreren Initiativen in den Bereichen Kleinkindbetreuung, Kultur und Umwelt beigetragen.<\/p>\n\n\n\n<div style=\"height:34px\" aria-hidden=\"true\" class=\"wp-block-spacer\"><\/div>\n\n\n\n<figure class=\"wp-block-image size-large\"><img decoding=\"async\" loading=\"lazy\" width=\"1024\" height=\"538\" src=\"https:\/\/www.szenik.eu\/wp-content\/uploads\/2021\/12\/PAscalSchweitzer-1024x538.jpg\" alt=\"\" class=\"wp-image-45810\" srcset=\"https:\/\/www.szenik.eu\/wp-content\/uploads\/2021\/12\/PAscalSchweitzer-1024x538.jpg 1024w, https:\/\/www.szenik.eu\/wp-content\/uploads\/2021\/12\/PAscalSchweitzer-300x158.jpg 300w, https:\/\/www.szenik.eu\/wp-content\/uploads\/2021\/12\/PAscalSchweitzer-768x403.jpg 768w, https:\/\/www.szenik.eu\/wp-content\/uploads\/2021\/12\/PAscalSchweitzer-750x394.jpg 750w, https:\/\/www.szenik.eu\/wp-content\/uploads\/2021\/12\/PAscalSchweitzer-1140x599.jpg 1140w, https:\/\/www.szenik.eu\/wp-content\/uploads\/2021\/12\/PAscalSchweitzer.jpg 1200w\" sizes=\"(max-width: 1024px) 100vw, 1024px\" \/><figcaption>Pascal Schweitzer<\/figcaption><\/figure>\n\n\n\n<div style=\"height:100px\" aria-hidden=\"true\" class=\"wp-block-spacer\"><\/div>\n\n\n\n<p class=\"has-text-align-center has-medium-font-size\"><strong>Wir danken unseren TeilnehmerInnen f\u00fcr dieses interessante Gespr\u00e4ch!\u00a0<\/strong>\ud83d\udc4f<\/p>\n\n\n\n<div style=\"height:100px\" aria-hidden=\"true\" class=\"wp-block-spacer\"><\/div>\n\n\n\n<p class=\"has-background has-pale-pink-background-color\">\u2757\ufe0f Haben Sie Fragen und Gedanken zu diesem Thema? Dann hinterlassen Sie hier einfach einen Kommentar. Betreten Sie unsere Trib\u00fcne und reden Sie mit!\u00a0<\/p>\n\n\n\n<div style=\"height:100px\" aria-hidden=\"true\" class=\"wp-block-spacer\"><\/div>\n\n\n\n<div class=\"wp-block-button aligncenter\"><a class=\"wp-block-button__link has-text-color has-very-dark-gray-color has-background has-luminous-vivid-amber-background-color\" href=\"https:\/\/www.youtube.com\/watch?v=hRb9Vs8XmHY&amp;list=PL0tM5ECmNE7DnJvzAGqd3hTt20LefdD6x\" target=\"_blank\" rel=\"noreferrer noopener\">Zu den Gespr\u00e4chsrunden auf YouTube<\/a><\/div>\n\n\n\n<div style=\"height:100px\" aria-hidden=\"true\" class=\"wp-block-spacer\"><\/div>\n\n\n\n<p class=\"has-small-font-size\">Trib\u00fchne \u2013 eine kulturelle &amp; grenz\u00fcberschreitende Immersion  Ein Projekt von Szenik.eu und OPUS Kulturmagazin. Mit Unterst\u00fcztzung des <a href=\"https:\/\/www.buergerfonds.eu\/?_ga=2.156243577.399636064.1638873621-888553059.1638873621\" target=\"_blank\" rel=\"noreferrer noopener\" aria-label=\"deutsch-franz\u00f6sischen B\u00fcrgerfonds (opens in a new tab)\">deutsch-franz\u00f6sischen B\u00fcrgerfonds<\/a>.<\/p>\n\n\n\n<div style=\"height:100px\" aria-hidden=\"true\" class=\"wp-block-spacer\"><\/div>\n\n\n\n<p><\/p>\n","protected":false},"excerpt":{"rendered":"<p>Manon Bilger (TRANSC3ND), Anne-Catherine Schwamborn (\u00dcberzwerg-Theater), Laura Graser (Assitej Luxembourg) und Clotilde Ast (TiGrE) antworten auf folgende Frage: Das Kinder-und Jugendtheater :\u00a0Ein bislang unergr\u00fcndetes Terrainder grenz\u00fcberschreitenden Kulturschaffenden? In dieser Gespr\u00e4chsrunde tauschen sich unsere Teilnehmerinnen \u00fcber den Platz der Kunst &amp; Kultur im Schulbereich, zweisprachige B\u00fchnenproduktionen und F\u00f6rderungsm\u00f6glichkeiten f\u00fcr Jugendprojekte aus. Werden die Jugendlichen oft in [&hellip;]<\/p>\n","protected":false},"author":1,"featured_media":45743,"comment_status":"open","ping_status":"open","sticky":false,"template":"","format":"standard","meta":{"_monsterinsights_skip_tracking":false,"_monsterinsights_sitenote_active":false,"_monsterinsights_sitenote_note":"","_monsterinsights_sitenote_category":0},"categories":[53,11506],"tags":[15492,15486,15489,15493],"yoast_head":"<!-- This site is optimized with the Yoast SEO plugin v20.5 - https:\/\/yoast.com\/wordpress\/plugins\/seo\/ -->\n<title>Trib\u00fchne #3: Fokus auf das Kinder-und Jugendtheater I szenik<\/title>\n<meta name=\"description\" content=\"Trib\u00fchne : Manon Bilger, Anne-Catherine Schwamborn, Laura Graser und Clotilde Ast sprechen \u00fcber das Kinder-und Jugendtheater in unserer Grenzregion.\" \/>\n<meta name=\"robots\" content=\"index, follow, max-snippet:-1, max-image-preview:large, max-video-preview:-1\" \/>\n<link rel=\"canonical\" href=\"https:\/\/www.szenik.eu\/de\/tribuhne-3-focus-sur-le-theatre-jeune-public-45817\" \/>\n<meta property=\"og:locale\" content=\"de_DE\" \/>\n<meta property=\"og:type\" content=\"article\" \/>\n<meta property=\"og:title\" content=\"Trib\u00fchne #3: Fokus auf das Kinder-und Jugendtheater I szenik\" \/>\n<meta property=\"og:description\" content=\"Trib\u00fchne : Manon Bilger, Anne-Catherine Schwamborn, Laura Graser und Clotilde Ast sprechen \u00fcber das Kinder-und Jugendtheater in unserer Grenzregion.\" \/>\n<meta property=\"og:url\" content=\"https:\/\/www.szenik.eu\/de\/tribuhne-3-focus-sur-le-theatre-jeune-public-45817\" \/>\n<meta property=\"og:site_name\" content=\"szenik\" \/>\n<meta property=\"article:publisher\" content=\"https:\/\/www.facebook.com\/szenik.eu\/\" \/>\n<meta property=\"article:published_time\" content=\"2021-12-07T10:51:51+00:00\" \/>\n<meta property=\"article:modified_time\" content=\"2021-12-07T11:13:23+00:00\" \/>\n<meta property=\"og:image\" content=\"https:\/\/www.szenik.eu\/wp-content\/uploads\/2021\/12\/miniatureYT_conf3.jpg\" \/>\n\t<meta property=\"og:image:width\" content=\"1280\" \/>\n\t<meta property=\"og:image:height\" content=\"720\" \/>\n\t<meta property=\"og:image:type\" content=\"image\/jpeg\" \/>\n<meta name=\"author\" content=\"szenik\" \/>\n<meta name=\"twitter:card\" content=\"summary_large_image\" \/>\n<meta name=\"twitter:creator\" content=\"@Szenik\" \/>\n<meta name=\"twitter:site\" content=\"@Szenik\" \/>\n<meta name=\"twitter:label1\" content=\"Verfasst von\" \/>\n\t<meta name=\"twitter:data1\" content=\"szenik\" \/>\n\t<meta name=\"twitter:label2\" content=\"Gesch\u00e4tzte Lesezeit\" \/>\n\t<meta name=\"twitter:data2\" content=\"6\u00a0Minuten\" \/>\n<script type=\"application\/ld+json\" class=\"yoast-schema-graph\">{\"@context\":\"https:\/\/schema.org\",\"@graph\":[{\"@type\":\"Article\",\"@id\":\"https:\/\/www.szenik.eu\/de\/tribuhne-3-focus-sur-le-theatre-jeune-public-45817#article\",\"isPartOf\":{\"@id\":\"https:\/\/www.szenik.eu\/de\/tribuhne-3-focus-sur-le-theatre-jeune-public-45817\"},\"author\":{\"name\":\"szenik\",\"@id\":\"https:\/\/www.szenik.eu\/de\/#\/schema\/person\/15f73f175b41bad194837490339d48fb\"},\"headline\":\"Trib\u00fchne #3: Fokus auf das Kinder-und Jugendtheater\",\"datePublished\":\"2021-12-07T10:51:51+00:00\",\"dateModified\":\"2021-12-07T11:13:23+00:00\",\"mainEntityOfPage\":{\"@id\":\"https:\/\/www.szenik.eu\/de\/tribuhne-3-focus-sur-le-theatre-jeune-public-45817\"},\"wordCount\":1277,\"commentCount\":0,\"publisher\":{\"@id\":\"https:\/\/www.szenik.eu\/de\/#organization\"},\"keywords\":[\"Anne-Catherine Schwamborn\",\"Clotilde Ast\",\"Laura Graser\",\"Manon Bilger\"],\"articleSection\":[\"Magazin\",\"trib\u00fchne\"],\"inLanguage\":\"de\",\"potentialAction\":[{\"@type\":\"CommentAction\",\"name\":\"Comment\",\"target\":[\"https:\/\/www.szenik.eu\/de\/tribuhne-3-focus-sur-le-theatre-jeune-public-45817#respond\"]}]},{\"@type\":\"WebPage\",\"@id\":\"https:\/\/www.szenik.eu\/de\/tribuhne-3-focus-sur-le-theatre-jeune-public-45817\",\"url\":\"https:\/\/www.szenik.eu\/de\/tribuhne-3-focus-sur-le-theatre-jeune-public-45817\",\"name\":\"Trib\u00fchne #3: Fokus auf das Kinder-und Jugendtheater I szenik\",\"isPartOf\":{\"@id\":\"https:\/\/www.szenik.eu\/de\/#website\"},\"datePublished\":\"2021-12-07T10:51:51+00:00\",\"dateModified\":\"2021-12-07T11:13:23+00:00\",\"description\":\"Trib\u00fchne : Manon Bilger, Anne-Catherine Schwamborn, Laura Graser und Clotilde Ast sprechen \u00fcber das Kinder-und Jugendtheater in unserer Grenzregion.\",\"breadcrumb\":{\"@id\":\"https:\/\/www.szenik.eu\/de\/tribuhne-3-focus-sur-le-theatre-jeune-public-45817#breadcrumb\"},\"inLanguage\":\"de\",\"potentialAction\":[{\"@type\":\"ReadAction\",\"target\":[\"https:\/\/www.szenik.eu\/de\/tribuhne-3-focus-sur-le-theatre-jeune-public-45817\"]}]},{\"@type\":\"BreadcrumbList\",\"@id\":\"https:\/\/www.szenik.eu\/de\/tribuhne-3-focus-sur-le-theatre-jeune-public-45817#breadcrumb\",\"itemListElement\":[{\"@type\":\"ListItem\",\"position\":1,\"name\":\"Home\",\"item\":\"https:\/\/www.szenik.eu\/de\"},{\"@type\":\"ListItem\",\"position\":2,\"name\":\"Trib\u00fchne #3: Fokus auf das Kinder-und Jugendtheater\"}]},{\"@type\":\"WebSite\",\"@id\":\"https:\/\/www.szenik.eu\/de\/#website\",\"url\":\"https:\/\/www.szenik.eu\/de\/\",\"name\":\"szenik\",\"description\":\"Le Meilleur des sc\u00e8nes au coeur de l&#039;Europe\",\"publisher\":{\"@id\":\"https:\/\/www.szenik.eu\/de\/#organization\"},\"potentialAction\":[{\"@type\":\"SearchAction\",\"target\":{\"@type\":\"EntryPoint\",\"urlTemplate\":\"https:\/\/www.szenik.eu\/de\/?s={search_term_string}\"},\"query-input\":\"required name=search_term_string\"}],\"inLanguage\":\"de\"},{\"@type\":\"Organization\",\"@id\":\"https:\/\/www.szenik.eu\/de\/#organization\",\"name\":\"Szenik\",\"url\":\"https:\/\/www.szenik.eu\/de\/\",\"logo\":{\"@type\":\"ImageObject\",\"inLanguage\":\"de\",\"@id\":\"https:\/\/www.szenik.eu\/de\/#\/schema\/logo\/image\/\",\"url\":\"https:\/\/www.szenik.eu\/wp-content\/uploads\/2019\/07\/logo-square.png\",\"contentUrl\":\"https:\/\/www.szenik.eu\/wp-content\/uploads\/2019\/07\/logo-square.png\",\"width\":512,\"height\":512,\"caption\":\"Szenik\"},\"image\":{\"@id\":\"https:\/\/www.szenik.eu\/de\/#\/schema\/logo\/image\/\"},\"sameAs\":[\"https:\/\/www.facebook.com\/szenik.eu\/\",\"https:\/\/twitter.com\/Szenik\",\"https:\/\/www.instagram.com\/szenik_magazine\/\",\"https:\/\/www.youtube.com\/user\/SzenikEU\/\"]},{\"@type\":\"Person\",\"@id\":\"https:\/\/www.szenik.eu\/de\/#\/schema\/person\/15f73f175b41bad194837490339d48fb\",\"name\":\"szenik\",\"image\":{\"@type\":\"ImageObject\",\"inLanguage\":\"de\",\"@id\":\"https:\/\/www.szenik.eu\/de\/#\/schema\/person\/image\/\",\"url\":\"https:\/\/secure.gravatar.com\/avatar\/d1c4f19522a624a4eaa5e6c03e22370b?s=96&d=mm&r=g\",\"contentUrl\":\"https:\/\/secure.gravatar.com\/avatar\/d1c4f19522a624a4eaa5e6c03e22370b?s=96&d=mm&r=g\",\"caption\":\"szenik\"}}]}<\/script>\n<!-- \/ Yoast SEO plugin. -->","yoast_head_json":{"title":"Trib\u00fchne #3: Fokus auf das Kinder-und Jugendtheater I szenik","description":"Trib\u00fchne : Manon Bilger, Anne-Catherine Schwamborn, Laura Graser und Clotilde Ast sprechen \u00fcber das Kinder-und Jugendtheater in unserer Grenzregion.","robots":{"index":"index","follow":"follow","max-snippet":"max-snippet:-1","max-image-preview":"max-image-preview:large","max-video-preview":"max-video-preview:-1"},"canonical":"https:\/\/www.szenik.eu\/de\/tribuhne-3-focus-sur-le-theatre-jeune-public-45817","og_locale":"de_DE","og_type":"article","og_title":"Trib\u00fchne #3: Fokus auf das Kinder-und Jugendtheater I szenik","og_description":"Trib\u00fchne : Manon Bilger, Anne-Catherine Schwamborn, Laura Graser und Clotilde Ast sprechen \u00fcber das Kinder-und Jugendtheater in unserer Grenzregion.","og_url":"https:\/\/www.szenik.eu\/de\/tribuhne-3-focus-sur-le-theatre-jeune-public-45817","og_site_name":"szenik","article_publisher":"https:\/\/www.facebook.com\/szenik.eu\/","article_published_time":"2021-12-07T10:51:51+00:00","article_modified_time":"2021-12-07T11:13:23+00:00","og_image":[{"width":1280,"height":720,"url":"https:\/\/www.szenik.eu\/wp-content\/uploads\/2021\/12\/miniatureYT_conf3.jpg","type":"image\/jpeg"}],"author":"szenik","twitter_card":"summary_large_image","twitter_creator":"@Szenik","twitter_site":"@Szenik","twitter_misc":{"Verfasst von":"szenik","Gesch\u00e4tzte Lesezeit":"6\u00a0Minuten"},"schema":{"@context":"https:\/\/schema.org","@graph":[{"@type":"Article","@id":"https:\/\/www.szenik.eu\/de\/tribuhne-3-focus-sur-le-theatre-jeune-public-45817#article","isPartOf":{"@id":"https:\/\/www.szenik.eu\/de\/tribuhne-3-focus-sur-le-theatre-jeune-public-45817"},"author":{"name":"szenik","@id":"https:\/\/www.szenik.eu\/de\/#\/schema\/person\/15f73f175b41bad194837490339d48fb"},"headline":"Trib\u00fchne #3: Fokus auf das Kinder-und Jugendtheater","datePublished":"2021-12-07T10:51:51+00:00","dateModified":"2021-12-07T11:13:23+00:00","mainEntityOfPage":{"@id":"https:\/\/www.szenik.eu\/de\/tribuhne-3-focus-sur-le-theatre-jeune-public-45817"},"wordCount":1277,"commentCount":0,"publisher":{"@id":"https:\/\/www.szenik.eu\/de\/#organization"},"keywords":["Anne-Catherine Schwamborn","Clotilde Ast","Laura Graser","Manon Bilger"],"articleSection":["Magazin","trib\u00fchne"],"inLanguage":"de","potentialAction":[{"@type":"CommentAction","name":"Comment","target":["https:\/\/www.szenik.eu\/de\/tribuhne-3-focus-sur-le-theatre-jeune-public-45817#respond"]}]},{"@type":"WebPage","@id":"https:\/\/www.szenik.eu\/de\/tribuhne-3-focus-sur-le-theatre-jeune-public-45817","url":"https:\/\/www.szenik.eu\/de\/tribuhne-3-focus-sur-le-theatre-jeune-public-45817","name":"Trib\u00fchne #3: Fokus auf das Kinder-und Jugendtheater I szenik","isPartOf":{"@id":"https:\/\/www.szenik.eu\/de\/#website"},"datePublished":"2021-12-07T10:51:51+00:00","dateModified":"2021-12-07T11:13:23+00:00","description":"Trib\u00fchne : Manon Bilger, Anne-Catherine Schwamborn, Laura Graser und Clotilde Ast sprechen \u00fcber das Kinder-und Jugendtheater in unserer Grenzregion.","breadcrumb":{"@id":"https:\/\/www.szenik.eu\/de\/tribuhne-3-focus-sur-le-theatre-jeune-public-45817#breadcrumb"},"inLanguage":"de","potentialAction":[{"@type":"ReadAction","target":["https:\/\/www.szenik.eu\/de\/tribuhne-3-focus-sur-le-theatre-jeune-public-45817"]}]},{"@type":"BreadcrumbList","@id":"https:\/\/www.szenik.eu\/de\/tribuhne-3-focus-sur-le-theatre-jeune-public-45817#breadcrumb","itemListElement":[{"@type":"ListItem","position":1,"name":"Home","item":"https:\/\/www.szenik.eu\/de"},{"@type":"ListItem","position":2,"name":"Trib\u00fchne #3: Fokus auf das Kinder-und Jugendtheater"}]},{"@type":"WebSite","@id":"https:\/\/www.szenik.eu\/de\/#website","url":"https:\/\/www.szenik.eu\/de\/","name":"szenik","description":"Le Meilleur des sc\u00e8nes au coeur de l&#039;Europe","publisher":{"@id":"https:\/\/www.szenik.eu\/de\/#organization"},"potentialAction":[{"@type":"SearchAction","target":{"@type":"EntryPoint","urlTemplate":"https:\/\/www.szenik.eu\/de\/?s={search_term_string}"},"query-input":"required name=search_term_string"}],"inLanguage":"de"},{"@type":"Organization","@id":"https:\/\/www.szenik.eu\/de\/#organization","name":"Szenik","url":"https:\/\/www.szenik.eu\/de\/","logo":{"@type":"ImageObject","inLanguage":"de","@id":"https:\/\/www.szenik.eu\/de\/#\/schema\/logo\/image\/","url":"https:\/\/www.szenik.eu\/wp-content\/uploads\/2019\/07\/logo-square.png","contentUrl":"https:\/\/www.szenik.eu\/wp-content\/uploads\/2019\/07\/logo-square.png","width":512,"height":512,"caption":"Szenik"},"image":{"@id":"https:\/\/www.szenik.eu\/de\/#\/schema\/logo\/image\/"},"sameAs":["https:\/\/www.facebook.com\/szenik.eu\/","https:\/\/twitter.com\/Szenik","https:\/\/www.instagram.com\/szenik_magazine\/","https:\/\/www.youtube.com\/user\/SzenikEU\/"]},{"@type":"Person","@id":"https:\/\/www.szenik.eu\/de\/#\/schema\/person\/15f73f175b41bad194837490339d48fb","name":"szenik","image":{"@type":"ImageObject","inLanguage":"de","@id":"https:\/\/www.szenik.eu\/de\/#\/schema\/person\/image\/","url":"https:\/\/secure.gravatar.com\/avatar\/d1c4f19522a624a4eaa5e6c03e22370b?s=96&d=mm&r=g","contentUrl":"https:\/\/secure.gravatar.com\/avatar\/d1c4f19522a624a4eaa5e6c03e22370b?s=96&d=mm&r=g","caption":"szenik"}}]}},"jetpack_featured_media_url":"https:\/\/www.szenik.eu\/wp-content\/uploads\/2021\/12\/miniatureYT_conf3.jpg","amp_enabled":true,"_links":{"self":[{"href":"https:\/\/www.szenik.eu\/de\/wp-json\/\/wp\/v2\/posts\/45817"}],"collection":[{"href":"https:\/\/www.szenik.eu\/de\/wp-json\/\/wp\/v2\/posts"}],"about":[{"href":"https:\/\/www.szenik.eu\/de\/wp-json\/\/wp\/v2\/types\/post"}],"author":[{"embeddable":true,"href":"https:\/\/www.szenik.eu\/de\/wp-json\/\/wp\/v2\/users\/1"}],"replies":[{"embeddable":true,"href":"https:\/\/www.szenik.eu\/de\/wp-json\/\/wp\/v2\/comments?post=45817"}],"version-history":[{"count":1,"href":"https:\/\/www.szenik.eu\/de\/wp-json\/\/wp\/v2\/posts\/45817\/revisions"}],"predecessor-version":[{"id":45822,"href":"https:\/\/www.szenik.eu\/de\/wp-json\/\/wp\/v2\/posts\/45817\/revisions\/45822"}],"wp:featuredmedia":[{"embeddable":true,"href":"https:\/\/www.szenik.eu\/de\/wp-json\/\/wp\/v2\/media\/45743"}],"wp:attachment":[{"href":"https:\/\/www.szenik.eu\/de\/wp-json\/\/wp\/v2\/media?parent=45817"}],"wp:term":[{"taxonomy":"category","embeddable":true,"href":"https:\/\/www.szenik.eu\/de\/wp-json\/\/wp\/v2\/categories?post=45817"},{"taxonomy":"post_tag","embeddable":true,"href":"https:\/\/www.szenik.eu\/de\/wp-json\/\/wp\/v2\/tags?post=45817"}],"curies":[{"name":"wp","href":"https:\/\/api.w.org\/{rel}","templated":true}]}}