{"id":45511,"date":"2021-11-29T13:50:47","date_gmt":"2021-11-29T12:50:47","guid":{"rendered":"https:\/\/www.szenik.eu\/?p=45511\/"},"modified":"2021-11-29T13:50:50","modified_gmt":"2021-11-29T12:50:50","slug":"ard-mediathek-themenwelt-klassik-rueckt-werke-von-komponistinnen-in-den-fokus","status":"publish","type":"post","link":"https:\/\/www.szenik.eu\/de\/ard-mediathek-themenwelt-klassik-rueckt-werke-von-komponistinnen-in-den-fokus-45511","title":{"rendered":"ARD Mediathek: Themenwelt Klassik r\u00fcckt Werke von Komponistinnen in den Fokus"},"content":{"rendered":"\n<h2>Bei der Frage nach den Namen f\u00fcnf klassischer Komponistinnen d\u00fcrften selbst erfahrene Konzertbesucher:innen ins Stocken geraten. Das soll sich \u00e4ndern, zumindest f\u00fcr all jene, die sich ab dem 29. November 2021 in der Klassik-Themenwelt der ARD Mediathek umschauen.<\/h2>\n\n\n\n<div style=\"height:100px\" aria-hidden=\"true\" class=\"wp-block-spacer\"><\/div>\n\n\n\n<p><em>Pressemitteilung<\/em><\/p>\n\n\n\n<div style=\"height:100px\" aria-hidden=\"true\" class=\"wp-block-spacer\"><\/div>\n\n\n\n<p>Denn es gab und gibt sie nat\u00fcrlich, die Musikerfinderinnen. Und so hat die ARD-Klassik-Redaktion Kompositionen von Clara Schumann, Fanny Mendelssohn, Emilie Mayer bis Lera Auerbach und Kaija Saariaho in h\u00f6rens- und sehenswerten Einspielungen der ARD-Ensembles in der ARD Mediathek zusammengestellt.<\/p>\n\n\n\n<div style=\"height:20px\" aria-hidden=\"true\" class=\"wp-block-spacer\"><\/div>\n\n\n\n<h4><strong>Jahrhundertelang die Ausnahme<\/strong><\/h4>\n\n\n\n<div style=\"height:20px\" aria-hidden=\"true\" class=\"wp-block-spacer\"><\/div>\n\n\n\n<p>In 300 Jahren Musikgeschichte sind Komponistinnen, die auch als solche wahrgenommen und anerkannt wurden, die Ausnahme. Bis heute ist die Berichterstattung in der Klassikwelt mit Blick auf die Urheber:innen von gleichberechtigter Aufmerksamkeit weit entfernt. Die ARD-Klassik-Mediathek m\u00f6chte an diesem Zustand etwas \u00e4ndern, und l\u00e4dt ihre Nutzer:innen dazu ein, mit neugierigen Ohren wieder- oder neuentdeckten Komponistinnen zuzuh\u00f6ren.<\/p>\n\n\n\n<div style=\"height:20px\" aria-hidden=\"true\" class=\"wp-block-spacer\"><\/div>\n\n\n\n<h4><strong>\u201eKeine weibliche oder m\u00e4nnliche Musik\u201d<\/strong><\/h4>\n\n\n\n<div style=\"height:20px\" aria-hidden=\"true\" class=\"wp-block-spacer\"><\/div>\n\n\n\n<p>Klassikfans d\u00fcrfen gespannt sein auf faszinierende Musikst\u00fccke unterschiedlichster Art. Gro\u00dfe Sinfonik von Kaija Saariaho steht neben rauschenden Rhythmen f\u00fcr Schlagwerk von Keiko Abe, Clara Schumanns ber\u00fchmtes Klavierkonzert trifft auf Chansons \u00e1 la Marguerite Monnot und Lili Boulangers filigrane Chorlieder kontrastieren mit purer Expressivit\u00e4t bei Milica Djordjevi\u0107. Letztere hat in einem Interview einmal klargestellt:&nbsp;\u201eF\u00fcr mich ist Musik eine universelle Sprache. Es gibt keine weibliche oder m\u00e4nnliche Musik, es gibt nur gute oder schlechte Musik.\u201d<\/p>\n\n\n\n<p>Wer noch mehr \u00fcber Komponistinnen h\u00f6ren m\u00f6chte, findet in der ARD Audiothek die Reihe \u201eKomponistinnen im Portr\u00e4t\u201c mit aktuell 33 Folgen.<\/p>\n\n\n\n<p>Denn es gab und gibt sie nat\u00fcrlich, die Musikerfinderinnen. Und so hat die ARD-Klassik-Redaktion Kompositionen von Clara Schumann, Fanny Mendelssohn, Emilie Mayer bis Lera Auerbach und Kaija Saariaho in h\u00f6rens- und sehenswerten Einspielungen der ARD-Ensembles in der ARD Mediathek zusammengestellt.<\/p>\n\n\n\n<div style=\"height:39px\" aria-hidden=\"true\" class=\"wp-block-spacer\"><\/div>\n\n\n\n<figure class=\"wp-block-image size-large\"><img decoding=\"async\" loading=\"lazy\" width=\"1024\" height=\"576\" src=\"https:\/\/www.szenik.eu\/wp-content\/uploads\/2021\/11\/2_Komponistinnen_ARD_Klassik-1024x576.jpg\" alt=\"\" class=\"wp-image-45512\" srcset=\"https:\/\/www.szenik.eu\/wp-content\/uploads\/2021\/11\/2_Komponistinnen_ARD_Klassik-1024x576.jpg 1024w, https:\/\/www.szenik.eu\/wp-content\/uploads\/2021\/11\/2_Komponistinnen_ARD_Klassik-300x169.jpg 300w, https:\/\/www.szenik.eu\/wp-content\/uploads\/2021\/11\/2_Komponistinnen_ARD_Klassik-768x432.jpg 768w, https:\/\/www.szenik.eu\/wp-content\/uploads\/2021\/11\/2_Komponistinnen_ARD_Klassik-1536x864.jpg 1536w, https:\/\/www.szenik.eu\/wp-content\/uploads\/2021\/11\/2_Komponistinnen_ARD_Klassik-750x422.jpg 750w, https:\/\/www.szenik.eu\/wp-content\/uploads\/2021\/11\/2_Komponistinnen_ARD_Klassik-1140x641.jpg 1140w, https:\/\/www.szenik.eu\/wp-content\/uploads\/2021\/11\/2_Komponistinnen_ARD_Klassik.jpg 1920w\" sizes=\"(max-width: 1024px) 100vw, 1024px\" \/><figcaption>SWR\/ARD<\/figcaption><\/figure>\n\n\n\n<div style=\"height:31px\" aria-hidden=\"true\" class=\"wp-block-spacer\"><\/div>\n\n\n\n<h4><strong>Jahrhundertelang die Ausnahme<\/strong><\/h4>\n\n\n\n<div style=\"height:20px\" aria-hidden=\"true\" class=\"wp-block-spacer\"><\/div>\n\n\n\n<p>In 300 Jahren Musikgeschichte sind Komponistinnen, die auch als solche wahrgenommen und anerkannt wurden, die Ausnahme. Bis heute ist die Berichterstattung in der Klassikwelt mit Blick auf die Urheber:innen von gleichberechtigter Aufmerksamkeit weit entfernt. Die ARD-Klassik-Mediathek m\u00f6chte an diesem Zustand etwas \u00e4ndern, und l\u00e4dt ihre Nutzer:innen dazu ein, mit neugierigen Ohren wieder- oder neuentdeckten Komponistinnen zuzuh\u00f6ren.<\/p>\n\n\n\n<div style=\"height:20px\" aria-hidden=\"true\" class=\"wp-block-spacer\"><\/div>\n\n\n\n<h4><strong>\u201eKeine weibliche oder m\u00e4nnliche Musik\u201d<\/strong><\/h4>\n\n\n\n<div style=\"height:20px\" aria-hidden=\"true\" class=\"wp-block-spacer\"><\/div>\n\n\n\n<p>Klassikfans d\u00fcrfen gespannt sein auf faszinierende Musikst\u00fccke unterschiedlichster Art. Gro\u00dfe Sinfonik von Kaija Saariaho steht neben rauschenden Rhythmen f\u00fcr Schlagwerk von Keiko Abe, Clara Schumanns ber\u00fchmtes Klavierkonzert trifft auf Chansons \u00e1 la Marguerite Monnot und Lili Boulangers filigrane Chorlieder kontrastieren mit purer Expressivit\u00e4t bei Milica Djordjevi\u0107. Letztere hat in einem Interview einmal klargestellt:\u00a0\u201eF\u00fcr mich ist Musik eine universelle Sprache. Es gibt keine weibliche oder m\u00e4nnliche Musik, es gibt nur gute oder schlechte Musik.\u201d<\/p>\n\n\n\n<div style=\"height:100px\" aria-hidden=\"true\" class=\"wp-block-spacer\"><\/div>\n\n\n\n<p class=\"has-background has-text-align-center has-medium-font-size has-very-light-gray-background-color\">Ab 29. November 2021<br><strong>Komponistinnen entdecken<\/strong><br>Themenwelt Klassik in der ARD Mediathek<br>Weitere Informationen: <strong><em><a href=\"https:\/\/www.ardmediathek.de\/klassik\/\" target=\"_blank\" rel=\"noreferrer noopener\" aria-label=\"www.ardmediathek.de (opens in a new tab)\">www.ardmediathek.de<\/a><\/em><\/strong><\/p>\n\n\n\n<div style=\"height:100px\" aria-hidden=\"true\" class=\"wp-block-spacer\"><\/div>\n\n\n\n<p class=\"has-small-font-size\">SWR\/picture alliance\/Astrid Ackermann<\/p>\n\n\n\n<div style=\"height:100px\" aria-hidden=\"true\" class=\"wp-block-spacer\"><\/div>\n","protected":false},"excerpt":{"rendered":"<p>Bei der Frage nach den Namen f\u00fcnf klassischer Komponistinnen d\u00fcrften selbst erfahrene Konzertbesucher:innen ins Stocken geraten. Das soll sich \u00e4ndern, zumindest f\u00fcr all jene, die sich ab dem 29. November 2021 in der Klassik-Themenwelt der ARD Mediathek umschauen. Pressemitteilung Denn es gab und gibt sie nat\u00fcrlich, die Musikerfinderinnen. Und so hat die ARD-Klassik-Redaktion Kompositionen von [&hellip;]<\/p>\n","protected":false},"author":1,"featured_media":45514,"comment_status":"open","ping_status":"open","sticky":false,"template":"","format":"standard","meta":{"_monsterinsights_skip_tracking":false,"_monsterinsights_sitenote_active":false,"_monsterinsights_sitenote_note":"","_monsterinsights_sitenote_category":0},"categories":[2815,53,10359],"tags":[15328,10367],"yoast_head":"<!-- This site is optimized with the Yoast SEO plugin v20.5 - https:\/\/yoast.com\/wordpress\/plugins\/seo\/ -->\n<title>ARD Mediathek: Komponistinnen entdecken ab dem 29.11. I szenik<\/title>\n<meta name=\"description\" content=\"Die ARD-Klassik-Redaktion hat Kompositionen von Clara Schumann, Fanny Mendelssohn, Emilie Mayer bis Lera Auerbach und Kaija Saariaho zusammengestellt.\" \/>\n<meta name=\"robots\" content=\"index, follow, max-snippet:-1, max-image-preview:large, max-video-preview:-1\" \/>\n<link rel=\"canonical\" href=\"https:\/\/www.szenik.eu\/de\/ard-mediathek-themenwelt-klassik-rueckt-werke-von-komponistinnen-in-den-fokus-45511\" \/>\n<meta property=\"og:locale\" content=\"de_DE\" \/>\n<meta property=\"og:type\" content=\"article\" \/>\n<meta property=\"og:title\" content=\"ARD Mediathek: Komponistinnen entdecken ab dem 29.11. I szenik\" \/>\n<meta property=\"og:description\" content=\"Die ARD-Klassik-Redaktion hat Kompositionen von Clara Schumann, Fanny Mendelssohn, Emilie Mayer bis Lera Auerbach und Kaija Saariaho zusammengestellt.\" \/>\n<meta property=\"og:url\" content=\"https:\/\/www.szenik.eu\/de\/ard-mediathek-themenwelt-klassik-rueckt-werke-von-komponistinnen-in-den-fokus-45511\" \/>\n<meta property=\"og:site_name\" content=\"szenik\" \/>\n<meta property=\"article:publisher\" content=\"https:\/\/www.facebook.com\/szenik.eu\/\" \/>\n<meta property=\"article:published_time\" content=\"2021-11-29T12:50:47+00:00\" \/>\n<meta property=\"article:modified_time\" content=\"2021-11-29T12:50:50+00:00\" \/>\n<meta property=\"og:image\" content=\"https:\/\/www.szenik.eu\/wp-content\/uploads\/2021\/11\/1_Komponistinnen_ARD_Klassik.jpg\" \/>\n\t<meta property=\"og:image:width\" content=\"1920\" \/>\n\t<meta property=\"og:image:height\" content=\"1080\" \/>\n\t<meta property=\"og:image:type\" content=\"image\/jpeg\" \/>\n<meta name=\"author\" content=\"szenik\" \/>\n<meta name=\"twitter:card\" content=\"summary_large_image\" \/>\n<meta name=\"twitter:creator\" content=\"@Szenik\" \/>\n<meta name=\"twitter:site\" content=\"@Szenik\" \/>\n<meta name=\"twitter:label1\" content=\"Verfasst von\" \/>\n\t<meta name=\"twitter:data1\" content=\"szenik\" \/>\n\t<meta name=\"twitter:label2\" content=\"Gesch\u00e4tzte Lesezeit\" \/>\n\t<meta name=\"twitter:data2\" content=\"2\u00a0Minuten\" \/>\n<script type=\"application\/ld+json\" class=\"yoast-schema-graph\">{\"@context\":\"https:\/\/schema.org\",\"@graph\":[{\"@type\":\"Article\",\"@id\":\"https:\/\/www.szenik.eu\/de\/ard-mediathek-themenwelt-klassik-rueckt-werke-von-komponistinnen-in-den-fokus-45511#article\",\"isPartOf\":{\"@id\":\"https:\/\/www.szenik.eu\/de\/ard-mediathek-themenwelt-klassik-rueckt-werke-von-komponistinnen-in-den-fokus-45511\"},\"author\":{\"name\":\"szenik\",\"@id\":\"https:\/\/www.szenik.eu\/de\/#\/schema\/person\/15f73f175b41bad194837490339d48fb\"},\"headline\":\"ARD Mediathek: Themenwelt Klassik r\u00fcckt Werke von Komponistinnen in den Fokus\",\"datePublished\":\"2021-11-29T12:50:47+00:00\",\"dateModified\":\"2021-11-29T12:50:50+00:00\",\"mainEntityOfPage\":{\"@id\":\"https:\/\/www.szenik.eu\/de\/ard-mediathek-themenwelt-klassik-rueckt-werke-von-komponistinnen-in-den-fokus-45511\"},\"wordCount\":482,\"commentCount\":0,\"publisher\":{\"@id\":\"https:\/\/www.szenik.eu\/de\/#organization\"},\"keywords\":[\"ARD\",\"SWR\"],\"articleSection\":[\"Kurz &amp; knackig\",\"Magazin\",\"TV \/ Streaming\"],\"inLanguage\":\"de\",\"potentialAction\":[{\"@type\":\"CommentAction\",\"name\":\"Comment\",\"target\":[\"https:\/\/www.szenik.eu\/de\/ard-mediathek-themenwelt-klassik-rueckt-werke-von-komponistinnen-in-den-fokus-45511#respond\"]}]},{\"@type\":\"WebPage\",\"@id\":\"https:\/\/www.szenik.eu\/de\/ard-mediathek-themenwelt-klassik-rueckt-werke-von-komponistinnen-in-den-fokus-45511\",\"url\":\"https:\/\/www.szenik.eu\/de\/ard-mediathek-themenwelt-klassik-rueckt-werke-von-komponistinnen-in-den-fokus-45511\",\"name\":\"ARD Mediathek: Komponistinnen entdecken ab dem 29.11. I szenik\",\"isPartOf\":{\"@id\":\"https:\/\/www.szenik.eu\/de\/#website\"},\"datePublished\":\"2021-11-29T12:50:47+00:00\",\"dateModified\":\"2021-11-29T12:50:50+00:00\",\"description\":\"Die ARD-Klassik-Redaktion hat Kompositionen von Clara Schumann, Fanny Mendelssohn, Emilie Mayer bis Lera Auerbach und Kaija Saariaho zusammengestellt.\",\"breadcrumb\":{\"@id\":\"https:\/\/www.szenik.eu\/de\/ard-mediathek-themenwelt-klassik-rueckt-werke-von-komponistinnen-in-den-fokus-45511#breadcrumb\"},\"inLanguage\":\"de\",\"potentialAction\":[{\"@type\":\"ReadAction\",\"target\":[\"https:\/\/www.szenik.eu\/de\/ard-mediathek-themenwelt-klassik-rueckt-werke-von-komponistinnen-in-den-fokus-45511\"]}]},{\"@type\":\"BreadcrumbList\",\"@id\":\"https:\/\/www.szenik.eu\/de\/ard-mediathek-themenwelt-klassik-rueckt-werke-von-komponistinnen-in-den-fokus-45511#breadcrumb\",\"itemListElement\":[{\"@type\":\"ListItem\",\"position\":1,\"name\":\"Home\",\"item\":\"https:\/\/www.szenik.eu\/de\"},{\"@type\":\"ListItem\",\"position\":2,\"name\":\"ARD Mediathek: Themenwelt Klassik r\u00fcckt Werke von Komponistinnen in den Fokus\"}]},{\"@type\":\"WebSite\",\"@id\":\"https:\/\/www.szenik.eu\/de\/#website\",\"url\":\"https:\/\/www.szenik.eu\/de\/\",\"name\":\"szenik\",\"description\":\"Le Meilleur des sc\u00e8nes au coeur de l&#039;Europe\",\"publisher\":{\"@id\":\"https:\/\/www.szenik.eu\/de\/#organization\"},\"potentialAction\":[{\"@type\":\"SearchAction\",\"target\":{\"@type\":\"EntryPoint\",\"urlTemplate\":\"https:\/\/www.szenik.eu\/de\/?s={search_term_string}\"},\"query-input\":\"required name=search_term_string\"}],\"inLanguage\":\"de\"},{\"@type\":\"Organization\",\"@id\":\"https:\/\/www.szenik.eu\/de\/#organization\",\"name\":\"Szenik\",\"url\":\"https:\/\/www.szenik.eu\/de\/\",\"logo\":{\"@type\":\"ImageObject\",\"inLanguage\":\"de\",\"@id\":\"https:\/\/www.szenik.eu\/de\/#\/schema\/logo\/image\/\",\"url\":\"https:\/\/www.szenik.eu\/wp-content\/uploads\/2019\/07\/logo-square.png\",\"contentUrl\":\"https:\/\/www.szenik.eu\/wp-content\/uploads\/2019\/07\/logo-square.png\",\"width\":512,\"height\":512,\"caption\":\"Szenik\"},\"image\":{\"@id\":\"https:\/\/www.szenik.eu\/de\/#\/schema\/logo\/image\/\"},\"sameAs\":[\"https:\/\/www.facebook.com\/szenik.eu\/\",\"https:\/\/twitter.com\/Szenik\",\"https:\/\/www.instagram.com\/szenik_magazine\/\",\"https:\/\/www.youtube.com\/user\/SzenikEU\/\"]},{\"@type\":\"Person\",\"@id\":\"https:\/\/www.szenik.eu\/de\/#\/schema\/person\/15f73f175b41bad194837490339d48fb\",\"name\":\"szenik\",\"image\":{\"@type\":\"ImageObject\",\"inLanguage\":\"de\",\"@id\":\"https:\/\/www.szenik.eu\/de\/#\/schema\/person\/image\/\",\"url\":\"https:\/\/secure.gravatar.com\/avatar\/d1c4f19522a624a4eaa5e6c03e22370b?s=96&d=mm&r=g\",\"contentUrl\":\"https:\/\/secure.gravatar.com\/avatar\/d1c4f19522a624a4eaa5e6c03e22370b?s=96&d=mm&r=g\",\"caption\":\"szenik\"}}]}<\/script>\n<!-- \/ Yoast SEO plugin. -->","yoast_head_json":{"title":"ARD Mediathek: Komponistinnen entdecken ab dem 29.11. I szenik","description":"Die ARD-Klassik-Redaktion hat Kompositionen von Clara Schumann, Fanny Mendelssohn, Emilie Mayer bis Lera Auerbach und Kaija Saariaho zusammengestellt.","robots":{"index":"index","follow":"follow","max-snippet":"max-snippet:-1","max-image-preview":"max-image-preview:large","max-video-preview":"max-video-preview:-1"},"canonical":"https:\/\/www.szenik.eu\/de\/ard-mediathek-themenwelt-klassik-rueckt-werke-von-komponistinnen-in-den-fokus-45511","og_locale":"de_DE","og_type":"article","og_title":"ARD Mediathek: Komponistinnen entdecken ab dem 29.11. I szenik","og_description":"Die ARD-Klassik-Redaktion hat Kompositionen von Clara Schumann, Fanny Mendelssohn, Emilie Mayer bis Lera Auerbach und Kaija Saariaho zusammengestellt.","og_url":"https:\/\/www.szenik.eu\/de\/ard-mediathek-themenwelt-klassik-rueckt-werke-von-komponistinnen-in-den-fokus-45511","og_site_name":"szenik","article_publisher":"https:\/\/www.facebook.com\/szenik.eu\/","article_published_time":"2021-11-29T12:50:47+00:00","article_modified_time":"2021-11-29T12:50:50+00:00","og_image":[{"width":1920,"height":1080,"url":"https:\/\/www.szenik.eu\/wp-content\/uploads\/2021\/11\/1_Komponistinnen_ARD_Klassik.jpg","type":"image\/jpeg"}],"author":"szenik","twitter_card":"summary_large_image","twitter_creator":"@Szenik","twitter_site":"@Szenik","twitter_misc":{"Verfasst von":"szenik","Gesch\u00e4tzte Lesezeit":"2\u00a0Minuten"},"schema":{"@context":"https:\/\/schema.org","@graph":[{"@type":"Article","@id":"https:\/\/www.szenik.eu\/de\/ard-mediathek-themenwelt-klassik-rueckt-werke-von-komponistinnen-in-den-fokus-45511#article","isPartOf":{"@id":"https:\/\/www.szenik.eu\/de\/ard-mediathek-themenwelt-klassik-rueckt-werke-von-komponistinnen-in-den-fokus-45511"},"author":{"name":"szenik","@id":"https:\/\/www.szenik.eu\/de\/#\/schema\/person\/15f73f175b41bad194837490339d48fb"},"headline":"ARD Mediathek: Themenwelt Klassik r\u00fcckt Werke von Komponistinnen in den Fokus","datePublished":"2021-11-29T12:50:47+00:00","dateModified":"2021-11-29T12:50:50+00:00","mainEntityOfPage":{"@id":"https:\/\/www.szenik.eu\/de\/ard-mediathek-themenwelt-klassik-rueckt-werke-von-komponistinnen-in-den-fokus-45511"},"wordCount":482,"commentCount":0,"publisher":{"@id":"https:\/\/www.szenik.eu\/de\/#organization"},"keywords":["ARD","SWR"],"articleSection":["Kurz &amp; knackig","Magazin","TV \/ Streaming"],"inLanguage":"de","potentialAction":[{"@type":"CommentAction","name":"Comment","target":["https:\/\/www.szenik.eu\/de\/ard-mediathek-themenwelt-klassik-rueckt-werke-von-komponistinnen-in-den-fokus-45511#respond"]}]},{"@type":"WebPage","@id":"https:\/\/www.szenik.eu\/de\/ard-mediathek-themenwelt-klassik-rueckt-werke-von-komponistinnen-in-den-fokus-45511","url":"https:\/\/www.szenik.eu\/de\/ard-mediathek-themenwelt-klassik-rueckt-werke-von-komponistinnen-in-den-fokus-45511","name":"ARD Mediathek: Komponistinnen entdecken ab dem 29.11. I szenik","isPartOf":{"@id":"https:\/\/www.szenik.eu\/de\/#website"},"datePublished":"2021-11-29T12:50:47+00:00","dateModified":"2021-11-29T12:50:50+00:00","description":"Die ARD-Klassik-Redaktion hat Kompositionen von Clara Schumann, Fanny Mendelssohn, Emilie Mayer bis Lera Auerbach und Kaija Saariaho zusammengestellt.","breadcrumb":{"@id":"https:\/\/www.szenik.eu\/de\/ard-mediathek-themenwelt-klassik-rueckt-werke-von-komponistinnen-in-den-fokus-45511#breadcrumb"},"inLanguage":"de","potentialAction":[{"@type":"ReadAction","target":["https:\/\/www.szenik.eu\/de\/ard-mediathek-themenwelt-klassik-rueckt-werke-von-komponistinnen-in-den-fokus-45511"]}]},{"@type":"BreadcrumbList","@id":"https:\/\/www.szenik.eu\/de\/ard-mediathek-themenwelt-klassik-rueckt-werke-von-komponistinnen-in-den-fokus-45511#breadcrumb","itemListElement":[{"@type":"ListItem","position":1,"name":"Home","item":"https:\/\/www.szenik.eu\/de"},{"@type":"ListItem","position":2,"name":"ARD Mediathek: Themenwelt Klassik r\u00fcckt Werke von Komponistinnen in den Fokus"}]},{"@type":"WebSite","@id":"https:\/\/www.szenik.eu\/de\/#website","url":"https:\/\/www.szenik.eu\/de\/","name":"szenik","description":"Le Meilleur des sc\u00e8nes au coeur de l&#039;Europe","publisher":{"@id":"https:\/\/www.szenik.eu\/de\/#organization"},"potentialAction":[{"@type":"SearchAction","target":{"@type":"EntryPoint","urlTemplate":"https:\/\/www.szenik.eu\/de\/?s={search_term_string}"},"query-input":"required name=search_term_string"}],"inLanguage":"de"},{"@type":"Organization","@id":"https:\/\/www.szenik.eu\/de\/#organization","name":"Szenik","url":"https:\/\/www.szenik.eu\/de\/","logo":{"@type":"ImageObject","inLanguage":"de","@id":"https:\/\/www.szenik.eu\/de\/#\/schema\/logo\/image\/","url":"https:\/\/www.szenik.eu\/wp-content\/uploads\/2019\/07\/logo-square.png","contentUrl":"https:\/\/www.szenik.eu\/wp-content\/uploads\/2019\/07\/logo-square.png","width":512,"height":512,"caption":"Szenik"},"image":{"@id":"https:\/\/www.szenik.eu\/de\/#\/schema\/logo\/image\/"},"sameAs":["https:\/\/www.facebook.com\/szenik.eu\/","https:\/\/twitter.com\/Szenik","https:\/\/www.instagram.com\/szenik_magazine\/","https:\/\/www.youtube.com\/user\/SzenikEU\/"]},{"@type":"Person","@id":"https:\/\/www.szenik.eu\/de\/#\/schema\/person\/15f73f175b41bad194837490339d48fb","name":"szenik","image":{"@type":"ImageObject","inLanguage":"de","@id":"https:\/\/www.szenik.eu\/de\/#\/schema\/person\/image\/","url":"https:\/\/secure.gravatar.com\/avatar\/d1c4f19522a624a4eaa5e6c03e22370b?s=96&d=mm&r=g","contentUrl":"https:\/\/secure.gravatar.com\/avatar\/d1c4f19522a624a4eaa5e6c03e22370b?s=96&d=mm&r=g","caption":"szenik"}}]}},"jetpack_featured_media_url":"https:\/\/www.szenik.eu\/wp-content\/uploads\/2021\/11\/1_Komponistinnen_ARD_Klassik.jpg","amp_enabled":true,"_links":{"self":[{"href":"https:\/\/www.szenik.eu\/de\/wp-json\/\/wp\/v2\/posts\/45511"}],"collection":[{"href":"https:\/\/www.szenik.eu\/de\/wp-json\/\/wp\/v2\/posts"}],"about":[{"href":"https:\/\/www.szenik.eu\/de\/wp-json\/\/wp\/v2\/types\/post"}],"author":[{"embeddable":true,"href":"https:\/\/www.szenik.eu\/de\/wp-json\/\/wp\/v2\/users\/1"}],"replies":[{"embeddable":true,"href":"https:\/\/www.szenik.eu\/de\/wp-json\/\/wp\/v2\/comments?post=45511"}],"version-history":[{"count":2,"href":"https:\/\/www.szenik.eu\/de\/wp-json\/\/wp\/v2\/posts\/45511\/revisions"}],"predecessor-version":[{"id":45517,"href":"https:\/\/www.szenik.eu\/de\/wp-json\/\/wp\/v2\/posts\/45511\/revisions\/45517"}],"wp:featuredmedia":[{"embeddable":true,"href":"https:\/\/www.szenik.eu\/de\/wp-json\/\/wp\/v2\/media\/45514"}],"wp:attachment":[{"href":"https:\/\/www.szenik.eu\/de\/wp-json\/\/wp\/v2\/media?parent=45511"}],"wp:term":[{"taxonomy":"category","embeddable":true,"href":"https:\/\/www.szenik.eu\/de\/wp-json\/\/wp\/v2\/categories?post=45511"},{"taxonomy":"post_tag","embeddable":true,"href":"https:\/\/www.szenik.eu\/de\/wp-json\/\/wp\/v2\/tags?post=45511"}],"curies":[{"name":"wp","href":"https:\/\/api.w.org\/{rel}","templated":true}]}}