{"id":44594,"date":"2021-11-02T11:00:41","date_gmt":"2021-11-02T10:00:41","guid":{"rendered":"https:\/\/www.szenik.eu\/?p=44594\/"},"modified":"2021-11-02T11:00:49","modified_gmt":"2021-11-02T10:00:49","slug":"gare-du-nord-basel-offenes-buero-in-der-bar-du-nord","status":"publish","type":"post","link":"https:\/\/www.szenik.eu\/de\/gare-du-nord-basel-offenes-buero-in-der-bar-du-nord-44594","title":{"rendered":"Gare du Nord (Basel): \u00abOffenes B\u00fcro\u00bb in der Bar du Nord"},"content":{"rendered":"\n<h2>Ab dem 2. November verwandelt sich neu einmal pro Woche von 10:00-16:00 die Bar du Nord in ein festes B\u00fcro f\u00fcr Kunstschaffende. <\/h2>\n\n\n\n<div style=\"height:92px\" aria-hidden=\"true\" class=\"wp-block-spacer\"><\/div>\n\n\n\n<p>Vertrieb, Kommunikation, Verwaltung, Buchhaltung, Technik. Im \u00abOffenen B\u00fcro\u00bb kann man Kaffee trinken, sich austauschen, am eigenen Laptop arbeiten und dabei nicht allein zuhause sitzen, sondern Menschen treffen. <strong>Ohne Voranmeldung, von 11:00-15:00<\/strong>, steht ausserdem das Gare du Nord-Team zur Verf\u00fcgung, um Fragen zur Organisation von k\u00fcnstlerischen T\u00e4tigkeiten zu beantworten. Das \u00abOffene B\u00fcro\u00bb ist ein frei zug\u00e4nglicher Arbeitsraum ohne Konsumationszwang. Es ist eine Gelegenheit, ein Raum mit anderen Fachleuten zu teilen, um Praktiken, Fragen und Schwierigkeiten im k\u00fcnstlerischen Bereich zu diskutieren.<\/p>\n\n\n\n<div style=\"height:100px\" aria-hidden=\"true\" class=\"wp-block-spacer\"><\/div>\n\n\n\n<div class=\"wp-block-button aligncenter\"><a class=\"wp-block-button__link has-text-color has-very-dark-gray-color has-background has-luminous-vivid-amber-background-color\" href=\"https:\/\/www.garedunord.ch\/bar-du-nord\/fussball\/offenes-b\u00fcro\" target=\"_blank\" rel=\"noreferrer noopener\">Weitere Informationen<\/a><\/div>\n\n\n\n<div style=\"height:100px\" aria-hidden=\"true\" class=\"wp-block-spacer\"><\/div>\n\n\n\n<p class=\"has-small-font-size\">Foto: Ute Schendel<\/p>\n\n\n\n<div style=\"height:100px\" aria-hidden=\"true\" class=\"wp-block-spacer\"><\/div>\n","protected":false},"excerpt":{"rendered":"<p>Ab dem 2. November verwandelt sich neu einmal pro Woche von 10:00-16:00 die Bar du Nord in ein festes B\u00fcro f\u00fcr Kunstschaffende. Vertrieb, Kommunikation, Verwaltung, Buchhaltung, Technik. Im \u00abOffenen B\u00fcro\u00bb kann man Kaffee trinken, sich austauschen, am eigenen Laptop arbeiten und dabei nicht allein zuhause sitzen, sondern Menschen treffen. Ohne Voranmeldung, von 11:00-15:00, steht ausserdem [&hellip;]<\/p>\n","protected":false},"author":1,"featured_media":44595,"comment_status":"open","ping_status":"open","sticky":false,"template":"","format":"standard","meta":{"_monsterinsights_skip_tracking":false,"_monsterinsights_sitenote_active":false,"_monsterinsights_sitenote_note":"","_monsterinsights_sitenote_category":0},"categories":[2815,53],"tags":[10517],"yoast_head":"<!-- This site is optimized with the Yoast SEO plugin v20.5 - https:\/\/yoast.com\/wordpress\/plugins\/seo\/ -->\n<title>Gare du Nord (Basel): \u00abOffenes B\u00fcro\u00bb in der Bar du Nord I szenik<\/title>\n<meta name=\"description\" content=\"Ab dem 2. November verwandelt sich neu einmal pro Woche von 10:00-16:00 die Bar des Gare du Nord in ein festes B\u00fcro f\u00fcr Kunstschaffende.\" \/>\n<meta name=\"robots\" content=\"index, follow, max-snippet:-1, max-image-preview:large, max-video-preview:-1\" \/>\n<link rel=\"canonical\" href=\"https:\/\/www.szenik.eu\/de\/gare-du-nord-basel-offenes-buero-in-der-bar-du-nord-44594\" \/>\n<meta property=\"og:locale\" content=\"de_DE\" \/>\n<meta property=\"og:type\" content=\"article\" \/>\n<meta property=\"og:title\" content=\"Gare du Nord (Basel): \u00abOffenes B\u00fcro\u00bb in der Bar du Nord I szenik\" \/>\n<meta property=\"og:description\" content=\"Ab dem 2. November verwandelt sich neu einmal pro Woche von 10:00-16:00 die Bar des Gare du Nord in ein festes B\u00fcro f\u00fcr Kunstschaffende.\" \/>\n<meta property=\"og:url\" content=\"https:\/\/www.szenik.eu\/de\/gare-du-nord-basel-offenes-buero-in-der-bar-du-nord-44594\" \/>\n<meta property=\"og:site_name\" content=\"szenik\" \/>\n<meta property=\"article:publisher\" content=\"https:\/\/www.facebook.com\/szenik.eu\/\" \/>\n<meta property=\"article:published_time\" content=\"2021-11-02T10:00:41+00:00\" \/>\n<meta property=\"article:modified_time\" content=\"2021-11-02T10:00:49+00:00\" \/>\n<meta property=\"og:image\" content=\"https:\/\/www.szenik.eu\/wp-content\/uploads\/2021\/11\/BarduNord_c_UteSchendel_RET.jpeg\" \/>\n\t<meta property=\"og:image:width\" content=\"1280\" \/>\n\t<meta property=\"og:image:height\" content=\"908\" \/>\n\t<meta property=\"og:image:type\" content=\"image\/jpeg\" \/>\n<meta name=\"author\" content=\"szenik\" \/>\n<meta name=\"twitter:card\" content=\"summary_large_image\" \/>\n<meta name=\"twitter:creator\" content=\"@Szenik\" \/>\n<meta name=\"twitter:site\" content=\"@Szenik\" \/>\n<meta name=\"twitter:label1\" content=\"Verfasst von\" \/>\n\t<meta name=\"twitter:data1\" content=\"szenik\" \/>\n\t<meta name=\"twitter:label2\" content=\"Gesch\u00e4tzte Lesezeit\" \/>\n\t<meta name=\"twitter:data2\" content=\"1\u00a0Minute\" \/>\n<script type=\"application\/ld+json\" class=\"yoast-schema-graph\">{\"@context\":\"https:\/\/schema.org\",\"@graph\":[{\"@type\":\"Article\",\"@id\":\"https:\/\/www.szenik.eu\/de\/gare-du-nord-basel-offenes-buero-in-der-bar-du-nord-44594#article\",\"isPartOf\":{\"@id\":\"https:\/\/www.szenik.eu\/de\/gare-du-nord-basel-offenes-buero-in-der-bar-du-nord-44594\"},\"author\":{\"name\":\"szenik\",\"@id\":\"https:\/\/www.szenik.eu\/de\/#\/schema\/person\/15f73f175b41bad194837490339d48fb\"},\"headline\":\"Gare du Nord (Basel): \u00abOffenes B\u00fcro\u00bb in der Bar du Nord\",\"datePublished\":\"2021-11-02T10:00:41+00:00\",\"dateModified\":\"2021-11-02T10:00:49+00:00\",\"mainEntityOfPage\":{\"@id\":\"https:\/\/www.szenik.eu\/de\/gare-du-nord-basel-offenes-buero-in-der-bar-du-nord-44594\"},\"wordCount\":126,\"commentCount\":0,\"publisher\":{\"@id\":\"https:\/\/www.szenik.eu\/de\/#organization\"},\"keywords\":[\"Gare du Nord\"],\"articleSection\":[\"Kurz &amp; knackig\",\"Magazin\"],\"inLanguage\":\"de\",\"potentialAction\":[{\"@type\":\"CommentAction\",\"name\":\"Comment\",\"target\":[\"https:\/\/www.szenik.eu\/de\/gare-du-nord-basel-offenes-buero-in-der-bar-du-nord-44594#respond\"]}]},{\"@type\":\"WebPage\",\"@id\":\"https:\/\/www.szenik.eu\/de\/gare-du-nord-basel-offenes-buero-in-der-bar-du-nord-44594\",\"url\":\"https:\/\/www.szenik.eu\/de\/gare-du-nord-basel-offenes-buero-in-der-bar-du-nord-44594\",\"name\":\"Gare du Nord (Basel): \u00abOffenes B\u00fcro\u00bb in der Bar du Nord I szenik\",\"isPartOf\":{\"@id\":\"https:\/\/www.szenik.eu\/de\/#website\"},\"datePublished\":\"2021-11-02T10:00:41+00:00\",\"dateModified\":\"2021-11-02T10:00:49+00:00\",\"description\":\"Ab dem 2. November verwandelt sich neu einmal pro Woche von 10:00-16:00 die Bar des Gare du Nord in ein festes B\u00fcro f\u00fcr Kunstschaffende.\",\"breadcrumb\":{\"@id\":\"https:\/\/www.szenik.eu\/de\/gare-du-nord-basel-offenes-buero-in-der-bar-du-nord-44594#breadcrumb\"},\"inLanguage\":\"de\",\"potentialAction\":[{\"@type\":\"ReadAction\",\"target\":[\"https:\/\/www.szenik.eu\/de\/gare-du-nord-basel-offenes-buero-in-der-bar-du-nord-44594\"]}]},{\"@type\":\"BreadcrumbList\",\"@id\":\"https:\/\/www.szenik.eu\/de\/gare-du-nord-basel-offenes-buero-in-der-bar-du-nord-44594#breadcrumb\",\"itemListElement\":[{\"@type\":\"ListItem\",\"position\":1,\"name\":\"Home\",\"item\":\"https:\/\/www.szenik.eu\/de\"},{\"@type\":\"ListItem\",\"position\":2,\"name\":\"Gare du Nord (Basel): \u00abOffenes B\u00fcro\u00bb in der Bar du Nord\"}]},{\"@type\":\"WebSite\",\"@id\":\"https:\/\/www.szenik.eu\/de\/#website\",\"url\":\"https:\/\/www.szenik.eu\/de\/\",\"name\":\"szenik\",\"description\":\"Le Meilleur des sc\u00e8nes au coeur de l&#039;Europe\",\"publisher\":{\"@id\":\"https:\/\/www.szenik.eu\/de\/#organization\"},\"potentialAction\":[{\"@type\":\"SearchAction\",\"target\":{\"@type\":\"EntryPoint\",\"urlTemplate\":\"https:\/\/www.szenik.eu\/de\/?s={search_term_string}\"},\"query-input\":\"required name=search_term_string\"}],\"inLanguage\":\"de\"},{\"@type\":\"Organization\",\"@id\":\"https:\/\/www.szenik.eu\/de\/#organization\",\"name\":\"Szenik\",\"url\":\"https:\/\/www.szenik.eu\/de\/\",\"logo\":{\"@type\":\"ImageObject\",\"inLanguage\":\"de\",\"@id\":\"https:\/\/www.szenik.eu\/de\/#\/schema\/logo\/image\/\",\"url\":\"https:\/\/www.szenik.eu\/wp-content\/uploads\/2019\/07\/logo-square.png\",\"contentUrl\":\"https:\/\/www.szenik.eu\/wp-content\/uploads\/2019\/07\/logo-square.png\",\"width\":512,\"height\":512,\"caption\":\"Szenik\"},\"image\":{\"@id\":\"https:\/\/www.szenik.eu\/de\/#\/schema\/logo\/image\/\"},\"sameAs\":[\"https:\/\/www.facebook.com\/szenik.eu\/\",\"https:\/\/twitter.com\/Szenik\",\"https:\/\/www.instagram.com\/szenik_magazine\/\",\"https:\/\/www.youtube.com\/user\/SzenikEU\/\"]},{\"@type\":\"Person\",\"@id\":\"https:\/\/www.szenik.eu\/de\/#\/schema\/person\/15f73f175b41bad194837490339d48fb\",\"name\":\"szenik\",\"image\":{\"@type\":\"ImageObject\",\"inLanguage\":\"de\",\"@id\":\"https:\/\/www.szenik.eu\/de\/#\/schema\/person\/image\/\",\"url\":\"https:\/\/secure.gravatar.com\/avatar\/d1c4f19522a624a4eaa5e6c03e22370b?s=96&d=mm&r=g\",\"contentUrl\":\"https:\/\/secure.gravatar.com\/avatar\/d1c4f19522a624a4eaa5e6c03e22370b?s=96&d=mm&r=g\",\"caption\":\"szenik\"}}]}<\/script>\n<!-- \/ Yoast SEO plugin. -->","yoast_head_json":{"title":"Gare du Nord (Basel): \u00abOffenes B\u00fcro\u00bb in der Bar du Nord I szenik","description":"Ab dem 2. November verwandelt sich neu einmal pro Woche von 10:00-16:00 die Bar des Gare du Nord in ein festes B\u00fcro f\u00fcr Kunstschaffende.","robots":{"index":"index","follow":"follow","max-snippet":"max-snippet:-1","max-image-preview":"max-image-preview:large","max-video-preview":"max-video-preview:-1"},"canonical":"https:\/\/www.szenik.eu\/de\/gare-du-nord-basel-offenes-buero-in-der-bar-du-nord-44594","og_locale":"de_DE","og_type":"article","og_title":"Gare du Nord (Basel): \u00abOffenes B\u00fcro\u00bb in der Bar du Nord I szenik","og_description":"Ab dem 2. November verwandelt sich neu einmal pro Woche von 10:00-16:00 die Bar des Gare du Nord in ein festes B\u00fcro f\u00fcr Kunstschaffende.","og_url":"https:\/\/www.szenik.eu\/de\/gare-du-nord-basel-offenes-buero-in-der-bar-du-nord-44594","og_site_name":"szenik","article_publisher":"https:\/\/www.facebook.com\/szenik.eu\/","article_published_time":"2021-11-02T10:00:41+00:00","article_modified_time":"2021-11-02T10:00:49+00:00","og_image":[{"width":1280,"height":908,"url":"https:\/\/www.szenik.eu\/wp-content\/uploads\/2021\/11\/BarduNord_c_UteSchendel_RET.jpeg","type":"image\/jpeg"}],"author":"szenik","twitter_card":"summary_large_image","twitter_creator":"@Szenik","twitter_site":"@Szenik","twitter_misc":{"Verfasst von":"szenik","Gesch\u00e4tzte Lesezeit":"1\u00a0Minute"},"schema":{"@context":"https:\/\/schema.org","@graph":[{"@type":"Article","@id":"https:\/\/www.szenik.eu\/de\/gare-du-nord-basel-offenes-buero-in-der-bar-du-nord-44594#article","isPartOf":{"@id":"https:\/\/www.szenik.eu\/de\/gare-du-nord-basel-offenes-buero-in-der-bar-du-nord-44594"},"author":{"name":"szenik","@id":"https:\/\/www.szenik.eu\/de\/#\/schema\/person\/15f73f175b41bad194837490339d48fb"},"headline":"Gare du Nord (Basel): \u00abOffenes B\u00fcro\u00bb in der Bar du Nord","datePublished":"2021-11-02T10:00:41+00:00","dateModified":"2021-11-02T10:00:49+00:00","mainEntityOfPage":{"@id":"https:\/\/www.szenik.eu\/de\/gare-du-nord-basel-offenes-buero-in-der-bar-du-nord-44594"},"wordCount":126,"commentCount":0,"publisher":{"@id":"https:\/\/www.szenik.eu\/de\/#organization"},"keywords":["Gare du Nord"],"articleSection":["Kurz &amp; knackig","Magazin"],"inLanguage":"de","potentialAction":[{"@type":"CommentAction","name":"Comment","target":["https:\/\/www.szenik.eu\/de\/gare-du-nord-basel-offenes-buero-in-der-bar-du-nord-44594#respond"]}]},{"@type":"WebPage","@id":"https:\/\/www.szenik.eu\/de\/gare-du-nord-basel-offenes-buero-in-der-bar-du-nord-44594","url":"https:\/\/www.szenik.eu\/de\/gare-du-nord-basel-offenes-buero-in-der-bar-du-nord-44594","name":"Gare du Nord (Basel): \u00abOffenes B\u00fcro\u00bb in der Bar du Nord I szenik","isPartOf":{"@id":"https:\/\/www.szenik.eu\/de\/#website"},"datePublished":"2021-11-02T10:00:41+00:00","dateModified":"2021-11-02T10:00:49+00:00","description":"Ab dem 2. November verwandelt sich neu einmal pro Woche von 10:00-16:00 die Bar des Gare du Nord in ein festes B\u00fcro f\u00fcr Kunstschaffende.","breadcrumb":{"@id":"https:\/\/www.szenik.eu\/de\/gare-du-nord-basel-offenes-buero-in-der-bar-du-nord-44594#breadcrumb"},"inLanguage":"de","potentialAction":[{"@type":"ReadAction","target":["https:\/\/www.szenik.eu\/de\/gare-du-nord-basel-offenes-buero-in-der-bar-du-nord-44594"]}]},{"@type":"BreadcrumbList","@id":"https:\/\/www.szenik.eu\/de\/gare-du-nord-basel-offenes-buero-in-der-bar-du-nord-44594#breadcrumb","itemListElement":[{"@type":"ListItem","position":1,"name":"Home","item":"https:\/\/www.szenik.eu\/de"},{"@type":"ListItem","position":2,"name":"Gare du Nord (Basel): \u00abOffenes B\u00fcro\u00bb in der Bar du Nord"}]},{"@type":"WebSite","@id":"https:\/\/www.szenik.eu\/de\/#website","url":"https:\/\/www.szenik.eu\/de\/","name":"szenik","description":"Le Meilleur des sc\u00e8nes au coeur de l&#039;Europe","publisher":{"@id":"https:\/\/www.szenik.eu\/de\/#organization"},"potentialAction":[{"@type":"SearchAction","target":{"@type":"EntryPoint","urlTemplate":"https:\/\/www.szenik.eu\/de\/?s={search_term_string}"},"query-input":"required name=search_term_string"}],"inLanguage":"de"},{"@type":"Organization","@id":"https:\/\/www.szenik.eu\/de\/#organization","name":"Szenik","url":"https:\/\/www.szenik.eu\/de\/","logo":{"@type":"ImageObject","inLanguage":"de","@id":"https:\/\/www.szenik.eu\/de\/#\/schema\/logo\/image\/","url":"https:\/\/www.szenik.eu\/wp-content\/uploads\/2019\/07\/logo-square.png","contentUrl":"https:\/\/www.szenik.eu\/wp-content\/uploads\/2019\/07\/logo-square.png","width":512,"height":512,"caption":"Szenik"},"image":{"@id":"https:\/\/www.szenik.eu\/de\/#\/schema\/logo\/image\/"},"sameAs":["https:\/\/www.facebook.com\/szenik.eu\/","https:\/\/twitter.com\/Szenik","https:\/\/www.instagram.com\/szenik_magazine\/","https:\/\/www.youtube.com\/user\/SzenikEU\/"]},{"@type":"Person","@id":"https:\/\/www.szenik.eu\/de\/#\/schema\/person\/15f73f175b41bad194837490339d48fb","name":"szenik","image":{"@type":"ImageObject","inLanguage":"de","@id":"https:\/\/www.szenik.eu\/de\/#\/schema\/person\/image\/","url":"https:\/\/secure.gravatar.com\/avatar\/d1c4f19522a624a4eaa5e6c03e22370b?s=96&d=mm&r=g","contentUrl":"https:\/\/secure.gravatar.com\/avatar\/d1c4f19522a624a4eaa5e6c03e22370b?s=96&d=mm&r=g","caption":"szenik"}}]}},"jetpack_featured_media_url":"https:\/\/www.szenik.eu\/wp-content\/uploads\/2021\/11\/BarduNord_c_UteSchendel_RET.jpeg","amp_enabled":true,"_links":{"self":[{"href":"https:\/\/www.szenik.eu\/de\/wp-json\/\/wp\/v2\/posts\/44594"}],"collection":[{"href":"https:\/\/www.szenik.eu\/de\/wp-json\/\/wp\/v2\/posts"}],"about":[{"href":"https:\/\/www.szenik.eu\/de\/wp-json\/\/wp\/v2\/types\/post"}],"author":[{"embeddable":true,"href":"https:\/\/www.szenik.eu\/de\/wp-json\/\/wp\/v2\/users\/1"}],"replies":[{"embeddable":true,"href":"https:\/\/www.szenik.eu\/de\/wp-json\/\/wp\/v2\/comments?post=44594"}],"version-history":[{"count":1,"href":"https:\/\/www.szenik.eu\/de\/wp-json\/\/wp\/v2\/posts\/44594\/revisions"}],"predecessor-version":[{"id":44597,"href":"https:\/\/www.szenik.eu\/de\/wp-json\/\/wp\/v2\/posts\/44594\/revisions\/44597"}],"wp:featuredmedia":[{"embeddable":true,"href":"https:\/\/www.szenik.eu\/de\/wp-json\/\/wp\/v2\/media\/44595"}],"wp:attachment":[{"href":"https:\/\/www.szenik.eu\/de\/wp-json\/\/wp\/v2\/media?parent=44594"}],"wp:term":[{"taxonomy":"category","embeddable":true,"href":"https:\/\/www.szenik.eu\/de\/wp-json\/\/wp\/v2\/categories?post=44594"},{"taxonomy":"post_tag","embeddable":true,"href":"https:\/\/www.szenik.eu\/de\/wp-json\/\/wp\/v2\/tags?post=44594"}],"curies":[{"name":"wp","href":"https:\/\/api.w.org\/{rel}","templated":true}]}}