{"id":44582,"date":"2021-11-02T09:33:08","date_gmt":"2021-11-02T08:33:08","guid":{"rendered":"https:\/\/www.szenik.eu\/?p=44582\/"},"modified":"2021-11-02T09:33:12","modified_gmt":"2021-11-02T08:33:12","slug":"digital-lectures-oeffentliche-raeume-in-kulturbauten-der-zukunft","status":"publish","type":"post","link":"https:\/\/www.szenik.eu\/de\/digital-lectures-oeffentliche-raeume-in-kulturbauten-der-zukunft-44582","title":{"rendered":"Digital Lectures: \u00d6ffentliche R\u00e4ume in Kulturbauten der Zukunft"},"content":{"rendered":"\n<h2>Expert:innen diskutieren ab 16. November 2021 in einer digitalen Veranstaltungsreihe \u00fcber \u00f6ffentliche R\u00e4ume in Kulturbauten der Zukunft. Die Digital Lectures KULTURBAUTEN DER ZUKUNFT werden von der <a href=\"https:\/\/www.staatsoper.de\" target=\"_blank\" rel=\"noreferrer noopener\" aria-label=\"Bayerischen Staatsoper (opens in a new tab)\">Bayerischen Staatsoper<\/a>, der <a href=\"https:\/\/www.operamrhein.de\/de_DE\/home?p=1\" target=\"_blank\" rel=\"noreferrer noopener\" aria-label=\"Deutschen Oper am Rhein (opens in a new tab)\">Deutschen Oper am Rhein<\/a>, der <a href=\"https:\/\/www.komische-oper-berlin.de\" target=\"_blank\" rel=\"noreferrer noopener\" aria-label=\"Komischen Oper Berlin (opens in a new tab)\">Komischen Oper Berlin<\/a>, dem <a href=\"https:\/\/www.opernhaus.ch\" target=\"_blank\" rel=\"noreferrer noopener\" aria-label=\"Opernhaus Z\u00fcrich  (opens in a new tab)\">Opernhaus Z\u00fcrich <\/a>und den <a href=\"https:\/\/www.staatstheater-stuttgart.de\" target=\"_blank\" rel=\"noreferrer noopener\" aria-label=\"Staatstheatern Stuttgart  (opens in a new tab)\">Staatstheatern Stuttgart <\/a>veranstaltet.<\/h2>\n\n\n\n<div style=\"height:100px\" aria-hidden=\"true\" class=\"wp-block-spacer\"><\/div>\n\n\n\n<p><em>Pressemitteilung<\/em><\/p>\n\n\n\n<div style=\"height:100px\" aria-hidden=\"true\" class=\"wp-block-spacer\"><\/div>\n\n\n\n<p>Die Digital Lectures \u00d6FFENTLICHE R\u00c4UME IN KULTURBAUTEN DER ZUKUNFT bringen Expert:innen und Vision\u00e4r:innen zu einer digitalen Veranstaltungsreihe zusammen, um \u00fcber Ideen und Visionen f\u00fcr Kulturbauten der Zukunft sowie \u00fcber die mit ihnen verbundenen An- und Herausforderungen zu diskutieren. Weil zahlreiche Theater- und Konzerth\u00e4user im deutschsprachigen Raum mittelfristig umfassend saniert oder neu gebaut werden m\u00fcssen, sollen in sieben digitalen Veranstaltungen wichtige Impulse und Antworten auf zentrale Zukunftsfragen erarbeitet werden, darunter:<\/p>\n\n\n\n<div style=\"height:20px\" aria-hidden=\"true\" class=\"wp-block-spacer\"><\/div>\n\n\n\n<ul><li>Was m\u00fcssen Kulturbauten zwischen k\u00fcnstlerischer Tradition und zukunftsgewandten Anspr\u00fcchen leisten?<\/li><li>Wie k\u00f6nnen Kulturbauten f\u00fcr die Gesellschaft ge\u00f6ffnet werden?<\/li><li>Welche Anforderungen hat das Kulturpublikum der Zukunft an Kulturbauten?<\/li><li>Welche Voraussetzungen f\u00fcr eine vielf\u00e4ltige und relevante Nutzung der \u00f6ffentlichzug\u00e4nglichen R\u00e4ume in Kulturbauten m\u00fcssen erf\u00fcllt sein?<\/li><\/ul>\n\n\n\n<div style=\"height:20px\" aria-hidden=\"true\" class=\"wp-block-spacer\"><\/div>\n\n\n\n<h4><strong>Zu den Referent:innen<\/strong><\/h4>\n\n\n\n<div style=\"height:20px\" aria-hidden=\"true\" class=\"wp-block-spacer\"><\/div>\n\n\n\n<p><strong>Oona Horx-Strathern<\/strong>, seit 25 Jahren Trend- und Zukunftsforscherin mit Schwerpunkt Architektur, <\/p>\n\n\n\n<p><strong>Prof. Peter Haimerl<\/strong>, Architekt, zahlreich ausgezeichnet f\u00fcr seinen Konzertsaal in Blaibach, <\/p>\n\n\n\n<p><strong>Detlef Weitz<\/strong>, Szenograf und Designpreistr\u00e4ger der Bundesrepublik Deutschland 2011 in Gold, <\/p>\n\n\n\n<p><strong>Prof. Dr. Susanne Hofmann<\/strong>, Gr\u00fcnderin und Gesch\u00e4ftsf\u00fchrerin der\u00a0<em>Baupiloten Architektur BDA<\/em>, <\/p>\n\n\n\n<p><strong>J\u00f6rn Walter<\/strong>, Stadtplaner, <\/p>\n\n\n\n<p><strong>Prof. Dr. Dr. Ayad Al-An<\/strong>i, assoziiertes Mitglied des\u00a0<em>Einstein Zentrums Digitale Zukunft<\/em>, <\/p>\n\n\n\n<p><strong>Andrea J\u00fcrges<\/strong>, Architektin und Mitglied der Stabsstelle\u00a0<em>Zukunft der St\u00e4dtischen B\u00fchnen<\/em><\/p>\n\n\n\n<p>stellen interessante Ideen und L\u00f6sungsans\u00e4tze f\u00fcr \u00f6ffentlich zug\u00e4ngliche Bereiche von Kulturbauten vor. Im Anschluss an den jeweiligen Vortrag diskutieren sie ihre Thesen mit ausgew\u00e4hlten Gespr\u00e4chspartner:innen.<\/p>\n\n\n\n<p>Die Lectures werden im Anschluss an den Live-Termin auf der Website mit den Referent:innenbeitr\u00e4gen und den wesentlichen Erkenntnissen aus den Diskussionen ver\u00f6ffentlicht. <strong>Alle Digital Lectures sind frei zug\u00e4nglich und richten sich sowohl an Expert:innen wie an das interessierte Publikum<\/strong>.<\/p>\n\n\n\n<div style=\"height:100px\" aria-hidden=\"true\" class=\"wp-block-spacer\"><\/div>\n\n\n\n<div class=\"wp-block-button aligncenter\"><a class=\"wp-block-button__link has-text-color has-very-dark-gray-color has-background has-luminous-vivid-amber-background-color\" href=\"https:\/\/www.kulturbauten.net\" target=\"_blank\" rel=\"noreferrer noopener\">Programm, kostenlose Anmeldung und Teilnahme unter folgender Webseite<\/a><\/div>\n\n\n\n<div style=\"height:100px\" aria-hidden=\"true\" class=\"wp-block-spacer\"><\/div>\n\n\n\n<p class=\"has-small-font-size\">Foto: Andrin Fretz<\/p>\n\n\n\n<div style=\"height:100px\" aria-hidden=\"true\" class=\"wp-block-spacer\"><\/div>\n","protected":false},"excerpt":{"rendered":"<p>Expert:innen diskutieren ab 16. November 2021 in einer digitalen Veranstaltungsreihe \u00fcber \u00f6ffentliche R\u00e4ume in Kulturbauten der Zukunft. Die Digital Lectures KULTURBAUTEN DER ZUKUNFT werden von der Bayerischen Staatsoper, der Deutschen Oper am Rhein, der Komischen Oper Berlin, dem Opernhaus Z\u00fcrich und den Staatstheatern Stuttgart veranstaltet. Pressemitteilung Die Digital Lectures \u00d6FFENTLICHE R\u00c4UME IN KULTURBAUTEN DER ZUKUNFT [&hellip;]<\/p>\n","protected":false},"author":1,"featured_media":44583,"comment_status":"open","ping_status":"open","sticky":false,"template":"","format":"standard","meta":{"_monsterinsights_skip_tracking":false,"_monsterinsights_sitenote_active":false,"_monsterinsights_sitenote_note":"","_monsterinsights_sitenote_category":0},"categories":[2815,53],"tags":[2855,15102],"yoast_head":"<!-- This site is optimized with the Yoast SEO plugin v20.5 - https:\/\/yoast.com\/wordpress\/plugins\/seo\/ -->\n<title>Digital Lectures: \u00d6ffentliche R\u00e4ume in Kulturbauten der Zukunft I szenik<\/title>\n<meta name=\"description\" content=\"Expert:innen diskutieren ab 16. November 2021 in einer digitalen Veranstaltungsreihe \u00fcber \u00f6ffentliche R\u00e4ume in Kulturbauten der Zukunft.\" \/>\n<meta name=\"robots\" content=\"index, follow, max-snippet:-1, max-image-preview:large, max-video-preview:-1\" \/>\n<link rel=\"canonical\" href=\"https:\/\/www.szenik.eu\/de\/digital-lectures-oeffentliche-raeume-in-kulturbauten-der-zukunft-44582\" \/>\n<meta property=\"og:locale\" content=\"de_DE\" \/>\n<meta property=\"og:type\" content=\"article\" \/>\n<meta property=\"og:title\" content=\"Digital Lectures: \u00d6ffentliche R\u00e4ume in Kulturbauten der Zukunft I szenik\" \/>\n<meta property=\"og:description\" content=\"Expert:innen diskutieren ab 16. November 2021 in einer digitalen Veranstaltungsreihe \u00fcber \u00f6ffentliche R\u00e4ume in Kulturbauten der Zukunft.\" \/>\n<meta property=\"og:url\" content=\"https:\/\/www.szenik.eu\/de\/digital-lectures-oeffentliche-raeume-in-kulturbauten-der-zukunft-44582\" \/>\n<meta property=\"og:site_name\" content=\"szenik\" \/>\n<meta property=\"article:publisher\" content=\"https:\/\/www.facebook.com\/szenik.eu\/\" \/>\n<meta property=\"article:published_time\" content=\"2021-11-02T08:33:08+00:00\" \/>\n<meta property=\"article:modified_time\" content=\"2021-11-02T08:33:12+00:00\" \/>\n<meta property=\"og:image\" content=\"https:\/\/www.szenik.eu\/wp-content\/uploads\/2021\/11\/Capture-d\u2019\u00e9cran-2021-11-02-\u00e0-09.27.10.png\" \/>\n\t<meta property=\"og:image:width\" content=\"1058\" \/>\n\t<meta property=\"og:image:height\" content=\"692\" \/>\n\t<meta property=\"og:image:type\" content=\"image\/png\" \/>\n<meta name=\"author\" content=\"szenik\" \/>\n<meta name=\"twitter:card\" content=\"summary_large_image\" \/>\n<meta name=\"twitter:creator\" content=\"@Szenik\" \/>\n<meta name=\"twitter:site\" content=\"@Szenik\" \/>\n<meta name=\"twitter:label1\" content=\"Verfasst von\" \/>\n\t<meta name=\"twitter:data1\" content=\"szenik\" \/>\n\t<meta name=\"twitter:label2\" content=\"Gesch\u00e4tzte Lesezeit\" \/>\n\t<meta name=\"twitter:data2\" content=\"2\u00a0Minuten\" \/>\n<script type=\"application\/ld+json\" class=\"yoast-schema-graph\">{\"@context\":\"https:\/\/schema.org\",\"@graph\":[{\"@type\":\"Article\",\"@id\":\"https:\/\/www.szenik.eu\/de\/digital-lectures-oeffentliche-raeume-in-kulturbauten-der-zukunft-44582#article\",\"isPartOf\":{\"@id\":\"https:\/\/www.szenik.eu\/de\/digital-lectures-oeffentliche-raeume-in-kulturbauten-der-zukunft-44582\"},\"author\":{\"name\":\"szenik\",\"@id\":\"https:\/\/www.szenik.eu\/de\/#\/schema\/person\/15f73f175b41bad194837490339d48fb\"},\"headline\":\"Digital Lectures: \u00d6ffentliche R\u00e4ume in Kulturbauten der Zukunft\",\"datePublished\":\"2021-11-02T08:33:08+00:00\",\"dateModified\":\"2021-11-02T08:33:12+00:00\",\"mainEntityOfPage\":{\"@id\":\"https:\/\/www.szenik.eu\/de\/digital-lectures-oeffentliche-raeume-in-kulturbauten-der-zukunft-44582\"},\"wordCount\":355,\"commentCount\":0,\"publisher\":{\"@id\":\"https:\/\/www.szenik.eu\/de\/#organization\"},\"keywords\":[\"Opernhaus Z\u00fcrich\",\"Staatstheater Stuttgart\"],\"articleSection\":[\"Kurz &amp; knackig\",\"Magazin\"],\"inLanguage\":\"de\",\"potentialAction\":[{\"@type\":\"CommentAction\",\"name\":\"Comment\",\"target\":[\"https:\/\/www.szenik.eu\/de\/digital-lectures-oeffentliche-raeume-in-kulturbauten-der-zukunft-44582#respond\"]}]},{\"@type\":\"WebPage\",\"@id\":\"https:\/\/www.szenik.eu\/de\/digital-lectures-oeffentliche-raeume-in-kulturbauten-der-zukunft-44582\",\"url\":\"https:\/\/www.szenik.eu\/de\/digital-lectures-oeffentliche-raeume-in-kulturbauten-der-zukunft-44582\",\"name\":\"Digital Lectures: \u00d6ffentliche R\u00e4ume in Kulturbauten der Zukunft I szenik\",\"isPartOf\":{\"@id\":\"https:\/\/www.szenik.eu\/de\/#website\"},\"datePublished\":\"2021-11-02T08:33:08+00:00\",\"dateModified\":\"2021-11-02T08:33:12+00:00\",\"description\":\"Expert:innen diskutieren ab 16. November 2021 in einer digitalen Veranstaltungsreihe \u00fcber \u00f6ffentliche R\u00e4ume in Kulturbauten der Zukunft.\",\"breadcrumb\":{\"@id\":\"https:\/\/www.szenik.eu\/de\/digital-lectures-oeffentliche-raeume-in-kulturbauten-der-zukunft-44582#breadcrumb\"},\"inLanguage\":\"de\",\"potentialAction\":[{\"@type\":\"ReadAction\",\"target\":[\"https:\/\/www.szenik.eu\/de\/digital-lectures-oeffentliche-raeume-in-kulturbauten-der-zukunft-44582\"]}]},{\"@type\":\"BreadcrumbList\",\"@id\":\"https:\/\/www.szenik.eu\/de\/digital-lectures-oeffentliche-raeume-in-kulturbauten-der-zukunft-44582#breadcrumb\",\"itemListElement\":[{\"@type\":\"ListItem\",\"position\":1,\"name\":\"Home\",\"item\":\"https:\/\/www.szenik.eu\/de\"},{\"@type\":\"ListItem\",\"position\":2,\"name\":\"Digital Lectures: \u00d6ffentliche R\u00e4ume in Kulturbauten der Zukunft\"}]},{\"@type\":\"WebSite\",\"@id\":\"https:\/\/www.szenik.eu\/de\/#website\",\"url\":\"https:\/\/www.szenik.eu\/de\/\",\"name\":\"szenik\",\"description\":\"Le Meilleur des sc\u00e8nes au coeur de l&#039;Europe\",\"publisher\":{\"@id\":\"https:\/\/www.szenik.eu\/de\/#organization\"},\"potentialAction\":[{\"@type\":\"SearchAction\",\"target\":{\"@type\":\"EntryPoint\",\"urlTemplate\":\"https:\/\/www.szenik.eu\/de\/?s={search_term_string}\"},\"query-input\":\"required name=search_term_string\"}],\"inLanguage\":\"de\"},{\"@type\":\"Organization\",\"@id\":\"https:\/\/www.szenik.eu\/de\/#organization\",\"name\":\"Szenik\",\"url\":\"https:\/\/www.szenik.eu\/de\/\",\"logo\":{\"@type\":\"ImageObject\",\"inLanguage\":\"de\",\"@id\":\"https:\/\/www.szenik.eu\/de\/#\/schema\/logo\/image\/\",\"url\":\"https:\/\/www.szenik.eu\/wp-content\/uploads\/2019\/07\/logo-square.png\",\"contentUrl\":\"https:\/\/www.szenik.eu\/wp-content\/uploads\/2019\/07\/logo-square.png\",\"width\":512,\"height\":512,\"caption\":\"Szenik\"},\"image\":{\"@id\":\"https:\/\/www.szenik.eu\/de\/#\/schema\/logo\/image\/\"},\"sameAs\":[\"https:\/\/www.facebook.com\/szenik.eu\/\",\"https:\/\/twitter.com\/Szenik\",\"https:\/\/www.instagram.com\/szenik_magazine\/\",\"https:\/\/www.youtube.com\/user\/SzenikEU\/\"]},{\"@type\":\"Person\",\"@id\":\"https:\/\/www.szenik.eu\/de\/#\/schema\/person\/15f73f175b41bad194837490339d48fb\",\"name\":\"szenik\",\"image\":{\"@type\":\"ImageObject\",\"inLanguage\":\"de\",\"@id\":\"https:\/\/www.szenik.eu\/de\/#\/schema\/person\/image\/\",\"url\":\"https:\/\/secure.gravatar.com\/avatar\/d1c4f19522a624a4eaa5e6c03e22370b?s=96&d=mm&r=g\",\"contentUrl\":\"https:\/\/secure.gravatar.com\/avatar\/d1c4f19522a624a4eaa5e6c03e22370b?s=96&d=mm&r=g\",\"caption\":\"szenik\"}}]}<\/script>\n<!-- \/ Yoast SEO plugin. -->","yoast_head_json":{"title":"Digital Lectures: \u00d6ffentliche R\u00e4ume in Kulturbauten der Zukunft I szenik","description":"Expert:innen diskutieren ab 16. November 2021 in einer digitalen Veranstaltungsreihe \u00fcber \u00f6ffentliche R\u00e4ume in Kulturbauten der Zukunft.","robots":{"index":"index","follow":"follow","max-snippet":"max-snippet:-1","max-image-preview":"max-image-preview:large","max-video-preview":"max-video-preview:-1"},"canonical":"https:\/\/www.szenik.eu\/de\/digital-lectures-oeffentliche-raeume-in-kulturbauten-der-zukunft-44582","og_locale":"de_DE","og_type":"article","og_title":"Digital Lectures: \u00d6ffentliche R\u00e4ume in Kulturbauten der Zukunft I szenik","og_description":"Expert:innen diskutieren ab 16. November 2021 in einer digitalen Veranstaltungsreihe \u00fcber \u00f6ffentliche R\u00e4ume in Kulturbauten der Zukunft.","og_url":"https:\/\/www.szenik.eu\/de\/digital-lectures-oeffentliche-raeume-in-kulturbauten-der-zukunft-44582","og_site_name":"szenik","article_publisher":"https:\/\/www.facebook.com\/szenik.eu\/","article_published_time":"2021-11-02T08:33:08+00:00","article_modified_time":"2021-11-02T08:33:12+00:00","og_image":[{"width":1058,"height":692,"url":"https:\/\/www.szenik.eu\/wp-content\/uploads\/2021\/11\/Capture-d\u2019\u00e9cran-2021-11-02-\u00e0-09.27.10.png","type":"image\/png"}],"author":"szenik","twitter_card":"summary_large_image","twitter_creator":"@Szenik","twitter_site":"@Szenik","twitter_misc":{"Verfasst von":"szenik","Gesch\u00e4tzte Lesezeit":"2\u00a0Minuten"},"schema":{"@context":"https:\/\/schema.org","@graph":[{"@type":"Article","@id":"https:\/\/www.szenik.eu\/de\/digital-lectures-oeffentliche-raeume-in-kulturbauten-der-zukunft-44582#article","isPartOf":{"@id":"https:\/\/www.szenik.eu\/de\/digital-lectures-oeffentliche-raeume-in-kulturbauten-der-zukunft-44582"},"author":{"name":"szenik","@id":"https:\/\/www.szenik.eu\/de\/#\/schema\/person\/15f73f175b41bad194837490339d48fb"},"headline":"Digital Lectures: \u00d6ffentliche R\u00e4ume in Kulturbauten der Zukunft","datePublished":"2021-11-02T08:33:08+00:00","dateModified":"2021-11-02T08:33:12+00:00","mainEntityOfPage":{"@id":"https:\/\/www.szenik.eu\/de\/digital-lectures-oeffentliche-raeume-in-kulturbauten-der-zukunft-44582"},"wordCount":355,"commentCount":0,"publisher":{"@id":"https:\/\/www.szenik.eu\/de\/#organization"},"keywords":["Opernhaus Z\u00fcrich","Staatstheater Stuttgart"],"articleSection":["Kurz &amp; knackig","Magazin"],"inLanguage":"de","potentialAction":[{"@type":"CommentAction","name":"Comment","target":["https:\/\/www.szenik.eu\/de\/digital-lectures-oeffentliche-raeume-in-kulturbauten-der-zukunft-44582#respond"]}]},{"@type":"WebPage","@id":"https:\/\/www.szenik.eu\/de\/digital-lectures-oeffentliche-raeume-in-kulturbauten-der-zukunft-44582","url":"https:\/\/www.szenik.eu\/de\/digital-lectures-oeffentliche-raeume-in-kulturbauten-der-zukunft-44582","name":"Digital Lectures: \u00d6ffentliche R\u00e4ume in Kulturbauten der Zukunft I szenik","isPartOf":{"@id":"https:\/\/www.szenik.eu\/de\/#website"},"datePublished":"2021-11-02T08:33:08+00:00","dateModified":"2021-11-02T08:33:12+00:00","description":"Expert:innen diskutieren ab 16. November 2021 in einer digitalen Veranstaltungsreihe \u00fcber \u00f6ffentliche R\u00e4ume in Kulturbauten der Zukunft.","breadcrumb":{"@id":"https:\/\/www.szenik.eu\/de\/digital-lectures-oeffentliche-raeume-in-kulturbauten-der-zukunft-44582#breadcrumb"},"inLanguage":"de","potentialAction":[{"@type":"ReadAction","target":["https:\/\/www.szenik.eu\/de\/digital-lectures-oeffentliche-raeume-in-kulturbauten-der-zukunft-44582"]}]},{"@type":"BreadcrumbList","@id":"https:\/\/www.szenik.eu\/de\/digital-lectures-oeffentliche-raeume-in-kulturbauten-der-zukunft-44582#breadcrumb","itemListElement":[{"@type":"ListItem","position":1,"name":"Home","item":"https:\/\/www.szenik.eu\/de"},{"@type":"ListItem","position":2,"name":"Digital Lectures: \u00d6ffentliche R\u00e4ume in Kulturbauten der Zukunft"}]},{"@type":"WebSite","@id":"https:\/\/www.szenik.eu\/de\/#website","url":"https:\/\/www.szenik.eu\/de\/","name":"szenik","description":"Le Meilleur des sc\u00e8nes au coeur de l&#039;Europe","publisher":{"@id":"https:\/\/www.szenik.eu\/de\/#organization"},"potentialAction":[{"@type":"SearchAction","target":{"@type":"EntryPoint","urlTemplate":"https:\/\/www.szenik.eu\/de\/?s={search_term_string}"},"query-input":"required name=search_term_string"}],"inLanguage":"de"},{"@type":"Organization","@id":"https:\/\/www.szenik.eu\/de\/#organization","name":"Szenik","url":"https:\/\/www.szenik.eu\/de\/","logo":{"@type":"ImageObject","inLanguage":"de","@id":"https:\/\/www.szenik.eu\/de\/#\/schema\/logo\/image\/","url":"https:\/\/www.szenik.eu\/wp-content\/uploads\/2019\/07\/logo-square.png","contentUrl":"https:\/\/www.szenik.eu\/wp-content\/uploads\/2019\/07\/logo-square.png","width":512,"height":512,"caption":"Szenik"},"image":{"@id":"https:\/\/www.szenik.eu\/de\/#\/schema\/logo\/image\/"},"sameAs":["https:\/\/www.facebook.com\/szenik.eu\/","https:\/\/twitter.com\/Szenik","https:\/\/www.instagram.com\/szenik_magazine\/","https:\/\/www.youtube.com\/user\/SzenikEU\/"]},{"@type":"Person","@id":"https:\/\/www.szenik.eu\/de\/#\/schema\/person\/15f73f175b41bad194837490339d48fb","name":"szenik","image":{"@type":"ImageObject","inLanguage":"de","@id":"https:\/\/www.szenik.eu\/de\/#\/schema\/person\/image\/","url":"https:\/\/secure.gravatar.com\/avatar\/d1c4f19522a624a4eaa5e6c03e22370b?s=96&d=mm&r=g","contentUrl":"https:\/\/secure.gravatar.com\/avatar\/d1c4f19522a624a4eaa5e6c03e22370b?s=96&d=mm&r=g","caption":"szenik"}}]}},"jetpack_featured_media_url":"https:\/\/www.szenik.eu\/wp-content\/uploads\/2021\/11\/Capture-d\u2019\u00e9cran-2021-11-02-\u00e0-09.27.10.png","amp_enabled":true,"_links":{"self":[{"href":"https:\/\/www.szenik.eu\/de\/wp-json\/\/wp\/v2\/posts\/44582"}],"collection":[{"href":"https:\/\/www.szenik.eu\/de\/wp-json\/\/wp\/v2\/posts"}],"about":[{"href":"https:\/\/www.szenik.eu\/de\/wp-json\/\/wp\/v2\/types\/post"}],"author":[{"embeddable":true,"href":"https:\/\/www.szenik.eu\/de\/wp-json\/\/wp\/v2\/users\/1"}],"replies":[{"embeddable":true,"href":"https:\/\/www.szenik.eu\/de\/wp-json\/\/wp\/v2\/comments?post=44582"}],"version-history":[{"count":1,"href":"https:\/\/www.szenik.eu\/de\/wp-json\/\/wp\/v2\/posts\/44582\/revisions"}],"predecessor-version":[{"id":44585,"href":"https:\/\/www.szenik.eu\/de\/wp-json\/\/wp\/v2\/posts\/44582\/revisions\/44585"}],"wp:featuredmedia":[{"embeddable":true,"href":"https:\/\/www.szenik.eu\/de\/wp-json\/\/wp\/v2\/media\/44583"}],"wp:attachment":[{"href":"https:\/\/www.szenik.eu\/de\/wp-json\/\/wp\/v2\/media?parent=44582"}],"wp:term":[{"taxonomy":"category","embeddable":true,"href":"https:\/\/www.szenik.eu\/de\/wp-json\/\/wp\/v2\/categories?post=44582"},{"taxonomy":"post_tag","embeddable":true,"href":"https:\/\/www.szenik.eu\/de\/wp-json\/\/wp\/v2\/tags?post=44582"}],"curies":[{"name":"wp","href":"https:\/\/api.w.org\/{rel}","templated":true}]}}