{"id":44090,"date":"2021-10-14T12:24:50","date_gmt":"2021-10-14T10:24:50","guid":{"rendered":"https:\/\/www.szenik.eu\/?p=44090\/"},"modified":"2021-10-14T12:28:36","modified_gmt":"2021-10-14T10:28:36","slug":"weltkulturerbe-voelklinger-huette-bietet-zahlreiche-fuehrungen-in-den-herbstferien","status":"publish","type":"post","link":"https:\/\/www.szenik.eu\/de\/weltkulturerbe-voelklinger-huette-bietet-zahlreiche-fuehrungen-in-den-herbstferien-44090","title":{"rendered":"Weltkulturerbe V\u00f6lklinger H\u00fctte bietet zahlreiche F\u00fchrungen in den Herbstferien"},"content":{"rendered":"\n<h2>Die Taschenlampenf\u00fchrung am Mittwoch, den 27. Oktober um 19.30 Uhr bietet nun erstmals die Chance, die neue rote Hochofenbeleuchtung aus der N\u00e4he zu erleben. Der traditionelle Rundgang durch die beleuchtete H\u00fctte im&nbsp;Herbst verspricht daher diesmal eine ganz besondere Erfahrung zu werden!<\/h2>\n\n\n\n<div style=\"height:100px\" aria-hidden=\"true\" class=\"wp-block-spacer\"><\/div>\n\n\n\n<p>Pressemitteilung<\/p>\n\n\n\n<div style=\"height:100px\" aria-hidden=\"true\" class=\"wp-block-spacer\"><\/div>\n\n\n\n<p><strong>Auf dem Programm stehen altersgerechte Expeditionen f\u00fcr Kinder und Jugendliche, die Industriekultur der V\u00f6lklinger H\u00fctte, das Paradies mit dem Pangotop und die Zeitreise ins Jahr 1986 mit den Fotografien von Michael Kerstgens. Und nat\u00fcrlich wartet das frisch er\u00f6ffnete FUTURE LAB \u201eSpekulative Nomaden\u201c auf seine Entdeckung.<\/strong><\/p>\n\n\n\n<div style=\"height:20px\" aria-hidden=\"true\" class=\"wp-block-spacer\"><\/div>\n\n\n\n<p>Alle F\u00fchrungen sind im normalen Eintritt in das Weltkulturerbe enthalten. Die Kinderf\u00fchrungen an den beiden Dienstagen der saarl\u00e4ndischen Herbstferien sowie die Taschenlampenf\u00fchrung sind sogar kostenfrei. Zur Taschenlampenf\u00fchrung muss lediglich eine eigene Taschenlampe mitgebracht werden.&nbsp;&nbsp;&nbsp;&nbsp;<\/p>\n\n\n\n<p>Es gilt die 3-G-Regel: Geimpft \u2013 Genesen &#8211; Getestet. Zutritt erh\u00e4lt, wer eine der drei Voraussetzungen erf\u00fcllt. Eine Maskenpflicht besteht nicht mehr. Die Pl\u00e4tze f\u00fcr die F\u00fchrungen sind begrenzt, das Weltkulturerbe bittet um <strong>Anmeldung unter 06898-9100 100<\/strong>.<\/p>\n\n\n\n<p>Die neue Hochofenbeleuchtung wurde vom LED-Entwickler R\u00fcdiger Lanz realisiert, der mit seinen Lichtinszenierungen bereits am Berliner Olympiastadion begeistert hat. Die Modernisierung der Hochofenbeleuchtung wurde von der Beauftragten der Bundesregierung f\u00fcr Kultur und Medien (BKM) und dem Saarland gef\u00f6rdert, und zwar \u00fcber das Programm \u201eInvestitionen f\u00fcr nationale Kultureinrichtungen in Deutschland\u201c des BKM, mit dem der Substanzerhalt und die Modernisierung bedeutsamer und das nationale Kulturerbe pr\u00e4gender Kultureinrichtungen in der Bundesrepublik Deutschland unterst\u00fctzt wird.<\/p>\n\n\n\n<p>Das Weltkulturerbe V\u00f6lklinger H\u00fctte ist das erste Denkmal aus der Bl\u00fctezeit der Industrialisierung, das in die Welterbeliste der UNESCO aufgenommen wurde. Die Industrieanlage im Saarland steht f\u00fcr die grenz\u00fcberschreitende Industrialisierung in Europa. Heute bildet die Industriekultur der V\u00f6lklinger H\u00fctte mit zahlreichen Hallen, Freifl\u00e4chen und dem fesselnden Gewirr der Rohrsysteme einen einzigartigen Schauplatz internationaler Ausstellungen, Festivals und Konzerte.&nbsp;<\/p>\n\n\n\n<p>Zur Kultur gesellt&nbsp;sich dar\u00fcber hinaus die Natur: Das Paradies, hervorgegangen aus der einstigen \u201eH\u00f6lle\u201c der Kokerei, fasziniert durch die R\u00fcckeroberung von Teilen des Gel\u00e4ndes durch&nbsp;vielf\u00e4ltige Flora und Fauna.&nbsp;<\/p>\n\n\n\n<div style=\"height:37px\" aria-hidden=\"true\" class=\"wp-block-spacer\"><\/div>\n\n\n\n<figure class=\"wp-block-image size-large\"><img decoding=\"async\" loading=\"lazy\" width=\"1024\" height=\"660\" src=\"https:\/\/www.szenik.eu\/wp-content\/uploads\/2021\/10\/Capture-d\u2019\u00e9cran-2021-10-14-\u00e0-12.14.00-1024x660.png\" alt=\"\" class=\"wp-image-44093\" srcset=\"https:\/\/www.szenik.eu\/wp-content\/uploads\/2021\/10\/Capture-d\u2019\u00e9cran-2021-10-14-\u00e0-12.14.00-1024x660.png 1024w, https:\/\/www.szenik.eu\/wp-content\/uploads\/2021\/10\/Capture-d\u2019\u00e9cran-2021-10-14-\u00e0-12.14.00-300x193.png 300w, https:\/\/www.szenik.eu\/wp-content\/uploads\/2021\/10\/Capture-d\u2019\u00e9cran-2021-10-14-\u00e0-12.14.00-768x495.png 768w, https:\/\/www.szenik.eu\/wp-content\/uploads\/2021\/10\/Capture-d\u2019\u00e9cran-2021-10-14-\u00e0-12.14.00-750x484.png 750w, https:\/\/www.szenik.eu\/wp-content\/uploads\/2021\/10\/Capture-d\u2019\u00e9cran-2021-10-14-\u00e0-12.14.00.png 1087w\" sizes=\"(max-width: 1024px) 100vw, 1024px\" \/><figcaption>Oliver Dietze<\/figcaption><\/figure>\n\n\n\n<div style=\"height:23px\" aria-hidden=\"true\" class=\"wp-block-spacer\"><\/div>\n\n\n\n<h3 class=\"has-text-align-center\"><strong>F\u00fchrungen in den Herbstferien<\/strong><\/h3>\n\n\n\n<div style=\"height:20px\" aria-hidden=\"true\" class=\"wp-block-spacer\"><\/div>\n\n\n\n<ul><li><strong>Dienstag, 19. Oktober<\/strong>&nbsp;<br><em>16 Uhr<\/em> F\u00fchrung f\u00fcr Kinder: Das UNESCO-Weltkulturerbe, Eintritt frei<\/li><\/ul>\n\n\n\n<ul><li><strong>Mittwoch, 20. Oktober<\/strong>&nbsp;<br><em>15 Uhr<\/em>: 1986. ZUR\u00dcCK IN DIE GEGENWART<\/li><\/ul>\n\n\n\n<ul><li><strong>Donnerstag, 21. Oktober<\/strong><br><em>15 Uhr<\/em> Das Weltkulturerbe V\u00f6lklinger H\u00fctte&nbsp;<\/li><\/ul>\n\n\n\n<ul><li><strong>Freitag, 22. Oktober<\/strong>&nbsp;<br><em>15 Uhr<\/em> Paradies-F\u00fchrung mit Pangotop<\/li><\/ul>\n\n\n\n<ul><li><strong>Samstag, 23. Oktober<\/strong>&nbsp;<br>15 Uhr Das Weltkulturerbe V\u00f6lklinger H\u00fctte<\/li><\/ul>\n\n\n\n<ul><li><strong>Sonntag, 24. Oktober<\/strong><br><em>15 Uhr<\/em> Das Weltkulturerbe V\u00f6lklinger H\u00fctte<\/li><\/ul>\n\n\n\n<ul><li><strong>Dienstag, 26. Oktober<\/strong><br><em>16 Uhr<\/em>: F\u00fchrung f\u00fcr Kinder: Das UNESCO-Weltkulturerbe, Eintritt frei<\/li><\/ul>\n\n\n\n<ul><li><strong>Mittwoch, 27. Oktober<\/strong>&nbsp;<br><em>15 Uhr<\/em> 1986. ZUR\u00dcCK IN DIE GEGENWART<br><em>15.30 Uhr<\/em> F\u00fchrung in franz\u00f6sischer Sprache<br><em>19.30 Uhr<\/em> Taschenlampenf\u00fchrung (Eintritt frei, bitte eigene Taschenlampe mitbringen!)<\/li><\/ul>\n\n\n\n<ul><li><strong>Am 28., 29.,30., 31. Oktober<\/strong> <strong>+ 1. November<\/strong><br><em>15 Uhr<\/em> Das Weltkulturerbe V\u00f6lklinger H\u00fctte&nbsp;<\/li><\/ul>\n\n\n\n<ul><li><strong>Mittwoch, 3. November<\/strong><br><em>15.30 Uhr<\/em> F\u00fchrung in franz\u00f6sischer Sprache<\/li><\/ul>\n\n\n\n<div style=\"height:39px\" aria-hidden=\"true\" class=\"wp-block-spacer\"><\/div>\n\n\n\n<div style=\"height:42px\" aria-hidden=\"true\" class=\"wp-block-spacer\"><\/div>\n\n\n\n<div class=\"wp-block-button aligncenter\"><a class=\"wp-block-button__link has-text-color has-very-dark-gray-color has-background has-luminous-vivid-amber-background-color\" href=\"https:\/\/voelklinger-huette.org\/de\/home\" target=\"_blank\" rel=\"noreferrer noopener\">Weitere Informationen<\/a><\/div>\n\n\n\n<div style=\"height:100px\" aria-hidden=\"true\" class=\"wp-block-spacer\"><\/div>\n\n\n\n<p class=\"has-small-font-size\">Foto: Karl Heinrich Veith <\/p>\n\n\n\n<div style=\"height:100px\" aria-hidden=\"true\" class=\"wp-block-spacer\"><\/div>\n","protected":false},"excerpt":{"rendered":"<p>Die Taschenlampenf\u00fchrung am Mittwoch, den 27. Oktober um 19.30 Uhr bietet nun erstmals die Chance, die neue rote Hochofenbeleuchtung aus der N\u00e4he zu erleben. Der traditionelle Rundgang durch die beleuchtete H\u00fctte im&nbsp;Herbst verspricht daher diesmal eine ganz besondere Erfahrung zu werden! Pressemitteilung Auf dem Programm stehen altersgerechte Expeditionen f\u00fcr Kinder und Jugendliche, die Industriekultur der [&hellip;]<\/p>\n","protected":false},"author":1,"featured_media":44091,"comment_status":"open","ping_status":"open","sticky":false,"template":"","format":"standard","meta":{"_monsterinsights_skip_tracking":false,"_monsterinsights_sitenote_active":false,"_monsterinsights_sitenote_note":"","_monsterinsights_sitenote_category":0},"categories":[2815,53],"tags":[10076],"yoast_head":"<!-- This site is optimized with the Yoast SEO plugin v20.5 - https:\/\/yoast.com\/wordpress\/plugins\/seo\/ -->\n<title>Weltkulturerbe V\u00f6lklinger H\u00fctte bietet F\u00fchrungen in den Ferien I szenik<\/title>\n<meta name=\"description\" content=\"In den Herbstferien bietet das Weltkulturerbe V\u00f6lklinger H\u00fctte altersgerechte Expeditionen f\u00fcr Kinder und Jugendliche an.\" \/>\n<meta name=\"robots\" content=\"index, follow, max-snippet:-1, max-image-preview:large, max-video-preview:-1\" \/>\n<link rel=\"canonical\" href=\"https:\/\/www.szenik.eu\/de\/weltkulturerbe-voelklinger-huette-bietet-zahlreiche-fuehrungen-in-den-herbstferien-44090\" \/>\n<meta property=\"og:locale\" content=\"de_DE\" \/>\n<meta property=\"og:type\" content=\"article\" \/>\n<meta property=\"og:title\" content=\"Weltkulturerbe V\u00f6lklinger H\u00fctte bietet F\u00fchrungen in den Ferien I szenik\" \/>\n<meta property=\"og:description\" content=\"In den Herbstferien bietet das Weltkulturerbe V\u00f6lklinger H\u00fctte altersgerechte Expeditionen f\u00fcr Kinder und Jugendliche an.\" \/>\n<meta property=\"og:url\" content=\"https:\/\/www.szenik.eu\/de\/weltkulturerbe-voelklinger-huette-bietet-zahlreiche-fuehrungen-in-den-herbstferien-44090\" \/>\n<meta property=\"og:site_name\" content=\"szenik\" \/>\n<meta property=\"article:publisher\" content=\"https:\/\/www.facebook.com\/szenik.eu\/\" \/>\n<meta property=\"article:published_time\" content=\"2021-10-14T10:24:50+00:00\" \/>\n<meta property=\"article:modified_time\" content=\"2021-10-14T10:28:36+00:00\" \/>\n<meta property=\"og:image\" content=\"https:\/\/www.szenik.eu\/wp-content\/uploads\/2021\/10\/Expedition-fuer-Kinder.jpg\" \/>\n\t<meta property=\"og:image:width\" content=\"2400\" \/>\n\t<meta property=\"og:image:height\" content=\"1600\" \/>\n\t<meta property=\"og:image:type\" content=\"image\/jpeg\" \/>\n<meta name=\"author\" content=\"szenik\" \/>\n<meta name=\"twitter:card\" content=\"summary_large_image\" \/>\n<meta name=\"twitter:creator\" content=\"@Szenik\" \/>\n<meta name=\"twitter:site\" content=\"@Szenik\" \/>\n<meta name=\"twitter:label1\" content=\"Verfasst von\" \/>\n\t<meta name=\"twitter:data1\" content=\"szenik\" \/>\n\t<meta name=\"twitter:label2\" content=\"Gesch\u00e4tzte Lesezeit\" \/>\n\t<meta name=\"twitter:data2\" content=\"2\u00a0Minuten\" \/>\n<script type=\"application\/ld+json\" class=\"yoast-schema-graph\">{\"@context\":\"https:\/\/schema.org\",\"@graph\":[{\"@type\":\"Article\",\"@id\":\"https:\/\/www.szenik.eu\/de\/weltkulturerbe-voelklinger-huette-bietet-zahlreiche-fuehrungen-in-den-herbstferien-44090#article\",\"isPartOf\":{\"@id\":\"https:\/\/www.szenik.eu\/de\/weltkulturerbe-voelklinger-huette-bietet-zahlreiche-fuehrungen-in-den-herbstferien-44090\"},\"author\":{\"name\":\"szenik\",\"@id\":\"https:\/\/www.szenik.eu\/de\/#\/schema\/person\/15f73f175b41bad194837490339d48fb\"},\"headline\":\"Weltkulturerbe V\u00f6lklinger H\u00fctte bietet zahlreiche F\u00fchrungen in den Herbstferien\",\"datePublished\":\"2021-10-14T10:24:50+00:00\",\"dateModified\":\"2021-10-14T10:28:36+00:00\",\"mainEntityOfPage\":{\"@id\":\"https:\/\/www.szenik.eu\/de\/weltkulturerbe-voelklinger-huette-bietet-zahlreiche-fuehrungen-in-den-herbstferien-44090\"},\"wordCount\":499,\"commentCount\":0,\"publisher\":{\"@id\":\"https:\/\/www.szenik.eu\/de\/#organization\"},\"keywords\":[\"V\u00f6lklinger H\u00fctte\"],\"articleSection\":[\"Kurz &amp; knackig\",\"Magazin\"],\"inLanguage\":\"de\",\"potentialAction\":[{\"@type\":\"CommentAction\",\"name\":\"Comment\",\"target\":[\"https:\/\/www.szenik.eu\/de\/weltkulturerbe-voelklinger-huette-bietet-zahlreiche-fuehrungen-in-den-herbstferien-44090#respond\"]}]},{\"@type\":\"WebPage\",\"@id\":\"https:\/\/www.szenik.eu\/de\/weltkulturerbe-voelklinger-huette-bietet-zahlreiche-fuehrungen-in-den-herbstferien-44090\",\"url\":\"https:\/\/www.szenik.eu\/de\/weltkulturerbe-voelklinger-huette-bietet-zahlreiche-fuehrungen-in-den-herbstferien-44090\",\"name\":\"Weltkulturerbe V\u00f6lklinger H\u00fctte bietet F\u00fchrungen in den Ferien I szenik\",\"isPartOf\":{\"@id\":\"https:\/\/www.szenik.eu\/de\/#website\"},\"datePublished\":\"2021-10-14T10:24:50+00:00\",\"dateModified\":\"2021-10-14T10:28:36+00:00\",\"description\":\"In den Herbstferien bietet das Weltkulturerbe V\u00f6lklinger H\u00fctte altersgerechte Expeditionen f\u00fcr Kinder und Jugendliche an.\",\"breadcrumb\":{\"@id\":\"https:\/\/www.szenik.eu\/de\/weltkulturerbe-voelklinger-huette-bietet-zahlreiche-fuehrungen-in-den-herbstferien-44090#breadcrumb\"},\"inLanguage\":\"de\",\"potentialAction\":[{\"@type\":\"ReadAction\",\"target\":[\"https:\/\/www.szenik.eu\/de\/weltkulturerbe-voelklinger-huette-bietet-zahlreiche-fuehrungen-in-den-herbstferien-44090\"]}]},{\"@type\":\"BreadcrumbList\",\"@id\":\"https:\/\/www.szenik.eu\/de\/weltkulturerbe-voelklinger-huette-bietet-zahlreiche-fuehrungen-in-den-herbstferien-44090#breadcrumb\",\"itemListElement\":[{\"@type\":\"ListItem\",\"position\":1,\"name\":\"Home\",\"item\":\"https:\/\/www.szenik.eu\/de\"},{\"@type\":\"ListItem\",\"position\":2,\"name\":\"Weltkulturerbe V\u00f6lklinger H\u00fctte bietet zahlreiche F\u00fchrungen in den Herbstferien\"}]},{\"@type\":\"WebSite\",\"@id\":\"https:\/\/www.szenik.eu\/de\/#website\",\"url\":\"https:\/\/www.szenik.eu\/de\/\",\"name\":\"szenik\",\"description\":\"Le Meilleur des sc\u00e8nes au coeur de l&#039;Europe\",\"publisher\":{\"@id\":\"https:\/\/www.szenik.eu\/de\/#organization\"},\"potentialAction\":[{\"@type\":\"SearchAction\",\"target\":{\"@type\":\"EntryPoint\",\"urlTemplate\":\"https:\/\/www.szenik.eu\/de\/?s={search_term_string}\"},\"query-input\":\"required name=search_term_string\"}],\"inLanguage\":\"de\"},{\"@type\":\"Organization\",\"@id\":\"https:\/\/www.szenik.eu\/de\/#organization\",\"name\":\"Szenik\",\"url\":\"https:\/\/www.szenik.eu\/de\/\",\"logo\":{\"@type\":\"ImageObject\",\"inLanguage\":\"de\",\"@id\":\"https:\/\/www.szenik.eu\/de\/#\/schema\/logo\/image\/\",\"url\":\"https:\/\/www.szenik.eu\/wp-content\/uploads\/2019\/07\/logo-square.png\",\"contentUrl\":\"https:\/\/www.szenik.eu\/wp-content\/uploads\/2019\/07\/logo-square.png\",\"width\":512,\"height\":512,\"caption\":\"Szenik\"},\"image\":{\"@id\":\"https:\/\/www.szenik.eu\/de\/#\/schema\/logo\/image\/\"},\"sameAs\":[\"https:\/\/www.facebook.com\/szenik.eu\/\",\"https:\/\/twitter.com\/Szenik\",\"https:\/\/www.instagram.com\/szenik_magazine\/\",\"https:\/\/www.youtube.com\/user\/SzenikEU\/\"]},{\"@type\":\"Person\",\"@id\":\"https:\/\/www.szenik.eu\/de\/#\/schema\/person\/15f73f175b41bad194837490339d48fb\",\"name\":\"szenik\",\"image\":{\"@type\":\"ImageObject\",\"inLanguage\":\"de\",\"@id\":\"https:\/\/www.szenik.eu\/de\/#\/schema\/person\/image\/\",\"url\":\"https:\/\/secure.gravatar.com\/avatar\/d1c4f19522a624a4eaa5e6c03e22370b?s=96&d=mm&r=g\",\"contentUrl\":\"https:\/\/secure.gravatar.com\/avatar\/d1c4f19522a624a4eaa5e6c03e22370b?s=96&d=mm&r=g\",\"caption\":\"szenik\"}}]}<\/script>\n<!-- \/ Yoast SEO plugin. -->","yoast_head_json":{"title":"Weltkulturerbe V\u00f6lklinger H\u00fctte bietet F\u00fchrungen in den Ferien I szenik","description":"In den Herbstferien bietet das Weltkulturerbe V\u00f6lklinger H\u00fctte altersgerechte Expeditionen f\u00fcr Kinder und Jugendliche an.","robots":{"index":"index","follow":"follow","max-snippet":"max-snippet:-1","max-image-preview":"max-image-preview:large","max-video-preview":"max-video-preview:-1"},"canonical":"https:\/\/www.szenik.eu\/de\/weltkulturerbe-voelklinger-huette-bietet-zahlreiche-fuehrungen-in-den-herbstferien-44090","og_locale":"de_DE","og_type":"article","og_title":"Weltkulturerbe V\u00f6lklinger H\u00fctte bietet F\u00fchrungen in den Ferien I szenik","og_description":"In den Herbstferien bietet das Weltkulturerbe V\u00f6lklinger H\u00fctte altersgerechte Expeditionen f\u00fcr Kinder und Jugendliche an.","og_url":"https:\/\/www.szenik.eu\/de\/weltkulturerbe-voelklinger-huette-bietet-zahlreiche-fuehrungen-in-den-herbstferien-44090","og_site_name":"szenik","article_publisher":"https:\/\/www.facebook.com\/szenik.eu\/","article_published_time":"2021-10-14T10:24:50+00:00","article_modified_time":"2021-10-14T10:28:36+00:00","og_image":[{"width":2400,"height":1600,"url":"https:\/\/www.szenik.eu\/wp-content\/uploads\/2021\/10\/Expedition-fuer-Kinder.jpg","type":"image\/jpeg"}],"author":"szenik","twitter_card":"summary_large_image","twitter_creator":"@Szenik","twitter_site":"@Szenik","twitter_misc":{"Verfasst von":"szenik","Gesch\u00e4tzte Lesezeit":"2\u00a0Minuten"},"schema":{"@context":"https:\/\/schema.org","@graph":[{"@type":"Article","@id":"https:\/\/www.szenik.eu\/de\/weltkulturerbe-voelklinger-huette-bietet-zahlreiche-fuehrungen-in-den-herbstferien-44090#article","isPartOf":{"@id":"https:\/\/www.szenik.eu\/de\/weltkulturerbe-voelklinger-huette-bietet-zahlreiche-fuehrungen-in-den-herbstferien-44090"},"author":{"name":"szenik","@id":"https:\/\/www.szenik.eu\/de\/#\/schema\/person\/15f73f175b41bad194837490339d48fb"},"headline":"Weltkulturerbe V\u00f6lklinger H\u00fctte bietet zahlreiche F\u00fchrungen in den Herbstferien","datePublished":"2021-10-14T10:24:50+00:00","dateModified":"2021-10-14T10:28:36+00:00","mainEntityOfPage":{"@id":"https:\/\/www.szenik.eu\/de\/weltkulturerbe-voelklinger-huette-bietet-zahlreiche-fuehrungen-in-den-herbstferien-44090"},"wordCount":499,"commentCount":0,"publisher":{"@id":"https:\/\/www.szenik.eu\/de\/#organization"},"keywords":["V\u00f6lklinger H\u00fctte"],"articleSection":["Kurz &amp; knackig","Magazin"],"inLanguage":"de","potentialAction":[{"@type":"CommentAction","name":"Comment","target":["https:\/\/www.szenik.eu\/de\/weltkulturerbe-voelklinger-huette-bietet-zahlreiche-fuehrungen-in-den-herbstferien-44090#respond"]}]},{"@type":"WebPage","@id":"https:\/\/www.szenik.eu\/de\/weltkulturerbe-voelklinger-huette-bietet-zahlreiche-fuehrungen-in-den-herbstferien-44090","url":"https:\/\/www.szenik.eu\/de\/weltkulturerbe-voelklinger-huette-bietet-zahlreiche-fuehrungen-in-den-herbstferien-44090","name":"Weltkulturerbe V\u00f6lklinger H\u00fctte bietet F\u00fchrungen in den Ferien I szenik","isPartOf":{"@id":"https:\/\/www.szenik.eu\/de\/#website"},"datePublished":"2021-10-14T10:24:50+00:00","dateModified":"2021-10-14T10:28:36+00:00","description":"In den Herbstferien bietet das Weltkulturerbe V\u00f6lklinger H\u00fctte altersgerechte Expeditionen f\u00fcr Kinder und Jugendliche an.","breadcrumb":{"@id":"https:\/\/www.szenik.eu\/de\/weltkulturerbe-voelklinger-huette-bietet-zahlreiche-fuehrungen-in-den-herbstferien-44090#breadcrumb"},"inLanguage":"de","potentialAction":[{"@type":"ReadAction","target":["https:\/\/www.szenik.eu\/de\/weltkulturerbe-voelklinger-huette-bietet-zahlreiche-fuehrungen-in-den-herbstferien-44090"]}]},{"@type":"BreadcrumbList","@id":"https:\/\/www.szenik.eu\/de\/weltkulturerbe-voelklinger-huette-bietet-zahlreiche-fuehrungen-in-den-herbstferien-44090#breadcrumb","itemListElement":[{"@type":"ListItem","position":1,"name":"Home","item":"https:\/\/www.szenik.eu\/de"},{"@type":"ListItem","position":2,"name":"Weltkulturerbe V\u00f6lklinger H\u00fctte bietet zahlreiche F\u00fchrungen in den Herbstferien"}]},{"@type":"WebSite","@id":"https:\/\/www.szenik.eu\/de\/#website","url":"https:\/\/www.szenik.eu\/de\/","name":"szenik","description":"Le Meilleur des sc\u00e8nes au coeur de l&#039;Europe","publisher":{"@id":"https:\/\/www.szenik.eu\/de\/#organization"},"potentialAction":[{"@type":"SearchAction","target":{"@type":"EntryPoint","urlTemplate":"https:\/\/www.szenik.eu\/de\/?s={search_term_string}"},"query-input":"required name=search_term_string"}],"inLanguage":"de"},{"@type":"Organization","@id":"https:\/\/www.szenik.eu\/de\/#organization","name":"Szenik","url":"https:\/\/www.szenik.eu\/de\/","logo":{"@type":"ImageObject","inLanguage":"de","@id":"https:\/\/www.szenik.eu\/de\/#\/schema\/logo\/image\/","url":"https:\/\/www.szenik.eu\/wp-content\/uploads\/2019\/07\/logo-square.png","contentUrl":"https:\/\/www.szenik.eu\/wp-content\/uploads\/2019\/07\/logo-square.png","width":512,"height":512,"caption":"Szenik"},"image":{"@id":"https:\/\/www.szenik.eu\/de\/#\/schema\/logo\/image\/"},"sameAs":["https:\/\/www.facebook.com\/szenik.eu\/","https:\/\/twitter.com\/Szenik","https:\/\/www.instagram.com\/szenik_magazine\/","https:\/\/www.youtube.com\/user\/SzenikEU\/"]},{"@type":"Person","@id":"https:\/\/www.szenik.eu\/de\/#\/schema\/person\/15f73f175b41bad194837490339d48fb","name":"szenik","image":{"@type":"ImageObject","inLanguage":"de","@id":"https:\/\/www.szenik.eu\/de\/#\/schema\/person\/image\/","url":"https:\/\/secure.gravatar.com\/avatar\/d1c4f19522a624a4eaa5e6c03e22370b?s=96&d=mm&r=g","contentUrl":"https:\/\/secure.gravatar.com\/avatar\/d1c4f19522a624a4eaa5e6c03e22370b?s=96&d=mm&r=g","caption":"szenik"}}]}},"jetpack_featured_media_url":"https:\/\/www.szenik.eu\/wp-content\/uploads\/2021\/10\/Expedition-fuer-Kinder.jpg","amp_enabled":true,"_links":{"self":[{"href":"https:\/\/www.szenik.eu\/de\/wp-json\/\/wp\/v2\/posts\/44090"}],"collection":[{"href":"https:\/\/www.szenik.eu\/de\/wp-json\/\/wp\/v2\/posts"}],"about":[{"href":"https:\/\/www.szenik.eu\/de\/wp-json\/\/wp\/v2\/types\/post"}],"author":[{"embeddable":true,"href":"https:\/\/www.szenik.eu\/de\/wp-json\/\/wp\/v2\/users\/1"}],"replies":[{"embeddable":true,"href":"https:\/\/www.szenik.eu\/de\/wp-json\/\/wp\/v2\/comments?post=44090"}],"version-history":[{"count":5,"href":"https:\/\/www.szenik.eu\/de\/wp-json\/\/wp\/v2\/posts\/44090\/revisions"}],"predecessor-version":[{"id":44099,"href":"https:\/\/www.szenik.eu\/de\/wp-json\/\/wp\/v2\/posts\/44090\/revisions\/44099"}],"wp:featuredmedia":[{"embeddable":true,"href":"https:\/\/www.szenik.eu\/de\/wp-json\/\/wp\/v2\/media\/44091"}],"wp:attachment":[{"href":"https:\/\/www.szenik.eu\/de\/wp-json\/\/wp\/v2\/media?parent=44090"}],"wp:term":[{"taxonomy":"category","embeddable":true,"href":"https:\/\/www.szenik.eu\/de\/wp-json\/\/wp\/v2\/categories?post=44090"},{"taxonomy":"post_tag","embeddable":true,"href":"https:\/\/www.szenik.eu\/de\/wp-json\/\/wp\/v2\/tags?post=44090"}],"curies":[{"name":"wp","href":"https:\/\/api.w.org\/{rel}","templated":true}]}}