{"id":43895,"date":"2021-10-11T15:20:13","date_gmt":"2021-10-11T13:20:13","guid":{"rendered":"https:\/\/www.szenik.eu\/?p=43895\/"},"modified":"2021-10-11T15:20:18","modified_gmt":"2021-10-11T13:20:18","slug":"konferenz-about-pop-2021-stuttgart-wird-zum-europaeischen-hub-der-popkultur","status":"publish","type":"post","link":"https:\/\/www.szenik.eu\/de\/konferenz-about-pop-2021-stuttgart-wird-zum-europaeischen-hub-der-popkultur-43895","title":{"rendered":"Konferenz ABOUT POP 2021 &#8211; Stuttgart wird zum europ\u00e4ischen Hub der Popkultur"},"content":{"rendered":"\n<h2>Auf dem maximal artgerechten\u00a0Wizemann Areal, Stuttgarts szenigster Konzert- und Club-Location, versammeln und vernetzen sich am Samstag, 30. Oktober 2021 von 11:00 Uhr bis 23:00 Uhr internationale Akteur*innen und Expert*innen der Popkultur.<\/h2>\n\n\n\n<div style=\"height:100px\" aria-hidden=\"true\" class=\"wp-block-spacer\"><\/div>\n\n\n\n<p><em>Pressemitteilung<\/em><\/p>\n\n\n\n<div style=\"height:100px\" aria-hidden=\"true\" class=\"wp-block-spacer\"><\/div>\n\n\n\n<p>Popkultur ist die Leitkultur unserer Zeit. Doch gerade in diesem f\u00fcr unsere Gesellschaft so relevanten Feld herrscht ein Mangel an Diskurs, Selbstreflexion und Selbstvergewisserung. Zumal gut anderthalb Jahre Pandemie und die Sorge um den Klimawandel gef\u00fchlt keinen Stein auf dem anderen gelassen haben. Ein in seinen Konsequenzen noch gar nicht absehbarer Transformationsprozess hat nicht nur begonnen, sondern nimmt rasant an Fahrt auf. Es besteht definitiv Gespr\u00e4chsbedarf!  <\/p>\n\n\n\n<div style=\"height:38px\" aria-hidden=\"true\" class=\"wp-block-spacer\"><\/div>\n\n\n\n<blockquote class=\"wp-block-quote\"><p>\u201eDie ABOUT POP 2021 wird Hoffnungen erf\u00fcllen und mit Erwartungen brechen, immer mit dem Ziel, Tr\u00e4gerin neuer Ideen zu sein, gemeinsam erdacht und auf den Weg gebracht.\u201c<\/p><cite>Walter Ercolino, Leiter <\/cite><\/blockquote>\n\n\n\n<div style=\"height:40px\" aria-hidden=\"true\" class=\"wp-block-spacer\"><\/div>\n\n\n\n<p>Entsprechend versteht sich die Konferenz als Plattform, Diskussionsforum und Begegnungsort f\u00fcr engagierte Akteur:innen, K\u00fcnstler:innen, Kreative und Fans der Popkultur und Popmusik. Die dritte Ausgabe 2021 kann mit einem au\u00dferordentlich hochkar\u00e4tigen Line-up punkten. Die Referent*innen nehmen aktuelle Ph\u00e4nome und Trends wie Empowerment, Nachhaltigkeit, Musikf\u00f6rderung, Games, Fashion oder Musikwirtschaft unter die Lupe. Wie gro\u00df das Spektrum von ABOUT POP ist, zeigen allein schon die neugierig machenden Titel der Keynotes und Panels, darunter\u00a0<em>Cute Empowerment<\/em>,\u00a0<em>Pop und Populismus<\/em>,\u00a0<em>Roads to Diversity<\/em>,\u00a0<em>Nighttime Recovery &amp; Resilience<\/em>,\u00a0<em>Der Wert von Musik<\/em>,<em>\u00a0Fashion &amp; Pop<\/em>\u00a0oder<em>Nachhaltigkeit als kollektive Verantwortung auf Festivals<\/em>.\u00a0<\/p>\n\n\n\n<p>Der Stuttgarter Nachtmanager Nils Runge, Theresa Kern, Vorsitzende der IG Clubkultur Baden-W\u00fcrttemberg, und weitere Vertreter*innen der \u00f6rtlichen Clubszene sorgen zudem f\u00fcr einen starken lokalen Akzent. Einige Beitr\u00e4ge des\u00a0<a href=\"https:\/\/aboutpop.de\/2021\/08\/28\/about-pop-club\/\">ABOUT POP im Club<\/a>-Programms werden \u00fcbrigens zus\u00e4tzlich\u00a0<strong><a href=\"https:\/\/www.popbuero.de\/konferenz\/aboutpop\/\">live gestrea<\/a><a href=\"https:\/\/www.popbuero.de\/konferenz\/aboutpop\/\" target=\"_blank\" rel=\"noreferrer noopener\" aria-label=\"m (opens in a new tab)\">m<\/a><a href=\"https:\/\/www.popbuero.de\/konferenz\/aboutpop\/\">t<\/a><\/strong>.\u00a0<\/p>\n\n\n\n<p>Erg\u00e4nzt wird die Konferenz von einem exquisiten\u00a0<strong>Konzertprogramm\u00a0<\/strong>auf der H\u00f6he der Zeit, unter anderem kuratiert durch das KOMMA Kulturzentrum Esslingen. Es spielen <strong>Salon Bitter, Hanniou, Edward Hunt, Ichiko Aoba, Salomea, ZweiLaster <\/strong>und <strong>John Moods<\/strong>.<\/p>\n\n\n\n<p>Au\u00dferdem zu sehen: die\u00a0<strong>Work-in-progress-Foto-Ausstellung\u00a0<a rel=\"noreferrer noopener\" aria-label=\" (opens in a new tab)\" href=\"https:\/\/www.instagram.com\/rueckkehrdermusik\/\" target=\"_blank\"><em>Die R\u00fcckkehr der Musik<\/em><\/a><\/strong>. Die einzigartige Langzeit-Foto-Dokumentation zu Kultur in Zeiten von Corona wurde konzipiert und fotografiert von\u00a0<strong>Reiner Pfisterer<\/strong>. Die Hommage an alle Kulturschaffenden auf und hinter den B\u00fchnen dieser Welt entstand in Kooperation mit dem Pop-B\u00fcro Region Stuttgart. Reiner Pfisterer wird durch die Ausstellung f\u00fchren und mit der Kunstvermittlerin Sara Dahme \u00fcber die Entstehung, H\u00f6hepunkte und seine Liebe zur Musikfotografie sprechen.<\/p>\n\n\n\n<div style=\"height:100px\" aria-hidden=\"true\" class=\"wp-block-spacer\"><\/div>\n\n\n\n<div class=\"wp-block-button aligncenter\"><a class=\"wp-block-button__link has-text-color has-very-dark-gray-color has-background has-luminous-vivid-amber-background-color\" href=\"https:\/\/aboutpop.de\" target=\"_blank\" rel=\"noreferrer noopener\">Weitere Informationen<\/a><\/div>\n\n\n\n<div style=\"height:100px\" aria-hidden=\"true\" class=\"wp-block-spacer\"><\/div>\n\n\n\n<p class=\"has-small-font-size\">Foto: Frederike_Wetzels<\/p>\n\n\n\n<div style=\"height:100px\" aria-hidden=\"true\" class=\"wp-block-spacer\"><\/div>\n","protected":false},"excerpt":{"rendered":"<p>Auf dem maximal artgerechten\u00a0Wizemann Areal, Stuttgarts szenigster Konzert- und Club-Location, versammeln und vernetzen sich am Samstag, 30. Oktober 2021 von 11:00 Uhr bis 23:00 Uhr internationale Akteur*innen und Expert*innen der Popkultur. Pressemitteilung Popkultur ist die Leitkultur unserer Zeit. Doch gerade in diesem f\u00fcr unsere Gesellschaft so relevanten Feld herrscht ein Mangel an Diskurs, Selbstreflexion und [&hellip;]<\/p>\n","protected":false},"author":1,"featured_media":43897,"comment_status":"open","ping_status":"open","sticky":false,"template":"","format":"standard","meta":{"_monsterinsights_skip_tracking":false,"_monsterinsights_sitenote_active":false,"_monsterinsights_sitenote_note":"","_monsterinsights_sitenote_category":0},"categories":[2815,53],"tags":[14807,14808,14809,14811,14812,14806,14805,14810],"yoast_head":"<!-- This site is optimized with the Yoast SEO plugin v20.5 - https:\/\/yoast.com\/wordpress\/plugins\/seo\/ -->\n<title>Stuttgart: Konferenz ABOUT POP 2021 am 30. Oktober 2021 I szenik<\/title>\n<meta name=\"description\" content=\"Die Liste der G\u00e4ste, die das Pop-B\u00fcro Region Stuttgart f\u00fcr ABOUT POP gewinnen konnte, liest sich wie ein Who\u2019s Who der Musikbranche und Kulturpolitik.\" \/>\n<meta name=\"robots\" content=\"index, follow, max-snippet:-1, max-image-preview:large, max-video-preview:-1\" \/>\n<link rel=\"canonical\" href=\"https:\/\/www.szenik.eu\/de\/konferenz-about-pop-2021-stuttgart-wird-zum-europaeischen-hub-der-popkultur-43895\" \/>\n<meta property=\"og:locale\" content=\"de_DE\" \/>\n<meta property=\"og:type\" content=\"article\" \/>\n<meta property=\"og:title\" content=\"Stuttgart: Konferenz ABOUT POP 2021 am 30. Oktober 2021 I szenik\" \/>\n<meta property=\"og:description\" content=\"Die Liste der G\u00e4ste, die das Pop-B\u00fcro Region Stuttgart f\u00fcr ABOUT POP gewinnen konnte, liest sich wie ein Who\u2019s Who der Musikbranche und Kulturpolitik.\" \/>\n<meta property=\"og:url\" content=\"https:\/\/www.szenik.eu\/de\/konferenz-about-pop-2021-stuttgart-wird-zum-europaeischen-hub-der-popkultur-43895\" \/>\n<meta property=\"og:site_name\" content=\"szenik\" \/>\n<meta property=\"article:publisher\" content=\"https:\/\/www.facebook.com\/szenik.eu\/\" \/>\n<meta property=\"article:published_time\" content=\"2021-10-11T13:20:13+00:00\" \/>\n<meta property=\"article:modified_time\" content=\"2021-10-11T13:20:18+00:00\" \/>\n<meta property=\"og:image\" content=\"https:\/\/www.szenik.eu\/wp-content\/uploads\/2021\/10\/Linus_Volkmann_Foto_Frederike_Wetzels.jpg\" \/>\n\t<meta property=\"og:image:width\" content=\"1229\" \/>\n\t<meta property=\"og:image:height\" content=\"820\" \/>\n\t<meta property=\"og:image:type\" content=\"image\/jpeg\" \/>\n<meta name=\"author\" content=\"szenik\" \/>\n<meta name=\"twitter:card\" content=\"summary_large_image\" \/>\n<meta name=\"twitter:creator\" content=\"@Szenik\" \/>\n<meta name=\"twitter:site\" content=\"@Szenik\" \/>\n<meta name=\"twitter:label1\" content=\"Verfasst von\" \/>\n\t<meta name=\"twitter:data1\" content=\"szenik\" \/>\n\t<meta name=\"twitter:label2\" content=\"Gesch\u00e4tzte Lesezeit\" \/>\n\t<meta name=\"twitter:data2\" content=\"2\u00a0Minuten\" \/>\n<script type=\"application\/ld+json\" class=\"yoast-schema-graph\">{\"@context\":\"https:\/\/schema.org\",\"@graph\":[{\"@type\":\"Article\",\"@id\":\"https:\/\/www.szenik.eu\/de\/konferenz-about-pop-2021-stuttgart-wird-zum-europaeischen-hub-der-popkultur-43895#article\",\"isPartOf\":{\"@id\":\"https:\/\/www.szenik.eu\/de\/konferenz-about-pop-2021-stuttgart-wird-zum-europaeischen-hub-der-popkultur-43895\"},\"author\":{\"name\":\"szenik\",\"@id\":\"https:\/\/www.szenik.eu\/de\/#\/schema\/person\/15f73f175b41bad194837490339d48fb\"},\"headline\":\"Konferenz ABOUT POP 2021 &#8211; Stuttgart wird zum europ\u00e4ischen Hub der Popkultur\",\"datePublished\":\"2021-10-11T13:20:13+00:00\",\"dateModified\":\"2021-10-11T13:20:18+00:00\",\"mainEntityOfPage\":{\"@id\":\"https:\/\/www.szenik.eu\/de\/konferenz-about-pop-2021-stuttgart-wird-zum-europaeischen-hub-der-popkultur-43895\"},\"wordCount\":406,\"commentCount\":0,\"publisher\":{\"@id\":\"https:\/\/www.szenik.eu\/de\/#organization\"},\"keywords\":[\"Edward Hunt\",\"Hanniou\",\"Ichiko Aoba\",\"John Moods\",\"Reiner Pfisterer\",\"Salomea\",\"Salon Bitter\",\"ZweiLaster\"],\"articleSection\":[\"Kurz &amp; knackig\",\"Magazin\"],\"inLanguage\":\"de\",\"potentialAction\":[{\"@type\":\"CommentAction\",\"name\":\"Comment\",\"target\":[\"https:\/\/www.szenik.eu\/de\/konferenz-about-pop-2021-stuttgart-wird-zum-europaeischen-hub-der-popkultur-43895#respond\"]}]},{\"@type\":\"WebPage\",\"@id\":\"https:\/\/www.szenik.eu\/de\/konferenz-about-pop-2021-stuttgart-wird-zum-europaeischen-hub-der-popkultur-43895\",\"url\":\"https:\/\/www.szenik.eu\/de\/konferenz-about-pop-2021-stuttgart-wird-zum-europaeischen-hub-der-popkultur-43895\",\"name\":\"Stuttgart: Konferenz ABOUT POP 2021 am 30. Oktober 2021 I szenik\",\"isPartOf\":{\"@id\":\"https:\/\/www.szenik.eu\/de\/#website\"},\"datePublished\":\"2021-10-11T13:20:13+00:00\",\"dateModified\":\"2021-10-11T13:20:18+00:00\",\"description\":\"Die Liste der G\u00e4ste, die das Pop-B\u00fcro Region Stuttgart f\u00fcr ABOUT POP gewinnen konnte, liest sich wie ein Who\u2019s Who der Musikbranche und Kulturpolitik.\",\"breadcrumb\":{\"@id\":\"https:\/\/www.szenik.eu\/de\/konferenz-about-pop-2021-stuttgart-wird-zum-europaeischen-hub-der-popkultur-43895#breadcrumb\"},\"inLanguage\":\"de\",\"potentialAction\":[{\"@type\":\"ReadAction\",\"target\":[\"https:\/\/www.szenik.eu\/de\/konferenz-about-pop-2021-stuttgart-wird-zum-europaeischen-hub-der-popkultur-43895\"]}]},{\"@type\":\"BreadcrumbList\",\"@id\":\"https:\/\/www.szenik.eu\/de\/konferenz-about-pop-2021-stuttgart-wird-zum-europaeischen-hub-der-popkultur-43895#breadcrumb\",\"itemListElement\":[{\"@type\":\"ListItem\",\"position\":1,\"name\":\"Home\",\"item\":\"https:\/\/www.szenik.eu\/de\"},{\"@type\":\"ListItem\",\"position\":2,\"name\":\"Konferenz ABOUT POP 2021 &#8211; Stuttgart wird zum europ\u00e4ischen Hub der Popkultur\"}]},{\"@type\":\"WebSite\",\"@id\":\"https:\/\/www.szenik.eu\/de\/#website\",\"url\":\"https:\/\/www.szenik.eu\/de\/\",\"name\":\"szenik\",\"description\":\"Le Meilleur des sc\u00e8nes au coeur de l&#039;Europe\",\"publisher\":{\"@id\":\"https:\/\/www.szenik.eu\/de\/#organization\"},\"potentialAction\":[{\"@type\":\"SearchAction\",\"target\":{\"@type\":\"EntryPoint\",\"urlTemplate\":\"https:\/\/www.szenik.eu\/de\/?s={search_term_string}\"},\"query-input\":\"required name=search_term_string\"}],\"inLanguage\":\"de\"},{\"@type\":\"Organization\",\"@id\":\"https:\/\/www.szenik.eu\/de\/#organization\",\"name\":\"Szenik\",\"url\":\"https:\/\/www.szenik.eu\/de\/\",\"logo\":{\"@type\":\"ImageObject\",\"inLanguage\":\"de\",\"@id\":\"https:\/\/www.szenik.eu\/de\/#\/schema\/logo\/image\/\",\"url\":\"https:\/\/www.szenik.eu\/wp-content\/uploads\/2019\/07\/logo-square.png\",\"contentUrl\":\"https:\/\/www.szenik.eu\/wp-content\/uploads\/2019\/07\/logo-square.png\",\"width\":512,\"height\":512,\"caption\":\"Szenik\"},\"image\":{\"@id\":\"https:\/\/www.szenik.eu\/de\/#\/schema\/logo\/image\/\"},\"sameAs\":[\"https:\/\/www.facebook.com\/szenik.eu\/\",\"https:\/\/twitter.com\/Szenik\",\"https:\/\/www.instagram.com\/szenik_magazine\/\",\"https:\/\/www.youtube.com\/user\/SzenikEU\/\"]},{\"@type\":\"Person\",\"@id\":\"https:\/\/www.szenik.eu\/de\/#\/schema\/person\/15f73f175b41bad194837490339d48fb\",\"name\":\"szenik\",\"image\":{\"@type\":\"ImageObject\",\"inLanguage\":\"de\",\"@id\":\"https:\/\/www.szenik.eu\/de\/#\/schema\/person\/image\/\",\"url\":\"https:\/\/secure.gravatar.com\/avatar\/d1c4f19522a624a4eaa5e6c03e22370b?s=96&d=mm&r=g\",\"contentUrl\":\"https:\/\/secure.gravatar.com\/avatar\/d1c4f19522a624a4eaa5e6c03e22370b?s=96&d=mm&r=g\",\"caption\":\"szenik\"}}]}<\/script>\n<!-- \/ Yoast SEO plugin. -->","yoast_head_json":{"title":"Stuttgart: Konferenz ABOUT POP 2021 am 30. Oktober 2021 I szenik","description":"Die Liste der G\u00e4ste, die das Pop-B\u00fcro Region Stuttgart f\u00fcr ABOUT POP gewinnen konnte, liest sich wie ein Who\u2019s Who der Musikbranche und Kulturpolitik.","robots":{"index":"index","follow":"follow","max-snippet":"max-snippet:-1","max-image-preview":"max-image-preview:large","max-video-preview":"max-video-preview:-1"},"canonical":"https:\/\/www.szenik.eu\/de\/konferenz-about-pop-2021-stuttgart-wird-zum-europaeischen-hub-der-popkultur-43895","og_locale":"de_DE","og_type":"article","og_title":"Stuttgart: Konferenz ABOUT POP 2021 am 30. Oktober 2021 I szenik","og_description":"Die Liste der G\u00e4ste, die das Pop-B\u00fcro Region Stuttgart f\u00fcr ABOUT POP gewinnen konnte, liest sich wie ein Who\u2019s Who der Musikbranche und Kulturpolitik.","og_url":"https:\/\/www.szenik.eu\/de\/konferenz-about-pop-2021-stuttgart-wird-zum-europaeischen-hub-der-popkultur-43895","og_site_name":"szenik","article_publisher":"https:\/\/www.facebook.com\/szenik.eu\/","article_published_time":"2021-10-11T13:20:13+00:00","article_modified_time":"2021-10-11T13:20:18+00:00","og_image":[{"width":1229,"height":820,"url":"https:\/\/www.szenik.eu\/wp-content\/uploads\/2021\/10\/Linus_Volkmann_Foto_Frederike_Wetzels.jpg","type":"image\/jpeg"}],"author":"szenik","twitter_card":"summary_large_image","twitter_creator":"@Szenik","twitter_site":"@Szenik","twitter_misc":{"Verfasst von":"szenik","Gesch\u00e4tzte Lesezeit":"2\u00a0Minuten"},"schema":{"@context":"https:\/\/schema.org","@graph":[{"@type":"Article","@id":"https:\/\/www.szenik.eu\/de\/konferenz-about-pop-2021-stuttgart-wird-zum-europaeischen-hub-der-popkultur-43895#article","isPartOf":{"@id":"https:\/\/www.szenik.eu\/de\/konferenz-about-pop-2021-stuttgart-wird-zum-europaeischen-hub-der-popkultur-43895"},"author":{"name":"szenik","@id":"https:\/\/www.szenik.eu\/de\/#\/schema\/person\/15f73f175b41bad194837490339d48fb"},"headline":"Konferenz ABOUT POP 2021 &#8211; Stuttgart wird zum europ\u00e4ischen Hub der Popkultur","datePublished":"2021-10-11T13:20:13+00:00","dateModified":"2021-10-11T13:20:18+00:00","mainEntityOfPage":{"@id":"https:\/\/www.szenik.eu\/de\/konferenz-about-pop-2021-stuttgart-wird-zum-europaeischen-hub-der-popkultur-43895"},"wordCount":406,"commentCount":0,"publisher":{"@id":"https:\/\/www.szenik.eu\/de\/#organization"},"keywords":["Edward Hunt","Hanniou","Ichiko Aoba","John Moods","Reiner Pfisterer","Salomea","Salon Bitter","ZweiLaster"],"articleSection":["Kurz &amp; knackig","Magazin"],"inLanguage":"de","potentialAction":[{"@type":"CommentAction","name":"Comment","target":["https:\/\/www.szenik.eu\/de\/konferenz-about-pop-2021-stuttgart-wird-zum-europaeischen-hub-der-popkultur-43895#respond"]}]},{"@type":"WebPage","@id":"https:\/\/www.szenik.eu\/de\/konferenz-about-pop-2021-stuttgart-wird-zum-europaeischen-hub-der-popkultur-43895","url":"https:\/\/www.szenik.eu\/de\/konferenz-about-pop-2021-stuttgart-wird-zum-europaeischen-hub-der-popkultur-43895","name":"Stuttgart: Konferenz ABOUT POP 2021 am 30. Oktober 2021 I szenik","isPartOf":{"@id":"https:\/\/www.szenik.eu\/de\/#website"},"datePublished":"2021-10-11T13:20:13+00:00","dateModified":"2021-10-11T13:20:18+00:00","description":"Die Liste der G\u00e4ste, die das Pop-B\u00fcro Region Stuttgart f\u00fcr ABOUT POP gewinnen konnte, liest sich wie ein Who\u2019s Who der Musikbranche und Kulturpolitik.","breadcrumb":{"@id":"https:\/\/www.szenik.eu\/de\/konferenz-about-pop-2021-stuttgart-wird-zum-europaeischen-hub-der-popkultur-43895#breadcrumb"},"inLanguage":"de","potentialAction":[{"@type":"ReadAction","target":["https:\/\/www.szenik.eu\/de\/konferenz-about-pop-2021-stuttgart-wird-zum-europaeischen-hub-der-popkultur-43895"]}]},{"@type":"BreadcrumbList","@id":"https:\/\/www.szenik.eu\/de\/konferenz-about-pop-2021-stuttgart-wird-zum-europaeischen-hub-der-popkultur-43895#breadcrumb","itemListElement":[{"@type":"ListItem","position":1,"name":"Home","item":"https:\/\/www.szenik.eu\/de"},{"@type":"ListItem","position":2,"name":"Konferenz ABOUT POP 2021 &#8211; Stuttgart wird zum europ\u00e4ischen Hub der Popkultur"}]},{"@type":"WebSite","@id":"https:\/\/www.szenik.eu\/de\/#website","url":"https:\/\/www.szenik.eu\/de\/","name":"szenik","description":"Le Meilleur des sc\u00e8nes au coeur de l&#039;Europe","publisher":{"@id":"https:\/\/www.szenik.eu\/de\/#organization"},"potentialAction":[{"@type":"SearchAction","target":{"@type":"EntryPoint","urlTemplate":"https:\/\/www.szenik.eu\/de\/?s={search_term_string}"},"query-input":"required name=search_term_string"}],"inLanguage":"de"},{"@type":"Organization","@id":"https:\/\/www.szenik.eu\/de\/#organization","name":"Szenik","url":"https:\/\/www.szenik.eu\/de\/","logo":{"@type":"ImageObject","inLanguage":"de","@id":"https:\/\/www.szenik.eu\/de\/#\/schema\/logo\/image\/","url":"https:\/\/www.szenik.eu\/wp-content\/uploads\/2019\/07\/logo-square.png","contentUrl":"https:\/\/www.szenik.eu\/wp-content\/uploads\/2019\/07\/logo-square.png","width":512,"height":512,"caption":"Szenik"},"image":{"@id":"https:\/\/www.szenik.eu\/de\/#\/schema\/logo\/image\/"},"sameAs":["https:\/\/www.facebook.com\/szenik.eu\/","https:\/\/twitter.com\/Szenik","https:\/\/www.instagram.com\/szenik_magazine\/","https:\/\/www.youtube.com\/user\/SzenikEU\/"]},{"@type":"Person","@id":"https:\/\/www.szenik.eu\/de\/#\/schema\/person\/15f73f175b41bad194837490339d48fb","name":"szenik","image":{"@type":"ImageObject","inLanguage":"de","@id":"https:\/\/www.szenik.eu\/de\/#\/schema\/person\/image\/","url":"https:\/\/secure.gravatar.com\/avatar\/d1c4f19522a624a4eaa5e6c03e22370b?s=96&d=mm&r=g","contentUrl":"https:\/\/secure.gravatar.com\/avatar\/d1c4f19522a624a4eaa5e6c03e22370b?s=96&d=mm&r=g","caption":"szenik"}}]}},"jetpack_featured_media_url":"https:\/\/www.szenik.eu\/wp-content\/uploads\/2021\/10\/Linus_Volkmann_Foto_Frederike_Wetzels.jpg","amp_enabled":true,"_links":{"self":[{"href":"https:\/\/www.szenik.eu\/de\/wp-json\/\/wp\/v2\/posts\/43895"}],"collection":[{"href":"https:\/\/www.szenik.eu\/de\/wp-json\/\/wp\/v2\/posts"}],"about":[{"href":"https:\/\/www.szenik.eu\/de\/wp-json\/\/wp\/v2\/types\/post"}],"author":[{"embeddable":true,"href":"https:\/\/www.szenik.eu\/de\/wp-json\/\/wp\/v2\/users\/1"}],"replies":[{"embeddable":true,"href":"https:\/\/www.szenik.eu\/de\/wp-json\/\/wp\/v2\/comments?post=43895"}],"version-history":[{"count":1,"href":"https:\/\/www.szenik.eu\/de\/wp-json\/\/wp\/v2\/posts\/43895\/revisions"}],"predecessor-version":[{"id":43899,"href":"https:\/\/www.szenik.eu\/de\/wp-json\/\/wp\/v2\/posts\/43895\/revisions\/43899"}],"wp:featuredmedia":[{"embeddable":true,"href":"https:\/\/www.szenik.eu\/de\/wp-json\/\/wp\/v2\/media\/43897"}],"wp:attachment":[{"href":"https:\/\/www.szenik.eu\/de\/wp-json\/\/wp\/v2\/media?parent=43895"}],"wp:term":[{"taxonomy":"category","embeddable":true,"href":"https:\/\/www.szenik.eu\/de\/wp-json\/\/wp\/v2\/categories?post=43895"},{"taxonomy":"post_tag","embeddable":true,"href":"https:\/\/www.szenik.eu\/de\/wp-json\/\/wp\/v2\/tags?post=43895"}],"curies":[{"name":"wp","href":"https:\/\/api.w.org\/{rel}","templated":true}]}}