{"id":43429,"date":"2021-09-28T17:06:22","date_gmt":"2021-09-28T15:06:22","guid":{"rendered":"https:\/\/www.szenik.eu\/?p=43429\/"},"modified":"2021-09-28T17:06:26","modified_gmt":"2021-09-28T15:06:26","slug":"europaeischer-dramatikerinnen-preis-am-8-bis-10-oktober-2021","status":"publish","type":"post","link":"https:\/\/www.szenik.eu\/de\/europaeischer-dramatikerinnen-preis-am-8-bis-10-oktober-2021-43429","title":{"rendered":"Europ\u00e4ischer Dramatiker:innen Preis am 8. bis 10. Oktober 2021"},"content":{"rendered":"\n<h2>Das Schauspiel Stuttgart verleiht am 10. Oktober 2021 den ersten Europ\u00e4ischen Dramatiker:innen Preis an den libanesisch-kanadischen Dramatiker\u00a0<strong>Wajdi Mouawad<\/strong>\u00a0und den ersten Europ\u00e4ischen Nachwuchsdramatiker:innen Preis an die britische Autorin\u00a0<strong>Jasmine Lee-Jones<\/strong>.<\/h2>\n\n\n\n<div style=\"height:100px\" aria-hidden=\"true\" class=\"wp-block-spacer\"><\/div>\n\n\n\n<p>Die Laudatio f\u00fcr den Preistr\u00e4ger Wajdi Mouawad wird Thomas Maagh vom Verlag der Autoren halten. Laudator f\u00fcr die Nachwuchspreistr\u00e4gerin Jasmine Lee-Jones ist der Autor und Juror Simon Stephens.<\/p>\n\n\n\n<p>Im Anschluss (sowie am 9. Oktober) zeigt Wajdi Mouawad um 19:30 Uhr im Schauspielhaus sein gro\u00dfes Solo\u00a0<strong><em>Seuls<\/em><\/strong>, das u.a. beim Festival d\u2018Avignon als begl\u00fcckendes \u201eRealit\u00e4tsexperiment, eine fantastische, komische, tiefgr\u00fcndige Kopfreise\u201c (<em><a href=\"http:\/\/nachtkritik.de\/\" target=\"_blank\" rel=\"noreferrer noopener\" aria-label=\" (opens in a new tab)\">nachtkritik.de<\/a><\/em>) gefeiert wurde.<\/p>\n\n\n\n<p>Am 10. Oktober um 11 Uhr gibt es die Gelegenheit, Wajdi Mouawad im Rahmen einer Matinee mit dem Jury-Vorsitzenden Peter Michalzik kennenzulernen. Um 14:30 Uhr diskutieren die Theatermacher*innen Barbara Engelhardt (Intendantin des Th\u00e9\u00e2tre Maillon in Stra\u00dfburg), Oliver Frlji\u0107 (bosnischer Regisseur und ehemaliger Leiter des Europa Ensembles) und Simon Stephens (britischer Dramatiker) in einem Panel die Frage, was \u201eeurop\u00e4isch\u201c in theatralen und dramatischen Kontexten eigentlich bedeutet, und ob sich europ\u00e4ische Dramatik \u00fcber Themen und Kontexte oder vielmehr \u00fcber die Autor:innen und Theatermacher:innen definiert. Au\u00dferdem setzt sich das Stuttgarter Citizen.KANE.Kollektiv an allen drei\u00a0 Tagen im Rahmen ihrer Audiowalk-Performance\u00a0<em>Die Durstigen<\/em>\u00a0auf ganz eigene Weise mit dem Werk des Preistr\u00e4gers Wajdi Mouawad auseinander.<\/p>\n\n\n\n<div style=\"height:43px\" aria-hidden=\"true\" class=\"wp-block-spacer\"><\/div>\n\n\n\n<figure class=\"wp-block-image size-large\"><img decoding=\"async\" loading=\"lazy\" width=\"983\" height=\"711\" src=\"https:\/\/www.szenik.eu\/wp-content\/uploads\/2021\/09\/Capture-d\u2019\u00e9cran-2021-09-28-\u00e0-17.03.17.png\" alt=\"\" class=\"wp-image-43432\" srcset=\"https:\/\/www.szenik.eu\/wp-content\/uploads\/2021\/09\/Capture-d\u2019\u00e9cran-2021-09-28-\u00e0-17.03.17.png 983w, https:\/\/www.szenik.eu\/wp-content\/uploads\/2021\/09\/Capture-d\u2019\u00e9cran-2021-09-28-\u00e0-17.03.17-300x217.png 300w, https:\/\/www.szenik.eu\/wp-content\/uploads\/2021\/09\/Capture-d\u2019\u00e9cran-2021-09-28-\u00e0-17.03.17-768x555.png 768w, https:\/\/www.szenik.eu\/wp-content\/uploads\/2021\/09\/Capture-d\u2019\u00e9cran-2021-09-28-\u00e0-17.03.17-120x86.png 120w, https:\/\/www.szenik.eu\/wp-content\/uploads\/2021\/09\/Capture-d\u2019\u00e9cran-2021-09-28-\u00e0-17.03.17-750x542.png 750w\" sizes=\"(max-width: 983px) 100vw, 983px\" \/><figcaption>Jasmine Lee-Jones I Helen Murray <\/figcaption><\/figure>\n\n\n\n<div style=\"height:42px\" aria-hidden=\"true\" class=\"wp-block-spacer\"><\/div>\n\n\n\n<h4><strong>Die Idee des Europ\u00e4ischen Dramatiker:innen Preises<\/strong><\/h4>\n\n\n\n<div style=\"height:20px\" aria-hidden=\"true\" class=\"wp-block-spacer\"><\/div>\n\n\n\n<p>Europa ist reich an unterschiedlichen Kulturen \u2013 und wo werden diese so kraftvoll und lebendig wie im Theater? Gerade zeitgen\u00f6ssische Dramatiker*innen entfalten in ihren Werken die faszinierende Vielfalt Europas und konfrontieren uns mit den gesellschaftlichen Bruchstellen und unterschiedlichen Lebensrealit\u00e4ten.<\/p>\n\n\n\n<p>Um die verbindende Kraft zeitgen\u00f6ssischer Theaterautor*innen in Europa wertzusch\u00e4tzen, initiierte das Schauspiel Stuttgart 2020 den hochdotierten Europ\u00e4ischen Dramatiker*innen Preis und den Europ\u00e4ischen Nachwuchsdramatiker*innen Preis. Dank der F\u00f6rderung des baden-w\u00fcrttembergischen Ministeriums f\u00fcr Wissenschaft, Forschung und Kunst (Hauptpreis von 75.000 Euro) sowie der SRH Holding (Nachwuchspreis von 25.000 Euro) k\u00f6nnen alle zwei Jahre herausragende Dramatiker*innen in Europa f\u00fcr ihr Schaffen ausgezeichnet werden.<\/p>\n\n\n\n<p>Die Jury-Entscheidung f\u00fcr die ersten beiden Preistr\u00e4ger:innen fiel bereits im Sommer 2020, aufgrund der Corona-Pandemie musste die feierliche Verleihung allerdings um ein Jahr verschoben werden.<\/p>\n\n\n\n<div style=\"height:100px\" aria-hidden=\"true\" class=\"wp-block-spacer\"><\/div>\n\n\n\n<div class=\"wp-block-button aligncenter\"><a class=\"wp-block-button__link has-text-color has-very-dark-gray-color has-background has-luminous-vivid-amber-background-color\" href=\"https:\/\/www.schauspiel-stuttgart.de\/spielplan\/a-z\/europaeischer-dramatiker-innen-preis\/\" target=\"_blank\" rel=\"noreferrer noopener\">Weitere Informationen<\/a><\/div>\n\n\n\n<div style=\"height:100px\" aria-hidden=\"true\" class=\"wp-block-spacer\"><\/div>\n\n\n\n<p class=\"has-small-font-size\">Foto: Simon Gosselin<\/p>\n\n\n\n<div style=\"height:100px\" aria-hidden=\"true\" class=\"wp-block-spacer\"><\/div>\n","protected":false},"excerpt":{"rendered":"<p>Das Schauspiel Stuttgart verleiht am 10. Oktober 2021 den ersten Europ\u00e4ischen Dramatiker:innen Preis an den libanesisch-kanadischen Dramatiker\u00a0Wajdi Mouawad\u00a0und den ersten Europ\u00e4ischen Nachwuchsdramatiker:innen Preis an die britische Autorin\u00a0Jasmine Lee-Jones. Die Laudatio f\u00fcr den Preistr\u00e4ger Wajdi Mouawad wird Thomas Maagh vom Verlag der Autoren halten. Laudator f\u00fcr die Nachwuchspreistr\u00e4gerin Jasmine Lee-Jones ist der Autor und Juror Simon [&hellip;]<\/p>\n","protected":false},"author":1,"featured_media":43430,"comment_status":"open","ping_status":"open","sticky":false,"template":"","format":"standard","meta":{"_monsterinsights_skip_tracking":false,"_monsterinsights_sitenote_active":false,"_monsterinsights_sitenote_note":"","_monsterinsights_sitenote_category":0},"categories":[2815,53],"tags":[14631,2284,2700],"yoast_head":"<!-- This site is optimized with the Yoast SEO plugin v20.5 - https:\/\/yoast.com\/wordpress\/plugins\/seo\/ -->\n<title>Europ\u00e4ischer Dramatiker:innen Preis am 8. bis 10. Oktober 2021 I szenik<\/title>\n<meta name=\"description\" content=\"Das Schauspiel Stuttgart verleiht am 10. Oktober den ersten Europ\u00e4ischen Dramatiker:innen Preis an den libanesisch-kanadischen Dramatiker Wajdi Mouawad.\" \/>\n<meta name=\"robots\" content=\"index, follow, max-snippet:-1, max-image-preview:large, max-video-preview:-1\" \/>\n<link rel=\"canonical\" href=\"https:\/\/www.szenik.eu\/de\/europaeischer-dramatikerinnen-preis-am-8-bis-10-oktober-2021-43429\" \/>\n<meta property=\"og:locale\" content=\"de_DE\" \/>\n<meta property=\"og:type\" content=\"article\" \/>\n<meta property=\"og:title\" content=\"Europ\u00e4ischer Dramatiker:innen Preis am 8. bis 10. Oktober 2021 I szenik\" \/>\n<meta property=\"og:description\" content=\"Das Schauspiel Stuttgart verleiht am 10. Oktober den ersten Europ\u00e4ischen Dramatiker:innen Preis an den libanesisch-kanadischen Dramatiker Wajdi Mouawad.\" \/>\n<meta property=\"og:url\" content=\"https:\/\/www.szenik.eu\/de\/europaeischer-dramatikerinnen-preis-am-8-bis-10-oktober-2021-43429\" \/>\n<meta property=\"og:site_name\" content=\"szenik\" \/>\n<meta property=\"article:publisher\" content=\"https:\/\/www.facebook.com\/szenik.eu\/\" \/>\n<meta property=\"article:published_time\" content=\"2021-09-28T15:06:22+00:00\" \/>\n<meta property=\"article:modified_time\" content=\"2021-09-28T15:06:26+00:00\" \/>\n<meta property=\"og:image\" content=\"https:\/\/www.szenik.eu\/wp-content\/uploads\/2021\/09\/Capture-d\u2019\u00e9cran-2021-09-28-\u00e0-17.01.46.png\" \/>\n\t<meta property=\"og:image:width\" content=\"1070\" \/>\n\t<meta property=\"og:image:height\" content=\"711\" \/>\n\t<meta property=\"og:image:type\" content=\"image\/png\" \/>\n<meta name=\"author\" content=\"szenik\" \/>\n<meta name=\"twitter:card\" content=\"summary_large_image\" \/>\n<meta name=\"twitter:creator\" content=\"@Szenik\" \/>\n<meta name=\"twitter:site\" content=\"@Szenik\" \/>\n<meta name=\"twitter:label1\" content=\"Verfasst von\" \/>\n\t<meta name=\"twitter:data1\" content=\"szenik\" \/>\n\t<meta name=\"twitter:label2\" content=\"Gesch\u00e4tzte Lesezeit\" \/>\n\t<meta name=\"twitter:data2\" content=\"2\u00a0Minuten\" \/>\n<script type=\"application\/ld+json\" class=\"yoast-schema-graph\">{\"@context\":\"https:\/\/schema.org\",\"@graph\":[{\"@type\":\"Article\",\"@id\":\"https:\/\/www.szenik.eu\/de\/europaeischer-dramatikerinnen-preis-am-8-bis-10-oktober-2021-43429#article\",\"isPartOf\":{\"@id\":\"https:\/\/www.szenik.eu\/de\/europaeischer-dramatikerinnen-preis-am-8-bis-10-oktober-2021-43429\"},\"author\":{\"name\":\"szenik\",\"@id\":\"https:\/\/www.szenik.eu\/de\/#\/schema\/person\/15f73f175b41bad194837490339d48fb\"},\"headline\":\"Europ\u00e4ischer Dramatiker:innen Preis am 8. bis 10. Oktober 2021\",\"datePublished\":\"2021-09-28T15:06:22+00:00\",\"dateModified\":\"2021-09-28T15:06:26+00:00\",\"mainEntityOfPage\":{\"@id\":\"https:\/\/www.szenik.eu\/de\/europaeischer-dramatikerinnen-preis-am-8-bis-10-oktober-2021-43429\"},\"wordCount\":386,\"commentCount\":0,\"publisher\":{\"@id\":\"https:\/\/www.szenik.eu\/de\/#organization\"},\"keywords\":[\"Jasmine Lee-Jones\",\"Schauspiel Stuttgart\",\"Wajdi Mouawad\"],\"articleSection\":[\"Kurz &amp; knackig\",\"Magazin\"],\"inLanguage\":\"de\",\"potentialAction\":[{\"@type\":\"CommentAction\",\"name\":\"Comment\",\"target\":[\"https:\/\/www.szenik.eu\/de\/europaeischer-dramatikerinnen-preis-am-8-bis-10-oktober-2021-43429#respond\"]}]},{\"@type\":\"WebPage\",\"@id\":\"https:\/\/www.szenik.eu\/de\/europaeischer-dramatikerinnen-preis-am-8-bis-10-oktober-2021-43429\",\"url\":\"https:\/\/www.szenik.eu\/de\/europaeischer-dramatikerinnen-preis-am-8-bis-10-oktober-2021-43429\",\"name\":\"Europ\u00e4ischer Dramatiker:innen Preis am 8. bis 10. Oktober 2021 I szenik\",\"isPartOf\":{\"@id\":\"https:\/\/www.szenik.eu\/de\/#website\"},\"datePublished\":\"2021-09-28T15:06:22+00:00\",\"dateModified\":\"2021-09-28T15:06:26+00:00\",\"description\":\"Das Schauspiel Stuttgart verleiht am 10. Oktober den ersten Europ\u00e4ischen Dramatiker:innen Preis an den libanesisch-kanadischen Dramatiker Wajdi Mouawad.\",\"breadcrumb\":{\"@id\":\"https:\/\/www.szenik.eu\/de\/europaeischer-dramatikerinnen-preis-am-8-bis-10-oktober-2021-43429#breadcrumb\"},\"inLanguage\":\"de\",\"potentialAction\":[{\"@type\":\"ReadAction\",\"target\":[\"https:\/\/www.szenik.eu\/de\/europaeischer-dramatikerinnen-preis-am-8-bis-10-oktober-2021-43429\"]}]},{\"@type\":\"BreadcrumbList\",\"@id\":\"https:\/\/www.szenik.eu\/de\/europaeischer-dramatikerinnen-preis-am-8-bis-10-oktober-2021-43429#breadcrumb\",\"itemListElement\":[{\"@type\":\"ListItem\",\"position\":1,\"name\":\"Home\",\"item\":\"https:\/\/www.szenik.eu\/de\"},{\"@type\":\"ListItem\",\"position\":2,\"name\":\"Europ\u00e4ischer Dramatiker:innen Preis am 8. bis 10. Oktober 2021\"}]},{\"@type\":\"WebSite\",\"@id\":\"https:\/\/www.szenik.eu\/de\/#website\",\"url\":\"https:\/\/www.szenik.eu\/de\/\",\"name\":\"szenik\",\"description\":\"Le Meilleur des sc\u00e8nes au coeur de l&#039;Europe\",\"publisher\":{\"@id\":\"https:\/\/www.szenik.eu\/de\/#organization\"},\"potentialAction\":[{\"@type\":\"SearchAction\",\"target\":{\"@type\":\"EntryPoint\",\"urlTemplate\":\"https:\/\/www.szenik.eu\/de\/?s={search_term_string}\"},\"query-input\":\"required name=search_term_string\"}],\"inLanguage\":\"de\"},{\"@type\":\"Organization\",\"@id\":\"https:\/\/www.szenik.eu\/de\/#organization\",\"name\":\"Szenik\",\"url\":\"https:\/\/www.szenik.eu\/de\/\",\"logo\":{\"@type\":\"ImageObject\",\"inLanguage\":\"de\",\"@id\":\"https:\/\/www.szenik.eu\/de\/#\/schema\/logo\/image\/\",\"url\":\"https:\/\/www.szenik.eu\/wp-content\/uploads\/2019\/07\/logo-square.png\",\"contentUrl\":\"https:\/\/www.szenik.eu\/wp-content\/uploads\/2019\/07\/logo-square.png\",\"width\":512,\"height\":512,\"caption\":\"Szenik\"},\"image\":{\"@id\":\"https:\/\/www.szenik.eu\/de\/#\/schema\/logo\/image\/\"},\"sameAs\":[\"https:\/\/www.facebook.com\/szenik.eu\/\",\"https:\/\/twitter.com\/Szenik\",\"https:\/\/www.instagram.com\/szenik_magazine\/\",\"https:\/\/www.youtube.com\/user\/SzenikEU\/\"]},{\"@type\":\"Person\",\"@id\":\"https:\/\/www.szenik.eu\/de\/#\/schema\/person\/15f73f175b41bad194837490339d48fb\",\"name\":\"szenik\",\"image\":{\"@type\":\"ImageObject\",\"inLanguage\":\"de\",\"@id\":\"https:\/\/www.szenik.eu\/de\/#\/schema\/person\/image\/\",\"url\":\"https:\/\/secure.gravatar.com\/avatar\/d1c4f19522a624a4eaa5e6c03e22370b?s=96&d=mm&r=g\",\"contentUrl\":\"https:\/\/secure.gravatar.com\/avatar\/d1c4f19522a624a4eaa5e6c03e22370b?s=96&d=mm&r=g\",\"caption\":\"szenik\"}}]}<\/script>\n<!-- \/ Yoast SEO plugin. -->","yoast_head_json":{"title":"Europ\u00e4ischer Dramatiker:innen Preis am 8. bis 10. Oktober 2021 I szenik","description":"Das Schauspiel Stuttgart verleiht am 10. Oktober den ersten Europ\u00e4ischen Dramatiker:innen Preis an den libanesisch-kanadischen Dramatiker Wajdi Mouawad.","robots":{"index":"index","follow":"follow","max-snippet":"max-snippet:-1","max-image-preview":"max-image-preview:large","max-video-preview":"max-video-preview:-1"},"canonical":"https:\/\/www.szenik.eu\/de\/europaeischer-dramatikerinnen-preis-am-8-bis-10-oktober-2021-43429","og_locale":"de_DE","og_type":"article","og_title":"Europ\u00e4ischer Dramatiker:innen Preis am 8. bis 10. Oktober 2021 I szenik","og_description":"Das Schauspiel Stuttgart verleiht am 10. Oktober den ersten Europ\u00e4ischen Dramatiker:innen Preis an den libanesisch-kanadischen Dramatiker Wajdi Mouawad.","og_url":"https:\/\/www.szenik.eu\/de\/europaeischer-dramatikerinnen-preis-am-8-bis-10-oktober-2021-43429","og_site_name":"szenik","article_publisher":"https:\/\/www.facebook.com\/szenik.eu\/","article_published_time":"2021-09-28T15:06:22+00:00","article_modified_time":"2021-09-28T15:06:26+00:00","og_image":[{"width":1070,"height":711,"url":"https:\/\/www.szenik.eu\/wp-content\/uploads\/2021\/09\/Capture-d\u2019\u00e9cran-2021-09-28-\u00e0-17.01.46.png","type":"image\/png"}],"author":"szenik","twitter_card":"summary_large_image","twitter_creator":"@Szenik","twitter_site":"@Szenik","twitter_misc":{"Verfasst von":"szenik","Gesch\u00e4tzte Lesezeit":"2\u00a0Minuten"},"schema":{"@context":"https:\/\/schema.org","@graph":[{"@type":"Article","@id":"https:\/\/www.szenik.eu\/de\/europaeischer-dramatikerinnen-preis-am-8-bis-10-oktober-2021-43429#article","isPartOf":{"@id":"https:\/\/www.szenik.eu\/de\/europaeischer-dramatikerinnen-preis-am-8-bis-10-oktober-2021-43429"},"author":{"name":"szenik","@id":"https:\/\/www.szenik.eu\/de\/#\/schema\/person\/15f73f175b41bad194837490339d48fb"},"headline":"Europ\u00e4ischer Dramatiker:innen Preis am 8. bis 10. Oktober 2021","datePublished":"2021-09-28T15:06:22+00:00","dateModified":"2021-09-28T15:06:26+00:00","mainEntityOfPage":{"@id":"https:\/\/www.szenik.eu\/de\/europaeischer-dramatikerinnen-preis-am-8-bis-10-oktober-2021-43429"},"wordCount":386,"commentCount":0,"publisher":{"@id":"https:\/\/www.szenik.eu\/de\/#organization"},"keywords":["Jasmine Lee-Jones","Schauspiel Stuttgart","Wajdi Mouawad"],"articleSection":["Kurz &amp; knackig","Magazin"],"inLanguage":"de","potentialAction":[{"@type":"CommentAction","name":"Comment","target":["https:\/\/www.szenik.eu\/de\/europaeischer-dramatikerinnen-preis-am-8-bis-10-oktober-2021-43429#respond"]}]},{"@type":"WebPage","@id":"https:\/\/www.szenik.eu\/de\/europaeischer-dramatikerinnen-preis-am-8-bis-10-oktober-2021-43429","url":"https:\/\/www.szenik.eu\/de\/europaeischer-dramatikerinnen-preis-am-8-bis-10-oktober-2021-43429","name":"Europ\u00e4ischer Dramatiker:innen Preis am 8. bis 10. Oktober 2021 I szenik","isPartOf":{"@id":"https:\/\/www.szenik.eu\/de\/#website"},"datePublished":"2021-09-28T15:06:22+00:00","dateModified":"2021-09-28T15:06:26+00:00","description":"Das Schauspiel Stuttgart verleiht am 10. Oktober den ersten Europ\u00e4ischen Dramatiker:innen Preis an den libanesisch-kanadischen Dramatiker Wajdi Mouawad.","breadcrumb":{"@id":"https:\/\/www.szenik.eu\/de\/europaeischer-dramatikerinnen-preis-am-8-bis-10-oktober-2021-43429#breadcrumb"},"inLanguage":"de","potentialAction":[{"@type":"ReadAction","target":["https:\/\/www.szenik.eu\/de\/europaeischer-dramatikerinnen-preis-am-8-bis-10-oktober-2021-43429"]}]},{"@type":"BreadcrumbList","@id":"https:\/\/www.szenik.eu\/de\/europaeischer-dramatikerinnen-preis-am-8-bis-10-oktober-2021-43429#breadcrumb","itemListElement":[{"@type":"ListItem","position":1,"name":"Home","item":"https:\/\/www.szenik.eu\/de"},{"@type":"ListItem","position":2,"name":"Europ\u00e4ischer Dramatiker:innen Preis am 8. bis 10. Oktober 2021"}]},{"@type":"WebSite","@id":"https:\/\/www.szenik.eu\/de\/#website","url":"https:\/\/www.szenik.eu\/de\/","name":"szenik","description":"Le Meilleur des sc\u00e8nes au coeur de l&#039;Europe","publisher":{"@id":"https:\/\/www.szenik.eu\/de\/#organization"},"potentialAction":[{"@type":"SearchAction","target":{"@type":"EntryPoint","urlTemplate":"https:\/\/www.szenik.eu\/de\/?s={search_term_string}"},"query-input":"required name=search_term_string"}],"inLanguage":"de"},{"@type":"Organization","@id":"https:\/\/www.szenik.eu\/de\/#organization","name":"Szenik","url":"https:\/\/www.szenik.eu\/de\/","logo":{"@type":"ImageObject","inLanguage":"de","@id":"https:\/\/www.szenik.eu\/de\/#\/schema\/logo\/image\/","url":"https:\/\/www.szenik.eu\/wp-content\/uploads\/2019\/07\/logo-square.png","contentUrl":"https:\/\/www.szenik.eu\/wp-content\/uploads\/2019\/07\/logo-square.png","width":512,"height":512,"caption":"Szenik"},"image":{"@id":"https:\/\/www.szenik.eu\/de\/#\/schema\/logo\/image\/"},"sameAs":["https:\/\/www.facebook.com\/szenik.eu\/","https:\/\/twitter.com\/Szenik","https:\/\/www.instagram.com\/szenik_magazine\/","https:\/\/www.youtube.com\/user\/SzenikEU\/"]},{"@type":"Person","@id":"https:\/\/www.szenik.eu\/de\/#\/schema\/person\/15f73f175b41bad194837490339d48fb","name":"szenik","image":{"@type":"ImageObject","inLanguage":"de","@id":"https:\/\/www.szenik.eu\/de\/#\/schema\/person\/image\/","url":"https:\/\/secure.gravatar.com\/avatar\/d1c4f19522a624a4eaa5e6c03e22370b?s=96&d=mm&r=g","contentUrl":"https:\/\/secure.gravatar.com\/avatar\/d1c4f19522a624a4eaa5e6c03e22370b?s=96&d=mm&r=g","caption":"szenik"}}]}},"jetpack_featured_media_url":"https:\/\/www.szenik.eu\/wp-content\/uploads\/2021\/09\/Capture-d\u2019\u00e9cran-2021-09-28-\u00e0-17.01.46.png","amp_enabled":true,"_links":{"self":[{"href":"https:\/\/www.szenik.eu\/de\/wp-json\/\/wp\/v2\/posts\/43429"}],"collection":[{"href":"https:\/\/www.szenik.eu\/de\/wp-json\/\/wp\/v2\/posts"}],"about":[{"href":"https:\/\/www.szenik.eu\/de\/wp-json\/\/wp\/v2\/types\/post"}],"author":[{"embeddable":true,"href":"https:\/\/www.szenik.eu\/de\/wp-json\/\/wp\/v2\/users\/1"}],"replies":[{"embeddable":true,"href":"https:\/\/www.szenik.eu\/de\/wp-json\/\/wp\/v2\/comments?post=43429"}],"version-history":[{"count":1,"href":"https:\/\/www.szenik.eu\/de\/wp-json\/\/wp\/v2\/posts\/43429\/revisions"}],"predecessor-version":[{"id":43434,"href":"https:\/\/www.szenik.eu\/de\/wp-json\/\/wp\/v2\/posts\/43429\/revisions\/43434"}],"wp:featuredmedia":[{"embeddable":true,"href":"https:\/\/www.szenik.eu\/de\/wp-json\/\/wp\/v2\/media\/43430"}],"wp:attachment":[{"href":"https:\/\/www.szenik.eu\/de\/wp-json\/\/wp\/v2\/media?parent=43429"}],"wp:term":[{"taxonomy":"category","embeddable":true,"href":"https:\/\/www.szenik.eu\/de\/wp-json\/\/wp\/v2\/categories?post=43429"},{"taxonomy":"post_tag","embeddable":true,"href":"https:\/\/www.szenik.eu\/de\/wp-json\/\/wp\/v2\/tags?post=43429"}],"curies":[{"name":"wp","href":"https:\/\/api.w.org\/{rel}","templated":true}]}}