{"id":42821,"date":"2021-09-14T16:23:36","date_gmt":"2021-09-14T14:23:36","guid":{"rendered":"https:\/\/www.szenik.eu\/?p=42821\/"},"modified":"2021-09-14T16:23:40","modified_gmt":"2021-09-14T14:23:40","slug":"cultural-4kast-unscharf-die-fiktion-des-territoriums-im-zeitalter-von-google","status":"publish","type":"post","link":"https:\/\/www.szenik.eu\/de\/cultural-4kast-unscharf-die-fiktion-des-territoriums-im-zeitalter-von-google-42821","title":{"rendered":"Cultural 4KAST: Unscharf. Die Fiktion des Territoriums im Zeitalter von Google"},"content":{"rendered":"\n<h2>&#8222;Unscharf. Die Fiktion des Territoriums im Zeitalter von Google&#8220; ist ein Spaziergang und eine Begegnung zwischen Lesung und performativer Konferenz. Von der deutsch-franz\u00f6sischen Grenze aus erschafftt die K\u00fcnstlerin und Forscherin Marion Balac eine Fiktion um zwei unterschiedliche Zonen angesichts von Googles Kopie der Welt.<\/h2>\n\n\n\n<div style=\"height:100px\" aria-hidden=\"true\" class=\"wp-block-spacer\"><\/div>\n\n\n\n<p><em>Pressemitteilung<\/em><\/p>\n\n\n\n<div style=\"height:100px\" aria-hidden=\"true\" class=\"wp-block-spacer\"><\/div>\n\n\n\n<p>Diese Veranstaltung, die sich an Liebhaber der digitalen Kultur, der Architektur und der zeitgen\u00f6ssischen Kunst richtet, wird von <a href=\"https:\/\/www.facebook.com\/cultural4kast\/\" target=\"_blank\" rel=\"noreferrer noopener\" aria-label=\"Cultural 4KAST (opens in a new tab)\"><strong>Cultural 4KAST<\/strong><\/a> in Zusammenarbeit mit dem Syndicat Potentiel im Rahmen der Architekturtage 2021 &#8222;Alternatives&#8220; organisiert.<\/p>\n\n\n\n<p><a href=\"http:\/\/www.marionbalac.com\" target=\"_blank\" rel=\"noreferrer noopener\" aria-label=\"Marion Balac (opens in a new tab)\"><strong>Marion Balac<\/strong><\/a>, K\u00fcnstlerin und Forscherin in Stra\u00dfburg, ist der besondere Gast f\u00fcr unser Treffen am deutschen Rheinufer. Ausgehend von den Erfahrungen dieser K\u00fcnstlerin in dieser Region, soll eine fiktive Erz\u00e4hlung \u00fcber die Grenze angesto\u00dfen werden.<\/p>\n\n\n\n<p>Die Alternativen liegen im fiktionalen Charakter der Erz\u00e4hlung der K\u00fcnstlerin als Alternative zur Realit\u00e4t. Mit Hilfe eines visuellen Mediums, das von den Teilnehmern vor dem Besuch heruntergeladen werden muss, schafft die K\u00fcnstlerin eine Benutzererfahrung, die von den zeitlichen und visuellen Funktionen der heutigen tragbaren Computerger\u00e4te gepr\u00e4gt ist. Auch die Architektur der Tour ist eine Alternative. Das vom Architekten Marc Mimram entworfene Br\u00fcckenobjekt f\u00fchrt uns dazu, eine Wahl bei unseren interurbanen Reisen in der Eurometropole Stra\u00dfburg zu treffen.<\/p>\n\n\n\n<p>Cultural 4KAST organisiert interkulturelle Veranstaltungen auf der Achse KARLSRUHE-STRA\u00dfBURG. Unsere Aufgabe ist es, die Vielfalt der Oberrheinregion bei der breiten Bev\u00f6lkerung bekannt zu machen. Wir wollen einzigartige Erlebnisse mit kulturellen Akteuren schaffen, damit sich unsere Teilnehmer wie zu Hause f\u00fchlen.<\/p>\n\n\n\n<p>Seit Dezember 2020 bieten wir ein Treffen pro Monat an. Unsere acht Veranstaltungen, die sowohl online als auch pers\u00f6nlich stattfanden, haben Teilnehmer aus Deutschland, England, \u00d6sterreich, den USA und Frankreich zusammengebracht. Unser grenz\u00fcberschreitendes Projekt f\u00fcr soziales Unternehmertum wird von <a href=\"https:\/\/singabusinesslab.de\" target=\"_blank\" rel=\"noreferrer noopener\" aria-label=\"SINGA Stuttgart (opens in a new tab)\">SINGA Stuttgart<\/a>, <a href=\"https:\/\/migrantstartups.de\" target=\"_blank\" rel=\"noreferrer noopener\" aria-label=\"Migrant Start-Ups Karlsruhe  (opens in a new tab)\">Migrant Start-Ups Karlsruhe <\/a>und dem <a href=\"https:\/\/www.maisonemploi-strasbourg.org\" target=\"_blank\" rel=\"noreferrer noopener\" aria-label=\"Maison de l'Emploi Strasbourg (opens in a new tab)\">Maison de l&#8217;Emploi Strasbourg<\/a> unterst\u00fctzt.<\/p>\n\n\n\n<div style=\"height:100px\" aria-hidden=\"true\" class=\"wp-block-spacer\"><\/div>\n\n\n\n<p class=\"has-background has-text-align-center has-luminous-vivid-amber-background-color\"><strong>Praktische Informationen<\/strong><br><br><strong><em>Unscharf. Die Fiktion des Territoriums im Zeitalter von Google <\/em>Samstag, 25. September 2021<\/strong><br>16.30 Uhr &#8211; 18.00 Uhr<br>Jardin des Deux &#8211; Rives<br><br>Startpunkt: <br><strong>Rue des Cavaliers, Eingang zum Jardin de Deux Rives, Stra\u00dfburg <\/strong><br>Ankunftsort und Treffen mit dem K\u00fcnstler: <br><strong>Kehler UFO. Rheindammstra\u00dfe 1, Kehl <\/strong><br><br><strong>Der Eintritt ist frei. <\/strong><br><strong>Anmeldung bis 24. September<\/strong> \u00fcber <a rel=\"noreferrer noopener\" aria-label=\"hello@cultural4kast.eu  (opens in a new tab)\" href=\"mailto:hello@cultural4kast.eu\" target=\"_blank\">hello@cultural4kast.eu <\/a>Ansprechpartner: <br>Liliana Amundarain, liliana@cultural4kast.eu +33767071635<br><br><strong>Die 3G Regel gilt. (geimpft, genesen, getestet)<\/strong><\/p>\n\n\n\n<div style=\"height:100px\" aria-hidden=\"true\" class=\"wp-block-spacer\"><\/div>\n\n\n\n<p class=\"has-small-font-size\">Foto: Cultural4KAST<\/p>\n\n\n\n<div style=\"height:100px\" aria-hidden=\"true\" class=\"wp-block-spacer\"><\/div>\n","protected":false},"excerpt":{"rendered":"<p>&#8222;Unscharf. Die Fiktion des Territoriums im Zeitalter von Google&#8220; ist ein Spaziergang und eine Begegnung zwischen Lesung und performativer Konferenz. Von der deutsch-franz\u00f6sischen Grenze aus erschafftt die K\u00fcnstlerin und Forscherin Marion Balac eine Fiktion um zwei unterschiedliche Zonen angesichts von Googles Kopie der Welt. Pressemitteilung Diese Veranstaltung, die sich an Liebhaber der digitalen Kultur, der [&hellip;]<\/p>\n","protected":false},"author":1,"featured_media":42822,"comment_status":"open","ping_status":"open","sticky":false,"template":"","format":"standard","meta":{"_monsterinsights_skip_tracking":false,"_monsterinsights_sitenote_active":false,"_monsterinsights_sitenote_note":"","_monsterinsights_sitenote_category":0},"categories":[2815,53],"tags":[14220,14221,14224,14223],"yoast_head":"<!-- This site is optimized with the Yoast SEO plugin v20.5 - https:\/\/yoast.com\/wordpress\/plugins\/seo\/ -->\n<title>Cultural 4KAST: Ein Spaziergang von Stra\u00dfburg nach Kehl I szenik<\/title>\n<meta name=\"description\" content=\"Diese Veranstaltung, die sich an Liebhaber der digitalen Kultur richtet, wird von Cultural 4KAST im Rahmen der Architekturtage 2021 organisiert.\" \/>\n<meta name=\"robots\" content=\"index, follow, max-snippet:-1, max-image-preview:large, max-video-preview:-1\" \/>\n<link rel=\"canonical\" href=\"https:\/\/www.szenik.eu\/de\/cultural-4kast-unscharf-die-fiktion-des-territoriums-im-zeitalter-von-google-42821\" \/>\n<meta property=\"og:locale\" content=\"de_DE\" \/>\n<meta property=\"og:type\" content=\"article\" \/>\n<meta property=\"og:title\" content=\"Cultural 4KAST: Ein Spaziergang von Stra\u00dfburg nach Kehl I szenik\" \/>\n<meta property=\"og:description\" content=\"Diese Veranstaltung, die sich an Liebhaber der digitalen Kultur richtet, wird von Cultural 4KAST im Rahmen der Architekturtage 2021 organisiert.\" \/>\n<meta property=\"og:url\" content=\"https:\/\/www.szenik.eu\/de\/cultural-4kast-unscharf-die-fiktion-des-territoriums-im-zeitalter-von-google-42821\" \/>\n<meta property=\"og:site_name\" content=\"szenik\" \/>\n<meta property=\"article:publisher\" content=\"https:\/\/www.facebook.com\/szenik.eu\/\" \/>\n<meta property=\"article:published_time\" content=\"2021-09-14T14:23:36+00:00\" \/>\n<meta property=\"article:modified_time\" content=\"2021-09-14T14:23:40+00:00\" \/>\n<meta property=\"og:image\" content=\"https:\/\/www.szenik.eu\/wp-content\/uploads\/2021\/09\/Cultural4KAST-Unscharf-IG-1.png\" \/>\n\t<meta property=\"og:image:width\" content=\"1080\" \/>\n\t<meta property=\"og:image:height\" content=\"1080\" \/>\n\t<meta property=\"og:image:type\" content=\"image\/png\" \/>\n<meta name=\"author\" content=\"szenik\" \/>\n<meta name=\"twitter:card\" content=\"summary_large_image\" \/>\n<meta name=\"twitter:creator\" content=\"@Szenik\" \/>\n<meta name=\"twitter:site\" content=\"@Szenik\" \/>\n<meta name=\"twitter:label1\" content=\"Verfasst von\" \/>\n\t<meta name=\"twitter:data1\" content=\"szenik\" \/>\n\t<meta name=\"twitter:label2\" content=\"Gesch\u00e4tzte Lesezeit\" \/>\n\t<meta name=\"twitter:data2\" content=\"2\u00a0Minuten\" \/>\n<script type=\"application\/ld+json\" class=\"yoast-schema-graph\">{\"@context\":\"https:\/\/schema.org\",\"@graph\":[{\"@type\":\"Article\",\"@id\":\"https:\/\/www.szenik.eu\/de\/cultural-4kast-unscharf-die-fiktion-des-territoriums-im-zeitalter-von-google-42821#article\",\"isPartOf\":{\"@id\":\"https:\/\/www.szenik.eu\/de\/cultural-4kast-unscharf-die-fiktion-des-territoriums-im-zeitalter-von-google-42821\"},\"author\":{\"name\":\"szenik\",\"@id\":\"https:\/\/www.szenik.eu\/de\/#\/schema\/person\/15f73f175b41bad194837490339d48fb\"},\"headline\":\"Cultural 4KAST: Unscharf. Die Fiktion des Territoriums im Zeitalter von Google\",\"datePublished\":\"2021-09-14T14:23:36+00:00\",\"dateModified\":\"2021-09-14T14:23:40+00:00\",\"mainEntityOfPage\":{\"@id\":\"https:\/\/www.szenik.eu\/de\/cultural-4kast-unscharf-die-fiktion-des-territoriums-im-zeitalter-von-google-42821\"},\"wordCount\":388,\"commentCount\":0,\"publisher\":{\"@id\":\"https:\/\/www.szenik.eu\/de\/#organization\"},\"keywords\":[\"Cultural 4KAST\",\"Marion Balac\",\"Migrant Start-Ups Karlsruhe\",\"SINGA Stuttgart\"],\"articleSection\":[\"Kurz &amp; knackig\",\"Magazin\"],\"inLanguage\":\"de\",\"potentialAction\":[{\"@type\":\"CommentAction\",\"name\":\"Comment\",\"target\":[\"https:\/\/www.szenik.eu\/de\/cultural-4kast-unscharf-die-fiktion-des-territoriums-im-zeitalter-von-google-42821#respond\"]}]},{\"@type\":\"WebPage\",\"@id\":\"https:\/\/www.szenik.eu\/de\/cultural-4kast-unscharf-die-fiktion-des-territoriums-im-zeitalter-von-google-42821\",\"url\":\"https:\/\/www.szenik.eu\/de\/cultural-4kast-unscharf-die-fiktion-des-territoriums-im-zeitalter-von-google-42821\",\"name\":\"Cultural 4KAST: Ein Spaziergang von Stra\u00dfburg nach Kehl I szenik\",\"isPartOf\":{\"@id\":\"https:\/\/www.szenik.eu\/de\/#website\"},\"datePublished\":\"2021-09-14T14:23:36+00:00\",\"dateModified\":\"2021-09-14T14:23:40+00:00\",\"description\":\"Diese Veranstaltung, die sich an Liebhaber der digitalen Kultur richtet, wird von Cultural 4KAST im Rahmen der Architekturtage 2021 organisiert.\",\"breadcrumb\":{\"@id\":\"https:\/\/www.szenik.eu\/de\/cultural-4kast-unscharf-die-fiktion-des-territoriums-im-zeitalter-von-google-42821#breadcrumb\"},\"inLanguage\":\"de\",\"potentialAction\":[{\"@type\":\"ReadAction\",\"target\":[\"https:\/\/www.szenik.eu\/de\/cultural-4kast-unscharf-die-fiktion-des-territoriums-im-zeitalter-von-google-42821\"]}]},{\"@type\":\"BreadcrumbList\",\"@id\":\"https:\/\/www.szenik.eu\/de\/cultural-4kast-unscharf-die-fiktion-des-territoriums-im-zeitalter-von-google-42821#breadcrumb\",\"itemListElement\":[{\"@type\":\"ListItem\",\"position\":1,\"name\":\"Home\",\"item\":\"https:\/\/www.szenik.eu\/de\"},{\"@type\":\"ListItem\",\"position\":2,\"name\":\"Cultural 4KAST: Unscharf. Die Fiktion des Territoriums im Zeitalter von Google\"}]},{\"@type\":\"WebSite\",\"@id\":\"https:\/\/www.szenik.eu\/de\/#website\",\"url\":\"https:\/\/www.szenik.eu\/de\/\",\"name\":\"szenik\",\"description\":\"Le Meilleur des sc\u00e8nes au coeur de l&#039;Europe\",\"publisher\":{\"@id\":\"https:\/\/www.szenik.eu\/de\/#organization\"},\"potentialAction\":[{\"@type\":\"SearchAction\",\"target\":{\"@type\":\"EntryPoint\",\"urlTemplate\":\"https:\/\/www.szenik.eu\/de\/?s={search_term_string}\"},\"query-input\":\"required name=search_term_string\"}],\"inLanguage\":\"de\"},{\"@type\":\"Organization\",\"@id\":\"https:\/\/www.szenik.eu\/de\/#organization\",\"name\":\"Szenik\",\"url\":\"https:\/\/www.szenik.eu\/de\/\",\"logo\":{\"@type\":\"ImageObject\",\"inLanguage\":\"de\",\"@id\":\"https:\/\/www.szenik.eu\/de\/#\/schema\/logo\/image\/\",\"url\":\"https:\/\/www.szenik.eu\/wp-content\/uploads\/2019\/07\/logo-square.png\",\"contentUrl\":\"https:\/\/www.szenik.eu\/wp-content\/uploads\/2019\/07\/logo-square.png\",\"width\":512,\"height\":512,\"caption\":\"Szenik\"},\"image\":{\"@id\":\"https:\/\/www.szenik.eu\/de\/#\/schema\/logo\/image\/\"},\"sameAs\":[\"https:\/\/www.facebook.com\/szenik.eu\/\",\"https:\/\/twitter.com\/Szenik\",\"https:\/\/www.instagram.com\/szenik_magazine\/\",\"https:\/\/www.youtube.com\/user\/SzenikEU\/\"]},{\"@type\":\"Person\",\"@id\":\"https:\/\/www.szenik.eu\/de\/#\/schema\/person\/15f73f175b41bad194837490339d48fb\",\"name\":\"szenik\",\"image\":{\"@type\":\"ImageObject\",\"inLanguage\":\"de\",\"@id\":\"https:\/\/www.szenik.eu\/de\/#\/schema\/person\/image\/\",\"url\":\"https:\/\/secure.gravatar.com\/avatar\/d1c4f19522a624a4eaa5e6c03e22370b?s=96&d=mm&r=g\",\"contentUrl\":\"https:\/\/secure.gravatar.com\/avatar\/d1c4f19522a624a4eaa5e6c03e22370b?s=96&d=mm&r=g\",\"caption\":\"szenik\"}}]}<\/script>\n<!-- \/ Yoast SEO plugin. -->","yoast_head_json":{"title":"Cultural 4KAST: Ein Spaziergang von Stra\u00dfburg nach Kehl I szenik","description":"Diese Veranstaltung, die sich an Liebhaber der digitalen Kultur richtet, wird von Cultural 4KAST im Rahmen der Architekturtage 2021 organisiert.","robots":{"index":"index","follow":"follow","max-snippet":"max-snippet:-1","max-image-preview":"max-image-preview:large","max-video-preview":"max-video-preview:-1"},"canonical":"https:\/\/www.szenik.eu\/de\/cultural-4kast-unscharf-die-fiktion-des-territoriums-im-zeitalter-von-google-42821","og_locale":"de_DE","og_type":"article","og_title":"Cultural 4KAST: Ein Spaziergang von Stra\u00dfburg nach Kehl I szenik","og_description":"Diese Veranstaltung, die sich an Liebhaber der digitalen Kultur richtet, wird von Cultural 4KAST im Rahmen der Architekturtage 2021 organisiert.","og_url":"https:\/\/www.szenik.eu\/de\/cultural-4kast-unscharf-die-fiktion-des-territoriums-im-zeitalter-von-google-42821","og_site_name":"szenik","article_publisher":"https:\/\/www.facebook.com\/szenik.eu\/","article_published_time":"2021-09-14T14:23:36+00:00","article_modified_time":"2021-09-14T14:23:40+00:00","og_image":[{"width":1080,"height":1080,"url":"https:\/\/www.szenik.eu\/wp-content\/uploads\/2021\/09\/Cultural4KAST-Unscharf-IG-1.png","type":"image\/png"}],"author":"szenik","twitter_card":"summary_large_image","twitter_creator":"@Szenik","twitter_site":"@Szenik","twitter_misc":{"Verfasst von":"szenik","Gesch\u00e4tzte Lesezeit":"2\u00a0Minuten"},"schema":{"@context":"https:\/\/schema.org","@graph":[{"@type":"Article","@id":"https:\/\/www.szenik.eu\/de\/cultural-4kast-unscharf-die-fiktion-des-territoriums-im-zeitalter-von-google-42821#article","isPartOf":{"@id":"https:\/\/www.szenik.eu\/de\/cultural-4kast-unscharf-die-fiktion-des-territoriums-im-zeitalter-von-google-42821"},"author":{"name":"szenik","@id":"https:\/\/www.szenik.eu\/de\/#\/schema\/person\/15f73f175b41bad194837490339d48fb"},"headline":"Cultural 4KAST: Unscharf. Die Fiktion des Territoriums im Zeitalter von Google","datePublished":"2021-09-14T14:23:36+00:00","dateModified":"2021-09-14T14:23:40+00:00","mainEntityOfPage":{"@id":"https:\/\/www.szenik.eu\/de\/cultural-4kast-unscharf-die-fiktion-des-territoriums-im-zeitalter-von-google-42821"},"wordCount":388,"commentCount":0,"publisher":{"@id":"https:\/\/www.szenik.eu\/de\/#organization"},"keywords":["Cultural 4KAST","Marion Balac","Migrant Start-Ups Karlsruhe","SINGA Stuttgart"],"articleSection":["Kurz &amp; knackig","Magazin"],"inLanguage":"de","potentialAction":[{"@type":"CommentAction","name":"Comment","target":["https:\/\/www.szenik.eu\/de\/cultural-4kast-unscharf-die-fiktion-des-territoriums-im-zeitalter-von-google-42821#respond"]}]},{"@type":"WebPage","@id":"https:\/\/www.szenik.eu\/de\/cultural-4kast-unscharf-die-fiktion-des-territoriums-im-zeitalter-von-google-42821","url":"https:\/\/www.szenik.eu\/de\/cultural-4kast-unscharf-die-fiktion-des-territoriums-im-zeitalter-von-google-42821","name":"Cultural 4KAST: Ein Spaziergang von Stra\u00dfburg nach Kehl I szenik","isPartOf":{"@id":"https:\/\/www.szenik.eu\/de\/#website"},"datePublished":"2021-09-14T14:23:36+00:00","dateModified":"2021-09-14T14:23:40+00:00","description":"Diese Veranstaltung, die sich an Liebhaber der digitalen Kultur richtet, wird von Cultural 4KAST im Rahmen der Architekturtage 2021 organisiert.","breadcrumb":{"@id":"https:\/\/www.szenik.eu\/de\/cultural-4kast-unscharf-die-fiktion-des-territoriums-im-zeitalter-von-google-42821#breadcrumb"},"inLanguage":"de","potentialAction":[{"@type":"ReadAction","target":["https:\/\/www.szenik.eu\/de\/cultural-4kast-unscharf-die-fiktion-des-territoriums-im-zeitalter-von-google-42821"]}]},{"@type":"BreadcrumbList","@id":"https:\/\/www.szenik.eu\/de\/cultural-4kast-unscharf-die-fiktion-des-territoriums-im-zeitalter-von-google-42821#breadcrumb","itemListElement":[{"@type":"ListItem","position":1,"name":"Home","item":"https:\/\/www.szenik.eu\/de"},{"@type":"ListItem","position":2,"name":"Cultural 4KAST: Unscharf. Die Fiktion des Territoriums im Zeitalter von Google"}]},{"@type":"WebSite","@id":"https:\/\/www.szenik.eu\/de\/#website","url":"https:\/\/www.szenik.eu\/de\/","name":"szenik","description":"Le Meilleur des sc\u00e8nes au coeur de l&#039;Europe","publisher":{"@id":"https:\/\/www.szenik.eu\/de\/#organization"},"potentialAction":[{"@type":"SearchAction","target":{"@type":"EntryPoint","urlTemplate":"https:\/\/www.szenik.eu\/de\/?s={search_term_string}"},"query-input":"required name=search_term_string"}],"inLanguage":"de"},{"@type":"Organization","@id":"https:\/\/www.szenik.eu\/de\/#organization","name":"Szenik","url":"https:\/\/www.szenik.eu\/de\/","logo":{"@type":"ImageObject","inLanguage":"de","@id":"https:\/\/www.szenik.eu\/de\/#\/schema\/logo\/image\/","url":"https:\/\/www.szenik.eu\/wp-content\/uploads\/2019\/07\/logo-square.png","contentUrl":"https:\/\/www.szenik.eu\/wp-content\/uploads\/2019\/07\/logo-square.png","width":512,"height":512,"caption":"Szenik"},"image":{"@id":"https:\/\/www.szenik.eu\/de\/#\/schema\/logo\/image\/"},"sameAs":["https:\/\/www.facebook.com\/szenik.eu\/","https:\/\/twitter.com\/Szenik","https:\/\/www.instagram.com\/szenik_magazine\/","https:\/\/www.youtube.com\/user\/SzenikEU\/"]},{"@type":"Person","@id":"https:\/\/www.szenik.eu\/de\/#\/schema\/person\/15f73f175b41bad194837490339d48fb","name":"szenik","image":{"@type":"ImageObject","inLanguage":"de","@id":"https:\/\/www.szenik.eu\/de\/#\/schema\/person\/image\/","url":"https:\/\/secure.gravatar.com\/avatar\/d1c4f19522a624a4eaa5e6c03e22370b?s=96&d=mm&r=g","contentUrl":"https:\/\/secure.gravatar.com\/avatar\/d1c4f19522a624a4eaa5e6c03e22370b?s=96&d=mm&r=g","caption":"szenik"}}]}},"jetpack_featured_media_url":"https:\/\/www.szenik.eu\/wp-content\/uploads\/2021\/09\/Cultural4KAST-Unscharf-IG-1.png","amp_enabled":true,"_links":{"self":[{"href":"https:\/\/www.szenik.eu\/de\/wp-json\/\/wp\/v2\/posts\/42821"}],"collection":[{"href":"https:\/\/www.szenik.eu\/de\/wp-json\/\/wp\/v2\/posts"}],"about":[{"href":"https:\/\/www.szenik.eu\/de\/wp-json\/\/wp\/v2\/types\/post"}],"author":[{"embeddable":true,"href":"https:\/\/www.szenik.eu\/de\/wp-json\/\/wp\/v2\/users\/1"}],"replies":[{"embeddable":true,"href":"https:\/\/www.szenik.eu\/de\/wp-json\/\/wp\/v2\/comments?post=42821"}],"version-history":[{"count":1,"href":"https:\/\/www.szenik.eu\/de\/wp-json\/\/wp\/v2\/posts\/42821\/revisions"}],"predecessor-version":[{"id":42824,"href":"https:\/\/www.szenik.eu\/de\/wp-json\/\/wp\/v2\/posts\/42821\/revisions\/42824"}],"wp:featuredmedia":[{"embeddable":true,"href":"https:\/\/www.szenik.eu\/de\/wp-json\/\/wp\/v2\/media\/42822"}],"wp:attachment":[{"href":"https:\/\/www.szenik.eu\/de\/wp-json\/\/wp\/v2\/media?parent=42821"}],"wp:term":[{"taxonomy":"category","embeddable":true,"href":"https:\/\/www.szenik.eu\/de\/wp-json\/\/wp\/v2\/categories?post=42821"},{"taxonomy":"post_tag","embeddable":true,"href":"https:\/\/www.szenik.eu\/de\/wp-json\/\/wp\/v2\/tags?post=42821"}],"curies":[{"name":"wp","href":"https:\/\/api.w.org\/{rel}","templated":true}]}}