{"id":41657,"date":"2021-07-26T09:30:06","date_gmt":"2021-07-26T07:30:06","guid":{"rendered":"https:\/\/www.szenik.eu\/?p=41657\/"},"modified":"2021-07-26T11:01:41","modified_gmt":"2021-07-26T09:01:41","slug":"das-nationaltheater-mannheim-in-der-saison-2021-22","status":"publish","type":"post","link":"https:\/\/www.szenik.eu\/de\/das-nationaltheater-mannheim-in-der-saison-2021-22-41657","title":{"rendered":"Das Nationaltheater Mannheim in der Saison 2021\/22"},"content":{"rendered":"\n<h2>Das Nationaltheater Mannheim l\u00e4utet die neue Spielzeit nach einer verk\u00fcrzten Sommerpause bereits am 3. September 2021 mit einem \u00bbOpernair\u00ab auf der Seeb\u00fchne im Luisenpark ein.\u00a0<\/h2>\n\n\n\n<div style=\"height:100px\" aria-hidden=\"true\" class=\"wp-block-spacer\"><\/div>\n\n\n\n<p><em>Pressemitteilung<\/em><\/p>\n\n\n\n<div style=\"height:100px\" aria-hidden=\"true\" class=\"wp-block-spacer\"><\/div>\n\n\n\n<p class=\"has-background has-text-align-center has-medium-font-size has-pale-cyan-blue-background-color\">Musiktheater<\/p>\n\n\n\n<div style=\"height:20px\" aria-hidden=\"true\" class=\"wp-block-spacer\"><\/div>\n\n\n\n<p>Neben Wiederaufnahmen der beliebten White-Wall-Opern und Benjamin Brittens \u00bb<strong><em>Albert Herring<\/em><\/strong>\u00ab steht in der Opernsparte die neue Spielzeit u. a. im Zeichen Richard Wagners. So feiern \u00bb<strong><em>Tristan und Isolde<\/em><\/strong>\u00ab, inszeniert von <strong>Luise Kautz<\/strong>, der \u00bb<strong><em>Der fliegende Holl\u00e4nder<\/em><\/strong>\u00ab in der Regie von <strong>Roger Vontobel <\/strong>und ein kompletter Ringzyklus als White-Wall-Opern Premiere im Opernhaus \u2013 jeweils unter der Musikalischen Leitung von Generalmusikdirektor <strong>Alexander Soddy<\/strong>. Auch der Richard-Wagner- Verband Mannheim-Kurpfalz e. V. veranstaltet anl\u00e4sslich seines 110. Jubil\u00e4ums in Kooperation mit dem NTM zwei Benefizkonzerte, deren Erl\u00f6se zum einen in die Neuproduktion des \u00bb<strong><em>Fliegenden Holl\u00e4nders<\/em><\/strong>\u00ab und zum anderen dem neuen Jahrgang des Internationalen Opernstudios am Nationaltheater Mannheim u. a. f\u00fcr Meisterklassen und Workshops zugute- kommen. <\/p>\n\n\n\n<p>Barock wird es mit den Monteverdi-Abend \u00bb<strong><em>Ombra e Luce. Ges\u00e4nge von Liebe und Finsternis<\/em><\/strong>\u00ab der von dem Barockorchester \u00bb<strong>il Gusto Barocco<\/strong>\u00ab begleitet wird und H\u00e4ndels \u00bb<strong><em>Il trionfo del Tempo e del Disinganno<\/em><\/strong>\u00ab mit dem Barockexperten Bernhard Forck am Pult und in der Regie des international erfolgreichen polnischen Regisseurs <strong>Krystian Lada<\/strong>. Auch Ladas Inszenierung von \u00bb<strong><em>Nabucco<\/em><\/strong>\u00ab\u00ab steht auf dem Programm, die, wie auch \u00bb<strong><em>Il trionfo del Tempo e del Disinganno<\/em><\/strong>\u00ab, in der Saison 2020\/2021 coronabedingt verschoben werden musste. <\/p>\n\n\n\n<p>Mit Mozarts \u00bb<strong><em>Cos\u00ec fan tutte<\/em><\/strong>\u00ab er\u00f6ffnet das NTM einen auf die n\u00e4chsten Jahre angelegten Da Ponte-Zyklus, der in Koproduktion mit dem Nationaltheater Prag entsteht und im Schlosstheater Schwetzingen gezeigt wird. Und wo wir gerade bei Mozart sind, darf auch der \u00bb<strong>Mannheimer Sommer<\/strong>\u00ab nicht fehlen, der vom 16.-26. Juni 2022 stattfindet. Zu sehen sind dort neben nationalen und internationalen Gastspielen, Konzerten und Performances u. a. <strong>Luk Percevals<\/strong> grandiose Produktion \u00bb<strong><em>Die Entf\u00fchrung aus dem Serail<\/em><\/strong>\u00ab und die Auftragsarbeiten <strong><em>\u00bbIdomeneo or: The whole is always smaller than the sum of its parts<\/em><\/strong>\u00ab, einem Projekt von <strong>Ariel Efraim Ashbel and Friends<\/strong> mit dem Nationaltheater Mannheim sowie \u00bb<strong><em>The Damned and the Saved<\/em><\/strong>\u00ab, eine Koproduktion von Oper und Schauspiel des NTM und der M\u00fcnchener Biennale. In diesem Kompositions- und Librettoauftrag der Landeshauptstadt M\u00fcnchen stellen die Komponistin <strong>Malin B\u00e5ng <\/strong>und <strong>Pat To Yan<\/strong>, Hausautor am NTM in der Spielzeit 2021\/22, die Freundschaft zweier Frauen in den Fokus ihrer gemeinsamen Arbeit, die unterschiedliche Wege des Widerstands gehen, um sich gegen ein totalit\u00e4res System zu behaupten. <\/p>\n\n\n\n<p>Auch das Musiktheaterkollektiv <strong>KOMMANDO HIMMELFAHRT<\/strong> verlegt Webers \u00bb<strong><em>Freisch\u00fctz<\/em><\/strong>\u00ab in eine dystopische Zukunft und hinterfragt unter der Musikalischen Leitung von <strong>Roberto Rizzi Brignoli<\/strong> die Mechanismen von Wissenstransfer, Aberglaube, Ritual und gesellschaftlichen Zw\u00e4ngen. Nicht weniger spannend wird die neue Arbeit des gefeierten Regisseurs <strong>Calixto Bieito<\/strong>, der Wolfgang Rihms Kammeroper \u00bb<strong><em>Jakob Lenz<\/em><\/strong>\u00ab bildgewaltig in Szene setzen wird. Auf eine g\u00e4nzlich andere Reise begibt sich der Komponist <strong>Sidney Corbett<\/strong> mit der polnischen Regisseurin Pia Partum in \u00bb<strong><em>Keine Stille au\u00dfer der des Windes<\/em><\/strong>\u00ab, einem Libretto der Dichterin <strong>Simone Homem de Mello<\/strong> nach Fernando Pessoas \u00bb<em>Buch der Unruhe<\/em>\u00ab.<\/p>\n\n\n\n<div style=\"height:36px\" aria-hidden=\"true\" class=\"wp-block-spacer\"><\/div>\n\n\n\n<p class=\"has-background has-text-align-center has-medium-font-size has-pale-cyan-blue-background-color\">Schauspiel<\/p>\n\n\n\n<div style=\"height:20px\" aria-hidden=\"true\" class=\"wp-block-spacer\"><\/div>\n\n\n\n<p>Der Spielplan des Schauspiels ist gepr\u00e4gt von gro\u00dfen Herausforderungen. Mit mythischen Gestalten wie den \u00bb<strong><em>Nibelungen<\/em><\/strong>\u00ab und fantastischen Wesen aus dem Wald begeben wir uns auf sagenhafte Abenteuer, w\u00e4hrend \u00bb<strong><em>Das Flo\u00df der Medusa<\/em><\/strong>\u00ab uns auf eine existenzielle Irrfahrt mitnimmt. \u00bb<strong><em>Meine geniale Freundin \u2013 Teil 2<\/em><\/strong>\u00ab erz\u00e4hlt von Emanzipation, Fortschritt und Protest ab den 1960er Jahren, mit dem Popkultur-Klassiker \u00bb<strong><em>King Kong<\/em><\/strong>\u00ab und dem Klimaprojekt \u00bb<strong><em>2027 \u2013 Die Zeit die bleibt<\/em><\/strong>\u00ab stehen wir einer ungewissen Zukunft der Menschheit gegen\u00fcber. <\/p>\n\n\n\n<p>In \u00bb<strong><em>body*<\/em><\/strong>\u00ab erforscht das Mannheimer Stadtensemble, wie wir unsere K\u00f6rper von gesellschaftlichen Zw\u00e4ngen befreien k\u00f6nnten; in den Urauff\u00fchrungen von <strong>Ivana Sokola<\/strong> (\u00bb<strong><em>Kill Baby<\/em><\/strong>\u00ab), <strong>Necati \u00d6ziri<\/strong> (\u00bb<strong><em>Gott Vater Einzelt\u00e4ter<\/em><\/strong>\u00ab) und <strong>Pat To Yan<\/strong> (\u00bb<strong><em>The Damned and the Saved<\/em><\/strong>\u00ab), dem neuen Hausautor der Spielzeit 2021\/2022, aber auch in Dea Lohers \u00bb<strong><em>Land ohne Worte<\/em><\/strong>\u00ab wird das Private politisch. In \u00bb<strong><em>Herkunft<\/em><\/strong>\u00ab, dem Roman von Sa\u0161a Stani\u0161i\u0107, ist die eigene Biografie ein Forschungsfeld f\u00fcr Fragen nach Zuschreibung, Sprache und Identit\u00e4t. <\/p>\n\n\n\n<p>Viele der Stoffe der kommenden Spielzeit erz\u00e4hlen von Krisenbew\u00e4ltigung, von Zugeh\u00f6rigkeit oder Zusammenhalt, von Abgr\u00fcnden und Erkl\u00e4rungsversuchen. Mehr denn je sind wir als Menschheit auf der Suche nach uns selbst, nach L\u00f6sungen f\u00fcr unser Zusammenleben. \u00dcberhaupt: Menschheit \u2013 was ist das eigentlich? Was ist der \u00bbNullpunkt\u00ab, von dem aus wir einen Neustart machen m\u00fcssen? Was bestimmt unsere Existenz, wenn alte Sicherheiten unhaltbar werden? Welches Bild haben wir von uns \u2013 und welches wollen wir neugestalten? <\/p>\n\n\n\n<p>Der Spielplan des Schauspiels sucht \u2013 erstmals in Koproduktion mit allen drei anderen Sparten des NTM \u2013 mit einer Vielfalt aus Stoffen, Handschriften und Erz\u00e4hlweisen nach Antworten auf genau diese und viele andere Fragen.<\/p>\n\n\n\n<div style=\"height:36px\" aria-hidden=\"true\" class=\"wp-block-spacer\"><\/div>\n\n\n\n<p class=\"has-background has-text-align-center has-medium-font-size has-pale-cyan-blue-background-color\">Tanz<\/p>\n\n\n\n<div style=\"height:20px\" aria-hidden=\"true\" class=\"wp-block-spacer\"><\/div>\n\n\n\n<p>Die neue Saison der Tanzsparte am Nationaltheater Mannheim steht unter dem Motto \u00bb<strong>die Zeit<\/strong>\u00ab. Seit man sich ihrer bewusst ist, besch\u00e4ftigen sich Wissenschaftler, Literaten und Philosophen mit ihr. Sie ist eine schwer zu fassende Gr\u00f6\u00dfe und doch eine unverzichtbare Verbindung zwischen damals und jetzt, heute und morgen. Sieben Tanz-Premieren folgen in der Saison 2021\/2022 ganz individuell dem Kreislauf der Zeit. <\/p>\n\n\n\n<p>So entf\u00fchrt zum Auftakt der Orchester-Tanzabend \u00bb<strong><em>Mozart<\/em><\/strong>\u00ab das Publikum auf eine musikalische Zeitreise zwischen Barock und Moderne, bevor der gemeinsame Abend von Schauspiel und Tanz mit \u00bb<strong><em>Das Flo\u00df der Medusa<\/em><\/strong>\u00ab der zeitlosen Frage nach gelebter Menschlichkeit nachgeht. Das \u00bb<strong><em>Silvester-Spezial<\/em><\/strong>\u00ab l\u00e4utet schlie\u00dflich den Jahreswechsel ein und \u00bb<strong><em>En vogue<\/em><\/strong>\u00ab setzt neue Trends f\u00fcr die Zukunft. <\/p>\n\n\n\n<p>Mit der Neuinterpretation des mythologischen Stoffs \u00bb<strong><em>Amor &amp; Psyche?<\/em><\/strong>\u00ab widmet sich Jeroen Verbruggen dem ewigen Thema der Liebe, w\u00e4hrend der Doppelabend \u00bb<strong><em>Speed<\/em><\/strong>\u00ab mit unterschiedlichen Tempi spielt und die Varianz zeitlichen Empfindens durch K\u00f6rpersprache sichtbar macht. Und kurz vor der Sommerpause beweist die \u00bb<strong><em>Choreografische Werkstatt<\/em><\/strong>\u00ab, wie pl\u00f6tzlich aus T\u00e4nzer*innen Choreograf*innen werden.<\/p>\n\n\n\n<div style=\"height:39px\" aria-hidden=\"true\" class=\"wp-block-spacer\"><\/div>\n\n\n\n<p class=\"has-background has-text-align-center has-medium-font-size has-pale-cyan-blue-background-color\">Junges NTM<\/p>\n\n\n\n<div style=\"height:20px\" aria-hidden=\"true\" class=\"wp-block-spacer\"><\/div>\n\n\n\n<p>Im Jungen NTM beginnt die Spielzeit mit der Produktion \u00bb<strong><em>Pressluft<\/em><\/strong>\u00ab (12+), in der der Choreograf <strong>Martin Nachbar<\/strong> und das k\u00fcnstlerische Team die Verbindung von Atem, Stimme und Protest untersuchen, um sich der Bewegung \u00bb<strong>Fridays for Future<\/strong>\u00ab anzun\u00e4hern. Zur\u00fcckgeworfen auf die eigenen K\u00f6rper, den Atem, die Stimme begegnen Performer*innen und Publikum ihrer Verantwortung f\u00fcr Gesellschaft und Umwelt. <\/p>\n\n\n\n<p>In \u00bb<strong><em>W\u00fcrfelgeklimper<\/em><\/strong>\u00ab (5+) wird die Theaterb\u00fchne in ein musikalisches Experimentierfeld verwandelt, w\u00e4hrend in der Schulraumrecherche \u00bb<strong><em>Perplexi<\/em><\/strong>\u00ab (8+) durch eine mobile Forschungsstation der eigne Schulhof zur B\u00fchne wird. Zudem startet im Jungen NTM ab September das Projekt \u00bb<strong><em>Kliffh\u00e4nger<\/em><\/strong>\u00ab (8+), f\u00fcr das drei Autor*innen in einem Writer\u2019s Room eine 4-teilige Theaterserie f\u00fcr junges Publikum entwickeln, die es dann ab Januar auf die B\u00fchne des Jungen NTM zu sehen gibt. <\/p>\n\n\n\n<p>Weiter geht\u2019s mit <strong>PINSKER+BERNHARDT\u2019<\/strong>s \u00bb<strong><em>Body Boom Boom Brain<\/em><\/strong>\u00ab (12+). Hier sind alle ab 12 Jahren dazu eingeladen, die fucking P*b*rt*t als den ultimativen Brain-Body-Killer aller menschlichen Zust\u00e4nde zu ergr\u00fcnden. Die Jugend- vertretung am Jungen NTM, das <strong>KONNEKTIV*<\/strong>, entwickelt gemeinsam mit <strong>Julia Waibel<\/strong> und jungen Familien aus Mannheim und Umgebung ein St\u00fcck zum Themenkomplex \u00bb<strong>Zerst\u00f6rung<\/strong>\u00ab f\u00fcr alle ab 2 Jahren. Am Ende kann sich das allerkleinste Publikum selbst im Spiel aktiv und machtvoll erleben. <\/p>\n\n\n\n<p>Auf eine weitere Recherche begeben sich Jugendliche in \u00bb<strong><em>F\u00fcr Alle Ewigkeit\u00ab<\/em><\/strong> (14+) mit dem K\u00fcnstler*innenkollektiv <strong>imaginary company<\/strong>, das eine ortsspezifische Inszenierung im NS Dokumentationszentrum des MARCHIVUMS erarbeitet und die Kontinuit\u00e4ten rechter Ideologie f\u00fcr ein junges Publikum erforscht. Gemeinsam widmen sie sich der Frage, wie fortschreitende Normalisierung rechten Denkens zu durchbrechen ist.<\/p>\n\n\n\n<p>Au\u00dferdem feiert das Junge NTM die Premiere von \u00bb<strong><em>Der Sommer, als ich unsterblich war<\/em><\/strong>\u00ab (12+) und damit das Ergebnis des Forschungsprojekts \u00bb<strong>JOIN: Opernwerkstatt<\/strong>\u00ab. F\u00fcnf Jugendliche haben gemeinsam mit dem k\u00fcnstlerischen Team Inhalt, Thema und Form ihres eigenen St\u00fccks entwickelt und es in die H\u00e4nde von Autorin <strong>Jana Heinicke<\/strong> und Komponist <strong>Kornelius Heidebrecht <\/strong>gegeben. <strong>Ulrike St\u00f6ck<\/strong> inszeniert die Jugendoper voller Weltschmerz, Omas und echter Gef\u00fchle. <\/p>\n\n\n\n<p>Diese und weitere Neuproduktionen sowie zahlreiche Wiederaufnahmen warten auf die Zuschauer*innen im Jungen NTM. Nicht verpassen sollte man zudem das 16. Festival Junges Theater im Delta, ein Festival von Kindern und Jugendlichen f\u00fcr Kinder und Jugendliche, das j\u00e4hrlich als Kooperation zwischen dem Nationaltheater Mannheim, dem Theater im Pfalzbau in Ludwigshafen, dem Theater und Orchester Heidelberg und dem assoziierten Partner Kinder- und Jugendtheater Speyer ausgerichtet wird und die <strong>IMAGINALE<\/strong>, die in insgesamt sechs Baden-W\u00fcrttembergischen St\u00e4dten stattfindet und zu den gr\u00f6\u00dften deutschen Festivals im Bereich Figuren- und Objekttheater geh\u00f6rt.<\/p>\n\n\n\n<div style=\"height:100px\" aria-hidden=\"true\" class=\"wp-block-spacer\"><\/div>\n\n\n\n<div class=\"wp-block-button aligncenter\"><a class=\"wp-block-button__link has-text-color has-very-dark-gray-color has-background has-luminous-vivid-amber-background-color\" href=\"https:\/\/www.nationaltheater-mannheim.de\" target=\"_blank\" rel=\"noreferrer noopener\">Weitere Informationen auf der Website des Nationaltheaters Mannheim<\/a><\/div>\n\n\n\n<div style=\"height:100px\" aria-hidden=\"true\" class=\"wp-block-spacer\"><\/div>\n\n\n\n<p class=\"has-small-font-size\">Foto: Albert Herring I Hans J\u00f6rg Michel<\/p>\n\n\n\n<div style=\"height:100px\" aria-hidden=\"true\" class=\"wp-block-spacer\"><\/div>\n\n\n\n<p><\/p>\n","protected":false},"excerpt":{"rendered":"<p>Das Nationaltheater Mannheim l\u00e4utet die neue Spielzeit nach einer verk\u00fcrzten Sommerpause bereits am 3. September 2021 mit einem \u00bbOpernair\u00ab auf der Seeb\u00fchne im Luisenpark ein.\u00a0 Pressemitteilung Musiktheater Neben Wiederaufnahmen der beliebten White-Wall-Opern und Benjamin Brittens \u00bbAlbert Herring\u00ab steht in der Opernsparte die neue Spielzeit u. a. im Zeichen Richard Wagners. So feiern \u00bbTristan und Isolde\u00ab, [&hellip;]<\/p>\n","protected":false},"author":1,"featured_media":41660,"comment_status":"open","ping_status":"open","sticky":false,"template":"","format":"standard","meta":{"_monsterinsights_skip_tracking":false,"_monsterinsights_sitenote_active":false,"_monsterinsights_sitenote_note":"","_monsterinsights_sitenote_category":0},"categories":[2815],"tags":[3306,13301,6680,13298,13313,13308,13314,13312,13304,13311,13315,13299,13296,13300,13302,13309,3304,6892,13230,13310,13305,13297,13306,13307,13316],"yoast_head":"<!-- This site is optimized with the Yoast SEO plugin v20.5 - https:\/\/yoast.com\/wordpress\/plugins\/seo\/ -->\n<title>Das Nationaltheater Mannheim in der Saison 2021\/22 I szenik<\/title>\n<meta name=\"description\" content=\"Das Nationaltheater Mannheim l\u00e4utet die neue Spielzeit nach einer verk\u00fcrzten Sommerpause bereits am 3.09. mit einem \u00bbOpernair\u00ab im Luisenpark ein.\" \/>\n<meta name=\"robots\" content=\"index, follow, max-snippet:-1, max-image-preview:large, max-video-preview:-1\" \/>\n<link rel=\"canonical\" href=\"https:\/\/www.szenik.eu\/de\/das-nationaltheater-mannheim-in-der-saison-2021-22-41657\" \/>\n<meta property=\"og:locale\" content=\"de_DE\" \/>\n<meta property=\"og:type\" content=\"article\" \/>\n<meta property=\"og:title\" content=\"Das Nationaltheater Mannheim in der Saison 2021\/22 I szenik\" \/>\n<meta property=\"og:description\" content=\"Das Nationaltheater Mannheim l\u00e4utet die neue Spielzeit nach einer verk\u00fcrzten Sommerpause bereits am 3.09. mit einem \u00bbOpernair\u00ab im Luisenpark ein.\" \/>\n<meta property=\"og:url\" content=\"https:\/\/www.szenik.eu\/de\/das-nationaltheater-mannheim-in-der-saison-2021-22-41657\" \/>\n<meta property=\"og:site_name\" content=\"szenik\" \/>\n<meta property=\"article:publisher\" content=\"https:\/\/www.facebook.com\/szenik.eu\/\" \/>\n<meta property=\"article:published_time\" content=\"2021-07-26T07:30:06+00:00\" \/>\n<meta property=\"article:modified_time\" content=\"2021-07-26T09:01:41+00:00\" \/>\n<meta property=\"og:image\" content=\"https:\/\/www.szenik.eu\/wp-content\/uploads\/2021\/07\/Capture-d\u2019\u00e9cran-2021-07-26-\u00e0-10.44.56.png\" \/>\n\t<meta property=\"og:image:width\" content=\"1051\" \/>\n\t<meta property=\"og:image:height\" content=\"701\" \/>\n\t<meta property=\"og:image:type\" content=\"image\/png\" \/>\n<meta name=\"author\" content=\"szenik\" \/>\n<meta name=\"twitter:card\" content=\"summary_large_image\" \/>\n<meta name=\"twitter:creator\" content=\"@Szenik\" \/>\n<meta name=\"twitter:site\" content=\"@Szenik\" \/>\n<meta name=\"twitter:label1\" content=\"Verfasst von\" \/>\n\t<meta name=\"twitter:data1\" content=\"szenik\" \/>\n\t<meta name=\"twitter:label2\" content=\"Gesch\u00e4tzte Lesezeit\" \/>\n\t<meta name=\"twitter:data2\" content=\"7\u00a0Minuten\" \/>\n<script type=\"application\/ld+json\" class=\"yoast-schema-graph\">{\"@context\":\"https:\/\/schema.org\",\"@graph\":[{\"@type\":\"Article\",\"@id\":\"https:\/\/www.szenik.eu\/de\/das-nationaltheater-mannheim-in-der-saison-2021-22-41657#article\",\"isPartOf\":{\"@id\":\"https:\/\/www.szenik.eu\/de\/das-nationaltheater-mannheim-in-der-saison-2021-22-41657\"},\"author\":{\"name\":\"szenik\",\"@id\":\"https:\/\/www.szenik.eu\/de\/#\/schema\/person\/15f73f175b41bad194837490339d48fb\"},\"headline\":\"Das Nationaltheater Mannheim in der Saison 2021\/22\",\"datePublished\":\"2021-07-26T07:30:06+00:00\",\"dateModified\":\"2021-07-26T09:01:41+00:00\",\"mainEntityOfPage\":{\"@id\":\"https:\/\/www.szenik.eu\/de\/das-nationaltheater-mannheim-in-der-saison-2021-22-41657\"},\"wordCount\":1396,\"commentCount\":0,\"publisher\":{\"@id\":\"https:\/\/www.szenik.eu\/de\/#organization\"},\"keywords\":[\"Alexander Soddy\",\"Ariel Efraim Ashbel and Frieds\",\"Calixto Bieito\",\"il Gusto Barocco\",\"imaginary company\",\"Ivana Sokola\",\"Jana Heinicke\",\"Julia Waibel\",\"Kommando Himmelfahrt\",\"Konnektiv*\",\"Kornelius Heidebrecht\",\"Krystian Lada\",\"Luise Kautz\",\"Luk Perceval\",\"Malin Bang\",\"Martin Nachbar\",\"Nationaltheater Mannheim\",\"Necati \u00d6ziri\",\"Pat To Yan\",\"Pinsker &amp; Bernhardt\",\"Roberto Rizzi Brignoli\",\"Roger Vontobel\",\"Sidney Corbett\",\"Simone Homem de Mello\",\"Ulrike St\u00f6ck\"],\"articleSection\":[\"Kurz &amp; knackig\"],\"inLanguage\":\"de\",\"potentialAction\":[{\"@type\":\"CommentAction\",\"name\":\"Comment\",\"target\":[\"https:\/\/www.szenik.eu\/de\/das-nationaltheater-mannheim-in-der-saison-2021-22-41657#respond\"]}]},{\"@type\":\"WebPage\",\"@id\":\"https:\/\/www.szenik.eu\/de\/das-nationaltheater-mannheim-in-der-saison-2021-22-41657\",\"url\":\"https:\/\/www.szenik.eu\/de\/das-nationaltheater-mannheim-in-der-saison-2021-22-41657\",\"name\":\"Das Nationaltheater Mannheim in der Saison 2021\/22 I szenik\",\"isPartOf\":{\"@id\":\"https:\/\/www.szenik.eu\/de\/#website\"},\"datePublished\":\"2021-07-26T07:30:06+00:00\",\"dateModified\":\"2021-07-26T09:01:41+00:00\",\"description\":\"Das Nationaltheater Mannheim l\u00e4utet die neue Spielzeit nach einer verk\u00fcrzten Sommerpause bereits am 3.09. mit einem \u00bbOpernair\u00ab im Luisenpark ein.\",\"breadcrumb\":{\"@id\":\"https:\/\/www.szenik.eu\/de\/das-nationaltheater-mannheim-in-der-saison-2021-22-41657#breadcrumb\"},\"inLanguage\":\"de\",\"potentialAction\":[{\"@type\":\"ReadAction\",\"target\":[\"https:\/\/www.szenik.eu\/de\/das-nationaltheater-mannheim-in-der-saison-2021-22-41657\"]}]},{\"@type\":\"BreadcrumbList\",\"@id\":\"https:\/\/www.szenik.eu\/de\/das-nationaltheater-mannheim-in-der-saison-2021-22-41657#breadcrumb\",\"itemListElement\":[{\"@type\":\"ListItem\",\"position\":1,\"name\":\"Home\",\"item\":\"https:\/\/www.szenik.eu\/de\"},{\"@type\":\"ListItem\",\"position\":2,\"name\":\"Das Nationaltheater Mannheim in der Saison 2021\/22\"}]},{\"@type\":\"WebSite\",\"@id\":\"https:\/\/www.szenik.eu\/de\/#website\",\"url\":\"https:\/\/www.szenik.eu\/de\/\",\"name\":\"szenik\",\"description\":\"Le Meilleur des sc\u00e8nes au coeur de l&#039;Europe\",\"publisher\":{\"@id\":\"https:\/\/www.szenik.eu\/de\/#organization\"},\"potentialAction\":[{\"@type\":\"SearchAction\",\"target\":{\"@type\":\"EntryPoint\",\"urlTemplate\":\"https:\/\/www.szenik.eu\/de\/?s={search_term_string}\"},\"query-input\":\"required name=search_term_string\"}],\"inLanguage\":\"de\"},{\"@type\":\"Organization\",\"@id\":\"https:\/\/www.szenik.eu\/de\/#organization\",\"name\":\"Szenik\",\"url\":\"https:\/\/www.szenik.eu\/de\/\",\"logo\":{\"@type\":\"ImageObject\",\"inLanguage\":\"de\",\"@id\":\"https:\/\/www.szenik.eu\/de\/#\/schema\/logo\/image\/\",\"url\":\"https:\/\/www.szenik.eu\/wp-content\/uploads\/2019\/07\/logo-square.png\",\"contentUrl\":\"https:\/\/www.szenik.eu\/wp-content\/uploads\/2019\/07\/logo-square.png\",\"width\":512,\"height\":512,\"caption\":\"Szenik\"},\"image\":{\"@id\":\"https:\/\/www.szenik.eu\/de\/#\/schema\/logo\/image\/\"},\"sameAs\":[\"https:\/\/www.facebook.com\/szenik.eu\/\",\"https:\/\/twitter.com\/Szenik\",\"https:\/\/www.instagram.com\/szenik_magazine\/\",\"https:\/\/www.youtube.com\/user\/SzenikEU\/\"]},{\"@type\":\"Person\",\"@id\":\"https:\/\/www.szenik.eu\/de\/#\/schema\/person\/15f73f175b41bad194837490339d48fb\",\"name\":\"szenik\",\"image\":{\"@type\":\"ImageObject\",\"inLanguage\":\"de\",\"@id\":\"https:\/\/www.szenik.eu\/de\/#\/schema\/person\/image\/\",\"url\":\"https:\/\/secure.gravatar.com\/avatar\/d1c4f19522a624a4eaa5e6c03e22370b?s=96&d=mm&r=g\",\"contentUrl\":\"https:\/\/secure.gravatar.com\/avatar\/d1c4f19522a624a4eaa5e6c03e22370b?s=96&d=mm&r=g\",\"caption\":\"szenik\"}}]}<\/script>\n<!-- \/ Yoast SEO plugin. -->","yoast_head_json":{"title":"Das Nationaltheater Mannheim in der Saison 2021\/22 I szenik","description":"Das Nationaltheater Mannheim l\u00e4utet die neue Spielzeit nach einer verk\u00fcrzten Sommerpause bereits am 3.09. mit einem \u00bbOpernair\u00ab im Luisenpark ein.","robots":{"index":"index","follow":"follow","max-snippet":"max-snippet:-1","max-image-preview":"max-image-preview:large","max-video-preview":"max-video-preview:-1"},"canonical":"https:\/\/www.szenik.eu\/de\/das-nationaltheater-mannheim-in-der-saison-2021-22-41657","og_locale":"de_DE","og_type":"article","og_title":"Das Nationaltheater Mannheim in der Saison 2021\/22 I szenik","og_description":"Das Nationaltheater Mannheim l\u00e4utet die neue Spielzeit nach einer verk\u00fcrzten Sommerpause bereits am 3.09. mit einem \u00bbOpernair\u00ab im Luisenpark ein.","og_url":"https:\/\/www.szenik.eu\/de\/das-nationaltheater-mannheim-in-der-saison-2021-22-41657","og_site_name":"szenik","article_publisher":"https:\/\/www.facebook.com\/szenik.eu\/","article_published_time":"2021-07-26T07:30:06+00:00","article_modified_time":"2021-07-26T09:01:41+00:00","og_image":[{"width":1051,"height":701,"url":"https:\/\/www.szenik.eu\/wp-content\/uploads\/2021\/07\/Capture-d\u2019\u00e9cran-2021-07-26-\u00e0-10.44.56.png","type":"image\/png"}],"author":"szenik","twitter_card":"summary_large_image","twitter_creator":"@Szenik","twitter_site":"@Szenik","twitter_misc":{"Verfasst von":"szenik","Gesch\u00e4tzte Lesezeit":"7\u00a0Minuten"},"schema":{"@context":"https:\/\/schema.org","@graph":[{"@type":"Article","@id":"https:\/\/www.szenik.eu\/de\/das-nationaltheater-mannheim-in-der-saison-2021-22-41657#article","isPartOf":{"@id":"https:\/\/www.szenik.eu\/de\/das-nationaltheater-mannheim-in-der-saison-2021-22-41657"},"author":{"name":"szenik","@id":"https:\/\/www.szenik.eu\/de\/#\/schema\/person\/15f73f175b41bad194837490339d48fb"},"headline":"Das Nationaltheater Mannheim in der Saison 2021\/22","datePublished":"2021-07-26T07:30:06+00:00","dateModified":"2021-07-26T09:01:41+00:00","mainEntityOfPage":{"@id":"https:\/\/www.szenik.eu\/de\/das-nationaltheater-mannheim-in-der-saison-2021-22-41657"},"wordCount":1396,"commentCount":0,"publisher":{"@id":"https:\/\/www.szenik.eu\/de\/#organization"},"keywords":["Alexander Soddy","Ariel Efraim Ashbel and Frieds","Calixto Bieito","il Gusto Barocco","imaginary company","Ivana Sokola","Jana Heinicke","Julia Waibel","Kommando Himmelfahrt","Konnektiv*","Kornelius Heidebrecht","Krystian Lada","Luise Kautz","Luk Perceval","Malin Bang","Martin Nachbar","Nationaltheater Mannheim","Necati \u00d6ziri","Pat To Yan","Pinsker &amp; Bernhardt","Roberto Rizzi Brignoli","Roger Vontobel","Sidney Corbett","Simone Homem de Mello","Ulrike St\u00f6ck"],"articleSection":["Kurz &amp; knackig"],"inLanguage":"de","potentialAction":[{"@type":"CommentAction","name":"Comment","target":["https:\/\/www.szenik.eu\/de\/das-nationaltheater-mannheim-in-der-saison-2021-22-41657#respond"]}]},{"@type":"WebPage","@id":"https:\/\/www.szenik.eu\/de\/das-nationaltheater-mannheim-in-der-saison-2021-22-41657","url":"https:\/\/www.szenik.eu\/de\/das-nationaltheater-mannheim-in-der-saison-2021-22-41657","name":"Das Nationaltheater Mannheim in der Saison 2021\/22 I szenik","isPartOf":{"@id":"https:\/\/www.szenik.eu\/de\/#website"},"datePublished":"2021-07-26T07:30:06+00:00","dateModified":"2021-07-26T09:01:41+00:00","description":"Das Nationaltheater Mannheim l\u00e4utet die neue Spielzeit nach einer verk\u00fcrzten Sommerpause bereits am 3.09. mit einem \u00bbOpernair\u00ab im Luisenpark ein.","breadcrumb":{"@id":"https:\/\/www.szenik.eu\/de\/das-nationaltheater-mannheim-in-der-saison-2021-22-41657#breadcrumb"},"inLanguage":"de","potentialAction":[{"@type":"ReadAction","target":["https:\/\/www.szenik.eu\/de\/das-nationaltheater-mannheim-in-der-saison-2021-22-41657"]}]},{"@type":"BreadcrumbList","@id":"https:\/\/www.szenik.eu\/de\/das-nationaltheater-mannheim-in-der-saison-2021-22-41657#breadcrumb","itemListElement":[{"@type":"ListItem","position":1,"name":"Home","item":"https:\/\/www.szenik.eu\/de"},{"@type":"ListItem","position":2,"name":"Das Nationaltheater Mannheim in der Saison 2021\/22"}]},{"@type":"WebSite","@id":"https:\/\/www.szenik.eu\/de\/#website","url":"https:\/\/www.szenik.eu\/de\/","name":"szenik","description":"Le Meilleur des sc\u00e8nes au coeur de l&#039;Europe","publisher":{"@id":"https:\/\/www.szenik.eu\/de\/#organization"},"potentialAction":[{"@type":"SearchAction","target":{"@type":"EntryPoint","urlTemplate":"https:\/\/www.szenik.eu\/de\/?s={search_term_string}"},"query-input":"required name=search_term_string"}],"inLanguage":"de"},{"@type":"Organization","@id":"https:\/\/www.szenik.eu\/de\/#organization","name":"Szenik","url":"https:\/\/www.szenik.eu\/de\/","logo":{"@type":"ImageObject","inLanguage":"de","@id":"https:\/\/www.szenik.eu\/de\/#\/schema\/logo\/image\/","url":"https:\/\/www.szenik.eu\/wp-content\/uploads\/2019\/07\/logo-square.png","contentUrl":"https:\/\/www.szenik.eu\/wp-content\/uploads\/2019\/07\/logo-square.png","width":512,"height":512,"caption":"Szenik"},"image":{"@id":"https:\/\/www.szenik.eu\/de\/#\/schema\/logo\/image\/"},"sameAs":["https:\/\/www.facebook.com\/szenik.eu\/","https:\/\/twitter.com\/Szenik","https:\/\/www.instagram.com\/szenik_magazine\/","https:\/\/www.youtube.com\/user\/SzenikEU\/"]},{"@type":"Person","@id":"https:\/\/www.szenik.eu\/de\/#\/schema\/person\/15f73f175b41bad194837490339d48fb","name":"szenik","image":{"@type":"ImageObject","inLanguage":"de","@id":"https:\/\/www.szenik.eu\/de\/#\/schema\/person\/image\/","url":"https:\/\/secure.gravatar.com\/avatar\/d1c4f19522a624a4eaa5e6c03e22370b?s=96&d=mm&r=g","contentUrl":"https:\/\/secure.gravatar.com\/avatar\/d1c4f19522a624a4eaa5e6c03e22370b?s=96&d=mm&r=g","caption":"szenik"}}]}},"jetpack_featured_media_url":"https:\/\/www.szenik.eu\/wp-content\/uploads\/2021\/07\/Capture-d\u2019\u00e9cran-2021-07-26-\u00e0-10.44.56.png","amp_enabled":true,"_links":{"self":[{"href":"https:\/\/www.szenik.eu\/de\/wp-json\/\/wp\/v2\/posts\/41657"}],"collection":[{"href":"https:\/\/www.szenik.eu\/de\/wp-json\/\/wp\/v2\/posts"}],"about":[{"href":"https:\/\/www.szenik.eu\/de\/wp-json\/\/wp\/v2\/types\/post"}],"author":[{"embeddable":true,"href":"https:\/\/www.szenik.eu\/de\/wp-json\/\/wp\/v2\/users\/1"}],"replies":[{"embeddable":true,"href":"https:\/\/www.szenik.eu\/de\/wp-json\/\/wp\/v2\/comments?post=41657"}],"version-history":[{"count":2,"href":"https:\/\/www.szenik.eu\/de\/wp-json\/\/wp\/v2\/posts\/41657\/revisions"}],"predecessor-version":[{"id":41662,"href":"https:\/\/www.szenik.eu\/de\/wp-json\/\/wp\/v2\/posts\/41657\/revisions\/41662"}],"wp:featuredmedia":[{"embeddable":true,"href":"https:\/\/www.szenik.eu\/de\/wp-json\/\/wp\/v2\/media\/41660"}],"wp:attachment":[{"href":"https:\/\/www.szenik.eu\/de\/wp-json\/\/wp\/v2\/media?parent=41657"}],"wp:term":[{"taxonomy":"category","embeddable":true,"href":"https:\/\/www.szenik.eu\/de\/wp-json\/\/wp\/v2\/categories?post=41657"},{"taxonomy":"post_tag","embeddable":true,"href":"https:\/\/www.szenik.eu\/de\/wp-json\/\/wp\/v2\/tags?post=41657"}],"curies":[{"name":"wp","href":"https:\/\/api.w.org\/{rel}","templated":true}]}}