{"id":41534,"date":"2021-07-15T16:35:29","date_gmt":"2021-07-15T14:35:29","guid":{"rendered":"https:\/\/www.szenik.eu\/?p=41534\/"},"modified":"2021-07-15T16:35:32","modified_gmt":"2021-07-15T14:35:32","slug":"oh-my-goethe-geht-in-die-vierte-runde","status":"publish","type":"post","link":"https:\/\/www.szenik.eu\/de\/oh-my-goethe-geht-in-die-vierte-runde-41534","title":{"rendered":"\u201eOH MY GOETHE!\u201c geht in die vierte Runde"},"content":{"rendered":"\n<h2>Schon zum vierten Mal unterst\u00fctzt das weltweit erste deutsch-franz\u00f6sische Kreativlabor im Goethe-Institut Nancy innovative Akteur*innen aus der Kultur- und Kreativwirtschaft bei der Weiterentwicklung ihrer Gr\u00fcndungsideen und beim grenz\u00fcberschreitenden Netzwerken.<\/h2>\n\n\n\n<div style=\"height:100px\" aria-hidden=\"true\" class=\"wp-block-spacer\"><\/div>\n\n\n\n<p>Die Initiative \u201eOH MY GOETHE!\u201c setzt sich seit 2018 f\u00fcr eine St\u00e4rkung der deutsch-franz\u00f6sischen Zusammenarbeit im Bereich der Kultur- und Kreativwirtschaft ein. <strong>Bis zum 27. September 2021<\/strong> k\u00f6nnen sich Interessierte mit einer kurzen Zusammenfassung ihrer Gr\u00fcndungsidee bewerben. Unter allen Bewerbungen werden 20 Gr\u00fcnder*innen ausgew\u00e4hlt, die<strong> vom 29. bis 31.10.2021 <\/strong>an einem kostenlosen Startup-Wochenende teilnehmen (Cultural Entrepreneurship Academy). Im Anschluss werden zwei Gewinnerteams ausgew\u00e4hlt, die dann f\u00fcr 6 Monate im Coworking-Space im Goethe-Institut ihre Gr\u00fcndungsidee weiterentwickeln k\u00f6nnen.&nbsp;<\/p>\n\n\n\n<p>Angesprochen sind Kreative mit einer ersten Gr\u00fcndungsidee aus den Bereichen Musik, Buch, Kunst, Film, Rundfunk, darstellende K\u00fcnste, Architektur, Design, Presse, Werbung sowie Software und Games. Teilnehmen k\u00f6nnen Student*innen, Vereine, Selbstst\u00e4ndige, K\u00fcnstler*innen, kleine bis mittlere Unternehmen, Angestellte, Mitglieder des Handwerks, Arbeitssuchende.<\/p>\n\n\n\n<p>Erneut erhalten zwei Gr\u00fcndungsvorhaben f\u00fcr ein halbes Jahr einen kostenlosen Arbeitsplatz im Goethe-Institut Nancy und eine F\u00f6rderung der M\u00e9tropole du Grand Nancy in H\u00f6he von je 10.000 Euro. OHMG! #4 startet im Februar 2022 mit dem Einzug der Gewinnerteams in den Coworking-Space im 2. Stock des Goethe-Instituts Nancy.<\/p>\n\n\n\n<p>OHMG ! ist ein gemeinsames Projekt des Goethe-Institut Nancy und der M\u00e9tropole du Grand Nancy mit Unterst\u00fctzung des Institut fran\u00e7ais.<\/p>\n\n\n\n<div style=\"height:100px\" aria-hidden=\"true\" class=\"wp-block-spacer\"><\/div>\n\n\n\n<div class=\"wp-block-button aligncenter\"><a class=\"wp-block-button__link has-text-color has-very-dark-gray-color has-background has-luminous-vivid-amber-background-color\" href=\"https:\/\/www.goethe.de\/ins\/fr\/de\/kul\/sup\/ohmg.html\" target=\"_blank\" rel=\"noreferrer noopener\">Weitere Informationen<\/a><\/div>\n\n\n\n<div style=\"height:100px\" aria-hidden=\"true\" class=\"wp-block-spacer\"><\/div>\n\n\n\n<p class=\"has-small-font-size\">Foto: Goethe-Institut Nancy<\/p>\n\n\n\n<div style=\"height:100px\" aria-hidden=\"true\" class=\"wp-block-spacer\"><\/div>\n","protected":false},"excerpt":{"rendered":"<p>Schon zum vierten Mal unterst\u00fctzt das weltweit erste deutsch-franz\u00f6sische Kreativlabor im Goethe-Institut Nancy innovative Akteur*innen aus der Kultur- und Kreativwirtschaft bei der Weiterentwicklung ihrer Gr\u00fcndungsideen und beim grenz\u00fcberschreitenden Netzwerken. Die Initiative \u201eOH MY GOETHE!\u201c setzt sich seit 2018 f\u00fcr eine St\u00e4rkung der deutsch-franz\u00f6sischen Zusammenarbeit im Bereich der Kultur- und Kreativwirtschaft ein. Bis zum 27. September [&hellip;]<\/p>\n","protected":false},"author":1,"featured_media":41535,"comment_status":"open","ping_status":"open","sticky":false,"template":"","format":"standard","meta":{"_monsterinsights_skip_tracking":false,"_monsterinsights_sitenote_active":false,"_monsterinsights_sitenote_note":"","_monsterinsights_sitenote_category":0},"categories":[2815],"tags":[10812,2228],"yoast_head":"<!-- This site is optimized with the Yoast SEO plugin v20.5 - https:\/\/yoast.com\/wordpress\/plugins\/seo\/ -->\n<title>\u201eOH MY GOETHE!\u201c geht in die vierte Runde I szenik<\/title>\n<meta name=\"description\" content=\"\u201eOH MY GOETHE!\u201c setzt sich seit 2018 f\u00fcr eine St\u00e4rkung der deutsch-franz\u00f6sischen Zusammenarbeit im Bereich der Kultur- und Kreativwirtschaft ein.\" \/>\n<meta name=\"robots\" content=\"index, follow, max-snippet:-1, max-image-preview:large, max-video-preview:-1\" \/>\n<link rel=\"canonical\" href=\"https:\/\/www.szenik.eu\/de\/oh-my-goethe-geht-in-die-vierte-runde-41534\" \/>\n<meta property=\"og:locale\" content=\"de_DE\" \/>\n<meta property=\"og:type\" content=\"article\" \/>\n<meta property=\"og:title\" content=\"\u201eOH MY GOETHE!\u201c geht in die vierte Runde I szenik\" \/>\n<meta property=\"og:description\" content=\"\u201eOH MY GOETHE!\u201c setzt sich seit 2018 f\u00fcr eine St\u00e4rkung der deutsch-franz\u00f6sischen Zusammenarbeit im Bereich der Kultur- und Kreativwirtschaft ein.\" \/>\n<meta property=\"og:url\" content=\"https:\/\/www.szenik.eu\/de\/oh-my-goethe-geht-in-die-vierte-runde-41534\" \/>\n<meta property=\"og:site_name\" content=\"szenik\" \/>\n<meta property=\"article:publisher\" content=\"https:\/\/www.facebook.com\/szenik.eu\/\" \/>\n<meta property=\"article:published_time\" content=\"2021-07-15T14:35:29+00:00\" \/>\n<meta property=\"article:modified_time\" content=\"2021-07-15T14:35:32+00:00\" \/>\n<meta property=\"og:image\" content=\"https:\/\/www.szenik.eu\/wp-content\/uploads\/2021\/07\/FB-Post.png\" \/>\n\t<meta property=\"og:image:width\" content=\"940\" \/>\n\t<meta property=\"og:image:height\" content=\"788\" \/>\n\t<meta property=\"og:image:type\" content=\"image\/png\" \/>\n<meta name=\"author\" content=\"szenik\" \/>\n<meta name=\"twitter:card\" content=\"summary_large_image\" \/>\n<meta name=\"twitter:creator\" content=\"@Szenik\" \/>\n<meta name=\"twitter:site\" content=\"@Szenik\" \/>\n<meta name=\"twitter:label1\" content=\"Verfasst von\" \/>\n\t<meta name=\"twitter:data1\" content=\"szenik\" \/>\n\t<meta name=\"twitter:label2\" content=\"Gesch\u00e4tzte Lesezeit\" \/>\n\t<meta name=\"twitter:data2\" content=\"1\u00a0Minute\" \/>\n<script type=\"application\/ld+json\" class=\"yoast-schema-graph\">{\"@context\":\"https:\/\/schema.org\",\"@graph\":[{\"@type\":\"Article\",\"@id\":\"https:\/\/www.szenik.eu\/de\/oh-my-goethe-geht-in-die-vierte-runde-41534#article\",\"isPartOf\":{\"@id\":\"https:\/\/www.szenik.eu\/de\/oh-my-goethe-geht-in-die-vierte-runde-41534\"},\"author\":{\"name\":\"szenik\",\"@id\":\"https:\/\/www.szenik.eu\/de\/#\/schema\/person\/15f73f175b41bad194837490339d48fb\"},\"headline\":\"\u201eOH MY GOETHE!\u201c geht in die vierte Runde\",\"datePublished\":\"2021-07-15T14:35:29+00:00\",\"dateModified\":\"2021-07-15T14:35:32+00:00\",\"mainEntityOfPage\":{\"@id\":\"https:\/\/www.szenik.eu\/de\/oh-my-goethe-geht-in-die-vierte-runde-41534\"},\"wordCount\":247,\"commentCount\":0,\"publisher\":{\"@id\":\"https:\/\/www.szenik.eu\/de\/#organization\"},\"keywords\":[\"Goethe-Institut\",\"Nancy\"],\"articleSection\":[\"Kurz &amp; knackig\"],\"inLanguage\":\"de\",\"potentialAction\":[{\"@type\":\"CommentAction\",\"name\":\"Comment\",\"target\":[\"https:\/\/www.szenik.eu\/de\/oh-my-goethe-geht-in-die-vierte-runde-41534#respond\"]}]},{\"@type\":\"WebPage\",\"@id\":\"https:\/\/www.szenik.eu\/de\/oh-my-goethe-geht-in-die-vierte-runde-41534\",\"url\":\"https:\/\/www.szenik.eu\/de\/oh-my-goethe-geht-in-die-vierte-runde-41534\",\"name\":\"\u201eOH MY GOETHE!\u201c geht in die vierte Runde I szenik\",\"isPartOf\":{\"@id\":\"https:\/\/www.szenik.eu\/de\/#website\"},\"datePublished\":\"2021-07-15T14:35:29+00:00\",\"dateModified\":\"2021-07-15T14:35:32+00:00\",\"description\":\"\u201eOH MY GOETHE!\u201c setzt sich seit 2018 f\u00fcr eine St\u00e4rkung der deutsch-franz\u00f6sischen Zusammenarbeit im Bereich der Kultur- und Kreativwirtschaft ein.\",\"breadcrumb\":{\"@id\":\"https:\/\/www.szenik.eu\/de\/oh-my-goethe-geht-in-die-vierte-runde-41534#breadcrumb\"},\"inLanguage\":\"de\",\"potentialAction\":[{\"@type\":\"ReadAction\",\"target\":[\"https:\/\/www.szenik.eu\/de\/oh-my-goethe-geht-in-die-vierte-runde-41534\"]}]},{\"@type\":\"BreadcrumbList\",\"@id\":\"https:\/\/www.szenik.eu\/de\/oh-my-goethe-geht-in-die-vierte-runde-41534#breadcrumb\",\"itemListElement\":[{\"@type\":\"ListItem\",\"position\":1,\"name\":\"Home\",\"item\":\"https:\/\/www.szenik.eu\/de\"},{\"@type\":\"ListItem\",\"position\":2,\"name\":\"\u201eOH MY GOETHE!\u201c geht in die vierte Runde\"}]},{\"@type\":\"WebSite\",\"@id\":\"https:\/\/www.szenik.eu\/de\/#website\",\"url\":\"https:\/\/www.szenik.eu\/de\/\",\"name\":\"szenik\",\"description\":\"Le Meilleur des sc\u00e8nes au coeur de l&#039;Europe\",\"publisher\":{\"@id\":\"https:\/\/www.szenik.eu\/de\/#organization\"},\"potentialAction\":[{\"@type\":\"SearchAction\",\"target\":{\"@type\":\"EntryPoint\",\"urlTemplate\":\"https:\/\/www.szenik.eu\/de\/?s={search_term_string}\"},\"query-input\":\"required name=search_term_string\"}],\"inLanguage\":\"de\"},{\"@type\":\"Organization\",\"@id\":\"https:\/\/www.szenik.eu\/de\/#organization\",\"name\":\"Szenik\",\"url\":\"https:\/\/www.szenik.eu\/de\/\",\"logo\":{\"@type\":\"ImageObject\",\"inLanguage\":\"de\",\"@id\":\"https:\/\/www.szenik.eu\/de\/#\/schema\/logo\/image\/\",\"url\":\"https:\/\/www.szenik.eu\/wp-content\/uploads\/2019\/07\/logo-square.png\",\"contentUrl\":\"https:\/\/www.szenik.eu\/wp-content\/uploads\/2019\/07\/logo-square.png\",\"width\":512,\"height\":512,\"caption\":\"Szenik\"},\"image\":{\"@id\":\"https:\/\/www.szenik.eu\/de\/#\/schema\/logo\/image\/\"},\"sameAs\":[\"https:\/\/www.facebook.com\/szenik.eu\/\",\"https:\/\/twitter.com\/Szenik\",\"https:\/\/www.instagram.com\/szenik_magazine\/\",\"https:\/\/www.youtube.com\/user\/SzenikEU\/\"]},{\"@type\":\"Person\",\"@id\":\"https:\/\/www.szenik.eu\/de\/#\/schema\/person\/15f73f175b41bad194837490339d48fb\",\"name\":\"szenik\",\"image\":{\"@type\":\"ImageObject\",\"inLanguage\":\"de\",\"@id\":\"https:\/\/www.szenik.eu\/de\/#\/schema\/person\/image\/\",\"url\":\"https:\/\/secure.gravatar.com\/avatar\/d1c4f19522a624a4eaa5e6c03e22370b?s=96&d=mm&r=g\",\"contentUrl\":\"https:\/\/secure.gravatar.com\/avatar\/d1c4f19522a624a4eaa5e6c03e22370b?s=96&d=mm&r=g\",\"caption\":\"szenik\"}}]}<\/script>\n<!-- \/ Yoast SEO plugin. -->","yoast_head_json":{"title":"\u201eOH MY GOETHE!\u201c geht in die vierte Runde I szenik","description":"\u201eOH MY GOETHE!\u201c setzt sich seit 2018 f\u00fcr eine St\u00e4rkung der deutsch-franz\u00f6sischen Zusammenarbeit im Bereich der Kultur- und Kreativwirtschaft ein.","robots":{"index":"index","follow":"follow","max-snippet":"max-snippet:-1","max-image-preview":"max-image-preview:large","max-video-preview":"max-video-preview:-1"},"canonical":"https:\/\/www.szenik.eu\/de\/oh-my-goethe-geht-in-die-vierte-runde-41534","og_locale":"de_DE","og_type":"article","og_title":"\u201eOH MY GOETHE!\u201c geht in die vierte Runde I szenik","og_description":"\u201eOH MY GOETHE!\u201c setzt sich seit 2018 f\u00fcr eine St\u00e4rkung der deutsch-franz\u00f6sischen Zusammenarbeit im Bereich der Kultur- und Kreativwirtschaft ein.","og_url":"https:\/\/www.szenik.eu\/de\/oh-my-goethe-geht-in-die-vierte-runde-41534","og_site_name":"szenik","article_publisher":"https:\/\/www.facebook.com\/szenik.eu\/","article_published_time":"2021-07-15T14:35:29+00:00","article_modified_time":"2021-07-15T14:35:32+00:00","og_image":[{"width":940,"height":788,"url":"https:\/\/www.szenik.eu\/wp-content\/uploads\/2021\/07\/FB-Post.png","type":"image\/png"}],"author":"szenik","twitter_card":"summary_large_image","twitter_creator":"@Szenik","twitter_site":"@Szenik","twitter_misc":{"Verfasst von":"szenik","Gesch\u00e4tzte Lesezeit":"1\u00a0Minute"},"schema":{"@context":"https:\/\/schema.org","@graph":[{"@type":"Article","@id":"https:\/\/www.szenik.eu\/de\/oh-my-goethe-geht-in-die-vierte-runde-41534#article","isPartOf":{"@id":"https:\/\/www.szenik.eu\/de\/oh-my-goethe-geht-in-die-vierte-runde-41534"},"author":{"name":"szenik","@id":"https:\/\/www.szenik.eu\/de\/#\/schema\/person\/15f73f175b41bad194837490339d48fb"},"headline":"\u201eOH MY GOETHE!\u201c geht in die vierte Runde","datePublished":"2021-07-15T14:35:29+00:00","dateModified":"2021-07-15T14:35:32+00:00","mainEntityOfPage":{"@id":"https:\/\/www.szenik.eu\/de\/oh-my-goethe-geht-in-die-vierte-runde-41534"},"wordCount":247,"commentCount":0,"publisher":{"@id":"https:\/\/www.szenik.eu\/de\/#organization"},"keywords":["Goethe-Institut","Nancy"],"articleSection":["Kurz &amp; knackig"],"inLanguage":"de","potentialAction":[{"@type":"CommentAction","name":"Comment","target":["https:\/\/www.szenik.eu\/de\/oh-my-goethe-geht-in-die-vierte-runde-41534#respond"]}]},{"@type":"WebPage","@id":"https:\/\/www.szenik.eu\/de\/oh-my-goethe-geht-in-die-vierte-runde-41534","url":"https:\/\/www.szenik.eu\/de\/oh-my-goethe-geht-in-die-vierte-runde-41534","name":"\u201eOH MY GOETHE!\u201c geht in die vierte Runde I szenik","isPartOf":{"@id":"https:\/\/www.szenik.eu\/de\/#website"},"datePublished":"2021-07-15T14:35:29+00:00","dateModified":"2021-07-15T14:35:32+00:00","description":"\u201eOH MY GOETHE!\u201c setzt sich seit 2018 f\u00fcr eine St\u00e4rkung der deutsch-franz\u00f6sischen Zusammenarbeit im Bereich der Kultur- und Kreativwirtschaft ein.","breadcrumb":{"@id":"https:\/\/www.szenik.eu\/de\/oh-my-goethe-geht-in-die-vierte-runde-41534#breadcrumb"},"inLanguage":"de","potentialAction":[{"@type":"ReadAction","target":["https:\/\/www.szenik.eu\/de\/oh-my-goethe-geht-in-die-vierte-runde-41534"]}]},{"@type":"BreadcrumbList","@id":"https:\/\/www.szenik.eu\/de\/oh-my-goethe-geht-in-die-vierte-runde-41534#breadcrumb","itemListElement":[{"@type":"ListItem","position":1,"name":"Home","item":"https:\/\/www.szenik.eu\/de"},{"@type":"ListItem","position":2,"name":"\u201eOH MY GOETHE!\u201c geht in die vierte Runde"}]},{"@type":"WebSite","@id":"https:\/\/www.szenik.eu\/de\/#website","url":"https:\/\/www.szenik.eu\/de\/","name":"szenik","description":"Le Meilleur des sc\u00e8nes au coeur de l&#039;Europe","publisher":{"@id":"https:\/\/www.szenik.eu\/de\/#organization"},"potentialAction":[{"@type":"SearchAction","target":{"@type":"EntryPoint","urlTemplate":"https:\/\/www.szenik.eu\/de\/?s={search_term_string}"},"query-input":"required name=search_term_string"}],"inLanguage":"de"},{"@type":"Organization","@id":"https:\/\/www.szenik.eu\/de\/#organization","name":"Szenik","url":"https:\/\/www.szenik.eu\/de\/","logo":{"@type":"ImageObject","inLanguage":"de","@id":"https:\/\/www.szenik.eu\/de\/#\/schema\/logo\/image\/","url":"https:\/\/www.szenik.eu\/wp-content\/uploads\/2019\/07\/logo-square.png","contentUrl":"https:\/\/www.szenik.eu\/wp-content\/uploads\/2019\/07\/logo-square.png","width":512,"height":512,"caption":"Szenik"},"image":{"@id":"https:\/\/www.szenik.eu\/de\/#\/schema\/logo\/image\/"},"sameAs":["https:\/\/www.facebook.com\/szenik.eu\/","https:\/\/twitter.com\/Szenik","https:\/\/www.instagram.com\/szenik_magazine\/","https:\/\/www.youtube.com\/user\/SzenikEU\/"]},{"@type":"Person","@id":"https:\/\/www.szenik.eu\/de\/#\/schema\/person\/15f73f175b41bad194837490339d48fb","name":"szenik","image":{"@type":"ImageObject","inLanguage":"de","@id":"https:\/\/www.szenik.eu\/de\/#\/schema\/person\/image\/","url":"https:\/\/secure.gravatar.com\/avatar\/d1c4f19522a624a4eaa5e6c03e22370b?s=96&d=mm&r=g","contentUrl":"https:\/\/secure.gravatar.com\/avatar\/d1c4f19522a624a4eaa5e6c03e22370b?s=96&d=mm&r=g","caption":"szenik"}}]}},"jetpack_featured_media_url":"https:\/\/www.szenik.eu\/wp-content\/uploads\/2021\/07\/FB-Post.png","amp_enabled":true,"_links":{"self":[{"href":"https:\/\/www.szenik.eu\/de\/wp-json\/\/wp\/v2\/posts\/41534"}],"collection":[{"href":"https:\/\/www.szenik.eu\/de\/wp-json\/\/wp\/v2\/posts"}],"about":[{"href":"https:\/\/www.szenik.eu\/de\/wp-json\/\/wp\/v2\/types\/post"}],"author":[{"embeddable":true,"href":"https:\/\/www.szenik.eu\/de\/wp-json\/\/wp\/v2\/users\/1"}],"replies":[{"embeddable":true,"href":"https:\/\/www.szenik.eu\/de\/wp-json\/\/wp\/v2\/comments?post=41534"}],"version-history":[{"count":2,"href":"https:\/\/www.szenik.eu\/de\/wp-json\/\/wp\/v2\/posts\/41534\/revisions"}],"predecessor-version":[{"id":41540,"href":"https:\/\/www.szenik.eu\/de\/wp-json\/\/wp\/v2\/posts\/41534\/revisions\/41540"}],"wp:featuredmedia":[{"embeddable":true,"href":"https:\/\/www.szenik.eu\/de\/wp-json\/\/wp\/v2\/media\/41535"}],"wp:attachment":[{"href":"https:\/\/www.szenik.eu\/de\/wp-json\/\/wp\/v2\/media?parent=41534"}],"wp:term":[{"taxonomy":"category","embeddable":true,"href":"https:\/\/www.szenik.eu\/de\/wp-json\/\/wp\/v2\/categories?post=41534"},{"taxonomy":"post_tag","embeddable":true,"href":"https:\/\/www.szenik.eu\/de\/wp-json\/\/wp\/v2\/tags?post=41534"}],"curies":[{"name":"wp","href":"https:\/\/api.w.org\/{rel}","templated":true}]}}