{"id":40489,"date":"2021-06-14T13:49:36","date_gmt":"2021-06-14T11:49:36","guid":{"rendered":"https:\/\/www.szenik.eu\/?p=40489\/"},"modified":"2021-06-14T13:49:41","modified_gmt":"2021-06-14T11:49:41","slug":"toujours-kultur-open-air-festival-auf-dem-alten-schlachthof-karlsruhe-17-juni-bis-19-september-2021","status":"publish","type":"post","link":"https:\/\/www.szenik.eu\/de\/toujours-kultur-open-air-festival-auf-dem-alten-schlachthof-karlsruhe-17-juni-bis-19-september-2021-40489","title":{"rendered":"&#8222;Toujours Kultur&#8220;, Open Air Festival auf dem Alten Schlachthof Karlsruhe 17. Juni bis 19. September 2021"},"content":{"rendered":"\n<h2>Das Programm von Toujours Kultur umfasst Konzerte regionaler und \u00fcberregionaler&nbsp;K\u00fcnstler*innen s\u00e4mtlicher Genres, Impro- und Stra\u00dfentheater, Kleinkunst, Poetry und Science Slam, StandUp Comedy, inklusive Theaterworkshops,&nbsp;Tanz, Performance, Stummfilm mit Livemusik und Ausstellungen.<\/h2>\n\n\n\n<div style=\"height:100px\" aria-hidden=\"true\" class=\"wp-block-spacer\"><\/div>\n\n\n\n<p><em>Medienmitteilung<\/em><\/p>\n\n\n\n<div style=\"height:100px\" aria-hidden=\"true\" class=\"wp-block-spacer\"><\/div>\n\n\n\n<p><strong>Toujours Kultur<\/strong>&nbsp;hei\u00dft das Open Air, das wir im Verbund der Kulturringmitglieder 2021 zum zweiten Mal auf die Beine stellen &#8211; m\u00fcssen. M\u00fcssen, denn auch bald eineinhalb Jahre nach Ausbruch der Pandemie, ist insbesondere f\u00fcr die Kulturlandschaft immer noch nichts wieder auf &#8222;normal&#8220;. Gerade liegt eine mehr als sieben Monate dauernde D\u00fcrrephase hinter uns, in der jede Veranstaltung mit Publikum ausgeschlossen war. Aber auch heute noch liegt jedes unbestuhlte Konzert mit einem dichtgedr\u00e4ngten Publikum, das sich beseelt tanzend dem Groove hingibt und Lieblingsstrophen stimmstark unterst\u00fctzt, noch in unabsehbarer Ferne. <\/p>\n\n\n\n<p>Auch heute noch ist f\u00fcr viele frei schaffende K\u00fcnstlerinnen und K\u00fcnstler, und ebenso die in der Veranstaltungstechnik und Kulturbranche arbeitenden Freiberufler*innen die Existenz weitgehend ungesichert. So ist die Zweitauflage von <strong>Toujours Kultur 2021<\/strong> f\u00fcr uns eine Verpflichtung, um zu zeigen, dass es uns noch gibt, und dass es die vielen K\u00fcnstlerinnen und K\u00fcnstler noch gibt, deren Pr\u00e4senz wir \u00fcber viele Monate so sehr vermissten.&nbsp;<\/p>\n\n\n\n<div style=\"height:42px\" aria-hidden=\"true\" class=\"wp-block-spacer\"><\/div>\n\n\n\n<figure class=\"wp-block-image size-large\"><img decoding=\"async\" loading=\"lazy\" width=\"1024\" height=\"683\" src=\"https:\/\/www.szenik.eu\/wp-content\/uploads\/2021\/06\/20210801_no_name__das_muxical_-_simon_wachter-1024x683.jpg\" alt=\"\" class=\"wp-image-40490\" srcset=\"https:\/\/www.szenik.eu\/wp-content\/uploads\/2021\/06\/20210801_no_name__das_muxical_-_simon_wachter-1024x683.jpg 1024w, https:\/\/www.szenik.eu\/wp-content\/uploads\/2021\/06\/20210801_no_name__das_muxical_-_simon_wachter-300x200.jpg 300w, https:\/\/www.szenik.eu\/wp-content\/uploads\/2021\/06\/20210801_no_name__das_muxical_-_simon_wachter-768x512.jpg 768w, https:\/\/www.szenik.eu\/wp-content\/uploads\/2021\/06\/20210801_no_name__das_muxical_-_simon_wachter-750x500.jpg 750w, https:\/\/www.szenik.eu\/wp-content\/uploads\/2021\/06\/20210801_no_name__das_muxical_-_simon_wachter-1140x761.jpg 1140w, https:\/\/www.szenik.eu\/wp-content\/uploads\/2021\/06\/20210801_no_name__das_muxical_-_simon_wachter.jpg 1280w\" sizes=\"(max-width: 1024px) 100vw, 1024px\" \/><figcaption>no name das muxica I Simon Wachter<\/figcaption><\/figure>\n\n\n\n<div style=\"height:50px\" aria-hidden=\"true\" class=\"wp-block-spacer\"><\/div>\n\n\n\n<p>Doch ist uns&nbsp;Toujours Kultur&nbsp;nicht nur Pflicht, sondern in aller erster Linie auch ein gro\u00dfes Vergn\u00fcgen. Es ist eine Freude, dass wir bei allen zu beachtenden Regeln wieder das d\u00fcrfen, wof\u00fcr wir angetreten sind. Das zu tun, was wir am besten k\u00f6nnen und wof\u00fcr wir brennen &#8211; Veranstaltungen zu pr\u00e4sentieren. Corona hat uns, die Kulturringmitglieder, zusammengeschwei\u00dft. Nie zuvor haben wir uns so oft getroffen, wie in den vergangenen Monaten, und sei es nur \u00fcber Zoom. <\/p>\n\n\n\n<p>Wir haben miteinander um Formulierungen gerungen, haben uns mit Politikerinnen und Politikern auseinandergesetzt, gemeinsam gek\u00e4mpft, Stellung bezogen und uns gegenseitig unterst\u00fctzt. Dass wir nicht abgetaucht sind und in Corona-Schlaf verfielen, hat uns auch einige Anerkennung verschafft, die sich nun auch in viel Unterst\u00fctzung f\u00fcr Toujours Kultur niederschl\u00e4gt. So ist unser interdisziplin\u00e4res Open-Air-Festival, das f\u00fcr jeden Geschmack etwas bereit halten sollte, gegen\u00fcber dem Vorjahr noch deutlich gewachsen. <\/p>\n\n\n\n<p>Es geht es einen Monat l\u00e4nger und hat mit dem Alten Stadion auf dem KIT-Campus S\u00fcd eine zweite Spielst\u00e4tte dazu gewonnen. Aber auch auf dem Alten Schlachthof gibt es nun mit der Fleischmarkthalle einen weiteren Ort, der Kunstausstellungen und performative Aktionen, aber auch zeitgen\u00f6ssischen Zirkus und Workshops beherbergen wird.<\/p>\n\n\n\n<div style=\"height:43px\" aria-hidden=\"true\" class=\"wp-block-spacer\"><\/div>\n\n\n\n<figure class=\"wp-block-image size-large\"><img decoding=\"async\" loading=\"lazy\" width=\"1024\" height=\"681\" src=\"https:\/\/www.szenik.eu\/wp-content\/uploads\/2021\/06\/20210814_ersatzkopf_cred_julia_baier-1024x681.jpg\" alt=\"\" class=\"wp-image-40492\" srcset=\"https:\/\/www.szenik.eu\/wp-content\/uploads\/2021\/06\/20210814_ersatzkopf_cred_julia_baier-1024x681.jpg 1024w, https:\/\/www.szenik.eu\/wp-content\/uploads\/2021\/06\/20210814_ersatzkopf_cred_julia_baier-300x200.jpg 300w, https:\/\/www.szenik.eu\/wp-content\/uploads\/2021\/06\/20210814_ersatzkopf_cred_julia_baier-768x511.jpg 768w, https:\/\/www.szenik.eu\/wp-content\/uploads\/2021\/06\/20210814_ersatzkopf_cred_julia_baier-1536x1022.jpg 1536w, https:\/\/www.szenik.eu\/wp-content\/uploads\/2021\/06\/20210814_ersatzkopf_cred_julia_baier-750x499.jpg 750w, https:\/\/www.szenik.eu\/wp-content\/uploads\/2021\/06\/20210814_ersatzkopf_cred_julia_baier-1140x758.jpg 1140w, https:\/\/www.szenik.eu\/wp-content\/uploads\/2021\/06\/20210814_ersatzkopf_cred_julia_baier.jpg 2048w\" sizes=\"(max-width: 1024px) 100vw, 1024px\" \/><figcaption>Ersatzkopf I Julia Baier<\/figcaption><\/figure>\n\n\n\n<div style=\"height:47px\" aria-hidden=\"true\" class=\"wp-block-spacer\"><\/div>\n\n\n\n<p>Toujours Kultur im Alten Stadion&nbsp;startet <strong>am 9. Juli <\/strong>unter dem Titel &#8222;<strong>Kino Campus Expanded<\/strong>&#8222;. Hier erwartet uns dann ein vielseitiges Programm aus Film, Theater, Konzert, DJs und Performance.. Alle Infos gibt es tagesaktuell unter www.toujours-kultur.de.&nbsp;<\/p>\n\n\n\n<p>Der Kulturring Karlsruhe e.V. ist ein sparten\u00fcbergreifender Zusammenschluss Karlsruher Kultureinrichtungen in freier Tr\u00e4gerschaft. Mit dem<strong> <a rel=\"noreferrer noopener\" aria-label=\"Jazzclub (opens in a new tab)\" href=\"https:\/\/www.jazzclub.de\" target=\"_blank\">Jazzclub<\/a>, <a rel=\"noreferrer noopener\" aria-label=\"Jubez (opens in a new tab)\" href=\"https:\/\/jubez.de\" target=\"_blank\">Jubez<\/a>, <a rel=\"noreferrer noopener\" aria-label=\"Substage (opens in a new tab)\" href=\"https:\/\/substage.de\" target=\"_blank\">Substage<\/a>,<\/strong> der <strong><a rel=\"noreferrer noopener\" aria-label=\"Kinemathek (opens in a new tab)\" href=\"https:\/\/kinemathek-karlsruhe.de\" target=\"_blank\">Kinemathek<\/a><\/strong>, dem <a rel=\"noreferrer noopener\" aria-label=\"Dokumentarfilmfestival dokka (opens in a new tab)\" href=\"https:\/\/dokka.de\" target=\"_blank\">Dokumentarfilmfestival<strong> dokka<\/strong><\/a> und dem <a rel=\"noreferrer noopener\" aria-label=\"D\u00e9j\u00e0 Vu Stummfilm-Festival, (opens in a new tab)\" href=\"https:\/\/stummfilmfestival-karlsruhe.de\/about-us\/deja-vu-film-e-v\/?lang=en\" target=\"_blank\"><strong>D\u00e9j\u00e0 Vu Stummfilm-Festival<\/strong>,<\/a> der <strong><a rel=\"noreferrer noopener\" aria-label=\"Alten Hackerei (SAU e.V.) (opens in a new tab)\" href=\"https:\/\/www.sau-ev.de\" target=\"_blank\">Alten Hackerei (SAU e.V.)<\/a><\/strong>, dem <strong><a rel=\"noreferrer noopener\" aria-label=\"KOHI Kulturraum (opens in a new tab)\" href=\"https:\/\/kohi.de\" target=\"_blank\">KOHI Kulturraum<\/a>, <a rel=\"noreferrer noopener\" aria-label=\"Kulturhaus Mikado (opens in a new tab)\" href=\"https:\/\/mikadokultur.de\/startseite.html\" target=\"_blank\">Kulturhaus Mikado<\/a><\/strong>, <strong><a rel=\"noreferrer noopener\" aria-label=\"Nun Kulturraum (opens in a new tab)\" href=\"https:\/\/www.nun.cafe\" target=\"_blank\">Nun Kulturraum<\/a>, <a rel=\"noreferrer noopener\" aria-label=\"die Ansto\u00df&nbsp;e.V. (opens in a new tab)\" href=\"https:\/\/dieanstoss.de\/neu\" target=\"_blank\">die Ansto\u00df&nbsp;e.V.<\/a><\/strong>, dem <a rel=\"noreferrer noopener\" aria-label=\"Studentischen Kulturzentrum am KIT  (opens in a new tab)\" href=\"https:\/\/www.studentisches-kulturzentrum-am-kit.de\" target=\"_blank\"><strong>Studentischen Kulturzentrum am KIT<\/strong> <\/a>sowie den Kulturzentren <strong><a rel=\"noreferrer noopener\" aria-label=\"P8 (opens in a new tab)\" href=\"https:\/\/www.p-acht.org\" target=\"_blank\">P8<\/a>, <a rel=\"noreferrer noopener\" aria-label=\"Tempel  (opens in a new tab)\" href=\"http:\/\/www.kulturverein-tempel.de\" target=\"_blank\">Tempel <\/a><\/strong>und<a rel=\"noreferrer noopener\" aria-label=\" Tollhaus (opens in a new tab)\" href=\"https:\/\/www.tollhaus.de\" target=\"_blank\"> <strong>Tollhaus<\/strong><\/a> sowie dem kulturp\u00e4dagogischen Werkraum bestreiten 16 Karlsruher Kultureinrichtungen das vollgepackte Programm von &#8222;Toujours Kultur&#8220;.&nbsp;<\/p>\n\n\n\n<div style=\"height:50px\" aria-hidden=\"true\" class=\"wp-block-spacer\"><\/div>\n\n\n\n<figure class=\"wp-block-image size-large\"><img decoding=\"async\" loading=\"lazy\" width=\"1024\" height=\"687\" src=\"https:\/\/www.szenik.eu\/wp-content\/uploads\/2021\/06\/20210624_letters_of_vakara-1024x687.jpg\" alt=\"\" class=\"wp-image-40494\" srcset=\"https:\/\/www.szenik.eu\/wp-content\/uploads\/2021\/06\/20210624_letters_of_vakara-1024x687.jpg 1024w, https:\/\/www.szenik.eu\/wp-content\/uploads\/2021\/06\/20210624_letters_of_vakara-300x201.jpg 300w, https:\/\/www.szenik.eu\/wp-content\/uploads\/2021\/06\/20210624_letters_of_vakara-768x515.jpg 768w, https:\/\/www.szenik.eu\/wp-content\/uploads\/2021\/06\/20210624_letters_of_vakara-1536x1030.jpg 1536w, https:\/\/www.szenik.eu\/wp-content\/uploads\/2021\/06\/20210624_letters_of_vakara-2048x1373.jpg 2048w, https:\/\/www.szenik.eu\/wp-content\/uploads\/2021\/06\/20210624_letters_of_vakara-750x503.jpg 750w, https:\/\/www.szenik.eu\/wp-content\/uploads\/2021\/06\/20210624_letters_of_vakara-1140x764.jpg 1140w\" sizes=\"(max-width: 1024px) 100vw, 1024px\" \/><figcaption>Letters of Vakara<\/figcaption><\/figure>\n\n\n\n<div style=\"height:43px\" aria-hidden=\"true\" class=\"wp-block-spacer\"><\/div>\n\n\n\n<p><em>Toujours Kultur!&nbsp;wird gef\u00f6rdert vom Programm Neustart Kultur, der Initiative Musik und der Beauftragten der Bundesregierung f\u00fcr Kultur und Medien, dem Programm Neustart Kultur f\u00fcr kulturelle und soziokzlturelle Zusammenarbeit, dem Programm &#8222;Kunst trotz Abstand&#8220; des Ministeriums&nbsp;f\u00fcr Wissenschaft, Forschung und Kunst Baden-W\u00fcrttemberg, der Stadt Karlsruhe und der Karlsruher F\u00e4cher GmbH.<\/em><\/p>\n\n\n\n<p><em>Mit freundlicher Unterst\u00fctzung der Karlsruher Marketing und Event GmbH, von Megaforce, Daten &amp; Druck Dannenmeier, Hoepfner, dm, Fritz Cola sowie dem Giraud Leistungszentrum.<\/em><\/p>\n\n\n\n<div style=\"height:100px\" aria-hidden=\"true\" class=\"wp-block-spacer\"><\/div>\n\n\n\n<div class=\"wp-block-button aligncenter\"><a class=\"wp-block-button__link has-text-color has-very-dark-gray-color has-background has-luminous-vivid-amber-background-color\" href=\"https:\/\/www.toujours-kultur.de\" target=\"_blank\" rel=\"noreferrer noopener\">Zur Website von Toujours Kultur<\/a><\/div>\n\n\n\n<div style=\"height:100px\" aria-hidden=\"true\" class=\"wp-block-spacer\"><\/div>\n\n\n\n<p class=\"has-small-font-size\">Foto: baumann_henderson_how_things_go<\/p>\n\n\n\n<div style=\"height:100px\" aria-hidden=\"true\" class=\"wp-block-spacer\"><\/div>\n","protected":false},"excerpt":{"rendered":"<p>Das Programm von Toujours Kultur umfasst Konzerte regionaler und \u00fcberregionaler&nbsp;K\u00fcnstler*innen s\u00e4mtlicher Genres, Impro- und Stra\u00dfentheater, Kleinkunst, Poetry und Science Slam, StandUp Comedy, inklusive Theaterworkshops,&nbsp;Tanz, Performance, Stummfilm mit Livemusik und Ausstellungen. Medienmitteilung Toujours Kultur&nbsp;hei\u00dft das Open Air, das wir im Verbund der Kulturringmitglieder 2021 zum zweiten Mal auf die Beine stellen &#8211; m\u00fcssen. M\u00fcssen, denn auch [&hellip;]<\/p>\n","protected":false},"author":1,"featured_media":40496,"comment_status":"open","ping_status":"open","sticky":false,"template":"","format":"standard","meta":{"_monsterinsights_skip_tracking":false,"_monsterinsights_sitenote_active":false,"_monsterinsights_sitenote_note":"","_monsterinsights_sitenote_category":0},"categories":[2815],"tags":[12162,12166,12161,12160,10105,12157,2224,12159,12163,10679,12164,12165,12168,12167,7065,2194],"yoast_head":"<!-- This site is optimized with the Yoast SEO plugin v20.5 - https:\/\/yoast.com\/wordpress\/plugins\/seo\/ -->\n<title>&quot;Toujours Kultur&quot; vom 17.06 - 19.09 in Karlsruhe I szenik<\/title>\n<meta name=\"description\" content=\"Das Programm von Toujours Kultur umfasst Konzerte regionaler und \u00fcberregionaler K\u00fcnstler*innen s\u00e4mtlicher Genres, Impro- und Stra\u00dfentheater...\" \/>\n<meta name=\"robots\" content=\"index, follow, max-snippet:-1, max-image-preview:large, max-video-preview:-1\" \/>\n<link rel=\"canonical\" href=\"https:\/\/www.szenik.eu\/de\/toujours-kultur-open-air-festival-auf-dem-alten-schlachthof-karlsruhe-17-juni-bis-19-september-2021-40489\" \/>\n<meta property=\"og:locale\" content=\"de_DE\" \/>\n<meta property=\"og:type\" content=\"article\" \/>\n<meta property=\"og:title\" content=\"&quot;Toujours Kultur&quot; vom 17.06 - 19.09 in Karlsruhe I szenik\" \/>\n<meta property=\"og:description\" content=\"Das Programm von Toujours Kultur umfasst Konzerte regionaler und \u00fcberregionaler K\u00fcnstler*innen s\u00e4mtlicher Genres, Impro- und Stra\u00dfentheater...\" \/>\n<meta property=\"og:url\" content=\"https:\/\/www.szenik.eu\/de\/toujours-kultur-open-air-festival-auf-dem-alten-schlachthof-karlsruhe-17-juni-bis-19-september-2021-40489\" \/>\n<meta property=\"og:site_name\" content=\"szenik\" \/>\n<meta property=\"article:publisher\" content=\"https:\/\/www.facebook.com\/szenik.eu\/\" \/>\n<meta property=\"article:published_time\" content=\"2021-06-14T11:49:36+00:00\" \/>\n<meta property=\"article:modified_time\" content=\"2021-06-14T11:49:41+00:00\" \/>\n<meta property=\"og:image\" content=\"https:\/\/www.szenik.eu\/wp-content\/uploads\/2021\/06\/20210717_baumann_henderson_how_things_go_1-scaled.jpg\" \/>\n\t<meta property=\"og:image:width\" content=\"2560\" \/>\n\t<meta property=\"og:image:height\" content=\"1706\" \/>\n\t<meta property=\"og:image:type\" content=\"image\/jpeg\" \/>\n<meta name=\"author\" content=\"szenik\" \/>\n<meta name=\"twitter:card\" content=\"summary_large_image\" \/>\n<meta name=\"twitter:creator\" content=\"@Szenik\" \/>\n<meta name=\"twitter:site\" content=\"@Szenik\" \/>\n<meta name=\"twitter:label1\" content=\"Verfasst von\" \/>\n\t<meta name=\"twitter:data1\" content=\"szenik\" \/>\n\t<meta name=\"twitter:label2\" content=\"Gesch\u00e4tzte Lesezeit\" \/>\n\t<meta name=\"twitter:data2\" content=\"3\u00a0Minuten\" \/>\n<script type=\"application\/ld+json\" class=\"yoast-schema-graph\">{\"@context\":\"https:\/\/schema.org\",\"@graph\":[{\"@type\":\"Article\",\"@id\":\"https:\/\/www.szenik.eu\/de\/toujours-kultur-open-air-festival-auf-dem-alten-schlachthof-karlsruhe-17-juni-bis-19-september-2021-40489#article\",\"isPartOf\":{\"@id\":\"https:\/\/www.szenik.eu\/de\/toujours-kultur-open-air-festival-auf-dem-alten-schlachthof-karlsruhe-17-juni-bis-19-september-2021-40489\"},\"author\":{\"name\":\"szenik\",\"@id\":\"https:\/\/www.szenik.eu\/de\/#\/schema\/person\/15f73f175b41bad194837490339d48fb\"},\"headline\":\"&#8222;Toujours Kultur&#8220;, Open Air Festival auf dem Alten Schlachthof Karlsruhe 17. Juni bis 19. September 2021\",\"datePublished\":\"2021-06-14T11:49:36+00:00\",\"dateModified\":\"2021-06-14T11:49:41+00:00\",\"mainEntityOfPage\":{\"@id\":\"https:\/\/www.szenik.eu\/de\/toujours-kultur-open-air-festival-auf-dem-alten-schlachthof-karlsruhe-17-juni-bis-19-september-2021-40489\"},\"wordCount\":656,\"commentCount\":0,\"publisher\":{\"@id\":\"https:\/\/www.szenik.eu\/de\/#organization\"},\"keywords\":[\"Alte Hackerei\",\"Ansto\u00df e.V.\",\"D\u00e9j\u00e0 Vu Stimmfilm-Festival\",\"dokka\",\"Jazzclub\",\"Jubez\",\"Karlsruhe\",\"Kinemathek\",\"KOHI\",\"Kulturzentrum Tempel\",\"Mikado\",\"Nun Kulturraum\",\"P8\",\"Studentisches Kulturzentrum am KIT\",\"Substage\",\"Tollhaus\"],\"articleSection\":[\"Kurz &amp; knackig\"],\"inLanguage\":\"de\",\"potentialAction\":[{\"@type\":\"CommentAction\",\"name\":\"Comment\",\"target\":[\"https:\/\/www.szenik.eu\/de\/toujours-kultur-open-air-festival-auf-dem-alten-schlachthof-karlsruhe-17-juni-bis-19-september-2021-40489#respond\"]}]},{\"@type\":\"WebPage\",\"@id\":\"https:\/\/www.szenik.eu\/de\/toujours-kultur-open-air-festival-auf-dem-alten-schlachthof-karlsruhe-17-juni-bis-19-september-2021-40489\",\"url\":\"https:\/\/www.szenik.eu\/de\/toujours-kultur-open-air-festival-auf-dem-alten-schlachthof-karlsruhe-17-juni-bis-19-september-2021-40489\",\"name\":\"\\\"Toujours Kultur\\\" vom 17.06 - 19.09 in Karlsruhe I szenik\",\"isPartOf\":{\"@id\":\"https:\/\/www.szenik.eu\/de\/#website\"},\"datePublished\":\"2021-06-14T11:49:36+00:00\",\"dateModified\":\"2021-06-14T11:49:41+00:00\",\"description\":\"Das Programm von Toujours Kultur umfasst Konzerte regionaler und \u00fcberregionaler K\u00fcnstler*innen s\u00e4mtlicher Genres, Impro- und Stra\u00dfentheater...\",\"breadcrumb\":{\"@id\":\"https:\/\/www.szenik.eu\/de\/toujours-kultur-open-air-festival-auf-dem-alten-schlachthof-karlsruhe-17-juni-bis-19-september-2021-40489#breadcrumb\"},\"inLanguage\":\"de\",\"potentialAction\":[{\"@type\":\"ReadAction\",\"target\":[\"https:\/\/www.szenik.eu\/de\/toujours-kultur-open-air-festival-auf-dem-alten-schlachthof-karlsruhe-17-juni-bis-19-september-2021-40489\"]}]},{\"@type\":\"BreadcrumbList\",\"@id\":\"https:\/\/www.szenik.eu\/de\/toujours-kultur-open-air-festival-auf-dem-alten-schlachthof-karlsruhe-17-juni-bis-19-september-2021-40489#breadcrumb\",\"itemListElement\":[{\"@type\":\"ListItem\",\"position\":1,\"name\":\"Home\",\"item\":\"https:\/\/www.szenik.eu\/de\"},{\"@type\":\"ListItem\",\"position\":2,\"name\":\"&#8222;Toujours Kultur&#8220;, Open Air Festival auf dem Alten Schlachthof Karlsruhe 17. Juni bis 19. September 2021\"}]},{\"@type\":\"WebSite\",\"@id\":\"https:\/\/www.szenik.eu\/de\/#website\",\"url\":\"https:\/\/www.szenik.eu\/de\/\",\"name\":\"szenik\",\"description\":\"Le Meilleur des sc\u00e8nes au coeur de l&#039;Europe\",\"publisher\":{\"@id\":\"https:\/\/www.szenik.eu\/de\/#organization\"},\"potentialAction\":[{\"@type\":\"SearchAction\",\"target\":{\"@type\":\"EntryPoint\",\"urlTemplate\":\"https:\/\/www.szenik.eu\/de\/?s={search_term_string}\"},\"query-input\":\"required name=search_term_string\"}],\"inLanguage\":\"de\"},{\"@type\":\"Organization\",\"@id\":\"https:\/\/www.szenik.eu\/de\/#organization\",\"name\":\"Szenik\",\"url\":\"https:\/\/www.szenik.eu\/de\/\",\"logo\":{\"@type\":\"ImageObject\",\"inLanguage\":\"de\",\"@id\":\"https:\/\/www.szenik.eu\/de\/#\/schema\/logo\/image\/\",\"url\":\"https:\/\/www.szenik.eu\/wp-content\/uploads\/2019\/07\/logo-square.png\",\"contentUrl\":\"https:\/\/www.szenik.eu\/wp-content\/uploads\/2019\/07\/logo-square.png\",\"width\":512,\"height\":512,\"caption\":\"Szenik\"},\"image\":{\"@id\":\"https:\/\/www.szenik.eu\/de\/#\/schema\/logo\/image\/\"},\"sameAs\":[\"https:\/\/www.facebook.com\/szenik.eu\/\",\"https:\/\/twitter.com\/Szenik\",\"https:\/\/www.instagram.com\/szenik_magazine\/\",\"https:\/\/www.youtube.com\/user\/SzenikEU\/\"]},{\"@type\":\"Person\",\"@id\":\"https:\/\/www.szenik.eu\/de\/#\/schema\/person\/15f73f175b41bad194837490339d48fb\",\"name\":\"szenik\",\"image\":{\"@type\":\"ImageObject\",\"inLanguage\":\"de\",\"@id\":\"https:\/\/www.szenik.eu\/de\/#\/schema\/person\/image\/\",\"url\":\"https:\/\/secure.gravatar.com\/avatar\/d1c4f19522a624a4eaa5e6c03e22370b?s=96&d=mm&r=g\",\"contentUrl\":\"https:\/\/secure.gravatar.com\/avatar\/d1c4f19522a624a4eaa5e6c03e22370b?s=96&d=mm&r=g\",\"caption\":\"szenik\"}}]}<\/script>\n<!-- \/ Yoast SEO plugin. -->","yoast_head_json":{"title":"\"Toujours Kultur\" vom 17.06 - 19.09 in Karlsruhe I szenik","description":"Das Programm von Toujours Kultur umfasst Konzerte regionaler und \u00fcberregionaler K\u00fcnstler*innen s\u00e4mtlicher Genres, Impro- und Stra\u00dfentheater...","robots":{"index":"index","follow":"follow","max-snippet":"max-snippet:-1","max-image-preview":"max-image-preview:large","max-video-preview":"max-video-preview:-1"},"canonical":"https:\/\/www.szenik.eu\/de\/toujours-kultur-open-air-festival-auf-dem-alten-schlachthof-karlsruhe-17-juni-bis-19-september-2021-40489","og_locale":"de_DE","og_type":"article","og_title":"\"Toujours Kultur\" vom 17.06 - 19.09 in Karlsruhe I szenik","og_description":"Das Programm von Toujours Kultur umfasst Konzerte regionaler und \u00fcberregionaler K\u00fcnstler*innen s\u00e4mtlicher Genres, Impro- und Stra\u00dfentheater...","og_url":"https:\/\/www.szenik.eu\/de\/toujours-kultur-open-air-festival-auf-dem-alten-schlachthof-karlsruhe-17-juni-bis-19-september-2021-40489","og_site_name":"szenik","article_publisher":"https:\/\/www.facebook.com\/szenik.eu\/","article_published_time":"2021-06-14T11:49:36+00:00","article_modified_time":"2021-06-14T11:49:41+00:00","og_image":[{"width":2560,"height":1706,"url":"https:\/\/www.szenik.eu\/wp-content\/uploads\/2021\/06\/20210717_baumann_henderson_how_things_go_1-scaled.jpg","type":"image\/jpeg"}],"author":"szenik","twitter_card":"summary_large_image","twitter_creator":"@Szenik","twitter_site":"@Szenik","twitter_misc":{"Verfasst von":"szenik","Gesch\u00e4tzte Lesezeit":"3\u00a0Minuten"},"schema":{"@context":"https:\/\/schema.org","@graph":[{"@type":"Article","@id":"https:\/\/www.szenik.eu\/de\/toujours-kultur-open-air-festival-auf-dem-alten-schlachthof-karlsruhe-17-juni-bis-19-september-2021-40489#article","isPartOf":{"@id":"https:\/\/www.szenik.eu\/de\/toujours-kultur-open-air-festival-auf-dem-alten-schlachthof-karlsruhe-17-juni-bis-19-september-2021-40489"},"author":{"name":"szenik","@id":"https:\/\/www.szenik.eu\/de\/#\/schema\/person\/15f73f175b41bad194837490339d48fb"},"headline":"&#8222;Toujours Kultur&#8220;, Open Air Festival auf dem Alten Schlachthof Karlsruhe 17. Juni bis 19. September 2021","datePublished":"2021-06-14T11:49:36+00:00","dateModified":"2021-06-14T11:49:41+00:00","mainEntityOfPage":{"@id":"https:\/\/www.szenik.eu\/de\/toujours-kultur-open-air-festival-auf-dem-alten-schlachthof-karlsruhe-17-juni-bis-19-september-2021-40489"},"wordCount":656,"commentCount":0,"publisher":{"@id":"https:\/\/www.szenik.eu\/de\/#organization"},"keywords":["Alte Hackerei","Ansto\u00df e.V.","D\u00e9j\u00e0 Vu Stimmfilm-Festival","dokka","Jazzclub","Jubez","Karlsruhe","Kinemathek","KOHI","Kulturzentrum Tempel","Mikado","Nun Kulturraum","P8","Studentisches Kulturzentrum am KIT","Substage","Tollhaus"],"articleSection":["Kurz &amp; knackig"],"inLanguage":"de","potentialAction":[{"@type":"CommentAction","name":"Comment","target":["https:\/\/www.szenik.eu\/de\/toujours-kultur-open-air-festival-auf-dem-alten-schlachthof-karlsruhe-17-juni-bis-19-september-2021-40489#respond"]}]},{"@type":"WebPage","@id":"https:\/\/www.szenik.eu\/de\/toujours-kultur-open-air-festival-auf-dem-alten-schlachthof-karlsruhe-17-juni-bis-19-september-2021-40489","url":"https:\/\/www.szenik.eu\/de\/toujours-kultur-open-air-festival-auf-dem-alten-schlachthof-karlsruhe-17-juni-bis-19-september-2021-40489","name":"\"Toujours Kultur\" vom 17.06 - 19.09 in Karlsruhe I szenik","isPartOf":{"@id":"https:\/\/www.szenik.eu\/de\/#website"},"datePublished":"2021-06-14T11:49:36+00:00","dateModified":"2021-06-14T11:49:41+00:00","description":"Das Programm von Toujours Kultur umfasst Konzerte regionaler und \u00fcberregionaler K\u00fcnstler*innen s\u00e4mtlicher Genres, Impro- und Stra\u00dfentheater...","breadcrumb":{"@id":"https:\/\/www.szenik.eu\/de\/toujours-kultur-open-air-festival-auf-dem-alten-schlachthof-karlsruhe-17-juni-bis-19-september-2021-40489#breadcrumb"},"inLanguage":"de","potentialAction":[{"@type":"ReadAction","target":["https:\/\/www.szenik.eu\/de\/toujours-kultur-open-air-festival-auf-dem-alten-schlachthof-karlsruhe-17-juni-bis-19-september-2021-40489"]}]},{"@type":"BreadcrumbList","@id":"https:\/\/www.szenik.eu\/de\/toujours-kultur-open-air-festival-auf-dem-alten-schlachthof-karlsruhe-17-juni-bis-19-september-2021-40489#breadcrumb","itemListElement":[{"@type":"ListItem","position":1,"name":"Home","item":"https:\/\/www.szenik.eu\/de"},{"@type":"ListItem","position":2,"name":"&#8222;Toujours Kultur&#8220;, Open Air Festival auf dem Alten Schlachthof Karlsruhe 17. Juni bis 19. September 2021"}]},{"@type":"WebSite","@id":"https:\/\/www.szenik.eu\/de\/#website","url":"https:\/\/www.szenik.eu\/de\/","name":"szenik","description":"Le Meilleur des sc\u00e8nes au coeur de l&#039;Europe","publisher":{"@id":"https:\/\/www.szenik.eu\/de\/#organization"},"potentialAction":[{"@type":"SearchAction","target":{"@type":"EntryPoint","urlTemplate":"https:\/\/www.szenik.eu\/de\/?s={search_term_string}"},"query-input":"required name=search_term_string"}],"inLanguage":"de"},{"@type":"Organization","@id":"https:\/\/www.szenik.eu\/de\/#organization","name":"Szenik","url":"https:\/\/www.szenik.eu\/de\/","logo":{"@type":"ImageObject","inLanguage":"de","@id":"https:\/\/www.szenik.eu\/de\/#\/schema\/logo\/image\/","url":"https:\/\/www.szenik.eu\/wp-content\/uploads\/2019\/07\/logo-square.png","contentUrl":"https:\/\/www.szenik.eu\/wp-content\/uploads\/2019\/07\/logo-square.png","width":512,"height":512,"caption":"Szenik"},"image":{"@id":"https:\/\/www.szenik.eu\/de\/#\/schema\/logo\/image\/"},"sameAs":["https:\/\/www.facebook.com\/szenik.eu\/","https:\/\/twitter.com\/Szenik","https:\/\/www.instagram.com\/szenik_magazine\/","https:\/\/www.youtube.com\/user\/SzenikEU\/"]},{"@type":"Person","@id":"https:\/\/www.szenik.eu\/de\/#\/schema\/person\/15f73f175b41bad194837490339d48fb","name":"szenik","image":{"@type":"ImageObject","inLanguage":"de","@id":"https:\/\/www.szenik.eu\/de\/#\/schema\/person\/image\/","url":"https:\/\/secure.gravatar.com\/avatar\/d1c4f19522a624a4eaa5e6c03e22370b?s=96&d=mm&r=g","contentUrl":"https:\/\/secure.gravatar.com\/avatar\/d1c4f19522a624a4eaa5e6c03e22370b?s=96&d=mm&r=g","caption":"szenik"}}]}},"jetpack_featured_media_url":"https:\/\/www.szenik.eu\/wp-content\/uploads\/2021\/06\/20210717_baumann_henderson_how_things_go_1-scaled.jpg","amp_enabled":true,"_links":{"self":[{"href":"https:\/\/www.szenik.eu\/de\/wp-json\/\/wp\/v2\/posts\/40489"}],"collection":[{"href":"https:\/\/www.szenik.eu\/de\/wp-json\/\/wp\/v2\/posts"}],"about":[{"href":"https:\/\/www.szenik.eu\/de\/wp-json\/\/wp\/v2\/types\/post"}],"author":[{"embeddable":true,"href":"https:\/\/www.szenik.eu\/de\/wp-json\/\/wp\/v2\/users\/1"}],"replies":[{"embeddable":true,"href":"https:\/\/www.szenik.eu\/de\/wp-json\/\/wp\/v2\/comments?post=40489"}],"version-history":[{"count":2,"href":"https:\/\/www.szenik.eu\/de\/wp-json\/\/wp\/v2\/posts\/40489\/revisions"}],"predecessor-version":[{"id":40582,"href":"https:\/\/www.szenik.eu\/de\/wp-json\/\/wp\/v2\/posts\/40489\/revisions\/40582"}],"wp:featuredmedia":[{"embeddable":true,"href":"https:\/\/www.szenik.eu\/de\/wp-json\/\/wp\/v2\/media\/40496"}],"wp:attachment":[{"href":"https:\/\/www.szenik.eu\/de\/wp-json\/\/wp\/v2\/media?parent=40489"}],"wp:term":[{"taxonomy":"category","embeddable":true,"href":"https:\/\/www.szenik.eu\/de\/wp-json\/\/wp\/v2\/categories?post=40489"},{"taxonomy":"post_tag","embeddable":true,"href":"https:\/\/www.szenik.eu\/de\/wp-json\/\/wp\/v2\/tags?post=40489"}],"curies":[{"name":"wp","href":"https:\/\/api.w.org\/{rel}","templated":true}]}}