{"id":40291,"date":"2021-06-08T12:15:08","date_gmt":"2021-06-08T10:15:08","guid":{"rendered":"https:\/\/www.szenik.eu\/?p=40291\/"},"modified":"2021-06-08T12:15:11","modified_gmt":"2021-06-08T10:15:11","slug":"ausstellung-james-ensor-in-der-kunsthalle-mannheim","status":"publish","type":"post","link":"https:\/\/www.szenik.eu\/de\/ausstellung-james-ensor-in-der-kunsthalle-mannheim-40291","title":{"rendered":"Ausstellung: James Ensor in der Kunsthalle Mannheim"},"content":{"rendered":"\n<h2>Die Kunsthalle Mannheim widmet dem belgischen Maler und Zeichner James Ensor eine Sonderausstellung. Vom <strong>11.06\u00a0bis 03.10.2021<\/strong>.<\/h2>\n\n\n\n<div style=\"height:100px\" aria-hidden=\"true\" class=\"wp-block-spacer\"><\/div>\n\n\n\n<p><em>Pressemitteilung<\/em><\/p>\n\n\n\n<div style=\"height:100px\" aria-hidden=\"true\" class=\"wp-block-spacer\"><\/div>\n\n\n\n<p>Das Werk des belgischen K\u00fcnstlers James Ensor (1860\u20131949), der ber\u00fchmte&nbsp;\u201eMaler&nbsp;der&nbsp;Masken\u201c,&nbsp;ist tief in der Geschichte der Kunsthalle Mannheim verwurzelt. Mit einem Ankauf 1927 und einer Einzelausstellung 1928 wurde der Maler als bedeutender zeitgen\u00f6ssischer Ausnahmek\u00fcnstler gew\u00fcrdigt. Damit geh\u00f6rte die Kunsthalle zu einem der ersten Museen in Deutschland, das den belgischen K\u00fcnstler wahrnahm. Nun widmet die Kunsthalle James Ensor erneut eine gro\u00dfe Ausstellung, in deren Zentrum das Schicksal eines Bildes steht, das einst zur Sammlung des Museums geh\u00f6rte.<\/p>\n\n\n\n<p>Das Gem\u00e4lde\u00a0\u201eDer\u00a0Tod und die\u00a0Masken\u201c\u00a0wurde 1937 von den Nationalsozialisten als\u00a0\u201eentartet\u201c\u00a0beschlagnahmt und befindet sich heute im Mus\u00e9e des Beaux-Arts L\u00fcttich. Anl\u00e4sslich der Ausstellung kehrt es tempor\u00e4r nach Mannheim zur\u00fcck.\u00a0\u201eDass uns das Museum in L\u00fcttich hierbei unterst\u00fctzt hat und wir es nun in Mannheim zeigen k\u00f6nnen, ist eine kleine Sensation\u201c, so Dr. Inge Herold, Kuratorin der Ausstellung:\u00a0\u201eSo k\u00f6nnen wir unsere eigene Museums- und Sammlungsgeschichte und Kunstgeschichte miteinander verkn\u00fcpfen\u201c. In den 1950er-Jahren wurde als Ersatz f\u00fcr das verlorene Bild das Gem\u00e4lde\u00a0\u201eDer\u00a0tote\u00a0Hahn\u201c\u00a0erworben, das beispielhaft f\u00fcr Ensors Stillleben steht, die einen wichtigen Stellenwert in seinem Schaffen beanspruchen. Als Bild im Bild taucht es in Ensors zentralem Werk\u00a0\u201eDas\u00a0malende\u00a0Skelett\u201c\u00a0auf. Um diese drei Bilder gruppieren sich weitere internationale Leihgaben. Insgesamt zeigt die Kunsthalle \u00fcber 60 Gem\u00e4lde, 120 Arbeiten auf Papier sowie einige Masken aus Ensors Besitz.<\/p>\n\n\n\n<div style=\"height:59px\" aria-hidden=\"true\" class=\"wp-block-spacer\"><\/div>\n\n\n\n<figure class=\"wp-block-image size-large\"><img decoding=\"async\" loading=\"lazy\" width=\"1024\" height=\"833\" src=\"https:\/\/www.szenik.eu\/wp-content\/uploads\/2021\/06\/Ensor_Hahn-1024x833.jpg\" alt=\"\" class=\"wp-image-40292\" srcset=\"https:\/\/www.szenik.eu\/wp-content\/uploads\/2021\/06\/Ensor_Hahn-1024x833.jpg 1024w, https:\/\/www.szenik.eu\/wp-content\/uploads\/2021\/06\/Ensor_Hahn-300x244.jpg 300w, https:\/\/www.szenik.eu\/wp-content\/uploads\/2021\/06\/Ensor_Hahn-768x625.jpg 768w, https:\/\/www.szenik.eu\/wp-content\/uploads\/2021\/06\/Ensor_Hahn-1536x1249.jpg 1536w, https:\/\/www.szenik.eu\/wp-content\/uploads\/2021\/06\/Ensor_Hahn-750x610.jpg 750w, https:\/\/www.szenik.eu\/wp-content\/uploads\/2021\/06\/Ensor_Hahn-1140x927.jpg 1140w, https:\/\/www.szenik.eu\/wp-content\/uploads\/2021\/06\/Ensor_Hahn.jpg 1698w\" sizes=\"(max-width: 1024px) 100vw, 1024px\" \/><figcaption>James Ensor, Der tote Hahn, 1894; Kunsthalle Mannheim; \u00a9 Kunsthalle Mannheim<\/figcaption><\/figure>\n\n\n\n<div style=\"height:50px\" aria-hidden=\"true\" class=\"wp-block-spacer\"><\/div>\n\n\n\n<h4>Selbstbildnis &#8211; Tod &#8211; Stilleben &#8211; Maske <\/h4>\n\n\n\n<div style=\"height:20px\" aria-hidden=\"true\" class=\"wp-block-spacer\"><\/div>\n\n\n\n<p>Die Ausstellung zeigt in zwei Stockwerken des Jugendstil-Geb\u00e4udes Gem\u00e4lde und Grafiken aus dem Motivkreis Selbstbildnis\u2013Maske\u2013Tod\u2013\u00a0Stillleben, die diese eng verflochtene Thematik in Ensors Schaffen wiederspiegeln. Vorgestellt werden aber auch Ensors Darstellungen der Landschaft um seinen Lebensmittelpunkt Ostende, seine Besch\u00e4ftigung mit dem Motiv des Liebesgartens, seine Experimente als Musiker und Choreograph einer Ballettpantomime, seine Auseinandersetzung mit christlichen Themen sowie seine Experimente in Druckgrafik und Zeichnung.<\/p>\n\n\n\n<p>W\u00e4hrend seiner gesamten Laufbahn hat James Ensor&nbsp;<strong>Selbstbildnisse&nbsp;<\/strong>gemalt. Nach klassischen Selbstportr\u00e4ts an der Staffelei kam er zu Darstellungen, in denen er die Identit\u00e4t wechselte oder sich verwandelte. Seine Selbststilisierung, in der der Aspekt des verkannten K\u00fcnstlers zum Tragen kommt, reicht bis zu Verg\u00f6ttlichung und Martyrium. 1887, nach dem Tod seines Vaters, beginnt Ensor sich verst\u00e4rkt mit dem Motivkreis&nbsp;\u201e<strong>Tod<\/strong>\u201causeinanderzusetzen. Zentrales Werk ist&nbsp;\u201eDas&nbsp;malende&nbsp;Skelett\u201c,&nbsp;ein Selbstportr\u00e4t im Atelier, bei dem Ensors Kopf durch einen Totensch\u00e4del ersetzt ist: eine kritische Selbstbefragung und Selbstbehauptung. Die makabre Vision der eigenen Verg\u00e4nglichkeit ist gepaart mit der selbstbewussten \u00dcberzeugung des&nbsp;\u201eWeiterexistierens\u201c&nbsp;nach dem Tod und sei es nur als Skelett.<\/p>\n\n\n\n<p>Eine gro\u00dfe Rolle in Ensors Werk spielen&nbsp;<strong>Stillleben<\/strong>. Gepr\u00e4gt von der fl\u00e4misch-niederl\u00e4ndischen Tradition fand er zu einem individuellen Repertoire, das vom Meer, der Karnevalstradition Ostendes und den Dingen im elterlichen Souvenirladen bestimmt war. So bilden die Stillleben einen Teil seiner skurrilen Lebenswelt ab. Die Todesmotivik fand anhand von Skelettk\u00f6pfen ebenfalls Eingang in diesen Teil seines Werks. Den Gedanken des Stilllebens im w\u00f6rtlichen Sinne als&nbsp;<em>nature morte<\/em>, als tote Natur, verk\u00f6rpert das Gem\u00e4lde&nbsp;\u201eDer tote Hahn\u201c&nbsp;aus dem Besitz der Kunsthalle. Die Gegen\u00fcberstellung von verdorrtem Gem\u00fcse und erntefrischem Obst versinnbildlicht den Kreislauf von Werden und Vergehen. Die Idee von der Sch\u00f6nheit der Natur verbindet sich mit der Mahnung an die Verg\u00e4nglichkeit derselben.<\/p>\n\n\n\n<p>Bekannt ist Ensor jedoch vor allem als\u00a0<strong>Maler der Masken<\/strong>. Die intensive Auseinandersetzung mit der Thematik wurde auch vom K\u00fcnstler selbst mit seinem biografischen Umfeld in Verbindung gebracht: In Ostende war es Brauch, w\u00e4hrend der Karnevalszeit Masken und Verkleidungen anzulegen, den Alltag abzustreifen und Konventionen au\u00dfer Kraft zu setzen. Auch im Souvenirladen seiner Familie war Ensor von Masken umgeben, die ihm Anregung f\u00fcr malerische Experimente er\u00f6ffneten. Die Maske wurde ihm zum Motiv, das f\u00fcr die Verschmelzung von Realit\u00e4tsebenen und f\u00fcr T\u00e4uschung und Demaskierung steht.<\/p>\n\n\n\n<div style=\"height:49px\" aria-hidden=\"true\" class=\"wp-block-spacer\"><\/div>\n\n\n\n<figure class=\"wp-block-image size-large\"><img decoding=\"async\" loading=\"lazy\" width=\"1024\" height=\"839\" src=\"https:\/\/www.szenik.eu\/wp-content\/uploads\/2021\/06\/Ensor_Skellett-1-1024x839.jpg\" alt=\"\" class=\"wp-image-40296\" srcset=\"https:\/\/www.szenik.eu\/wp-content\/uploads\/2021\/06\/Ensor_Skellett-1-1024x839.jpg 1024w, https:\/\/www.szenik.eu\/wp-content\/uploads\/2021\/06\/Ensor_Skellett-1-300x246.jpg 300w, https:\/\/www.szenik.eu\/wp-content\/uploads\/2021\/06\/Ensor_Skellett-1-768x629.jpg 768w, https:\/\/www.szenik.eu\/wp-content\/uploads\/2021\/06\/Ensor_Skellett-1-1536x1258.jpg 1536w, https:\/\/www.szenik.eu\/wp-content\/uploads\/2021\/06\/Ensor_Skellett-1-750x614.jpg 750w, https:\/\/www.szenik.eu\/wp-content\/uploads\/2021\/06\/Ensor_Skellett-1-1140x934.jpg 1140w, https:\/\/www.szenik.eu\/wp-content\/uploads\/2021\/06\/Ensor_Skellett-1.jpg 1800w\" sizes=\"(max-width: 1024px) 100vw, 1024px\" \/><figcaption>James Ensor, Das malende Skelett, 1896- 97; Koninklijk Museum voor Schone Kunsten, Antwerpen; \u00a9 Hugo Maertens<\/figcaption><\/figure>\n\n\n\n<div style=\"height:44px\" aria-hidden=\"true\" class=\"wp-block-spacer\"><\/div>\n\n\n\n<h4>Ensor als Vorreiter der Moderne<\/h4>\n\n\n\n<div style=\"height:20px\" aria-hidden=\"true\" class=\"wp-block-spacer\"><\/div>\n\n\n\n<p>Schon fr\u00fch wurde James Ensor das Etikett\u00a0\u201eMaler\u00a0der\u00a0Masken\u201c\u00a0verliehen, doch sein Werk ist weitaus vielf\u00e4ltiger. Die Ausstellung in der Kunsthalle Mannheim gibt Einblick in den Kosmos von Ensors Welt und Schaffen, das heitere und d\u00fcstere Elemente vereint und von Landschaften \u00fcber Stillleben und Liebesg\u00e4rten bis zu christlichen Motiven und Portr\u00e4ts reicht. Doch Ensor malte nicht nur, er komponierte auch Musik, konnte mit Sprache umgehen und hatte einen bisweilen skurrilen Humor.\u00a0\u201eLange abgelehnt, erfuhr der eigenwillige Au\u00dfenseiter schlie\u00dflich gro\u00dfe Anerkennung, er war Impulsgeber f\u00fcr andere K\u00fcnstlerinnen und K\u00fcnstler\u201c,\u00a0so Dr. Inge Herold:\u00a0\u201eEr nahm vielfach Aspekte der Moderne vorweg. Mit seinen karnevalesken Albtr\u00e4umen gab er Einblick in eine Welt im Umbruch. Das macht sein Werk so zeitlos und gleichzeitig aktuell.\u201c<\/p>\n\n\n\n<div style=\"height:100px\" aria-hidden=\"true\" class=\"wp-block-spacer\"><\/div>\n\n\n\n<div class=\"wp-block-button aligncenter\"><a class=\"wp-block-button__link has-text-color has-very-dark-gray-color has-background has-luminous-vivid-amber-background-color\" href=\"https:\/\/www.kuma.art\/de\/james-ensor\" target=\"_blank\" rel=\"noreferrer noopener\">Zur Website der Kunsthalle Mannheim<\/a><\/div>\n\n\n\n<div style=\"height:100px\" aria-hidden=\"true\" class=\"wp-block-spacer\"><\/div>\n\n\n\n<p class=\"has-small-font-size\">Foto: James Ensor, Der Tod und die Masken, 1897; \u00a9 Li\u00e8ge, Mus\u00e9e des Beaux-Arts &#8211; La Boverie<\/p>\n","protected":false},"excerpt":{"rendered":"<p>Die Kunsthalle Mannheim widmet dem belgischen Maler und Zeichner James Ensor eine Sonderausstellung. Vom 11.06\u00a0bis 03.10.2021. Pressemitteilung Das Werk des belgischen K\u00fcnstlers James Ensor (1860\u20131949), der ber\u00fchmte&nbsp;\u201eMaler&nbsp;der&nbsp;Masken\u201c,&nbsp;ist tief in der Geschichte der Kunsthalle Mannheim verwurzelt. Mit einem Ankauf 1927 und einer Einzelausstellung 1928 wurde der Maler als bedeutender zeitgen\u00f6ssischer Ausnahmek\u00fcnstler gew\u00fcrdigt. Damit geh\u00f6rte die Kunsthalle [&hellip;]<\/p>\n","protected":false},"author":1,"featured_media":40298,"comment_status":"open","ping_status":"open","sticky":false,"template":"","format":"standard","meta":{"_monsterinsights_skip_tracking":false,"_monsterinsights_sitenote_active":false,"_monsterinsights_sitenote_note":"","_monsterinsights_sitenote_category":0},"categories":[2815],"tags":[11917,10593,3305],"yoast_head":"<!-- This site is optimized with the Yoast SEO plugin v20.5 - https:\/\/yoast.com\/wordpress\/plugins\/seo\/ -->\n<title>Ausstellung: James Ensor in der Kunsthalle Mannheim | szenik<\/title>\n<meta name=\"robots\" content=\"index, follow, max-snippet:-1, max-image-preview:large, max-video-preview:-1\" \/>\n<link rel=\"canonical\" href=\"https:\/\/www.szenik.eu\/de\/ausstellung-james-ensor-in-der-kunsthalle-mannheim-40291\" \/>\n<meta property=\"og:locale\" content=\"de_DE\" \/>\n<meta property=\"og:type\" content=\"article\" \/>\n<meta property=\"og:title\" content=\"Ausstellung: James Ensor in der Kunsthalle Mannheim | szenik\" \/>\n<meta property=\"og:description\" content=\"Die Kunsthalle Mannheim widmet dem belgischen Maler und Zeichner James Ensor eine Sonderausstellung. Vom 11.06\u00a0bis 03.10.2021. Pressemitteilung Das Werk des belgischen K\u00fcnstlers James Ensor (1860\u20131949), der ber\u00fchmte&nbsp;\u201eMaler&nbsp;der&nbsp;Masken\u201c,&nbsp;ist tief in der Geschichte der Kunsthalle Mannheim verwurzelt. Mit einem Ankauf 1927 und einer Einzelausstellung 1928 wurde der Maler als bedeutender zeitgen\u00f6ssischer Ausnahmek\u00fcnstler gew\u00fcrdigt. Damit geh\u00f6rte die Kunsthalle [&hellip;]\" \/>\n<meta property=\"og:url\" content=\"https:\/\/www.szenik.eu\/de\/ausstellung-james-ensor-in-der-kunsthalle-mannheim-40291\" \/>\n<meta property=\"og:site_name\" content=\"szenik\" \/>\n<meta property=\"article:publisher\" content=\"https:\/\/www.facebook.com\/szenik.eu\/\" \/>\n<meta property=\"article:published_time\" content=\"2021-06-08T10:15:08+00:00\" \/>\n<meta property=\"article:modified_time\" content=\"2021-06-08T10:15:11+00:00\" \/>\n<meta property=\"og:image\" content=\"https:\/\/www.szenik.eu\/wp-content\/uploads\/2021\/06\/Ensor_La-Mort-et-les-masques.jpg\" \/>\n\t<meta property=\"og:image:width\" content=\"1800\" \/>\n\t<meta property=\"og:image:height\" content=\"1403\" \/>\n\t<meta property=\"og:image:type\" content=\"image\/jpeg\" \/>\n<meta name=\"author\" content=\"szenik\" \/>\n<meta name=\"twitter:card\" content=\"summary_large_image\" \/>\n<meta name=\"twitter:creator\" content=\"@Szenik\" \/>\n<meta name=\"twitter:site\" content=\"@Szenik\" \/>\n<meta name=\"twitter:label1\" content=\"Verfasst von\" \/>\n\t<meta name=\"twitter:data1\" content=\"szenik\" \/>\n\t<meta name=\"twitter:label2\" content=\"Gesch\u00e4tzte Lesezeit\" \/>\n\t<meta name=\"twitter:data2\" content=\"4\u00a0Minuten\" \/>\n<script type=\"application\/ld+json\" class=\"yoast-schema-graph\">{\"@context\":\"https:\/\/schema.org\",\"@graph\":[{\"@type\":\"Article\",\"@id\":\"https:\/\/www.szenik.eu\/de\/ausstellung-james-ensor-in-der-kunsthalle-mannheim-40291#article\",\"isPartOf\":{\"@id\":\"https:\/\/www.szenik.eu\/de\/ausstellung-james-ensor-in-der-kunsthalle-mannheim-40291\"},\"author\":{\"name\":\"szenik\",\"@id\":\"https:\/\/www.szenik.eu\/de\/#\/schema\/person\/15f73f175b41bad194837490339d48fb\"},\"headline\":\"Ausstellung: James Ensor in der Kunsthalle Mannheim\",\"datePublished\":\"2021-06-08T10:15:08+00:00\",\"dateModified\":\"2021-06-08T10:15:11+00:00\",\"mainEntityOfPage\":{\"@id\":\"https:\/\/www.szenik.eu\/de\/ausstellung-james-ensor-in-der-kunsthalle-mannheim-40291\"},\"wordCount\":871,\"commentCount\":0,\"publisher\":{\"@id\":\"https:\/\/www.szenik.eu\/de\/#organization\"},\"keywords\":[\"James Ensor\",\"Kunsthalle Mannheim\",\"Mannheim\"],\"articleSection\":[\"Kurz &amp; knackig\"],\"inLanguage\":\"de\",\"potentialAction\":[{\"@type\":\"CommentAction\",\"name\":\"Comment\",\"target\":[\"https:\/\/www.szenik.eu\/de\/ausstellung-james-ensor-in-der-kunsthalle-mannheim-40291#respond\"]}]},{\"@type\":\"WebPage\",\"@id\":\"https:\/\/www.szenik.eu\/de\/ausstellung-james-ensor-in-der-kunsthalle-mannheim-40291\",\"url\":\"https:\/\/www.szenik.eu\/de\/ausstellung-james-ensor-in-der-kunsthalle-mannheim-40291\",\"name\":\"Ausstellung: James Ensor in der Kunsthalle Mannheim | szenik\",\"isPartOf\":{\"@id\":\"https:\/\/www.szenik.eu\/de\/#website\"},\"datePublished\":\"2021-06-08T10:15:08+00:00\",\"dateModified\":\"2021-06-08T10:15:11+00:00\",\"breadcrumb\":{\"@id\":\"https:\/\/www.szenik.eu\/de\/ausstellung-james-ensor-in-der-kunsthalle-mannheim-40291#breadcrumb\"},\"inLanguage\":\"de\",\"potentialAction\":[{\"@type\":\"ReadAction\",\"target\":[\"https:\/\/www.szenik.eu\/de\/ausstellung-james-ensor-in-der-kunsthalle-mannheim-40291\"]}]},{\"@type\":\"BreadcrumbList\",\"@id\":\"https:\/\/www.szenik.eu\/de\/ausstellung-james-ensor-in-der-kunsthalle-mannheim-40291#breadcrumb\",\"itemListElement\":[{\"@type\":\"ListItem\",\"position\":1,\"name\":\"Home\",\"item\":\"https:\/\/www.szenik.eu\/de\"},{\"@type\":\"ListItem\",\"position\":2,\"name\":\"Ausstellung: James Ensor in der Kunsthalle Mannheim\"}]},{\"@type\":\"WebSite\",\"@id\":\"https:\/\/www.szenik.eu\/de\/#website\",\"url\":\"https:\/\/www.szenik.eu\/de\/\",\"name\":\"szenik\",\"description\":\"Le Meilleur des sc\u00e8nes au coeur de l&#039;Europe\",\"publisher\":{\"@id\":\"https:\/\/www.szenik.eu\/de\/#organization\"},\"potentialAction\":[{\"@type\":\"SearchAction\",\"target\":{\"@type\":\"EntryPoint\",\"urlTemplate\":\"https:\/\/www.szenik.eu\/de\/?s={search_term_string}\"},\"query-input\":\"required name=search_term_string\"}],\"inLanguage\":\"de\"},{\"@type\":\"Organization\",\"@id\":\"https:\/\/www.szenik.eu\/de\/#organization\",\"name\":\"Szenik\",\"url\":\"https:\/\/www.szenik.eu\/de\/\",\"logo\":{\"@type\":\"ImageObject\",\"inLanguage\":\"de\",\"@id\":\"https:\/\/www.szenik.eu\/de\/#\/schema\/logo\/image\/\",\"url\":\"https:\/\/www.szenik.eu\/wp-content\/uploads\/2019\/07\/logo-square.png\",\"contentUrl\":\"https:\/\/www.szenik.eu\/wp-content\/uploads\/2019\/07\/logo-square.png\",\"width\":512,\"height\":512,\"caption\":\"Szenik\"},\"image\":{\"@id\":\"https:\/\/www.szenik.eu\/de\/#\/schema\/logo\/image\/\"},\"sameAs\":[\"https:\/\/www.facebook.com\/szenik.eu\/\",\"https:\/\/twitter.com\/Szenik\",\"https:\/\/www.instagram.com\/szenik_magazine\/\",\"https:\/\/www.youtube.com\/user\/SzenikEU\/\"]},{\"@type\":\"Person\",\"@id\":\"https:\/\/www.szenik.eu\/de\/#\/schema\/person\/15f73f175b41bad194837490339d48fb\",\"name\":\"szenik\",\"image\":{\"@type\":\"ImageObject\",\"inLanguage\":\"de\",\"@id\":\"https:\/\/www.szenik.eu\/de\/#\/schema\/person\/image\/\",\"url\":\"https:\/\/secure.gravatar.com\/avatar\/d1c4f19522a624a4eaa5e6c03e22370b?s=96&d=mm&r=g\",\"contentUrl\":\"https:\/\/secure.gravatar.com\/avatar\/d1c4f19522a624a4eaa5e6c03e22370b?s=96&d=mm&r=g\",\"caption\":\"szenik\"}}]}<\/script>\n<!-- \/ Yoast SEO plugin. -->","yoast_head_json":{"title":"Ausstellung: James Ensor in der Kunsthalle Mannheim | szenik","robots":{"index":"index","follow":"follow","max-snippet":"max-snippet:-1","max-image-preview":"max-image-preview:large","max-video-preview":"max-video-preview:-1"},"canonical":"https:\/\/www.szenik.eu\/de\/ausstellung-james-ensor-in-der-kunsthalle-mannheim-40291","og_locale":"de_DE","og_type":"article","og_title":"Ausstellung: James Ensor in der Kunsthalle Mannheim | szenik","og_description":"Die Kunsthalle Mannheim widmet dem belgischen Maler und Zeichner James Ensor eine Sonderausstellung. Vom 11.06\u00a0bis 03.10.2021. Pressemitteilung Das Werk des belgischen K\u00fcnstlers James Ensor (1860\u20131949), der ber\u00fchmte&nbsp;\u201eMaler&nbsp;der&nbsp;Masken\u201c,&nbsp;ist tief in der Geschichte der Kunsthalle Mannheim verwurzelt. Mit einem Ankauf 1927 und einer Einzelausstellung 1928 wurde der Maler als bedeutender zeitgen\u00f6ssischer Ausnahmek\u00fcnstler gew\u00fcrdigt. Damit geh\u00f6rte die Kunsthalle [&hellip;]","og_url":"https:\/\/www.szenik.eu\/de\/ausstellung-james-ensor-in-der-kunsthalle-mannheim-40291","og_site_name":"szenik","article_publisher":"https:\/\/www.facebook.com\/szenik.eu\/","article_published_time":"2021-06-08T10:15:08+00:00","article_modified_time":"2021-06-08T10:15:11+00:00","og_image":[{"width":1800,"height":1403,"url":"https:\/\/www.szenik.eu\/wp-content\/uploads\/2021\/06\/Ensor_La-Mort-et-les-masques.jpg","type":"image\/jpeg"}],"author":"szenik","twitter_card":"summary_large_image","twitter_creator":"@Szenik","twitter_site":"@Szenik","twitter_misc":{"Verfasst von":"szenik","Gesch\u00e4tzte Lesezeit":"4\u00a0Minuten"},"schema":{"@context":"https:\/\/schema.org","@graph":[{"@type":"Article","@id":"https:\/\/www.szenik.eu\/de\/ausstellung-james-ensor-in-der-kunsthalle-mannheim-40291#article","isPartOf":{"@id":"https:\/\/www.szenik.eu\/de\/ausstellung-james-ensor-in-der-kunsthalle-mannheim-40291"},"author":{"name":"szenik","@id":"https:\/\/www.szenik.eu\/de\/#\/schema\/person\/15f73f175b41bad194837490339d48fb"},"headline":"Ausstellung: James Ensor in der Kunsthalle Mannheim","datePublished":"2021-06-08T10:15:08+00:00","dateModified":"2021-06-08T10:15:11+00:00","mainEntityOfPage":{"@id":"https:\/\/www.szenik.eu\/de\/ausstellung-james-ensor-in-der-kunsthalle-mannheim-40291"},"wordCount":871,"commentCount":0,"publisher":{"@id":"https:\/\/www.szenik.eu\/de\/#organization"},"keywords":["James Ensor","Kunsthalle Mannheim","Mannheim"],"articleSection":["Kurz &amp; knackig"],"inLanguage":"de","potentialAction":[{"@type":"CommentAction","name":"Comment","target":["https:\/\/www.szenik.eu\/de\/ausstellung-james-ensor-in-der-kunsthalle-mannheim-40291#respond"]}]},{"@type":"WebPage","@id":"https:\/\/www.szenik.eu\/de\/ausstellung-james-ensor-in-der-kunsthalle-mannheim-40291","url":"https:\/\/www.szenik.eu\/de\/ausstellung-james-ensor-in-der-kunsthalle-mannheim-40291","name":"Ausstellung: James Ensor in der Kunsthalle Mannheim | szenik","isPartOf":{"@id":"https:\/\/www.szenik.eu\/de\/#website"},"datePublished":"2021-06-08T10:15:08+00:00","dateModified":"2021-06-08T10:15:11+00:00","breadcrumb":{"@id":"https:\/\/www.szenik.eu\/de\/ausstellung-james-ensor-in-der-kunsthalle-mannheim-40291#breadcrumb"},"inLanguage":"de","potentialAction":[{"@type":"ReadAction","target":["https:\/\/www.szenik.eu\/de\/ausstellung-james-ensor-in-der-kunsthalle-mannheim-40291"]}]},{"@type":"BreadcrumbList","@id":"https:\/\/www.szenik.eu\/de\/ausstellung-james-ensor-in-der-kunsthalle-mannheim-40291#breadcrumb","itemListElement":[{"@type":"ListItem","position":1,"name":"Home","item":"https:\/\/www.szenik.eu\/de"},{"@type":"ListItem","position":2,"name":"Ausstellung: James Ensor in der Kunsthalle Mannheim"}]},{"@type":"WebSite","@id":"https:\/\/www.szenik.eu\/de\/#website","url":"https:\/\/www.szenik.eu\/de\/","name":"szenik","description":"Le Meilleur des sc\u00e8nes au coeur de l&#039;Europe","publisher":{"@id":"https:\/\/www.szenik.eu\/de\/#organization"},"potentialAction":[{"@type":"SearchAction","target":{"@type":"EntryPoint","urlTemplate":"https:\/\/www.szenik.eu\/de\/?s={search_term_string}"},"query-input":"required name=search_term_string"}],"inLanguage":"de"},{"@type":"Organization","@id":"https:\/\/www.szenik.eu\/de\/#organization","name":"Szenik","url":"https:\/\/www.szenik.eu\/de\/","logo":{"@type":"ImageObject","inLanguage":"de","@id":"https:\/\/www.szenik.eu\/de\/#\/schema\/logo\/image\/","url":"https:\/\/www.szenik.eu\/wp-content\/uploads\/2019\/07\/logo-square.png","contentUrl":"https:\/\/www.szenik.eu\/wp-content\/uploads\/2019\/07\/logo-square.png","width":512,"height":512,"caption":"Szenik"},"image":{"@id":"https:\/\/www.szenik.eu\/de\/#\/schema\/logo\/image\/"},"sameAs":["https:\/\/www.facebook.com\/szenik.eu\/","https:\/\/twitter.com\/Szenik","https:\/\/www.instagram.com\/szenik_magazine\/","https:\/\/www.youtube.com\/user\/SzenikEU\/"]},{"@type":"Person","@id":"https:\/\/www.szenik.eu\/de\/#\/schema\/person\/15f73f175b41bad194837490339d48fb","name":"szenik","image":{"@type":"ImageObject","inLanguage":"de","@id":"https:\/\/www.szenik.eu\/de\/#\/schema\/person\/image\/","url":"https:\/\/secure.gravatar.com\/avatar\/d1c4f19522a624a4eaa5e6c03e22370b?s=96&d=mm&r=g","contentUrl":"https:\/\/secure.gravatar.com\/avatar\/d1c4f19522a624a4eaa5e6c03e22370b?s=96&d=mm&r=g","caption":"szenik"}}]}},"jetpack_featured_media_url":"https:\/\/www.szenik.eu\/wp-content\/uploads\/2021\/06\/Ensor_La-Mort-et-les-masques.jpg","amp_enabled":true,"_links":{"self":[{"href":"https:\/\/www.szenik.eu\/de\/wp-json\/\/wp\/v2\/posts\/40291"}],"collection":[{"href":"https:\/\/www.szenik.eu\/de\/wp-json\/\/wp\/v2\/posts"}],"about":[{"href":"https:\/\/www.szenik.eu\/de\/wp-json\/\/wp\/v2\/types\/post"}],"author":[{"embeddable":true,"href":"https:\/\/www.szenik.eu\/de\/wp-json\/\/wp\/v2\/users\/1"}],"replies":[{"embeddable":true,"href":"https:\/\/www.szenik.eu\/de\/wp-json\/\/wp\/v2\/comments?post=40291"}],"version-history":[{"count":1,"href":"https:\/\/www.szenik.eu\/de\/wp-json\/\/wp\/v2\/posts\/40291\/revisions"}],"predecessor-version":[{"id":40300,"href":"https:\/\/www.szenik.eu\/de\/wp-json\/\/wp\/v2\/posts\/40291\/revisions\/40300"}],"wp:featuredmedia":[{"embeddable":true,"href":"https:\/\/www.szenik.eu\/de\/wp-json\/\/wp\/v2\/media\/40298"}],"wp:attachment":[{"href":"https:\/\/www.szenik.eu\/de\/wp-json\/\/wp\/v2\/media?parent=40291"}],"wp:term":[{"taxonomy":"category","embeddable":true,"href":"https:\/\/www.szenik.eu\/de\/wp-json\/\/wp\/v2\/categories?post=40291"},{"taxonomy":"post_tag","embeddable":true,"href":"https:\/\/www.szenik.eu\/de\/wp-json\/\/wp\/v2\/tags?post=40291"}],"curies":[{"name":"wp","href":"https:\/\/api.w.org\/{rel}","templated":true}]}}