{"id":39997,"date":"2021-05-31T13:18:56","date_gmt":"2021-05-31T11:18:56","guid":{"rendered":"https:\/\/www.szenik.eu\/?p=39997\/"},"modified":"2021-05-31T13:19:00","modified_gmt":"2021-05-31T11:19:00","slug":"staatsoper-stuttgart-holle-eine-kinderoper-von-sebastian-schwab-vom-27-06-11-07-2021-online-zu-erleben","status":"publish","type":"post","link":"https:\/\/www.szenik.eu\/de\/staatsoper-stuttgart-holle-eine-kinderoper-von-sebastian-schwab-vom-27-06-11-07-2021-online-zu-erleben-39997","title":{"rendered":"Staatsoper Stuttgart: Holle!, eine Kinderoper von Sebastian Schwab, vom 27.06. -11.07.2021 online zu erleben"},"content":{"rendered":"\n<h2>Das JOiN entwickelte gemeinsam mit vier Schulklassen die Kinderoper\u00a0<em>Holle!<\/em>\u00a0f\u00fcr alle ab 6 Jahren.\u00a0<\/h2>\n\n\n\n<div style=\"height:100px\" aria-hidden=\"true\" class=\"wp-block-spacer\"><\/div>\n\n\n\n<p>Frau Holle sorgt f\u00fcr Schneegest\u00f6ber und Blumenwiesenwetter. Doch schafft die schrullige Wetterfrau das Pensum nicht mehr allein! Bereits in der bitterb\u00f6sen M\u00e4rchenvorlage der Br\u00fcder Grimm sucht sich Frau Holle Unterst\u00fctzung. Ob faul oder flei\u00dfig, jede Hilfe ist willkommen! Denn was w\u00e4re, wenn es nie wieder schneien w\u00fcrde?<\/p>\n\n\n\n<p>Die Produktion wird <strong>am 27. Juni<\/strong> ihre Online-Urauff\u00fchrung erleben und steht im Anschluss daran als <strong>Video On Demand<\/strong> f\u00fcr zwei Wochen zur Verf\u00fcgung.\u00a0<\/p>\n\n\n\n<div style=\"height:60px\" aria-hidden=\"true\" class=\"wp-block-spacer\"><\/div>\n\n\n\n<p class=\"has-background has-text-align-center has-medium-font-size has-very-light-gray-background-color\">Besetzung<\/p>\n\n\n\n<div style=\"height:20px\" aria-hidden=\"true\" class=\"wp-block-spacer\"><\/div>\n\n\n\n<p>Konzept &amp; Komposition\u00a0<strong>Sebastian Schwab<\/strong><br>Konzept &amp; Regie\u00a0<strong>Suse Pfister<\/strong><br>Libretto &amp; Dramaturgie\u00a0<strong>Kai We\u00dfler<\/strong><br>B\u00fchne &amp; Kost\u00fcme\u00a0<strong>Stephan von Wedel<\/strong><\/p>\n\n\n\n<p>Mit\u00a0<strong>Maria Theresa Ullrich,\u00a0Adam Ambarzumjan,\u00a0Markus Hein<\/strong><\/p>\n\n\n\n<div style=\"height:100px\" aria-hidden=\"true\" class=\"wp-block-spacer\"><\/div>\n\n\n\n<div class=\"wp-block-button aligncenter\"><a class=\"wp-block-button__link has-text-color has-very-dark-gray-color has-background has-luminous-vivid-amber-background-color\" href=\"https:\/\/www.staatsoper-stuttgart.de\/spielplan\/a-z\/holle-online\/\" target=\"_blank\" rel=\"noreferrer noopener\">Weitere Informationen auf der Website der Staatsoper Stuttgart<\/a><\/div>\n\n\n\n<div style=\"height:100px\" aria-hidden=\"true\" class=\"wp-block-spacer\"><\/div>\n\n\n\n<p class=\"has-small-font-size\">Foto: Matthias Baus<\/p>\n\n\n\n<div style=\"height:100px\" aria-hidden=\"true\" class=\"wp-block-spacer\"><\/div>\n","protected":false},"excerpt":{"rendered":"<p>Das JOiN entwickelte gemeinsam mit vier Schulklassen die Kinderoper\u00a0Holle!\u00a0f\u00fcr alle ab 6 Jahren.\u00a0 Frau Holle sorgt f\u00fcr Schneegest\u00f6ber und Blumenwiesenwetter. Doch schafft die schrullige Wetterfrau das Pensum nicht mehr allein! Bereits in der bitterb\u00f6sen M\u00e4rchenvorlage der Br\u00fcder Grimm sucht sich Frau Holle Unterst\u00fctzung. Ob faul oder flei\u00dfig, jede Hilfe ist willkommen! Denn was w\u00e4re, wenn [&hellip;]<\/p>\n","protected":false},"author":1,"featured_media":37567,"comment_status":"open","ping_status":"open","sticky":false,"template":"","format":"standard","meta":{"_monsterinsights_skip_tracking":false,"_monsterinsights_sitenote_active":false,"_monsterinsights_sitenote_note":"","_monsterinsights_sitenote_category":0},"categories":[10359],"tags":[11533,6308,2770,11534],"yoast_head":"<!-- This site is optimized with the Yoast SEO plugin v20.5 - https:\/\/yoast.com\/wordpress\/plugins\/seo\/ -->\n<title>Holle!, eine Kinderoper von Sebastian Schwab, online zu erleben I szenik<\/title>\n<meta name=\"description\" content=\"Das JOiN und Sebastian Schwab entwickelten gemeinsam mit vier Schulklassen die Kinderoper Holle!. Vom 27.06. - 11.07.2021 als Stream-On-Demand.\" \/>\n<meta name=\"robots\" content=\"index, follow, max-snippet:-1, max-image-preview:large, max-video-preview:-1\" \/>\n<link rel=\"canonical\" href=\"https:\/\/www.szenik.eu\/de\/staatsoper-stuttgart-holle-eine-kinderoper-von-sebastian-schwab-vom-27-06-11-07-2021-online-zu-erleben-39997\" \/>\n<meta property=\"og:locale\" content=\"de_DE\" \/>\n<meta property=\"og:type\" content=\"article\" \/>\n<meta property=\"og:title\" content=\"Holle!, eine Kinderoper von Sebastian Schwab, online zu erleben I szenik\" \/>\n<meta property=\"og:description\" content=\"Das JOiN und Sebastian Schwab entwickelten gemeinsam mit vier Schulklassen die Kinderoper Holle!. Vom 27.06. - 11.07.2021 als Stream-On-Demand.\" \/>\n<meta property=\"og:url\" content=\"https:\/\/www.szenik.eu\/de\/staatsoper-stuttgart-holle-eine-kinderoper-von-sebastian-schwab-vom-27-06-11-07-2021-online-zu-erleben-39997\" \/>\n<meta property=\"og:site_name\" content=\"szenik\" \/>\n<meta property=\"article:publisher\" content=\"https:\/\/www.facebook.com\/szenik.eu\/\" \/>\n<meta property=\"article:published_time\" content=\"2021-05-31T11:18:56+00:00\" \/>\n<meta property=\"article:modified_time\" content=\"2021-05-31T11:19:00+00:00\" \/>\n<meta property=\"og:image\" content=\"https:\/\/www.szenik.eu\/wp-content\/uploads\/2021\/02\/Capture-d\u2019\u00e9cran-2021-02-10-\u00e0-13.31.36.png\" \/>\n\t<meta property=\"og:image:width\" content=\"897\" \/>\n\t<meta property=\"og:image:height\" content=\"646\" \/>\n\t<meta property=\"og:image:type\" content=\"image\/png\" \/>\n<meta name=\"author\" content=\"szenik\" \/>\n<meta name=\"twitter:card\" content=\"summary_large_image\" \/>\n<meta name=\"twitter:creator\" content=\"@Szenik\" \/>\n<meta name=\"twitter:site\" content=\"@Szenik\" \/>\n<meta name=\"twitter:label1\" content=\"Verfasst von\" \/>\n\t<meta name=\"twitter:data1\" content=\"szenik\" \/>\n\t<meta name=\"twitter:label2\" content=\"Gesch\u00e4tzte Lesezeit\" \/>\n\t<meta name=\"twitter:data2\" content=\"1\u00a0Minute\" \/>\n<script type=\"application\/ld+json\" class=\"yoast-schema-graph\">{\"@context\":\"https:\/\/schema.org\",\"@graph\":[{\"@type\":\"Article\",\"@id\":\"https:\/\/www.szenik.eu\/de\/staatsoper-stuttgart-holle-eine-kinderoper-von-sebastian-schwab-vom-27-06-11-07-2021-online-zu-erleben-39997#article\",\"isPartOf\":{\"@id\":\"https:\/\/www.szenik.eu\/de\/staatsoper-stuttgart-holle-eine-kinderoper-von-sebastian-schwab-vom-27-06-11-07-2021-online-zu-erleben-39997\"},\"author\":{\"name\":\"szenik\",\"@id\":\"https:\/\/www.szenik.eu\/de\/#\/schema\/person\/15f73f175b41bad194837490339d48fb\"},\"headline\":\"Staatsoper Stuttgart: Holle!, eine Kinderoper von Sebastian Schwab, vom 27.06. -11.07.2021 online zu erleben\",\"datePublished\":\"2021-05-31T11:18:56+00:00\",\"dateModified\":\"2021-05-31T11:19:00+00:00\",\"mainEntityOfPage\":{\"@id\":\"https:\/\/www.szenik.eu\/de\/staatsoper-stuttgart-holle-eine-kinderoper-von-sebastian-schwab-vom-27-06-11-07-2021-online-zu-erleben-39997\"},\"wordCount\":153,\"commentCount\":0,\"publisher\":{\"@id\":\"https:\/\/www.szenik.eu\/de\/#organization\"},\"keywords\":[\"Sebastian Schwab\",\"Staatsoper Stuttgart\",\"Stuttgart\",\"Suse Pfister\"],\"articleSection\":[\"TV \/ Streaming\"],\"inLanguage\":\"de\",\"potentialAction\":[{\"@type\":\"CommentAction\",\"name\":\"Comment\",\"target\":[\"https:\/\/www.szenik.eu\/de\/staatsoper-stuttgart-holle-eine-kinderoper-von-sebastian-schwab-vom-27-06-11-07-2021-online-zu-erleben-39997#respond\"]}]},{\"@type\":\"WebPage\",\"@id\":\"https:\/\/www.szenik.eu\/de\/staatsoper-stuttgart-holle-eine-kinderoper-von-sebastian-schwab-vom-27-06-11-07-2021-online-zu-erleben-39997\",\"url\":\"https:\/\/www.szenik.eu\/de\/staatsoper-stuttgart-holle-eine-kinderoper-von-sebastian-schwab-vom-27-06-11-07-2021-online-zu-erleben-39997\",\"name\":\"Holle!, eine Kinderoper von Sebastian Schwab, online zu erleben I szenik\",\"isPartOf\":{\"@id\":\"https:\/\/www.szenik.eu\/de\/#website\"},\"datePublished\":\"2021-05-31T11:18:56+00:00\",\"dateModified\":\"2021-05-31T11:19:00+00:00\",\"description\":\"Das JOiN und Sebastian Schwab entwickelten gemeinsam mit vier Schulklassen die Kinderoper Holle!. Vom 27.06. - 11.07.2021 als Stream-On-Demand.\",\"breadcrumb\":{\"@id\":\"https:\/\/www.szenik.eu\/de\/staatsoper-stuttgart-holle-eine-kinderoper-von-sebastian-schwab-vom-27-06-11-07-2021-online-zu-erleben-39997#breadcrumb\"},\"inLanguage\":\"de\",\"potentialAction\":[{\"@type\":\"ReadAction\",\"target\":[\"https:\/\/www.szenik.eu\/de\/staatsoper-stuttgart-holle-eine-kinderoper-von-sebastian-schwab-vom-27-06-11-07-2021-online-zu-erleben-39997\"]}]},{\"@type\":\"BreadcrumbList\",\"@id\":\"https:\/\/www.szenik.eu\/de\/staatsoper-stuttgart-holle-eine-kinderoper-von-sebastian-schwab-vom-27-06-11-07-2021-online-zu-erleben-39997#breadcrumb\",\"itemListElement\":[{\"@type\":\"ListItem\",\"position\":1,\"name\":\"Home\",\"item\":\"https:\/\/www.szenik.eu\/de\"},{\"@type\":\"ListItem\",\"position\":2,\"name\":\"Staatsoper Stuttgart: Holle!, eine Kinderoper von Sebastian Schwab, vom 27.06. -11.07.2021 online zu erleben\"}]},{\"@type\":\"WebSite\",\"@id\":\"https:\/\/www.szenik.eu\/de\/#website\",\"url\":\"https:\/\/www.szenik.eu\/de\/\",\"name\":\"szenik\",\"description\":\"Le Meilleur des sc\u00e8nes au coeur de l&#039;Europe\",\"publisher\":{\"@id\":\"https:\/\/www.szenik.eu\/de\/#organization\"},\"potentialAction\":[{\"@type\":\"SearchAction\",\"target\":{\"@type\":\"EntryPoint\",\"urlTemplate\":\"https:\/\/www.szenik.eu\/de\/?s={search_term_string}\"},\"query-input\":\"required name=search_term_string\"}],\"inLanguage\":\"de\"},{\"@type\":\"Organization\",\"@id\":\"https:\/\/www.szenik.eu\/de\/#organization\",\"name\":\"Szenik\",\"url\":\"https:\/\/www.szenik.eu\/de\/\",\"logo\":{\"@type\":\"ImageObject\",\"inLanguage\":\"de\",\"@id\":\"https:\/\/www.szenik.eu\/de\/#\/schema\/logo\/image\/\",\"url\":\"https:\/\/www.szenik.eu\/wp-content\/uploads\/2019\/07\/logo-square.png\",\"contentUrl\":\"https:\/\/www.szenik.eu\/wp-content\/uploads\/2019\/07\/logo-square.png\",\"width\":512,\"height\":512,\"caption\":\"Szenik\"},\"image\":{\"@id\":\"https:\/\/www.szenik.eu\/de\/#\/schema\/logo\/image\/\"},\"sameAs\":[\"https:\/\/www.facebook.com\/szenik.eu\/\",\"https:\/\/twitter.com\/Szenik\",\"https:\/\/www.instagram.com\/szenik_magazine\/\",\"https:\/\/www.youtube.com\/user\/SzenikEU\/\"]},{\"@type\":\"Person\",\"@id\":\"https:\/\/www.szenik.eu\/de\/#\/schema\/person\/15f73f175b41bad194837490339d48fb\",\"name\":\"szenik\",\"image\":{\"@type\":\"ImageObject\",\"inLanguage\":\"de\",\"@id\":\"https:\/\/www.szenik.eu\/de\/#\/schema\/person\/image\/\",\"url\":\"https:\/\/secure.gravatar.com\/avatar\/d1c4f19522a624a4eaa5e6c03e22370b?s=96&d=mm&r=g\",\"contentUrl\":\"https:\/\/secure.gravatar.com\/avatar\/d1c4f19522a624a4eaa5e6c03e22370b?s=96&d=mm&r=g\",\"caption\":\"szenik\"}}]}<\/script>\n<!-- \/ Yoast SEO plugin. -->","yoast_head_json":{"title":"Holle!, eine Kinderoper von Sebastian Schwab, online zu erleben I szenik","description":"Das JOiN und Sebastian Schwab entwickelten gemeinsam mit vier Schulklassen die Kinderoper Holle!. Vom 27.06. - 11.07.2021 als Stream-On-Demand.","robots":{"index":"index","follow":"follow","max-snippet":"max-snippet:-1","max-image-preview":"max-image-preview:large","max-video-preview":"max-video-preview:-1"},"canonical":"https:\/\/www.szenik.eu\/de\/staatsoper-stuttgart-holle-eine-kinderoper-von-sebastian-schwab-vom-27-06-11-07-2021-online-zu-erleben-39997","og_locale":"de_DE","og_type":"article","og_title":"Holle!, eine Kinderoper von Sebastian Schwab, online zu erleben I szenik","og_description":"Das JOiN und Sebastian Schwab entwickelten gemeinsam mit vier Schulklassen die Kinderoper Holle!. Vom 27.06. - 11.07.2021 als Stream-On-Demand.","og_url":"https:\/\/www.szenik.eu\/de\/staatsoper-stuttgart-holle-eine-kinderoper-von-sebastian-schwab-vom-27-06-11-07-2021-online-zu-erleben-39997","og_site_name":"szenik","article_publisher":"https:\/\/www.facebook.com\/szenik.eu\/","article_published_time":"2021-05-31T11:18:56+00:00","article_modified_time":"2021-05-31T11:19:00+00:00","og_image":[{"width":897,"height":646,"url":"https:\/\/www.szenik.eu\/wp-content\/uploads\/2021\/02\/Capture-d\u2019\u00e9cran-2021-02-10-\u00e0-13.31.36.png","type":"image\/png"}],"author":"szenik","twitter_card":"summary_large_image","twitter_creator":"@Szenik","twitter_site":"@Szenik","twitter_misc":{"Verfasst von":"szenik","Gesch\u00e4tzte Lesezeit":"1\u00a0Minute"},"schema":{"@context":"https:\/\/schema.org","@graph":[{"@type":"Article","@id":"https:\/\/www.szenik.eu\/de\/staatsoper-stuttgart-holle-eine-kinderoper-von-sebastian-schwab-vom-27-06-11-07-2021-online-zu-erleben-39997#article","isPartOf":{"@id":"https:\/\/www.szenik.eu\/de\/staatsoper-stuttgart-holle-eine-kinderoper-von-sebastian-schwab-vom-27-06-11-07-2021-online-zu-erleben-39997"},"author":{"name":"szenik","@id":"https:\/\/www.szenik.eu\/de\/#\/schema\/person\/15f73f175b41bad194837490339d48fb"},"headline":"Staatsoper Stuttgart: Holle!, eine Kinderoper von Sebastian Schwab, vom 27.06. -11.07.2021 online zu erleben","datePublished":"2021-05-31T11:18:56+00:00","dateModified":"2021-05-31T11:19:00+00:00","mainEntityOfPage":{"@id":"https:\/\/www.szenik.eu\/de\/staatsoper-stuttgart-holle-eine-kinderoper-von-sebastian-schwab-vom-27-06-11-07-2021-online-zu-erleben-39997"},"wordCount":153,"commentCount":0,"publisher":{"@id":"https:\/\/www.szenik.eu\/de\/#organization"},"keywords":["Sebastian Schwab","Staatsoper Stuttgart","Stuttgart","Suse Pfister"],"articleSection":["TV \/ Streaming"],"inLanguage":"de","potentialAction":[{"@type":"CommentAction","name":"Comment","target":["https:\/\/www.szenik.eu\/de\/staatsoper-stuttgart-holle-eine-kinderoper-von-sebastian-schwab-vom-27-06-11-07-2021-online-zu-erleben-39997#respond"]}]},{"@type":"WebPage","@id":"https:\/\/www.szenik.eu\/de\/staatsoper-stuttgart-holle-eine-kinderoper-von-sebastian-schwab-vom-27-06-11-07-2021-online-zu-erleben-39997","url":"https:\/\/www.szenik.eu\/de\/staatsoper-stuttgart-holle-eine-kinderoper-von-sebastian-schwab-vom-27-06-11-07-2021-online-zu-erleben-39997","name":"Holle!, eine Kinderoper von Sebastian Schwab, online zu erleben I szenik","isPartOf":{"@id":"https:\/\/www.szenik.eu\/de\/#website"},"datePublished":"2021-05-31T11:18:56+00:00","dateModified":"2021-05-31T11:19:00+00:00","description":"Das JOiN und Sebastian Schwab entwickelten gemeinsam mit vier Schulklassen die Kinderoper Holle!. Vom 27.06. - 11.07.2021 als Stream-On-Demand.","breadcrumb":{"@id":"https:\/\/www.szenik.eu\/de\/staatsoper-stuttgart-holle-eine-kinderoper-von-sebastian-schwab-vom-27-06-11-07-2021-online-zu-erleben-39997#breadcrumb"},"inLanguage":"de","potentialAction":[{"@type":"ReadAction","target":["https:\/\/www.szenik.eu\/de\/staatsoper-stuttgart-holle-eine-kinderoper-von-sebastian-schwab-vom-27-06-11-07-2021-online-zu-erleben-39997"]}]},{"@type":"BreadcrumbList","@id":"https:\/\/www.szenik.eu\/de\/staatsoper-stuttgart-holle-eine-kinderoper-von-sebastian-schwab-vom-27-06-11-07-2021-online-zu-erleben-39997#breadcrumb","itemListElement":[{"@type":"ListItem","position":1,"name":"Home","item":"https:\/\/www.szenik.eu\/de"},{"@type":"ListItem","position":2,"name":"Staatsoper Stuttgart: Holle!, eine Kinderoper von Sebastian Schwab, vom 27.06. -11.07.2021 online zu erleben"}]},{"@type":"WebSite","@id":"https:\/\/www.szenik.eu\/de\/#website","url":"https:\/\/www.szenik.eu\/de\/","name":"szenik","description":"Le Meilleur des sc\u00e8nes au coeur de l&#039;Europe","publisher":{"@id":"https:\/\/www.szenik.eu\/de\/#organization"},"potentialAction":[{"@type":"SearchAction","target":{"@type":"EntryPoint","urlTemplate":"https:\/\/www.szenik.eu\/de\/?s={search_term_string}"},"query-input":"required name=search_term_string"}],"inLanguage":"de"},{"@type":"Organization","@id":"https:\/\/www.szenik.eu\/de\/#organization","name":"Szenik","url":"https:\/\/www.szenik.eu\/de\/","logo":{"@type":"ImageObject","inLanguage":"de","@id":"https:\/\/www.szenik.eu\/de\/#\/schema\/logo\/image\/","url":"https:\/\/www.szenik.eu\/wp-content\/uploads\/2019\/07\/logo-square.png","contentUrl":"https:\/\/www.szenik.eu\/wp-content\/uploads\/2019\/07\/logo-square.png","width":512,"height":512,"caption":"Szenik"},"image":{"@id":"https:\/\/www.szenik.eu\/de\/#\/schema\/logo\/image\/"},"sameAs":["https:\/\/www.facebook.com\/szenik.eu\/","https:\/\/twitter.com\/Szenik","https:\/\/www.instagram.com\/szenik_magazine\/","https:\/\/www.youtube.com\/user\/SzenikEU\/"]},{"@type":"Person","@id":"https:\/\/www.szenik.eu\/de\/#\/schema\/person\/15f73f175b41bad194837490339d48fb","name":"szenik","image":{"@type":"ImageObject","inLanguage":"de","@id":"https:\/\/www.szenik.eu\/de\/#\/schema\/person\/image\/","url":"https:\/\/secure.gravatar.com\/avatar\/d1c4f19522a624a4eaa5e6c03e22370b?s=96&d=mm&r=g","contentUrl":"https:\/\/secure.gravatar.com\/avatar\/d1c4f19522a624a4eaa5e6c03e22370b?s=96&d=mm&r=g","caption":"szenik"}}]}},"jetpack_featured_media_url":"https:\/\/www.szenik.eu\/wp-content\/uploads\/2021\/02\/Capture-d\u2019\u00e9cran-2021-02-10-\u00e0-13.31.36.png","amp_enabled":true,"_links":{"self":[{"href":"https:\/\/www.szenik.eu\/de\/wp-json\/\/wp\/v2\/posts\/39997"}],"collection":[{"href":"https:\/\/www.szenik.eu\/de\/wp-json\/\/wp\/v2\/posts"}],"about":[{"href":"https:\/\/www.szenik.eu\/de\/wp-json\/\/wp\/v2\/types\/post"}],"author":[{"embeddable":true,"href":"https:\/\/www.szenik.eu\/de\/wp-json\/\/wp\/v2\/users\/1"}],"replies":[{"embeddable":true,"href":"https:\/\/www.szenik.eu\/de\/wp-json\/\/wp\/v2\/comments?post=39997"}],"version-history":[{"count":2,"href":"https:\/\/www.szenik.eu\/de\/wp-json\/\/wp\/v2\/posts\/39997\/revisions"}],"predecessor-version":[{"id":39999,"href":"https:\/\/www.szenik.eu\/de\/wp-json\/\/wp\/v2\/posts\/39997\/revisions\/39999"}],"wp:featuredmedia":[{"embeddable":true,"href":"https:\/\/www.szenik.eu\/de\/wp-json\/\/wp\/v2\/media\/37567"}],"wp:attachment":[{"href":"https:\/\/www.szenik.eu\/de\/wp-json\/\/wp\/v2\/media?parent=39997"}],"wp:term":[{"taxonomy":"category","embeddable":true,"href":"https:\/\/www.szenik.eu\/de\/wp-json\/\/wp\/v2\/categories?post=39997"},{"taxonomy":"post_tag","embeddable":true,"href":"https:\/\/www.szenik.eu\/de\/wp-json\/\/wp\/v2\/tags?post=39997"}],"curies":[{"name":"wp","href":"https:\/\/api.w.org\/{rel}","templated":true}]}}