{"id":39860,"date":"2021-05-27T13:46:15","date_gmt":"2021-05-27T11:46:15","guid":{"rendered":"https:\/\/www.szenik.eu\/?p=39860\/"},"modified":"2021-05-27T13:46:20","modified_gmt":"2021-05-27T11:46:20","slug":"das-nationaltheater-mannheim-nimmt-im-juni-den-spielbetrieb-wieder-auf","status":"publish","type":"post","link":"https:\/\/www.szenik.eu\/de\/das-nationaltheater-mannheim-nimmt-im-juni-den-spielbetrieb-wieder-auf-39860","title":{"rendered":"Das Nationaltheater Mannheim nimmt im Juni den Spielbetrieb wieder auf"},"content":{"rendered":"\n<h2>Da ein Spielbetrieb bei einer stabilen Inzidenz unter 100 m\u00f6glich ist, wird das NTM in den kommenden Tagen einen vielf\u00e4ltigen Spielplan auf\u00a0<a href=\"http:\/\/www.nationaltheater.de\">w<\/a><a href=\"http:\/\/www.nationaltheater.de\" target=\"_blank\" rel=\"noreferrer noopener\" aria-label=\"ww.nationaltheater.de  (opens in a new tab)\">ww.nationaltheater.de <\/a>pr\u00e4sentieren und ab Juni seinen Spielbetrieb wieder aufnehmen.<\/h2>\n\n\n\n<div style=\"height:100px\" aria-hidden=\"true\" class=\"wp-block-spacer\"><\/div>\n\n\n\n<p><em>Medienmitteilung<\/em><\/p>\n\n\n\n<div style=\"height:100px\" aria-hidden=\"true\" class=\"wp-block-spacer\"><\/div>\n\n\n\n<p>Neben den <strong><a href=\"https:\/\/www.szenik.eu\/de\/21-internationale-schillertage-vom-17-27-juni-2021-im-nationaltheater-mannheim-39523\" target=\"_blank\" rel=\"noreferrer noopener\" aria-label=\"21. Internationalen Schillertagen (opens in a new tab)\">21. Internationalen Schillertagen<\/a><\/strong>,\u00a0die vom 17. \u2013 27. Juni online und im Stadtraum stattfinden werden, startet auch der NTM-Theatertruck des Schauspiels mit den drei Shakespearest\u00fccken \u00bb<strong><em>Macbeth<\/em><\/strong>\u00ab in der Regie von Hausregisseur Christian Weise, \u00bb<strong><em>Ein Sommernachtstraum<\/em><\/strong>\u00ab inszeniert von Jakob Weiss und \u00bb<strong><em>Romeo und Julia<\/em><\/strong>\u00ab (Regie: Selen Kara) in die Open-Air-Saison. Der Truck wird an verschiedenen Orten im Stadtraum und in der Region seine Ladefl\u00e4che aufklappen.<\/p>\n\n\n\n<p>Die Oper feiert u. a. mit \u00bb<strong><em>Simplicius Simplicissimus<\/em><\/strong>\u00ab in der Regie von Markus Dietz gleich doppelt Premiere, da der Abend nicht nur online als Opernfilm, sondern auch im Theatersaal zu erleben sein wird. Im Tanz geht es mit der Urauff\u00fchrung des neuen Orchester-Tanzabends \u00bb<strong><em>Crescendo<\/em><\/strong>\u00ab zun\u00e4chst digital weiter, bevor die Choreografie von Intendant Stephan Thoss mit einem Ausschnitt bei der 4. Tanzbiennale in Heidelberg und in G\u00e4nze im Opernhaus des Nationaltheaters zu sehen sein wird.\u00a0<\/p>\n\n\n\n<p>Die B\u00fchne des Jungen NTM zieht im Juni teilweise in den Hof der Alten Feuerwache und hei\u00dft sein Publikum unter freiem Himmel, aber auch im Saal willkommen. Zum Auftakt d\u00fcrfen sich Zuschauer*innen ab 4 Jahren auf die Premiere von \u00bb<strong><em>Vom kleinen Maulwurf, der wissen wollte, wer ihm auf den Kopf gemacht hat<\/em><\/strong>\u00ab in der Regie von James &amp; Priscilla freuen.<\/p>\n\n\n\n<p>Dar\u00fcber hinaus warten neben den Repertoirevorstellungen auch zahlreiche Neuproduktionen darauf, endlich ihre Premiere vor Publikum feiern zu k\u00f6nnen. Zudem wird im\u00a0Rahmen der 21. Internationalen Schillertage auf dem Vorplatz des Nationaltheaters eine Open-Air-B\u00fchne errichtet, f\u00fcr die die verschiedenen Sparten nach Festivalende ein Programm zusammenstellen, um ihrem Publikum ausgiebig und mit Abstand begegnen zu k\u00f6nnen.<\/p>\n\n\n\n<div style=\"height:57px\" aria-hidden=\"true\" class=\"wp-block-spacer\"><\/div>\n\n\n\n<blockquote class=\"wp-block-quote\"><p>\u00bbNach einer siebenmonatigen Aussetzung des regul\u00e4ren Spielbetriebs und vielen interessanten und kreativen Arbeiten im digitalen Raum freuen wir uns sehr, das Spielhaus am Goetheplatz wieder f\u00fcr unser Publikum zu \u00f6ffnen. Dar\u00fcber hinaus gibt es mit den 21. Internationalen Schillertagen in den kommenden Wochen eines der gr\u00f6\u00dften Theaterfestivals in S\u00fcddeutschland\u00a0zu entdecken.\u00a0Neben\u00a0interessanten\u00a0Open-Air-Veranstaltungen aller vier Sparten bleiben wir auch online f\u00fcr unser Publikum aktiv und f\u00fchren die erfolgreichen Formate der vergangenen Monate fort.\u00ab<\/p><cite>Marc Stefan Sickel, gesch\u00e4ftsf\u00fchrender Intendant<\/cite><\/blockquote>\n\n\n\n<div style=\"height:55px\" aria-hidden=\"true\" class=\"wp-block-spacer\"><\/div>\n\n\n\n<p>Alle Termine und Karten f\u00fcr unsere Veranstaltungen im Juni finden Sie <strong>ab 01.06.2021<\/strong> auf\u00a0<a rel=\"noreferrer noopener\" aria-label=\" (opens in a new tab)\" href=\"http:\/\/www.nationaltheater.de\/\" target=\"_blank\"><strong>www.nationaltheater.de<\/strong><\/a>. Und wer es nicht abwarten kann, erh\u00e4lt bereits ab heute Termine und Karten f\u00fcr \u00bbVom kleinen Maulwurf, der wissen wollte, wer ihm auf den Kopf gemacht hat\u00ab.<\/p>\n\n\n\n<div style=\"height:100px\" aria-hidden=\"true\" class=\"wp-block-spacer\"><\/div>\n\n\n\n<div class=\"wp-block-button aligncenter\"><a class=\"wp-block-button__link has-text-color has-very-dark-gray-color has-background has-luminous-vivid-amber-background-color\" href=\"https:\/\/www.nationaltheater-mannheim.de\/de\/index.php\" target=\"_blank\" rel=\"noreferrer noopener\">Zur Website des Nationaltheaters Mannheim<\/a><\/div>\n\n\n\n<div style=\"height:100px\" aria-hidden=\"true\" class=\"wp-block-spacer\"><\/div>\n\n\n\n<p class=\"has-small-font-size\">Foto: Christian Kleiner<\/p>\n\n\n\n<div style=\"height:100px\" aria-hidden=\"true\" class=\"wp-block-spacer\"><\/div>\n","protected":false},"excerpt":{"rendered":"<p>Da ein Spielbetrieb bei einer stabilen Inzidenz unter 100 m\u00f6glich ist, wird das NTM in den kommenden Tagen einen vielf\u00e4ltigen Spielplan auf\u00a0www.nationaltheater.de pr\u00e4sentieren und ab Juni seinen Spielbetrieb wieder aufnehmen. Medienmitteilung Neben den 21. Internationalen Schillertagen,\u00a0die vom 17. \u2013 27. Juni online und im Stadtraum stattfinden werden, startet auch der NTM-Theatertruck des Schauspiels mit den [&hellip;]<\/p>\n","protected":false},"author":1,"featured_media":38926,"comment_status":"open","ping_status":"open","sticky":false,"template":"","format":"standard","meta":{"_monsterinsights_skip_tracking":false,"_monsterinsights_sitenote_active":false,"_monsterinsights_sitenote_note":"","_monsterinsights_sitenote_category":0},"categories":[2815],"tags":[10755,10756,11493,3305,11492,3304,10757],"yoast_head":"<!-- This site is optimized with the Yoast SEO plugin v20.5 - https:\/\/yoast.com\/wordpress\/plugins\/seo\/ -->\n<title>Das Nationaltheater Mannheim nimmt den Spielbetrieb wieder auf I szenik<\/title>\n<meta name=\"description\" content=\"Die B\u00fchne des Jungen NTM zieht im Juni teilweise in den Hof der Alten Feuerwache und hei\u00dft sein Publikum unter freiem Himmel, aber auch im Saal willkommen.\" \/>\n<meta name=\"robots\" content=\"index, follow, max-snippet:-1, max-image-preview:large, max-video-preview:-1\" \/>\n<link rel=\"canonical\" href=\"https:\/\/www.szenik.eu\/de\/das-nationaltheater-mannheim-nimmt-im-juni-den-spielbetrieb-wieder-auf-39860\" \/>\n<meta property=\"og:locale\" content=\"de_DE\" \/>\n<meta property=\"og:type\" content=\"article\" \/>\n<meta property=\"og:title\" content=\"Das Nationaltheater Mannheim nimmt den Spielbetrieb wieder auf I szenik\" \/>\n<meta property=\"og:description\" content=\"Die B\u00fchne des Jungen NTM zieht im Juni teilweise in den Hof der Alten Feuerwache und hei\u00dft sein Publikum unter freiem Himmel, aber auch im Saal willkommen.\" \/>\n<meta property=\"og:url\" content=\"https:\/\/www.szenik.eu\/de\/das-nationaltheater-mannheim-nimmt-im-juni-den-spielbetrieb-wieder-auf-39860\" \/>\n<meta property=\"og:site_name\" content=\"szenik\" \/>\n<meta property=\"article:publisher\" content=\"https:\/\/www.facebook.com\/szenik.eu\/\" \/>\n<meta property=\"article:published_time\" content=\"2021-05-27T11:46:15+00:00\" \/>\n<meta property=\"article:modified_time\" content=\"2021-05-27T11:46:20+00:00\" \/>\n<meta property=\"og:image\" content=\"https:\/\/www.szenik.eu\/wp-content\/uploads\/2021\/04\/Capture-d\u2019\u00e9cran-2021-04-16-\u00e0-16.39.14.png\" \/>\n\t<meta property=\"og:image:width\" content=\"1179\" \/>\n\t<meta property=\"og:image:height\" content=\"604\" \/>\n\t<meta property=\"og:image:type\" content=\"image\/png\" \/>\n<meta name=\"author\" content=\"szenik\" \/>\n<meta name=\"twitter:card\" content=\"summary_large_image\" \/>\n<meta name=\"twitter:creator\" content=\"@Szenik\" \/>\n<meta name=\"twitter:site\" content=\"@Szenik\" \/>\n<meta name=\"twitter:label1\" content=\"Verfasst von\" \/>\n\t<meta name=\"twitter:data1\" content=\"szenik\" \/>\n\t<meta name=\"twitter:label2\" content=\"Gesch\u00e4tzte Lesezeit\" \/>\n\t<meta name=\"twitter:data2\" content=\"2\u00a0Minuten\" \/>\n<script type=\"application\/ld+json\" class=\"yoast-schema-graph\">{\"@context\":\"https:\/\/schema.org\",\"@graph\":[{\"@type\":\"Article\",\"@id\":\"https:\/\/www.szenik.eu\/de\/das-nationaltheater-mannheim-nimmt-im-juni-den-spielbetrieb-wieder-auf-39860#article\",\"isPartOf\":{\"@id\":\"https:\/\/www.szenik.eu\/de\/das-nationaltheater-mannheim-nimmt-im-juni-den-spielbetrieb-wieder-auf-39860\"},\"author\":{\"name\":\"szenik\",\"@id\":\"https:\/\/www.szenik.eu\/de\/#\/schema\/person\/15f73f175b41bad194837490339d48fb\"},\"headline\":\"Das Nationaltheater Mannheim nimmt im Juni den Spielbetrieb wieder auf\",\"datePublished\":\"2021-05-27T11:46:15+00:00\",\"dateModified\":\"2021-05-27T11:46:20+00:00\",\"mainEntityOfPage\":{\"@id\":\"https:\/\/www.szenik.eu\/de\/das-nationaltheater-mannheim-nimmt-im-juni-den-spielbetrieb-wieder-auf-39860\"},\"wordCount\":449,\"commentCount\":0,\"publisher\":{\"@id\":\"https:\/\/www.szenik.eu\/de\/#organization\"},\"keywords\":[\"Christian Weise\",\"Jakob Weiss\",\"James &amp; Priscilla\",\"Mannheim\",\"Markus Dietz\",\"Nationaltheater Mannheim\",\"Selen Kara\"],\"articleSection\":[\"Kurz &amp; knackig\"],\"inLanguage\":\"de\",\"potentialAction\":[{\"@type\":\"CommentAction\",\"name\":\"Comment\",\"target\":[\"https:\/\/www.szenik.eu\/de\/das-nationaltheater-mannheim-nimmt-im-juni-den-spielbetrieb-wieder-auf-39860#respond\"]}]},{\"@type\":\"WebPage\",\"@id\":\"https:\/\/www.szenik.eu\/de\/das-nationaltheater-mannheim-nimmt-im-juni-den-spielbetrieb-wieder-auf-39860\",\"url\":\"https:\/\/www.szenik.eu\/de\/das-nationaltheater-mannheim-nimmt-im-juni-den-spielbetrieb-wieder-auf-39860\",\"name\":\"Das Nationaltheater Mannheim nimmt den Spielbetrieb wieder auf I szenik\",\"isPartOf\":{\"@id\":\"https:\/\/www.szenik.eu\/de\/#website\"},\"datePublished\":\"2021-05-27T11:46:15+00:00\",\"dateModified\":\"2021-05-27T11:46:20+00:00\",\"description\":\"Die B\u00fchne des Jungen NTM zieht im Juni teilweise in den Hof der Alten Feuerwache und hei\u00dft sein Publikum unter freiem Himmel, aber auch im Saal willkommen.\",\"breadcrumb\":{\"@id\":\"https:\/\/www.szenik.eu\/de\/das-nationaltheater-mannheim-nimmt-im-juni-den-spielbetrieb-wieder-auf-39860#breadcrumb\"},\"inLanguage\":\"de\",\"potentialAction\":[{\"@type\":\"ReadAction\",\"target\":[\"https:\/\/www.szenik.eu\/de\/das-nationaltheater-mannheim-nimmt-im-juni-den-spielbetrieb-wieder-auf-39860\"]}]},{\"@type\":\"BreadcrumbList\",\"@id\":\"https:\/\/www.szenik.eu\/de\/das-nationaltheater-mannheim-nimmt-im-juni-den-spielbetrieb-wieder-auf-39860#breadcrumb\",\"itemListElement\":[{\"@type\":\"ListItem\",\"position\":1,\"name\":\"Home\",\"item\":\"https:\/\/www.szenik.eu\/de\"},{\"@type\":\"ListItem\",\"position\":2,\"name\":\"Das Nationaltheater Mannheim nimmt im Juni den Spielbetrieb wieder auf\"}]},{\"@type\":\"WebSite\",\"@id\":\"https:\/\/www.szenik.eu\/de\/#website\",\"url\":\"https:\/\/www.szenik.eu\/de\/\",\"name\":\"szenik\",\"description\":\"Le Meilleur des sc\u00e8nes au coeur de l&#039;Europe\",\"publisher\":{\"@id\":\"https:\/\/www.szenik.eu\/de\/#organization\"},\"potentialAction\":[{\"@type\":\"SearchAction\",\"target\":{\"@type\":\"EntryPoint\",\"urlTemplate\":\"https:\/\/www.szenik.eu\/de\/?s={search_term_string}\"},\"query-input\":\"required name=search_term_string\"}],\"inLanguage\":\"de\"},{\"@type\":\"Organization\",\"@id\":\"https:\/\/www.szenik.eu\/de\/#organization\",\"name\":\"Szenik\",\"url\":\"https:\/\/www.szenik.eu\/de\/\",\"logo\":{\"@type\":\"ImageObject\",\"inLanguage\":\"de\",\"@id\":\"https:\/\/www.szenik.eu\/de\/#\/schema\/logo\/image\/\",\"url\":\"https:\/\/www.szenik.eu\/wp-content\/uploads\/2019\/07\/logo-square.png\",\"contentUrl\":\"https:\/\/www.szenik.eu\/wp-content\/uploads\/2019\/07\/logo-square.png\",\"width\":512,\"height\":512,\"caption\":\"Szenik\"},\"image\":{\"@id\":\"https:\/\/www.szenik.eu\/de\/#\/schema\/logo\/image\/\"},\"sameAs\":[\"https:\/\/www.facebook.com\/szenik.eu\/\",\"https:\/\/twitter.com\/Szenik\",\"https:\/\/www.instagram.com\/szenik_magazine\/\",\"https:\/\/www.youtube.com\/user\/SzenikEU\/\"]},{\"@type\":\"Person\",\"@id\":\"https:\/\/www.szenik.eu\/de\/#\/schema\/person\/15f73f175b41bad194837490339d48fb\",\"name\":\"szenik\",\"image\":{\"@type\":\"ImageObject\",\"inLanguage\":\"de\",\"@id\":\"https:\/\/www.szenik.eu\/de\/#\/schema\/person\/image\/\",\"url\":\"https:\/\/secure.gravatar.com\/avatar\/d1c4f19522a624a4eaa5e6c03e22370b?s=96&d=mm&r=g\",\"contentUrl\":\"https:\/\/secure.gravatar.com\/avatar\/d1c4f19522a624a4eaa5e6c03e22370b?s=96&d=mm&r=g\",\"caption\":\"szenik\"}}]}<\/script>\n<!-- \/ Yoast SEO plugin. -->","yoast_head_json":{"title":"Das Nationaltheater Mannheim nimmt den Spielbetrieb wieder auf I szenik","description":"Die B\u00fchne des Jungen NTM zieht im Juni teilweise in den Hof der Alten Feuerwache und hei\u00dft sein Publikum unter freiem Himmel, aber auch im Saal willkommen.","robots":{"index":"index","follow":"follow","max-snippet":"max-snippet:-1","max-image-preview":"max-image-preview:large","max-video-preview":"max-video-preview:-1"},"canonical":"https:\/\/www.szenik.eu\/de\/das-nationaltheater-mannheim-nimmt-im-juni-den-spielbetrieb-wieder-auf-39860","og_locale":"de_DE","og_type":"article","og_title":"Das Nationaltheater Mannheim nimmt den Spielbetrieb wieder auf I szenik","og_description":"Die B\u00fchne des Jungen NTM zieht im Juni teilweise in den Hof der Alten Feuerwache und hei\u00dft sein Publikum unter freiem Himmel, aber auch im Saal willkommen.","og_url":"https:\/\/www.szenik.eu\/de\/das-nationaltheater-mannheim-nimmt-im-juni-den-spielbetrieb-wieder-auf-39860","og_site_name":"szenik","article_publisher":"https:\/\/www.facebook.com\/szenik.eu\/","article_published_time":"2021-05-27T11:46:15+00:00","article_modified_time":"2021-05-27T11:46:20+00:00","og_image":[{"width":1179,"height":604,"url":"https:\/\/www.szenik.eu\/wp-content\/uploads\/2021\/04\/Capture-d\u2019\u00e9cran-2021-04-16-\u00e0-16.39.14.png","type":"image\/png"}],"author":"szenik","twitter_card":"summary_large_image","twitter_creator":"@Szenik","twitter_site":"@Szenik","twitter_misc":{"Verfasst von":"szenik","Gesch\u00e4tzte Lesezeit":"2\u00a0Minuten"},"schema":{"@context":"https:\/\/schema.org","@graph":[{"@type":"Article","@id":"https:\/\/www.szenik.eu\/de\/das-nationaltheater-mannheim-nimmt-im-juni-den-spielbetrieb-wieder-auf-39860#article","isPartOf":{"@id":"https:\/\/www.szenik.eu\/de\/das-nationaltheater-mannheim-nimmt-im-juni-den-spielbetrieb-wieder-auf-39860"},"author":{"name":"szenik","@id":"https:\/\/www.szenik.eu\/de\/#\/schema\/person\/15f73f175b41bad194837490339d48fb"},"headline":"Das Nationaltheater Mannheim nimmt im Juni den Spielbetrieb wieder auf","datePublished":"2021-05-27T11:46:15+00:00","dateModified":"2021-05-27T11:46:20+00:00","mainEntityOfPage":{"@id":"https:\/\/www.szenik.eu\/de\/das-nationaltheater-mannheim-nimmt-im-juni-den-spielbetrieb-wieder-auf-39860"},"wordCount":449,"commentCount":0,"publisher":{"@id":"https:\/\/www.szenik.eu\/de\/#organization"},"keywords":["Christian Weise","Jakob Weiss","James &amp; Priscilla","Mannheim","Markus Dietz","Nationaltheater Mannheim","Selen Kara"],"articleSection":["Kurz &amp; knackig"],"inLanguage":"de","potentialAction":[{"@type":"CommentAction","name":"Comment","target":["https:\/\/www.szenik.eu\/de\/das-nationaltheater-mannheim-nimmt-im-juni-den-spielbetrieb-wieder-auf-39860#respond"]}]},{"@type":"WebPage","@id":"https:\/\/www.szenik.eu\/de\/das-nationaltheater-mannheim-nimmt-im-juni-den-spielbetrieb-wieder-auf-39860","url":"https:\/\/www.szenik.eu\/de\/das-nationaltheater-mannheim-nimmt-im-juni-den-spielbetrieb-wieder-auf-39860","name":"Das Nationaltheater Mannheim nimmt den Spielbetrieb wieder auf I szenik","isPartOf":{"@id":"https:\/\/www.szenik.eu\/de\/#website"},"datePublished":"2021-05-27T11:46:15+00:00","dateModified":"2021-05-27T11:46:20+00:00","description":"Die B\u00fchne des Jungen NTM zieht im Juni teilweise in den Hof der Alten Feuerwache und hei\u00dft sein Publikum unter freiem Himmel, aber auch im Saal willkommen.","breadcrumb":{"@id":"https:\/\/www.szenik.eu\/de\/das-nationaltheater-mannheim-nimmt-im-juni-den-spielbetrieb-wieder-auf-39860#breadcrumb"},"inLanguage":"de","potentialAction":[{"@type":"ReadAction","target":["https:\/\/www.szenik.eu\/de\/das-nationaltheater-mannheim-nimmt-im-juni-den-spielbetrieb-wieder-auf-39860"]}]},{"@type":"BreadcrumbList","@id":"https:\/\/www.szenik.eu\/de\/das-nationaltheater-mannheim-nimmt-im-juni-den-spielbetrieb-wieder-auf-39860#breadcrumb","itemListElement":[{"@type":"ListItem","position":1,"name":"Home","item":"https:\/\/www.szenik.eu\/de"},{"@type":"ListItem","position":2,"name":"Das Nationaltheater Mannheim nimmt im Juni den Spielbetrieb wieder auf"}]},{"@type":"WebSite","@id":"https:\/\/www.szenik.eu\/de\/#website","url":"https:\/\/www.szenik.eu\/de\/","name":"szenik","description":"Le Meilleur des sc\u00e8nes au coeur de l&#039;Europe","publisher":{"@id":"https:\/\/www.szenik.eu\/de\/#organization"},"potentialAction":[{"@type":"SearchAction","target":{"@type":"EntryPoint","urlTemplate":"https:\/\/www.szenik.eu\/de\/?s={search_term_string}"},"query-input":"required name=search_term_string"}],"inLanguage":"de"},{"@type":"Organization","@id":"https:\/\/www.szenik.eu\/de\/#organization","name":"Szenik","url":"https:\/\/www.szenik.eu\/de\/","logo":{"@type":"ImageObject","inLanguage":"de","@id":"https:\/\/www.szenik.eu\/de\/#\/schema\/logo\/image\/","url":"https:\/\/www.szenik.eu\/wp-content\/uploads\/2019\/07\/logo-square.png","contentUrl":"https:\/\/www.szenik.eu\/wp-content\/uploads\/2019\/07\/logo-square.png","width":512,"height":512,"caption":"Szenik"},"image":{"@id":"https:\/\/www.szenik.eu\/de\/#\/schema\/logo\/image\/"},"sameAs":["https:\/\/www.facebook.com\/szenik.eu\/","https:\/\/twitter.com\/Szenik","https:\/\/www.instagram.com\/szenik_magazine\/","https:\/\/www.youtube.com\/user\/SzenikEU\/"]},{"@type":"Person","@id":"https:\/\/www.szenik.eu\/de\/#\/schema\/person\/15f73f175b41bad194837490339d48fb","name":"szenik","image":{"@type":"ImageObject","inLanguage":"de","@id":"https:\/\/www.szenik.eu\/de\/#\/schema\/person\/image\/","url":"https:\/\/secure.gravatar.com\/avatar\/d1c4f19522a624a4eaa5e6c03e22370b?s=96&d=mm&r=g","contentUrl":"https:\/\/secure.gravatar.com\/avatar\/d1c4f19522a624a4eaa5e6c03e22370b?s=96&d=mm&r=g","caption":"szenik"}}]}},"jetpack_featured_media_url":"https:\/\/www.szenik.eu\/wp-content\/uploads\/2021\/04\/Capture-d\u2019\u00e9cran-2021-04-16-\u00e0-16.39.14.png","amp_enabled":true,"_links":{"self":[{"href":"https:\/\/www.szenik.eu\/de\/wp-json\/\/wp\/v2\/posts\/39860"}],"collection":[{"href":"https:\/\/www.szenik.eu\/de\/wp-json\/\/wp\/v2\/posts"}],"about":[{"href":"https:\/\/www.szenik.eu\/de\/wp-json\/\/wp\/v2\/types\/post"}],"author":[{"embeddable":true,"href":"https:\/\/www.szenik.eu\/de\/wp-json\/\/wp\/v2\/users\/1"}],"replies":[{"embeddable":true,"href":"https:\/\/www.szenik.eu\/de\/wp-json\/\/wp\/v2\/comments?post=39860"}],"version-history":[{"count":2,"href":"https:\/\/www.szenik.eu\/de\/wp-json\/\/wp\/v2\/posts\/39860\/revisions"}],"predecessor-version":[{"id":39862,"href":"https:\/\/www.szenik.eu\/de\/wp-json\/\/wp\/v2\/posts\/39860\/revisions\/39862"}],"wp:featuredmedia":[{"embeddable":true,"href":"https:\/\/www.szenik.eu\/de\/wp-json\/\/wp\/v2\/media\/38926"}],"wp:attachment":[{"href":"https:\/\/www.szenik.eu\/de\/wp-json\/\/wp\/v2\/media?parent=39860"}],"wp:term":[{"taxonomy":"category","embeddable":true,"href":"https:\/\/www.szenik.eu\/de\/wp-json\/\/wp\/v2\/categories?post=39860"},{"taxonomy":"post_tag","embeddable":true,"href":"https:\/\/www.szenik.eu\/de\/wp-json\/\/wp\/v2\/tags?post=39860"}],"curies":[{"name":"wp","href":"https:\/\/api.w.org\/{rel}","templated":true}]}}