{"id":39570,"date":"2021-05-18T10:05:59","date_gmt":"2021-05-18T08:05:59","guid":{"rendered":"https:\/\/www.szenik.eu\/?p=39570\/"},"modified":"2021-05-19T08:35:48","modified_gmt":"2021-05-19T06:35:48","slug":"die-saison-2021-22-am-opernhaus-zurich","status":"publish","type":"post","link":"https:\/\/www.szenik.eu\/de\/die-saison-2021-22-am-opernhaus-zurich-39570","title":{"rendered":"Die Saison 2021\/22 am Opernhaus Z\u00fcrich"},"content":{"rendered":"\n<h2>Der erste Vorhang in der Saison hebt sich am 12. September, darauf folgen eine Vielzahl an Premierenabenden, Wiederaufnahmen, Konzerten und Liederabenden, die die volle Kraft und Sinnlichkeit des Live-Erlebens demonstrieren.&nbsp;<\/h2>\n\n\n\n<div style=\"height:100px\" aria-hidden=\"true\" class=\"wp-block-spacer\"><\/div>\n\n\n\n<p><em>Pressemitteilung<\/em><\/p>\n\n\n\n<div style=\"height:100px\" aria-hidden=\"true\" class=\"wp-block-spacer\"><\/div>\n\n\n\n<p class=\"has-background has-text-align-center has-medium-font-size has-pale-cyan-blue-background-color\"><strong>Premieren in der Oper <\/strong><\/p>\n\n\n\n<div style=\"height:20px\" aria-hidden=\"true\" class=\"wp-block-spacer\"><\/div>\n\n\n\n<h4><strong>Ein neuer \u00abRing des Nibelungen\u00bb<\/strong><\/h4>\n\n\n\n<div style=\"height:20px\" aria-hidden=\"true\" class=\"wp-block-spacer\"><\/div>\n\n\n\n<p>Im Mittelpunkt der kommenden Spielzeit steht der Beginn eines Mammutprojektes, das die F\u00e4higkeiten jedes Musiktheaters auf die Probe stellt. Ab\u00a0<strong>April 2022 bis zum Herbst 2023\u00a0<\/strong>wird das Opernhaus Z\u00fcrich einen neuen\u00a0<strong>\u00abRing des Nibelungen\u00bb\u00a0<\/strong>auf die B\u00fchne bringen. Richard Wagners Tetralogie ist dabei auch Kern und Ausgangspunkt der Zusammenarbeit von\u00a0<strong><a href=\"http:\/\/www.gianandreanoseda.com\/home_e.aspx\" target=\"_blank\" rel=\"noreferrer noopener\" aria-label=\"Gianandrea Noseda (opens in a new tab)\">Gianandrea Noseda<\/a>\u00a0<\/strong>und\u00a0<strong>Andreas Homoki<\/strong>. Im \u00abRheingold\u00bb wird\u00a0<strong>Tomasz Konieczny\u00a0<\/strong>als Wotan sein Hausdeb\u00fct geben und die beiden Wagner-Gr\u00f6ssen\u00a0<strong><a href=\"https:\/\/www.camillanylund.com\" target=\"_blank\" rel=\"noreferrer noopener\" aria-label=\"Camilla Nylund (opens in a new tab)\">Camilla Nylund<\/a>\u00a0<\/strong>und\u00a0<strong>Klaus Florian Vogt\u00a0<\/strong>wagen sich im Verlauf des \u00abRings\u00bb an ihre Rollendeb\u00fcts von Br\u00fcnnhilde und Siegfried.<\/p>\n\n\n\n<div style=\"height:44px\" aria-hidden=\"true\" class=\"wp-block-spacer\"><\/div>\n\n\n\n<h4><strong>Verdi-Repertoire mit dem neuen Generalmusikdirektor <\/strong><\/h4>\n\n\n\n<div style=\"height:20px\" aria-hidden=\"true\" class=\"wp-block-spacer\"><\/div>\n\n\n\n<p>Seinen Einstand gibt\u00a0<strong>Gianandrea Noseda\u00a0<\/strong>im\u00a0<strong>Oktober 2021\u00a0<\/strong>mit dem Dirigat der Neuproduktion von Verdis\u00a0<strong>\u00abIl trovatore\u00bb<\/strong>. Die Pflege des Verdi-Repertoires ist einer der programmatischen Grundpfeiler des Opernhauses. Das Solistenquartett f\u00fcr den letzten Teil der \u00abtrilogia popolare\u00bb ist erstklassig. Als Leonora deb\u00fctiert die lettische Sopranistin\u00a0<strong><a href=\"https:\/\/marinarebeka.com\" target=\"_blank\" rel=\"noreferrer noopener\" aria-label=\"Marina Rebeka (opens in a new tab)\">Marina Rebeka<\/a><\/strong>, ebenfalls deb\u00fctierend als ihr Geliebter Manrico wird\u00a0<strong><a href=\"http:\/\/piotrbeczala.com\" target=\"_blank\" rel=\"noreferrer noopener\" aria-label=\"Piotr Bezca\u0142a (opens in a new tab)\">Piotr Bezca\u0142a<\/a>\u00a0<\/strong>wieder zu Gast sein. Sein Gegenspieler Graf Luna ist\u00a0<strong><a href=\"http:\/\/www.quinnkelsey.com\/bio_new.asp\" target=\"_blank\" rel=\"noreferrer noopener\" aria-label=\"Quinn Kelsey (opens in a new tab)\">Quinn Kelsey<\/a><\/strong>, den das Z\u00fcrcher Publikum als Rigoletto in Erinnerung hat, und als Azucena kommt die gefeierte georgische Mezzosopranistin\u00a0<strong>Anita Rachvelishvili\u00a0<\/strong>zum ersten Mal ans Opernhaus Z\u00fcrich. Ebenfalls zum ersten Mal in Z\u00fcrich inszeniert die junge britische Regisseurin\u00a0<strong>Adele Thomas<\/strong>.<\/p>\n\n\n\n<div style=\"height:40px\" aria-hidden=\"true\" class=\"wp-block-spacer\"><\/div>\n\n\n\n<h4><strong>Diven-Spezial<\/strong><\/h4>\n\n\n\n<div style=\"height:20px\" aria-hidden=\"true\" class=\"wp-block-spacer\"><\/div>\n\n\n\n<p><strong><a href=\"https:\/\/www.ceciliabartoli.com\" target=\"_blank\" rel=\"noreferrer noopener\" aria-label=\"Cecilia Bartoli (opens in a new tab)\">Cecilia Bartoli<\/a>\u00a0<\/strong>kehrt als Isabella im\u00a0<strong>M\u00e4rz 2022\u00a0<\/strong>in\u00a0<strong>\u00abL\u2019italiana in Algeri\u00bb,\u00a0<\/strong>einer Produktion der Salzburger Pfingstfestspiele von 2018, zur\u00fcck an ihr Stammhaus. Mit der turbulenten Multikulti- Kom\u00f6die des Regie-Duos\u00a0<strong>Moshe Leiser und Patrice Caurier\u00a0<\/strong>ist vollendeter Rossini-Genuss ga- rantiert. An der Seite der \u00abdiva assoluta\u00bb werden herausragende Interpreten wie\u00a0<strong><a href=\"https:\/\/www.lawrencebrownlee.com\" target=\"_blank\" rel=\"noreferrer noopener\" aria-label=\"Lawrence Brownlee (opens in a new tab)\">Lawrence Brownlee<\/a>\u00a0<\/strong>als Lindoro und<a href=\"http:\/\/ildarabdrazakov.com\" target=\"_blank\" rel=\"noreferrer noopener\" aria-label=\"\u00a0Ildar Abdrazakov\u00a0 (opens in a new tab)\">\u00a0<strong>Ildar Abdrazakov\u00a0<\/strong><\/a>als Mustaf\u00e0 zu sehen sein. Dirigent Gianluca Capuano und das Orchestra La Scintilla versprechen eine spritzig-authentische Interpretation.<\/p>\n\n\n\n<p>Donizettis K\u00f6niginnen-Trilogie geh\u00f6rt zu den H\u00f6hepunkten der Karriere einer Sopranistin. Nur die Grossen k\u00f6nnen diese Partien mit Leben f\u00fcllen. Wie schon bei \u00abMaria Stuarda\u00bb 2018, gibt die Star-Sopranistin\u00a0<strong><a rel=\"noreferrer noopener\" aria-label=\"Diana Damrau (opens in a new tab)\" href=\"https:\/\/diana-damrau.com\/en\/\" target=\"_blank\">Diana Damrau<\/a>\u00a0<\/strong>in\u00a0<strong>\u00abAnna Bolena\u00bb\u00a0<\/strong>im\u00a0<strong>Dezember 2021\u00a0<\/strong>ein Rollendeb\u00fct in der Titelpartie. An ihrer Seite singt\u00a0<strong><a rel=\"noreferrer noopener\" aria-label=\"Luca Pisaroni (opens in a new tab)\" href=\"https:\/\/lucapisaroni.com\" target=\"_blank\">Luca Pisaroni<\/a>\u00a0<\/strong>K\u00f6nig Heinrich VIII. und\u00a0<strong><a rel=\"noreferrer noopener\" aria-label=\"Karine Deshayes (opens in a new tab)\" href=\"http:\/\/officiel.karinedeshayes.fr\" target=\"_blank\">Karine Deshayes<\/a>\u00a0<\/strong>die Rivalin Jane Seymour. Die Inszenierung liegt wiederum in den H\u00e4nden des amerikanischen Regisseurs\u00a0<strong>David Alden<\/strong>. Auch\u00a0<strong><a rel=\"noreferrer noopener\" aria-label=\"Enrique Mazzola (opens in a new tab)\" href=\"https:\/\/enriquemazzola.com\" target=\"_blank\">Enrique Mazzola<\/a><\/strong>, ein Experte im italienischen Belcanto-Repertoire, steht erneut am Pult der Philharmonia Z\u00fcrich.<\/p>\n\n\n\n<div style=\"height:49px\" aria-hidden=\"true\" class=\"wp-block-spacer\"><\/div>\n\n\n\n<h4><strong>Urauff\u00fchrungen und selten Gespieltes<\/strong><\/h4>\n\n\n\n<div style=\"height:20px\" aria-hidden=\"true\" class=\"wp-block-spacer\"><\/div>\n\n\n\n<p>Ausgesprochen rar auf den internationalen Opernb\u00fchnen ist Francis Poulencs\u00a0<strong>\u00abDialogues des Carm\u00e9lites\u00bb<\/strong>. Seine Musik ist theatralisch effektvoll, soghaft und voll von lyrisch-intimen Momenten und wird in einer Inszenierung von\u00a0<strong><a href=\"https:\/\/www.jetskemijnssen.com\/index.php?page=biography\" target=\"_blank\" rel=\"noreferrer noopener\" aria-label=\"Jetske Mijnssen (opens in a new tab)\">Jetske Mijnssen<\/a><\/strong>, die zuletzt mit \u00abHippolyte et Aricie\u00bb einen grossen Erfolg feierte, im\u00a0<strong>Februar 2022\u00a0<\/strong>erklingen. Die Oper h\u00e4lt faszinierende Frau- enrollen bereit. Die alte Priorin wird von\u00a0<strong>Evelyn Herlitzius\u00a0<\/strong>verk\u00f6rpert, die hier zuletzt als Jan\u00e1\u010deks Emilia Marty f\u00fcr Furore sorgte. Eine ebenfalls in Z\u00fcrich wohlvertraute Stimme ist\u00a0<strong><a href=\"https:\/\/www.olgakulchynska.com\" target=\"_blank\" rel=\"noreferrer noopener\" aria-label=\"Olga Kulchynska (opens in a new tab)\">Olga Kulchynska<\/a><\/strong>, die als Blanche deb\u00fctiert.<\/p>\n\n\n\n<p>Kurz vor der Premiere im November letzten Jahres musste das Barockopern-Projekt\u00a0<strong>\u00abL \u0301Olimpiade\u00bb\u00a0<\/strong>Corona-bedingt abgesagt werden. Nun endlich kann sich im\u00a0<strong>M\u00e4rz 2022\u00a0<\/strong>der ungarische Schauspiel- und Musiktheaterregisseur\u00a0<strong>David Marton\u00a0<\/strong>mit seinem aussergew\u00f6hnlichen musiktheatralischen Ansatz dem Schweizer Publikum vorstellen. Gemeinsam mit der \u00f6sterreichischen Filmemacherin Sonja Aufderklamm kombiniert er Arien aus Giovanni Battista Pergolesis selten gespielter Oper \u00abL\u2019Olimpiade\u00bb mit einem Dokumentarfilm \u00fcber Menschen an ihrem Lebensende. Mit\u00a0<strong><a href=\"http:\/\/www.vivicagenaux.com\" target=\"_blank\" rel=\"noreferrer noopener\" aria-label=\"Vivica Genaux (opens in a new tab)\">Vivica Genaux<\/a> und <a href=\"http:\/\/annabonitatibus.com\" target=\"_blank\" rel=\"noreferrer noopener\" aria-label=\"Anna Bonitatibus\u00a0 (opens in a new tab)\">Anna Bonitatibus\u00a0<\/a><\/strong>konnte eine hochkar\u00e4tige Besetzung gewon- nen werden. Am Pult des Orchestra La Scintilla steht der Pergolesi-Experte\u00a0<strong>Ottavio Dantone<\/strong>.<\/p>\n\n\n\n<p>Eine der ersten Produktionen, die Corona zum Opfer fielen, war die\u00a0<strong>Urauff\u00fchrung \u00abGirl with a Pearl Earring\u00bb\u00a0<\/strong>des Schweizer Komponisten Stefan Wirth (*1975). Dieser vom Opernhaus vergebene Kompositionsauftrag soll nun endlich im\u00a0<strong>April 2022\u00a0<\/strong>das Licht der Welt erblicken. Die Handlung kreist um die Entstehung eines Gem\u00e4ldes von Jan Vermeer und basiert auf dem Bestseller von Tracy Chevalier. Die hochkar\u00e4tige Besetzung bringt ein Wiedersehen mit\u00a0<strong><a href=\"https:\/\/thomashampson.com\" target=\"_blank\" rel=\"noreferrer noopener\" aria-label=\"Thomas Hampson (opens in a new tab)\">Thomas Hampson<\/a>\u00a0<\/strong>als Malerikone.\u00a0<strong>Felicity Palmer, <a href=\"http:\/\/www.lauraaikin.com\/about.cfm\" target=\"_blank\" rel=\"noreferrer noopener\" aria-label=\"Laura Aikin (opens in a new tab)\">Laura Aikin<\/a>\u00a0<\/strong>und die junge Amerikanerin\u00a0<strong>Lauren Snouffer\u00a0<\/strong>stehen ebenfalls f\u00fcr den hohen Anspruch dieses Projektes.<\/p>\n\n\n\n<p>Eine lieb gewonnene Tradition sind die\u00a0<strong>Urauff\u00fchrungen von Familienopern\u00a0<\/strong>am Opernhaus Z\u00fcrich. Mit Homers\u00a0<strong>\u00abOdyssee\u00bb\u00a0<\/strong>kommt nun eine der \u00e4ltesten Erz\u00e4hlungen \u00fcberhaupt auf die B\u00fchne. Die Musik schrieb der junge holl\u00e4ndische Komponist Leonard Evers (*1985), der bereits zuvor erfolgreich Musiktheater-Werke f\u00fcr ein junges Publikum geschrieben hat.<\/p>\n\n\n\n<div style=\"height:41px\" aria-hidden=\"true\" class=\"wp-block-spacer\"><\/div>\n\n\n\n<h4><strong>Anfang und Abschluss mit Kernrepertoire<\/strong><\/h4>\n\n\n\n<div style=\"height:20px\" aria-hidden=\"true\" class=\"wp-block-spacer\"><\/div>\n\n\n\n<p>Der Anfang und der Abschluss dieses vollen Saison-Pakets machen Neuinszenierungen von popul\u00e4ren Werken des Kernrepertoires wie&nbsp;<strong>\u00abSalome\u00bb von Richard Strauss im September 2021 und Mozarts \u00abLe nozze di Figaro\u00bb im Juni 2022<\/strong>.<\/p>\n\n\n\n<p>Die Besetzung von \u00abSalome\u00bb zeigt eine f\u00fcr Z\u00fcrich neue und ausgesprochen vielversprechende Stimme auf der B\u00fchne des Opernhauses: Die Russin&nbsp;<strong>Elena Stikhina&nbsp;<\/strong>aus dem Ensemble des St. Petersburger Mariinski-Theaters wird unter der musikalischen Leitung von&nbsp;<strong>Simone Young&nbsp;<\/strong>und in der Inszenierung von&nbsp;<strong>Andreas Homoki&nbsp;<\/strong>die galil\u00e4ische Prinzessin geben.<\/p>\n\n\n\n<p>Mozarts \u00abLe nozze di Figaro\u00bb wird am Ende der Saison von&nbsp;<strong>Jan Philipp Gloger&nbsp;<\/strong>auf ihre Gegenwarts-Tauglichkeit \u00fcberpr\u00fcft. Das St\u00fcck, das von \u00fcbergriffigen M\u00e4nnern, selbstbewussten Frauen und dem allgegenw\u00e4rtigen sexuellen Begehren handelt wird von einem jungen Mozart- Solistenensemble und dem der historisch informierten Auff\u00fchrungspraxis stilistisch sehr verbundenen Dirigenten&nbsp;<strong>Stefano Montanari&nbsp;<\/strong>getragen.<\/p>\n\n\n\n<p>Die Reihe der konzertanten Auff\u00fchrungen setzt das Opernhaus fort. In Vincenzo Bellinis\u00a0<strong>\u00abIl pirata\u00bb\u00a0<\/strong>ist der Z\u00fcrcher Publikumsliebling\u00a0<strong><a href=\"https:\/\/javiercamarena.com\" target=\"_blank\" rel=\"noreferrer noopener\" aria-label=\"Javier Camarena (opens in a new tab)\">Javier Camarena<\/a>\u00a0<\/strong>als Pirat Gualtiero zu erleben. Die international gefeierte russische Koloratursopranistin\u00a0<strong>Albina Shagimuratova\u00a0<\/strong>singt die Partie der Imogene. Auch die jungen S\u00e4nger und S\u00e4ngerinnen des\u00a0<strong>Internationalen Opernstudios\u00a0<\/strong>werden mit\u00a0<strong>\u00abIl mondo della luna\u00bb\u00a0<\/strong>ihr K\u00f6nnen wieder am Theater Winterthur zeigen.<\/p>\n\n\n\n<div style=\"height:54px\" aria-hidden=\"true\" class=\"wp-block-spacer\"><\/div>\n\n\n\n<figure class=\"wp-block-image size-large\"><img decoding=\"async\" loading=\"lazy\" width=\"1024\" height=\"640\" src=\"https:\/\/www.szenik.eu\/wp-content\/uploads\/2021\/05\/Capture-d\u2019\u00e9cran-2021-05-19-\u00e0-07.51.18-1024x640.png\" alt=\"\" class=\"wp-image-39579\" srcset=\"https:\/\/www.szenik.eu\/wp-content\/uploads\/2021\/05\/Capture-d\u2019\u00e9cran-2021-05-19-\u00e0-07.51.18-1024x640.png 1024w, https:\/\/www.szenik.eu\/wp-content\/uploads\/2021\/05\/Capture-d\u2019\u00e9cran-2021-05-19-\u00e0-07.51.18-300x188.png 300w, https:\/\/www.szenik.eu\/wp-content\/uploads\/2021\/05\/Capture-d\u2019\u00e9cran-2021-05-19-\u00e0-07.51.18-768x480.png 768w, https:\/\/www.szenik.eu\/wp-content\/uploads\/2021\/05\/Capture-d\u2019\u00e9cran-2021-05-19-\u00e0-07.51.18-750x469.png 750w, https:\/\/www.szenik.eu\/wp-content\/uploads\/2021\/05\/Capture-d\u2019\u00e9cran-2021-05-19-\u00e0-07.51.18.png 1056w\" sizes=\"(max-width: 1024px) 100vw, 1024px\" \/><figcaption>Gianandrea Noseda I Daniel Auf der Mauer <\/figcaption><\/figure>\n\n\n\n<div style=\"height:46px\" aria-hidden=\"true\" class=\"wp-block-spacer\"><\/div>\n\n\n\n<p class=\"has-background has-text-align-center has-medium-font-size has-very-light-gray-background-color\"><strong>Wiederaufnahmen in der Oper<\/strong><\/p>\n\n\n\n<div style=\"height:20px\" aria-hidden=\"true\" class=\"wp-block-spacer\"><\/div>\n\n\n\n<p>Auch in den zahlreichen Wiederaufnahmen wird das Publikum mit prominenten grossen Stimmen beschenkt. Als wahnsinnige Lady Macbeth kehrt<a href=\"https:\/\/annanetrebko.com\" target=\"_blank\" rel=\"noreferrer noopener\" aria-label=\"\u00a0Anna Netrebko (opens in a new tab)\">\u00a0<strong>Anna Netrebko<\/strong><\/a><strong>\u00a0<\/strong>nach sieben Jahren zur\u00fcck ans Haus.\u00a0<strong>Anja Harteros\u00a0<\/strong>wird in diesem Jahr in ihrer Paraderolle Arabella zu h\u00f6ren sein.\u00a0<strong><a href=\"https:\/\/sonyayoncheva.com\" target=\"_blank\" rel=\"noreferrer noopener\" aria-label=\"Sonya Yoncheva (opens in a new tab)\">Sonya Yoncheva<\/a>\u00a0<\/strong>ist als Floria Tosca zu Gast. <\/p>\n\n\n\n<p>Der Opern-Doppelabend \u00abCavalleria rusticana\/Pagliacci\u00bb wartet mit Prominenz beiderlei Geschlechts auf:\u00a0<strong><a href=\"https:\/\/elinagaranca.com\" target=\"_blank\" rel=\"noreferrer noopener\" aria-label=\"El\u012bna Garan\u010da (opens in a new tab)\">El\u012bna Garan\u010da<\/a>\u00a0<\/strong>kehrt als Santuzza zur\u00fcck und\u00a0<strong>Marcelo \u00c1lvarez\u00a0<\/strong>stellt sich der herausfordernden Aufgabe, sowohl Turiddu als auch Canio zu interpretieren. Noch vor ihrem bevorstehenden Br\u00fcnnhilde-Deb\u00fct im \u00abRing\u00bb wird\u00a0<strong><a href=\"https:\/\/www.camillanylund.com\" target=\"_blank\" rel=\"noreferrer noopener\" aria-label=\"Camilla Nylund (opens in a new tab)\">Camilla Nylund<\/a>\u00a0<\/strong>bereits in dieser Saison ihre erste Isolde in Z\u00fcrich geben. Als Tristan wird der schwedische Tenor\u00a0<strong><a href=\"https:\/\/michaelweinius.com\" target=\"_blank\" rel=\"noreferrer noopener\" aria-label=\"Michael Weinius (opens in a new tab)\">Michael Weinius<\/a>\u00a0<\/strong>zu h\u00f6ren sein.<\/p>\n\n\n\n<p>\u00a0<strong><a href=\"https:\/\/www.juliefuchs.com\" target=\"_blank\" rel=\"noreferrer noopener\" aria-label=\"Julie Fuchs\u00a0 (opens in a new tab)\">Julie Fuchs\u00a0<\/a><\/strong>wird abermals als Poppea eine Kr\u00f6nung erleben und\u00a0<strong><a href=\"https:\/\/www.olgaperetyatko.com\" target=\"_blank\" rel=\"noreferrer noopener\" aria-label=\"Olga Peretyatko (opens in a new tab)\">Olga Peretyatko<\/a>\u00a0<\/strong>gibt die Fiorilla in der Wiederaufnahme von \u00abIl turco in Italia\u00bb. Der beste Falstaff der Welt ist\u00a0<strong>Bryn Terfel<\/strong>.\u00a0<strong>Ludovic T\u00e9zier\u00a0<\/strong>\u00fcbernimmt \u00abSimon Boccanegra\u00bb.\u00a0<strong><a href=\"https:\/\/benjaminbernheim.com\/about\/biographie\/\" target=\"_blank\" rel=\"noreferrer noopener\" aria-label=\"Benjamin Bernheim\u00a0 (opens in a new tab)\">Benjamin Bernheim\u00a0<\/a><\/strong>wird Macduff in \u00abMacbeth\u00bb und Edgardo in \u00abLucia di Lammermoor\u00bb sein.\u00a0<strong><a href=\"https:\/\/josephcalleja.com\" target=\"_blank\" rel=\"noreferrer noopener\" aria-label=\"Joseph Calleja (opens in a new tab)\">Joseph Calleja<\/a>\u00a0<\/strong>gibt sein Hausdeb\u00fct als Cavaradossi.\u00a0<strong>Gianandrea Noseda\u00a0<\/strong>wird auch bei den Wiederaufnahmen das deutsche mit \u00abTristan und Isolde\u00bb und italienische Fach mit \u00abFalstaff\u00bb bedienen.<\/p>\n\n\n\n<div style=\"height:54px\" aria-hidden=\"true\" class=\"wp-block-spacer\"><\/div>\n\n\n\n<p class=\"has-background has-text-align-center has-medium-font-size has-very-light-gray-background-color\"><strong>Das Ballett Z\u00fcrich<\/strong><\/p>\n\n\n\n<div style=\"height:20px\" aria-hidden=\"true\" class=\"wp-block-spacer\"><\/div>\n\n\n\n<p>Das Ballett Z\u00fcrich er\u00f6ffnet die Ballettsaison 2021\/22 mit der lang ersehnten Europ\u00e4ischen Erstauff\u00fchrung von&nbsp;<strong>\u00abAngels\u2019 Atlas\u00bb<\/strong>. Das neue St\u00fcck von&nbsp;<strong>Crystal Pite<\/strong>, die zu den gefragtesten Choreografinnen unserer Zeit z\u00e4hlt, wurde 2020 vom National Ballet of Canada uraufgef\u00fchrt und entstand in Koproduktion mit dem Ballett Z\u00fcrich. <\/p>\n\n\n\n<p>Einen spannenden Kontrast dazu verspricht die Schweizerische Erstauff\u00fchrung von \u00abAlmost Blue\u00bb. Zu Songs der Blues- und Gospellegende Etta James sowie der US-amerikanischen Band Antony and the Johnsons gibt es ein Wiedersehen mit dem deutschen Choreografen&nbsp;<strong>Marco Goecke&nbsp;<\/strong>und dessen unverwechselbarer Bewegungssprache. Pites umjubelte Choreografie \u00abEmergence\u00bb komplettiert den dreiteiligen Ballettabend \u00abAngels\u2019 Atlas\u00bb.<\/p>\n\n\n\n<p>Nach \u00abMessa da Requiem\u00bb oder \u00abWinterreise\u00bb vereint&nbsp;<strong>Christian Spuck&nbsp;<\/strong>erneut Vokalsolistinnen und -solisten mit dem Ballett Z\u00fcrich auf der B\u00fchne. F\u00fcr seine j\u00fcngste choreografische Urauff\u00fchrung sp\u00fcrt der Ballettdirektor dem Zauber des musiktheatralischen Anfangs nach, der in den Arien, Tanzs\u00e4tzen und Madrigalen von Claudio Monteverdi erbl\u00fcht. Im Zentrum des neuen Ballettabends&nbsp;<strong>\u00abMonteverdi\u00bb&nbsp;<\/strong>steht das Achte Madrigalbuch des bedeutendsten italienischen Komponisten des fr\u00fchen 17. Jahrhunderts.<\/p>\n\n\n\n<p>Zur Premiere kommt endlich auch&nbsp;<strong>Edward Clugs \u00abPeer Gynt\u00bb<\/strong>. In seinem bildgewaltigen Erz\u00e4hlballett, 2015 beim von ihm geleiteten Slowenischen Nationalballett in Maribor uraufgef\u00fchrt, vereint der slowenische Choreograf die Vorlage von Henrik Ibsen und die darauf basierende Schauspielmusik Edvard Griegs zu einem besonderen Tanzerlebnis.<\/p>\n\n\n\n<p>Einen ganzen Abend voller neuer Werke gibt es mit der Serie&nbsp;<strong>\u00abJunge Choreografen\u00bb&nbsp;<\/strong>zu erleben, in deren Rahmen die T\u00e4nzerinnen und T\u00e4nzer des Balletts Z\u00fcrich und des Junior Balletts die k\u00fcnstlerische Verantwortung f\u00fcr ihre eigenen Choreografien \u00fcbernehmen.<\/p>\n\n\n\n<p>Unter dem Titel\u00a0<strong>\u00abBol\u00e9ro\/Le Sacre du printemps\u00bb\u00a0<\/strong>kehren Johan Ingers \u00abWalking Mad\u00bb sowie \u00abLe Sacre du printemps\u00bb in der Choreografie von Edward Clug zur\u00fcck in den Spielplan. Wieder- aufgenommen werden ausserdem\u00a0<strong>\u00abLeonce und Lena\u00bb\u00a0<\/strong>und\u00a0<strong>\u00abDornr\u00f6schen\u00bb\u00a0<\/strong>von Christian Spuck sowie\u00a0<strong>\u00abImpulse\u00bb<\/strong>, der Abend des Junior Balletts mit Choreografien von Bryan Arias, Craig Davidson und Juliano Nunes. Mit\u00a0<strong>\u00abAnna Karenina\u00bb\u00a0<\/strong>pr\u00e4sentiert sich das Ballett Z\u00fcrich \u00fcberdies auf\u00a0<strong>Gastspielen in Bangkok und Istanbul<\/strong>.<\/p>\n\n\n\n<div style=\"height:53px\" aria-hidden=\"true\" class=\"wp-block-spacer\"><\/div>\n\n\n\n<figure class=\"wp-block-image size-large\"><img decoding=\"async\" loading=\"lazy\" width=\"1024\" height=\"660\" src=\"https:\/\/www.szenik.eu\/wp-content\/uploads\/2021\/05\/Capture-d\u2019\u00e9cran-2021-05-19-\u00e0-07.57.55-1024x660.png\" alt=\"\" class=\"wp-image-39581\" srcset=\"https:\/\/www.szenik.eu\/wp-content\/uploads\/2021\/05\/Capture-d\u2019\u00e9cran-2021-05-19-\u00e0-07.57.55-1024x660.png 1024w, https:\/\/www.szenik.eu\/wp-content\/uploads\/2021\/05\/Capture-d\u2019\u00e9cran-2021-05-19-\u00e0-07.57.55-300x193.png 300w, https:\/\/www.szenik.eu\/wp-content\/uploads\/2021\/05\/Capture-d\u2019\u00e9cran-2021-05-19-\u00e0-07.57.55-768x495.png 768w, https:\/\/www.szenik.eu\/wp-content\/uploads\/2021\/05\/Capture-d\u2019\u00e9cran-2021-05-19-\u00e0-07.57.55-750x484.png 750w, https:\/\/www.szenik.eu\/wp-content\/uploads\/2021\/05\/Capture-d\u2019\u00e9cran-2021-05-19-\u00e0-07.57.55.png 1073w\" sizes=\"(max-width: 1024px) 100vw, 1024px\" \/><figcaption>Christian Spuck I Jos Schmid<\/figcaption><\/figure>\n\n\n\n<div style=\"height:53px\" aria-hidden=\"true\" class=\"wp-block-spacer\"><\/div>\n\n\n\n<p class=\"has-background has-text-align-center has-medium-font-size has-very-light-gray-background-color\"><strong>Konzerte, Liederabende und Extras <\/strong><\/p>\n\n\n\n<div style=\"height:20px\" aria-hidden=\"true\" class=\"wp-block-spacer\"><\/div>\n\n\n\n<p>Die\u00a0<strong>Philharmonische Saison\u00a0<\/strong>steht nat\u00fcrlich ganz im Zeichen des Amtsantrittes von\u00a0<strong>Gianandrea Noseda<\/strong>. Von Wien, London, Amsterdam und Berlin bis Washington und Chicago hat der neue Generalmusikdirektor des Hauses an den Pulten der ber\u00fchmtesten Orchester gastiert und wird von nun an auch den Klang und die Programme der Philharmonia Z\u00fcrich pr\u00e4gen. In den drei Philharmonischen Konzerten, die Noseda selbst dirigiert, kombiniert er Sinfonien von Dvo\u0159\u00e1k und Violinkonzerte von Prokofjew und Tschaikowski mit Werken von Bruckner und Brahms. Als Instrumentalsolisten dieser Z\u00fcrcher Antrittskonzerte wurden der Pianist\u00a0<strong>Daniil Trifonov\u00a0<\/strong>sowie die Violinisten\u00a0<strong>Janine Jansen\u00a0<\/strong>und<a href=\"https:\/\/www.jamesehnes.com\" target=\"_blank\" rel=\"noreferrer noopener\" aria-label=\"\u00a0James Ehnes\u00a0 (opens in a new tab)\">\u00a0<strong>James Ehnes\u00a0<\/strong><\/a>gewonnen. Ausserdem ist er in einem\u00a0<strong>Neujahrskonzert\u00a0<\/strong>mit dem Tenor\u00a0<strong><a href=\"https:\/\/www.juandiegoflorez.com\" target=\"_blank\" rel=\"noreferrer noopener\" aria-label=\"Juan Diego Fl\u00f3rez\u00a0 (opens in a new tab)\">Juan Diego Fl\u00f3rez\u00a0<\/a><\/strong>als Stargast zu erleben.<\/p>\n\n\n\n<p>Weiterhin umfassen die Konzerte der Spielzeit 2021\/22 barockes Repertoire in historisch informierter Auff\u00fchrungspraxis ebenso wie exponierte Projekte der zeitgen\u00f6ssischen Musik. So hat das\u00a0<strong><a href=\"https:\/\/www.lascintilla.ch\/en\/lascintilla\/\" target=\"_blank\" rel=\"noreferrer noopener\" aria-label=\"Orchestra La Scintilla (opens in a new tab)\">Orchestra La Scintilla<\/a>\u00a0<\/strong>und sein Dirigent\u00a0<strong><a href=\"https:\/\/www.riccardominasi.com\/fr\/biographie\" target=\"_blank\" rel=\"noreferrer noopener\" aria-label=\"Riccardo Minasi (opens in a new tab)\">Riccardo Minasi<\/a>\u00a0<\/strong>mit\u00a0<strong><a href=\"http:\/\/kristianbezuidenhout.com\" target=\"_blank\" rel=\"noreferrer noopener\" aria-label=\"Kristian Bezuidenhout\u00a0 (opens in a new tab)\">Kristian Bezuidenhout\u00a0<\/a><\/strong>und\u00a0<strong><a href=\"https:\/\/www.mahanesfahani.com\" target=\"_blank\" rel=\"noreferrer noopener\" aria-label=\"Mahan Esfahani (opens in a new tab)\">Mahan Esfahani<\/a>\u00a0<\/strong>zwei der derzeit interessantesten Solisten der Alte Musik-Szene zu Gast. Sogar mit einer Urauff\u00fchrung kann das Orchestra La Scintilla aufwarten: Der franz\u00f6sische Komponist Philippe Schoeller hat ein Werk f\u00fcr ein historisches und ein zeitgen\u00f6ssisches Ensemble komponiert, das in einem Gemeinschaftskonzert mit dem Z\u00fcrcher Collegium Novum zu erleben ist. F\u00fcr die Liebhaber romantischer Sinfonik ist Gustav Mahlers Sechste Sinfonie unter dem Dirigat von\u00a0<strong>Manfred Honeck<\/strong>.<\/p>\n\n\n\n<p>Nat\u00fcrlich d\u00fcrfen die\u00a0<strong>Liederabende\u00a0<\/strong>mit Starsolisten wie <strong>Anja Harteros, Bryn Terfel, Camilla Nylund, Christian Gerhaher, Lise Davidsen, Georg Zeppenfeld, Dagmar Manzel <\/strong>und<strong> Stephen Costello<\/strong> auch in der Saison 2021\/22 nicht fehlen.<\/p>\n\n\n\n<p>Last but not least zelebriert das Opernhaus Z\u00fcrich den Beginn der neuen Saison mit einer grossen\u00a0<strong>\u00abSaisoner\u00f6ffnung f\u00fcr alle\u00bb<\/strong>. Am zweiten Septemberwochenende werden die T\u00fcren endlich wieder weit aufgemacht. H\u00f6hepunkt ist die Live\u00fcbertragung \u00abSalome\u00bb am 12. September. Die erste Saison-Premiere wird im Rahmen von\u00a0<strong>\u00aboper f\u00fcr alle\u00bb\u00a0<\/strong>auf eine Grossbildleinwand auf den Sechsel\u00e4utenplatz \u00fcbertragen und gleichzeitig online weltweit gestreamt. <\/p>\n\n\n\n<p>Zus\u00e4tzlich wird die Aufzeichnung der Ballett-Produktion \u00abMessa da Requiem\u00bb ebenfalls auf dem Platz gezeigt. Im Haus werden eine \u00f6ffentliche Probe und ein Kinderkonzert angeboten. Alle Angebote sind kostenfrei. Da das aber nicht genug ist, in einer Saison, die die Kunst und die wiedergefundene Freiheit feiern m\u00f6chte, beschliesst die Ballett-Produktion \u00abDornr\u00f6schen\u00bb als\u00a0<strong>\u00abballett f\u00fcr alle\u00bb\u00a0<\/strong>das Ende der Saison.<\/p>\n\n\n\n<div style=\"height:100px\" aria-hidden=\"true\" class=\"wp-block-spacer\"><\/div>\n\n\n\n<div class=\"wp-block-button aligncenter\"><a class=\"wp-block-button__link has-text-color has-very-dark-gray-color has-background has-luminous-vivid-amber-background-color\" href=\"https:\/\/www.opernhaus.ch\" target=\"_blank\" rel=\"noreferrer noopener\">Zur Website des Opernhauses Z\u00fcrich<\/a><\/div>\n\n\n\n<div style=\"height:100px\" aria-hidden=\"true\" class=\"wp-block-spacer\"><\/div>\n\n\n\n<p class=\"has-small-font-size\">Foto: A. Kuyler<\/p>\n\n\n\n<div style=\"height:100px\" aria-hidden=\"true\" class=\"wp-block-spacer\"><\/div>\n","protected":false},"excerpt":{"rendered":"<p>Der erste Vorhang in der Saison hebt sich am 12. September, darauf folgen eine Vielzahl an Premierenabenden, Wiederaufnahmen, Konzerten und Liederabenden, die die volle Kraft und Sinnlichkeit des Live-Erlebens demonstrieren.&nbsp; Pressemitteilung Premieren in der Oper Ein neuer \u00abRing des Nibelungen\u00bb Im Mittelpunkt der kommenden Spielzeit steht der Beginn eines Mammutprojektes, das die F\u00e4higkeiten jedes Musiktheaters [&hellip;]<\/p>\n","protected":false},"author":1,"featured_media":39577,"comment_status":"open","ping_status":"open","sticky":false,"template":"","format":"standard","meta":{"_monsterinsights_skip_tracking":false,"_monsterinsights_sitenote_active":false,"_monsterinsights_sitenote_note":"","_monsterinsights_sitenote_category":0},"categories":[2815],"tags":[11216,11233,9782,11215,11234,10035,10771,10037,11239,11210,10634,6064,6894,11242,11223,8553,11229,11235,11221,11226,10390,11218,11244,8550,11243,11232,11220,11241,11245,11238,11211,11246,11227,11228,11217,11219,11240,10034,11247,11236,7115,11212,11237,10640,11222,10488,2855,9964,11225,10641,11213,11214,10033,11230,10772,11231,10036,11209,6314,2856],"yoast_head":"<!-- This site is optimized with the Yoast SEO plugin v20.5 - https:\/\/yoast.com\/wordpress\/plugins\/seo\/ -->\n<title>Die Saison 2021\/22 am Opernhaus Z\u00fcrich I szenik<\/title>\n<meta name=\"description\" content=\"Die Saison des Opernhauses Z\u00fcrich beginnt am 12. September, darauf folgen eine Vielzahl an Premierenabenden, Wiederaufnahmen, Konzerten und Liederabenden\" \/>\n<meta name=\"robots\" content=\"index, follow, max-snippet:-1, max-image-preview:large, max-video-preview:-1\" \/>\n<link rel=\"canonical\" href=\"https:\/\/www.szenik.eu\/de\/die-saison-2021-22-am-opernhaus-zurich-39570\" \/>\n<meta property=\"og:locale\" content=\"de_DE\" \/>\n<meta property=\"og:type\" content=\"article\" \/>\n<meta property=\"og:title\" content=\"Die Saison 2021\/22 am Opernhaus Z\u00fcrich I szenik\" \/>\n<meta property=\"og:description\" content=\"Die Saison des Opernhauses Z\u00fcrich beginnt am 12. September, darauf folgen eine Vielzahl an Premierenabenden, Wiederaufnahmen, Konzerten und Liederabenden\" \/>\n<meta property=\"og:url\" content=\"https:\/\/www.szenik.eu\/de\/die-saison-2021-22-am-opernhaus-zurich-39570\" \/>\n<meta property=\"og:site_name\" content=\"szenik\" \/>\n<meta property=\"article:publisher\" content=\"https:\/\/www.facebook.com\/szenik.eu\/\" \/>\n<meta property=\"article:published_time\" content=\"2021-05-18T08:05:59+00:00\" \/>\n<meta property=\"article:modified_time\" content=\"2021-05-19T06:35:48+00:00\" \/>\n<meta property=\"og:image\" content=\"https:\/\/www.szenik.eu\/wp-content\/uploads\/2021\/05\/Capture-d\u2019\u00e9cran-2021-05-19-\u00e0-07.48.31.png\" \/>\n\t<meta property=\"og:image:width\" content=\"1056\" \/>\n\t<meta property=\"og:image:height\" content=\"704\" \/>\n\t<meta property=\"og:image:type\" content=\"image\/png\" \/>\n<meta name=\"author\" content=\"szenik\" \/>\n<meta name=\"twitter:card\" content=\"summary_large_image\" \/>\n<meta name=\"twitter:creator\" content=\"@Szenik\" \/>\n<meta name=\"twitter:site\" content=\"@Szenik\" \/>\n<meta name=\"twitter:label1\" content=\"Verfasst von\" \/>\n\t<meta name=\"twitter:data1\" content=\"szenik\" \/>\n\t<meta name=\"twitter:label2\" content=\"Gesch\u00e4tzte Lesezeit\" \/>\n\t<meta name=\"twitter:data2\" content=\"10\u00a0Minuten\" \/>\n<script type=\"application\/ld+json\" class=\"yoast-schema-graph\">{\"@context\":\"https:\/\/schema.org\",\"@graph\":[{\"@type\":\"Article\",\"@id\":\"https:\/\/www.szenik.eu\/de\/die-saison-2021-22-am-opernhaus-zurich-39570#article\",\"isPartOf\":{\"@id\":\"https:\/\/www.szenik.eu\/de\/die-saison-2021-22-am-opernhaus-zurich-39570\"},\"author\":{\"name\":\"szenik\",\"@id\":\"https:\/\/www.szenik.eu\/de\/#\/schema\/person\/15f73f175b41bad194837490339d48fb\"},\"headline\":\"Die Saison 2021\/22 am Opernhaus Z\u00fcrich\",\"datePublished\":\"2021-05-18T08:05:59+00:00\",\"dateModified\":\"2021-05-19T06:35:48+00:00\",\"mainEntityOfPage\":{\"@id\":\"https:\/\/www.szenik.eu\/de\/die-saison-2021-22-am-opernhaus-zurich-39570\"},\"wordCount\":1936,\"commentCount\":0,\"publisher\":{\"@id\":\"https:\/\/www.szenik.eu\/de\/#organization\"},\"keywords\":[\"Adele Thomas\",\"Albina Shagimuratova\",\"Andreas Homoki\",\"Anita Rachvelishvili\",\"Anja Harteros\",\"Anna Bonitatibus\",\"Anna Netrebko\",\"Benjamin Bernheim\",\"Bryn Terfel\",\"Camilla Nylund\",\"Cecilia Bartoli\",\"Christian Spuck\",\"Crystal Pite\",\"Daniil Trifonov\",\"David Marton\",\"Diana Damrau\",\"Elena Stikhina\",\"El\u012bna Garan\u010da\",\"Evelyn Herlitzius\",\"Felicity Palmer\",\"Gianandrea Noseda\",\"Ildar Abdrazakov\",\"James Ehnes\",\"Jan Philipp Gloger\",\"Janine Jansen\",\"Javier Camarena\",\"Jetske Mijnssen\",\"Joseph Calleja\",\"Juan Diego Fl\u00f3rez\",\"Julie Fuchs\",\"Klaus Florian Vogt\",\"Kristian Bezuidenhout\",\"Laura Aikin\",\"Lauren Snouffer\",\"Lawrence Brownlee\",\"Luca Pisaroni\",\"Ludovic T\u00e9zier\",\"Mahan Esfahani\",\"Manfred Honeck\",\"Marcelo \u00c1lvarez\",\"Marco Goecke\",\"Marina Rebeka\",\"Michael Weinius\",\"Moshe Leiser\",\"Olga Kulchynska\",\"Olga Peretyatko\",\"Opernhaus Z\u00fcrich\",\"Orchestra La Scintilla\",\"Ottavio Dantone\",\"Patrice Caurier\",\"Piotr Bezca\u0142a\",\"Quinn Kelsey\",\"Riccardo Minasi\",\"Simone Young\",\"Sonya Yoncheva\",\"Stefano Montanari\",\"Thomas Hampson\",\"Tomasz Konieczny\",\"Vivica Genaux\",\"Z\u00fcrich\"],\"articleSection\":[\"Kurz &amp; knackig\"],\"inLanguage\":\"de\",\"potentialAction\":[{\"@type\":\"CommentAction\",\"name\":\"Comment\",\"target\":[\"https:\/\/www.szenik.eu\/de\/die-saison-2021-22-am-opernhaus-zurich-39570#respond\"]}]},{\"@type\":\"WebPage\",\"@id\":\"https:\/\/www.szenik.eu\/de\/die-saison-2021-22-am-opernhaus-zurich-39570\",\"url\":\"https:\/\/www.szenik.eu\/de\/die-saison-2021-22-am-opernhaus-zurich-39570\",\"name\":\"Die Saison 2021\/22 am Opernhaus Z\u00fcrich I szenik\",\"isPartOf\":{\"@id\":\"https:\/\/www.szenik.eu\/de\/#website\"},\"datePublished\":\"2021-05-18T08:05:59+00:00\",\"dateModified\":\"2021-05-19T06:35:48+00:00\",\"description\":\"Die Saison des Opernhauses Z\u00fcrich beginnt am 12. September, darauf folgen eine Vielzahl an Premierenabenden, Wiederaufnahmen, Konzerten und Liederabenden\",\"breadcrumb\":{\"@id\":\"https:\/\/www.szenik.eu\/de\/die-saison-2021-22-am-opernhaus-zurich-39570#breadcrumb\"},\"inLanguage\":\"de\",\"potentialAction\":[{\"@type\":\"ReadAction\",\"target\":[\"https:\/\/www.szenik.eu\/de\/die-saison-2021-22-am-opernhaus-zurich-39570\"]}]},{\"@type\":\"BreadcrumbList\",\"@id\":\"https:\/\/www.szenik.eu\/de\/die-saison-2021-22-am-opernhaus-zurich-39570#breadcrumb\",\"itemListElement\":[{\"@type\":\"ListItem\",\"position\":1,\"name\":\"Home\",\"item\":\"https:\/\/www.szenik.eu\/de\"},{\"@type\":\"ListItem\",\"position\":2,\"name\":\"Die Saison 2021\/22 am Opernhaus Z\u00fcrich\"}]},{\"@type\":\"WebSite\",\"@id\":\"https:\/\/www.szenik.eu\/de\/#website\",\"url\":\"https:\/\/www.szenik.eu\/de\/\",\"name\":\"szenik\",\"description\":\"Le Meilleur des sc\u00e8nes au coeur de l&#039;Europe\",\"publisher\":{\"@id\":\"https:\/\/www.szenik.eu\/de\/#organization\"},\"potentialAction\":[{\"@type\":\"SearchAction\",\"target\":{\"@type\":\"EntryPoint\",\"urlTemplate\":\"https:\/\/www.szenik.eu\/de\/?s={search_term_string}\"},\"query-input\":\"required name=search_term_string\"}],\"inLanguage\":\"de\"},{\"@type\":\"Organization\",\"@id\":\"https:\/\/www.szenik.eu\/de\/#organization\",\"name\":\"Szenik\",\"url\":\"https:\/\/www.szenik.eu\/de\/\",\"logo\":{\"@type\":\"ImageObject\",\"inLanguage\":\"de\",\"@id\":\"https:\/\/www.szenik.eu\/de\/#\/schema\/logo\/image\/\",\"url\":\"https:\/\/www.szenik.eu\/wp-content\/uploads\/2019\/07\/logo-square.png\",\"contentUrl\":\"https:\/\/www.szenik.eu\/wp-content\/uploads\/2019\/07\/logo-square.png\",\"width\":512,\"height\":512,\"caption\":\"Szenik\"},\"image\":{\"@id\":\"https:\/\/www.szenik.eu\/de\/#\/schema\/logo\/image\/\"},\"sameAs\":[\"https:\/\/www.facebook.com\/szenik.eu\/\",\"https:\/\/twitter.com\/Szenik\",\"https:\/\/www.instagram.com\/szenik_magazine\/\",\"https:\/\/www.youtube.com\/user\/SzenikEU\/\"]},{\"@type\":\"Person\",\"@id\":\"https:\/\/www.szenik.eu\/de\/#\/schema\/person\/15f73f175b41bad194837490339d48fb\",\"name\":\"szenik\",\"image\":{\"@type\":\"ImageObject\",\"inLanguage\":\"de\",\"@id\":\"https:\/\/www.szenik.eu\/de\/#\/schema\/person\/image\/\",\"url\":\"https:\/\/secure.gravatar.com\/avatar\/d1c4f19522a624a4eaa5e6c03e22370b?s=96&d=mm&r=g\",\"contentUrl\":\"https:\/\/secure.gravatar.com\/avatar\/d1c4f19522a624a4eaa5e6c03e22370b?s=96&d=mm&r=g\",\"caption\":\"szenik\"}}]}<\/script>\n<!-- \/ Yoast SEO plugin. -->","yoast_head_json":{"title":"Die Saison 2021\/22 am Opernhaus Z\u00fcrich I szenik","description":"Die Saison des Opernhauses Z\u00fcrich beginnt am 12. September, darauf folgen eine Vielzahl an Premierenabenden, Wiederaufnahmen, Konzerten und Liederabenden","robots":{"index":"index","follow":"follow","max-snippet":"max-snippet:-1","max-image-preview":"max-image-preview:large","max-video-preview":"max-video-preview:-1"},"canonical":"https:\/\/www.szenik.eu\/de\/die-saison-2021-22-am-opernhaus-zurich-39570","og_locale":"de_DE","og_type":"article","og_title":"Die Saison 2021\/22 am Opernhaus Z\u00fcrich I szenik","og_description":"Die Saison des Opernhauses Z\u00fcrich beginnt am 12. September, darauf folgen eine Vielzahl an Premierenabenden, Wiederaufnahmen, Konzerten und Liederabenden","og_url":"https:\/\/www.szenik.eu\/de\/die-saison-2021-22-am-opernhaus-zurich-39570","og_site_name":"szenik","article_publisher":"https:\/\/www.facebook.com\/szenik.eu\/","article_published_time":"2021-05-18T08:05:59+00:00","article_modified_time":"2021-05-19T06:35:48+00:00","og_image":[{"width":1056,"height":704,"url":"https:\/\/www.szenik.eu\/wp-content\/uploads\/2021\/05\/Capture-d\u2019\u00e9cran-2021-05-19-\u00e0-07.48.31.png","type":"image\/png"}],"author":"szenik","twitter_card":"summary_large_image","twitter_creator":"@Szenik","twitter_site":"@Szenik","twitter_misc":{"Verfasst von":"szenik","Gesch\u00e4tzte Lesezeit":"10\u00a0Minuten"},"schema":{"@context":"https:\/\/schema.org","@graph":[{"@type":"Article","@id":"https:\/\/www.szenik.eu\/de\/die-saison-2021-22-am-opernhaus-zurich-39570#article","isPartOf":{"@id":"https:\/\/www.szenik.eu\/de\/die-saison-2021-22-am-opernhaus-zurich-39570"},"author":{"name":"szenik","@id":"https:\/\/www.szenik.eu\/de\/#\/schema\/person\/15f73f175b41bad194837490339d48fb"},"headline":"Die Saison 2021\/22 am Opernhaus Z\u00fcrich","datePublished":"2021-05-18T08:05:59+00:00","dateModified":"2021-05-19T06:35:48+00:00","mainEntityOfPage":{"@id":"https:\/\/www.szenik.eu\/de\/die-saison-2021-22-am-opernhaus-zurich-39570"},"wordCount":1936,"commentCount":0,"publisher":{"@id":"https:\/\/www.szenik.eu\/de\/#organization"},"keywords":["Adele Thomas","Albina Shagimuratova","Andreas Homoki","Anita Rachvelishvili","Anja Harteros","Anna Bonitatibus","Anna Netrebko","Benjamin Bernheim","Bryn Terfel","Camilla Nylund","Cecilia Bartoli","Christian Spuck","Crystal Pite","Daniil Trifonov","David Marton","Diana Damrau","Elena Stikhina","El\u012bna Garan\u010da","Evelyn Herlitzius","Felicity Palmer","Gianandrea Noseda","Ildar Abdrazakov","James Ehnes","Jan Philipp Gloger","Janine Jansen","Javier Camarena","Jetske Mijnssen","Joseph Calleja","Juan Diego Fl\u00f3rez","Julie Fuchs","Klaus Florian Vogt","Kristian Bezuidenhout","Laura Aikin","Lauren Snouffer","Lawrence Brownlee","Luca Pisaroni","Ludovic T\u00e9zier","Mahan Esfahani","Manfred Honeck","Marcelo \u00c1lvarez","Marco Goecke","Marina Rebeka","Michael Weinius","Moshe Leiser","Olga Kulchynska","Olga Peretyatko","Opernhaus Z\u00fcrich","Orchestra La Scintilla","Ottavio Dantone","Patrice Caurier","Piotr Bezca\u0142a","Quinn Kelsey","Riccardo Minasi","Simone Young","Sonya Yoncheva","Stefano Montanari","Thomas Hampson","Tomasz Konieczny","Vivica Genaux","Z\u00fcrich"],"articleSection":["Kurz &amp; knackig"],"inLanguage":"de","potentialAction":[{"@type":"CommentAction","name":"Comment","target":["https:\/\/www.szenik.eu\/de\/die-saison-2021-22-am-opernhaus-zurich-39570#respond"]}]},{"@type":"WebPage","@id":"https:\/\/www.szenik.eu\/de\/die-saison-2021-22-am-opernhaus-zurich-39570","url":"https:\/\/www.szenik.eu\/de\/die-saison-2021-22-am-opernhaus-zurich-39570","name":"Die Saison 2021\/22 am Opernhaus Z\u00fcrich I szenik","isPartOf":{"@id":"https:\/\/www.szenik.eu\/de\/#website"},"datePublished":"2021-05-18T08:05:59+00:00","dateModified":"2021-05-19T06:35:48+00:00","description":"Die Saison des Opernhauses Z\u00fcrich beginnt am 12. September, darauf folgen eine Vielzahl an Premierenabenden, Wiederaufnahmen, Konzerten und Liederabenden","breadcrumb":{"@id":"https:\/\/www.szenik.eu\/de\/die-saison-2021-22-am-opernhaus-zurich-39570#breadcrumb"},"inLanguage":"de","potentialAction":[{"@type":"ReadAction","target":["https:\/\/www.szenik.eu\/de\/die-saison-2021-22-am-opernhaus-zurich-39570"]}]},{"@type":"BreadcrumbList","@id":"https:\/\/www.szenik.eu\/de\/die-saison-2021-22-am-opernhaus-zurich-39570#breadcrumb","itemListElement":[{"@type":"ListItem","position":1,"name":"Home","item":"https:\/\/www.szenik.eu\/de"},{"@type":"ListItem","position":2,"name":"Die Saison 2021\/22 am Opernhaus Z\u00fcrich"}]},{"@type":"WebSite","@id":"https:\/\/www.szenik.eu\/de\/#website","url":"https:\/\/www.szenik.eu\/de\/","name":"szenik","description":"Le Meilleur des sc\u00e8nes au coeur de l&#039;Europe","publisher":{"@id":"https:\/\/www.szenik.eu\/de\/#organization"},"potentialAction":[{"@type":"SearchAction","target":{"@type":"EntryPoint","urlTemplate":"https:\/\/www.szenik.eu\/de\/?s={search_term_string}"},"query-input":"required name=search_term_string"}],"inLanguage":"de"},{"@type":"Organization","@id":"https:\/\/www.szenik.eu\/de\/#organization","name":"Szenik","url":"https:\/\/www.szenik.eu\/de\/","logo":{"@type":"ImageObject","inLanguage":"de","@id":"https:\/\/www.szenik.eu\/de\/#\/schema\/logo\/image\/","url":"https:\/\/www.szenik.eu\/wp-content\/uploads\/2019\/07\/logo-square.png","contentUrl":"https:\/\/www.szenik.eu\/wp-content\/uploads\/2019\/07\/logo-square.png","width":512,"height":512,"caption":"Szenik"},"image":{"@id":"https:\/\/www.szenik.eu\/de\/#\/schema\/logo\/image\/"},"sameAs":["https:\/\/www.facebook.com\/szenik.eu\/","https:\/\/twitter.com\/Szenik","https:\/\/www.instagram.com\/szenik_magazine\/","https:\/\/www.youtube.com\/user\/SzenikEU\/"]},{"@type":"Person","@id":"https:\/\/www.szenik.eu\/de\/#\/schema\/person\/15f73f175b41bad194837490339d48fb","name":"szenik","image":{"@type":"ImageObject","inLanguage":"de","@id":"https:\/\/www.szenik.eu\/de\/#\/schema\/person\/image\/","url":"https:\/\/secure.gravatar.com\/avatar\/d1c4f19522a624a4eaa5e6c03e22370b?s=96&d=mm&r=g","contentUrl":"https:\/\/secure.gravatar.com\/avatar\/d1c4f19522a624a4eaa5e6c03e22370b?s=96&d=mm&r=g","caption":"szenik"}}]}},"jetpack_featured_media_url":"https:\/\/www.szenik.eu\/wp-content\/uploads\/2021\/05\/Capture-d\u2019\u00e9cran-2021-05-19-\u00e0-07.48.31.png","amp_enabled":true,"_links":{"self":[{"href":"https:\/\/www.szenik.eu\/de\/wp-json\/\/wp\/v2\/posts\/39570"}],"collection":[{"href":"https:\/\/www.szenik.eu\/de\/wp-json\/\/wp\/v2\/posts"}],"about":[{"href":"https:\/\/www.szenik.eu\/de\/wp-json\/\/wp\/v2\/types\/post"}],"author":[{"embeddable":true,"href":"https:\/\/www.szenik.eu\/de\/wp-json\/\/wp\/v2\/users\/1"}],"replies":[{"embeddable":true,"href":"https:\/\/www.szenik.eu\/de\/wp-json\/\/wp\/v2\/comments?post=39570"}],"version-history":[{"count":3,"href":"https:\/\/www.szenik.eu\/de\/wp-json\/\/wp\/v2\/posts\/39570\/revisions"}],"predecessor-version":[{"id":39583,"href":"https:\/\/www.szenik.eu\/de\/wp-json\/\/wp\/v2\/posts\/39570\/revisions\/39583"}],"wp:featuredmedia":[{"embeddable":true,"href":"https:\/\/www.szenik.eu\/de\/wp-json\/\/wp\/v2\/media\/39577"}],"wp:attachment":[{"href":"https:\/\/www.szenik.eu\/de\/wp-json\/\/wp\/v2\/media?parent=39570"}],"wp:term":[{"taxonomy":"category","embeddable":true,"href":"https:\/\/www.szenik.eu\/de\/wp-json\/\/wp\/v2\/categories?post=39570"},{"taxonomy":"post_tag","embeddable":true,"href":"https:\/\/www.szenik.eu\/de\/wp-json\/\/wp\/v2\/tags?post=39570"}],"curies":[{"name":"wp","href":"https:\/\/api.w.org\/{rel}","templated":true}]}}