{"id":39523,"date":"2021-05-17T09:00:29","date_gmt":"2021-05-17T07:00:29","guid":{"rendered":"https:\/\/www.szenik.eu\/?p=39523\/"},"modified":"2021-05-17T15:08:00","modified_gmt":"2021-05-17T13:08:00","slug":"21-internationale-schillertage-vom-17-27-juni-2021-im-nationaltheater-mannheim","status":"publish","type":"post","link":"https:\/\/www.szenik.eu\/de\/21-internationale-schillertage-vom-17-27-juni-2021-im-nationaltheater-mannheim-39523","title":{"rendered":"21. Internationale Schillertage vom 17.-27. Juni 2021 im Nationaltheater Mannheim"},"content":{"rendered":"\n<h2>B\u00fchnenexplosiv, feminin, experimentell, digital und zusammen &#8211; so pr\u00e4sentieren sich die 21. Internationalen Schillertage. <\/h2>\n\n\n\n<div style=\"height:100px\" aria-hidden=\"true\" class=\"wp-block-spacer\"><\/div>\n\n\n\n<p><em>Pressemitteilung<\/em><\/p>\n\n\n\n<div style=\"height:100px\" aria-hidden=\"true\" class=\"wp-block-spacer\"><\/div>\n\n\n\n<p><em>0111001101100011011010000110100101101100011011000110010101110010 <\/em>\u2013 lautet der Bin\u00e4rcode f\u00fcr \u00bbSchiller\u00ab. Eine \u00dcbersetzung, die f\u00fcr die 21. Ausgabe der Internationalen Schillertage von Bedeutung ist, da das Festival in diesem Jahr pandemiebedingt vor allem <strong>im digitalen Raum<\/strong> stattfindet. Gleichzeitig werden unter freiem Himmel im \u00bb<strong>NTM-Park<\/strong>\u00ab, einer exklusiv errichteten Rauminstallation vor dem Theatergeb\u00e4ude, sowie im Stadtraum k\u00fcnstlerische Arbeiten gezeigt, f\u00fcr die man sich nicht in gr\u00f6\u00dferer Zahl versammeln muss.<\/p>\n\n\n\n<p>Bereits seit 1978 zeigen die Internationalen Schillertage herausragende Neuinterpretationen von Friedrich Schillers Werken, dem ersten Mannheimer Hausautor. Sie setzen seine Themen, Ideen und Texte mit internationalen Gastspielen, Eigen- und Koproduktionen sowie einer Festivalakademie ins Verh\u00e4ltnis zu unserer Zeit.<br><\/p>\n\n\n\n<p>Ausgehend von Schillers St\u00fcck \u00bb<em><strong>Die Jungfrau von Orleans<\/strong><\/em>\u00ab, in dem es der jungen Protagonistin Johanna gelingt, verfeindete franz\u00f6sische Truppen zusammenzuf\u00fchren, um einen gemeinsamen Feind zu besiegen, wird die Frage gestellt, was wir heute erreichen k\u00f6nnen, wenn wir zusammenhalten. Wen schlie\u00dft unser Zusammenhalt aus? Diesen und vielen anderen Bedeutungsm\u00f6glichkeiten von \u00bbzusammen\u00ab widmen sich die Schillertage in diesem Jahr. \u00bb<strong>Drinnen, (drau\u00dfen und) online!<\/strong>\u00ab suchen sie nach M\u00f6glichkeiten, trotz Abstandsgebot zusammenzukommen.<\/p>\n\n\n\n<div style=\"height:47px\" aria-hidden=\"true\" class=\"wp-block-spacer\"><\/div>\n\n\n\n<figure class=\"wp-block-image size-large\"><img decoding=\"async\" loading=\"lazy\" width=\"1024\" height=\"682\" src=\"https:\/\/www.szenik.eu\/wp-content\/uploads\/2021\/05\/Capture-d\u2019\u00e9cran-2021-05-17-\u00e0-14.01.24-1024x682.png\" alt=\"\" class=\"wp-image-39534\" srcset=\"https:\/\/www.szenik.eu\/wp-content\/uploads\/2021\/05\/Capture-d\u2019\u00e9cran-2021-05-17-\u00e0-14.01.24-1024x682.png 1024w, https:\/\/www.szenik.eu\/wp-content\/uploads\/2021\/05\/Capture-d\u2019\u00e9cran-2021-05-17-\u00e0-14.01.24-300x200.png 300w, https:\/\/www.szenik.eu\/wp-content\/uploads\/2021\/05\/Capture-d\u2019\u00e9cran-2021-05-17-\u00e0-14.01.24-768x512.png 768w, https:\/\/www.szenik.eu\/wp-content\/uploads\/2021\/05\/Capture-d\u2019\u00e9cran-2021-05-17-\u00e0-14.01.24-750x500.png 750w, https:\/\/www.szenik.eu\/wp-content\/uploads\/2021\/05\/Capture-d\u2019\u00e9cran-2021-05-17-\u00e0-14.01.24.png 1117w\" sizes=\"(max-width: 1024px) 100vw, 1024px\" \/><figcaption>Wilhelm Tell I Candy Welz<\/figcaption><\/figure>\n\n\n\n<div style=\"height:48px\" aria-hidden=\"true\" class=\"wp-block-spacer\"><\/div>\n\n\n\n<p>Das zehnt\u00e4gige Festival, das <strong>vom<\/strong> <strong>17. \u2013 27. Juni 2021<\/strong> stattfindet, wird mit der Eigenproduktion von Friedrich Schillers&nbsp;\u00bb<strong><em>Die Jungfrau von Orleans<\/em><\/strong>\u00ab&nbsp;in der Regie der vielfach ausgezeichneten polnischen Regisseurin <strong>Ewelina Marciniak<\/strong>, die zuletzt 2020 den FAUST-Preis f\u00fcr die beste Regie erhielt, er\u00f6ffnet. In ihrer Lesart&nbsp;erz\u00e4hlt sie den Mythos neu und fragt,&nbsp;ob Macht immer&nbsp;\u00bbm\u00e4nnlichen\u00ab Verhaltensmustern folgen muss und ob der Preis von Freiheit und Emanzipation automatisch ein kriegerischer Akt ist.<\/p>\n\n\n\n<p>Zu Gast im Schiller-Stream auf\u00a0<strong>www.schillertage.de<\/strong>\u00a0samt k\u00fcnstlerischen Nachgespr\u00e4chen sind au\u00dferdem die Inszenierung \u00bb<strong><em>Wilhelm Tell<\/em><\/strong>\u00ab des <strong>Deutschen Nationaltheaters Weimar<\/strong> in der Regie von <strong>Jan Neumann<\/strong>, die mit mehreren Preisen ausgezeichnete Produktion \u00bb<strong><em>Maria Stuart<\/em><\/strong>\u00ab des <strong>Deutschen Theaters Berlin<\/strong> (Regie: <strong>Anne Lenk<\/strong>) und <strong>Ant\u00fa Romero Nunes<\/strong> Schiller-Mix \u00bb<strong><em>Ode an die Freiheit<\/em><\/strong>\u00ab vom <strong>Thalia Theater Hamburg<\/strong>. Eingeladen war zudem die Inszenierung \u00bb<strong><em>R\u00e4uber*innen<\/em><\/strong>\u00ab (Regie: <strong>Leonie B\u00f6hm<\/strong>) der <strong>M\u00fcnchner Kammerspiele<\/strong>. Da ein digitaler Stream der Vorstellung nicht m\u00f6glich ist, beschreiben Leonie B\u00f6hm und Ensemblemitglieder stattdessen in einem Gespr\u00e4ch, wie sie aus Schillers philosophischen Konzepten von \u00bbSpiel\u00ab und \u00bbFreiheit\u00ab eine kollektive Arbeitsweise abgeleitet haben.<\/p>\n\n\n\n<div style=\"height:49px\" aria-hidden=\"true\" class=\"wp-block-spacer\"><\/div>\n\n\n\n<figure class=\"wp-block-image size-large\"><img decoding=\"async\" loading=\"lazy\" width=\"1024\" height=\"671\" src=\"https:\/\/www.szenik.eu\/wp-content\/uploads\/2021\/05\/Capture-d\u2019\u00e9cran-2021-05-17-\u00e0-14.03.51-1024x671.png\" alt=\"\" class=\"wp-image-39537\" srcset=\"https:\/\/www.szenik.eu\/wp-content\/uploads\/2021\/05\/Capture-d\u2019\u00e9cran-2021-05-17-\u00e0-14.03.51-1024x671.png 1024w, https:\/\/www.szenik.eu\/wp-content\/uploads\/2021\/05\/Capture-d\u2019\u00e9cran-2021-05-17-\u00e0-14.03.51-300x197.png 300w, https:\/\/www.szenik.eu\/wp-content\/uploads\/2021\/05\/Capture-d\u2019\u00e9cran-2021-05-17-\u00e0-14.03.51-768x503.png 768w, https:\/\/www.szenik.eu\/wp-content\/uploads\/2021\/05\/Capture-d\u2019\u00e9cran-2021-05-17-\u00e0-14.03.51-750x491.png 750w, https:\/\/www.szenik.eu\/wp-content\/uploads\/2021\/05\/Capture-d\u2019\u00e9cran-2021-05-17-\u00e0-14.03.51.png 1116w\" sizes=\"(max-width: 1024px) 100vw, 1024px\" \/><figcaption>Ode an die Freiheit I Armin Smailovic<\/figcaption><\/figure>\n\n\n\n<div style=\"height:53px\" aria-hidden=\"true\" class=\"wp-block-spacer\"><\/div>\n\n\n\n<h4>Auch in Zusammenarbeit steckt das Wort&nbsp;\u00bbzusammen\u00ab<\/h4>\n\n\n\n<div style=\"height:20px\" aria-hidden=\"true\" class=\"wp-block-spacer\"><\/div>\n\n\n\n<p>Die Schillertage erproben in diesem Jahr neue Formen der Kooperation mit freien\u00a0Kulturinstitutionen Mannheims. Gemeinsam mit dem <strong><a href=\"http:\/\/tig7.de\" target=\"_blank\" rel=\"noreferrer noopener\" aria-label=\"Theaterhaus G7 (opens in a new tab)\">Theaterhaus G7<\/a><\/strong> (\u00bb<strong><em>Made of Mannheim<\/em><\/strong>\u00ab von <strong>Javaad Alipoor<\/strong> und <strong>Chris Thorpe<\/strong>), dem <strong><a href=\"https:\/\/www.eintanzhaus.de\/startseite\/\" target=\"_blank\" rel=\"noreferrer noopener\" aria-label=\"EinTanzHaus (opens in a new tab)\">EinTanzHaus<\/a><\/strong> (\u00bb<strong><em>Niemandsland<\/em><\/strong>\u00ab von <strong>Dimitri de Perrot<\/strong>) und zeitraumexit (\u00bb<strong><em>Knochenarbeit<\/em><\/strong>\u00ab von <strong>Vanessa Stern<\/strong>) werden drei Projekte zur Urauff\u00fchrung gebracht, die gemeinsam entwickelt wurden und die die Vielfalt der k\u00fcnstlerischen Profile der einzelnen H\u00e4user widerspiegeln.<\/p>\n\n\n\n<p>Zudem spannen die diesj\u00e4hrigen Schillertage einen Bogen von Mannheims erstem Hausautor zur Hausautorin der vergangenen Spielzeit <strong>Sivan Ben Yishai<\/strong>. Ihr neues St\u00fcck \u00bb<em><strong>Wounds Are Forever (Selbstportr\u00e4t als Nationaldichterin)<\/strong><\/em>\u00ab, ein Auftragswerk des Nationaltheaters Mannheim, entsteht als Koproduktion mit dem <strong><a href=\"https:\/\/theaterrampe.de\" target=\"_blank\" rel=\"noreferrer noopener\" aria-label=\"Theater Rampe Stuttgart (opens in a new tab)\">Theater Rampe Stuttgart<\/a><\/strong> und wird von <strong>Marie Bues<\/strong> zur Urauff\u00fchrung gebracht.<\/p>\n\n\n\n<div style=\"height:42px\" aria-hidden=\"true\" class=\"wp-block-spacer\"><\/div>\n\n\n\n<figure class=\"wp-block-image size-large\"><img decoding=\"async\" loading=\"lazy\" width=\"1024\" height=\"683\" src=\"https:\/\/www.szenik.eu\/wp-content\/uploads\/2021\/05\/15542_jeannedark6_c_matthieubareyre-1024x683.jpg\" alt=\"\" class=\"wp-image-39539\" srcset=\"https:\/\/www.szenik.eu\/wp-content\/uploads\/2021\/05\/15542_jeannedark6_c_matthieubareyre-1024x683.jpg 1024w, https:\/\/www.szenik.eu\/wp-content\/uploads\/2021\/05\/15542_jeannedark6_c_matthieubareyre-300x200.jpg 300w, https:\/\/www.szenik.eu\/wp-content\/uploads\/2021\/05\/15542_jeannedark6_c_matthieubareyre-768x512.jpg 768w, https:\/\/www.szenik.eu\/wp-content\/uploads\/2021\/05\/15542_jeannedark6_c_matthieubareyre-1536x1024.jpg 1536w, https:\/\/www.szenik.eu\/wp-content\/uploads\/2021\/05\/15542_jeannedark6_c_matthieubareyre-2048x1365.jpg 2048w, https:\/\/www.szenik.eu\/wp-content\/uploads\/2021\/05\/15542_jeannedark6_c_matthieubareyre-750x500.jpg 750w, https:\/\/www.szenik.eu\/wp-content\/uploads\/2021\/05\/15542_jeannedark6_c_matthieubareyre-1140x760.jpg 1140w\" sizes=\"(max-width: 1024px) 100vw, 1024px\" \/><figcaption>_jeanne_dark I Matthieu Bareyre<\/figcaption><\/figure>\n\n\n\n<div style=\"height:51px\" aria-hidden=\"true\" class=\"wp-block-spacer\"><\/div>\n\n\n\n<p>Von einer jungen Frau, die sich der Welt vor allem \u00fcber Instagram mitteilt, erz\u00e4hlt das franz\u00f6sische Gastspiel \u00bb<strong><em>_jeanne_dark_<\/em><\/strong>\u00ab von <strong>Marion Si\u00e9fert <\/strong>(Stream). F\u00fcr ihre Tanz-Performance \u00bb<strong><em>Mailles<\/em><\/strong>\u00ab hat die aus Ruanda stammende K\u00fcnstlerin <strong>Doroth\u00e9e\u00a0Munyaneza<\/strong> f\u00fcnf Kolleginnen aus verschiedenen afrikanischen L\u00e4ndern eingeladen, um gemeinsam eine Geschichte zu weben (Stream). <\/p>\n\n\n\n<p>W\u00e4hrend der Online-Performance \u00bb<strong><em>useless land<\/em><\/strong>\u00ab von <strong>Catalina Insignares<\/strong> und <strong>Carolina Mendon\u00e7a<\/strong> verbringen Performer*innen und Zuschauer*innen gemeinsam die Nacht \u2013 in ihren jeweils eigenen Betten. Das aus China stammende K\u00fcnstlerduo <strong>Zhuo Menting<\/strong> und <strong>Li Song <\/strong>geht in \u00bb<strong><em>1000 Ears<\/em><\/strong>\u00ab anstelle des Publikums spazieren. In der mitrei\u00dfenden Zoom-Performance \u00bb<em><strong>Allegedly<\/strong><\/em>\u00ab von <strong>Mallika Taneja<\/strong> spricht ein rein weibliches Ensemble live aus Indien \u00fcber sexuelle Gewalt, Gerechtigkeit und pers\u00f6nliche Dilemmata.<\/p>\n\n\n\n<div style=\"height:52px\" aria-hidden=\"true\" class=\"wp-block-spacer\"><\/div>\n\n\n\n<figure class=\"wp-block-image size-large\"><img decoding=\"async\" loading=\"lazy\" width=\"1024\" height=\"576\" src=\"https:\/\/www.szenik.eu\/wp-content\/uploads\/2021\/05\/15548_allegedly_foto_mallika_taneja__3-1024x576.jpg\" alt=\"\" class=\"wp-image-39541\" srcset=\"https:\/\/www.szenik.eu\/wp-content\/uploads\/2021\/05\/15548_allegedly_foto_mallika_taneja__3-1024x576.jpg 1024w, https:\/\/www.szenik.eu\/wp-content\/uploads\/2021\/05\/15548_allegedly_foto_mallika_taneja__3-300x169.jpg 300w, https:\/\/www.szenik.eu\/wp-content\/uploads\/2021\/05\/15548_allegedly_foto_mallika_taneja__3-768x432.jpg 768w, https:\/\/www.szenik.eu\/wp-content\/uploads\/2021\/05\/15548_allegedly_foto_mallika_taneja__3-1536x864.jpg 1536w, https:\/\/www.szenik.eu\/wp-content\/uploads\/2021\/05\/15548_allegedly_foto_mallika_taneja__3-750x422.jpg 750w, https:\/\/www.szenik.eu\/wp-content\/uploads\/2021\/05\/15548_allegedly_foto_mallika_taneja__3-1140x641.jpg 1140w, https:\/\/www.szenik.eu\/wp-content\/uploads\/2021\/05\/15548_allegedly_foto_mallika_taneja__3.jpg 1920w\" sizes=\"(max-width: 1024px) 100vw, 1024px\" \/><figcaption>Allegedly I Mallika Taneja<\/figcaption><\/figure>\n\n\n\n<div style=\"height:46px\" aria-hidden=\"true\" class=\"wp-block-spacer\"><\/div>\n\n\n\n<h4>Kreative Kooperationen<\/h4>\n\n\n\n<div style=\"height:20px\" aria-hidden=\"true\" class=\"wp-block-spacer\"><\/div>\n\n\n\n<p>Die Schillertage machen es sich zudem zur Aufgabe, jungen K\u00fcnstler*innen die M\u00f6glichkeit zu bieten, neue kreative Ideen zu erproben. So entstehen vier Projekte im Rahmen einer Kooperation mit der Hessischen Theaterakademie. Die <strong>hfs_ultras<\/strong>, ein Kollektiv junger Regisseurinnen (Absolventinnen der Hochschule f\u00fcr Schauspielkunst Ernst Busch, Berlin) produzieren mit ihren \u00bb<strong><em>Geisterspielen<\/em><\/strong>\u00ab eine Serie von Kurzfilmen f\u00fcr die Schillertage.<\/p>\n\n\n\n<p>Das von dem Leipziger K\u00fcnstlerduo \u00bb<strong><em>Situation Room<\/em><\/strong>\u00ab (<strong>Sven Bergelt<\/strong> und <strong>Kai-Hendrik Windeler<\/strong>) entworfene Festivalzentrum\u00a0\u00bbNTM-Park\u00ab auf dem Theatervorplatz l\u00e4dt (wenn schon nicht zum Versammeln) zum Verweilen ein. Hier sind u. a. die interaktiven Installationen \u00bb<strong><em>Inter-face<\/em><\/strong>\u00ab von <strong>Benjamin Vandewalle<\/strong> und \u00bb<strong><em>Washing Hands<\/em><\/strong>\u00ab von <strong>Daan\u2019t Sas<\/strong> und <strong>Lotte van den Berg <\/strong>zu erleben, ebenso wie \u00bb<strong><em>Ein Tag im Licht<\/em><\/strong>\u00ab, eine Langzeitperformance von und mit <strong>Robin Krakowski<\/strong>. <\/p>\n\n\n\n<div style=\"height:44px\" aria-hidden=\"true\" class=\"wp-block-spacer\"><\/div>\n\n\n\n<figure class=\"wp-block-image size-large\"><img decoding=\"async\" loading=\"lazy\" width=\"1024\" height=\"684\" src=\"https:\/\/www.szenik.eu\/wp-content\/uploads\/2021\/05\/Capture-d\u2019\u00e9cran-2021-05-17-\u00e0-14.22.02-1024x684.png\" alt=\"\" class=\"wp-image-39543\" srcset=\"https:\/\/www.szenik.eu\/wp-content\/uploads\/2021\/05\/Capture-d\u2019\u00e9cran-2021-05-17-\u00e0-14.22.02-1024x684.png 1024w, https:\/\/www.szenik.eu\/wp-content\/uploads\/2021\/05\/Capture-d\u2019\u00e9cran-2021-05-17-\u00e0-14.22.02-300x200.png 300w, https:\/\/www.szenik.eu\/wp-content\/uploads\/2021\/05\/Capture-d\u2019\u00e9cran-2021-05-17-\u00e0-14.22.02-768x513.png 768w, https:\/\/www.szenik.eu\/wp-content\/uploads\/2021\/05\/Capture-d\u2019\u00e9cran-2021-05-17-\u00e0-14.22.02-750x501.png 750w, https:\/\/www.szenik.eu\/wp-content\/uploads\/2021\/05\/Capture-d\u2019\u00e9cran-2021-05-17-\u00e0-14.22.02.png 1118w\" sizes=\"(max-width: 1024px) 100vw, 1024px\" \/><figcaption>Interface I Stanislav Dobak<\/figcaption><\/figure>\n\n\n\n<div style=\"height:47px\" aria-hidden=\"true\" class=\"wp-block-spacer\"><\/div>\n\n\n\n<p>Au\u00dferdem starten im\u00a0\u00bb<strong>NTM- Park<\/strong>\u00ab verschiedene Audiowalks und Stadtspazierg\u00e4nge, wie z.B. \u00bb<strong><em>Schillernde Aussichten. Eine Reise- Einladung zum Umwege gehen und sich Verlieren<\/em><\/strong>\u00ab von <strong>zaung\u00e4ste<\/strong>. Im Stadtraum entsteht neben der Sound-Installation \u00bb<strong><em>II: Forest of Breath :II<\/em><\/strong>\u00ab von <strong>Brigitta Muntendorf <\/strong>auch eine interaktive Lichtinstallation.<\/p>\n\n\n\n<p>In vier anl\u00e4sslich der Schillertage durchgef\u00fchrten Ausgaben der Gespr\u00e4chsreihe \u00bb<strong><em>SWR2 Forum<\/em><\/strong>\u00ab greift der Kulturpartner<strong> SWR2 <\/strong>das Motto der diesj\u00e4hrigen Schillertage auf. Parallel zum Festivalprogramm wird mit der Schillerwelle in Kooperation mit dem freien Radio bermuda.funk ein eigenes Festivalradio eingerichtet, das neben der popul\u00e4ren Schillertage-Konzertreihe \u00bb<strong><em>Schill-Outs<\/em><\/strong>\u00ab ein t\u00e4glich wechselndes Programm aus dem Festivalzentrum pr\u00e4sentiert.<\/p>\n\n\n\n<div style=\"height:41px\" aria-hidden=\"true\" class=\"wp-block-spacer\"><\/div>\n\n\n\n<figure class=\"wp-block-image size-large\"><img decoding=\"async\" loading=\"lazy\" width=\"1024\" height=\"684\" src=\"https:\/\/www.szenik.eu\/wp-content\/uploads\/2021\/05\/Capture-d\u2019\u00e9cran-2021-05-17-\u00e0-14.24.06-1024x684.png\" alt=\"\" class=\"wp-image-39545\" srcset=\"https:\/\/www.szenik.eu\/wp-content\/uploads\/2021\/05\/Capture-d\u2019\u00e9cran-2021-05-17-\u00e0-14.24.06-1024x684.png 1024w, https:\/\/www.szenik.eu\/wp-content\/uploads\/2021\/05\/Capture-d\u2019\u00e9cran-2021-05-17-\u00e0-14.24.06-300x200.png 300w, https:\/\/www.szenik.eu\/wp-content\/uploads\/2021\/05\/Capture-d\u2019\u00e9cran-2021-05-17-\u00e0-14.24.06-768x513.png 768w, https:\/\/www.szenik.eu\/wp-content\/uploads\/2021\/05\/Capture-d\u2019\u00e9cran-2021-05-17-\u00e0-14.24.06-750x501.png 750w, https:\/\/www.szenik.eu\/wp-content\/uploads\/2021\/05\/Capture-d\u2019\u00e9cran-2021-05-17-\u00e0-14.24.06.png 1117w\" sizes=\"(max-width: 1024px) 100vw, 1024px\" \/><figcaption>Ein Tag im Licht I Carla Kis-Schuller<\/figcaption><\/figure>\n\n\n\n<div style=\"height:46px\" aria-hidden=\"true\" class=\"wp-block-spacer\"><\/div>\n\n\n\n<h4>Schiller in der Schachtel<\/h4>\n\n\n\n<div style=\"height:20px\" aria-hidden=\"true\" class=\"wp-block-spacer\"><\/div>\n\n\n\n<p>Diese und viele weitere Veranstaltungspunkte sind Gegenstand des Festivalprogramms der 21. Internationalen Schillertage, auf die man sich ab sofort mit der\u00a0\u00bb<em><strong>Schillerschachtel<\/strong><\/em>\u00ab einstimmen kann. Auf diese Art kommt ein St\u00fcck Festival nach Hause!<\/p>\n\n\n\n<div style=\"height:100px\" aria-hidden=\"true\" class=\"wp-block-spacer\"><\/div>\n\n\n\n<div class=\"wp-block-button aligncenter\"><a class=\"wp-block-button__link has-text-color has-very-dark-gray-color has-background has-luminous-vivid-amber-background-color\" href=\"https:\/\/www.nationaltheater-mannheim.de\/de\/schillertage\/schillertage_2021.php\" target=\"_blank\" rel=\"noreferrer noopener\">Weitere Informationen auf der Website des Nationaltheaters Mannheim<\/a><\/div>\n\n\n\n<div style=\"height:100px\" aria-hidden=\"true\" class=\"wp-block-spacer\"><\/div>\n\n\n\n<p class=\"has-small-font-size\">Foto: Julia Auf der Maur<\/p>\n\n\n\n<div style=\"height:100px\" aria-hidden=\"true\" class=\"wp-block-spacer\"><\/div>\n","protected":false},"excerpt":{"rendered":"<p>B\u00fchnenexplosiv, feminin, experimentell, digital und zusammen &#8211; so pr\u00e4sentieren sich die 21. Internationalen Schillertage. Pressemitteilung 0111001101100011011010000110100101101100011011000110010101110010 \u2013 lautet der Bin\u00e4rcode f\u00fcr \u00bbSchiller\u00ab. Eine \u00dcbersetzung, die f\u00fcr die 21. Ausgabe der Internationalen Schillertage von Bedeutung ist, da das Festival in diesem Jahr pandemiebedingt vor allem im digitalen Raum stattfindet. Gleichzeitig werden unter freiem Himmel im \u00bbNTM-Park\u00ab, [&hellip;]<\/p>\n","protected":false},"author":1,"featured_media":39547,"comment_status":"open","ping_status":"open","sticky":false,"template":"","format":"standard","meta":{"_monsterinsights_skip_tracking":false,"_monsterinsights_sitenote_active":false,"_monsterinsights_sitenote_note":"","_monsterinsights_sitenote_category":0},"categories":[2815,10359],"tags":[11178,7128,11161,11157,11167,11168,11172,11160,11176,11169,11175,11180,11179,11174,11163,10689,11166,11159,11164,3305,7471,10793,3304,11158,11170,11162,6477,11171,11177,11165],"yoast_head":"<!-- This site is optimized with the Yoast SEO plugin v20.5 - https:\/\/yoast.com\/wordpress\/plugins\/seo\/ -->\n<title>Die 21. Internationalen Schillertage vom 17.-27. Juni 2021 I szenik<\/title>\n<meta name=\"description\" content=\"Die Internationalen Schillertage werden mit der Produktion von Friedrich Schillers \u00bbDie Jungfrau von Orleans\u00ab in der Regie von Ewelina Marciniak er\u00f6ffnet.\" \/>\n<meta name=\"robots\" content=\"index, follow, max-snippet:-1, max-image-preview:large, max-video-preview:-1\" \/>\n<link rel=\"canonical\" href=\"https:\/\/www.szenik.eu\/de\/21-internationale-schillertage-vom-17-27-juni-2021-im-nationaltheater-mannheim-39523\" \/>\n<meta property=\"og:locale\" content=\"de_DE\" \/>\n<meta property=\"og:type\" content=\"article\" \/>\n<meta property=\"og:title\" content=\"Die 21. Internationalen Schillertage vom 17.-27. Juni 2021 I szenik\" \/>\n<meta property=\"og:description\" content=\"Die Internationalen Schillertage werden mit der Produktion von Friedrich Schillers \u00bbDie Jungfrau von Orleans\u00ab in der Regie von Ewelina Marciniak er\u00f6ffnet.\" \/>\n<meta property=\"og:url\" content=\"https:\/\/www.szenik.eu\/de\/21-internationale-schillertage-vom-17-27-juni-2021-im-nationaltheater-mannheim-39523\" \/>\n<meta property=\"og:site_name\" content=\"szenik\" \/>\n<meta property=\"article:publisher\" content=\"https:\/\/www.facebook.com\/szenik.eu\/\" \/>\n<meta property=\"article:published_time\" content=\"2021-05-17T07:00:29+00:00\" \/>\n<meta property=\"article:modified_time\" content=\"2021-05-17T13:08:00+00:00\" \/>\n<meta property=\"og:image\" content=\"https:\/\/www.szenik.eu\/wp-content\/uploads\/2021\/05\/15630_pr___auswahl_schillerschachtel_foto_julia_auf_der_maur.jpg\" \/>\n\t<meta property=\"og:image:width\" content=\"1772\" \/>\n\t<meta property=\"og:image:height\" content=\"1181\" \/>\n\t<meta property=\"og:image:type\" content=\"image\/jpeg\" \/>\n<meta name=\"author\" content=\"szenik\" \/>\n<meta name=\"twitter:card\" content=\"summary_large_image\" \/>\n<meta name=\"twitter:creator\" content=\"@Szenik\" \/>\n<meta name=\"twitter:site\" content=\"@Szenik\" \/>\n<meta name=\"twitter:label1\" content=\"Verfasst von\" \/>\n\t<meta name=\"twitter:data1\" content=\"szenik\" \/>\n\t<meta name=\"twitter:label2\" content=\"Gesch\u00e4tzte Lesezeit\" \/>\n\t<meta name=\"twitter:data2\" content=\"5\u00a0Minuten\" \/>\n<script type=\"application\/ld+json\" class=\"yoast-schema-graph\">{\"@context\":\"https:\/\/schema.org\",\"@graph\":[{\"@type\":\"Article\",\"@id\":\"https:\/\/www.szenik.eu\/de\/21-internationale-schillertage-vom-17-27-juni-2021-im-nationaltheater-mannheim-39523#article\",\"isPartOf\":{\"@id\":\"https:\/\/www.szenik.eu\/de\/21-internationale-schillertage-vom-17-27-juni-2021-im-nationaltheater-mannheim-39523\"},\"author\":{\"name\":\"szenik\",\"@id\":\"https:\/\/www.szenik.eu\/de\/#\/schema\/person\/15f73f175b41bad194837490339d48fb\"},\"headline\":\"21. Internationale Schillertage vom 17.-27. Juni 2021 im Nationaltheater Mannheim\",\"datePublished\":\"2021-05-17T07:00:29+00:00\",\"dateModified\":\"2021-05-17T13:08:00+00:00\",\"mainEntityOfPage\":{\"@id\":\"https:\/\/www.szenik.eu\/de\/21-internationale-schillertage-vom-17-27-juni-2021-im-nationaltheater-mannheim-39523\"},\"wordCount\":966,\"commentCount\":0,\"publisher\":{\"@id\":\"https:\/\/www.szenik.eu\/de\/#organization\"},\"keywords\":[\"Anne Lenk\",\"Antu Romero Nunes\",\"Benjamin Vandewalle\",\"Brigitta Muntendorf\",\"Carolina Mendonca\",\"Catalina Insignares\",\"Chris Thorpe\",\"Daant Sas\",\"Dimitri de Perrot\",\"Dorothee Munyaneza\",\"EinTanzHaus\",\"Ewelina Marciniak\",\"Jan Neumann\",\"Javaad Alipoor\",\"Kai-Hendrik Windeler\",\"Leonie B\u00f6hm\",\"Li Song\",\"Lotte van den Berg\",\"Mallika Taneja\",\"Mannheim\",\"Marie Bues\",\"Marion Si\u00e9fert\",\"Nationaltheater Mannheim\",\"Robin Krakowski\",\"Sivan Ben Yishai\",\"Sven Bergelt\",\"Theater Rampe\",\"Theaterhaus G7\",\"Vanessa Stern\",\"Zhuo Menting\"],\"articleSection\":[\"Kurz &amp; knackig\",\"TV \/ Streaming\"],\"inLanguage\":\"de\",\"potentialAction\":[{\"@type\":\"CommentAction\",\"name\":\"Comment\",\"target\":[\"https:\/\/www.szenik.eu\/de\/21-internationale-schillertage-vom-17-27-juni-2021-im-nationaltheater-mannheim-39523#respond\"]}]},{\"@type\":\"WebPage\",\"@id\":\"https:\/\/www.szenik.eu\/de\/21-internationale-schillertage-vom-17-27-juni-2021-im-nationaltheater-mannheim-39523\",\"url\":\"https:\/\/www.szenik.eu\/de\/21-internationale-schillertage-vom-17-27-juni-2021-im-nationaltheater-mannheim-39523\",\"name\":\"Die 21. Internationalen Schillertage vom 17.-27. Juni 2021 I szenik\",\"isPartOf\":{\"@id\":\"https:\/\/www.szenik.eu\/de\/#website\"},\"datePublished\":\"2021-05-17T07:00:29+00:00\",\"dateModified\":\"2021-05-17T13:08:00+00:00\",\"description\":\"Die Internationalen Schillertage werden mit der Produktion von Friedrich Schillers \u00bbDie Jungfrau von Orleans\u00ab in der Regie von Ewelina Marciniak er\u00f6ffnet.\",\"breadcrumb\":{\"@id\":\"https:\/\/www.szenik.eu\/de\/21-internationale-schillertage-vom-17-27-juni-2021-im-nationaltheater-mannheim-39523#breadcrumb\"},\"inLanguage\":\"de\",\"potentialAction\":[{\"@type\":\"ReadAction\",\"target\":[\"https:\/\/www.szenik.eu\/de\/21-internationale-schillertage-vom-17-27-juni-2021-im-nationaltheater-mannheim-39523\"]}]},{\"@type\":\"BreadcrumbList\",\"@id\":\"https:\/\/www.szenik.eu\/de\/21-internationale-schillertage-vom-17-27-juni-2021-im-nationaltheater-mannheim-39523#breadcrumb\",\"itemListElement\":[{\"@type\":\"ListItem\",\"position\":1,\"name\":\"Home\",\"item\":\"https:\/\/www.szenik.eu\/de\"},{\"@type\":\"ListItem\",\"position\":2,\"name\":\"21. Internationale Schillertage vom 17.-27. Juni 2021 im Nationaltheater Mannheim\"}]},{\"@type\":\"WebSite\",\"@id\":\"https:\/\/www.szenik.eu\/de\/#website\",\"url\":\"https:\/\/www.szenik.eu\/de\/\",\"name\":\"szenik\",\"description\":\"Le Meilleur des sc\u00e8nes au coeur de l&#039;Europe\",\"publisher\":{\"@id\":\"https:\/\/www.szenik.eu\/de\/#organization\"},\"potentialAction\":[{\"@type\":\"SearchAction\",\"target\":{\"@type\":\"EntryPoint\",\"urlTemplate\":\"https:\/\/www.szenik.eu\/de\/?s={search_term_string}\"},\"query-input\":\"required name=search_term_string\"}],\"inLanguage\":\"de\"},{\"@type\":\"Organization\",\"@id\":\"https:\/\/www.szenik.eu\/de\/#organization\",\"name\":\"Szenik\",\"url\":\"https:\/\/www.szenik.eu\/de\/\",\"logo\":{\"@type\":\"ImageObject\",\"inLanguage\":\"de\",\"@id\":\"https:\/\/www.szenik.eu\/de\/#\/schema\/logo\/image\/\",\"url\":\"https:\/\/www.szenik.eu\/wp-content\/uploads\/2019\/07\/logo-square.png\",\"contentUrl\":\"https:\/\/www.szenik.eu\/wp-content\/uploads\/2019\/07\/logo-square.png\",\"width\":512,\"height\":512,\"caption\":\"Szenik\"},\"image\":{\"@id\":\"https:\/\/www.szenik.eu\/de\/#\/schema\/logo\/image\/\"},\"sameAs\":[\"https:\/\/www.facebook.com\/szenik.eu\/\",\"https:\/\/twitter.com\/Szenik\",\"https:\/\/www.instagram.com\/szenik_magazine\/\",\"https:\/\/www.youtube.com\/user\/SzenikEU\/\"]},{\"@type\":\"Person\",\"@id\":\"https:\/\/www.szenik.eu\/de\/#\/schema\/person\/15f73f175b41bad194837490339d48fb\",\"name\":\"szenik\",\"image\":{\"@type\":\"ImageObject\",\"inLanguage\":\"de\",\"@id\":\"https:\/\/www.szenik.eu\/de\/#\/schema\/person\/image\/\",\"url\":\"https:\/\/secure.gravatar.com\/avatar\/d1c4f19522a624a4eaa5e6c03e22370b?s=96&d=mm&r=g\",\"contentUrl\":\"https:\/\/secure.gravatar.com\/avatar\/d1c4f19522a624a4eaa5e6c03e22370b?s=96&d=mm&r=g\",\"caption\":\"szenik\"}}]}<\/script>\n<!-- \/ Yoast SEO plugin. -->","yoast_head_json":{"title":"Die 21. Internationalen Schillertage vom 17.-27. Juni 2021 I szenik","description":"Die Internationalen Schillertage werden mit der Produktion von Friedrich Schillers \u00bbDie Jungfrau von Orleans\u00ab in der Regie von Ewelina Marciniak er\u00f6ffnet.","robots":{"index":"index","follow":"follow","max-snippet":"max-snippet:-1","max-image-preview":"max-image-preview:large","max-video-preview":"max-video-preview:-1"},"canonical":"https:\/\/www.szenik.eu\/de\/21-internationale-schillertage-vom-17-27-juni-2021-im-nationaltheater-mannheim-39523","og_locale":"de_DE","og_type":"article","og_title":"Die 21. Internationalen Schillertage vom 17.-27. Juni 2021 I szenik","og_description":"Die Internationalen Schillertage werden mit der Produktion von Friedrich Schillers \u00bbDie Jungfrau von Orleans\u00ab in der Regie von Ewelina Marciniak er\u00f6ffnet.","og_url":"https:\/\/www.szenik.eu\/de\/21-internationale-schillertage-vom-17-27-juni-2021-im-nationaltheater-mannheim-39523","og_site_name":"szenik","article_publisher":"https:\/\/www.facebook.com\/szenik.eu\/","article_published_time":"2021-05-17T07:00:29+00:00","article_modified_time":"2021-05-17T13:08:00+00:00","og_image":[{"width":1772,"height":1181,"url":"https:\/\/www.szenik.eu\/wp-content\/uploads\/2021\/05\/15630_pr___auswahl_schillerschachtel_foto_julia_auf_der_maur.jpg","type":"image\/jpeg"}],"author":"szenik","twitter_card":"summary_large_image","twitter_creator":"@Szenik","twitter_site":"@Szenik","twitter_misc":{"Verfasst von":"szenik","Gesch\u00e4tzte Lesezeit":"5\u00a0Minuten"},"schema":{"@context":"https:\/\/schema.org","@graph":[{"@type":"Article","@id":"https:\/\/www.szenik.eu\/de\/21-internationale-schillertage-vom-17-27-juni-2021-im-nationaltheater-mannheim-39523#article","isPartOf":{"@id":"https:\/\/www.szenik.eu\/de\/21-internationale-schillertage-vom-17-27-juni-2021-im-nationaltheater-mannheim-39523"},"author":{"name":"szenik","@id":"https:\/\/www.szenik.eu\/de\/#\/schema\/person\/15f73f175b41bad194837490339d48fb"},"headline":"21. Internationale Schillertage vom 17.-27. Juni 2021 im Nationaltheater Mannheim","datePublished":"2021-05-17T07:00:29+00:00","dateModified":"2021-05-17T13:08:00+00:00","mainEntityOfPage":{"@id":"https:\/\/www.szenik.eu\/de\/21-internationale-schillertage-vom-17-27-juni-2021-im-nationaltheater-mannheim-39523"},"wordCount":966,"commentCount":0,"publisher":{"@id":"https:\/\/www.szenik.eu\/de\/#organization"},"keywords":["Anne Lenk","Antu Romero Nunes","Benjamin Vandewalle","Brigitta Muntendorf","Carolina Mendonca","Catalina Insignares","Chris Thorpe","Daant Sas","Dimitri de Perrot","Dorothee Munyaneza","EinTanzHaus","Ewelina Marciniak","Jan Neumann","Javaad Alipoor","Kai-Hendrik Windeler","Leonie B\u00f6hm","Li Song","Lotte van den Berg","Mallika Taneja","Mannheim","Marie Bues","Marion Si\u00e9fert","Nationaltheater Mannheim","Robin Krakowski","Sivan Ben Yishai","Sven Bergelt","Theater Rampe","Theaterhaus G7","Vanessa Stern","Zhuo Menting"],"articleSection":["Kurz &amp; knackig","TV \/ Streaming"],"inLanguage":"de","potentialAction":[{"@type":"CommentAction","name":"Comment","target":["https:\/\/www.szenik.eu\/de\/21-internationale-schillertage-vom-17-27-juni-2021-im-nationaltheater-mannheim-39523#respond"]}]},{"@type":"WebPage","@id":"https:\/\/www.szenik.eu\/de\/21-internationale-schillertage-vom-17-27-juni-2021-im-nationaltheater-mannheim-39523","url":"https:\/\/www.szenik.eu\/de\/21-internationale-schillertage-vom-17-27-juni-2021-im-nationaltheater-mannheim-39523","name":"Die 21. Internationalen Schillertage vom 17.-27. Juni 2021 I szenik","isPartOf":{"@id":"https:\/\/www.szenik.eu\/de\/#website"},"datePublished":"2021-05-17T07:00:29+00:00","dateModified":"2021-05-17T13:08:00+00:00","description":"Die Internationalen Schillertage werden mit der Produktion von Friedrich Schillers \u00bbDie Jungfrau von Orleans\u00ab in der Regie von Ewelina Marciniak er\u00f6ffnet.","breadcrumb":{"@id":"https:\/\/www.szenik.eu\/de\/21-internationale-schillertage-vom-17-27-juni-2021-im-nationaltheater-mannheim-39523#breadcrumb"},"inLanguage":"de","potentialAction":[{"@type":"ReadAction","target":["https:\/\/www.szenik.eu\/de\/21-internationale-schillertage-vom-17-27-juni-2021-im-nationaltheater-mannheim-39523"]}]},{"@type":"BreadcrumbList","@id":"https:\/\/www.szenik.eu\/de\/21-internationale-schillertage-vom-17-27-juni-2021-im-nationaltheater-mannheim-39523#breadcrumb","itemListElement":[{"@type":"ListItem","position":1,"name":"Home","item":"https:\/\/www.szenik.eu\/de"},{"@type":"ListItem","position":2,"name":"21. Internationale Schillertage vom 17.-27. Juni 2021 im Nationaltheater Mannheim"}]},{"@type":"WebSite","@id":"https:\/\/www.szenik.eu\/de\/#website","url":"https:\/\/www.szenik.eu\/de\/","name":"szenik","description":"Le Meilleur des sc\u00e8nes au coeur de l&#039;Europe","publisher":{"@id":"https:\/\/www.szenik.eu\/de\/#organization"},"potentialAction":[{"@type":"SearchAction","target":{"@type":"EntryPoint","urlTemplate":"https:\/\/www.szenik.eu\/de\/?s={search_term_string}"},"query-input":"required name=search_term_string"}],"inLanguage":"de"},{"@type":"Organization","@id":"https:\/\/www.szenik.eu\/de\/#organization","name":"Szenik","url":"https:\/\/www.szenik.eu\/de\/","logo":{"@type":"ImageObject","inLanguage":"de","@id":"https:\/\/www.szenik.eu\/de\/#\/schema\/logo\/image\/","url":"https:\/\/www.szenik.eu\/wp-content\/uploads\/2019\/07\/logo-square.png","contentUrl":"https:\/\/www.szenik.eu\/wp-content\/uploads\/2019\/07\/logo-square.png","width":512,"height":512,"caption":"Szenik"},"image":{"@id":"https:\/\/www.szenik.eu\/de\/#\/schema\/logo\/image\/"},"sameAs":["https:\/\/www.facebook.com\/szenik.eu\/","https:\/\/twitter.com\/Szenik","https:\/\/www.instagram.com\/szenik_magazine\/","https:\/\/www.youtube.com\/user\/SzenikEU\/"]},{"@type":"Person","@id":"https:\/\/www.szenik.eu\/de\/#\/schema\/person\/15f73f175b41bad194837490339d48fb","name":"szenik","image":{"@type":"ImageObject","inLanguage":"de","@id":"https:\/\/www.szenik.eu\/de\/#\/schema\/person\/image\/","url":"https:\/\/secure.gravatar.com\/avatar\/d1c4f19522a624a4eaa5e6c03e22370b?s=96&d=mm&r=g","contentUrl":"https:\/\/secure.gravatar.com\/avatar\/d1c4f19522a624a4eaa5e6c03e22370b?s=96&d=mm&r=g","caption":"szenik"}}]}},"jetpack_featured_media_url":"https:\/\/www.szenik.eu\/wp-content\/uploads\/2021\/05\/15630_pr___auswahl_schillerschachtel_foto_julia_auf_der_maur.jpg","amp_enabled":true,"_links":{"self":[{"href":"https:\/\/www.szenik.eu\/de\/wp-json\/\/wp\/v2\/posts\/39523"}],"collection":[{"href":"https:\/\/www.szenik.eu\/de\/wp-json\/\/wp\/v2\/posts"}],"about":[{"href":"https:\/\/www.szenik.eu\/de\/wp-json\/\/wp\/v2\/types\/post"}],"author":[{"embeddable":true,"href":"https:\/\/www.szenik.eu\/de\/wp-json\/\/wp\/v2\/users\/1"}],"replies":[{"embeddable":true,"href":"https:\/\/www.szenik.eu\/de\/wp-json\/\/wp\/v2\/comments?post=39523"}],"version-history":[{"count":2,"href":"https:\/\/www.szenik.eu\/de\/wp-json\/\/wp\/v2\/posts\/39523\/revisions"}],"predecessor-version":[{"id":39549,"href":"https:\/\/www.szenik.eu\/de\/wp-json\/\/wp\/v2\/posts\/39523\/revisions\/39549"}],"wp:featuredmedia":[{"embeddable":true,"href":"https:\/\/www.szenik.eu\/de\/wp-json\/\/wp\/v2\/media\/39547"}],"wp:attachment":[{"href":"https:\/\/www.szenik.eu\/de\/wp-json\/\/wp\/v2\/media?parent=39523"}],"wp:term":[{"taxonomy":"category","embeddable":true,"href":"https:\/\/www.szenik.eu\/de\/wp-json\/\/wp\/v2\/categories?post=39523"},{"taxonomy":"post_tag","embeddable":true,"href":"https:\/\/www.szenik.eu\/de\/wp-json\/\/wp\/v2\/tags?post=39523"}],"curies":[{"name":"wp","href":"https:\/\/api.w.org\/{rel}","templated":true}]}}