{"id":39050,"date":"2021-04-22T16:13:59","date_gmt":"2021-04-22T14:13:59","guid":{"rendered":"https:\/\/www.szenik.eu\/?p=39050\/"},"modified":"2021-04-22T16:14:03","modified_gmt":"2021-04-22T14:14:03","slug":"cirqu8-festival-fuer-aktuelle-zirkuskunst-vom-10-bis-20-juni-2021","status":"publish","type":"post","link":"https:\/\/www.szenik.eu\/de\/cirqu8-festival-fuer-aktuelle-zirkuskunst-vom-10-bis-20-juni-2021-39050","title":{"rendered":"cirqu\u20188 \u2013 Festival f\u00fcr aktuelle Zirkuskunst vom 10. bis 20. Juni 2021"},"content":{"rendered":"\n<h2>cirqu\u20188 findet im Juni 2021 statt. Dies bedeutet zehn Tage zeitgen\u00f6ssischer Zirkus in all seinen Variationen, mitten in Aarau und klingt zum jetzigen Zeitpunkt wohl sehr ambitioniert&#8230;<\/h2>\n\n\n\n<div style=\"height:100px\" aria-hidden=\"true\" class=\"wp-block-spacer\"><\/div>\n\n\n\n<p><em>Pressemitteilung<\/em><\/p>\n\n\n\n<div style=\"height:100px\" aria-hidden=\"true\" class=\"wp-block-spacer\"><\/div>\n\n\n\n<p>&#8230; Aber das Team um <strong>Roman M\u00fcller<\/strong> hatte genug Vorbereitungszeit: Bereits im Sommer 2020, nach der ersten Corona-Welle, warfen sie alles \u00fcber Bord: Die geplante Zeltstadt im Schachen mit viel Publikum auf dem Gel\u00e4nde passte nicht mehr. Das Team nutzte Corona als Chance und fand neue Wege.<\/p>\n\n\n\n<div style=\"height:20px\" aria-hidden=\"true\" class=\"wp-block-spacer\"><\/div>\n\n\n\n<h4>Corona als Chance \u2013 neue Kooperationen<\/h4>\n\n\n\n<div style=\"height:20px\" aria-hidden=\"true\" class=\"wp-block-spacer\"><\/div>\n\n\n\n<p>Es gilt grosse Publikumsansammlungen zu vermeiden und dennoch hochstehende Live Momente zu erleben. Ziel ist es die Kultur \u2013 nach langer Abwesenheit \u2013 wieder zur\u00fcck ins Bewusstsein und in den \u00f6ffentlichen Raum zu bringen sowie, unter Einhalten der Massnahmen, Raum f\u00fcr Begegnungen zu schaffen. W\u00e4hrend der letzten Monate entwickelten sich unterschiedliche Kooperationen: So findet <strong>vom 10. bis zum 20. Juni 2021 <\/strong>nicht nur das Festival statt, sondern cirqu\u2019 bespielt <strong>vom 7. Mai bis zum 5. Juli<\/strong> das Stadtmuseum Aarau, mit Residenzen f\u00fcr K\u00fcnstler*innen, einer Ausstellung, die Einblicke ins aktuelle Zirkusschaffen gew\u00e4hrt und gleichzeitig zu einer kleinen historischen Reise zur\u00fcck in die vertraute Welt des traditionellen Zirkus einl\u00e4dt. Dazu darf cirqu\u2019 auf das Bildarchiv von Ringier zur\u00fcckgreifen.<\/p>\n\n\n\n<div style=\"height:20px\" aria-hidden=\"true\" class=\"wp-block-spacer\"><\/div>\n\n\n\n<h4>Festival 2021 \u2013 konkrete Umsetzung<\/h4>\n\n\n\n<div style=\"height:20px\" aria-hidden=\"true\" class=\"wp-block-spacer\"><\/div>\n\n\n\n<p>Covid-19 verlangt eine Anpassung der Auswahl an St\u00fccken: Zum diesj\u00e4hrigen Programm geh\u00f6ren nebst feinen, zarten St\u00fccken f\u00fcr ein kleines Publikum eine Performance f\u00fcr nur jeweils eine Person sowie Inszenierungen, die sich \u00fcber mehrere Tage hinziehen, die in die H\u00f6he bauen oder tonnenschwere Felsen in Handarbeit aufeinanderstapeln, und die irgendwo im \u00f6ffentlichen Raum stattfinden \u2013 wo man \u00fcber Stunden oder nur f\u00fcr ein paar Minuten verweilen und das Geschehen aus grosser Distanz oder von ganz nah betrachten kann.<\/p>\n\n\n\n<p>Dabei werden unterschiedliche Orte bespielt: Auf dem Schlossplatz, kommt ein 12 Meter hoher, silo\u00e4hnlicher Bau zu stehen; auf dem Kirchplatz kreist ein phantomartiges fliegendes Objekt; die R\u00e4umlichkeiten des Forums Schlossplatz warten mit verspielten Installationen auf; am Ufer der Aare wird ein Zirkuszelt aufgebaut. Ganz Aarau wird zur Manege.<\/p>\n\n\n\n<div style=\"height:20px\" aria-hidden=\"true\" class=\"wp-block-spacer\"><\/div>\n\n\n\n<h4>Vorbereitungen cirqu\u20198 \u2013 in vollem Gang<\/h4>\n\n\n\n<div style=\"height:20px\" aria-hidden=\"true\" class=\"wp-block-spacer\"><\/div>\n\n\n\n<p>Bis es soweit ist, bleibt noch viel zu tun, zu entwickeln, zu entwerfen und den Gegebenheiten anzupassen. \u00abDas heisst flexibel bleiben, denn das Beschreiten von unvertrautem Terrain er\u00f6ffnet manchmal auch ungeahnte M\u00f6glichkeiten\u00bb, so Roman M\u00fcller.<\/p>\n\n\n\n<div style=\"height:100px\" aria-hidden=\"true\" class=\"wp-block-spacer\"><\/div>\n\n\n\n<div class=\"wp-block-button aligncenter\"><a class=\"wp-block-button__link has-text-color has-very-dark-gray-color has-background has-luminous-vivid-amber-background-color\" href=\"https:\/\/www.cirquaarau.ch\" target=\"_blank\" rel=\"noreferrer noopener\">Zur Website von cirqu&#8217;Aarau<\/a><\/div>\n\n\n\n<div style=\"height:100px\" aria-hidden=\"true\" class=\"wp-block-spacer\"><\/div>\n\n\n\n<p class=\"has-small-font-size\">Foto: 2021_cirqu&#8217;8_L&#8217;absolu_\u00a9_J\u00e9r\u00f4me Vila<\/p>\n\n\n\n<div style=\"height:100px\" aria-hidden=\"true\" class=\"wp-block-spacer\"><\/div>\n","protected":false},"excerpt":{"rendered":"<p>cirqu\u20188 findet im Juni 2021 statt. Dies bedeutet zehn Tage zeitgen\u00f6ssischer Zirkus in all seinen Variationen, mitten in Aarau und klingt zum jetzigen Zeitpunkt wohl sehr ambitioniert&#8230; Pressemitteilung &#8230; Aber das Team um Roman M\u00fcller hatte genug Vorbereitungszeit: Bereits im Sommer 2020, nach der ersten Corona-Welle, warfen sie alles \u00fcber Bord: Die geplante Zeltstadt im [&hellip;]<\/p>\n","protected":false},"author":1,"featured_media":39051,"comment_status":"open","ping_status":"open","sticky":false,"template":"","format":"standard","meta":{"_monsterinsights_skip_tracking":false,"_monsterinsights_sitenote_active":false,"_monsterinsights_sitenote_note":"","_monsterinsights_sitenote_category":0},"categories":[2815],"tags":[2742],"yoast_head":"<!-- This site is optimized with the Yoast SEO plugin v20.5 - https:\/\/yoast.com\/wordpress\/plugins\/seo\/ -->\n<title>cirqu\u20188 \u2013 Festival f\u00fcr aktuelle Zirkuskunst vom 10. bis 20.6 2021 I szenik<\/title>\n<meta name=\"description\" content=\"So findet vom 10. bis zum 20. Juni 2021 nicht nur das Festival statt, sondern cirqu\u2019 bespielt vom 7. Mai bis zum 5. Juli das Stadtmuseum Aarau.\" \/>\n<meta name=\"robots\" content=\"index, follow, max-snippet:-1, max-image-preview:large, max-video-preview:-1\" \/>\n<link rel=\"canonical\" href=\"https:\/\/www.szenik.eu\/de\/cirqu8-festival-fuer-aktuelle-zirkuskunst-vom-10-bis-20-juni-2021-39050\" \/>\n<meta property=\"og:locale\" content=\"de_DE\" \/>\n<meta property=\"og:type\" content=\"article\" \/>\n<meta property=\"og:title\" content=\"cirqu\u20188 \u2013 Festival f\u00fcr aktuelle Zirkuskunst vom 10. bis 20.6 2021 I szenik\" \/>\n<meta property=\"og:description\" content=\"So findet vom 10. bis zum 20. Juni 2021 nicht nur das Festival statt, sondern cirqu\u2019 bespielt vom 7. Mai bis zum 5. Juli das Stadtmuseum Aarau.\" \/>\n<meta property=\"og:url\" content=\"https:\/\/www.szenik.eu\/de\/cirqu8-festival-fuer-aktuelle-zirkuskunst-vom-10-bis-20-juni-2021-39050\" \/>\n<meta property=\"og:site_name\" content=\"szenik\" \/>\n<meta property=\"article:publisher\" content=\"https:\/\/www.facebook.com\/szenik.eu\/\" \/>\n<meta property=\"article:published_time\" content=\"2021-04-22T14:13:59+00:00\" \/>\n<meta property=\"article:modified_time\" content=\"2021-04-22T14:14:03+00:00\" \/>\n<meta property=\"og:image\" content=\"https:\/\/www.szenik.eu\/wp-content\/uploads\/2021\/04\/2021_cirqu8_Labsolu_\u00a9_J\u00e9r\u00f4me-Vila.jpg\" \/>\n\t<meta property=\"og:image:width\" content=\"1200\" \/>\n\t<meta property=\"og:image:height\" content=\"798\" \/>\n\t<meta property=\"og:image:type\" content=\"image\/jpeg\" \/>\n<meta name=\"author\" content=\"szenik\" \/>\n<meta name=\"twitter:card\" content=\"summary_large_image\" \/>\n<meta name=\"twitter:creator\" content=\"@Szenik\" \/>\n<meta name=\"twitter:site\" content=\"@Szenik\" \/>\n<meta name=\"twitter:label1\" content=\"Verfasst von\" \/>\n\t<meta name=\"twitter:data1\" content=\"szenik\" \/>\n\t<meta name=\"twitter:label2\" content=\"Gesch\u00e4tzte Lesezeit\" \/>\n\t<meta name=\"twitter:data2\" content=\"2\u00a0Minuten\" \/>\n<script type=\"application\/ld+json\" class=\"yoast-schema-graph\">{\"@context\":\"https:\/\/schema.org\",\"@graph\":[{\"@type\":\"Article\",\"@id\":\"https:\/\/www.szenik.eu\/de\/cirqu8-festival-fuer-aktuelle-zirkuskunst-vom-10-bis-20-juni-2021-39050#article\",\"isPartOf\":{\"@id\":\"https:\/\/www.szenik.eu\/de\/cirqu8-festival-fuer-aktuelle-zirkuskunst-vom-10-bis-20-juni-2021-39050\"},\"author\":{\"name\":\"szenik\",\"@id\":\"https:\/\/www.szenik.eu\/de\/#\/schema\/person\/15f73f175b41bad194837490339d48fb\"},\"headline\":\"cirqu\u20188 \u2013 Festival f\u00fcr aktuelle Zirkuskunst vom 10. bis 20. Juni 2021\",\"datePublished\":\"2021-04-22T14:13:59+00:00\",\"dateModified\":\"2021-04-22T14:14:03+00:00\",\"mainEntityOfPage\":{\"@id\":\"https:\/\/www.szenik.eu\/de\/cirqu8-festival-fuer-aktuelle-zirkuskunst-vom-10-bis-20-juni-2021-39050\"},\"wordCount\":398,\"commentCount\":0,\"publisher\":{\"@id\":\"https:\/\/www.szenik.eu\/de\/#organization\"},\"keywords\":[\"aarau\"],\"articleSection\":[\"Kurz &amp; knackig\"],\"inLanguage\":\"de\",\"potentialAction\":[{\"@type\":\"CommentAction\",\"name\":\"Comment\",\"target\":[\"https:\/\/www.szenik.eu\/de\/cirqu8-festival-fuer-aktuelle-zirkuskunst-vom-10-bis-20-juni-2021-39050#respond\"]}]},{\"@type\":\"WebPage\",\"@id\":\"https:\/\/www.szenik.eu\/de\/cirqu8-festival-fuer-aktuelle-zirkuskunst-vom-10-bis-20-juni-2021-39050\",\"url\":\"https:\/\/www.szenik.eu\/de\/cirqu8-festival-fuer-aktuelle-zirkuskunst-vom-10-bis-20-juni-2021-39050\",\"name\":\"cirqu\u20188 \u2013 Festival f\u00fcr aktuelle Zirkuskunst vom 10. bis 20.6 2021 I szenik\",\"isPartOf\":{\"@id\":\"https:\/\/www.szenik.eu\/de\/#website\"},\"datePublished\":\"2021-04-22T14:13:59+00:00\",\"dateModified\":\"2021-04-22T14:14:03+00:00\",\"description\":\"So findet vom 10. bis zum 20. Juni 2021 nicht nur das Festival statt, sondern cirqu\u2019 bespielt vom 7. Mai bis zum 5. Juli das Stadtmuseum Aarau.\",\"breadcrumb\":{\"@id\":\"https:\/\/www.szenik.eu\/de\/cirqu8-festival-fuer-aktuelle-zirkuskunst-vom-10-bis-20-juni-2021-39050#breadcrumb\"},\"inLanguage\":\"de\",\"potentialAction\":[{\"@type\":\"ReadAction\",\"target\":[\"https:\/\/www.szenik.eu\/de\/cirqu8-festival-fuer-aktuelle-zirkuskunst-vom-10-bis-20-juni-2021-39050\"]}]},{\"@type\":\"BreadcrumbList\",\"@id\":\"https:\/\/www.szenik.eu\/de\/cirqu8-festival-fuer-aktuelle-zirkuskunst-vom-10-bis-20-juni-2021-39050#breadcrumb\",\"itemListElement\":[{\"@type\":\"ListItem\",\"position\":1,\"name\":\"Home\",\"item\":\"https:\/\/www.szenik.eu\/de\"},{\"@type\":\"ListItem\",\"position\":2,\"name\":\"cirqu\u20188 \u2013 Festival f\u00fcr aktuelle Zirkuskunst vom 10. bis 20. Juni 2021\"}]},{\"@type\":\"WebSite\",\"@id\":\"https:\/\/www.szenik.eu\/de\/#website\",\"url\":\"https:\/\/www.szenik.eu\/de\/\",\"name\":\"szenik\",\"description\":\"Le Meilleur des sc\u00e8nes au coeur de l&#039;Europe\",\"publisher\":{\"@id\":\"https:\/\/www.szenik.eu\/de\/#organization\"},\"potentialAction\":[{\"@type\":\"SearchAction\",\"target\":{\"@type\":\"EntryPoint\",\"urlTemplate\":\"https:\/\/www.szenik.eu\/de\/?s={search_term_string}\"},\"query-input\":\"required name=search_term_string\"}],\"inLanguage\":\"de\"},{\"@type\":\"Organization\",\"@id\":\"https:\/\/www.szenik.eu\/de\/#organization\",\"name\":\"Szenik\",\"url\":\"https:\/\/www.szenik.eu\/de\/\",\"logo\":{\"@type\":\"ImageObject\",\"inLanguage\":\"de\",\"@id\":\"https:\/\/www.szenik.eu\/de\/#\/schema\/logo\/image\/\",\"url\":\"https:\/\/www.szenik.eu\/wp-content\/uploads\/2019\/07\/logo-square.png\",\"contentUrl\":\"https:\/\/www.szenik.eu\/wp-content\/uploads\/2019\/07\/logo-square.png\",\"width\":512,\"height\":512,\"caption\":\"Szenik\"},\"image\":{\"@id\":\"https:\/\/www.szenik.eu\/de\/#\/schema\/logo\/image\/\"},\"sameAs\":[\"https:\/\/www.facebook.com\/szenik.eu\/\",\"https:\/\/twitter.com\/Szenik\",\"https:\/\/www.instagram.com\/szenik_magazine\/\",\"https:\/\/www.youtube.com\/user\/SzenikEU\/\"]},{\"@type\":\"Person\",\"@id\":\"https:\/\/www.szenik.eu\/de\/#\/schema\/person\/15f73f175b41bad194837490339d48fb\",\"name\":\"szenik\",\"image\":{\"@type\":\"ImageObject\",\"inLanguage\":\"de\",\"@id\":\"https:\/\/www.szenik.eu\/de\/#\/schema\/person\/image\/\",\"url\":\"https:\/\/secure.gravatar.com\/avatar\/d1c4f19522a624a4eaa5e6c03e22370b?s=96&d=mm&r=g\",\"contentUrl\":\"https:\/\/secure.gravatar.com\/avatar\/d1c4f19522a624a4eaa5e6c03e22370b?s=96&d=mm&r=g\",\"caption\":\"szenik\"}}]}<\/script>\n<!-- \/ Yoast SEO plugin. -->","yoast_head_json":{"title":"cirqu\u20188 \u2013 Festival f\u00fcr aktuelle Zirkuskunst vom 10. bis 20.6 2021 I szenik","description":"So findet vom 10. bis zum 20. Juni 2021 nicht nur das Festival statt, sondern cirqu\u2019 bespielt vom 7. Mai bis zum 5. Juli das Stadtmuseum Aarau.","robots":{"index":"index","follow":"follow","max-snippet":"max-snippet:-1","max-image-preview":"max-image-preview:large","max-video-preview":"max-video-preview:-1"},"canonical":"https:\/\/www.szenik.eu\/de\/cirqu8-festival-fuer-aktuelle-zirkuskunst-vom-10-bis-20-juni-2021-39050","og_locale":"de_DE","og_type":"article","og_title":"cirqu\u20188 \u2013 Festival f\u00fcr aktuelle Zirkuskunst vom 10. bis 20.6 2021 I szenik","og_description":"So findet vom 10. bis zum 20. Juni 2021 nicht nur das Festival statt, sondern cirqu\u2019 bespielt vom 7. Mai bis zum 5. Juli das Stadtmuseum Aarau.","og_url":"https:\/\/www.szenik.eu\/de\/cirqu8-festival-fuer-aktuelle-zirkuskunst-vom-10-bis-20-juni-2021-39050","og_site_name":"szenik","article_publisher":"https:\/\/www.facebook.com\/szenik.eu\/","article_published_time":"2021-04-22T14:13:59+00:00","article_modified_time":"2021-04-22T14:14:03+00:00","og_image":[{"width":1200,"height":798,"url":"https:\/\/www.szenik.eu\/wp-content\/uploads\/2021\/04\/2021_cirqu8_Labsolu_\u00a9_J\u00e9r\u00f4me-Vila.jpg","type":"image\/jpeg"}],"author":"szenik","twitter_card":"summary_large_image","twitter_creator":"@Szenik","twitter_site":"@Szenik","twitter_misc":{"Verfasst von":"szenik","Gesch\u00e4tzte Lesezeit":"2\u00a0Minuten"},"schema":{"@context":"https:\/\/schema.org","@graph":[{"@type":"Article","@id":"https:\/\/www.szenik.eu\/de\/cirqu8-festival-fuer-aktuelle-zirkuskunst-vom-10-bis-20-juni-2021-39050#article","isPartOf":{"@id":"https:\/\/www.szenik.eu\/de\/cirqu8-festival-fuer-aktuelle-zirkuskunst-vom-10-bis-20-juni-2021-39050"},"author":{"name":"szenik","@id":"https:\/\/www.szenik.eu\/de\/#\/schema\/person\/15f73f175b41bad194837490339d48fb"},"headline":"cirqu\u20188 \u2013 Festival f\u00fcr aktuelle Zirkuskunst vom 10. bis 20. Juni 2021","datePublished":"2021-04-22T14:13:59+00:00","dateModified":"2021-04-22T14:14:03+00:00","mainEntityOfPage":{"@id":"https:\/\/www.szenik.eu\/de\/cirqu8-festival-fuer-aktuelle-zirkuskunst-vom-10-bis-20-juni-2021-39050"},"wordCount":398,"commentCount":0,"publisher":{"@id":"https:\/\/www.szenik.eu\/de\/#organization"},"keywords":["aarau"],"articleSection":["Kurz &amp; knackig"],"inLanguage":"de","potentialAction":[{"@type":"CommentAction","name":"Comment","target":["https:\/\/www.szenik.eu\/de\/cirqu8-festival-fuer-aktuelle-zirkuskunst-vom-10-bis-20-juni-2021-39050#respond"]}]},{"@type":"WebPage","@id":"https:\/\/www.szenik.eu\/de\/cirqu8-festival-fuer-aktuelle-zirkuskunst-vom-10-bis-20-juni-2021-39050","url":"https:\/\/www.szenik.eu\/de\/cirqu8-festival-fuer-aktuelle-zirkuskunst-vom-10-bis-20-juni-2021-39050","name":"cirqu\u20188 \u2013 Festival f\u00fcr aktuelle Zirkuskunst vom 10. bis 20.6 2021 I szenik","isPartOf":{"@id":"https:\/\/www.szenik.eu\/de\/#website"},"datePublished":"2021-04-22T14:13:59+00:00","dateModified":"2021-04-22T14:14:03+00:00","description":"So findet vom 10. bis zum 20. Juni 2021 nicht nur das Festival statt, sondern cirqu\u2019 bespielt vom 7. Mai bis zum 5. Juli das Stadtmuseum Aarau.","breadcrumb":{"@id":"https:\/\/www.szenik.eu\/de\/cirqu8-festival-fuer-aktuelle-zirkuskunst-vom-10-bis-20-juni-2021-39050#breadcrumb"},"inLanguage":"de","potentialAction":[{"@type":"ReadAction","target":["https:\/\/www.szenik.eu\/de\/cirqu8-festival-fuer-aktuelle-zirkuskunst-vom-10-bis-20-juni-2021-39050"]}]},{"@type":"BreadcrumbList","@id":"https:\/\/www.szenik.eu\/de\/cirqu8-festival-fuer-aktuelle-zirkuskunst-vom-10-bis-20-juni-2021-39050#breadcrumb","itemListElement":[{"@type":"ListItem","position":1,"name":"Home","item":"https:\/\/www.szenik.eu\/de"},{"@type":"ListItem","position":2,"name":"cirqu\u20188 \u2013 Festival f\u00fcr aktuelle Zirkuskunst vom 10. bis 20. Juni 2021"}]},{"@type":"WebSite","@id":"https:\/\/www.szenik.eu\/de\/#website","url":"https:\/\/www.szenik.eu\/de\/","name":"szenik","description":"Le Meilleur des sc\u00e8nes au coeur de l&#039;Europe","publisher":{"@id":"https:\/\/www.szenik.eu\/de\/#organization"},"potentialAction":[{"@type":"SearchAction","target":{"@type":"EntryPoint","urlTemplate":"https:\/\/www.szenik.eu\/de\/?s={search_term_string}"},"query-input":"required name=search_term_string"}],"inLanguage":"de"},{"@type":"Organization","@id":"https:\/\/www.szenik.eu\/de\/#organization","name":"Szenik","url":"https:\/\/www.szenik.eu\/de\/","logo":{"@type":"ImageObject","inLanguage":"de","@id":"https:\/\/www.szenik.eu\/de\/#\/schema\/logo\/image\/","url":"https:\/\/www.szenik.eu\/wp-content\/uploads\/2019\/07\/logo-square.png","contentUrl":"https:\/\/www.szenik.eu\/wp-content\/uploads\/2019\/07\/logo-square.png","width":512,"height":512,"caption":"Szenik"},"image":{"@id":"https:\/\/www.szenik.eu\/de\/#\/schema\/logo\/image\/"},"sameAs":["https:\/\/www.facebook.com\/szenik.eu\/","https:\/\/twitter.com\/Szenik","https:\/\/www.instagram.com\/szenik_magazine\/","https:\/\/www.youtube.com\/user\/SzenikEU\/"]},{"@type":"Person","@id":"https:\/\/www.szenik.eu\/de\/#\/schema\/person\/15f73f175b41bad194837490339d48fb","name":"szenik","image":{"@type":"ImageObject","inLanguage":"de","@id":"https:\/\/www.szenik.eu\/de\/#\/schema\/person\/image\/","url":"https:\/\/secure.gravatar.com\/avatar\/d1c4f19522a624a4eaa5e6c03e22370b?s=96&d=mm&r=g","contentUrl":"https:\/\/secure.gravatar.com\/avatar\/d1c4f19522a624a4eaa5e6c03e22370b?s=96&d=mm&r=g","caption":"szenik"}}]}},"jetpack_featured_media_url":"https:\/\/www.szenik.eu\/wp-content\/uploads\/2021\/04\/2021_cirqu8_Labsolu_\u00a9_J\u00e9r\u00f4me-Vila.jpg","amp_enabled":true,"_links":{"self":[{"href":"https:\/\/www.szenik.eu\/de\/wp-json\/\/wp\/v2\/posts\/39050"}],"collection":[{"href":"https:\/\/www.szenik.eu\/de\/wp-json\/\/wp\/v2\/posts"}],"about":[{"href":"https:\/\/www.szenik.eu\/de\/wp-json\/\/wp\/v2\/types\/post"}],"author":[{"embeddable":true,"href":"https:\/\/www.szenik.eu\/de\/wp-json\/\/wp\/v2\/users\/1"}],"replies":[{"embeddable":true,"href":"https:\/\/www.szenik.eu\/de\/wp-json\/\/wp\/v2\/comments?post=39050"}],"version-history":[{"count":1,"href":"https:\/\/www.szenik.eu\/de\/wp-json\/\/wp\/v2\/posts\/39050\/revisions"}],"predecessor-version":[{"id":39053,"href":"https:\/\/www.szenik.eu\/de\/wp-json\/\/wp\/v2\/posts\/39050\/revisions\/39053"}],"wp:featuredmedia":[{"embeddable":true,"href":"https:\/\/www.szenik.eu\/de\/wp-json\/\/wp\/v2\/media\/39051"}],"wp:attachment":[{"href":"https:\/\/www.szenik.eu\/de\/wp-json\/\/wp\/v2\/media?parent=39050"}],"wp:term":[{"taxonomy":"category","embeddable":true,"href":"https:\/\/www.szenik.eu\/de\/wp-json\/\/wp\/v2\/categories?post=39050"},{"taxonomy":"post_tag","embeddable":true,"href":"https:\/\/www.szenik.eu\/de\/wp-json\/\/wp\/v2\/tags?post=39050"}],"curies":[{"name":"wp","href":"https:\/\/api.w.org\/{rel}","templated":true}]}}