{"id":38681,"date":"2021-04-01T11:46:52","date_gmt":"2021-04-01T09:46:52","guid":{"rendered":"https:\/\/www.szenik.eu\/?p=38681\/"},"modified":"2021-04-01T11:46:57","modified_gmt":"2021-04-01T09:46:57","slug":"tanz-karlsruhe-praesentiert-la-comedie-virtuelle-der-compagnie-gilles-jobin","status":"publish","type":"post","link":"https:\/\/www.szenik.eu\/de\/tanz-karlsruhe-praesentiert-la-comedie-virtuelle-der-compagnie-gilles-jobin-38681","title":{"rendered":"TANZ KARLSRUHE pr\u00e4sentiert: La Com\u00e9die Virtuelle der Compagnie Gilles Jobin"},"content":{"rendered":"\n<h2><strong>La Com\u00e9die Virtuelle<\/strong>\u00a0ist ein virtuelles Theater, das f\u00fcr TANZ KARLSRUHE seine digitalen T\u00fcren \u00f6ffnet.<\/h2>\n\n\n\n<div style=\"height:100px\" aria-hidden=\"true\" class=\"wp-block-spacer\"><\/div>\n\n\n\n<p>In Zeiten der Pandemie, die Reisen und soziale Begegnungen einschr\u00e4nkt, wird La Com\u00e9die Virtuelle zu einem inklusiven und einladenden Raum f\u00fcr digitales Publikum.<\/p>\n\n\n\n<p>Es erm\u00f6glicht den Besucher*innen die digitale Kopie des neuen Geb\u00e4udes der Com\u00e9die de Gen\u00e8ve zu besuchen. Wie in einem realen Theater kann sich das Publikum treffen um das Geb\u00e4ude zu besichtigen, sich auszutauschen und die Performances in Echtzeit anzuschauen.<\/p>\n\n\n\n<p>Die <strong><a href=\"https:\/\/www.gillesjobin.com\/digital\/\" target=\"_blank\" rel=\"noreferrer noopener\" aria-label=\"Gilles Jobin Digital Dance Company (opens in a new tab)\">Gilles Jobin Digital Dance Company<\/a><\/strong> wird darin um 16 Uhr ihre<strong>\u00a0Liveshow<\/strong>\u00a0performen. Direkt im Anschluss ist die Karlsruher T\u00e4nzerin und Choreographin <strong>Charlotte Bell<\/strong> eingeladen an der\u00a0<strong>ersten internationalen MoCapDance-Begegnung\u00a0<\/strong>teilzunehmen. Damit sie live im virtuellen Theater zusammen mit anderen T\u00e4nzer*innen improvisieren kann, wird sie im Motion Capture Studio der Hochschule f\u00fcr Musik Karlsruhe tanzen. Dabei sind T\u00e4nzer*innen aus Indien, Australien, China und der Schweiz.<\/p>\n\n\n\n<p>Nach der MoCapDance-Begegnung am Samstag, den 24. April, laden wir das Publikum um 17:45 Uhr zu einem&nbsp;<strong>Online-Talk<\/strong>&nbsp;mit Gilles Jobin, seiner Digital Dance Company, Charlotte Bell und weiteren Kolloborator*innen ein.<\/p>\n\n\n\n<p>La Com\u00e9die Virtuelle ist ein Erlebnis f\u00fcr bis zu 50 Besucher*innen, in dem diese von dem Platz aus miteinander verbunden sind, an dem sie sich befinden. Es ist \u00fcber VR-Brillen oder Desktop-PCs zug\u00e4nglich ist. Dabei werden die Besucher*innen im virtuellen Theater durch Avatare repr\u00e4sentiert. Je nach Entwicklung der Pandemie wird eine Pr\u00e4senzveranstaltung mit VR-Brillen im ZKM m\u00f6glich sein. \u00a0<\/p>\n\n\n\n<div style=\"height:42px\" aria-hidden=\"true\" class=\"wp-block-spacer\"><\/div>\n\n\n\n<p class=\"has-background has-text-align-center has-medium-font-size has-very-light-gray-background-color\">Praktische Informationen<\/p>\n\n\n\n<ul><li>am Freitag, 23.+ Samstag, 24. April <\/li><li>jeweils 16 Uhr<\/li><li><strong>Tickets ab dem 14. April erh\u00e4ltlich<\/strong><\/li><li>In Kooperation mit der Hochschule f\u00fcr Musik Karlsruhe und dem ZKM<\/li><\/ul>\n\n\n\n<div style=\"height:75px\" aria-hidden=\"true\" class=\"wp-block-spacer\"><\/div>\n\n\n\n<div class=\"wp-block-button aligncenter\"><a class=\"wp-block-button__link has-text-color has-very-dark-gray-color has-background has-luminous-vivid-amber-background-color\" href=\"http:\/\/www.kulturverein-tempel.de\/index.php?id=1249\" target=\"_blank\" rel=\"noreferrer noopener\">Weitere Informationen auf der Website des Kulturzentrums Tempel <\/a><\/div>\n\n\n\n<div style=\"height:100px\" aria-hidden=\"true\" class=\"wp-block-spacer\"><\/div>\n\n\n\n<p class=\"has-small-font-size\">Foto: La_Com\u00e9die_Virtuelle_Northen_Entrance<\/p>\n\n\n\n<div style=\"height:100px\" aria-hidden=\"true\" class=\"wp-block-spacer\"><\/div>\n","protected":false},"excerpt":{"rendered":"<p>La Com\u00e9die Virtuelle\u00a0ist ein virtuelles Theater, das f\u00fcr TANZ KARLSRUHE seine digitalen T\u00fcren \u00f6ffnet. In Zeiten der Pandemie, die Reisen und soziale Begegnungen einschr\u00e4nkt, wird La Com\u00e9die Virtuelle zu einem inklusiven und einladenden Raum f\u00fcr digitales Publikum. Es erm\u00f6glicht den Besucher*innen die digitale Kopie des neuen Geb\u00e4udes der Com\u00e9die de Gen\u00e8ve zu besuchen. Wie in [&hellip;]<\/p>\n","protected":false},"author":1,"featured_media":38682,"comment_status":"open","ping_status":"open","sticky":false,"template":"","format":"standard","meta":{"_monsterinsights_skip_tracking":false,"_monsterinsights_sitenote_active":false,"_monsterinsights_sitenote_note":"","_monsterinsights_sitenote_category":0},"categories":[2815,10359],"tags":[10868,10867,2224,10679,10866],"yoast_head":"<!-- This site is optimized with the Yoast SEO plugin v20.5 - https:\/\/yoast.com\/wordpress\/plugins\/seo\/ -->\n<title>TANZ KARLSRUHE zeigt La Com\u00e9die Virtuelle von Gilles Jobin I szenik<\/title>\n<meta name=\"description\" content=\"La Com\u00e9die Virtuelle ist ein virtuelles Theater, das f\u00fcr TANZ KARLSRUHE seine digitalen T\u00fcren \u00f6ffnet. Am 23. und 24. April zu erleben.\" \/>\n<meta name=\"robots\" content=\"index, follow, max-snippet:-1, max-image-preview:large, max-video-preview:-1\" \/>\n<link rel=\"canonical\" href=\"https:\/\/www.szenik.eu\/de\/tanz-karlsruhe-praesentiert-la-comedie-virtuelle-der-compagnie-gilles-jobin-38681\" \/>\n<meta property=\"og:locale\" content=\"de_DE\" \/>\n<meta property=\"og:type\" content=\"article\" \/>\n<meta property=\"og:title\" content=\"TANZ KARLSRUHE zeigt La Com\u00e9die Virtuelle von Gilles Jobin I szenik\" \/>\n<meta property=\"og:description\" content=\"La Com\u00e9die Virtuelle ist ein virtuelles Theater, das f\u00fcr TANZ KARLSRUHE seine digitalen T\u00fcren \u00f6ffnet. Am 23. und 24. April zu erleben.\" \/>\n<meta property=\"og:url\" content=\"https:\/\/www.szenik.eu\/de\/tanz-karlsruhe-praesentiert-la-comedie-virtuelle-der-compagnie-gilles-jobin-38681\" \/>\n<meta property=\"og:site_name\" content=\"szenik\" \/>\n<meta property=\"article:publisher\" content=\"https:\/\/www.facebook.com\/szenik.eu\/\" \/>\n<meta property=\"article:published_time\" content=\"2021-04-01T09:46:52+00:00\" \/>\n<meta property=\"article:modified_time\" content=\"2021-04-01T09:46:57+00:00\" \/>\n<meta property=\"og:image\" content=\"https:\/\/www.szenik.eu\/wp-content\/uploads\/2021\/04\/La_Com\u00e9die_Virtuelle_Northen_Entrance_1.jpg\" \/>\n\t<meta property=\"og:image:width\" content=\"1920\" \/>\n\t<meta property=\"og:image:height\" content=\"1080\" \/>\n\t<meta property=\"og:image:type\" content=\"image\/jpeg\" \/>\n<meta name=\"author\" content=\"szenik\" \/>\n<meta name=\"twitter:card\" content=\"summary_large_image\" \/>\n<meta name=\"twitter:creator\" content=\"@Szenik\" \/>\n<meta name=\"twitter:site\" content=\"@Szenik\" \/>\n<meta name=\"twitter:label1\" content=\"Verfasst von\" \/>\n\t<meta name=\"twitter:data1\" content=\"szenik\" \/>\n\t<meta name=\"twitter:label2\" content=\"Gesch\u00e4tzte Lesezeit\" \/>\n\t<meta name=\"twitter:data2\" content=\"1\u00a0Minute\" \/>\n<script type=\"application\/ld+json\" class=\"yoast-schema-graph\">{\"@context\":\"https:\/\/schema.org\",\"@graph\":[{\"@type\":\"Article\",\"@id\":\"https:\/\/www.szenik.eu\/de\/tanz-karlsruhe-praesentiert-la-comedie-virtuelle-der-compagnie-gilles-jobin-38681#article\",\"isPartOf\":{\"@id\":\"https:\/\/www.szenik.eu\/de\/tanz-karlsruhe-praesentiert-la-comedie-virtuelle-der-compagnie-gilles-jobin-38681\"},\"author\":{\"name\":\"szenik\",\"@id\":\"https:\/\/www.szenik.eu\/de\/#\/schema\/person\/15f73f175b41bad194837490339d48fb\"},\"headline\":\"TANZ KARLSRUHE pr\u00e4sentiert: La Com\u00e9die Virtuelle der Compagnie Gilles Jobin\",\"datePublished\":\"2021-04-01T09:46:52+00:00\",\"dateModified\":\"2021-04-01T09:46:57+00:00\",\"mainEntityOfPage\":{\"@id\":\"https:\/\/www.szenik.eu\/de\/tanz-karlsruhe-praesentiert-la-comedie-virtuelle-der-compagnie-gilles-jobin-38681\"},\"wordCount\":310,\"commentCount\":0,\"publisher\":{\"@id\":\"https:\/\/www.szenik.eu\/de\/#organization\"},\"keywords\":[\"Charlotte Bell\",\"Gilles Jobin\",\"Karlsruhe\",\"Kulturzentrum Tempel\",\"ZKM\"],\"articleSection\":[\"Kurz &amp; knackig\",\"TV \/ Streaming\"],\"inLanguage\":\"de\",\"potentialAction\":[{\"@type\":\"CommentAction\",\"name\":\"Comment\",\"target\":[\"https:\/\/www.szenik.eu\/de\/tanz-karlsruhe-praesentiert-la-comedie-virtuelle-der-compagnie-gilles-jobin-38681#respond\"]}]},{\"@type\":\"WebPage\",\"@id\":\"https:\/\/www.szenik.eu\/de\/tanz-karlsruhe-praesentiert-la-comedie-virtuelle-der-compagnie-gilles-jobin-38681\",\"url\":\"https:\/\/www.szenik.eu\/de\/tanz-karlsruhe-praesentiert-la-comedie-virtuelle-der-compagnie-gilles-jobin-38681\",\"name\":\"TANZ KARLSRUHE zeigt La Com\u00e9die Virtuelle von Gilles Jobin I szenik\",\"isPartOf\":{\"@id\":\"https:\/\/www.szenik.eu\/de\/#website\"},\"datePublished\":\"2021-04-01T09:46:52+00:00\",\"dateModified\":\"2021-04-01T09:46:57+00:00\",\"description\":\"La Com\u00e9die Virtuelle ist ein virtuelles Theater, das f\u00fcr TANZ KARLSRUHE seine digitalen T\u00fcren \u00f6ffnet. Am 23. und 24. April zu erleben.\",\"breadcrumb\":{\"@id\":\"https:\/\/www.szenik.eu\/de\/tanz-karlsruhe-praesentiert-la-comedie-virtuelle-der-compagnie-gilles-jobin-38681#breadcrumb\"},\"inLanguage\":\"de\",\"potentialAction\":[{\"@type\":\"ReadAction\",\"target\":[\"https:\/\/www.szenik.eu\/de\/tanz-karlsruhe-praesentiert-la-comedie-virtuelle-der-compagnie-gilles-jobin-38681\"]}]},{\"@type\":\"BreadcrumbList\",\"@id\":\"https:\/\/www.szenik.eu\/de\/tanz-karlsruhe-praesentiert-la-comedie-virtuelle-der-compagnie-gilles-jobin-38681#breadcrumb\",\"itemListElement\":[{\"@type\":\"ListItem\",\"position\":1,\"name\":\"Home\",\"item\":\"https:\/\/www.szenik.eu\/de\"},{\"@type\":\"ListItem\",\"position\":2,\"name\":\"TANZ KARLSRUHE pr\u00e4sentiert: La Com\u00e9die Virtuelle der Compagnie Gilles Jobin\"}]},{\"@type\":\"WebSite\",\"@id\":\"https:\/\/www.szenik.eu\/de\/#website\",\"url\":\"https:\/\/www.szenik.eu\/de\/\",\"name\":\"szenik\",\"description\":\"Le Meilleur des sc\u00e8nes au coeur de l&#039;Europe\",\"publisher\":{\"@id\":\"https:\/\/www.szenik.eu\/de\/#organization\"},\"potentialAction\":[{\"@type\":\"SearchAction\",\"target\":{\"@type\":\"EntryPoint\",\"urlTemplate\":\"https:\/\/www.szenik.eu\/de\/?s={search_term_string}\"},\"query-input\":\"required name=search_term_string\"}],\"inLanguage\":\"de\"},{\"@type\":\"Organization\",\"@id\":\"https:\/\/www.szenik.eu\/de\/#organization\",\"name\":\"Szenik\",\"url\":\"https:\/\/www.szenik.eu\/de\/\",\"logo\":{\"@type\":\"ImageObject\",\"inLanguage\":\"de\",\"@id\":\"https:\/\/www.szenik.eu\/de\/#\/schema\/logo\/image\/\",\"url\":\"https:\/\/www.szenik.eu\/wp-content\/uploads\/2019\/07\/logo-square.png\",\"contentUrl\":\"https:\/\/www.szenik.eu\/wp-content\/uploads\/2019\/07\/logo-square.png\",\"width\":512,\"height\":512,\"caption\":\"Szenik\"},\"image\":{\"@id\":\"https:\/\/www.szenik.eu\/de\/#\/schema\/logo\/image\/\"},\"sameAs\":[\"https:\/\/www.facebook.com\/szenik.eu\/\",\"https:\/\/twitter.com\/Szenik\",\"https:\/\/www.instagram.com\/szenik_magazine\/\",\"https:\/\/www.youtube.com\/user\/SzenikEU\/\"]},{\"@type\":\"Person\",\"@id\":\"https:\/\/www.szenik.eu\/de\/#\/schema\/person\/15f73f175b41bad194837490339d48fb\",\"name\":\"szenik\",\"image\":{\"@type\":\"ImageObject\",\"inLanguage\":\"de\",\"@id\":\"https:\/\/www.szenik.eu\/de\/#\/schema\/person\/image\/\",\"url\":\"https:\/\/secure.gravatar.com\/avatar\/d1c4f19522a624a4eaa5e6c03e22370b?s=96&d=mm&r=g\",\"contentUrl\":\"https:\/\/secure.gravatar.com\/avatar\/d1c4f19522a624a4eaa5e6c03e22370b?s=96&d=mm&r=g\",\"caption\":\"szenik\"}}]}<\/script>\n<!-- \/ Yoast SEO plugin. -->","yoast_head_json":{"title":"TANZ KARLSRUHE zeigt La Com\u00e9die Virtuelle von Gilles Jobin I szenik","description":"La Com\u00e9die Virtuelle ist ein virtuelles Theater, das f\u00fcr TANZ KARLSRUHE seine digitalen T\u00fcren \u00f6ffnet. Am 23. und 24. April zu erleben.","robots":{"index":"index","follow":"follow","max-snippet":"max-snippet:-1","max-image-preview":"max-image-preview:large","max-video-preview":"max-video-preview:-1"},"canonical":"https:\/\/www.szenik.eu\/de\/tanz-karlsruhe-praesentiert-la-comedie-virtuelle-der-compagnie-gilles-jobin-38681","og_locale":"de_DE","og_type":"article","og_title":"TANZ KARLSRUHE zeigt La Com\u00e9die Virtuelle von Gilles Jobin I szenik","og_description":"La Com\u00e9die Virtuelle ist ein virtuelles Theater, das f\u00fcr TANZ KARLSRUHE seine digitalen T\u00fcren \u00f6ffnet. Am 23. und 24. April zu erleben.","og_url":"https:\/\/www.szenik.eu\/de\/tanz-karlsruhe-praesentiert-la-comedie-virtuelle-der-compagnie-gilles-jobin-38681","og_site_name":"szenik","article_publisher":"https:\/\/www.facebook.com\/szenik.eu\/","article_published_time":"2021-04-01T09:46:52+00:00","article_modified_time":"2021-04-01T09:46:57+00:00","og_image":[{"width":1920,"height":1080,"url":"https:\/\/www.szenik.eu\/wp-content\/uploads\/2021\/04\/La_Com\u00e9die_Virtuelle_Northen_Entrance_1.jpg","type":"image\/jpeg"}],"author":"szenik","twitter_card":"summary_large_image","twitter_creator":"@Szenik","twitter_site":"@Szenik","twitter_misc":{"Verfasst von":"szenik","Gesch\u00e4tzte Lesezeit":"1\u00a0Minute"},"schema":{"@context":"https:\/\/schema.org","@graph":[{"@type":"Article","@id":"https:\/\/www.szenik.eu\/de\/tanz-karlsruhe-praesentiert-la-comedie-virtuelle-der-compagnie-gilles-jobin-38681#article","isPartOf":{"@id":"https:\/\/www.szenik.eu\/de\/tanz-karlsruhe-praesentiert-la-comedie-virtuelle-der-compagnie-gilles-jobin-38681"},"author":{"name":"szenik","@id":"https:\/\/www.szenik.eu\/de\/#\/schema\/person\/15f73f175b41bad194837490339d48fb"},"headline":"TANZ KARLSRUHE pr\u00e4sentiert: La Com\u00e9die Virtuelle der Compagnie Gilles Jobin","datePublished":"2021-04-01T09:46:52+00:00","dateModified":"2021-04-01T09:46:57+00:00","mainEntityOfPage":{"@id":"https:\/\/www.szenik.eu\/de\/tanz-karlsruhe-praesentiert-la-comedie-virtuelle-der-compagnie-gilles-jobin-38681"},"wordCount":310,"commentCount":0,"publisher":{"@id":"https:\/\/www.szenik.eu\/de\/#organization"},"keywords":["Charlotte Bell","Gilles Jobin","Karlsruhe","Kulturzentrum Tempel","ZKM"],"articleSection":["Kurz &amp; knackig","TV \/ Streaming"],"inLanguage":"de","potentialAction":[{"@type":"CommentAction","name":"Comment","target":["https:\/\/www.szenik.eu\/de\/tanz-karlsruhe-praesentiert-la-comedie-virtuelle-der-compagnie-gilles-jobin-38681#respond"]}]},{"@type":"WebPage","@id":"https:\/\/www.szenik.eu\/de\/tanz-karlsruhe-praesentiert-la-comedie-virtuelle-der-compagnie-gilles-jobin-38681","url":"https:\/\/www.szenik.eu\/de\/tanz-karlsruhe-praesentiert-la-comedie-virtuelle-der-compagnie-gilles-jobin-38681","name":"TANZ KARLSRUHE zeigt La Com\u00e9die Virtuelle von Gilles Jobin I szenik","isPartOf":{"@id":"https:\/\/www.szenik.eu\/de\/#website"},"datePublished":"2021-04-01T09:46:52+00:00","dateModified":"2021-04-01T09:46:57+00:00","description":"La Com\u00e9die Virtuelle ist ein virtuelles Theater, das f\u00fcr TANZ KARLSRUHE seine digitalen T\u00fcren \u00f6ffnet. Am 23. und 24. April zu erleben.","breadcrumb":{"@id":"https:\/\/www.szenik.eu\/de\/tanz-karlsruhe-praesentiert-la-comedie-virtuelle-der-compagnie-gilles-jobin-38681#breadcrumb"},"inLanguage":"de","potentialAction":[{"@type":"ReadAction","target":["https:\/\/www.szenik.eu\/de\/tanz-karlsruhe-praesentiert-la-comedie-virtuelle-der-compagnie-gilles-jobin-38681"]}]},{"@type":"BreadcrumbList","@id":"https:\/\/www.szenik.eu\/de\/tanz-karlsruhe-praesentiert-la-comedie-virtuelle-der-compagnie-gilles-jobin-38681#breadcrumb","itemListElement":[{"@type":"ListItem","position":1,"name":"Home","item":"https:\/\/www.szenik.eu\/de"},{"@type":"ListItem","position":2,"name":"TANZ KARLSRUHE pr\u00e4sentiert: La Com\u00e9die Virtuelle der Compagnie Gilles Jobin"}]},{"@type":"WebSite","@id":"https:\/\/www.szenik.eu\/de\/#website","url":"https:\/\/www.szenik.eu\/de\/","name":"szenik","description":"Le Meilleur des sc\u00e8nes au coeur de l&#039;Europe","publisher":{"@id":"https:\/\/www.szenik.eu\/de\/#organization"},"potentialAction":[{"@type":"SearchAction","target":{"@type":"EntryPoint","urlTemplate":"https:\/\/www.szenik.eu\/de\/?s={search_term_string}"},"query-input":"required name=search_term_string"}],"inLanguage":"de"},{"@type":"Organization","@id":"https:\/\/www.szenik.eu\/de\/#organization","name":"Szenik","url":"https:\/\/www.szenik.eu\/de\/","logo":{"@type":"ImageObject","inLanguage":"de","@id":"https:\/\/www.szenik.eu\/de\/#\/schema\/logo\/image\/","url":"https:\/\/www.szenik.eu\/wp-content\/uploads\/2019\/07\/logo-square.png","contentUrl":"https:\/\/www.szenik.eu\/wp-content\/uploads\/2019\/07\/logo-square.png","width":512,"height":512,"caption":"Szenik"},"image":{"@id":"https:\/\/www.szenik.eu\/de\/#\/schema\/logo\/image\/"},"sameAs":["https:\/\/www.facebook.com\/szenik.eu\/","https:\/\/twitter.com\/Szenik","https:\/\/www.instagram.com\/szenik_magazine\/","https:\/\/www.youtube.com\/user\/SzenikEU\/"]},{"@type":"Person","@id":"https:\/\/www.szenik.eu\/de\/#\/schema\/person\/15f73f175b41bad194837490339d48fb","name":"szenik","image":{"@type":"ImageObject","inLanguage":"de","@id":"https:\/\/www.szenik.eu\/de\/#\/schema\/person\/image\/","url":"https:\/\/secure.gravatar.com\/avatar\/d1c4f19522a624a4eaa5e6c03e22370b?s=96&d=mm&r=g","contentUrl":"https:\/\/secure.gravatar.com\/avatar\/d1c4f19522a624a4eaa5e6c03e22370b?s=96&d=mm&r=g","caption":"szenik"}}]}},"jetpack_featured_media_url":"https:\/\/www.szenik.eu\/wp-content\/uploads\/2021\/04\/La_Com\u00e9die_Virtuelle_Northen_Entrance_1.jpg","amp_enabled":true,"_links":{"self":[{"href":"https:\/\/www.szenik.eu\/de\/wp-json\/\/wp\/v2\/posts\/38681"}],"collection":[{"href":"https:\/\/www.szenik.eu\/de\/wp-json\/\/wp\/v2\/posts"}],"about":[{"href":"https:\/\/www.szenik.eu\/de\/wp-json\/\/wp\/v2\/types\/post"}],"author":[{"embeddable":true,"href":"https:\/\/www.szenik.eu\/de\/wp-json\/\/wp\/v2\/users\/1"}],"replies":[{"embeddable":true,"href":"https:\/\/www.szenik.eu\/de\/wp-json\/\/wp\/v2\/comments?post=38681"}],"version-history":[{"count":1,"href":"https:\/\/www.szenik.eu\/de\/wp-json\/\/wp\/v2\/posts\/38681\/revisions"}],"predecessor-version":[{"id":38684,"href":"https:\/\/www.szenik.eu\/de\/wp-json\/\/wp\/v2\/posts\/38681\/revisions\/38684"}],"wp:featuredmedia":[{"embeddable":true,"href":"https:\/\/www.szenik.eu\/de\/wp-json\/\/wp\/v2\/media\/38682"}],"wp:attachment":[{"href":"https:\/\/www.szenik.eu\/de\/wp-json\/\/wp\/v2\/media?parent=38681"}],"wp:term":[{"taxonomy":"category","embeddable":true,"href":"https:\/\/www.szenik.eu\/de\/wp-json\/\/wp\/v2\/categories?post=38681"},{"taxonomy":"post_tag","embeddable":true,"href":"https:\/\/www.szenik.eu\/de\/wp-json\/\/wp\/v2\/tags?post=38681"}],"curies":[{"name":"wp","href":"https:\/\/api.w.org\/{rel}","templated":true}]}}