{"id":38566,"date":"2021-03-24T17:17:29","date_gmt":"2021-03-24T16:17:29","guid":{"rendered":"https:\/\/www.szenik.eu\/?p=38566\/"},"modified":"2021-03-24T17:17:34","modified_gmt":"2021-03-24T16:17:34","slug":"die-staatsoper-stuttgart-zeigt-eine-virtuelle-ausstellung-zu-leben-tod-und-auferstehung-in-sieben-stationen","status":"publish","type":"post","link":"https:\/\/www.szenik.eu\/de\/die-staatsoper-stuttgart-zeigt-eine-virtuelle-ausstellung-zu-leben-tod-und-auferstehung-in-sieben-stationen-38566","title":{"rendered":"Die Staatsoper Stuttgart zeigt eine virtuelle Ausstellung zu Leben, Tod und Auferstehung in sieben Stationen"},"content":{"rendered":"\n<h2>Unter dem Titel\u00a0<strong><em>Glaube, Liebe, Hoffnung<\/em><\/strong>\u00a0zeigt die Staatsoper Stuttgart ab\u00a028. M\u00e4rz\u00a0eine virtuelle Ausstellung zum Themenkomplex Leben, Tod und Auferstehung.<\/h2>\n\n\n\n<div style=\"height:100px\" aria-hidden=\"true\" class=\"wp-block-spacer\"><\/div>\n\n\n\n<p><em>Pressemitteilung<\/em><\/p>\n\n\n\n<div style=\"height:100px\" aria-hidden=\"true\" class=\"wp-block-spacer\"><\/div>\n\n\n\n<p>Das Projekt ist eine Woche lang kostenlos online zug\u00e4nglich. In\u00a0<em>Sieben Stationen vom Himmel durch die Welt zur H\u00f6lle<\/em>\u00a0besch\u00e4ftigt sich ein Team um den Regisseur\u00a0<strong>Marco \u0160torman<\/strong>\u00a0und den Dirigenten\u00a0<strong>Andr\u00e9 de Ridder<\/strong>\u00a0musikalisch und filmisch mit den Stoffen, Figuren und Kontexten von zwei Werken, die f\u00fcr den M\u00e4rz 2021 geplant waren, die nun aber pandemiebedingt nicht gezeigt werden k\u00f6nnen: Robert Schumanns\u00a0<em>Szenen aus Goethes \u201eFaust\u201c<\/em>\u00a0und Andrew Lloyd Webbers Rock Opera\u00a0<em>Jesus Christ Superstar<\/em>. Unter\u00a0<strong><em><a href=\"http:\/\/www.staatsoper-stuttgart.de\/glaubeliebehoffnung\" target=\"_blank\" rel=\"noreferrer noopener\" aria-label=\"www.staatsoper-stuttgart.de\/glaubeliebehoffnung\u00a0 (opens in a new tab)\">www.staatsoper-stuttgart.de\/glaubeliebehoffnung\u00a0<\/a><\/em><\/strong>ist die Ausstellung von\u00a0<strong>Palm- bis Ostersonntag<\/strong>\u00a0zu sehen. Die Ausstellung wird erm\u00f6glicht durch die LBBW, den Digitalpartner der Staatsoper Stuttgart.<\/p>\n\n\n\n<p>Das Team um Regisseur Marco \u0160torman und Dirigent Andr\u00e9 de Ridder hat sich mit den Stoffen, den Kontexten sowie den \u00dcberlagerungen von Figuren wie Faust und Jesus, Gretchen und Maria sowie Mephistopheles besch\u00e4ftigt und zeigt die Ergebnisse nun im Rahmen einer&nbsp;<strong>Browser-App<\/strong>. Die Zuschauer*innen begeben sich dabei vom Opernhaus aus auf einen&nbsp;<strong>virtuellen Spaziergang durch eine apokalyptische und postapokalyptische Landschaft<\/strong>, in der sie immer wieder auf Stationen treffen werden, in denen filmisch und musikalisch den Parallelen und \u00dcberlagerungen der Figuren aus&nbsp;<em>Faust&nbsp;<\/em>und Passionsgeschichte sowie Aspekten von Leben und Auferstehen nachgegangen wird.<\/p>\n\n\n\n<p>Sp\u00e4testens mit der ber\u00fchmten Gretchenfrage ist Goethes Faust der Bezug zum Religi\u00f6sen eingeschrieben. Dass die Titelfigur ausgerechnet durch die Kl\u00e4nge der Ostermesse davon abgehalten wird, seinem Leben ein Ende zu setzen, und sich dann \u2013 gewisserma\u00dfen auferstanden \u2013 zum Osterspaziergang aufmacht, legt wiederum eine Parallele von Faust- und Jesus-Figur nahe. Und auch die Marienverkl\u00e4rung ist zentrales Element des gro\u00dfangelegten oratorischen Endes von Faust II \u2013 allerdings eben nicht Katholizismus, sondern eher Kunstreligion. Eine szenische Produktion von Robert Schumanns\u00a0<strong><em>Szenen aus Goethes \u201eFaust\u201c<\/em><\/strong>\u00a0war urspr\u00fcnglich f\u00fcr M\u00e4rz 2021 geplant. Ebenso musste die stattdessen angesetzte Neuproduktion von Andrew Lloyd Webbers\u00a0<strong><em>Jesus Christ Superstar<\/em><\/strong>\u00a0pandemiebedingt ausfallen.<\/p>\n\n\n\n<div style=\"height:44px\" aria-hidden=\"true\" class=\"wp-block-spacer\"><\/div>\n\n\n\n<p class=\"has-background has-text-align-center has-medium-font-size has-very-light-gray-background-color\">Praktische Informationen<\/p>\n\n\n\n<p class=\"has-text-align-center\"><strong><em>Glaube, Liebe, Hoffnung<\/em><\/strong><br><em>Sieben Stationen vom Himmel durch die Welt zur H\u00f6lle<\/em><br>Sonntag, 28. M\u00e4rz bis Sonntag, 4. April<br><\/p>\n\n\n\n<p class=\"has-text-align-center\">Musikalische Leitung\u00a0<strong>Andr\u00e9 de Ridder<\/strong><br>Regie\u00a0<strong>Marco \u0160torman<\/strong><br>B\u00fchne\u00a0<strong>Demian Wohler<\/strong><br>Video\u00a0<strong>Susanne Steinma\u00dfl<\/strong><br>Dramaturgie\u00a0<strong>Ingo Gerlach<\/strong><\/p>\n\n\n\n<p class=\"has-text-align-center\">Mit\u00a0<br><strong>Stine Marie Fischer<\/strong>,\u00a0<strong>Heidi Heidelberg<\/strong>,\u00a0<strong>Fiorella Hincapi\u00e9<\/strong>,\u00a0<strong>Katherine Manley<\/strong>,\u00a0<strong>Matthias Klink<\/strong>,\u00a0<strong>Denis Milo<\/strong>,\u00a0<strong>Marcos Padotzke<\/strong>,<strong>Michael Rathgeber<\/strong>,\u00a0<strong>Manuel Schattel<\/strong>,\u00a0<strong>J\u00fcrgen Spitschka<\/strong><\/p>\n\n\n\n<div style=\"height:100px\" aria-hidden=\"true\" class=\"wp-block-spacer\"><\/div>\n\n\n\n<div class=\"wp-block-button aligncenter\"><a class=\"wp-block-button__link has-text-color has-very-dark-gray-color has-background has-luminous-vivid-amber-background-color\" href=\"https:\/\/www.staatsoper-stuttgart.de\/spielplan\/a-z\/glaube-liebe-hoffnung\/\" target=\"_blank\" rel=\"noreferrer noopener\">Weitere Informationen auf der Website der Staatsoper Stuttgart<\/a><\/div>\n\n\n\n<div style=\"height:100px\" aria-hidden=\"true\" class=\"wp-block-spacer\"><\/div>\n\n\n\n<p class=\"has-small-font-size\">Foto: Susanne Steinma\u00dfl<\/p>\n\n\n\n<div style=\"height:100px\" aria-hidden=\"true\" class=\"wp-block-spacer\"><\/div>\n","protected":false},"excerpt":{"rendered":"<p>Unter dem Titel\u00a0Glaube, Liebe, Hoffnung\u00a0zeigt die Staatsoper Stuttgart ab\u00a028. M\u00e4rz\u00a0eine virtuelle Ausstellung zum Themenkomplex Leben, Tod und Auferstehung. Pressemitteilung Das Projekt ist eine Woche lang kostenlos online zug\u00e4nglich. In\u00a0Sieben Stationen vom Himmel durch die Welt zur H\u00f6lle\u00a0besch\u00e4ftigt sich ein Team um den Regisseur\u00a0Marco \u0160torman\u00a0und den Dirigenten\u00a0Andr\u00e9 de Ridder\u00a0musikalisch und filmisch mit den Stoffen, Figuren und [&hellip;]<\/p>\n","protected":false},"author":1,"featured_media":38567,"comment_status":"open","ping_status":"open","sticky":false,"template":"","format":"standard","meta":{"_monsterinsights_skip_tracking":false,"_monsterinsights_sitenote_active":false,"_monsterinsights_sitenote_note":"","_monsterinsights_sitenote_category":0},"categories":[10359],"tags":[10828,10829,6308,2770,10830],"yoast_head":"<!-- This site is optimized with the Yoast SEO plugin v20.5 - https:\/\/yoast.com\/wordpress\/plugins\/seo\/ -->\n<title>Die Staatsoper Stuttgart zeigt eine virtuelle Ausstellung I szenik<\/title>\n<meta name=\"description\" content=\"Unter dem Titel Glaube, Liebe, Hoffnung zeigt die Staatsoper Stuttgart ab 28. M\u00e4rz eine virtuelle Ausstellung zum Themenkomplex Leben, Tod und Auferstehung.\" \/>\n<meta name=\"robots\" content=\"index, follow, max-snippet:-1, max-image-preview:large, max-video-preview:-1\" \/>\n<link rel=\"canonical\" href=\"https:\/\/www.szenik.eu\/de\/die-staatsoper-stuttgart-zeigt-eine-virtuelle-ausstellung-zu-leben-tod-und-auferstehung-in-sieben-stationen-38566\" \/>\n<meta property=\"og:locale\" content=\"de_DE\" \/>\n<meta property=\"og:type\" content=\"article\" \/>\n<meta property=\"og:title\" content=\"Die Staatsoper Stuttgart zeigt eine virtuelle Ausstellung I szenik\" \/>\n<meta property=\"og:description\" content=\"Unter dem Titel Glaube, Liebe, Hoffnung zeigt die Staatsoper Stuttgart ab 28. M\u00e4rz eine virtuelle Ausstellung zum Themenkomplex Leben, Tod und Auferstehung.\" \/>\n<meta property=\"og:url\" content=\"https:\/\/www.szenik.eu\/de\/die-staatsoper-stuttgart-zeigt-eine-virtuelle-ausstellung-zu-leben-tod-und-auferstehung-in-sieben-stationen-38566\" \/>\n<meta property=\"og:site_name\" content=\"szenik\" \/>\n<meta property=\"article:publisher\" content=\"https:\/\/www.facebook.com\/szenik.eu\/\" \/>\n<meta property=\"article:published_time\" content=\"2021-03-24T16:17:29+00:00\" \/>\n<meta property=\"article:modified_time\" content=\"2021-03-24T16:17:34+00:00\" \/>\n<meta property=\"og:image\" content=\"https:\/\/www.szenik.eu\/wp-content\/uploads\/2021\/03\/Capture-d\u2019\u00e9cran-2021-03-24-\u00e0-17.14.29.png\" \/>\n\t<meta property=\"og:image:width\" content=\"1397\" \/>\n\t<meta property=\"og:image:height\" content=\"634\" \/>\n\t<meta property=\"og:image:type\" content=\"image\/png\" \/>\n<meta name=\"author\" content=\"szenik\" \/>\n<meta name=\"twitter:card\" content=\"summary_large_image\" \/>\n<meta name=\"twitter:creator\" content=\"@Szenik\" \/>\n<meta name=\"twitter:site\" content=\"@Szenik\" \/>\n<meta name=\"twitter:label1\" content=\"Verfasst von\" \/>\n\t<meta name=\"twitter:data1\" content=\"szenik\" \/>\n\t<meta name=\"twitter:label2\" content=\"Gesch\u00e4tzte Lesezeit\" \/>\n\t<meta name=\"twitter:data2\" content=\"2\u00a0Minuten\" \/>\n<script type=\"application\/ld+json\" class=\"yoast-schema-graph\">{\"@context\":\"https:\/\/schema.org\",\"@graph\":[{\"@type\":\"Article\",\"@id\":\"https:\/\/www.szenik.eu\/de\/die-staatsoper-stuttgart-zeigt-eine-virtuelle-ausstellung-zu-leben-tod-und-auferstehung-in-sieben-stationen-38566#article\",\"isPartOf\":{\"@id\":\"https:\/\/www.szenik.eu\/de\/die-staatsoper-stuttgart-zeigt-eine-virtuelle-ausstellung-zu-leben-tod-und-auferstehung-in-sieben-stationen-38566\"},\"author\":{\"name\":\"szenik\",\"@id\":\"https:\/\/www.szenik.eu\/de\/#\/schema\/person\/15f73f175b41bad194837490339d48fb\"},\"headline\":\"Die Staatsoper Stuttgart zeigt eine virtuelle Ausstellung zu Leben, Tod und Auferstehung in sieben Stationen\",\"datePublished\":\"2021-03-24T16:17:29+00:00\",\"dateModified\":\"2021-03-24T16:17:34+00:00\",\"mainEntityOfPage\":{\"@id\":\"https:\/\/www.szenik.eu\/de\/die-staatsoper-stuttgart-zeigt-eine-virtuelle-ausstellung-zu-leben-tod-und-auferstehung-in-sieben-stationen-38566\"},\"wordCount\":428,\"commentCount\":0,\"publisher\":{\"@id\":\"https:\/\/www.szenik.eu\/de\/#organization\"},\"keywords\":[\"Andr\u00e9 de Ridder\",\"Marco \u0160torman\",\"Staatsoper Stuttgart\",\"Stuttgart\",\"Susanne Steinma\u00dfl\"],\"articleSection\":[\"TV \/ Streaming\"],\"inLanguage\":\"de\",\"potentialAction\":[{\"@type\":\"CommentAction\",\"name\":\"Comment\",\"target\":[\"https:\/\/www.szenik.eu\/de\/die-staatsoper-stuttgart-zeigt-eine-virtuelle-ausstellung-zu-leben-tod-und-auferstehung-in-sieben-stationen-38566#respond\"]}]},{\"@type\":\"WebPage\",\"@id\":\"https:\/\/www.szenik.eu\/de\/die-staatsoper-stuttgart-zeigt-eine-virtuelle-ausstellung-zu-leben-tod-und-auferstehung-in-sieben-stationen-38566\",\"url\":\"https:\/\/www.szenik.eu\/de\/die-staatsoper-stuttgart-zeigt-eine-virtuelle-ausstellung-zu-leben-tod-und-auferstehung-in-sieben-stationen-38566\",\"name\":\"Die Staatsoper Stuttgart zeigt eine virtuelle Ausstellung I szenik\",\"isPartOf\":{\"@id\":\"https:\/\/www.szenik.eu\/de\/#website\"},\"datePublished\":\"2021-03-24T16:17:29+00:00\",\"dateModified\":\"2021-03-24T16:17:34+00:00\",\"description\":\"Unter dem Titel Glaube, Liebe, Hoffnung zeigt die Staatsoper Stuttgart ab 28. M\u00e4rz eine virtuelle Ausstellung zum Themenkomplex Leben, Tod und Auferstehung.\",\"breadcrumb\":{\"@id\":\"https:\/\/www.szenik.eu\/de\/die-staatsoper-stuttgart-zeigt-eine-virtuelle-ausstellung-zu-leben-tod-und-auferstehung-in-sieben-stationen-38566#breadcrumb\"},\"inLanguage\":\"de\",\"potentialAction\":[{\"@type\":\"ReadAction\",\"target\":[\"https:\/\/www.szenik.eu\/de\/die-staatsoper-stuttgart-zeigt-eine-virtuelle-ausstellung-zu-leben-tod-und-auferstehung-in-sieben-stationen-38566\"]}]},{\"@type\":\"BreadcrumbList\",\"@id\":\"https:\/\/www.szenik.eu\/de\/die-staatsoper-stuttgart-zeigt-eine-virtuelle-ausstellung-zu-leben-tod-und-auferstehung-in-sieben-stationen-38566#breadcrumb\",\"itemListElement\":[{\"@type\":\"ListItem\",\"position\":1,\"name\":\"Home\",\"item\":\"https:\/\/www.szenik.eu\/de\"},{\"@type\":\"ListItem\",\"position\":2,\"name\":\"Die Staatsoper Stuttgart zeigt eine virtuelle Ausstellung zu Leben, Tod und Auferstehung in sieben Stationen\"}]},{\"@type\":\"WebSite\",\"@id\":\"https:\/\/www.szenik.eu\/de\/#website\",\"url\":\"https:\/\/www.szenik.eu\/de\/\",\"name\":\"szenik\",\"description\":\"Le Meilleur des sc\u00e8nes au coeur de l&#039;Europe\",\"publisher\":{\"@id\":\"https:\/\/www.szenik.eu\/de\/#organization\"},\"potentialAction\":[{\"@type\":\"SearchAction\",\"target\":{\"@type\":\"EntryPoint\",\"urlTemplate\":\"https:\/\/www.szenik.eu\/de\/?s={search_term_string}\"},\"query-input\":\"required name=search_term_string\"}],\"inLanguage\":\"de\"},{\"@type\":\"Organization\",\"@id\":\"https:\/\/www.szenik.eu\/de\/#organization\",\"name\":\"Szenik\",\"url\":\"https:\/\/www.szenik.eu\/de\/\",\"logo\":{\"@type\":\"ImageObject\",\"inLanguage\":\"de\",\"@id\":\"https:\/\/www.szenik.eu\/de\/#\/schema\/logo\/image\/\",\"url\":\"https:\/\/www.szenik.eu\/wp-content\/uploads\/2019\/07\/logo-square.png\",\"contentUrl\":\"https:\/\/www.szenik.eu\/wp-content\/uploads\/2019\/07\/logo-square.png\",\"width\":512,\"height\":512,\"caption\":\"Szenik\"},\"image\":{\"@id\":\"https:\/\/www.szenik.eu\/de\/#\/schema\/logo\/image\/\"},\"sameAs\":[\"https:\/\/www.facebook.com\/szenik.eu\/\",\"https:\/\/twitter.com\/Szenik\",\"https:\/\/www.instagram.com\/szenik_magazine\/\",\"https:\/\/www.youtube.com\/user\/SzenikEU\/\"]},{\"@type\":\"Person\",\"@id\":\"https:\/\/www.szenik.eu\/de\/#\/schema\/person\/15f73f175b41bad194837490339d48fb\",\"name\":\"szenik\",\"image\":{\"@type\":\"ImageObject\",\"inLanguage\":\"de\",\"@id\":\"https:\/\/www.szenik.eu\/de\/#\/schema\/person\/image\/\",\"url\":\"https:\/\/secure.gravatar.com\/avatar\/d1c4f19522a624a4eaa5e6c03e22370b?s=96&d=mm&r=g\",\"contentUrl\":\"https:\/\/secure.gravatar.com\/avatar\/d1c4f19522a624a4eaa5e6c03e22370b?s=96&d=mm&r=g\",\"caption\":\"szenik\"}}]}<\/script>\n<!-- \/ Yoast SEO plugin. -->","yoast_head_json":{"title":"Die Staatsoper Stuttgart zeigt eine virtuelle Ausstellung I szenik","description":"Unter dem Titel Glaube, Liebe, Hoffnung zeigt die Staatsoper Stuttgart ab 28. M\u00e4rz eine virtuelle Ausstellung zum Themenkomplex Leben, Tod und Auferstehung.","robots":{"index":"index","follow":"follow","max-snippet":"max-snippet:-1","max-image-preview":"max-image-preview:large","max-video-preview":"max-video-preview:-1"},"canonical":"https:\/\/www.szenik.eu\/de\/die-staatsoper-stuttgart-zeigt-eine-virtuelle-ausstellung-zu-leben-tod-und-auferstehung-in-sieben-stationen-38566","og_locale":"de_DE","og_type":"article","og_title":"Die Staatsoper Stuttgart zeigt eine virtuelle Ausstellung I szenik","og_description":"Unter dem Titel Glaube, Liebe, Hoffnung zeigt die Staatsoper Stuttgart ab 28. M\u00e4rz eine virtuelle Ausstellung zum Themenkomplex Leben, Tod und Auferstehung.","og_url":"https:\/\/www.szenik.eu\/de\/die-staatsoper-stuttgart-zeigt-eine-virtuelle-ausstellung-zu-leben-tod-und-auferstehung-in-sieben-stationen-38566","og_site_name":"szenik","article_publisher":"https:\/\/www.facebook.com\/szenik.eu\/","article_published_time":"2021-03-24T16:17:29+00:00","article_modified_time":"2021-03-24T16:17:34+00:00","og_image":[{"width":1397,"height":634,"url":"https:\/\/www.szenik.eu\/wp-content\/uploads\/2021\/03\/Capture-d\u2019\u00e9cran-2021-03-24-\u00e0-17.14.29.png","type":"image\/png"}],"author":"szenik","twitter_card":"summary_large_image","twitter_creator":"@Szenik","twitter_site":"@Szenik","twitter_misc":{"Verfasst von":"szenik","Gesch\u00e4tzte Lesezeit":"2\u00a0Minuten"},"schema":{"@context":"https:\/\/schema.org","@graph":[{"@type":"Article","@id":"https:\/\/www.szenik.eu\/de\/die-staatsoper-stuttgart-zeigt-eine-virtuelle-ausstellung-zu-leben-tod-und-auferstehung-in-sieben-stationen-38566#article","isPartOf":{"@id":"https:\/\/www.szenik.eu\/de\/die-staatsoper-stuttgart-zeigt-eine-virtuelle-ausstellung-zu-leben-tod-und-auferstehung-in-sieben-stationen-38566"},"author":{"name":"szenik","@id":"https:\/\/www.szenik.eu\/de\/#\/schema\/person\/15f73f175b41bad194837490339d48fb"},"headline":"Die Staatsoper Stuttgart zeigt eine virtuelle Ausstellung zu Leben, Tod und Auferstehung in sieben Stationen","datePublished":"2021-03-24T16:17:29+00:00","dateModified":"2021-03-24T16:17:34+00:00","mainEntityOfPage":{"@id":"https:\/\/www.szenik.eu\/de\/die-staatsoper-stuttgart-zeigt-eine-virtuelle-ausstellung-zu-leben-tod-und-auferstehung-in-sieben-stationen-38566"},"wordCount":428,"commentCount":0,"publisher":{"@id":"https:\/\/www.szenik.eu\/de\/#organization"},"keywords":["Andr\u00e9 de Ridder","Marco \u0160torman","Staatsoper Stuttgart","Stuttgart","Susanne Steinma\u00dfl"],"articleSection":["TV \/ Streaming"],"inLanguage":"de","potentialAction":[{"@type":"CommentAction","name":"Comment","target":["https:\/\/www.szenik.eu\/de\/die-staatsoper-stuttgart-zeigt-eine-virtuelle-ausstellung-zu-leben-tod-und-auferstehung-in-sieben-stationen-38566#respond"]}]},{"@type":"WebPage","@id":"https:\/\/www.szenik.eu\/de\/die-staatsoper-stuttgart-zeigt-eine-virtuelle-ausstellung-zu-leben-tod-und-auferstehung-in-sieben-stationen-38566","url":"https:\/\/www.szenik.eu\/de\/die-staatsoper-stuttgart-zeigt-eine-virtuelle-ausstellung-zu-leben-tod-und-auferstehung-in-sieben-stationen-38566","name":"Die Staatsoper Stuttgart zeigt eine virtuelle Ausstellung I szenik","isPartOf":{"@id":"https:\/\/www.szenik.eu\/de\/#website"},"datePublished":"2021-03-24T16:17:29+00:00","dateModified":"2021-03-24T16:17:34+00:00","description":"Unter dem Titel Glaube, Liebe, Hoffnung zeigt die Staatsoper Stuttgart ab 28. M\u00e4rz eine virtuelle Ausstellung zum Themenkomplex Leben, Tod und Auferstehung.","breadcrumb":{"@id":"https:\/\/www.szenik.eu\/de\/die-staatsoper-stuttgart-zeigt-eine-virtuelle-ausstellung-zu-leben-tod-und-auferstehung-in-sieben-stationen-38566#breadcrumb"},"inLanguage":"de","potentialAction":[{"@type":"ReadAction","target":["https:\/\/www.szenik.eu\/de\/die-staatsoper-stuttgart-zeigt-eine-virtuelle-ausstellung-zu-leben-tod-und-auferstehung-in-sieben-stationen-38566"]}]},{"@type":"BreadcrumbList","@id":"https:\/\/www.szenik.eu\/de\/die-staatsoper-stuttgart-zeigt-eine-virtuelle-ausstellung-zu-leben-tod-und-auferstehung-in-sieben-stationen-38566#breadcrumb","itemListElement":[{"@type":"ListItem","position":1,"name":"Home","item":"https:\/\/www.szenik.eu\/de"},{"@type":"ListItem","position":2,"name":"Die Staatsoper Stuttgart zeigt eine virtuelle Ausstellung zu Leben, Tod und Auferstehung in sieben Stationen"}]},{"@type":"WebSite","@id":"https:\/\/www.szenik.eu\/de\/#website","url":"https:\/\/www.szenik.eu\/de\/","name":"szenik","description":"Le Meilleur des sc\u00e8nes au coeur de l&#039;Europe","publisher":{"@id":"https:\/\/www.szenik.eu\/de\/#organization"},"potentialAction":[{"@type":"SearchAction","target":{"@type":"EntryPoint","urlTemplate":"https:\/\/www.szenik.eu\/de\/?s={search_term_string}"},"query-input":"required name=search_term_string"}],"inLanguage":"de"},{"@type":"Organization","@id":"https:\/\/www.szenik.eu\/de\/#organization","name":"Szenik","url":"https:\/\/www.szenik.eu\/de\/","logo":{"@type":"ImageObject","inLanguage":"de","@id":"https:\/\/www.szenik.eu\/de\/#\/schema\/logo\/image\/","url":"https:\/\/www.szenik.eu\/wp-content\/uploads\/2019\/07\/logo-square.png","contentUrl":"https:\/\/www.szenik.eu\/wp-content\/uploads\/2019\/07\/logo-square.png","width":512,"height":512,"caption":"Szenik"},"image":{"@id":"https:\/\/www.szenik.eu\/de\/#\/schema\/logo\/image\/"},"sameAs":["https:\/\/www.facebook.com\/szenik.eu\/","https:\/\/twitter.com\/Szenik","https:\/\/www.instagram.com\/szenik_magazine\/","https:\/\/www.youtube.com\/user\/SzenikEU\/"]},{"@type":"Person","@id":"https:\/\/www.szenik.eu\/de\/#\/schema\/person\/15f73f175b41bad194837490339d48fb","name":"szenik","image":{"@type":"ImageObject","inLanguage":"de","@id":"https:\/\/www.szenik.eu\/de\/#\/schema\/person\/image\/","url":"https:\/\/secure.gravatar.com\/avatar\/d1c4f19522a624a4eaa5e6c03e22370b?s=96&d=mm&r=g","contentUrl":"https:\/\/secure.gravatar.com\/avatar\/d1c4f19522a624a4eaa5e6c03e22370b?s=96&d=mm&r=g","caption":"szenik"}}]}},"jetpack_featured_media_url":"https:\/\/www.szenik.eu\/wp-content\/uploads\/2021\/03\/Capture-d\u2019\u00e9cran-2021-03-24-\u00e0-17.14.29.png","amp_enabled":true,"_links":{"self":[{"href":"https:\/\/www.szenik.eu\/de\/wp-json\/\/wp\/v2\/posts\/38566"}],"collection":[{"href":"https:\/\/www.szenik.eu\/de\/wp-json\/\/wp\/v2\/posts"}],"about":[{"href":"https:\/\/www.szenik.eu\/de\/wp-json\/\/wp\/v2\/types\/post"}],"author":[{"embeddable":true,"href":"https:\/\/www.szenik.eu\/de\/wp-json\/\/wp\/v2\/users\/1"}],"replies":[{"embeddable":true,"href":"https:\/\/www.szenik.eu\/de\/wp-json\/\/wp\/v2\/comments?post=38566"}],"version-history":[{"count":2,"href":"https:\/\/www.szenik.eu\/de\/wp-json\/\/wp\/v2\/posts\/38566\/revisions"}],"predecessor-version":[{"id":38570,"href":"https:\/\/www.szenik.eu\/de\/wp-json\/\/wp\/v2\/posts\/38566\/revisions\/38570"}],"wp:featuredmedia":[{"embeddable":true,"href":"https:\/\/www.szenik.eu\/de\/wp-json\/\/wp\/v2\/media\/38567"}],"wp:attachment":[{"href":"https:\/\/www.szenik.eu\/de\/wp-json\/\/wp\/v2\/media?parent=38566"}],"wp:term":[{"taxonomy":"category","embeddable":true,"href":"https:\/\/www.szenik.eu\/de\/wp-json\/\/wp\/v2\/categories?post=38566"},{"taxonomy":"post_tag","embeddable":true,"href":"https:\/\/www.szenik.eu\/de\/wp-json\/\/wp\/v2\/tags?post=38566"}],"curies":[{"name":"wp","href":"https:\/\/api.w.org\/{rel}","templated":true}]}}