{"id":38542,"date":"2021-03-24T14:40:34","date_gmt":"2021-03-24T13:40:34","guid":{"rendered":"https:\/\/www.szenik.eu\/?p=38542\/"},"modified":"2021-03-24T14:42:21","modified_gmt":"2021-03-24T13:42:21","slug":"theater-pforzheim-intendant-markus-hertel-gewaehlt","status":"publish","type":"post","link":"https:\/\/www.szenik.eu\/de\/theater-pforzheim-intendant-markus-hertel-gewaehlt-38542","title":{"rendered":"Theater Pforzheim: Intendant Markus Hertel gew\u00e4hlt"},"content":{"rendered":"\n<h2>Am Dienstag, 23. M\u00e4rz 2021 wurde Markus Hertel in der nicht\u00f6ffentlichen Gemeinderatssitzung zum Intendanten des Theaters Pforzheim gew\u00e4hlt.<\/h2>\n\n\n\n<div style=\"height:100px\" aria-hidden=\"true\" class=\"wp-block-spacer\"><\/div>\n\n\n\n<p><em>Pressemitteilung<\/em><\/p>\n\n\n\n<div style=\"height:100px\" aria-hidden=\"true\" class=\"wp-block-spacer\"><\/div>\n\n\n\n<p>Ab der Spielzeit 2022\/2023 wird Hertel zusammen mit Verwaltungsdirektor Uwe D\u00fcrigen das Theater Pforzheim leiten. Bereits im Fr\u00fchjahr wird er als designierter Intendant in eingeschr\u00e4nktem Umfang mit den konzeptionellen Vorbereitungsarbeiten f\u00fcr seine Amtszeit starten. Ab September 2022 tritt Markus Hertel als Nachfolger von Thomas M\u00fcnstermann einen 5-Jahresvertrag in Pforzheim an.<\/p>\n\n\n\n<p>Markus Hertel wurde 1964 in Essen geboren und absolvierte den Studiengang Regie an der Hochschule f\u00fcr Musik in M\u00fcnchen mit dem Abschluss als Diplom-Regisseur.<\/p>\n\n\n\n<p>Seine Engagements f\u00fchrten ihn unter anderem vom Staatstheater am G\u00e4rtnerplatz in M\u00fcnchen \u00fcber die Theater in Bern und Freiburg, der Bayerischen Theaterakademie August Everding, nach Gie\u00dfen. Von 2010 bis&nbsp;2020 war Hertel Operndirektor am Schleswig-Holsteinischen Landestheater in Flensburg. Seit 2020 ist er K\u00fcnstlerischer Betriebsdirektor an den Wuppertaler B\u00fchnen. Neben seiner T\u00e4tigkeit am Theater widmet sich Markus Hertel als Dozent verschiedener Hochschulen und Universit\u00e4ten der Ausbildung des Theaternachwuchses. Er ist verheiratet und Vater dreier Kinder.<\/p>\n\n\n\n<p>\u201eWir freuen uns sehr, mit Markus Hertel einen herausragend qualifizierten Intendanten f\u00fcr unser Dreispartentheater in Pforzheim begr\u00fc\u00dfen zu d\u00fcrfen. Er wird seine vielf\u00e4ltigen Erfahrungen aus der Praxis gewinnbringend f\u00fcr unser Haus am Waisenhausplatz einbringen. Ich bin sehr zufrieden mit unserer Wahl\u201c, so Oberb\u00fcrgermeister Peter Boch.<\/p>\n\n\n\n<p>Ausgeschrieben war die Position des Intendanten am Theater Pforzheim seit Juli des vergangenen Jahres. Markus Hertel setzte sich in dem mehrstufigen Auswahlverfahren gegen insgesamt 68 Mitbewerber durch.&nbsp;<\/p>\n\n\n\n<div style=\"height:46px\" aria-hidden=\"true\" class=\"wp-block-spacer\"><\/div>\n\n\n\n<blockquote class=\"wp-block-quote\"><p>\u201eMit Markus Hertel konnten wir f\u00fcr unser Theater einen Spezialisten gewinnen, der den k\u00fcnstlerischen Betrieb von verschiedenen Bereichen her kennt\u201c, so Verwaltungsdirektor Uwe D\u00fcrigen, und weiter: \u201eWir haben ihn als Kenner der Szene, interessierten Zuh\u00f6rer und vision\u00e4ren Planer kennengelernt, der neugierig auf unsere Stadt und unser Haus ist. Markus Hertel will unser Theater f\u00fcr seine Abonnenten und neue Besucher aus Pforzheim und der ganzen Region st\u00e4rken und weiterentwickeln. Die Bildungs- und Vermittlungsarbeit f\u00fcr junges Publikum liegt ihm dabei besonders am Herzen. Auf die gemeinsame Arbeit freue ich mich sehr.\u201c<\/p><\/blockquote>\n\n\n\n<div style=\"height:100px\" aria-hidden=\"true\" class=\"wp-block-spacer\"><\/div>\n\n\n\n<div class=\"wp-block-button aligncenter\"><a class=\"wp-block-button__link has-text-color has-very-dark-gray-color has-background has-luminous-vivid-amber-background-color\" href=\"https:\/\/www.theater-pforzheim.de\" target=\"_blank\" rel=\"noreferrer noopener\">Zur Website des Theaters Pforzheim<\/a><\/div>\n\n\n\n<div style=\"height:100px\" aria-hidden=\"true\" class=\"wp-block-spacer\"><\/div>\n\n\n\n<p class=\"has-small-font-size\">Foto: Markus Hertel I Privat<\/p>\n\n\n\n<div style=\"height:100px\" aria-hidden=\"true\" class=\"wp-block-spacer\"><\/div>\n","protected":false},"excerpt":{"rendered":"<p>Am Dienstag, 23. M\u00e4rz 2021 wurde Markus Hertel in der nicht\u00f6ffentlichen Gemeinderatssitzung zum Intendanten des Theaters Pforzheim gew\u00e4hlt. Pressemitteilung Ab der Spielzeit 2022\/2023 wird Hertel zusammen mit Verwaltungsdirektor Uwe D\u00fcrigen das Theater Pforzheim leiten. Bereits im Fr\u00fchjahr wird er als designierter Intendant in eingeschr\u00e4nktem Umfang mit den konzeptionellen Vorbereitungsarbeiten f\u00fcr seine Amtszeit starten. Ab September [&hellip;]<\/p>\n","protected":false},"author":1,"featured_media":38543,"comment_status":"open","ping_status":"open","sticky":false,"template":"","format":"standard","meta":{"_monsterinsights_skip_tracking":false,"_monsterinsights_sitenote_active":false,"_monsterinsights_sitenote_note":"","_monsterinsights_sitenote_category":0},"categories":[2815],"tags":[10818,5216,2276],"yoast_head":"<!-- This site is optimized with the Yoast SEO plugin v20.5 - https:\/\/yoast.com\/wordpress\/plugins\/seo\/ -->\n<title>Theater Pforzheim: Intendant Markus Hertel gew\u00e4hlt I szenik<\/title>\n<meta name=\"description\" content=\"Am Dienstag, 23. M\u00e4rz 2021 wurde Markus Hertel in der nicht\u00f6ffentlichen Gemeinderatssitzung zum Intendanten des Theaters Pforzheim gew\u00e4hlt.\" \/>\n<meta name=\"robots\" content=\"index, follow, max-snippet:-1, max-image-preview:large, max-video-preview:-1\" \/>\n<link rel=\"canonical\" href=\"https:\/\/www.szenik.eu\/de\/theater-pforzheim-intendant-markus-hertel-gewaehlt-38542\" \/>\n<meta property=\"og:locale\" content=\"de_DE\" \/>\n<meta property=\"og:type\" content=\"article\" \/>\n<meta property=\"og:title\" content=\"Theater Pforzheim: Intendant Markus Hertel gew\u00e4hlt I szenik\" \/>\n<meta property=\"og:description\" content=\"Am Dienstag, 23. M\u00e4rz 2021 wurde Markus Hertel in der nicht\u00f6ffentlichen Gemeinderatssitzung zum Intendanten des Theaters Pforzheim gew\u00e4hlt.\" \/>\n<meta property=\"og:url\" content=\"https:\/\/www.szenik.eu\/de\/theater-pforzheim-intendant-markus-hertel-gewaehlt-38542\" \/>\n<meta property=\"og:site_name\" content=\"szenik\" \/>\n<meta property=\"article:publisher\" content=\"https:\/\/www.facebook.com\/szenik.eu\/\" \/>\n<meta property=\"article:published_time\" content=\"2021-03-24T13:40:34+00:00\" \/>\n<meta property=\"article:modified_time\" content=\"2021-03-24T13:42:21+00:00\" \/>\n<meta property=\"og:image\" content=\"https:\/\/www.szenik.eu\/wp-content\/uploads\/2021\/03\/Capture-d\u2019\u00e9cran-2021-03-24-\u00e0-14.37.22.png\" \/>\n\t<meta property=\"og:image:width\" content=\"1198\" \/>\n\t<meta property=\"og:image:height\" content=\"740\" \/>\n\t<meta property=\"og:image:type\" content=\"image\/png\" \/>\n<meta name=\"author\" content=\"szenik\" \/>\n<meta name=\"twitter:card\" content=\"summary_large_image\" \/>\n<meta name=\"twitter:creator\" content=\"@Szenik\" \/>\n<meta name=\"twitter:site\" content=\"@Szenik\" \/>\n<meta name=\"twitter:label1\" content=\"Verfasst von\" \/>\n\t<meta name=\"twitter:data1\" content=\"szenik\" \/>\n\t<meta name=\"twitter:label2\" content=\"Gesch\u00e4tzte Lesezeit\" \/>\n\t<meta name=\"twitter:data2\" content=\"2\u00a0Minuten\" \/>\n<script type=\"application\/ld+json\" class=\"yoast-schema-graph\">{\"@context\":\"https:\/\/schema.org\",\"@graph\":[{\"@type\":\"Article\",\"@id\":\"https:\/\/www.szenik.eu\/de\/theater-pforzheim-intendant-markus-hertel-gewaehlt-38542#article\",\"isPartOf\":{\"@id\":\"https:\/\/www.szenik.eu\/de\/theater-pforzheim-intendant-markus-hertel-gewaehlt-38542\"},\"author\":{\"name\":\"szenik\",\"@id\":\"https:\/\/www.szenik.eu\/de\/#\/schema\/person\/15f73f175b41bad194837490339d48fb\"},\"headline\":\"Theater Pforzheim: Intendant Markus Hertel gew\u00e4hlt\",\"datePublished\":\"2021-03-24T13:40:34+00:00\",\"dateModified\":\"2021-03-24T13:42:21+00:00\",\"mainEntityOfPage\":{\"@id\":\"https:\/\/www.szenik.eu\/de\/theater-pforzheim-intendant-markus-hertel-gewaehlt-38542\"},\"wordCount\":370,\"commentCount\":0,\"publisher\":{\"@id\":\"https:\/\/www.szenik.eu\/de\/#organization\"},\"keywords\":[\"Markus Hertel\",\"Pforzheim\",\"Theater Pforzheim\"],\"articleSection\":[\"Kurz &amp; knackig\"],\"inLanguage\":\"de\",\"potentialAction\":[{\"@type\":\"CommentAction\",\"name\":\"Comment\",\"target\":[\"https:\/\/www.szenik.eu\/de\/theater-pforzheim-intendant-markus-hertel-gewaehlt-38542#respond\"]}]},{\"@type\":\"WebPage\",\"@id\":\"https:\/\/www.szenik.eu\/de\/theater-pforzheim-intendant-markus-hertel-gewaehlt-38542\",\"url\":\"https:\/\/www.szenik.eu\/de\/theater-pforzheim-intendant-markus-hertel-gewaehlt-38542\",\"name\":\"Theater Pforzheim: Intendant Markus Hertel gew\u00e4hlt I szenik\",\"isPartOf\":{\"@id\":\"https:\/\/www.szenik.eu\/de\/#website\"},\"datePublished\":\"2021-03-24T13:40:34+00:00\",\"dateModified\":\"2021-03-24T13:42:21+00:00\",\"description\":\"Am Dienstag, 23. M\u00e4rz 2021 wurde Markus Hertel in der nicht\u00f6ffentlichen Gemeinderatssitzung zum Intendanten des Theaters Pforzheim gew\u00e4hlt.\",\"breadcrumb\":{\"@id\":\"https:\/\/www.szenik.eu\/de\/theater-pforzheim-intendant-markus-hertel-gewaehlt-38542#breadcrumb\"},\"inLanguage\":\"de\",\"potentialAction\":[{\"@type\":\"ReadAction\",\"target\":[\"https:\/\/www.szenik.eu\/de\/theater-pforzheim-intendant-markus-hertel-gewaehlt-38542\"]}]},{\"@type\":\"BreadcrumbList\",\"@id\":\"https:\/\/www.szenik.eu\/de\/theater-pforzheim-intendant-markus-hertel-gewaehlt-38542#breadcrumb\",\"itemListElement\":[{\"@type\":\"ListItem\",\"position\":1,\"name\":\"Home\",\"item\":\"https:\/\/www.szenik.eu\/de\"},{\"@type\":\"ListItem\",\"position\":2,\"name\":\"Theater Pforzheim: Intendant Markus Hertel gew\u00e4hlt\"}]},{\"@type\":\"WebSite\",\"@id\":\"https:\/\/www.szenik.eu\/de\/#website\",\"url\":\"https:\/\/www.szenik.eu\/de\/\",\"name\":\"szenik\",\"description\":\"Le Meilleur des sc\u00e8nes au coeur de l&#039;Europe\",\"publisher\":{\"@id\":\"https:\/\/www.szenik.eu\/de\/#organization\"},\"potentialAction\":[{\"@type\":\"SearchAction\",\"target\":{\"@type\":\"EntryPoint\",\"urlTemplate\":\"https:\/\/www.szenik.eu\/de\/?s={search_term_string}\"},\"query-input\":\"required name=search_term_string\"}],\"inLanguage\":\"de\"},{\"@type\":\"Organization\",\"@id\":\"https:\/\/www.szenik.eu\/de\/#organization\",\"name\":\"Szenik\",\"url\":\"https:\/\/www.szenik.eu\/de\/\",\"logo\":{\"@type\":\"ImageObject\",\"inLanguage\":\"de\",\"@id\":\"https:\/\/www.szenik.eu\/de\/#\/schema\/logo\/image\/\",\"url\":\"https:\/\/www.szenik.eu\/wp-content\/uploads\/2019\/07\/logo-square.png\",\"contentUrl\":\"https:\/\/www.szenik.eu\/wp-content\/uploads\/2019\/07\/logo-square.png\",\"width\":512,\"height\":512,\"caption\":\"Szenik\"},\"image\":{\"@id\":\"https:\/\/www.szenik.eu\/de\/#\/schema\/logo\/image\/\"},\"sameAs\":[\"https:\/\/www.facebook.com\/szenik.eu\/\",\"https:\/\/twitter.com\/Szenik\",\"https:\/\/www.instagram.com\/szenik_magazine\/\",\"https:\/\/www.youtube.com\/user\/SzenikEU\/\"]},{\"@type\":\"Person\",\"@id\":\"https:\/\/www.szenik.eu\/de\/#\/schema\/person\/15f73f175b41bad194837490339d48fb\",\"name\":\"szenik\",\"image\":{\"@type\":\"ImageObject\",\"inLanguage\":\"de\",\"@id\":\"https:\/\/www.szenik.eu\/de\/#\/schema\/person\/image\/\",\"url\":\"https:\/\/secure.gravatar.com\/avatar\/d1c4f19522a624a4eaa5e6c03e22370b?s=96&d=mm&r=g\",\"contentUrl\":\"https:\/\/secure.gravatar.com\/avatar\/d1c4f19522a624a4eaa5e6c03e22370b?s=96&d=mm&r=g\",\"caption\":\"szenik\"}}]}<\/script>\n<!-- \/ Yoast SEO plugin. -->","yoast_head_json":{"title":"Theater Pforzheim: Intendant Markus Hertel gew\u00e4hlt I szenik","description":"Am Dienstag, 23. M\u00e4rz 2021 wurde Markus Hertel in der nicht\u00f6ffentlichen Gemeinderatssitzung zum Intendanten des Theaters Pforzheim gew\u00e4hlt.","robots":{"index":"index","follow":"follow","max-snippet":"max-snippet:-1","max-image-preview":"max-image-preview:large","max-video-preview":"max-video-preview:-1"},"canonical":"https:\/\/www.szenik.eu\/de\/theater-pforzheim-intendant-markus-hertel-gewaehlt-38542","og_locale":"de_DE","og_type":"article","og_title":"Theater Pforzheim: Intendant Markus Hertel gew\u00e4hlt I szenik","og_description":"Am Dienstag, 23. M\u00e4rz 2021 wurde Markus Hertel in der nicht\u00f6ffentlichen Gemeinderatssitzung zum Intendanten des Theaters Pforzheim gew\u00e4hlt.","og_url":"https:\/\/www.szenik.eu\/de\/theater-pforzheim-intendant-markus-hertel-gewaehlt-38542","og_site_name":"szenik","article_publisher":"https:\/\/www.facebook.com\/szenik.eu\/","article_published_time":"2021-03-24T13:40:34+00:00","article_modified_time":"2021-03-24T13:42:21+00:00","og_image":[{"width":1198,"height":740,"url":"https:\/\/www.szenik.eu\/wp-content\/uploads\/2021\/03\/Capture-d\u2019\u00e9cran-2021-03-24-\u00e0-14.37.22.png","type":"image\/png"}],"author":"szenik","twitter_card":"summary_large_image","twitter_creator":"@Szenik","twitter_site":"@Szenik","twitter_misc":{"Verfasst von":"szenik","Gesch\u00e4tzte Lesezeit":"2\u00a0Minuten"},"schema":{"@context":"https:\/\/schema.org","@graph":[{"@type":"Article","@id":"https:\/\/www.szenik.eu\/de\/theater-pforzheim-intendant-markus-hertel-gewaehlt-38542#article","isPartOf":{"@id":"https:\/\/www.szenik.eu\/de\/theater-pforzheim-intendant-markus-hertel-gewaehlt-38542"},"author":{"name":"szenik","@id":"https:\/\/www.szenik.eu\/de\/#\/schema\/person\/15f73f175b41bad194837490339d48fb"},"headline":"Theater Pforzheim: Intendant Markus Hertel gew\u00e4hlt","datePublished":"2021-03-24T13:40:34+00:00","dateModified":"2021-03-24T13:42:21+00:00","mainEntityOfPage":{"@id":"https:\/\/www.szenik.eu\/de\/theater-pforzheim-intendant-markus-hertel-gewaehlt-38542"},"wordCount":370,"commentCount":0,"publisher":{"@id":"https:\/\/www.szenik.eu\/de\/#organization"},"keywords":["Markus Hertel","Pforzheim","Theater Pforzheim"],"articleSection":["Kurz &amp; knackig"],"inLanguage":"de","potentialAction":[{"@type":"CommentAction","name":"Comment","target":["https:\/\/www.szenik.eu\/de\/theater-pforzheim-intendant-markus-hertel-gewaehlt-38542#respond"]}]},{"@type":"WebPage","@id":"https:\/\/www.szenik.eu\/de\/theater-pforzheim-intendant-markus-hertel-gewaehlt-38542","url":"https:\/\/www.szenik.eu\/de\/theater-pforzheim-intendant-markus-hertel-gewaehlt-38542","name":"Theater Pforzheim: Intendant Markus Hertel gew\u00e4hlt I szenik","isPartOf":{"@id":"https:\/\/www.szenik.eu\/de\/#website"},"datePublished":"2021-03-24T13:40:34+00:00","dateModified":"2021-03-24T13:42:21+00:00","description":"Am Dienstag, 23. M\u00e4rz 2021 wurde Markus Hertel in der nicht\u00f6ffentlichen Gemeinderatssitzung zum Intendanten des Theaters Pforzheim gew\u00e4hlt.","breadcrumb":{"@id":"https:\/\/www.szenik.eu\/de\/theater-pforzheim-intendant-markus-hertel-gewaehlt-38542#breadcrumb"},"inLanguage":"de","potentialAction":[{"@type":"ReadAction","target":["https:\/\/www.szenik.eu\/de\/theater-pforzheim-intendant-markus-hertel-gewaehlt-38542"]}]},{"@type":"BreadcrumbList","@id":"https:\/\/www.szenik.eu\/de\/theater-pforzheim-intendant-markus-hertel-gewaehlt-38542#breadcrumb","itemListElement":[{"@type":"ListItem","position":1,"name":"Home","item":"https:\/\/www.szenik.eu\/de"},{"@type":"ListItem","position":2,"name":"Theater Pforzheim: Intendant Markus Hertel gew\u00e4hlt"}]},{"@type":"WebSite","@id":"https:\/\/www.szenik.eu\/de\/#website","url":"https:\/\/www.szenik.eu\/de\/","name":"szenik","description":"Le Meilleur des sc\u00e8nes au coeur de l&#039;Europe","publisher":{"@id":"https:\/\/www.szenik.eu\/de\/#organization"},"potentialAction":[{"@type":"SearchAction","target":{"@type":"EntryPoint","urlTemplate":"https:\/\/www.szenik.eu\/de\/?s={search_term_string}"},"query-input":"required name=search_term_string"}],"inLanguage":"de"},{"@type":"Organization","@id":"https:\/\/www.szenik.eu\/de\/#organization","name":"Szenik","url":"https:\/\/www.szenik.eu\/de\/","logo":{"@type":"ImageObject","inLanguage":"de","@id":"https:\/\/www.szenik.eu\/de\/#\/schema\/logo\/image\/","url":"https:\/\/www.szenik.eu\/wp-content\/uploads\/2019\/07\/logo-square.png","contentUrl":"https:\/\/www.szenik.eu\/wp-content\/uploads\/2019\/07\/logo-square.png","width":512,"height":512,"caption":"Szenik"},"image":{"@id":"https:\/\/www.szenik.eu\/de\/#\/schema\/logo\/image\/"},"sameAs":["https:\/\/www.facebook.com\/szenik.eu\/","https:\/\/twitter.com\/Szenik","https:\/\/www.instagram.com\/szenik_magazine\/","https:\/\/www.youtube.com\/user\/SzenikEU\/"]},{"@type":"Person","@id":"https:\/\/www.szenik.eu\/de\/#\/schema\/person\/15f73f175b41bad194837490339d48fb","name":"szenik","image":{"@type":"ImageObject","inLanguage":"de","@id":"https:\/\/www.szenik.eu\/de\/#\/schema\/person\/image\/","url":"https:\/\/secure.gravatar.com\/avatar\/d1c4f19522a624a4eaa5e6c03e22370b?s=96&d=mm&r=g","contentUrl":"https:\/\/secure.gravatar.com\/avatar\/d1c4f19522a624a4eaa5e6c03e22370b?s=96&d=mm&r=g","caption":"szenik"}}]}},"jetpack_featured_media_url":"https:\/\/www.szenik.eu\/wp-content\/uploads\/2021\/03\/Capture-d\u2019\u00e9cran-2021-03-24-\u00e0-14.37.22.png","amp_enabled":true,"_links":{"self":[{"href":"https:\/\/www.szenik.eu\/de\/wp-json\/\/wp\/v2\/posts\/38542"}],"collection":[{"href":"https:\/\/www.szenik.eu\/de\/wp-json\/\/wp\/v2\/posts"}],"about":[{"href":"https:\/\/www.szenik.eu\/de\/wp-json\/\/wp\/v2\/types\/post"}],"author":[{"embeddable":true,"href":"https:\/\/www.szenik.eu\/de\/wp-json\/\/wp\/v2\/users\/1"}],"replies":[{"embeddable":true,"href":"https:\/\/www.szenik.eu\/de\/wp-json\/\/wp\/v2\/comments?post=38542"}],"version-history":[{"count":2,"href":"https:\/\/www.szenik.eu\/de\/wp-json\/\/wp\/v2\/posts\/38542\/revisions"}],"predecessor-version":[{"id":38546,"href":"https:\/\/www.szenik.eu\/de\/wp-json\/\/wp\/v2\/posts\/38542\/revisions\/38546"}],"wp:featuredmedia":[{"embeddable":true,"href":"https:\/\/www.szenik.eu\/de\/wp-json\/\/wp\/v2\/media\/38543"}],"wp:attachment":[{"href":"https:\/\/www.szenik.eu\/de\/wp-json\/\/wp\/v2\/media?parent=38542"}],"wp:term":[{"taxonomy":"category","embeddable":true,"href":"https:\/\/www.szenik.eu\/de\/wp-json\/\/wp\/v2\/categories?post=38542"},{"taxonomy":"post_tag","embeddable":true,"href":"https:\/\/www.szenik.eu\/de\/wp-json\/\/wp\/v2\/tags?post=38542"}],"curies":[{"name":"wp","href":"https:\/\/api.w.org\/{rel}","templated":true}]}}