{"id":38488,"date":"2021-03-23T08:44:10","date_gmt":"2021-03-23T07:44:10","guid":{"rendered":"https:\/\/www.szenik.eu\/?p=38488\/"},"modified":"2021-03-23T08:44:15","modified_gmt":"2021-03-23T07:44:15","slug":"debussy-clownsspiel-mit-dem-fitz-zentrum-fuer-figurentheater","status":"publish","type":"post","link":"https:\/\/www.szenik.eu\/de\/debussy-clownsspiel-mit-dem-fitz-zentrum-fuer-figurentheater-38488","title":{"rendered":"Debussy &#038; Clownsspiel mit dem FITZ! Zentrum f\u00fcr Figurentheater"},"content":{"rendered":"\n<h2>Das FITZ! Zentrum f\u00fcr Figurentheater l\u00e4dt Kinder und ihre Familien zu einem fantastischen Ausflug in zauberhafte Bilderwelten ein. <\/h2>\n\n\n\n<div style=\"height:100px\" aria-hidden=\"true\" class=\"wp-block-spacer\"><\/div>\n\n\n\n<p class=\"has-background has-text-align-center has-medium-font-size has-luminous-vivid-amber-background-color\"><strong><em>Meeresgefl\u00fcster<\/em><\/strong> <br>Duo Jost Costa | Meinhardt &amp; Krauss | <br>Katharina Wibmer<\/p>\n\n\n\n<p>Claude Debussys impressionistisches Meisterwerk \u00bb<em><strong>La Mer<\/strong><\/em>\u00ab (Das Meer), f\u00fcr vierh\u00e4ndiges Klavier gesetzt vom Komponisten, interpretiert vom international renommierten <a href=\"http:\/\/www.duojostcosta.com\" target=\"_blank\" rel=\"noreferrer noopener\" aria-label=\"Duo Jost Costa (opens in a new tab)\">Duo<strong> Jost Costa<\/strong><\/a>, umspielt von den assoziativen Bildwelten der Videok\u00fcnstlerin <strong><a href=\"https:\/\/www.katharinawibmer.de\" target=\"_blank\" rel=\"noreferrer noopener\" aria-label=\"Katharina Wibmer (opens in a new tab)\">Katharina Wibmer<\/a><\/strong>, auf die B\u00fchne gezaubert von <strong><a href=\"https:\/\/www.meinhardt-krauss.com\" target=\"_blank\" rel=\"noreferrer noopener\" aria-label=\"Meinhardt &amp; Krauss (opens in a new tab)\">Meinhardt &amp; Krauss<\/a><\/strong>.<\/p>\n\n\n\n<p>\u00bb<strong><em>Meeresgefl\u00fcster<\/em><\/strong>\u00ab ist ein Kinderkonzert, das ins Meer gefallen ist. Zwei Pianisten auf Tauchgang erkunden die Tiefen und Weiten der See. Die Inszenierung wirkt auf mehreren Ebenen: Durch die Musik hindurch folgen wir der unendlichen Bewegung des Meeres. Gro\u00dfformatige Videoprojektionen spielen mit den Musizierenden und erz\u00e4hlen Geschichten, in denen die Bedrohung und Verg\u00e4nglichkeit unserer Umwelt aufscheinen. Das Zusammenspiel beider Ebenen entfaltet eine dynamische, suggestive Kraft, die uns in eine tiefere Deutung der Musik von Debussy eintauchen l\u00e4sst.<\/p>\n\n\n\n<div style=\"height:51px\" aria-hidden=\"true\" class=\"wp-block-spacer\"><\/div>\n\n\n\n<figure class=\"wp-block-embed-youtube aligncenter wp-block-embed is-type-video is-provider-youtube wp-embed-aspect-16-9 wp-has-aspect-ratio\"><div class=\"wp-block-embed__wrapper\">\n<iframe loading=\"lazy\" title=\"Meeresgefl\u00fcster - Children&#039;s Concert with La Mer from Debussy\" width=\"500\" height=\"281\" src=\"https:\/\/www.youtube.com\/embed\/fjuhG8A0JGg?feature=oembed\" frameborder=\"0\" allow=\"accelerometer; autoplay; clipboard-write; encrypted-media; gyroscope; picture-in-picture\" allowfullscreen><\/iframe>\n<\/div><\/figure>\n\n\n\n<div style=\"height:47px\" aria-hidden=\"true\" class=\"wp-block-spacer\"><\/div>\n\n\n\n<h4>Praktische Informationen<\/h4>\n\n\n\n<ul><li>Ein Film-Musik-Theater f\u00fcr Kinder (ab 8 Jahre) und Erwachsene<\/li><li><strong>Video-on-Demand<\/strong> <strong>am 27. und 28. M\u00e4rz 2021<\/strong><\/li><li>Der Film ist jeweils von\u00a0<strong>11-20h00<\/strong> abrufbar. Den Link zum Stream erhalten Sie am Vorstellungstag zeitnah vor dem Start an die angegebene Mailadresse.\u00a0<\/li><li>Weitere Informationen: <strong><em><a href=\"https:\/\/www.fitz-stuttgart.de\/stueck\/meeresgefluester-ein-kindermusiktheater\/\" target=\"_blank\" rel=\"noreferrer noopener\" aria-label=\"www.fitz-stuttgart.de (opens in a new tab)\">www.fitz-stuttgart.de<\/a><\/em><\/strong><\/li><\/ul>\n\n\n\n<div style=\"height:55px\" aria-hidden=\"true\" class=\"wp-block-spacer\"><\/div>\n\n\n\n<p class=\"has-background has-text-align-center has-medium-font-size has-luminous-vivid-amber-background-color\"><strong><a href=\"https:\/\/schaubude.berlin\/de\/inszenierungen\/fellchen-und-bommel-wenn-fremde-freunde-werden\" target=\"_blank\" rel=\"noreferrer noopener\" aria-label=\"Schaubude Berlin (opens in a new tab)\">Schaubude Berlin<\/a><\/strong><br><strong><em>Fellchen und Bommel<\/em><\/strong><\/p>\n\n\n\n<p>Bommel hat sein Zuhause und hat sich gut eingerichtet. Fellchen dagegen hat sein Zuhause verloren. Er ist fremd hier und hat nicht viel mehr als seine Geschichten und anders klingende Worte. Anfangs bringt Fellchen Bommels Alltag ziemlich durcheinander. Daf\u00fcr sorgen Bommels Gewohnheiten bei Fellchen f\u00fcr Verwirrung. Doch eines Tages stellen beide fest, dass ihr Leben durch den anderen reicher geworden ist. Sie werden Freunde und in ihrer Freundschaft finden sie ein gemeinsames Zuhause.<\/p>\n\n\n\n<p><em>Spiel: Alexandra Kaufmann, Eva Kaufmann | Regie: Kaufmann &amp; Co. | K\u00fcnstlerische Mitarbeit: Alberto Garc\u00eda S\u00e1nchez<\/em><\/p>\n\n\n\n<div style=\"height:30px\" aria-hidden=\"true\" class=\"wp-block-spacer\"><\/div>\n\n\n\n<h4>Praktische Informationen<\/h4>\n\n\n\n<ul><li>Live-Stream \/ Clownsspiel in Clownssprache mit Puppen und Objekten<\/li><li><strong>Am 14. und 18. April 2021<\/strong><\/li><li>F\u00fcr Kinder ab 4 Jahren<\/li><li>Dauer:\u00a040 Minuten<\/li><li><em>Die Teilnahme ist am Mi 14.4. f\u00fcr Kitas und Schulen kostenlos. Bitte melden Sie Gruppen bis zum Vortag unter ticket@schaubude.berlin \u00fcber Ihre Einrichtung an.\u00a0<\/em><\/li><li><em>Am Sonntag, 18.4. begr\u00fc\u00dft die Schaubude Berlin Sie vor der Vorstellung in ihrem virtuellen Foyer auf Zoom und l\u00e4dt Sie im Anschluss an den Stream zum Publikumsgespr\u00e4ch mit den K\u00fcnstler*innen ein.\u00a0<\/em><\/li><li>Weitere Informationen: <strong><em><a href=\"https:\/\/www.fitz-stuttgart.de\/stueck\/schaubude-berlin-fellchen-und-bommel\/\" target=\"_blank\" rel=\"noreferrer noopener\" aria-label=\"www.fitz-stuttgart.de (opens in a new tab)\">www.fitz-stuttgart.de<\/a><\/em><\/strong><\/li><\/ul>\n\n\n\n<div style=\"height:100px\" aria-hidden=\"true\" class=\"wp-block-spacer\"><\/div>\n\n\n\n<div class=\"wp-block-button aligncenter\"><a class=\"wp-block-button__link has-text-color has-very-dark-gray-color has-background has-pale-cyan-blue-background-color\" href=\"https:\/\/www.fitz-stuttgart.de\" target=\"_blank\" rel=\"noreferrer noopener\">Zur Website des FITZ! Zentrum f\u00fcr Figurentheater, Stuttgart<\/a><\/div>\n\n\n\n<div style=\"height:100px\" aria-hidden=\"true\" class=\"wp-block-spacer\"><\/div>\n\n\n\n<p class=\"has-small-font-size\">Foto: Katharina Wibmer<\/p>\n\n\n\n<div style=\"height:100px\" aria-hidden=\"true\" class=\"wp-block-spacer\"><\/div>\n","protected":false},"excerpt":{"rendered":"<p>Das FITZ! Zentrum f\u00fcr Figurentheater l\u00e4dt Kinder und ihre Familien zu einem fantastischen Ausflug in zauberhafte Bilderwelten ein. Meeresgefl\u00fcster Duo Jost Costa | Meinhardt &amp; Krauss | Katharina Wibmer Claude Debussys impressionistisches Meisterwerk \u00bbLa Mer\u00ab (Das Meer), f\u00fcr vierh\u00e4ndiges Klavier gesetzt vom Komponisten, interpretiert vom international renommierten Duo Jost Costa, umspielt von den assoziativen Bildwelten [&hellip;]<\/p>\n","protected":false},"author":1,"featured_media":38489,"comment_status":"open","ping_status":"open","sticky":false,"template":"","format":"standard","meta":{"_monsterinsights_skip_tracking":false,"_monsterinsights_sitenote_active":false,"_monsterinsights_sitenote_note":"","_monsterinsights_sitenote_category":0},"categories":[10359],"tags":[10806,10805,10802,3243,10804,10803,10807,2770],"yoast_head":"<!-- This site is optimized with the Yoast SEO plugin v20.5 - https:\/\/yoast.com\/wordpress\/plugins\/seo\/ -->\n<title>&quot;Meeresgefl\u00fcster&quot; von Meinhardt &amp; Krauss im Stuttgarter FITZ! I szenik<\/title>\n<meta name=\"description\" content=\"Das FITZ! Zentrum f\u00fcr Figurentheater l\u00e4dt Kinder und ihre Familien zu einem fantastischen Ausflug in zauberhafte Bilderwelten ein.\" \/>\n<meta name=\"robots\" content=\"index, follow, max-snippet:-1, max-image-preview:large, max-video-preview:-1\" \/>\n<link rel=\"canonical\" href=\"https:\/\/www.szenik.eu\/de\/debussy-clownsspiel-mit-dem-fitz-zentrum-fuer-figurentheater-38488\" \/>\n<meta property=\"og:locale\" content=\"de_DE\" \/>\n<meta property=\"og:type\" content=\"article\" \/>\n<meta property=\"og:title\" content=\"&quot;Meeresgefl\u00fcster&quot; von Meinhardt &amp; Krauss im Stuttgarter FITZ! I szenik\" \/>\n<meta property=\"og:description\" content=\"Das FITZ! Zentrum f\u00fcr Figurentheater l\u00e4dt Kinder und ihre Familien zu einem fantastischen Ausflug in zauberhafte Bilderwelten ein.\" \/>\n<meta property=\"og:url\" content=\"https:\/\/www.szenik.eu\/de\/debussy-clownsspiel-mit-dem-fitz-zentrum-fuer-figurentheater-38488\" \/>\n<meta property=\"og:site_name\" content=\"szenik\" \/>\n<meta property=\"article:publisher\" content=\"https:\/\/www.facebook.com\/szenik.eu\/\" \/>\n<meta property=\"article:published_time\" content=\"2021-03-23T07:44:10+00:00\" \/>\n<meta property=\"article:modified_time\" content=\"2021-03-23T07:44:15+00:00\" \/>\n<meta property=\"og:image\" content=\"https:\/\/www.szenik.eu\/wp-content\/uploads\/2021\/03\/meeresgefluester_KatharinaWibmer-5.jpg\" \/>\n\t<meta property=\"og:image:width\" content=\"1600\" \/>\n\t<meta property=\"og:image:height\" content=\"900\" \/>\n\t<meta property=\"og:image:type\" content=\"image\/jpeg\" \/>\n<meta name=\"author\" content=\"szenik\" \/>\n<meta name=\"twitter:card\" content=\"summary_large_image\" \/>\n<meta name=\"twitter:creator\" content=\"@Szenik\" \/>\n<meta name=\"twitter:site\" content=\"@Szenik\" \/>\n<meta name=\"twitter:label1\" content=\"Verfasst von\" \/>\n\t<meta name=\"twitter:data1\" content=\"szenik\" \/>\n\t<meta name=\"twitter:label2\" content=\"Gesch\u00e4tzte Lesezeit\" \/>\n\t<meta name=\"twitter:data2\" content=\"2\u00a0Minuten\" \/>\n<script type=\"application\/ld+json\" class=\"yoast-schema-graph\">{\"@context\":\"https:\/\/schema.org\",\"@graph\":[{\"@type\":\"Article\",\"@id\":\"https:\/\/www.szenik.eu\/de\/debussy-clownsspiel-mit-dem-fitz-zentrum-fuer-figurentheater-38488#article\",\"isPartOf\":{\"@id\":\"https:\/\/www.szenik.eu\/de\/debussy-clownsspiel-mit-dem-fitz-zentrum-fuer-figurentheater-38488\"},\"author\":{\"name\":\"szenik\",\"@id\":\"https:\/\/www.szenik.eu\/de\/#\/schema\/person\/15f73f175b41bad194837490339d48fb\"},\"headline\":\"Debussy &#038; Clownsspiel mit dem FITZ! Zentrum f\u00fcr Figurentheater\",\"datePublished\":\"2021-03-23T07:44:10+00:00\",\"dateModified\":\"2021-03-23T07:44:15+00:00\",\"mainEntityOfPage\":{\"@id\":\"https:\/\/www.szenik.eu\/de\/debussy-clownsspiel-mit-dem-fitz-zentrum-fuer-figurentheater-38488\"},\"wordCount\":408,\"commentCount\":0,\"publisher\":{\"@id\":\"https:\/\/www.szenik.eu\/de\/#organization\"},\"keywords\":[\"Claude Debussy\",\"Duo Jost Costa\",\"FITZ!\",\"Junges Theater\",\"Katharina Wibmer\",\"Meinhardt &amp; Krauss\",\"Schaubude Berlin\",\"Stuttgart\"],\"articleSection\":[\"TV \/ Streaming\"],\"inLanguage\":\"de\",\"potentialAction\":[{\"@type\":\"CommentAction\",\"name\":\"Comment\",\"target\":[\"https:\/\/www.szenik.eu\/de\/debussy-clownsspiel-mit-dem-fitz-zentrum-fuer-figurentheater-38488#respond\"]}]},{\"@type\":\"WebPage\",\"@id\":\"https:\/\/www.szenik.eu\/de\/debussy-clownsspiel-mit-dem-fitz-zentrum-fuer-figurentheater-38488\",\"url\":\"https:\/\/www.szenik.eu\/de\/debussy-clownsspiel-mit-dem-fitz-zentrum-fuer-figurentheater-38488\",\"name\":\"\\\"Meeresgefl\u00fcster\\\" von Meinhardt & Krauss im Stuttgarter FITZ! I szenik\",\"isPartOf\":{\"@id\":\"https:\/\/www.szenik.eu\/de\/#website\"},\"datePublished\":\"2021-03-23T07:44:10+00:00\",\"dateModified\":\"2021-03-23T07:44:15+00:00\",\"description\":\"Das FITZ! Zentrum f\u00fcr Figurentheater l\u00e4dt Kinder und ihre Familien zu einem fantastischen Ausflug in zauberhafte Bilderwelten ein.\",\"breadcrumb\":{\"@id\":\"https:\/\/www.szenik.eu\/de\/debussy-clownsspiel-mit-dem-fitz-zentrum-fuer-figurentheater-38488#breadcrumb\"},\"inLanguage\":\"de\",\"potentialAction\":[{\"@type\":\"ReadAction\",\"target\":[\"https:\/\/www.szenik.eu\/de\/debussy-clownsspiel-mit-dem-fitz-zentrum-fuer-figurentheater-38488\"]}]},{\"@type\":\"BreadcrumbList\",\"@id\":\"https:\/\/www.szenik.eu\/de\/debussy-clownsspiel-mit-dem-fitz-zentrum-fuer-figurentheater-38488#breadcrumb\",\"itemListElement\":[{\"@type\":\"ListItem\",\"position\":1,\"name\":\"Home\",\"item\":\"https:\/\/www.szenik.eu\/de\"},{\"@type\":\"ListItem\",\"position\":2,\"name\":\"Debussy &#038; Clownsspiel mit dem FITZ! Zentrum f\u00fcr Figurentheater\"}]},{\"@type\":\"WebSite\",\"@id\":\"https:\/\/www.szenik.eu\/de\/#website\",\"url\":\"https:\/\/www.szenik.eu\/de\/\",\"name\":\"szenik\",\"description\":\"Le Meilleur des sc\u00e8nes au coeur de l&#039;Europe\",\"publisher\":{\"@id\":\"https:\/\/www.szenik.eu\/de\/#organization\"},\"potentialAction\":[{\"@type\":\"SearchAction\",\"target\":{\"@type\":\"EntryPoint\",\"urlTemplate\":\"https:\/\/www.szenik.eu\/de\/?s={search_term_string}\"},\"query-input\":\"required name=search_term_string\"}],\"inLanguage\":\"de\"},{\"@type\":\"Organization\",\"@id\":\"https:\/\/www.szenik.eu\/de\/#organization\",\"name\":\"Szenik\",\"url\":\"https:\/\/www.szenik.eu\/de\/\",\"logo\":{\"@type\":\"ImageObject\",\"inLanguage\":\"de\",\"@id\":\"https:\/\/www.szenik.eu\/de\/#\/schema\/logo\/image\/\",\"url\":\"https:\/\/www.szenik.eu\/wp-content\/uploads\/2019\/07\/logo-square.png\",\"contentUrl\":\"https:\/\/www.szenik.eu\/wp-content\/uploads\/2019\/07\/logo-square.png\",\"width\":512,\"height\":512,\"caption\":\"Szenik\"},\"image\":{\"@id\":\"https:\/\/www.szenik.eu\/de\/#\/schema\/logo\/image\/\"},\"sameAs\":[\"https:\/\/www.facebook.com\/szenik.eu\/\",\"https:\/\/twitter.com\/Szenik\",\"https:\/\/www.instagram.com\/szenik_magazine\/\",\"https:\/\/www.youtube.com\/user\/SzenikEU\/\"]},{\"@type\":\"Person\",\"@id\":\"https:\/\/www.szenik.eu\/de\/#\/schema\/person\/15f73f175b41bad194837490339d48fb\",\"name\":\"szenik\",\"image\":{\"@type\":\"ImageObject\",\"inLanguage\":\"de\",\"@id\":\"https:\/\/www.szenik.eu\/de\/#\/schema\/person\/image\/\",\"url\":\"https:\/\/secure.gravatar.com\/avatar\/d1c4f19522a624a4eaa5e6c03e22370b?s=96&d=mm&r=g\",\"contentUrl\":\"https:\/\/secure.gravatar.com\/avatar\/d1c4f19522a624a4eaa5e6c03e22370b?s=96&d=mm&r=g\",\"caption\":\"szenik\"}}]}<\/script>\n<!-- \/ Yoast SEO plugin. -->","yoast_head_json":{"title":"\"Meeresgefl\u00fcster\" von Meinhardt & Krauss im Stuttgarter FITZ! I szenik","description":"Das FITZ! Zentrum f\u00fcr Figurentheater l\u00e4dt Kinder und ihre Familien zu einem fantastischen Ausflug in zauberhafte Bilderwelten ein.","robots":{"index":"index","follow":"follow","max-snippet":"max-snippet:-1","max-image-preview":"max-image-preview:large","max-video-preview":"max-video-preview:-1"},"canonical":"https:\/\/www.szenik.eu\/de\/debussy-clownsspiel-mit-dem-fitz-zentrum-fuer-figurentheater-38488","og_locale":"de_DE","og_type":"article","og_title":"\"Meeresgefl\u00fcster\" von Meinhardt & Krauss im Stuttgarter FITZ! I szenik","og_description":"Das FITZ! Zentrum f\u00fcr Figurentheater l\u00e4dt Kinder und ihre Familien zu einem fantastischen Ausflug in zauberhafte Bilderwelten ein.","og_url":"https:\/\/www.szenik.eu\/de\/debussy-clownsspiel-mit-dem-fitz-zentrum-fuer-figurentheater-38488","og_site_name":"szenik","article_publisher":"https:\/\/www.facebook.com\/szenik.eu\/","article_published_time":"2021-03-23T07:44:10+00:00","article_modified_time":"2021-03-23T07:44:15+00:00","og_image":[{"width":1600,"height":900,"url":"https:\/\/www.szenik.eu\/wp-content\/uploads\/2021\/03\/meeresgefluester_KatharinaWibmer-5.jpg","type":"image\/jpeg"}],"author":"szenik","twitter_card":"summary_large_image","twitter_creator":"@Szenik","twitter_site":"@Szenik","twitter_misc":{"Verfasst von":"szenik","Gesch\u00e4tzte Lesezeit":"2\u00a0Minuten"},"schema":{"@context":"https:\/\/schema.org","@graph":[{"@type":"Article","@id":"https:\/\/www.szenik.eu\/de\/debussy-clownsspiel-mit-dem-fitz-zentrum-fuer-figurentheater-38488#article","isPartOf":{"@id":"https:\/\/www.szenik.eu\/de\/debussy-clownsspiel-mit-dem-fitz-zentrum-fuer-figurentheater-38488"},"author":{"name":"szenik","@id":"https:\/\/www.szenik.eu\/de\/#\/schema\/person\/15f73f175b41bad194837490339d48fb"},"headline":"Debussy &#038; Clownsspiel mit dem FITZ! Zentrum f\u00fcr Figurentheater","datePublished":"2021-03-23T07:44:10+00:00","dateModified":"2021-03-23T07:44:15+00:00","mainEntityOfPage":{"@id":"https:\/\/www.szenik.eu\/de\/debussy-clownsspiel-mit-dem-fitz-zentrum-fuer-figurentheater-38488"},"wordCount":408,"commentCount":0,"publisher":{"@id":"https:\/\/www.szenik.eu\/de\/#organization"},"keywords":["Claude Debussy","Duo Jost Costa","FITZ!","Junges Theater","Katharina Wibmer","Meinhardt &amp; Krauss","Schaubude Berlin","Stuttgart"],"articleSection":["TV \/ Streaming"],"inLanguage":"de","potentialAction":[{"@type":"CommentAction","name":"Comment","target":["https:\/\/www.szenik.eu\/de\/debussy-clownsspiel-mit-dem-fitz-zentrum-fuer-figurentheater-38488#respond"]}]},{"@type":"WebPage","@id":"https:\/\/www.szenik.eu\/de\/debussy-clownsspiel-mit-dem-fitz-zentrum-fuer-figurentheater-38488","url":"https:\/\/www.szenik.eu\/de\/debussy-clownsspiel-mit-dem-fitz-zentrum-fuer-figurentheater-38488","name":"\"Meeresgefl\u00fcster\" von Meinhardt & Krauss im Stuttgarter FITZ! I szenik","isPartOf":{"@id":"https:\/\/www.szenik.eu\/de\/#website"},"datePublished":"2021-03-23T07:44:10+00:00","dateModified":"2021-03-23T07:44:15+00:00","description":"Das FITZ! Zentrum f\u00fcr Figurentheater l\u00e4dt Kinder und ihre Familien zu einem fantastischen Ausflug in zauberhafte Bilderwelten ein.","breadcrumb":{"@id":"https:\/\/www.szenik.eu\/de\/debussy-clownsspiel-mit-dem-fitz-zentrum-fuer-figurentheater-38488#breadcrumb"},"inLanguage":"de","potentialAction":[{"@type":"ReadAction","target":["https:\/\/www.szenik.eu\/de\/debussy-clownsspiel-mit-dem-fitz-zentrum-fuer-figurentheater-38488"]}]},{"@type":"BreadcrumbList","@id":"https:\/\/www.szenik.eu\/de\/debussy-clownsspiel-mit-dem-fitz-zentrum-fuer-figurentheater-38488#breadcrumb","itemListElement":[{"@type":"ListItem","position":1,"name":"Home","item":"https:\/\/www.szenik.eu\/de"},{"@type":"ListItem","position":2,"name":"Debussy &#038; Clownsspiel mit dem FITZ! Zentrum f\u00fcr Figurentheater"}]},{"@type":"WebSite","@id":"https:\/\/www.szenik.eu\/de\/#website","url":"https:\/\/www.szenik.eu\/de\/","name":"szenik","description":"Le Meilleur des sc\u00e8nes au coeur de l&#039;Europe","publisher":{"@id":"https:\/\/www.szenik.eu\/de\/#organization"},"potentialAction":[{"@type":"SearchAction","target":{"@type":"EntryPoint","urlTemplate":"https:\/\/www.szenik.eu\/de\/?s={search_term_string}"},"query-input":"required name=search_term_string"}],"inLanguage":"de"},{"@type":"Organization","@id":"https:\/\/www.szenik.eu\/de\/#organization","name":"Szenik","url":"https:\/\/www.szenik.eu\/de\/","logo":{"@type":"ImageObject","inLanguage":"de","@id":"https:\/\/www.szenik.eu\/de\/#\/schema\/logo\/image\/","url":"https:\/\/www.szenik.eu\/wp-content\/uploads\/2019\/07\/logo-square.png","contentUrl":"https:\/\/www.szenik.eu\/wp-content\/uploads\/2019\/07\/logo-square.png","width":512,"height":512,"caption":"Szenik"},"image":{"@id":"https:\/\/www.szenik.eu\/de\/#\/schema\/logo\/image\/"},"sameAs":["https:\/\/www.facebook.com\/szenik.eu\/","https:\/\/twitter.com\/Szenik","https:\/\/www.instagram.com\/szenik_magazine\/","https:\/\/www.youtube.com\/user\/SzenikEU\/"]},{"@type":"Person","@id":"https:\/\/www.szenik.eu\/de\/#\/schema\/person\/15f73f175b41bad194837490339d48fb","name":"szenik","image":{"@type":"ImageObject","inLanguage":"de","@id":"https:\/\/www.szenik.eu\/de\/#\/schema\/person\/image\/","url":"https:\/\/secure.gravatar.com\/avatar\/d1c4f19522a624a4eaa5e6c03e22370b?s=96&d=mm&r=g","contentUrl":"https:\/\/secure.gravatar.com\/avatar\/d1c4f19522a624a4eaa5e6c03e22370b?s=96&d=mm&r=g","caption":"szenik"}}]}},"jetpack_featured_media_url":"https:\/\/www.szenik.eu\/wp-content\/uploads\/2021\/03\/meeresgefluester_KatharinaWibmer-5.jpg","amp_enabled":true,"_links":{"self":[{"href":"https:\/\/www.szenik.eu\/de\/wp-json\/\/wp\/v2\/posts\/38488"}],"collection":[{"href":"https:\/\/www.szenik.eu\/de\/wp-json\/\/wp\/v2\/posts"}],"about":[{"href":"https:\/\/www.szenik.eu\/de\/wp-json\/\/wp\/v2\/types\/post"}],"author":[{"embeddable":true,"href":"https:\/\/www.szenik.eu\/de\/wp-json\/\/wp\/v2\/users\/1"}],"replies":[{"embeddable":true,"href":"https:\/\/www.szenik.eu\/de\/wp-json\/\/wp\/v2\/comments?post=38488"}],"version-history":[{"count":1,"href":"https:\/\/www.szenik.eu\/de\/wp-json\/\/wp\/v2\/posts\/38488\/revisions"}],"predecessor-version":[{"id":38492,"href":"https:\/\/www.szenik.eu\/de\/wp-json\/\/wp\/v2\/posts\/38488\/revisions\/38492"}],"wp:featuredmedia":[{"embeddable":true,"href":"https:\/\/www.szenik.eu\/de\/wp-json\/\/wp\/v2\/media\/38489"}],"wp:attachment":[{"href":"https:\/\/www.szenik.eu\/de\/wp-json\/\/wp\/v2\/media?parent=38488"}],"wp:term":[{"taxonomy":"category","embeddable":true,"href":"https:\/\/www.szenik.eu\/de\/wp-json\/\/wp\/v2\/categories?post=38488"},{"taxonomy":"post_tag","embeddable":true,"href":"https:\/\/www.szenik.eu\/de\/wp-json\/\/wp\/v2\/tags?post=38488"}],"curies":[{"name":"wp","href":"https:\/\/api.w.org\/{rel}","templated":true}]}}