{"id":38475,"date":"2021-03-22T16:26:07","date_gmt":"2021-03-22T15:26:07","guid":{"rendered":"https:\/\/www.szenik.eu\/?p=38475\/"},"modified":"2021-03-22T16:26:35","modified_gmt":"2021-03-22T15:26:35","slug":"den-tanz-voranbringen-gast-choreograf-sebastian-abarbanell-kreiert-beim-ballett-theater-pforzheim-ein-neues-stueck","status":"publish","type":"post","link":"https:\/\/www.szenik.eu\/de\/den-tanz-voranbringen-gast-choreograf-sebastian-abarbanell-kreiert-beim-ballett-theater-pforzheim-ein-neues-stueck-38475","title":{"rendered":"Den Tanz voranbringen: Gast-Choreograf Sebastian Abarbanell kreiert beim Ballett Theater Pforzheim ein neues St\u00fcck"},"content":{"rendered":"\n<h2>Seit Anfang M\u00e4rz hat Sebastian Abarbanell am Theater Pforzheim seine Zelte aufgeschlagen. Der 26-j\u00e4hrige T\u00e4nzer und Choreograf aus Berlin hat seine Residenz im Ballett Theater Pforzheim angetreten und wird in der Reihe&nbsp;<a rel=\"noreferrer noopener\" aria-label=\" (opens in a new tab)\" href=\"https:\/\/www.theater-pforzheim.de\/spielplan\/ballett\/tanz-pur-6.html\" target=\"_blank\">\u201eTanz Pur\u201c<\/a>&nbsp;ein neues St\u00fcck f\u00fcr das Ensemble kreieren.<\/h2>\n\n\n\n<div style=\"height:100px\" aria-hidden=\"true\" class=\"wp-block-spacer\"><\/div>\n\n\n\n<p><em>Ein Gastbeitrag von Alexandra Karabelas<\/em><\/p>\n\n\n\n<div style=\"height:100px\" aria-hidden=\"true\" class=\"wp-block-spacer\"><\/div>\n\n\n\n<p>Es ist leise im Ballettsaal im Schmuckmuseum. Wo sonst viel Bewegung herrscht, ist nun Platz f\u00fcr Stille. Mit geschlossenen Augen stehen Mei Chen, Stella Covi, Fabienne Deesker, Dario Wilmington, Yannis Brissot und Hyeon-Bae Woo weit voneinander entfernt regungslos im Raum. Sph\u00e4rischer Sound umh\u00fcllt sie. Ebenso die Worte von <strong>Sebastian&nbsp;Abarbanell<\/strong>, der sie mit auf die Reise nimmt zu ihrem inneren K\u00f6rper unter der Grenze der Haut. Abarbanells Aufforderung zum Tanz gleicht einer Expedition in andere Welten. Schaut man zu, schlie\u00dft man unwillk\u00fcrlich selbst die Augen. Tanz kann auch von innen gesehen werden.&nbsp;<\/p>\n\n\n\n<p>Man beginnt gemeinsam mit den T\u00e4nzer*innen zu atmen. Und ist \u00fcberrascht: Nach einer Stunde, die wie im Flug vergangen scheint, haben die T\u00e4nzer*innen zu raumgreifenden flie\u00dfenden Bewegungen gefunden. Wie ein Schwarm V\u00f6gel, die trotz Abstand zueinander ohne Worte miteinander kommunizieren. <em>\u201eF\u00fchlt die anderen im Raum. Wartet nicht aufeinander, aber bewegt euch gemeinsam vorw\u00e4rts<\/em>\u201c, h\u00f6rt man Abarbanells Stimme. Tanz hat viele Ausdrucksweisen. Ihnen Platz zu geben am Theater Pforzheim und das Publikum mit der Vielfalt des Tanzes vertraut zu machen, ist das Ziel des Abends \u201eTanz Pur\u201c. Ballettdirektor <strong>Guido Markowitz<\/strong> hat das Format vor sechs Jahren ins Leben gerufen.<\/p>\n\n\n\n<div style=\"height:52px\" aria-hidden=\"true\" class=\"wp-block-spacer\"><\/div>\n\n\n\n<div class=\"wp-block-image\"><figure class=\"aligncenter size-large\"><img decoding=\"async\" loading=\"lazy\" width=\"1024\" height=\"516\" src=\"https:\/\/www.szenik.eu\/wp-content\/uploads\/2021\/03\/Capture-d\u2019\u00e9cran-2021-03-22-\u00e0-16.04.08-1024x516.png\" alt=\"\" class=\"wp-image-38476\" srcset=\"https:\/\/www.szenik.eu\/wp-content\/uploads\/2021\/03\/Capture-d\u2019\u00e9cran-2021-03-22-\u00e0-16.04.08-1024x516.png 1024w, https:\/\/www.szenik.eu\/wp-content\/uploads\/2021\/03\/Capture-d\u2019\u00e9cran-2021-03-22-\u00e0-16.04.08-300x151.png 300w, https:\/\/www.szenik.eu\/wp-content\/uploads\/2021\/03\/Capture-d\u2019\u00e9cran-2021-03-22-\u00e0-16.04.08-768x387.png 768w, https:\/\/www.szenik.eu\/wp-content\/uploads\/2021\/03\/Capture-d\u2019\u00e9cran-2021-03-22-\u00e0-16.04.08-360x180.png 360w, https:\/\/www.szenik.eu\/wp-content\/uploads\/2021\/03\/Capture-d\u2019\u00e9cran-2021-03-22-\u00e0-16.04.08-750x378.png 750w, https:\/\/www.szenik.eu\/wp-content\/uploads\/2021\/03\/Capture-d\u2019\u00e9cran-2021-03-22-\u00e0-16.04.08-1140x575.png 1140w, https:\/\/www.szenik.eu\/wp-content\/uploads\/2021\/03\/Capture-d\u2019\u00e9cran-2021-03-22-\u00e0-16.04.08.png 1379w\" sizes=\"(max-width: 1024px) 100vw, 1024px\" \/><\/figure><\/div>\n\n\n\n<div style=\"height:53px\" aria-hidden=\"true\" class=\"wp-block-spacer\"><\/div>\n\n\n\n<p>Sebastian&nbsp;Abarbanell&nbsp;war ihm als m\u00f6glicher neuer Gastchoreograf f\u00fcr seine Compagnie gleich aufgefallen. Ebenso seinem Stellvertreter <strong>Damian Gm\u00fcr<\/strong>. Markowitz sa\u00df in der Jury beim Solo-Tanz-Theater-Festival in Stuttgart, wo er im vergangenen Jahr in engem Austausch mit Gm\u00fcr den Residenz-Preis des Theater Pforzheim vergab.&nbsp;Abarbanell&nbsp;hatte mit seinem Solo \u201eHome (what we lost)\u201c das Finale erreicht. Die Auseinandersetzung mit dem eigenen K\u00f6rper als Zuhause und \u00e4u\u00dferen Heimatwelten, die verlassen werden oder verloren gehen k\u00f6nnen, stand im Zentrum seiner Choreografie, die der gro\u00df gewachsene K\u00fcnstler auch selbst getanzt hatte.<\/p>\n\n\n\n<p>Fragt man ihn nach dem Wichtigsten, was er mit seiner Kunst ausdr\u00fccken m\u00f6chte, f\u00e4llt das Wort \u201equeer\u201c. <em>\u201eIch verstehe mich als queer artist, der auf der Suche ist\u201c<\/em>, erz\u00e4hlt&nbsp;Abarbanell, der in Frankfurt geboren und in Berlin aufgewachsen ist. Dort begann er auch mit elf Jahren zu tanzen. <em>\u201eWer bin ich, wenn ich g\u00e4ngige Definitionen von mir in Bezug auf Geschlecht, Sexualit\u00e4t, Emotionen und Rollenerwartungen aus dem Au\u00dfen nicht &nbsp;annehme, sondern f\u00fcr mich in Auseinandersetzung mit dem Au\u00dfen eine Eigenst\u00e4ndigkeit aufbaue? Diese Suche geschieht \u00fcber meinen K\u00f6rper und ich dr\u00fccke sie in Tanz und Choreografie aus.\u201c<\/em><\/p>\n\n\n\n<div style=\"height:48px\" aria-hidden=\"true\" class=\"wp-block-spacer\"><\/div>\n\n\n\n<div class=\"wp-block-image\"><figure class=\"aligncenter size-large\"><img decoding=\"async\" loading=\"lazy\" width=\"1024\" height=\"660\" src=\"https:\/\/www.szenik.eu\/wp-content\/uploads\/2021\/03\/Capture-d\u2019\u00e9cran-2021-03-22-\u00e0-16.04.23-1024x660.png\" alt=\"\" class=\"wp-image-38478\" srcset=\"https:\/\/www.szenik.eu\/wp-content\/uploads\/2021\/03\/Capture-d\u2019\u00e9cran-2021-03-22-\u00e0-16.04.23-1024x660.png 1024w, https:\/\/www.szenik.eu\/wp-content\/uploads\/2021\/03\/Capture-d\u2019\u00e9cran-2021-03-22-\u00e0-16.04.23-300x193.png 300w, https:\/\/www.szenik.eu\/wp-content\/uploads\/2021\/03\/Capture-d\u2019\u00e9cran-2021-03-22-\u00e0-16.04.23-768x495.png 768w, https:\/\/www.szenik.eu\/wp-content\/uploads\/2021\/03\/Capture-d\u2019\u00e9cran-2021-03-22-\u00e0-16.04.23-750x484.png 750w, https:\/\/www.szenik.eu\/wp-content\/uploads\/2021\/03\/Capture-d\u2019\u00e9cran-2021-03-22-\u00e0-16.04.23.png 1078w\" sizes=\"(max-width: 1024px) 100vw, 1024px\" \/><\/figure><\/div>\n\n\n\n<div style=\"height:50px\" aria-hidden=\"true\" class=\"wp-block-spacer\"><\/div>\n\n\n\n<p>F\u00fcr Markowitz und Gm\u00fcr ist dieser Ansatz aktuell: <em>\u201eDiversit\u00e4t ist bei uns immer ein wichtiges Thema, das wir leben. Wir sind von daher sehr an Sebastians choreografischem Ansatz und seiner Handschrift interessiert<\/em>,\u201c so Guido Markowitz.<\/p>\n\n\n\n<p>Das Bekenntnis, seinen individuellen Weg zu entwickeln, sei das St\u00e4rkste, was er w\u00e4hrend seiner Tanzausbildung am ber\u00fchmten Trinity Laban Konservatorium f\u00fcr Musik und Tanz in London gelernt habe. <em>\u201eNie hatte ich dort das Gef\u00fchl, dass ich in eine bestimmte Richtung gezogen werde.\u201c <\/em>Danach zog es ihn f\u00fcr drei Jahre nach New York. Dort tanzte er in Andrea Millers Gallim Dance und Sidra Bell Dance New York und kreierte eigene Soloprojekte. 2018 gewann er den ersten Preis und den Publikumspreis des contact.energy Tanztheater Festival Erfurt. F\u00fcr eine Stadttheater-Compagnie arbeitet der heute 26-J\u00e4hrige das erste Mal. <em>\u201eEs ist sehr aufregend f\u00fcr mich. Die T\u00e4nzer*innen haben mich sofort aufgenommen und geben tolles Feedback.\u201c&nbsp;<\/em><\/p>\n\n\n\n<div style=\"height:49px\" aria-hidden=\"true\" class=\"wp-block-spacer\"><\/div>\n\n\n\n<div class=\"wp-block-image\"><figure class=\"aligncenter size-large\"><img decoding=\"async\" loading=\"lazy\" width=\"1024\" height=\"609\" src=\"https:\/\/www.szenik.eu\/wp-content\/uploads\/2021\/03\/Capture-d\u2019\u00e9cran-2021-03-22-\u00e0-16.05.09-1024x609.png\" alt=\"\" class=\"wp-image-38480\" srcset=\"https:\/\/www.szenik.eu\/wp-content\/uploads\/2021\/03\/Capture-d\u2019\u00e9cran-2021-03-22-\u00e0-16.05.09-1024x609.png 1024w, https:\/\/www.szenik.eu\/wp-content\/uploads\/2021\/03\/Capture-d\u2019\u00e9cran-2021-03-22-\u00e0-16.05.09-300x178.png 300w, https:\/\/www.szenik.eu\/wp-content\/uploads\/2021\/03\/Capture-d\u2019\u00e9cran-2021-03-22-\u00e0-16.05.09-768x457.png 768w, https:\/\/www.szenik.eu\/wp-content\/uploads\/2021\/03\/Capture-d\u2019\u00e9cran-2021-03-22-\u00e0-16.05.09-750x446.png 750w, https:\/\/www.szenik.eu\/wp-content\/uploads\/2021\/03\/Capture-d\u2019\u00e9cran-2021-03-22-\u00e0-16.05.09-1140x678.png 1140w, https:\/\/www.szenik.eu\/wp-content\/uploads\/2021\/03\/Capture-d\u2019\u00e9cran-2021-03-22-\u00e0-16.05.09.png 1169w\" sizes=\"(max-width: 1024px) 100vw, 1024px\" \/><\/figure><\/div>\n\n\n\n<div style=\"height:57px\" aria-hidden=\"true\" class=\"wp-block-spacer\"><\/div>\n\n\n\n<div class=\"wp-block-button aligncenter\"><a class=\"wp-block-button__link has-text-color has-very-dark-gray-color has-background has-luminous-vivid-amber-background-color\" href=\"https:\/\/www.theater-pforzheim.de\" target=\"_blank\" rel=\"noreferrer noopener\">Zur Website des Theater Pforzheim<\/a><\/div>\n\n\n\n<div style=\"height:100px\" aria-hidden=\"true\" class=\"wp-block-spacer\"><\/div>\n\n\n\n<p class=\"has-small-font-size\">Fotos: Thomas Meyer \/ Pforzheimer Zeitung<\/p>\n\n\n\n<div style=\"height:100px\" aria-hidden=\"true\" class=\"wp-block-spacer\"><\/div>\n","protected":false},"excerpt":{"rendered":"<p>Seit Anfang M\u00e4rz hat Sebastian Abarbanell am Theater Pforzheim seine Zelte aufgeschlagen. Der 26-j\u00e4hrige T\u00e4nzer und Choreograf aus Berlin hat seine Residenz im Ballett Theater Pforzheim angetreten und wird in der Reihe&nbsp;\u201eTanz Pur\u201c&nbsp;ein neues St\u00fcck f\u00fcr das Ensemble kreieren. Ein Gastbeitrag von Alexandra Karabelas Es ist leise im Ballettsaal im Schmuckmuseum. Wo sonst viel Bewegung [&hellip;]<\/p>\n","protected":false},"author":1,"featured_media":38482,"comment_status":"open","ping_status":"open","sticky":false,"template":"","format":"standard","meta":{"_monsterinsights_skip_tracking":false,"_monsterinsights_sitenote_active":false,"_monsterinsights_sitenote_note":"","_monsterinsights_sitenote_category":0},"categories":[2815],"tags":[2825,5217,5216,10801,2161,2276],"yoast_head":"<!-- This site is optimized with the Yoast SEO plugin v20.5 - https:\/\/yoast.com\/wordpress\/plugins\/seo\/ -->\n<title>Der Choreograf Sebastian Abarbanell am Theater Pforzheim I szenik<\/title>\n<meta name=\"description\" content=\"Der T\u00e4nzer und Choreograf Sebastian Abarbanell hat seine Residenz am Theater Pforzheim angetreten und wird ein neues St\u00fcck f\u00fcr das Ensemble kreieren.\" \/>\n<meta name=\"robots\" content=\"index, follow, max-snippet:-1, max-image-preview:large, max-video-preview:-1\" \/>\n<link rel=\"canonical\" href=\"https:\/\/www.szenik.eu\/de\/den-tanz-voranbringen-gast-choreograf-sebastian-abarbanell-kreiert-beim-ballett-theater-pforzheim-ein-neues-stueck-38475\" \/>\n<meta property=\"og:locale\" content=\"de_DE\" \/>\n<meta property=\"og:type\" content=\"article\" \/>\n<meta property=\"og:title\" content=\"Der Choreograf Sebastian Abarbanell am Theater Pforzheim I szenik\" \/>\n<meta property=\"og:description\" content=\"Der T\u00e4nzer und Choreograf Sebastian Abarbanell hat seine Residenz am Theater Pforzheim angetreten und wird ein neues St\u00fcck f\u00fcr das Ensemble kreieren.\" \/>\n<meta property=\"og:url\" content=\"https:\/\/www.szenik.eu\/de\/den-tanz-voranbringen-gast-choreograf-sebastian-abarbanell-kreiert-beim-ballett-theater-pforzheim-ein-neues-stueck-38475\" \/>\n<meta property=\"og:site_name\" content=\"szenik\" \/>\n<meta property=\"article:publisher\" content=\"https:\/\/www.facebook.com\/szenik.eu\/\" \/>\n<meta property=\"article:published_time\" content=\"2021-03-22T15:26:07+00:00\" \/>\n<meta property=\"article:modified_time\" content=\"2021-03-22T15:26:35+00:00\" \/>\n<meta property=\"og:image\" content=\"https:\/\/www.szenik.eu\/wp-content\/uploads\/2021\/03\/Capture-d\u2019\u00e9cran-2021-03-22-\u00e0-16.04.40.png\" \/>\n\t<meta property=\"og:image:width\" content=\"1211\" \/>\n\t<meta property=\"og:image:height\" content=\"693\" \/>\n\t<meta property=\"og:image:type\" content=\"image\/png\" \/>\n<meta name=\"author\" content=\"szenik\" \/>\n<meta name=\"twitter:card\" content=\"summary_large_image\" \/>\n<meta name=\"twitter:creator\" content=\"@Szenik\" \/>\n<meta name=\"twitter:site\" content=\"@Szenik\" \/>\n<meta name=\"twitter:label1\" content=\"Verfasst von\" \/>\n\t<meta name=\"twitter:data1\" content=\"szenik\" \/>\n\t<meta name=\"twitter:label2\" content=\"Gesch\u00e4tzte Lesezeit\" \/>\n\t<meta name=\"twitter:data2\" content=\"3\u00a0Minuten\" \/>\n<script type=\"application\/ld+json\" class=\"yoast-schema-graph\">{\"@context\":\"https:\/\/schema.org\",\"@graph\":[{\"@type\":\"Article\",\"@id\":\"https:\/\/www.szenik.eu\/de\/den-tanz-voranbringen-gast-choreograf-sebastian-abarbanell-kreiert-beim-ballett-theater-pforzheim-ein-neues-stueck-38475#article\",\"isPartOf\":{\"@id\":\"https:\/\/www.szenik.eu\/de\/den-tanz-voranbringen-gast-choreograf-sebastian-abarbanell-kreiert-beim-ballett-theater-pforzheim-ein-neues-stueck-38475\"},\"author\":{\"name\":\"szenik\",\"@id\":\"https:\/\/www.szenik.eu\/de\/#\/schema\/person\/15f73f175b41bad194837490339d48fb\"},\"headline\":\"Den Tanz voranbringen: Gast-Choreograf Sebastian Abarbanell kreiert beim Ballett Theater Pforzheim ein neues St\u00fcck\",\"datePublished\":\"2021-03-22T15:26:07+00:00\",\"dateModified\":\"2021-03-22T15:26:35+00:00\",\"mainEntityOfPage\":{\"@id\":\"https:\/\/www.szenik.eu\/de\/den-tanz-voranbringen-gast-choreograf-sebastian-abarbanell-kreiert-beim-ballett-theater-pforzheim-ein-neues-stueck-38475\"},\"wordCount\":654,\"commentCount\":0,\"publisher\":{\"@id\":\"https:\/\/www.szenik.eu\/de\/#organization\"},\"keywords\":[\"Damian Gm\u00fcr\",\"Guido Markowitz\",\"Pforzheim\",\"Sebastian Abarbanell\",\"Tanz\",\"Theater Pforzheim\"],\"articleSection\":[\"Kurz &amp; knackig\"],\"inLanguage\":\"de\",\"potentialAction\":[{\"@type\":\"CommentAction\",\"name\":\"Comment\",\"target\":[\"https:\/\/www.szenik.eu\/de\/den-tanz-voranbringen-gast-choreograf-sebastian-abarbanell-kreiert-beim-ballett-theater-pforzheim-ein-neues-stueck-38475#respond\"]}]},{\"@type\":\"WebPage\",\"@id\":\"https:\/\/www.szenik.eu\/de\/den-tanz-voranbringen-gast-choreograf-sebastian-abarbanell-kreiert-beim-ballett-theater-pforzheim-ein-neues-stueck-38475\",\"url\":\"https:\/\/www.szenik.eu\/de\/den-tanz-voranbringen-gast-choreograf-sebastian-abarbanell-kreiert-beim-ballett-theater-pforzheim-ein-neues-stueck-38475\",\"name\":\"Der Choreograf Sebastian Abarbanell am Theater Pforzheim I szenik\",\"isPartOf\":{\"@id\":\"https:\/\/www.szenik.eu\/de\/#website\"},\"datePublished\":\"2021-03-22T15:26:07+00:00\",\"dateModified\":\"2021-03-22T15:26:35+00:00\",\"description\":\"Der T\u00e4nzer und Choreograf Sebastian Abarbanell hat seine Residenz am Theater Pforzheim angetreten und wird ein neues St\u00fcck f\u00fcr das Ensemble kreieren.\",\"breadcrumb\":{\"@id\":\"https:\/\/www.szenik.eu\/de\/den-tanz-voranbringen-gast-choreograf-sebastian-abarbanell-kreiert-beim-ballett-theater-pforzheim-ein-neues-stueck-38475#breadcrumb\"},\"inLanguage\":\"de\",\"potentialAction\":[{\"@type\":\"ReadAction\",\"target\":[\"https:\/\/www.szenik.eu\/de\/den-tanz-voranbringen-gast-choreograf-sebastian-abarbanell-kreiert-beim-ballett-theater-pforzheim-ein-neues-stueck-38475\"]}]},{\"@type\":\"BreadcrumbList\",\"@id\":\"https:\/\/www.szenik.eu\/de\/den-tanz-voranbringen-gast-choreograf-sebastian-abarbanell-kreiert-beim-ballett-theater-pforzheim-ein-neues-stueck-38475#breadcrumb\",\"itemListElement\":[{\"@type\":\"ListItem\",\"position\":1,\"name\":\"Home\",\"item\":\"https:\/\/www.szenik.eu\/de\"},{\"@type\":\"ListItem\",\"position\":2,\"name\":\"Den Tanz voranbringen: Gast-Choreograf Sebastian Abarbanell kreiert beim Ballett Theater Pforzheim ein neues St\u00fcck\"}]},{\"@type\":\"WebSite\",\"@id\":\"https:\/\/www.szenik.eu\/de\/#website\",\"url\":\"https:\/\/www.szenik.eu\/de\/\",\"name\":\"szenik\",\"description\":\"Le Meilleur des sc\u00e8nes au coeur de l&#039;Europe\",\"publisher\":{\"@id\":\"https:\/\/www.szenik.eu\/de\/#organization\"},\"potentialAction\":[{\"@type\":\"SearchAction\",\"target\":{\"@type\":\"EntryPoint\",\"urlTemplate\":\"https:\/\/www.szenik.eu\/de\/?s={search_term_string}\"},\"query-input\":\"required name=search_term_string\"}],\"inLanguage\":\"de\"},{\"@type\":\"Organization\",\"@id\":\"https:\/\/www.szenik.eu\/de\/#organization\",\"name\":\"Szenik\",\"url\":\"https:\/\/www.szenik.eu\/de\/\",\"logo\":{\"@type\":\"ImageObject\",\"inLanguage\":\"de\",\"@id\":\"https:\/\/www.szenik.eu\/de\/#\/schema\/logo\/image\/\",\"url\":\"https:\/\/www.szenik.eu\/wp-content\/uploads\/2019\/07\/logo-square.png\",\"contentUrl\":\"https:\/\/www.szenik.eu\/wp-content\/uploads\/2019\/07\/logo-square.png\",\"width\":512,\"height\":512,\"caption\":\"Szenik\"},\"image\":{\"@id\":\"https:\/\/www.szenik.eu\/de\/#\/schema\/logo\/image\/\"},\"sameAs\":[\"https:\/\/www.facebook.com\/szenik.eu\/\",\"https:\/\/twitter.com\/Szenik\",\"https:\/\/www.instagram.com\/szenik_magazine\/\",\"https:\/\/www.youtube.com\/user\/SzenikEU\/\"]},{\"@type\":\"Person\",\"@id\":\"https:\/\/www.szenik.eu\/de\/#\/schema\/person\/15f73f175b41bad194837490339d48fb\",\"name\":\"szenik\",\"image\":{\"@type\":\"ImageObject\",\"inLanguage\":\"de\",\"@id\":\"https:\/\/www.szenik.eu\/de\/#\/schema\/person\/image\/\",\"url\":\"https:\/\/secure.gravatar.com\/avatar\/d1c4f19522a624a4eaa5e6c03e22370b?s=96&d=mm&r=g\",\"contentUrl\":\"https:\/\/secure.gravatar.com\/avatar\/d1c4f19522a624a4eaa5e6c03e22370b?s=96&d=mm&r=g\",\"caption\":\"szenik\"}}]}<\/script>\n<!-- \/ Yoast SEO plugin. -->","yoast_head_json":{"title":"Der Choreograf Sebastian Abarbanell am Theater Pforzheim I szenik","description":"Der T\u00e4nzer und Choreograf Sebastian Abarbanell hat seine Residenz am Theater Pforzheim angetreten und wird ein neues St\u00fcck f\u00fcr das Ensemble kreieren.","robots":{"index":"index","follow":"follow","max-snippet":"max-snippet:-1","max-image-preview":"max-image-preview:large","max-video-preview":"max-video-preview:-1"},"canonical":"https:\/\/www.szenik.eu\/de\/den-tanz-voranbringen-gast-choreograf-sebastian-abarbanell-kreiert-beim-ballett-theater-pforzheim-ein-neues-stueck-38475","og_locale":"de_DE","og_type":"article","og_title":"Der Choreograf Sebastian Abarbanell am Theater Pforzheim I szenik","og_description":"Der T\u00e4nzer und Choreograf Sebastian Abarbanell hat seine Residenz am Theater Pforzheim angetreten und wird ein neues St\u00fcck f\u00fcr das Ensemble kreieren.","og_url":"https:\/\/www.szenik.eu\/de\/den-tanz-voranbringen-gast-choreograf-sebastian-abarbanell-kreiert-beim-ballett-theater-pforzheim-ein-neues-stueck-38475","og_site_name":"szenik","article_publisher":"https:\/\/www.facebook.com\/szenik.eu\/","article_published_time":"2021-03-22T15:26:07+00:00","article_modified_time":"2021-03-22T15:26:35+00:00","og_image":[{"width":1211,"height":693,"url":"https:\/\/www.szenik.eu\/wp-content\/uploads\/2021\/03\/Capture-d\u2019\u00e9cran-2021-03-22-\u00e0-16.04.40.png","type":"image\/png"}],"author":"szenik","twitter_card":"summary_large_image","twitter_creator":"@Szenik","twitter_site":"@Szenik","twitter_misc":{"Verfasst von":"szenik","Gesch\u00e4tzte Lesezeit":"3\u00a0Minuten"},"schema":{"@context":"https:\/\/schema.org","@graph":[{"@type":"Article","@id":"https:\/\/www.szenik.eu\/de\/den-tanz-voranbringen-gast-choreograf-sebastian-abarbanell-kreiert-beim-ballett-theater-pforzheim-ein-neues-stueck-38475#article","isPartOf":{"@id":"https:\/\/www.szenik.eu\/de\/den-tanz-voranbringen-gast-choreograf-sebastian-abarbanell-kreiert-beim-ballett-theater-pforzheim-ein-neues-stueck-38475"},"author":{"name":"szenik","@id":"https:\/\/www.szenik.eu\/de\/#\/schema\/person\/15f73f175b41bad194837490339d48fb"},"headline":"Den Tanz voranbringen: Gast-Choreograf Sebastian Abarbanell kreiert beim Ballett Theater Pforzheim ein neues St\u00fcck","datePublished":"2021-03-22T15:26:07+00:00","dateModified":"2021-03-22T15:26:35+00:00","mainEntityOfPage":{"@id":"https:\/\/www.szenik.eu\/de\/den-tanz-voranbringen-gast-choreograf-sebastian-abarbanell-kreiert-beim-ballett-theater-pforzheim-ein-neues-stueck-38475"},"wordCount":654,"commentCount":0,"publisher":{"@id":"https:\/\/www.szenik.eu\/de\/#organization"},"keywords":["Damian Gm\u00fcr","Guido Markowitz","Pforzheim","Sebastian Abarbanell","Tanz","Theater Pforzheim"],"articleSection":["Kurz &amp; knackig"],"inLanguage":"de","potentialAction":[{"@type":"CommentAction","name":"Comment","target":["https:\/\/www.szenik.eu\/de\/den-tanz-voranbringen-gast-choreograf-sebastian-abarbanell-kreiert-beim-ballett-theater-pforzheim-ein-neues-stueck-38475#respond"]}]},{"@type":"WebPage","@id":"https:\/\/www.szenik.eu\/de\/den-tanz-voranbringen-gast-choreograf-sebastian-abarbanell-kreiert-beim-ballett-theater-pforzheim-ein-neues-stueck-38475","url":"https:\/\/www.szenik.eu\/de\/den-tanz-voranbringen-gast-choreograf-sebastian-abarbanell-kreiert-beim-ballett-theater-pforzheim-ein-neues-stueck-38475","name":"Der Choreograf Sebastian Abarbanell am Theater Pforzheim I szenik","isPartOf":{"@id":"https:\/\/www.szenik.eu\/de\/#website"},"datePublished":"2021-03-22T15:26:07+00:00","dateModified":"2021-03-22T15:26:35+00:00","description":"Der T\u00e4nzer und Choreograf Sebastian Abarbanell hat seine Residenz am Theater Pforzheim angetreten und wird ein neues St\u00fcck f\u00fcr das Ensemble kreieren.","breadcrumb":{"@id":"https:\/\/www.szenik.eu\/de\/den-tanz-voranbringen-gast-choreograf-sebastian-abarbanell-kreiert-beim-ballett-theater-pforzheim-ein-neues-stueck-38475#breadcrumb"},"inLanguage":"de","potentialAction":[{"@type":"ReadAction","target":["https:\/\/www.szenik.eu\/de\/den-tanz-voranbringen-gast-choreograf-sebastian-abarbanell-kreiert-beim-ballett-theater-pforzheim-ein-neues-stueck-38475"]}]},{"@type":"BreadcrumbList","@id":"https:\/\/www.szenik.eu\/de\/den-tanz-voranbringen-gast-choreograf-sebastian-abarbanell-kreiert-beim-ballett-theater-pforzheim-ein-neues-stueck-38475#breadcrumb","itemListElement":[{"@type":"ListItem","position":1,"name":"Home","item":"https:\/\/www.szenik.eu\/de"},{"@type":"ListItem","position":2,"name":"Den Tanz voranbringen: Gast-Choreograf Sebastian Abarbanell kreiert beim Ballett Theater Pforzheim ein neues St\u00fcck"}]},{"@type":"WebSite","@id":"https:\/\/www.szenik.eu\/de\/#website","url":"https:\/\/www.szenik.eu\/de\/","name":"szenik","description":"Le Meilleur des sc\u00e8nes au coeur de l&#039;Europe","publisher":{"@id":"https:\/\/www.szenik.eu\/de\/#organization"},"potentialAction":[{"@type":"SearchAction","target":{"@type":"EntryPoint","urlTemplate":"https:\/\/www.szenik.eu\/de\/?s={search_term_string}"},"query-input":"required name=search_term_string"}],"inLanguage":"de"},{"@type":"Organization","@id":"https:\/\/www.szenik.eu\/de\/#organization","name":"Szenik","url":"https:\/\/www.szenik.eu\/de\/","logo":{"@type":"ImageObject","inLanguage":"de","@id":"https:\/\/www.szenik.eu\/de\/#\/schema\/logo\/image\/","url":"https:\/\/www.szenik.eu\/wp-content\/uploads\/2019\/07\/logo-square.png","contentUrl":"https:\/\/www.szenik.eu\/wp-content\/uploads\/2019\/07\/logo-square.png","width":512,"height":512,"caption":"Szenik"},"image":{"@id":"https:\/\/www.szenik.eu\/de\/#\/schema\/logo\/image\/"},"sameAs":["https:\/\/www.facebook.com\/szenik.eu\/","https:\/\/twitter.com\/Szenik","https:\/\/www.instagram.com\/szenik_magazine\/","https:\/\/www.youtube.com\/user\/SzenikEU\/"]},{"@type":"Person","@id":"https:\/\/www.szenik.eu\/de\/#\/schema\/person\/15f73f175b41bad194837490339d48fb","name":"szenik","image":{"@type":"ImageObject","inLanguage":"de","@id":"https:\/\/www.szenik.eu\/de\/#\/schema\/person\/image\/","url":"https:\/\/secure.gravatar.com\/avatar\/d1c4f19522a624a4eaa5e6c03e22370b?s=96&d=mm&r=g","contentUrl":"https:\/\/secure.gravatar.com\/avatar\/d1c4f19522a624a4eaa5e6c03e22370b?s=96&d=mm&r=g","caption":"szenik"}}]}},"jetpack_featured_media_url":"https:\/\/www.szenik.eu\/wp-content\/uploads\/2021\/03\/Capture-d\u2019\u00e9cran-2021-03-22-\u00e0-16.04.40.png","amp_enabled":true,"_links":{"self":[{"href":"https:\/\/www.szenik.eu\/de\/wp-json\/\/wp\/v2\/posts\/38475"}],"collection":[{"href":"https:\/\/www.szenik.eu\/de\/wp-json\/\/wp\/v2\/posts"}],"about":[{"href":"https:\/\/www.szenik.eu\/de\/wp-json\/\/wp\/v2\/types\/post"}],"author":[{"embeddable":true,"href":"https:\/\/www.szenik.eu\/de\/wp-json\/\/wp\/v2\/users\/1"}],"replies":[{"embeddable":true,"href":"https:\/\/www.szenik.eu\/de\/wp-json\/\/wp\/v2\/comments?post=38475"}],"version-history":[{"count":2,"href":"https:\/\/www.szenik.eu\/de\/wp-json\/\/wp\/v2\/posts\/38475\/revisions"}],"predecessor-version":[{"id":38485,"href":"https:\/\/www.szenik.eu\/de\/wp-json\/\/wp\/v2\/posts\/38475\/revisions\/38485"}],"wp:featuredmedia":[{"embeddable":true,"href":"https:\/\/www.szenik.eu\/de\/wp-json\/\/wp\/v2\/media\/38482"}],"wp:attachment":[{"href":"https:\/\/www.szenik.eu\/de\/wp-json\/\/wp\/v2\/media?parent=38475"}],"wp:term":[{"taxonomy":"category","embeddable":true,"href":"https:\/\/www.szenik.eu\/de\/wp-json\/\/wp\/v2\/categories?post=38475"},{"taxonomy":"post_tag","embeddable":true,"href":"https:\/\/www.szenik.eu\/de\/wp-json\/\/wp\/v2\/tags?post=38475"}],"curies":[{"name":"wp","href":"https:\/\/api.w.org\/{rel}","templated":true}]}}