{"id":38329,"date":"2021-03-15T17:54:19","date_gmt":"2021-03-15T16:54:19","guid":{"rendered":"https:\/\/www.szenik.eu\/?p=38329\/"},"modified":"2021-03-15T17:54:24","modified_gmt":"2021-03-15T16:54:24","slug":"livestream-ou-cours-tu-comme-ca-von-kathleen-fortin-am-24-maerz-auf-der-website-des-carreau-forbach","status":"publish","type":"post","link":"https:\/\/www.szenik.eu\/de\/livestream-ou-cours-tu-comme-ca-von-kathleen-fortin-am-24-maerz-auf-der-website-des-carreau-forbach-38329","title":{"rendered":"Livestream: &#8222;O\u00f9 cours-tu comme \u00e7a?&#8220; von Kathleen Fortin, am 24. M\u00e4rz auf der Website des Carreau, Forbach"},"content":{"rendered":"\n<h2>Das St\u00fcck von Kathleen Fortin verbindet Theater, Musik und Zeichnungen und verspricht, so zu sein, wie sie selbst ist: sensibel, kraftvoll und kreativ.<\/h2>\n\n\n\n<div style=\"height:100px\" aria-hidden=\"true\" class=\"wp-block-spacer\"><\/div>\n\n\n\n<div style=\"height:100px\" aria-hidden=\"true\" class=\"wp-block-spacer\"><\/div>\n\n\n\n<p>Ein betagter L\u00e4ufer erz\u00e4hlt auf der B\u00fchne von seinem Rennen. Er wei\u00df, dass seine Laufbahn zu Ende geht, dass er den Stab weitergeben muss. Das ist der Moment der R\u00fcckschau auf den gelaufenen Weg. <\/p>\n\n\n\n<p>In einem st\u00e4ndig wechselnden B\u00fchnenbild aus Papier und Metall tauchen die wie in einem riesigen Daumenkino beweglichen Figuren auf Zeichenrollen auf. Sie wickeln sich auf die Spule und verschwinden wie Erinnerungen, die einander langsam aber unwiederbringlich folgen. <\/p>\n\n\n\n<p><strong>Yuko Oshima<\/strong> bestimmt am Schlagzeug den Pulsschlag, der den Laufschritt und den Herzschlag rhythmisiert.<\/p>\n\n\n\n<div style=\"height:50px\" aria-hidden=\"true\" class=\"wp-block-spacer\"><\/div>\n\n\n\n<blockquote class=\"wp-block-quote\"><p><em>\u201eMit dem Laufen habe ich angefangen, weil ich Lust hatte, zuzuschlagen. Als Jugendliche musste ich meinen Raum vergr\u00f6\u00dfern. (\u2026) Und man hat zu mir gesagt: Geh laufen, komm erst wieder, wenn du ansprechbar bist!\u201c<\/em><\/p><cite>Kathleen Fortin<\/cite><\/blockquote>\n\n\n\n<div style=\"height:44px\" aria-hidden=\"true\" class=\"wp-block-spacer\"><\/div>\n\n\n\n<p class=\"has-background has-text-align-center has-medium-font-size has-luminous-vivid-amber-background-color\"><strong>Besetzung<\/strong><\/p>\n\n\n\n<div style=\"height:20px\" aria-hidden=\"true\" class=\"wp-block-spacer\"><\/div>\n\n\n\n<p>Text und Regie :\u00a0<strong>Kathleen Fortin<\/strong><br>Schauspiel :\u00a0<strong>Philippe Cousin<\/strong><br>Musik :\u00a0<strong>Yuko Oshima<\/strong><br>Lichtgestaltung und Inspizienz :\u00a0<strong>R\u00e9gis Reinhardt<\/strong><br>Stimmgabel :\u00a0<strong>Jeanne Barbieri<\/strong><br>B\u00fchnenbild :\u00a0<strong>Thomas Bischoff<\/strong><br>Zeichnen :\u00a0<strong>Pierre Biebuyck<\/strong><br>Kost\u00fcme :\u00a0<strong>Florie Bel<\/strong><br>Produktion und Touring :\u00a0<strong>Catherine Guthertz<\/strong><\/p>\n\n\n\n<div style=\"height:100px\" aria-hidden=\"true\" class=\"wp-block-spacer\"><\/div>\n\n\n\n<p class=\"has-background has-text-align-center has-medium-font-size has-luminous-vivid-amber-background-color\"><strong>Praktische Informationen<\/strong><\/p>\n\n\n\n<div style=\"height:20px\" aria-hidden=\"true\" class=\"wp-block-spacer\"><\/div>\n\n\n\n<ul><li>Auf Franz\u00f6sisch<\/li><li>Dauer : 50 min<\/li><li>Ab 10 Jahren<\/li><li>Der Link wird in K\u00fcrze auf der Website des Theaters zur Verf\u00fcgung gestellt werden.<\/li><li><em><strong>Um am Ende der\u00a0Live-Auff\u00fchrung<\/strong>\u00a0<strong>Ihre Fragen w\u00e4hrend des Interviews an der\u00a0Regisseurin\u00a0stellen zu k\u00f6nnen, m\u00fcssen Sie ein gmail-Konto haben. Ansonsten z\u00f6gern Sie nicht, Ihre Fragen bis zum 24. M\u00e4rz live auf dem\u00a0<a rel=\"noreferrer noopener\" href=\"https:\/\/www.facebook.com\/LeCarreauScenenationale\" target=\"_blank\">Facebook-Account von Le Carreau \u2013 Sc\u00e8ne nationale\u00a0<\/a>oder per E-Mail an\u00a0<a href=\"mailto:communication@carreau-forbach.com\">communication@carreau-forbach.com<\/a> zu stellen.<\/strong><\/em><\/li><\/ul>\n\n\n\n<div style=\"height:100px\" aria-hidden=\"true\" class=\"wp-block-spacer\"><\/div>\n\n\n\n<div class=\"wp-block-button aligncenter\"><a class=\"wp-block-button__link has-text-color has-very-dark-gray-color has-background has-luminous-vivid-amber-background-color\" href=\"https:\/\/carreau-forbach.com\/de\/spielplan\/ou-cours-tu-comme-ca\/\" target=\"_blank\" rel=\"noreferrer noopener\">Weitere Informationen auf der Website des <br>Carreau, Sc\u00e8ne nationale de Forbach et de l&#8217;Est mosellan<\/a><\/div>\n\n\n\n<div style=\"height:100px\" aria-hidden=\"true\" class=\"wp-block-spacer\"><\/div>\n\n\n\n<p class=\"has-small-font-size\">Foto: Lisa Fritsch<\/p>\n\n\n\n<div style=\"height:100px\" aria-hidden=\"true\" class=\"wp-block-spacer\"><\/div>\n","protected":false},"excerpt":{"rendered":"<p>Das St\u00fcck von Kathleen Fortin verbindet Theater, Musik und Zeichnungen und verspricht, so zu sein, wie sie selbst ist: sensibel, kraftvoll und kreativ. Ein betagter L\u00e4ufer erz\u00e4hlt auf der B\u00fchne von seinem Rennen. Er wei\u00df, dass seine Laufbahn zu Ende geht, dass er den Stab weitergeben muss. Das ist der Moment der R\u00fcckschau auf den [&hellip;]<\/p>\n","protected":false},"author":1,"featured_media":38330,"comment_status":"open","ping_status":"open","sticky":false,"template":"","format":"standard","meta":{"_monsterinsights_skip_tracking":false,"_monsterinsights_sitenote_active":false,"_monsterinsights_sitenote_note":"","_monsterinsights_sitenote_category":0},"categories":[10359],"tags":[2686,10784,2685],"yoast_head":"<!-- This site is optimized with the Yoast SEO plugin v20.5 - https:\/\/yoast.com\/wordpress\/plugins\/seo\/ -->\n<title>Livestream &quot;O\u00f9 cours-tu comme \u00e7a?&quot; von Kathleen Fortin I szenik<\/title>\n<meta name=\"description\" content=\"Das St\u00fcck von Kathleen Fortin verbindet Theater, Musik und Zeichnungen und verspricht, so zu sein, wie sie selbst ist: sensibel, kraftvoll und kreativ.\" \/>\n<meta name=\"robots\" content=\"index, follow, max-snippet:-1, max-image-preview:large, max-video-preview:-1\" \/>\n<link rel=\"canonical\" href=\"https:\/\/www.szenik.eu\/de\/livestream-ou-cours-tu-comme-ca-von-kathleen-fortin-am-24-maerz-auf-der-website-des-carreau-forbach-38329\" \/>\n<meta property=\"og:locale\" content=\"de_DE\" \/>\n<meta property=\"og:type\" content=\"article\" \/>\n<meta property=\"og:title\" content=\"Livestream &quot;O\u00f9 cours-tu comme \u00e7a?&quot; von Kathleen Fortin I szenik\" \/>\n<meta property=\"og:description\" content=\"Das St\u00fcck von Kathleen Fortin verbindet Theater, Musik und Zeichnungen und verspricht, so zu sein, wie sie selbst ist: sensibel, kraftvoll und kreativ.\" \/>\n<meta property=\"og:url\" content=\"https:\/\/www.szenik.eu\/de\/livestream-ou-cours-tu-comme-ca-von-kathleen-fortin-am-24-maerz-auf-der-website-des-carreau-forbach-38329\" \/>\n<meta property=\"og:site_name\" content=\"szenik\" \/>\n<meta property=\"article:publisher\" content=\"https:\/\/www.facebook.com\/szenik.eu\/\" \/>\n<meta property=\"article:published_time\" content=\"2021-03-15T16:54:19+00:00\" \/>\n<meta property=\"article:modified_time\" content=\"2021-03-15T16:54:24+00:00\" \/>\n<meta property=\"og:image\" content=\"https:\/\/www.szenik.eu\/wp-content\/uploads\/2021\/03\/Capture-d\u2019\u00e9cran-2021-03-15-\u00e0-17.50.22.png\" \/>\n\t<meta property=\"og:image:width\" content=\"1086\" \/>\n\t<meta property=\"og:image:height\" content=\"699\" \/>\n\t<meta property=\"og:image:type\" content=\"image\/png\" \/>\n<meta name=\"author\" content=\"szenik\" \/>\n<meta name=\"twitter:card\" content=\"summary_large_image\" \/>\n<meta name=\"twitter:creator\" content=\"@Szenik\" \/>\n<meta name=\"twitter:site\" content=\"@Szenik\" \/>\n<meta name=\"twitter:label1\" content=\"Verfasst von\" \/>\n\t<meta name=\"twitter:data1\" content=\"szenik\" \/>\n\t<meta name=\"twitter:label2\" content=\"Gesch\u00e4tzte Lesezeit\" \/>\n\t<meta name=\"twitter:data2\" content=\"1\u00a0Minute\" \/>\n<script type=\"application\/ld+json\" class=\"yoast-schema-graph\">{\"@context\":\"https:\/\/schema.org\",\"@graph\":[{\"@type\":\"Article\",\"@id\":\"https:\/\/www.szenik.eu\/de\/livestream-ou-cours-tu-comme-ca-von-kathleen-fortin-am-24-maerz-auf-der-website-des-carreau-forbach-38329#article\",\"isPartOf\":{\"@id\":\"https:\/\/www.szenik.eu\/de\/livestream-ou-cours-tu-comme-ca-von-kathleen-fortin-am-24-maerz-auf-der-website-des-carreau-forbach-38329\"},\"author\":{\"name\":\"szenik\",\"@id\":\"https:\/\/www.szenik.eu\/de\/#\/schema\/person\/15f73f175b41bad194837490339d48fb\"},\"headline\":\"Livestream: &#8222;O\u00f9 cours-tu comme \u00e7a?&#8220; von Kathleen Fortin, am 24. M\u00e4rz auf der Website des Carreau, Forbach\",\"datePublished\":\"2021-03-15T16:54:19+00:00\",\"dateModified\":\"2021-03-15T16:54:24+00:00\",\"mainEntityOfPage\":{\"@id\":\"https:\/\/www.szenik.eu\/de\/livestream-ou-cours-tu-comme-ca-von-kathleen-fortin-am-24-maerz-auf-der-website-des-carreau-forbach-38329\"},\"wordCount\":304,\"commentCount\":0,\"publisher\":{\"@id\":\"https:\/\/www.szenik.eu\/de\/#organization\"},\"keywords\":[\"forbach\",\"Kathleen Fortin\",\"le carreau\"],\"articleSection\":[\"TV \/ Streaming\"],\"inLanguage\":\"de\",\"potentialAction\":[{\"@type\":\"CommentAction\",\"name\":\"Comment\",\"target\":[\"https:\/\/www.szenik.eu\/de\/livestream-ou-cours-tu-comme-ca-von-kathleen-fortin-am-24-maerz-auf-der-website-des-carreau-forbach-38329#respond\"]}]},{\"@type\":\"WebPage\",\"@id\":\"https:\/\/www.szenik.eu\/de\/livestream-ou-cours-tu-comme-ca-von-kathleen-fortin-am-24-maerz-auf-der-website-des-carreau-forbach-38329\",\"url\":\"https:\/\/www.szenik.eu\/de\/livestream-ou-cours-tu-comme-ca-von-kathleen-fortin-am-24-maerz-auf-der-website-des-carreau-forbach-38329\",\"name\":\"Livestream \\\"O\u00f9 cours-tu comme \u00e7a?\\\" von Kathleen Fortin I szenik\",\"isPartOf\":{\"@id\":\"https:\/\/www.szenik.eu\/de\/#website\"},\"datePublished\":\"2021-03-15T16:54:19+00:00\",\"dateModified\":\"2021-03-15T16:54:24+00:00\",\"description\":\"Das St\u00fcck von Kathleen Fortin verbindet Theater, Musik und Zeichnungen und verspricht, so zu sein, wie sie selbst ist: sensibel, kraftvoll und kreativ.\",\"breadcrumb\":{\"@id\":\"https:\/\/www.szenik.eu\/de\/livestream-ou-cours-tu-comme-ca-von-kathleen-fortin-am-24-maerz-auf-der-website-des-carreau-forbach-38329#breadcrumb\"},\"inLanguage\":\"de\",\"potentialAction\":[{\"@type\":\"ReadAction\",\"target\":[\"https:\/\/www.szenik.eu\/de\/livestream-ou-cours-tu-comme-ca-von-kathleen-fortin-am-24-maerz-auf-der-website-des-carreau-forbach-38329\"]}]},{\"@type\":\"BreadcrumbList\",\"@id\":\"https:\/\/www.szenik.eu\/de\/livestream-ou-cours-tu-comme-ca-von-kathleen-fortin-am-24-maerz-auf-der-website-des-carreau-forbach-38329#breadcrumb\",\"itemListElement\":[{\"@type\":\"ListItem\",\"position\":1,\"name\":\"Home\",\"item\":\"https:\/\/www.szenik.eu\/de\"},{\"@type\":\"ListItem\",\"position\":2,\"name\":\"Livestream: &#8222;O\u00f9 cours-tu comme \u00e7a?&#8220; von Kathleen Fortin, am 24. M\u00e4rz auf der Website des Carreau, Forbach\"}]},{\"@type\":\"WebSite\",\"@id\":\"https:\/\/www.szenik.eu\/de\/#website\",\"url\":\"https:\/\/www.szenik.eu\/de\/\",\"name\":\"szenik\",\"description\":\"Le Meilleur des sc\u00e8nes au coeur de l&#039;Europe\",\"publisher\":{\"@id\":\"https:\/\/www.szenik.eu\/de\/#organization\"},\"potentialAction\":[{\"@type\":\"SearchAction\",\"target\":{\"@type\":\"EntryPoint\",\"urlTemplate\":\"https:\/\/www.szenik.eu\/de\/?s={search_term_string}\"},\"query-input\":\"required name=search_term_string\"}],\"inLanguage\":\"de\"},{\"@type\":\"Organization\",\"@id\":\"https:\/\/www.szenik.eu\/de\/#organization\",\"name\":\"Szenik\",\"url\":\"https:\/\/www.szenik.eu\/de\/\",\"logo\":{\"@type\":\"ImageObject\",\"inLanguage\":\"de\",\"@id\":\"https:\/\/www.szenik.eu\/de\/#\/schema\/logo\/image\/\",\"url\":\"https:\/\/www.szenik.eu\/wp-content\/uploads\/2019\/07\/logo-square.png\",\"contentUrl\":\"https:\/\/www.szenik.eu\/wp-content\/uploads\/2019\/07\/logo-square.png\",\"width\":512,\"height\":512,\"caption\":\"Szenik\"},\"image\":{\"@id\":\"https:\/\/www.szenik.eu\/de\/#\/schema\/logo\/image\/\"},\"sameAs\":[\"https:\/\/www.facebook.com\/szenik.eu\/\",\"https:\/\/twitter.com\/Szenik\",\"https:\/\/www.instagram.com\/szenik_magazine\/\",\"https:\/\/www.youtube.com\/user\/SzenikEU\/\"]},{\"@type\":\"Person\",\"@id\":\"https:\/\/www.szenik.eu\/de\/#\/schema\/person\/15f73f175b41bad194837490339d48fb\",\"name\":\"szenik\",\"image\":{\"@type\":\"ImageObject\",\"inLanguage\":\"de\",\"@id\":\"https:\/\/www.szenik.eu\/de\/#\/schema\/person\/image\/\",\"url\":\"https:\/\/secure.gravatar.com\/avatar\/d1c4f19522a624a4eaa5e6c03e22370b?s=96&d=mm&r=g\",\"contentUrl\":\"https:\/\/secure.gravatar.com\/avatar\/d1c4f19522a624a4eaa5e6c03e22370b?s=96&d=mm&r=g\",\"caption\":\"szenik\"}}]}<\/script>\n<!-- \/ Yoast SEO plugin. -->","yoast_head_json":{"title":"Livestream \"O\u00f9 cours-tu comme \u00e7a?\" von Kathleen Fortin I szenik","description":"Das St\u00fcck von Kathleen Fortin verbindet Theater, Musik und Zeichnungen und verspricht, so zu sein, wie sie selbst ist: sensibel, kraftvoll und kreativ.","robots":{"index":"index","follow":"follow","max-snippet":"max-snippet:-1","max-image-preview":"max-image-preview:large","max-video-preview":"max-video-preview:-1"},"canonical":"https:\/\/www.szenik.eu\/de\/livestream-ou-cours-tu-comme-ca-von-kathleen-fortin-am-24-maerz-auf-der-website-des-carreau-forbach-38329","og_locale":"de_DE","og_type":"article","og_title":"Livestream \"O\u00f9 cours-tu comme \u00e7a?\" von Kathleen Fortin I szenik","og_description":"Das St\u00fcck von Kathleen Fortin verbindet Theater, Musik und Zeichnungen und verspricht, so zu sein, wie sie selbst ist: sensibel, kraftvoll und kreativ.","og_url":"https:\/\/www.szenik.eu\/de\/livestream-ou-cours-tu-comme-ca-von-kathleen-fortin-am-24-maerz-auf-der-website-des-carreau-forbach-38329","og_site_name":"szenik","article_publisher":"https:\/\/www.facebook.com\/szenik.eu\/","article_published_time":"2021-03-15T16:54:19+00:00","article_modified_time":"2021-03-15T16:54:24+00:00","og_image":[{"width":1086,"height":699,"url":"https:\/\/www.szenik.eu\/wp-content\/uploads\/2021\/03\/Capture-d\u2019\u00e9cran-2021-03-15-\u00e0-17.50.22.png","type":"image\/png"}],"author":"szenik","twitter_card":"summary_large_image","twitter_creator":"@Szenik","twitter_site":"@Szenik","twitter_misc":{"Verfasst von":"szenik","Gesch\u00e4tzte Lesezeit":"1\u00a0Minute"},"schema":{"@context":"https:\/\/schema.org","@graph":[{"@type":"Article","@id":"https:\/\/www.szenik.eu\/de\/livestream-ou-cours-tu-comme-ca-von-kathleen-fortin-am-24-maerz-auf-der-website-des-carreau-forbach-38329#article","isPartOf":{"@id":"https:\/\/www.szenik.eu\/de\/livestream-ou-cours-tu-comme-ca-von-kathleen-fortin-am-24-maerz-auf-der-website-des-carreau-forbach-38329"},"author":{"name":"szenik","@id":"https:\/\/www.szenik.eu\/de\/#\/schema\/person\/15f73f175b41bad194837490339d48fb"},"headline":"Livestream: &#8222;O\u00f9 cours-tu comme \u00e7a?&#8220; von Kathleen Fortin, am 24. M\u00e4rz auf der Website des Carreau, Forbach","datePublished":"2021-03-15T16:54:19+00:00","dateModified":"2021-03-15T16:54:24+00:00","mainEntityOfPage":{"@id":"https:\/\/www.szenik.eu\/de\/livestream-ou-cours-tu-comme-ca-von-kathleen-fortin-am-24-maerz-auf-der-website-des-carreau-forbach-38329"},"wordCount":304,"commentCount":0,"publisher":{"@id":"https:\/\/www.szenik.eu\/de\/#organization"},"keywords":["forbach","Kathleen Fortin","le carreau"],"articleSection":["TV \/ Streaming"],"inLanguage":"de","potentialAction":[{"@type":"CommentAction","name":"Comment","target":["https:\/\/www.szenik.eu\/de\/livestream-ou-cours-tu-comme-ca-von-kathleen-fortin-am-24-maerz-auf-der-website-des-carreau-forbach-38329#respond"]}]},{"@type":"WebPage","@id":"https:\/\/www.szenik.eu\/de\/livestream-ou-cours-tu-comme-ca-von-kathleen-fortin-am-24-maerz-auf-der-website-des-carreau-forbach-38329","url":"https:\/\/www.szenik.eu\/de\/livestream-ou-cours-tu-comme-ca-von-kathleen-fortin-am-24-maerz-auf-der-website-des-carreau-forbach-38329","name":"Livestream \"O\u00f9 cours-tu comme \u00e7a?\" von Kathleen Fortin I szenik","isPartOf":{"@id":"https:\/\/www.szenik.eu\/de\/#website"},"datePublished":"2021-03-15T16:54:19+00:00","dateModified":"2021-03-15T16:54:24+00:00","description":"Das St\u00fcck von Kathleen Fortin verbindet Theater, Musik und Zeichnungen und verspricht, so zu sein, wie sie selbst ist: sensibel, kraftvoll und kreativ.","breadcrumb":{"@id":"https:\/\/www.szenik.eu\/de\/livestream-ou-cours-tu-comme-ca-von-kathleen-fortin-am-24-maerz-auf-der-website-des-carreau-forbach-38329#breadcrumb"},"inLanguage":"de","potentialAction":[{"@type":"ReadAction","target":["https:\/\/www.szenik.eu\/de\/livestream-ou-cours-tu-comme-ca-von-kathleen-fortin-am-24-maerz-auf-der-website-des-carreau-forbach-38329"]}]},{"@type":"BreadcrumbList","@id":"https:\/\/www.szenik.eu\/de\/livestream-ou-cours-tu-comme-ca-von-kathleen-fortin-am-24-maerz-auf-der-website-des-carreau-forbach-38329#breadcrumb","itemListElement":[{"@type":"ListItem","position":1,"name":"Home","item":"https:\/\/www.szenik.eu\/de"},{"@type":"ListItem","position":2,"name":"Livestream: &#8222;O\u00f9 cours-tu comme \u00e7a?&#8220; von Kathleen Fortin, am 24. M\u00e4rz auf der Website des Carreau, Forbach"}]},{"@type":"WebSite","@id":"https:\/\/www.szenik.eu\/de\/#website","url":"https:\/\/www.szenik.eu\/de\/","name":"szenik","description":"Le Meilleur des sc\u00e8nes au coeur de l&#039;Europe","publisher":{"@id":"https:\/\/www.szenik.eu\/de\/#organization"},"potentialAction":[{"@type":"SearchAction","target":{"@type":"EntryPoint","urlTemplate":"https:\/\/www.szenik.eu\/de\/?s={search_term_string}"},"query-input":"required name=search_term_string"}],"inLanguage":"de"},{"@type":"Organization","@id":"https:\/\/www.szenik.eu\/de\/#organization","name":"Szenik","url":"https:\/\/www.szenik.eu\/de\/","logo":{"@type":"ImageObject","inLanguage":"de","@id":"https:\/\/www.szenik.eu\/de\/#\/schema\/logo\/image\/","url":"https:\/\/www.szenik.eu\/wp-content\/uploads\/2019\/07\/logo-square.png","contentUrl":"https:\/\/www.szenik.eu\/wp-content\/uploads\/2019\/07\/logo-square.png","width":512,"height":512,"caption":"Szenik"},"image":{"@id":"https:\/\/www.szenik.eu\/de\/#\/schema\/logo\/image\/"},"sameAs":["https:\/\/www.facebook.com\/szenik.eu\/","https:\/\/twitter.com\/Szenik","https:\/\/www.instagram.com\/szenik_magazine\/","https:\/\/www.youtube.com\/user\/SzenikEU\/"]},{"@type":"Person","@id":"https:\/\/www.szenik.eu\/de\/#\/schema\/person\/15f73f175b41bad194837490339d48fb","name":"szenik","image":{"@type":"ImageObject","inLanguage":"de","@id":"https:\/\/www.szenik.eu\/de\/#\/schema\/person\/image\/","url":"https:\/\/secure.gravatar.com\/avatar\/d1c4f19522a624a4eaa5e6c03e22370b?s=96&d=mm&r=g","contentUrl":"https:\/\/secure.gravatar.com\/avatar\/d1c4f19522a624a4eaa5e6c03e22370b?s=96&d=mm&r=g","caption":"szenik"}}]}},"jetpack_featured_media_url":"https:\/\/www.szenik.eu\/wp-content\/uploads\/2021\/03\/Capture-d\u2019\u00e9cran-2021-03-15-\u00e0-17.50.22.png","amp_enabled":true,"_links":{"self":[{"href":"https:\/\/www.szenik.eu\/de\/wp-json\/\/wp\/v2\/posts\/38329"}],"collection":[{"href":"https:\/\/www.szenik.eu\/de\/wp-json\/\/wp\/v2\/posts"}],"about":[{"href":"https:\/\/www.szenik.eu\/de\/wp-json\/\/wp\/v2\/types\/post"}],"author":[{"embeddable":true,"href":"https:\/\/www.szenik.eu\/de\/wp-json\/\/wp\/v2\/users\/1"}],"replies":[{"embeddable":true,"href":"https:\/\/www.szenik.eu\/de\/wp-json\/\/wp\/v2\/comments?post=38329"}],"version-history":[{"count":2,"href":"https:\/\/www.szenik.eu\/de\/wp-json\/\/wp\/v2\/posts\/38329\/revisions"}],"predecessor-version":[{"id":38333,"href":"https:\/\/www.szenik.eu\/de\/wp-json\/\/wp\/v2\/posts\/38329\/revisions\/38333"}],"wp:featuredmedia":[{"embeddable":true,"href":"https:\/\/www.szenik.eu\/de\/wp-json\/\/wp\/v2\/media\/38330"}],"wp:attachment":[{"href":"https:\/\/www.szenik.eu\/de\/wp-json\/\/wp\/v2\/media?parent=38329"}],"wp:term":[{"taxonomy":"category","embeddable":true,"href":"https:\/\/www.szenik.eu\/de\/wp-json\/\/wp\/v2\/categories?post=38329"},{"taxonomy":"post_tag","embeddable":true,"href":"https:\/\/www.szenik.eu\/de\/wp-json\/\/wp\/v2\/tags?post=38329"}],"curies":[{"name":"wp","href":"https:\/\/api.w.org\/{rel}","templated":true}]}}