{"id":38099,"date":"2021-03-08T09:41:54","date_gmt":"2021-03-08T08:41:54","guid":{"rendered":"https:\/\/www.szenik.eu\/?p=38099\/"},"modified":"2021-03-08T14:38:55","modified_gmt":"2021-03-08T13:38:55","slug":"das-schauspielhaus-zuerich-oeffnet-sanft-programm-maerz-2021","status":"publish","type":"post","link":"https:\/\/www.szenik.eu\/de\/das-schauspielhaus-zuerich-oeffnet-sanft-programm-maerz-2021-38099","title":{"rendered":"Das Schauspielhaus Z\u00fcrich \u00f6ffnet sanft \/\/ Programm M\u00e4rz 2021"},"content":{"rendered":"\n<h2>Das Schauspielhaus Z\u00fcrich kehrt zu seinen&nbsp;<em>Streamy Thursdays&nbsp;<\/em>zur\u00fcck, setzt die&nbsp;<em>Tender Talks&nbsp;<\/em>und&nbsp;<em>Open Call Open Haus-Reihe&nbsp;<\/em>fort und verwandelt den Pfauen in einen Ausstellungsraum.<\/h2>\n\n\n\n<div style=\"height:100px\" aria-hidden=\"true\" class=\"wp-block-spacer\"><\/div>\n\n\n\n<p><em>Pressemitteilung<\/em><\/p>\n\n\n\n<div style=\"height:100px\" aria-hidden=\"true\" class=\"wp-block-spacer\"><\/div>\n\n\n\n<blockquote class=\"wp-block-quote\"><p>\u00abSanft &#8211; wie das Motto unserer&nbsp;<em>Tender Talks&nbsp;<\/em>und vorsichtig wagen wir uns zur\u00fcck. Zur\u00fcck zu Erfindungen und Formaten, die trotz allem in den vergangenen Monaten m\u00f6glich waren. Im Februar haben wir bewusst auf Proben, Live- Formate, Kontakte und Mobilit\u00e4t verzichtet, um die Eind\u00e4mmung der Pandemie konsequent zu unterst\u00fctzen. <br><br>Nun freuen wir uns, zu unseren&nbsp;<em>Streamy Thursdays&nbsp;<\/em>zur\u00fcckzukehren, die&nbsp;<em>Tender Talks&nbsp;<\/em>und&nbsp;<em>Open Call Open Haus-Reihe&nbsp;<\/em>fortzusetzen und den Pfauen in einen Ausstellungsraum zu verwandeln. Und wir hoffen innig, dass wir unsere B\u00fchnen im April wieder f\u00fcr Theaterauff\u00fchrungen \u00f6ffnen d\u00fcrfen.\u00bb <\/p><cite>Benjamin von Blomberg und Nicolas Stemann, Intendanz <\/cite><\/blockquote>\n\n\n\n<div style=\"height:100px\" aria-hidden=\"true\" class=\"wp-block-spacer\"><\/div>\n\n\n\n<p class=\"has-background has-text-align-center has-medium-font-size has-luminous-vivid-amber-background-color\"><strong>Programmvorschau<\/strong><\/p>\n\n\n\n<div style=\"height:20px\" aria-hidden=\"true\" class=\"wp-block-spacer\"><\/div>\n\n\n\n<h4><em>Donnerstag, 11. M\u00e4rz 2021\u00a0<\/em>um 20.00 Uhr<br><strong>Tender Talk #3<\/strong><br>Mit <strong>Carolin Emcke<\/strong> &amp; <strong>Vaginal Davis<\/strong><\/h4>\n\n\n\n<div style=\"height:20px\" aria-hidden=\"true\" class=\"wp-block-spacer\"><\/div>\n\n\n\n<p>Diskurs trifft Drag: Carolin Emcke trifft Vaginal Davis! In ihrer Kunst arbeitet Vaginal Davis mit einer explosiven F\u00fclle an Medien und Materialien, mit ihren Performances politisierte sie Generationen an queeren K\u00fcnstler*innen (unter anderem unsere Hausregisseurin Wu Tsang) und ihre Vorlesungen brachten sie bis in die H\u00f6rs\u00e4le von Harvard. <\/p>\n\n\n\n<p>Dort, wo Vaginal Davis sich einer Eindeutigkeit zu entziehen scheint, findet Carolin Emcke eine Sprache f\u00fcr das Unsagbare. Wie kaum jemand anderem gelingt der Philosophin und Autorin eine radikale Analyse unserer Gegenwart ohne dabei die Z\u00e4rtlichkeit des Einzelschicksals zu verlieren. <\/p>\n\n\n\n<div style=\"height:67px\" aria-hidden=\"true\" class=\"wp-block-spacer\"><\/div>\n\n\n\n<hr class=\"wp-block-separator\"\/>\n\n\n\n<h4><em>Donnerstag, 18. M\u00e4rz 2021&nbsp;<\/em>um 20.00 Uhr<br><strong>Streamy Thursday: \u00abMedea*\u00bb&nbsp;<\/strong><br>(eingeladen zum Berliner Theatertreffen)<\/h4>\n\n\n\n<div style=\"height:20px\" aria-hidden=\"true\" class=\"wp-block-spacer\"><\/div>\n\n\n\n<p>Nach Euripides,&nbsp;<strong>Inszenierung Leonie B\u00f6hm<\/strong><br>Mit einem Nachgespr\u00e4ch der Regisseurin Leonie B\u00f6hm, der Dramaturgin Helena Eckert und den beiden Darsteller*innen Maja Beckmann und Johannes Rieder <\/p>\n\n\n\n<div style=\"height:62px\" aria-hidden=\"true\" class=\"wp-block-spacer\"><\/div>\n\n\n\n<hr class=\"wp-block-separator\"\/>\n\n\n\n<h4><em>Donnerstag, 25. M\u00e4rz 2021\u00a0<\/em>um 20.00 Uhr<br><strong>Tender Talk #4\u00a0<\/strong><br>Mit <strong>Annie Sprinkle<\/strong> &amp; <strong>Beth Stephens<\/strong> und <strong>Mithu Sanyal <\/strong><\/h4>\n\n\n\n<p>Wie f\u00fchlt es sich an, mit der Erde verheiratet zu sein? Annie Sprinkle und Beth Stephens wissen es: Die beiden K\u00fcnstler*innen und Gr\u00fcnder*innen des Ecosex Movement haben Planet Earth vor ein paar Jahren das Ja-Wort gegeben und f\u00fchren seitdem eine k\u00fcnstlerische Liebesbeziehung mit der Natur \u2013 queer-feministisch, post-humanistisch, \u00f6kologisch, verspielt und voller Humor. <\/p>\n\n\n\n<p>Im Tender Talk #4 am 25. M\u00e4rz 2021 trifft das Duo auf ihre langj\u00e4hrige Freundin und Denkerin in crime, die Kulturwissenschaftlerin, Journalistin und Autorin Mithu M. Sanyal, die gerade mit ihrem ersten Roman \u00abIdentitti\u00bb und einem furiosen Ritt durch europ\u00e4ische Identit\u00e4tspolitiken mitten ins Herz der Zeit trifft.<\/p>\n\n\n\n<div style=\"height:49px\" aria-hidden=\"true\" class=\"wp-block-spacer\"><\/div>\n\n\n\n<hr class=\"wp-block-separator\"\/>\n\n\n\n<h4><em>Samstag, 27. M\u00e4rz 2021 um 20.00 Uhr<\/em><br><strong>Open Call Open Haus: Triologie&nbsp;<\/strong><\/h4>\n\n\n\n<div style=\"height:20px\" aria-hidden=\"true\" class=\"wp-block-spacer\"><\/div>\n\n\n\n<p>Das dynamische Streichtrio begeistert mit grosser Flexibilit\u00e4t im Klang und \u00fcberzeugt mit technischer Pr\u00e4zision. Ihr intuitives Musikverst\u00e4ndnis erm\u00f6glicht den aufstrebenden Musikerinnen m\u00fchelos den Impulsen der Musik zu folgen und sich ganz auf die Fusion der Instrumentenfarben zu konzentrieren. Mit tiefen in der Musik gelebten Emotionen ber\u00fchrt das Streichtrio seine Zuh\u00f6rer*innen und interpretiert die klassische Musik dabei zeitgem\u00e4ss, avantgardistisch und attraktiv! <\/p>\n\n\n\n<p>Das innovative Ensemble zeichnet sich zus\u00e4tzlich durch eine flexible Besetzung aus. So sind die Cellistin Elodie Th\u00e9ry und Bratschistin Meredith Kuliew feste Mitglieder des Trios, wobei die Besetzung der Geigerin variiert. In der aktuellen Produktion spielt das Streichtrio mit der versierten Geigerin Anna Mikolasek.<\/p>\n\n\n\n<p>Auf der Pfauenb\u00fchne mit dem Streichtrio <strong>Elodie Th\u00e9ry, Meredith Kuliew, Anna Mikolasek<\/strong><\/p>\n\n\n\n<div style=\"height:57px\" aria-hidden=\"true\" class=\"wp-block-spacer\"><\/div>\n\n\n\n<hr class=\"wp-block-separator\"\/>\n\n\n\n<h4>Ab dem 11. M\u00e4rz wird der Pfauen auch zum Ausstellungsraum!<\/h4>\n\n\n\n<div style=\"height:20px\" aria-hidden=\"true\" class=\"wp-block-spacer\"><\/div>\n\n\n\n<ul><li><strong>Wu Tsang, Tosh Basco &amp; Moved by the Motion&nbsp;<\/strong>zeigen ihre Videoinstallation<br><strong>\u00abThe Show\u2019s over\u00bb&nbsp;<\/strong>vom 11. M\u00e4rz bis 14. M\u00e4rz auf der Pfauenb\u00fchne im Loop bei freiem Eintritt. <\/li><\/ul>\n\n\n\n<ul><li>Die Schauspielerin&nbsp;<strong>Lena Schwarz&nbsp;<\/strong>verwandelt vom 13. bis 28. M\u00e4rz 2021 gemeinsam mit dem Maler Krzysztof Gruse und dem Schweizer K\u00fcnstlerduo Schumacher\/Clava- detscher die Kammer in die&nbsp;<strong>Traumkapelle II.&nbsp;<\/strong><\/li><\/ul>\n\n\n\n<div style=\"height:100px\" aria-hidden=\"true\" class=\"wp-block-spacer\"><\/div>\n\n\n\n<div class=\"wp-block-button\"><a class=\"wp-block-button__link has-text-color has-very-dark-gray-color has-background has-pale-cyan-blue-background-color\" href=\"https:\/\/www.schauspielhaus.ch\/de\/\" target=\"_blank\" rel=\"noreferrer noopener\">Weitere Informationen auf der Website des Schauspielhaus Z\u00fcrich<\/a><\/div>\n\n\n\n<div style=\"height:100px\" aria-hidden=\"true\" class=\"wp-block-spacer\"><\/div>\n\n\n\n<p class=\"has-small-font-size\">Foto: G. Folly<\/p>\n\n\n\n<div style=\"height:100px\" aria-hidden=\"true\" class=\"wp-block-spacer\"><\/div>\n","protected":false},"excerpt":{"rendered":"<p>Das Schauspielhaus Z\u00fcrich kehrt zu seinen&nbsp;Streamy Thursdays&nbsp;zur\u00fcck, setzt die&nbsp;Tender Talks&nbsp;und&nbsp;Open Call Open Haus-Reihe&nbsp;fort und verwandelt den Pfauen in einen Ausstellungsraum. Pressemitteilung \u00abSanft &#8211; wie das Motto unserer&nbsp;Tender Talks&nbsp;und vorsichtig wagen wir uns zur\u00fcck. Zur\u00fcck zu Erfindungen und Formaten, die trotz allem in den vergangenen Monaten m\u00f6glich waren. Im Februar haben wir bewusst auf Proben, Live- [&hellip;]<\/p>\n","protected":false},"author":1,"featured_media":38116,"comment_status":"open","ping_status":"open","sticky":false,"template":"","format":"standard","meta":{"_monsterinsights_skip_tracking":false,"_monsterinsights_sitenote_active":false,"_monsterinsights_sitenote_note":"","_monsterinsights_sitenote_category":0},"categories":[2815,10359],"tags":[10695,10690,10691,10687,10698,10689,10692,6473,10697,10688,10696,2856],"yoast_head":"<!-- This site is optimized with the Yoast SEO plugin v20.5 - https:\/\/yoast.com\/wordpress\/plugins\/seo\/ -->\n<title>Das Schauspielhaus Z\u00fcrich \u00f6ffnet sanft im M\u00e4rz I szenik<\/title>\n<meta name=\"description\" content=\"Das Schauspielhaus Z\u00fcrich kehrt zu seinen Streamy Thursdays zur\u00fcck, setzt die Tender Talks und Open Call Open Haus-Reihe fort und bietet Ausstellungen an.\" \/>\n<meta name=\"robots\" content=\"index, follow, max-snippet:-1, max-image-preview:large, max-video-preview:-1\" \/>\n<link rel=\"canonical\" href=\"https:\/\/www.szenik.eu\/de\/das-schauspielhaus-zuerich-oeffnet-sanft-programm-maerz-2021-38099\" \/>\n<meta property=\"og:locale\" content=\"de_DE\" \/>\n<meta property=\"og:type\" content=\"article\" \/>\n<meta property=\"og:title\" content=\"Das Schauspielhaus Z\u00fcrich \u00f6ffnet sanft im M\u00e4rz I szenik\" \/>\n<meta property=\"og:description\" content=\"Das Schauspielhaus Z\u00fcrich kehrt zu seinen Streamy Thursdays zur\u00fcck, setzt die Tender Talks und Open Call Open Haus-Reihe fort und bietet Ausstellungen an.\" \/>\n<meta property=\"og:url\" content=\"https:\/\/www.szenik.eu\/de\/das-schauspielhaus-zuerich-oeffnet-sanft-programm-maerz-2021-38099\" \/>\n<meta property=\"og:site_name\" content=\"szenik\" \/>\n<meta property=\"article:publisher\" content=\"https:\/\/www.facebook.com\/szenik.eu\/\" \/>\n<meta property=\"article:published_time\" content=\"2021-03-08T08:41:54+00:00\" \/>\n<meta property=\"article:modified_time\" content=\"2021-03-08T13:38:55+00:00\" \/>\n<meta property=\"og:image\" content=\"https:\/\/www.szenik.eu\/wp-content\/uploads\/2021\/03\/Medea_Leonie-B\u00f6hm_Schauspielhaus-Z\u00fcrich-4\u00a9Gina-Folly-scaled.jpg\" \/>\n\t<meta property=\"og:image:width\" content=\"2560\" \/>\n\t<meta property=\"og:image:height\" content=\"1726\" \/>\n\t<meta property=\"og:image:type\" content=\"image\/jpeg\" \/>\n<meta name=\"author\" content=\"szenik\" \/>\n<meta name=\"twitter:card\" content=\"summary_large_image\" \/>\n<meta name=\"twitter:creator\" content=\"@Szenik\" \/>\n<meta name=\"twitter:site\" content=\"@Szenik\" \/>\n<meta name=\"twitter:label1\" content=\"Verfasst von\" \/>\n\t<meta name=\"twitter:data1\" content=\"szenik\" \/>\n\t<meta name=\"twitter:label2\" content=\"Gesch\u00e4tzte Lesezeit\" \/>\n\t<meta name=\"twitter:data2\" content=\"3\u00a0Minuten\" \/>\n<script type=\"application\/ld+json\" class=\"yoast-schema-graph\">{\"@context\":\"https:\/\/schema.org\",\"@graph\":[{\"@type\":\"Article\",\"@id\":\"https:\/\/www.szenik.eu\/de\/das-schauspielhaus-zuerich-oeffnet-sanft-programm-maerz-2021-38099#article\",\"isPartOf\":{\"@id\":\"https:\/\/www.szenik.eu\/de\/das-schauspielhaus-zuerich-oeffnet-sanft-programm-maerz-2021-38099\"},\"author\":{\"name\":\"szenik\",\"@id\":\"https:\/\/www.szenik.eu\/de\/#\/schema\/person\/15f73f175b41bad194837490339d48fb\"},\"headline\":\"Das Schauspielhaus Z\u00fcrich \u00f6ffnet sanft \/\/ Programm M\u00e4rz 2021\",\"datePublished\":\"2021-03-08T08:41:54+00:00\",\"dateModified\":\"2021-03-08T13:38:55+00:00\",\"mainEntityOfPage\":{\"@id\":\"https:\/\/www.szenik.eu\/de\/das-schauspielhaus-zuerich-oeffnet-sanft-programm-maerz-2021-38099\"},\"wordCount\":664,\"commentCount\":0,\"publisher\":{\"@id\":\"https:\/\/www.szenik.eu\/de\/#organization\"},\"keywords\":[\"Anna Mikolasek\",\"Annie Sprinkle\",\"Beth Stephens\",\"Carolin Emcke\",\"Lena Schwarz\",\"Leonie B\u00f6hm\",\"Mithu Sanyal\",\"Schauspielhaus Z\u00fcrich\",\"Tosh Basco\",\"Vaginal Davis\",\"Wu Tsang\",\"Z\u00fcrich\"],\"articleSection\":[\"Kurz &amp; knackig\",\"TV \/ Streaming\"],\"inLanguage\":\"de\",\"potentialAction\":[{\"@type\":\"CommentAction\",\"name\":\"Comment\",\"target\":[\"https:\/\/www.szenik.eu\/de\/das-schauspielhaus-zuerich-oeffnet-sanft-programm-maerz-2021-38099#respond\"]}]},{\"@type\":\"WebPage\",\"@id\":\"https:\/\/www.szenik.eu\/de\/das-schauspielhaus-zuerich-oeffnet-sanft-programm-maerz-2021-38099\",\"url\":\"https:\/\/www.szenik.eu\/de\/das-schauspielhaus-zuerich-oeffnet-sanft-programm-maerz-2021-38099\",\"name\":\"Das Schauspielhaus Z\u00fcrich \u00f6ffnet sanft im M\u00e4rz I szenik\",\"isPartOf\":{\"@id\":\"https:\/\/www.szenik.eu\/de\/#website\"},\"datePublished\":\"2021-03-08T08:41:54+00:00\",\"dateModified\":\"2021-03-08T13:38:55+00:00\",\"description\":\"Das Schauspielhaus Z\u00fcrich kehrt zu seinen Streamy Thursdays zur\u00fcck, setzt die Tender Talks und Open Call Open Haus-Reihe fort und bietet Ausstellungen an.\",\"breadcrumb\":{\"@id\":\"https:\/\/www.szenik.eu\/de\/das-schauspielhaus-zuerich-oeffnet-sanft-programm-maerz-2021-38099#breadcrumb\"},\"inLanguage\":\"de\",\"potentialAction\":[{\"@type\":\"ReadAction\",\"target\":[\"https:\/\/www.szenik.eu\/de\/das-schauspielhaus-zuerich-oeffnet-sanft-programm-maerz-2021-38099\"]}]},{\"@type\":\"BreadcrumbList\",\"@id\":\"https:\/\/www.szenik.eu\/de\/das-schauspielhaus-zuerich-oeffnet-sanft-programm-maerz-2021-38099#breadcrumb\",\"itemListElement\":[{\"@type\":\"ListItem\",\"position\":1,\"name\":\"Home\",\"item\":\"https:\/\/www.szenik.eu\/de\"},{\"@type\":\"ListItem\",\"position\":2,\"name\":\"Das Schauspielhaus Z\u00fcrich \u00f6ffnet sanft \/\/ Programm M\u00e4rz 2021\"}]},{\"@type\":\"WebSite\",\"@id\":\"https:\/\/www.szenik.eu\/de\/#website\",\"url\":\"https:\/\/www.szenik.eu\/de\/\",\"name\":\"szenik\",\"description\":\"Le Meilleur des sc\u00e8nes au coeur de l&#039;Europe\",\"publisher\":{\"@id\":\"https:\/\/www.szenik.eu\/de\/#organization\"},\"potentialAction\":[{\"@type\":\"SearchAction\",\"target\":{\"@type\":\"EntryPoint\",\"urlTemplate\":\"https:\/\/www.szenik.eu\/de\/?s={search_term_string}\"},\"query-input\":\"required name=search_term_string\"}],\"inLanguage\":\"de\"},{\"@type\":\"Organization\",\"@id\":\"https:\/\/www.szenik.eu\/de\/#organization\",\"name\":\"Szenik\",\"url\":\"https:\/\/www.szenik.eu\/de\/\",\"logo\":{\"@type\":\"ImageObject\",\"inLanguage\":\"de\",\"@id\":\"https:\/\/www.szenik.eu\/de\/#\/schema\/logo\/image\/\",\"url\":\"https:\/\/www.szenik.eu\/wp-content\/uploads\/2019\/07\/logo-square.png\",\"contentUrl\":\"https:\/\/www.szenik.eu\/wp-content\/uploads\/2019\/07\/logo-square.png\",\"width\":512,\"height\":512,\"caption\":\"Szenik\"},\"image\":{\"@id\":\"https:\/\/www.szenik.eu\/de\/#\/schema\/logo\/image\/\"},\"sameAs\":[\"https:\/\/www.facebook.com\/szenik.eu\/\",\"https:\/\/twitter.com\/Szenik\",\"https:\/\/www.instagram.com\/szenik_magazine\/\",\"https:\/\/www.youtube.com\/user\/SzenikEU\/\"]},{\"@type\":\"Person\",\"@id\":\"https:\/\/www.szenik.eu\/de\/#\/schema\/person\/15f73f175b41bad194837490339d48fb\",\"name\":\"szenik\",\"image\":{\"@type\":\"ImageObject\",\"inLanguage\":\"de\",\"@id\":\"https:\/\/www.szenik.eu\/de\/#\/schema\/person\/image\/\",\"url\":\"https:\/\/secure.gravatar.com\/avatar\/d1c4f19522a624a4eaa5e6c03e22370b?s=96&d=mm&r=g\",\"contentUrl\":\"https:\/\/secure.gravatar.com\/avatar\/d1c4f19522a624a4eaa5e6c03e22370b?s=96&d=mm&r=g\",\"caption\":\"szenik\"}}]}<\/script>\n<!-- \/ Yoast SEO plugin. -->","yoast_head_json":{"title":"Das Schauspielhaus Z\u00fcrich \u00f6ffnet sanft im M\u00e4rz I szenik","description":"Das Schauspielhaus Z\u00fcrich kehrt zu seinen Streamy Thursdays zur\u00fcck, setzt die Tender Talks und Open Call Open Haus-Reihe fort und bietet Ausstellungen an.","robots":{"index":"index","follow":"follow","max-snippet":"max-snippet:-1","max-image-preview":"max-image-preview:large","max-video-preview":"max-video-preview:-1"},"canonical":"https:\/\/www.szenik.eu\/de\/das-schauspielhaus-zuerich-oeffnet-sanft-programm-maerz-2021-38099","og_locale":"de_DE","og_type":"article","og_title":"Das Schauspielhaus Z\u00fcrich \u00f6ffnet sanft im M\u00e4rz I szenik","og_description":"Das Schauspielhaus Z\u00fcrich kehrt zu seinen Streamy Thursdays zur\u00fcck, setzt die Tender Talks und Open Call Open Haus-Reihe fort und bietet Ausstellungen an.","og_url":"https:\/\/www.szenik.eu\/de\/das-schauspielhaus-zuerich-oeffnet-sanft-programm-maerz-2021-38099","og_site_name":"szenik","article_publisher":"https:\/\/www.facebook.com\/szenik.eu\/","article_published_time":"2021-03-08T08:41:54+00:00","article_modified_time":"2021-03-08T13:38:55+00:00","og_image":[{"width":2560,"height":1726,"url":"https:\/\/www.szenik.eu\/wp-content\/uploads\/2021\/03\/Medea_Leonie-B\u00f6hm_Schauspielhaus-Z\u00fcrich-4\u00a9Gina-Folly-scaled.jpg","type":"image\/jpeg"}],"author":"szenik","twitter_card":"summary_large_image","twitter_creator":"@Szenik","twitter_site":"@Szenik","twitter_misc":{"Verfasst von":"szenik","Gesch\u00e4tzte Lesezeit":"3\u00a0Minuten"},"schema":{"@context":"https:\/\/schema.org","@graph":[{"@type":"Article","@id":"https:\/\/www.szenik.eu\/de\/das-schauspielhaus-zuerich-oeffnet-sanft-programm-maerz-2021-38099#article","isPartOf":{"@id":"https:\/\/www.szenik.eu\/de\/das-schauspielhaus-zuerich-oeffnet-sanft-programm-maerz-2021-38099"},"author":{"name":"szenik","@id":"https:\/\/www.szenik.eu\/de\/#\/schema\/person\/15f73f175b41bad194837490339d48fb"},"headline":"Das Schauspielhaus Z\u00fcrich \u00f6ffnet sanft \/\/ Programm M\u00e4rz 2021","datePublished":"2021-03-08T08:41:54+00:00","dateModified":"2021-03-08T13:38:55+00:00","mainEntityOfPage":{"@id":"https:\/\/www.szenik.eu\/de\/das-schauspielhaus-zuerich-oeffnet-sanft-programm-maerz-2021-38099"},"wordCount":664,"commentCount":0,"publisher":{"@id":"https:\/\/www.szenik.eu\/de\/#organization"},"keywords":["Anna Mikolasek","Annie Sprinkle","Beth Stephens","Carolin Emcke","Lena Schwarz","Leonie B\u00f6hm","Mithu Sanyal","Schauspielhaus Z\u00fcrich","Tosh Basco","Vaginal Davis","Wu Tsang","Z\u00fcrich"],"articleSection":["Kurz &amp; knackig","TV \/ Streaming"],"inLanguage":"de","potentialAction":[{"@type":"CommentAction","name":"Comment","target":["https:\/\/www.szenik.eu\/de\/das-schauspielhaus-zuerich-oeffnet-sanft-programm-maerz-2021-38099#respond"]}]},{"@type":"WebPage","@id":"https:\/\/www.szenik.eu\/de\/das-schauspielhaus-zuerich-oeffnet-sanft-programm-maerz-2021-38099","url":"https:\/\/www.szenik.eu\/de\/das-schauspielhaus-zuerich-oeffnet-sanft-programm-maerz-2021-38099","name":"Das Schauspielhaus Z\u00fcrich \u00f6ffnet sanft im M\u00e4rz I szenik","isPartOf":{"@id":"https:\/\/www.szenik.eu\/de\/#website"},"datePublished":"2021-03-08T08:41:54+00:00","dateModified":"2021-03-08T13:38:55+00:00","description":"Das Schauspielhaus Z\u00fcrich kehrt zu seinen Streamy Thursdays zur\u00fcck, setzt die Tender Talks und Open Call Open Haus-Reihe fort und bietet Ausstellungen an.","breadcrumb":{"@id":"https:\/\/www.szenik.eu\/de\/das-schauspielhaus-zuerich-oeffnet-sanft-programm-maerz-2021-38099#breadcrumb"},"inLanguage":"de","potentialAction":[{"@type":"ReadAction","target":["https:\/\/www.szenik.eu\/de\/das-schauspielhaus-zuerich-oeffnet-sanft-programm-maerz-2021-38099"]}]},{"@type":"BreadcrumbList","@id":"https:\/\/www.szenik.eu\/de\/das-schauspielhaus-zuerich-oeffnet-sanft-programm-maerz-2021-38099#breadcrumb","itemListElement":[{"@type":"ListItem","position":1,"name":"Home","item":"https:\/\/www.szenik.eu\/de"},{"@type":"ListItem","position":2,"name":"Das Schauspielhaus Z\u00fcrich \u00f6ffnet sanft \/\/ Programm M\u00e4rz 2021"}]},{"@type":"WebSite","@id":"https:\/\/www.szenik.eu\/de\/#website","url":"https:\/\/www.szenik.eu\/de\/","name":"szenik","description":"Le Meilleur des sc\u00e8nes au coeur de l&#039;Europe","publisher":{"@id":"https:\/\/www.szenik.eu\/de\/#organization"},"potentialAction":[{"@type":"SearchAction","target":{"@type":"EntryPoint","urlTemplate":"https:\/\/www.szenik.eu\/de\/?s={search_term_string}"},"query-input":"required name=search_term_string"}],"inLanguage":"de"},{"@type":"Organization","@id":"https:\/\/www.szenik.eu\/de\/#organization","name":"Szenik","url":"https:\/\/www.szenik.eu\/de\/","logo":{"@type":"ImageObject","inLanguage":"de","@id":"https:\/\/www.szenik.eu\/de\/#\/schema\/logo\/image\/","url":"https:\/\/www.szenik.eu\/wp-content\/uploads\/2019\/07\/logo-square.png","contentUrl":"https:\/\/www.szenik.eu\/wp-content\/uploads\/2019\/07\/logo-square.png","width":512,"height":512,"caption":"Szenik"},"image":{"@id":"https:\/\/www.szenik.eu\/de\/#\/schema\/logo\/image\/"},"sameAs":["https:\/\/www.facebook.com\/szenik.eu\/","https:\/\/twitter.com\/Szenik","https:\/\/www.instagram.com\/szenik_magazine\/","https:\/\/www.youtube.com\/user\/SzenikEU\/"]},{"@type":"Person","@id":"https:\/\/www.szenik.eu\/de\/#\/schema\/person\/15f73f175b41bad194837490339d48fb","name":"szenik","image":{"@type":"ImageObject","inLanguage":"de","@id":"https:\/\/www.szenik.eu\/de\/#\/schema\/person\/image\/","url":"https:\/\/secure.gravatar.com\/avatar\/d1c4f19522a624a4eaa5e6c03e22370b?s=96&d=mm&r=g","contentUrl":"https:\/\/secure.gravatar.com\/avatar\/d1c4f19522a624a4eaa5e6c03e22370b?s=96&d=mm&r=g","caption":"szenik"}}]}},"jetpack_featured_media_url":"https:\/\/www.szenik.eu\/wp-content\/uploads\/2021\/03\/Medea_Leonie-B\u00f6hm_Schauspielhaus-Z\u00fcrich-4\u00a9Gina-Folly-scaled.jpg","amp_enabled":true,"_links":{"self":[{"href":"https:\/\/www.szenik.eu\/de\/wp-json\/\/wp\/v2\/posts\/38099"}],"collection":[{"href":"https:\/\/www.szenik.eu\/de\/wp-json\/\/wp\/v2\/posts"}],"about":[{"href":"https:\/\/www.szenik.eu\/de\/wp-json\/\/wp\/v2\/types\/post"}],"author":[{"embeddable":true,"href":"https:\/\/www.szenik.eu\/de\/wp-json\/\/wp\/v2\/users\/1"}],"replies":[{"embeddable":true,"href":"https:\/\/www.szenik.eu\/de\/wp-json\/\/wp\/v2\/comments?post=38099"}],"version-history":[{"count":2,"href":"https:\/\/www.szenik.eu\/de\/wp-json\/\/wp\/v2\/posts\/38099\/revisions"}],"predecessor-version":[{"id":38119,"href":"https:\/\/www.szenik.eu\/de\/wp-json\/\/wp\/v2\/posts\/38099\/revisions\/38119"}],"wp:featuredmedia":[{"embeddable":true,"href":"https:\/\/www.szenik.eu\/de\/wp-json\/\/wp\/v2\/media\/38116"}],"wp:attachment":[{"href":"https:\/\/www.szenik.eu\/de\/wp-json\/\/wp\/v2\/media?parent=38099"}],"wp:term":[{"taxonomy":"category","embeddable":true,"href":"https:\/\/www.szenik.eu\/de\/wp-json\/\/wp\/v2\/categories?post=38099"},{"taxonomy":"post_tag","embeddable":true,"href":"https:\/\/www.szenik.eu\/de\/wp-json\/\/wp\/v2\/tags?post=38099"}],"curies":[{"name":"wp","href":"https:\/\/api.w.org\/{rel}","templated":true}]}}