{"id":38027,"date":"2021-03-02T10:38:09","date_gmt":"2021-03-02T09:38:09","guid":{"rendered":"https:\/\/www.szenik.eu\/?p=38027\/"},"modified":"2021-03-02T10:38:13","modified_gmt":"2021-03-02T09:38:13","slug":"moechten-sie-mit-dem-theater-roxy-spazieren-gehen","status":"publish","type":"post","link":"https:\/\/www.szenik.eu\/de\/moechten-sie-mit-dem-theater-roxy-spazieren-gehen-38027","title":{"rendered":"M\u00f6chten Sie mit dem Theater Roxy spazieren gehen?"},"content":{"rendered":"\n<h2>Das Theater ROXY pr\u00e4sentiert in den n\u00e4chsten Wochen k\u00fcnstlerische Arbeiten, die den aktuellen Massnahmen konform funktionieren und spannende Erlebnisse versprechen. <\/h2>\n\n\n\n<div style=\"height:100px\" aria-hidden=\"true\" class=\"wp-block-spacer\"><\/div>\n\n\n\n<p><em>Pressemitteilung<\/em><\/p>\n\n\n\n<div style=\"height:100px\" aria-hidden=\"true\" class=\"wp-block-spacer\"><\/div>\n\n\n\n<p>Sei es w\u00e4hrend eines Spaziergangs via Kopfh\u00f6rer, per Bestellung vor dem eigenen Balkon oder im musealen Kontext beim Betrachten einer Installation: Das Theater Roxy wird im M\u00e4rz zu einem treuen Freund und Begleiter durch den Fr\u00fchling. <\/p>\n\n\n\n<div style=\"height:100px\" aria-hidden=\"true\" class=\"wp-block-spacer\"><\/div>\n\n\n\n<p class=\"has-background has-text-align-center has-medium-font-size has-very-light-gray-background-color\">Programm\u00fcbersicht<\/p>\n\n\n\n<div style=\"height:20px\" aria-hidden=\"true\" class=\"wp-block-spacer\"><\/div>\n\n\n\n<h4>PERFORMANCE<br><strong><em>Dein blaues Wunder <\/em><\/strong>I <strong>Kollektiv sch\u00f6ner scheitern<\/strong><br>Montag, 1.03 bis Mittwoch, 12.05<\/h4>\n\n\n\n<div style=\"height:20px\" aria-hidden=\"true\" class=\"wp-block-spacer\"><\/div>\n\n\n\n<p>Das Projekt EMOTIONEN NORMALER MENSCHEN sollte am 27.01.2021 im ROXY seine grosse Premiere feiern. Das Kollektiv\u00a0<strong>sch\u00f6ner scheitern\u00a0<\/strong>recherchierte, konzipierte, organisierte F\u00f6rderbeitr\u00e4ge, schrieb Fassung um Fassung und probte intensiv auf diesen Tag hin. Alles sollte trotz der ungewissen Lage fertig werden und das wurde es auch. Doch dann kam die Verl\u00e4ngerung der Massnahmen. Die Theater sind immer noch geschlossen und die Auseinandersetzung eines Solo-Performers mit der ber\u00fchmten Comic Figur Wonder Woman \u00a9 by DC Comics bleibt bis jetzt ein St\u00fcck ohne Publikum. <\/p>\n\n\n\n<p><strong>Benedikt Greiner<\/strong> will nicht still sitzen bleiben und auf die n\u00e4chste Vorstellung warten, das w\u00fcrde Wonder Woman \u00a9 by DC Comics schliesslich auch nicht tun. <\/p>\n\n\n\n<p>Also startet er einen Aufruf: Erz\u00e4hlt ihm, was Euch gerade am meisten fehlt. Fordert ihn heraus, Eure W\u00fcnsche auf performative Weise zu erf\u00fcllen. Durch seine intensive Besch\u00e4ftigung mit der Superheldin, ist Benedikt nun in der festen \u00dcberzeugung, Wunder wahr werden zu lassen zu k\u00f6nnen. Oder dabei (sch\u00f6ner) zu scheitern. <\/p>\n\n\n\n<div style=\"height:20px\" aria-hidden=\"true\" class=\"wp-block-spacer\"><\/div>\n\n\n\n<p><em>\u260e\ufe0f Ab Montag, den 01.03. k\u00f6nnen Sie Benedikt eine Nachricht an <strong>+41766998648<\/strong> senden (SMS, Telegram, Signal, Threema) und Ihr pers\u00f6nliches blaues Wunder w\u00fcnschen. Bis zur n\u00e4chsten geplanten Vorstellung von EMOTIONEN NORMALER MENSCHEN am 12.05. wird dies m\u00f6glich sein. <\/em><\/p>\n\n\n\n<div style=\"height:50px\" aria-hidden=\"true\" class=\"wp-block-spacer\"><\/div>\n\n\n\n<figure class=\"wp-block-embed-vimeo wp-block-embed is-type-video is-provider-vimeo wp-embed-aspect-16-9 wp-has-aspect-ratio\"><div class=\"wp-block-embed__wrapper\">\n<div class=\"jeg_video_container jeg_video_content\"><iframe loading=\"lazy\" title=\"sch&amp;ouml;ner scheitern: Dein blaues Wunder\" src=\"https:\/\/player.vimeo.com\/video\/517476749?dnt=1&amp;app_id=122963\" width=\"500\" height=\"281\" frameborder=\"0\" allow=\"autoplay; fullscreen; picture-in-picture\" allowfullscreen><\/iframe><\/div>\n<\/div><\/figure>\n\n\n\n<div style=\"height:63px\" aria-hidden=\"true\" class=\"wp-block-spacer\"><\/div>\n\n\n\n<h4>AUDIOWALK<br><strong><em>QUANDO SEI SOLO CI SONO MILIONI CON TE<\/em><\/strong><br><strong>Patrick M\u00fcller und Remo Helfenstein<\/strong><br>Freitag 05.03. \u2013 Montag 09.04.<\/h4>\n\n\n\n<div style=\"height:20px\" aria-hidden=\"true\" class=\"wp-block-spacer\"><\/div>\n\n\n\n<p>QUANDO SEI SOLO CI SONO MILIONI CON TE IST ein Audiowalk \u00fcber das Reden und das Verstehen, die Musik und das Alleinsein, \u00fcber menschliche Limitationen und die Sensation des Tief-Ber\u00fchrt- Seins. <strong>Remo Helfenstein<\/strong> und <strong>Patrick M\u00fcller<\/strong> haben Menschen in ihrem Umfeld gebeten, Lieder auszuw\u00e4hlen und sie zu singen, dar\u00fcber zu sprechen und ihnen die Aufnahmen als Sprachnachricht zu schicken. Remo Helfenstein hat diese Nachrichten bearbeitet und seine eigene Musik und sein Sounddesign eingebettet.<\/p>\n\n\n\n<p>Daraus ist eine H\u00f6rcollage entstanden, die man sich spazierend anh\u00f6rt. Das Tolle daran ist, dass man keine spezifische Strecke abl\u00e4uft. Man stellt sich die Route nach den eigenen W\u00fcnschen und M\u00f6glichkeiten zusammen. Es ist also m\u00f6glich, den Audiowalk irgendwann und irgendwo zu machen. F\u00fcr die Dauer von vier Wochen stellen sie ihre Arbeit auf Soundcloud aus. Sie schalten den Link am 5. M\u00e4rz 2021 auf der ROXY Webseite und l\u00f6schen ihn am 9. April 2021 wieder.<\/p>\n\n\n\n<div style=\"height:20px\" aria-hidden=\"true\" class=\"wp-block-spacer\"><\/div>\n\n\n\n<p>\ud83d\udc63 <em>Und so funktioniert der Audiowalk: Suchen Sie sich eine Strecke aus in der Natur, f\u00fcr die Sie etwas l\u00e4nger als 30 Minuten brauchen. Es hilft, wenn man immer weiss, wohin man l\u00e4uft.<\/em><\/p>\n\n\n\n<div style=\"height:20px\" aria-hidden=\"true\" class=\"wp-block-spacer\"><\/div>\n\n\n\n<div class=\"wp-block-image\"><figure class=\"aligncenter size-large\"><img decoding=\"async\" loading=\"lazy\" width=\"1024\" height=\"724\" src=\"https:\/\/www.szenik.eu\/wp-content\/uploads\/2021\/03\/Gruppenfoto-Hangen-mit-Avataren-1024x724.jpg\" alt=\"\" class=\"wp-image-38028\" srcset=\"https:\/\/www.szenik.eu\/wp-content\/uploads\/2021\/03\/Gruppenfoto-Hangen-mit-Avataren-1024x724.jpg 1024w, https:\/\/www.szenik.eu\/wp-content\/uploads\/2021\/03\/Gruppenfoto-Hangen-mit-Avataren-300x212.jpg 300w, https:\/\/www.szenik.eu\/wp-content\/uploads\/2021\/03\/Gruppenfoto-Hangen-mit-Avataren-768x543.jpg 768w, https:\/\/www.szenik.eu\/wp-content\/uploads\/2021\/03\/Gruppenfoto-Hangen-mit-Avataren-1536x1086.jpg 1536w, https:\/\/www.szenik.eu\/wp-content\/uploads\/2021\/03\/Gruppenfoto-Hangen-mit-Avataren-120x86.jpg 120w, https:\/\/www.szenik.eu\/wp-content\/uploads\/2021\/03\/Gruppenfoto-Hangen-mit-Avataren-750x530.jpg 750w, https:\/\/www.szenik.eu\/wp-content\/uploads\/2021\/03\/Gruppenfoto-Hangen-mit-Avataren-1140x806.jpg 1140w, https:\/\/www.szenik.eu\/wp-content\/uploads\/2021\/03\/Gruppenfoto-Hangen-mit-Avataren.jpg 1754w\" sizes=\"(max-width: 1024px) 100vw, 1024px\" \/><\/figure><\/div>\n\n\n\n<div style=\"height:52px\" aria-hidden=\"true\" class=\"wp-block-spacer\"><\/div>\n\n\n\n<h4>INSTALLATION<br><strong><em>St\u00fccke f\u00fcr die Schwerkraft<\/em><\/strong> <strong><em>&amp; China Series<\/em><\/strong> <strong><em>(Extracts)<\/em><\/strong><br>Museumsedition<br>Freitag, 12.03 &#8211; Samstag 13.03<\/h4>\n\n\n\n<div style=\"height:20px\" aria-hidden=\"true\" class=\"wp-block-spacer\"><\/div>\n\n\n\n<p>Ab 1. M\u00e4rz d\u00fcrfen die Museen in der Schweiz wieder \u00f6ffnen. Also wird das ROXY Birsfelden eben zum Museum. Am 12. Und 13. M\u00e4rz \u00f6ffnen wir das Haus f\u00fcr eine begrenzte Besucher*innenzahl und pr\u00e4sentieren drei installative Arbeiten des Theaterkollektivs\u00a0<strong>ultra\u00a0<\/strong>und des K\u00fcnstlers\u00a0<strong>Julian Vogel<\/strong>. <\/p>\n\n\n\n<p>Nacheinander k\u00f6nnen die Besucher*innen drei verschiedene R\u00e4ume entdecken, in denen Objekte in Bewegung gebracht werden, der Schwerkraft trotzen oder sich ihr vollends hingeben. Eigens f\u00fcr diesen Anlass adaptieren\u00a0<strong>ultra\u00a0<\/strong>und Julian\u00a0<strong>Vogel\u00a0<\/strong>ihre Arbeiten <strong><em>ST\u00dcCK F\u00dcR DIE SCHWERKRAFT<\/em><\/strong> und <strong><em>CHINA SERIES (EXTRACTS)<\/em><\/strong>, die als B\u00fchnenperformances in einem Doppelabend geplant waren. <\/p>\n\n\n\n<p>Die Besuchenden k\u00f6nnen sich frei durch die Installationen bewegen, treten in Interaktion mit den Objekten und werden so selbst zu Performenden.<\/p>\n\n\n\n<div style=\"height:20px\" aria-hidden=\"true\" class=\"wp-block-spacer\"><\/div>\n\n\n\n<p>\ud83d\udd0d <em>F\u00fcr den Besuch der Installationen ist ein Ticket, das f\u00fcr eine bestimmte Zeit innerhalb der angegebenen Zeitr\u00e4ume g\u00fcltig ist, n\u00f6tig. Genaue Informationen und Tickets gibt es ab 2. M\u00e4rz auf theater-roxy.ch<\/em><\/p>\n\n\n\n<div style=\"height:46px\" aria-hidden=\"true\" class=\"wp-block-spacer\"><\/div>\n\n\n\n<figure class=\"wp-block-embed-vimeo aligncenter wp-block-embed is-type-video is-provider-vimeo wp-embed-aspect-16-9 wp-has-aspect-ratio\"><div class=\"wp-block-embed__wrapper\">\n<div class=\"jeg_video_container jeg_video_content\"><iframe loading=\"lazy\" title=\"ultra: ST&amp;Uuml;CK F&amp;Uuml;R DIE SCHWERKRAFT\" src=\"https:\/\/player.vimeo.com\/video\/503672580?dnt=1&amp;app_id=122963\" width=\"500\" height=\"281\" frameborder=\"0\" allow=\"autoplay; fullscreen; picture-in-picture\" allowfullscreen><\/iframe><\/div>\n<\/div><\/figure>\n\n\n\n<div style=\"height:100px\" aria-hidden=\"true\" class=\"wp-block-spacer\"><\/div>\n\n\n\n<div class=\"wp-block-button aligncenter\"><a class=\"wp-block-button__link has-text-color has-very-dark-gray-color has-background has-luminous-vivid-amber-background-color\" href=\"https:\/\/www.theater-roxy.ch\" target=\"_blank\" rel=\"noreferrer noopener\">Weitere Informationen auf der Website des Theater ROXY<\/a><\/div>\n\n\n\n<div style=\"height:100px\" aria-hidden=\"true\" class=\"wp-block-spacer\"><\/div>\n\n\n\n<p class=\"has-small-font-size\">Foto: Ingvild Jervidalo<\/p>\n\n\n\n<div style=\"height:100px\" aria-hidden=\"true\" class=\"wp-block-spacer\"><\/div>\n","protected":false},"excerpt":{"rendered":"<p>Das Theater ROXY pr\u00e4sentiert in den n\u00e4chsten Wochen k\u00fcnstlerische Arbeiten, die den aktuellen Massnahmen konform funktionieren und spannende Erlebnisse versprechen. Pressemitteilung Sei es w\u00e4hrend eines Spaziergangs via Kopfh\u00f6rer, per Bestellung vor dem eigenen Balkon oder im musealen Kontext beim Betrachten einer Installation: Das Theater Roxy wird im M\u00e4rz zu einem treuen Freund und Begleiter durch [&hellip;]<\/p>\n","protected":false},"author":1,"featured_media":38030,"comment_status":"open","ping_status":"open","sticky":false,"template":"","format":"standard","meta":{"_monsterinsights_skip_tracking":false,"_monsterinsights_sitenote_active":false,"_monsterinsights_sitenote_note":"","_monsterinsights_sitenote_category":0},"categories":[2815,10359],"tags":[10668,9852,10667,10664,10665,10663,10662,10666],"yoast_head":"<!-- This site is optimized with the Yoast SEO plugin v20.5 - https:\/\/yoast.com\/wordpress\/plugins\/seo\/ -->\n<title>M\u00f6chten Sie mit dem Theater Roxy spazieren gehen? I szenik<\/title>\n<meta name=\"description\" content=\"Audiowalk und Co: Das Theater Roxy pr\u00e4sentiert in den n\u00e4chsten Wochen k\u00fcnstlerische Arbeiten, die spannende Erlebnisse versprechen.\" \/>\n<meta name=\"robots\" content=\"index, follow, max-snippet:-1, max-image-preview:large, max-video-preview:-1\" \/>\n<link rel=\"canonical\" href=\"https:\/\/www.szenik.eu\/de\/moechten-sie-mit-dem-theater-roxy-spazieren-gehen-38027\" \/>\n<meta property=\"og:locale\" content=\"de_DE\" \/>\n<meta property=\"og:type\" content=\"article\" \/>\n<meta property=\"og:title\" content=\"M\u00f6chten Sie mit dem Theater Roxy spazieren gehen? I szenik\" \/>\n<meta property=\"og:description\" content=\"Audiowalk und Co: Das Theater Roxy pr\u00e4sentiert in den n\u00e4chsten Wochen k\u00fcnstlerische Arbeiten, die spannende Erlebnisse versprechen.\" \/>\n<meta property=\"og:url\" content=\"https:\/\/www.szenik.eu\/de\/moechten-sie-mit-dem-theater-roxy-spazieren-gehen-38027\" \/>\n<meta property=\"og:site_name\" content=\"szenik\" \/>\n<meta property=\"article:publisher\" content=\"https:\/\/www.facebook.com\/szenik.eu\/\" \/>\n<meta property=\"article:published_time\" content=\"2021-03-02T09:38:09+00:00\" \/>\n<meta property=\"article:modified_time\" content=\"2021-03-02T09:38:13+00:00\" \/>\n<meta property=\"og:image\" content=\"https:\/\/www.szenik.eu\/wp-content\/uploads\/2021\/03\/Capture-d\u2019\u00e9cran-2021-03-02-\u00e0-10.29.53.png\" \/>\n\t<meta property=\"og:image:width\" content=\"1083\" \/>\n\t<meta property=\"og:image:height\" content=\"698\" \/>\n\t<meta property=\"og:image:type\" content=\"image\/png\" \/>\n<meta name=\"author\" content=\"szenik\" \/>\n<meta name=\"twitter:card\" content=\"summary_large_image\" \/>\n<meta name=\"twitter:creator\" content=\"@Szenik\" \/>\n<meta name=\"twitter:site\" content=\"@Szenik\" \/>\n<meta name=\"twitter:label1\" content=\"Verfasst von\" \/>\n\t<meta name=\"twitter:data1\" content=\"szenik\" \/>\n\t<meta name=\"twitter:label2\" content=\"Gesch\u00e4tzte Lesezeit\" \/>\n\t<meta name=\"twitter:data2\" content=\"3\u00a0Minuten\" \/>\n<script type=\"application\/ld+json\" class=\"yoast-schema-graph\">{\"@context\":\"https:\/\/schema.org\",\"@graph\":[{\"@type\":\"Article\",\"@id\":\"https:\/\/www.szenik.eu\/de\/moechten-sie-mit-dem-theater-roxy-spazieren-gehen-38027#article\",\"isPartOf\":{\"@id\":\"https:\/\/www.szenik.eu\/de\/moechten-sie-mit-dem-theater-roxy-spazieren-gehen-38027\"},\"author\":{\"name\":\"szenik\",\"@id\":\"https:\/\/www.szenik.eu\/de\/#\/schema\/person\/15f73f175b41bad194837490339d48fb\"},\"headline\":\"M\u00f6chten Sie mit dem Theater Roxy spazieren gehen?\",\"datePublished\":\"2021-03-02T09:38:09+00:00\",\"dateModified\":\"2021-03-02T09:38:13+00:00\",\"mainEntityOfPage\":{\"@id\":\"https:\/\/www.szenik.eu\/de\/moechten-sie-mit-dem-theater-roxy-spazieren-gehen-38027\"},\"wordCount\":698,\"commentCount\":0,\"publisher\":{\"@id\":\"https:\/\/www.szenik.eu\/de\/#organization\"},\"keywords\":[\"Benedikt Greiner\",\"Birsfelden\",\"Julian Vogel\",\"Patrick M\u00fcller\",\"Remo Helfenstein\",\"sch\u00f6ner scheitern\",\"Theater Roxy\",\"ultra\"],\"articleSection\":[\"Kurz &amp; knackig\",\"TV \/ Streaming\"],\"inLanguage\":\"de\",\"potentialAction\":[{\"@type\":\"CommentAction\",\"name\":\"Comment\",\"target\":[\"https:\/\/www.szenik.eu\/de\/moechten-sie-mit-dem-theater-roxy-spazieren-gehen-38027#respond\"]}]},{\"@type\":\"WebPage\",\"@id\":\"https:\/\/www.szenik.eu\/de\/moechten-sie-mit-dem-theater-roxy-spazieren-gehen-38027\",\"url\":\"https:\/\/www.szenik.eu\/de\/moechten-sie-mit-dem-theater-roxy-spazieren-gehen-38027\",\"name\":\"M\u00f6chten Sie mit dem Theater Roxy spazieren gehen? I szenik\",\"isPartOf\":{\"@id\":\"https:\/\/www.szenik.eu\/de\/#website\"},\"datePublished\":\"2021-03-02T09:38:09+00:00\",\"dateModified\":\"2021-03-02T09:38:13+00:00\",\"description\":\"Audiowalk und Co: Das Theater Roxy pr\u00e4sentiert in den n\u00e4chsten Wochen k\u00fcnstlerische Arbeiten, die spannende Erlebnisse versprechen.\",\"breadcrumb\":{\"@id\":\"https:\/\/www.szenik.eu\/de\/moechten-sie-mit-dem-theater-roxy-spazieren-gehen-38027#breadcrumb\"},\"inLanguage\":\"de\",\"potentialAction\":[{\"@type\":\"ReadAction\",\"target\":[\"https:\/\/www.szenik.eu\/de\/moechten-sie-mit-dem-theater-roxy-spazieren-gehen-38027\"]}]},{\"@type\":\"BreadcrumbList\",\"@id\":\"https:\/\/www.szenik.eu\/de\/moechten-sie-mit-dem-theater-roxy-spazieren-gehen-38027#breadcrumb\",\"itemListElement\":[{\"@type\":\"ListItem\",\"position\":1,\"name\":\"Home\",\"item\":\"https:\/\/www.szenik.eu\/de\"},{\"@type\":\"ListItem\",\"position\":2,\"name\":\"M\u00f6chten Sie mit dem Theater Roxy spazieren gehen?\"}]},{\"@type\":\"WebSite\",\"@id\":\"https:\/\/www.szenik.eu\/de\/#website\",\"url\":\"https:\/\/www.szenik.eu\/de\/\",\"name\":\"szenik\",\"description\":\"Le Meilleur des sc\u00e8nes au coeur de l&#039;Europe\",\"publisher\":{\"@id\":\"https:\/\/www.szenik.eu\/de\/#organization\"},\"potentialAction\":[{\"@type\":\"SearchAction\",\"target\":{\"@type\":\"EntryPoint\",\"urlTemplate\":\"https:\/\/www.szenik.eu\/de\/?s={search_term_string}\"},\"query-input\":\"required name=search_term_string\"}],\"inLanguage\":\"de\"},{\"@type\":\"Organization\",\"@id\":\"https:\/\/www.szenik.eu\/de\/#organization\",\"name\":\"Szenik\",\"url\":\"https:\/\/www.szenik.eu\/de\/\",\"logo\":{\"@type\":\"ImageObject\",\"inLanguage\":\"de\",\"@id\":\"https:\/\/www.szenik.eu\/de\/#\/schema\/logo\/image\/\",\"url\":\"https:\/\/www.szenik.eu\/wp-content\/uploads\/2019\/07\/logo-square.png\",\"contentUrl\":\"https:\/\/www.szenik.eu\/wp-content\/uploads\/2019\/07\/logo-square.png\",\"width\":512,\"height\":512,\"caption\":\"Szenik\"},\"image\":{\"@id\":\"https:\/\/www.szenik.eu\/de\/#\/schema\/logo\/image\/\"},\"sameAs\":[\"https:\/\/www.facebook.com\/szenik.eu\/\",\"https:\/\/twitter.com\/Szenik\",\"https:\/\/www.instagram.com\/szenik_magazine\/\",\"https:\/\/www.youtube.com\/user\/SzenikEU\/\"]},{\"@type\":\"Person\",\"@id\":\"https:\/\/www.szenik.eu\/de\/#\/schema\/person\/15f73f175b41bad194837490339d48fb\",\"name\":\"szenik\",\"image\":{\"@type\":\"ImageObject\",\"inLanguage\":\"de\",\"@id\":\"https:\/\/www.szenik.eu\/de\/#\/schema\/person\/image\/\",\"url\":\"https:\/\/secure.gravatar.com\/avatar\/d1c4f19522a624a4eaa5e6c03e22370b?s=96&d=mm&r=g\",\"contentUrl\":\"https:\/\/secure.gravatar.com\/avatar\/d1c4f19522a624a4eaa5e6c03e22370b?s=96&d=mm&r=g\",\"caption\":\"szenik\"}}]}<\/script>\n<!-- \/ Yoast SEO plugin. -->","yoast_head_json":{"title":"M\u00f6chten Sie mit dem Theater Roxy spazieren gehen? I szenik","description":"Audiowalk und Co: Das Theater Roxy pr\u00e4sentiert in den n\u00e4chsten Wochen k\u00fcnstlerische Arbeiten, die spannende Erlebnisse versprechen.","robots":{"index":"index","follow":"follow","max-snippet":"max-snippet:-1","max-image-preview":"max-image-preview:large","max-video-preview":"max-video-preview:-1"},"canonical":"https:\/\/www.szenik.eu\/de\/moechten-sie-mit-dem-theater-roxy-spazieren-gehen-38027","og_locale":"de_DE","og_type":"article","og_title":"M\u00f6chten Sie mit dem Theater Roxy spazieren gehen? I szenik","og_description":"Audiowalk und Co: Das Theater Roxy pr\u00e4sentiert in den n\u00e4chsten Wochen k\u00fcnstlerische Arbeiten, die spannende Erlebnisse versprechen.","og_url":"https:\/\/www.szenik.eu\/de\/moechten-sie-mit-dem-theater-roxy-spazieren-gehen-38027","og_site_name":"szenik","article_publisher":"https:\/\/www.facebook.com\/szenik.eu\/","article_published_time":"2021-03-02T09:38:09+00:00","article_modified_time":"2021-03-02T09:38:13+00:00","og_image":[{"width":1083,"height":698,"url":"https:\/\/www.szenik.eu\/wp-content\/uploads\/2021\/03\/Capture-d\u2019\u00e9cran-2021-03-02-\u00e0-10.29.53.png","type":"image\/png"}],"author":"szenik","twitter_card":"summary_large_image","twitter_creator":"@Szenik","twitter_site":"@Szenik","twitter_misc":{"Verfasst von":"szenik","Gesch\u00e4tzte Lesezeit":"3\u00a0Minuten"},"schema":{"@context":"https:\/\/schema.org","@graph":[{"@type":"Article","@id":"https:\/\/www.szenik.eu\/de\/moechten-sie-mit-dem-theater-roxy-spazieren-gehen-38027#article","isPartOf":{"@id":"https:\/\/www.szenik.eu\/de\/moechten-sie-mit-dem-theater-roxy-spazieren-gehen-38027"},"author":{"name":"szenik","@id":"https:\/\/www.szenik.eu\/de\/#\/schema\/person\/15f73f175b41bad194837490339d48fb"},"headline":"M\u00f6chten Sie mit dem Theater Roxy spazieren gehen?","datePublished":"2021-03-02T09:38:09+00:00","dateModified":"2021-03-02T09:38:13+00:00","mainEntityOfPage":{"@id":"https:\/\/www.szenik.eu\/de\/moechten-sie-mit-dem-theater-roxy-spazieren-gehen-38027"},"wordCount":698,"commentCount":0,"publisher":{"@id":"https:\/\/www.szenik.eu\/de\/#organization"},"keywords":["Benedikt Greiner","Birsfelden","Julian Vogel","Patrick M\u00fcller","Remo Helfenstein","sch\u00f6ner scheitern","Theater Roxy","ultra"],"articleSection":["Kurz &amp; knackig","TV \/ Streaming"],"inLanguage":"de","potentialAction":[{"@type":"CommentAction","name":"Comment","target":["https:\/\/www.szenik.eu\/de\/moechten-sie-mit-dem-theater-roxy-spazieren-gehen-38027#respond"]}]},{"@type":"WebPage","@id":"https:\/\/www.szenik.eu\/de\/moechten-sie-mit-dem-theater-roxy-spazieren-gehen-38027","url":"https:\/\/www.szenik.eu\/de\/moechten-sie-mit-dem-theater-roxy-spazieren-gehen-38027","name":"M\u00f6chten Sie mit dem Theater Roxy spazieren gehen? I szenik","isPartOf":{"@id":"https:\/\/www.szenik.eu\/de\/#website"},"datePublished":"2021-03-02T09:38:09+00:00","dateModified":"2021-03-02T09:38:13+00:00","description":"Audiowalk und Co: Das Theater Roxy pr\u00e4sentiert in den n\u00e4chsten Wochen k\u00fcnstlerische Arbeiten, die spannende Erlebnisse versprechen.","breadcrumb":{"@id":"https:\/\/www.szenik.eu\/de\/moechten-sie-mit-dem-theater-roxy-spazieren-gehen-38027#breadcrumb"},"inLanguage":"de","potentialAction":[{"@type":"ReadAction","target":["https:\/\/www.szenik.eu\/de\/moechten-sie-mit-dem-theater-roxy-spazieren-gehen-38027"]}]},{"@type":"BreadcrumbList","@id":"https:\/\/www.szenik.eu\/de\/moechten-sie-mit-dem-theater-roxy-spazieren-gehen-38027#breadcrumb","itemListElement":[{"@type":"ListItem","position":1,"name":"Home","item":"https:\/\/www.szenik.eu\/de"},{"@type":"ListItem","position":2,"name":"M\u00f6chten Sie mit dem Theater Roxy spazieren gehen?"}]},{"@type":"WebSite","@id":"https:\/\/www.szenik.eu\/de\/#website","url":"https:\/\/www.szenik.eu\/de\/","name":"szenik","description":"Le Meilleur des sc\u00e8nes au coeur de l&#039;Europe","publisher":{"@id":"https:\/\/www.szenik.eu\/de\/#organization"},"potentialAction":[{"@type":"SearchAction","target":{"@type":"EntryPoint","urlTemplate":"https:\/\/www.szenik.eu\/de\/?s={search_term_string}"},"query-input":"required name=search_term_string"}],"inLanguage":"de"},{"@type":"Organization","@id":"https:\/\/www.szenik.eu\/de\/#organization","name":"Szenik","url":"https:\/\/www.szenik.eu\/de\/","logo":{"@type":"ImageObject","inLanguage":"de","@id":"https:\/\/www.szenik.eu\/de\/#\/schema\/logo\/image\/","url":"https:\/\/www.szenik.eu\/wp-content\/uploads\/2019\/07\/logo-square.png","contentUrl":"https:\/\/www.szenik.eu\/wp-content\/uploads\/2019\/07\/logo-square.png","width":512,"height":512,"caption":"Szenik"},"image":{"@id":"https:\/\/www.szenik.eu\/de\/#\/schema\/logo\/image\/"},"sameAs":["https:\/\/www.facebook.com\/szenik.eu\/","https:\/\/twitter.com\/Szenik","https:\/\/www.instagram.com\/szenik_magazine\/","https:\/\/www.youtube.com\/user\/SzenikEU\/"]},{"@type":"Person","@id":"https:\/\/www.szenik.eu\/de\/#\/schema\/person\/15f73f175b41bad194837490339d48fb","name":"szenik","image":{"@type":"ImageObject","inLanguage":"de","@id":"https:\/\/www.szenik.eu\/de\/#\/schema\/person\/image\/","url":"https:\/\/secure.gravatar.com\/avatar\/d1c4f19522a624a4eaa5e6c03e22370b?s=96&d=mm&r=g","contentUrl":"https:\/\/secure.gravatar.com\/avatar\/d1c4f19522a624a4eaa5e6c03e22370b?s=96&d=mm&r=g","caption":"szenik"}}]}},"jetpack_featured_media_url":"https:\/\/www.szenik.eu\/wp-content\/uploads\/2021\/03\/Capture-d\u2019\u00e9cran-2021-03-02-\u00e0-10.29.53.png","amp_enabled":true,"_links":{"self":[{"href":"https:\/\/www.szenik.eu\/de\/wp-json\/\/wp\/v2\/posts\/38027"}],"collection":[{"href":"https:\/\/www.szenik.eu\/de\/wp-json\/\/wp\/v2\/posts"}],"about":[{"href":"https:\/\/www.szenik.eu\/de\/wp-json\/\/wp\/v2\/types\/post"}],"author":[{"embeddable":true,"href":"https:\/\/www.szenik.eu\/de\/wp-json\/\/wp\/v2\/users\/1"}],"replies":[{"embeddable":true,"href":"https:\/\/www.szenik.eu\/de\/wp-json\/\/wp\/v2\/comments?post=38027"}],"version-history":[{"count":2,"href":"https:\/\/www.szenik.eu\/de\/wp-json\/\/wp\/v2\/posts\/38027\/revisions"}],"predecessor-version":[{"id":38035,"href":"https:\/\/www.szenik.eu\/de\/wp-json\/\/wp\/v2\/posts\/38027\/revisions\/38035"}],"wp:featuredmedia":[{"embeddable":true,"href":"https:\/\/www.szenik.eu\/de\/wp-json\/\/wp\/v2\/media\/38030"}],"wp:attachment":[{"href":"https:\/\/www.szenik.eu\/de\/wp-json\/\/wp\/v2\/media?parent=38027"}],"wp:term":[{"taxonomy":"category","embeddable":true,"href":"https:\/\/www.szenik.eu\/de\/wp-json\/\/wp\/v2\/categories?post=38027"},{"taxonomy":"post_tag","embeddable":true,"href":"https:\/\/www.szenik.eu\/de\/wp-json\/\/wp\/v2\/tags?post=38027"}],"curies":[{"name":"wp","href":"https:\/\/api.w.org\/{rel}","templated":true}]}}