{"id":38011,"date":"2021-03-02T09:13:43","date_gmt":"2021-03-02T08:13:43","guid":{"rendered":"https:\/\/www.szenik.eu\/?p=38011\/"},"modified":"2021-03-02T10:39:59","modified_gmt":"2021-03-02T09:39:59","slug":"souvenirsdie-neue-streaming-reihe-des-opernhaus-zuerich-mit-nikolaus-harnoncourt-cecilia-bartoli-und-jonas-kaufmann","status":"publish","type":"post","link":"https:\/\/www.szenik.eu\/de\/souvenirsdie-neue-streaming-reihe-des-opernhaus-zuerich-mit-nikolaus-harnoncourt-cecilia-bartoli-und-jonas-kaufmann-38011","title":{"rendered":"&#8222;Souvenirs&#8220;,die neue Streaming-Reihe des Opernhaus Z\u00fcrich mit Nikolaus Harnoncourt, Cecilia Bartoli und Jonas Kaufmann"},"content":{"rendered":"\n<h2>Theaterlegenden sind meist im Ged\u00e4chtnis derjenigen verankert, die dabei waren als Grosses auf der B\u00fchne entstand. Mit der neuen Streaming-Reihe \u00abSouvenirs\u00bb erweckt das Opernhaus diese Legenden&nbsp;<strong>an den Wochenenden zwischen M\u00e4rz und Mai&nbsp;<\/strong>wieder zum Leben.<\/h2>\n\n\n\n<div style=\"height:100px\" aria-hidden=\"true\" class=\"wp-block-spacer\"><\/div>\n\n\n\n<p><em>Pressemitteilung<\/em><\/p>\n\n\n\n<div style=\"height:100px\" aria-hidden=\"true\" class=\"wp-block-spacer\"><\/div>\n\n\n\n<p>Dank der freundlichen Unterst\u00fctzung der beiden Partner des Opernhauses, der UBS und der Credit Suisse, werden acht besondere Produktionen aus den Chroniken des Opernhauses den kostenfreien Online-Spielplan des Hauses um eindr\u00fcckliche Erinnerungen und \u00fcberraschend neue Erlebnisse erweitern.<\/p>\n\n\n\n<p>Es ist eine Auswahl, die einem der bedeutendsten Dirigenten des Hauses, <strong>Nikolaus Harnoncourt<\/strong>, die Ehre erweist. Sein interpretatorisches Schaffen in Z\u00fcrich ist voll von \u00fcberraschenden Repertoire-Erkundungen und weist weit \u00fcber seine Zeit hinaus. In zahlreichen Titeln dieser Streaming-Reihe tragen wir diesem k\u00fcnstlerischen Verm\u00e4chtnis Rechnung. Aber die \u00abSouvenir\u00bb-Auswahl bietet auch die Wiederbegegnungen mit grossen Gesangsk\u00fcnstlerinnen und -k\u00fcnstlern, wenn etwa die junge<strong> Cecilia Bartoli <\/strong>als Donna Elvira in \u00abDon Giovanni\u00bb, <strong>Vesselina Kasarova <\/strong>als Offenbachs \u00abSch\u00f6ne Helena\u00bb oder der junge <strong>Jonas Kaufmann<\/strong> als Florestan zu erleben sind. Ausserdem lassen sich selten gespielte Werke wie Schumanns \u00abGenoveva\u00bb oder Engelbert Humperdincks \u00abK\u00f6nigskinder\u00bb erneut entdecken.<\/p>\n\n\n\n<p>Gleich am&nbsp;<strong>ersten Streamingwochenende ab Freitag, 5. M\u00e4rz&nbsp;<\/strong>steht mit der Inszenierung von&nbsp;<strong>Carl Maria von Webers \u00abFreisch\u00fctz\u00bb&nbsp;<\/strong>die Begegnung zweier Pers\u00f6nlichkeiten auf dem Programm, die unterschiedlicher kaum sein k\u00f6nnten. Die streitbare und unangefochtene Grande Dame des \u00abRegietheaters\u00bb&nbsp;<strong>Ruth Berghaus&nbsp;<\/strong>und der Pionier der Originalklang-Bewegung&nbsp;<strong>Nikolaus Harnoncourt&nbsp;<\/strong>schufen gemeinsam eine Interpretation dieser&nbsp;ersten deutschen Nationaloper, die ohne jegliches Kolorit auskommt und trotzdem die schwarze Romantik umarmt.&nbsp;Im Mitschnitt der Wiederaufnahme von 1999 stand dem Dirigenten ein herausragendes Ensemble zur Verf\u00fcgung \u2013 darunter der Tenor&nbsp;<strong>Peter Seiffert als Max, die Sopranistin Inga Nielsen als Agathe und der Bass Matti Salminen als Kaspar.<\/strong><\/p>\n\n\n\n<div style=\"height:100px\" aria-hidden=\"true\" class=\"wp-block-spacer\"><\/div>\n\n\n\n<p class=\"has-background has-text-align-center has-medium-font-size has-very-light-gray-background-color\">Das Programm im \u00dcberblick<\/p>\n\n\n\n<div style=\"height:20px\" aria-hidden=\"true\" class=\"wp-block-spacer\"><\/div>\n\n\n\n<h4><strong>Freitag, 5. M\u00e4rz, 18 Uhr \u2013 Montag, 8. M\u00e4rz, 11 Uhr <\/strong><br><strong>\u00abDER FREISCH\u00dcTZ\u00bb<\/strong> <strong>I Carl Maria von Weber<\/strong><\/h4>\n\n\n\n<p>Regie: <strong>Ruth Berghaus<\/strong><br>Dirigent: <strong>Nikolaus Harnoncourt<\/strong><br>Mit (u.a.): <strong>Inga Nielsen, Malin Hartelius, Peter Seiffert, Matti Salminen, Werner G\u00f6sche<\/strong>l, <strong>Philharmonia Z\u00fcrich<\/strong>, <strong>Chor der Oper Z\u00fcrich<\/strong><br>A<em>ufgezeichnet im Opernhaus Z\u00fcrich 1999<\/em><\/p>\n\n\n\n<div style=\"height:100px\" aria-hidden=\"true\" class=\"wp-block-spacer\"><\/div>\n\n\n\n<h4><strong>Freitag, 12. M\u00e4rz, 18 Uhr \u2013 Montag, 15. M\u00e4rz, 11 Uhr <\/strong><br><strong>\u00abLA BELLE H\u00c9L\u00c8NE\u00bb I Jacques Offenbach<\/strong><\/h4>\n\n\n\n<p>Regie: <strong>Helmut Lohner<\/strong><br>Dirigent: <strong>Nikolaus Harnoncourt<\/strong><br>Mit (u.a.): <strong>Vesselina Kasarova, Carlos Chausson, Deon van der Walt, Philharmonia Z\u00fcrich, Chor der Oper Z\u00fcrich <\/strong><br><em>Aufgezeichnet im Opernhaus Z\u00fcrich 1997<\/em><\/p>\n\n\n\n<div style=\"height:100px\" aria-hidden=\"true\" class=\"wp-block-spacer\"><\/div>\n\n\n\n<h4><strong>Freitag, 19. M\u00e4rz, 18 Uhr \u2013 Montag, 22. M\u00e4rz, 11 Uhr <\/strong><br><strong>\u00abDON GIOVANNI\u00bb I Wolfgang Amadeus Mozart<\/strong><\/h4>\n\n\n\n<p>Regie: <strong>J\u00fcrgen Flimm<\/strong><br>Dirigent: <strong>Nikolaus Harnoncourt<\/strong><br>Mit (u.a.): <strong>Cecilia Bartoli, Liliana Nikiteanu, Rodney Gilfrey, Philharmonia Z\u00fcrich, Chor der Oper Z\u00fcrich<\/strong> <br><em>Aufgezeichnet im Opernhaus Z\u00fcrich 2001<\/em><\/p>\n\n\n\n<div style=\"height:100px\" aria-hidden=\"true\" class=\"wp-block-spacer\"><\/div>\n\n\n\n<h4><strong>Freitag, 26. M\u00e4rz, 18 Uhr \u2013 Montag, 29. M\u00e4rz, 11 Uhr <\/strong><br><strong>\u00abGENOVEVA\u00bb I Robert Schumann<\/strong><\/h4>\n\n\n\n<p>Regie: <strong>Martin Ku\u0161ej<\/strong><br>Dirigent: <strong>Nikolaus Harnoncourt<\/strong><br>Mit (u.a.): <strong>Juliane Banse, Martin Gantner, Shawn Mathey, Cornelia Kallisch, Philharmonia Z\u00fcrich, Chor der Oper Z\u00fcrich <\/strong><br><em>Aufgezeichnet im Opernhaus Z\u00fcrich 2007<\/em><\/p>\n\n\n\n<div style=\"height:100px\" aria-hidden=\"true\" class=\"wp-block-spacer\"><\/div>\n\n\n\n<h4><strong> Donnerstag, 1. April, 18 Uhr \u2013 Dienstag, 6. April, 11 Uhr <\/strong><br><strong>\u00abCLARI\u00bb<\/strong> <strong>I Fromental Hal\u00e9vy<\/strong><\/h4>\n\n\n\n<p>Regie: <strong>Moshe Leiser &amp; Patrice Caurier<\/strong><br>Dirigent:<strong> Adam Fischer<\/strong><br>Mit (u.a.):<strong> Cecilia Bartoli, John Osborn, Philharmonia Z\u00fcrich, Chor der Oper Z\u00fcrich <\/strong><br><em>Aufgezeichnet im Opernhaus Z\u00fcrich 2010<\/em><\/p>\n\n\n\n<div style=\"height:100px\" aria-hidden=\"true\" class=\"wp-block-spacer\"><\/div>\n\n\n\n<h4><strong>Freitag, 23. April, 18 Uhr \u2013 Montag, 26. April, 11 Uhr <\/strong><br><strong>\u00abK\u00d6NIGSKINDER\u00bb<\/strong> <strong>I Engelbert Humperdinck<\/strong><\/h4>\n\n\n\n<p>Regie: <strong>Jens-Daniel Herzog<\/strong><br>Dirigent: <strong>Ingo Metzmacher<\/strong><br>Mit (u.a.): <strong>Jonas Kaufmann, Isabel Rey, Philharmonia Z\u00fcrich, Chor der Oper Z\u00fcrich <\/strong><br><em>Aufgezeichnet im Opernhaus Z\u00fcrich 2012<\/em><\/p>\n\n\n\n<div style=\"height:100px\" aria-hidden=\"true\" class=\"wp-block-spacer\"><\/div>\n\n\n\n<h4><strong>Freitag, 30. April, 18 Uhr \u2013 Montag, 3. Mai, 11 Uhr <\/strong><br><strong>\u00abFIDELIO\u00bb<\/strong> <strong>I Ludwig van Beethoven<\/strong><\/h4>\n\n\n\n<p>Regie: <strong>J\u00fcrgen Flimm<\/strong><br>Dirigent: <strong>Nikolaus Harnoncourt<\/strong><br>Mit (u.a.): <strong>Camilla Nylund, Jonas Kaufmann, Alfred Muff, L\u00e1szl\u00f3 Polg\u00e1r, Philharmonia Z\u00fcrich, Chor der Oper Z\u00fcrich <\/strong><br><em>Aufgezeichnet im Opernhaus Z\u00fcrich 2004<\/em><\/p>\n\n\n\n<div style=\"height:100px\" aria-hidden=\"true\" class=\"wp-block-spacer\"><\/div>\n\n\n\n<h4><strong>Freitag, 7. Mai, 18 Uhr \u2013 Montag, 10. Mai, 11 Uhr <\/strong><br><strong>\u00abSEMELE\u00bb I Georg Friedrich H\u00e4ndel<\/strong><\/h4>\n\n\n\n<p>Regie: <strong>Robert Carsen<\/strong><br>Dirigent: <strong>William Christie<\/strong><br>Mit (u.a.): <strong>Cecilia Bartoli, Orchestra La Scintilla <\/strong><br><em>Aufgezeichnet im Opernhaus Z\u00fcrich 2007<\/em><\/p>\n\n\n\n<div style=\"height:100px\" aria-hidden=\"true\" class=\"wp-block-spacer\"><\/div>\n\n\n\n<div class=\"wp-block-button aligncenter\"><a class=\"wp-block-button__link has-text-color has-very-dark-gray-color has-background has-luminous-vivid-amber-background-color\" href=\"https:\/\/www.opernhaus.ch\/digital\/corona-spielplan\/\" target=\"_blank\" rel=\"noreferrer noopener\">Weitere Informationen auf der Website des Opernhaus Z\u00fcrich<\/a><\/div>\n\n\n\n<div style=\"height:100px\" aria-hidden=\"true\" class=\"wp-block-spacer\"><\/div>\n\n\n\n<p class=\"has-small-font-size\">Foto: Semele I Cecilia Bartoli I Susanne Schwiertz<\/p>\n\n\n\n<div style=\"height:100px\" aria-hidden=\"true\" class=\"wp-block-spacer\"><\/div>\n","protected":false},"excerpt":{"rendered":"<p>Theaterlegenden sind meist im Ged\u00e4chtnis derjenigen verankert, die dabei waren als Grosses auf der B\u00fchne entstand. Mit der neuen Streaming-Reihe \u00abSouvenirs\u00bb erweckt das Opernhaus diese Legenden&nbsp;an den Wochenenden zwischen M\u00e4rz und Mai&nbsp;wieder zum Leben. Pressemitteilung Dank der freundlichen Unterst\u00fctzung der beiden Partner des Opernhauses, der UBS und der Credit Suisse, werden acht besondere Produktionen aus [&hellip;]<\/p>\n","protected":false},"author":1,"featured_media":38012,"comment_status":"open","ping_status":"open","sticky":false,"template":"","format":"standard","meta":{"_monsterinsights_skip_tracking":false,"_monsterinsights_sitenote_active":false,"_monsterinsights_sitenote_note":"","_monsterinsights_sitenote_category":0},"categories":[10359],"tags":[10642,10634,10637,10644,10643,10635,10638,10639,10640,10523,2855,10641,10162,10636,10645,2856],"yoast_head":"<!-- This site is optimized with the Yoast SEO plugin v20.5 - https:\/\/yoast.com\/wordpress\/plugins\/seo\/ -->\n<title>&quot;Souvenirs&quot;,die neue Streaming-Reihe des Opernhaus Z\u00fcrich I szenik<\/title>\n<meta name=\"description\" content=\"Mit der neuen Streaming-Reihe \u00abSouvenirs\u00bb erweckt das Opernhaus Z\u00fcrich wahre Legenden an den Wochenenden zwischen M\u00e4rz und Mai wieder zum Leben.\" \/>\n<meta name=\"robots\" content=\"index, follow, max-snippet:-1, max-image-preview:large, max-video-preview:-1\" \/>\n<link rel=\"canonical\" href=\"https:\/\/www.szenik.eu\/de\/souvenirsdie-neue-streaming-reihe-des-opernhaus-zuerich-mit-nikolaus-harnoncourt-cecilia-bartoli-und-jonas-kaufmann-38011\" \/>\n<meta property=\"og:locale\" content=\"de_DE\" \/>\n<meta property=\"og:type\" content=\"article\" \/>\n<meta property=\"og:title\" content=\"&quot;Souvenirs&quot;,die neue Streaming-Reihe des Opernhaus Z\u00fcrich I szenik\" \/>\n<meta property=\"og:description\" content=\"Mit der neuen Streaming-Reihe \u00abSouvenirs\u00bb erweckt das Opernhaus Z\u00fcrich wahre Legenden an den Wochenenden zwischen M\u00e4rz und Mai wieder zum Leben.\" \/>\n<meta property=\"og:url\" content=\"https:\/\/www.szenik.eu\/de\/souvenirsdie-neue-streaming-reihe-des-opernhaus-zuerich-mit-nikolaus-harnoncourt-cecilia-bartoli-und-jonas-kaufmann-38011\" \/>\n<meta property=\"og:site_name\" content=\"szenik\" \/>\n<meta property=\"article:publisher\" content=\"https:\/\/www.facebook.com\/szenik.eu\/\" \/>\n<meta property=\"article:published_time\" content=\"2021-03-02T08:13:43+00:00\" \/>\n<meta property=\"article:modified_time\" content=\"2021-03-02T09:39:59+00:00\" \/>\n<meta property=\"og:image\" content=\"https:\/\/www.szenik.eu\/wp-content\/uploads\/2021\/03\/Capture-d\u2019\u00e9cran-2021-03-02-\u00e0-09.07.30.png\" \/>\n\t<meta property=\"og:image:width\" content=\"1058\" \/>\n\t<meta property=\"og:image:height\" content=\"701\" \/>\n\t<meta property=\"og:image:type\" content=\"image\/png\" \/>\n<meta name=\"author\" content=\"szenik\" \/>\n<meta name=\"twitter:card\" content=\"summary_large_image\" \/>\n<meta name=\"twitter:creator\" content=\"@Szenik\" \/>\n<meta name=\"twitter:site\" content=\"@Szenik\" \/>\n<meta name=\"twitter:label1\" content=\"Verfasst von\" \/>\n\t<meta name=\"twitter:data1\" content=\"szenik\" \/>\n\t<meta name=\"twitter:label2\" content=\"Gesch\u00e4tzte Lesezeit\" \/>\n\t<meta name=\"twitter:data2\" content=\"3\u00a0Minuten\" \/>\n<script type=\"application\/ld+json\" class=\"yoast-schema-graph\">{\"@context\":\"https:\/\/schema.org\",\"@graph\":[{\"@type\":\"Article\",\"@id\":\"https:\/\/www.szenik.eu\/de\/souvenirsdie-neue-streaming-reihe-des-opernhaus-zuerich-mit-nikolaus-harnoncourt-cecilia-bartoli-und-jonas-kaufmann-38011#article\",\"isPartOf\":{\"@id\":\"https:\/\/www.szenik.eu\/de\/souvenirsdie-neue-streaming-reihe-des-opernhaus-zuerich-mit-nikolaus-harnoncourt-cecilia-bartoli-und-jonas-kaufmann-38011\"},\"author\":{\"name\":\"szenik\",\"@id\":\"https:\/\/www.szenik.eu\/de\/#\/schema\/person\/15f73f175b41bad194837490339d48fb\"},\"headline\":\"&#8222;Souvenirs&#8220;,die neue Streaming-Reihe des Opernhaus Z\u00fcrich mit Nikolaus Harnoncourt, Cecilia Bartoli und Jonas Kaufmann\",\"datePublished\":\"2021-03-02T08:13:43+00:00\",\"dateModified\":\"2021-03-02T09:39:59+00:00\",\"mainEntityOfPage\":{\"@id\":\"https:\/\/www.szenik.eu\/de\/souvenirsdie-neue-streaming-reihe-des-opernhaus-zuerich-mit-nikolaus-harnoncourt-cecilia-bartoli-und-jonas-kaufmann-38011\"},\"wordCount\":672,\"commentCount\":0,\"publisher\":{\"@id\":\"https:\/\/www.szenik.eu\/de\/#organization\"},\"keywords\":[\"Adam Fischer\",\"Cecilia Bartoli\",\"Helmut Lohner\",\"Ingo Metzmacher\",\"Jens-Daniel Herzog\",\"Jonas Kaufmann\",\"J\u00fcrgen Flimm\",\"Martin Ku\u0161ej\",\"Moshe Leiser\",\"Nikolaus Harnoncourt\",\"Opernhaus Z\u00fcrich\",\"Patrice Caurier\",\"Robert Carsen\",\"Ruth Berghaus\",\"William Christie\",\"Z\u00fcrich\"],\"articleSection\":[\"TV \/ Streaming\"],\"inLanguage\":\"de\",\"potentialAction\":[{\"@type\":\"CommentAction\",\"name\":\"Comment\",\"target\":[\"https:\/\/www.szenik.eu\/de\/souvenirsdie-neue-streaming-reihe-des-opernhaus-zuerich-mit-nikolaus-harnoncourt-cecilia-bartoli-und-jonas-kaufmann-38011#respond\"]}]},{\"@type\":\"WebPage\",\"@id\":\"https:\/\/www.szenik.eu\/de\/souvenirsdie-neue-streaming-reihe-des-opernhaus-zuerich-mit-nikolaus-harnoncourt-cecilia-bartoli-und-jonas-kaufmann-38011\",\"url\":\"https:\/\/www.szenik.eu\/de\/souvenirsdie-neue-streaming-reihe-des-opernhaus-zuerich-mit-nikolaus-harnoncourt-cecilia-bartoli-und-jonas-kaufmann-38011\",\"name\":\"\\\"Souvenirs\\\",die neue Streaming-Reihe des Opernhaus Z\u00fcrich I szenik\",\"isPartOf\":{\"@id\":\"https:\/\/www.szenik.eu\/de\/#website\"},\"datePublished\":\"2021-03-02T08:13:43+00:00\",\"dateModified\":\"2021-03-02T09:39:59+00:00\",\"description\":\"Mit der neuen Streaming-Reihe \u00abSouvenirs\u00bb erweckt das Opernhaus Z\u00fcrich wahre Legenden an den Wochenenden zwischen M\u00e4rz und Mai wieder zum Leben.\",\"breadcrumb\":{\"@id\":\"https:\/\/www.szenik.eu\/de\/souvenirsdie-neue-streaming-reihe-des-opernhaus-zuerich-mit-nikolaus-harnoncourt-cecilia-bartoli-und-jonas-kaufmann-38011#breadcrumb\"},\"inLanguage\":\"de\",\"potentialAction\":[{\"@type\":\"ReadAction\",\"target\":[\"https:\/\/www.szenik.eu\/de\/souvenirsdie-neue-streaming-reihe-des-opernhaus-zuerich-mit-nikolaus-harnoncourt-cecilia-bartoli-und-jonas-kaufmann-38011\"]}]},{\"@type\":\"BreadcrumbList\",\"@id\":\"https:\/\/www.szenik.eu\/de\/souvenirsdie-neue-streaming-reihe-des-opernhaus-zuerich-mit-nikolaus-harnoncourt-cecilia-bartoli-und-jonas-kaufmann-38011#breadcrumb\",\"itemListElement\":[{\"@type\":\"ListItem\",\"position\":1,\"name\":\"Home\",\"item\":\"https:\/\/www.szenik.eu\/de\"},{\"@type\":\"ListItem\",\"position\":2,\"name\":\"&#8222;Souvenirs&#8220;,die neue Streaming-Reihe des Opernhaus Z\u00fcrich mit Nikolaus Harnoncourt, Cecilia Bartoli und Jonas Kaufmann\"}]},{\"@type\":\"WebSite\",\"@id\":\"https:\/\/www.szenik.eu\/de\/#website\",\"url\":\"https:\/\/www.szenik.eu\/de\/\",\"name\":\"szenik\",\"description\":\"Le Meilleur des sc\u00e8nes au coeur de l&#039;Europe\",\"publisher\":{\"@id\":\"https:\/\/www.szenik.eu\/de\/#organization\"},\"potentialAction\":[{\"@type\":\"SearchAction\",\"target\":{\"@type\":\"EntryPoint\",\"urlTemplate\":\"https:\/\/www.szenik.eu\/de\/?s={search_term_string}\"},\"query-input\":\"required name=search_term_string\"}],\"inLanguage\":\"de\"},{\"@type\":\"Organization\",\"@id\":\"https:\/\/www.szenik.eu\/de\/#organization\",\"name\":\"Szenik\",\"url\":\"https:\/\/www.szenik.eu\/de\/\",\"logo\":{\"@type\":\"ImageObject\",\"inLanguage\":\"de\",\"@id\":\"https:\/\/www.szenik.eu\/de\/#\/schema\/logo\/image\/\",\"url\":\"https:\/\/www.szenik.eu\/wp-content\/uploads\/2019\/07\/logo-square.png\",\"contentUrl\":\"https:\/\/www.szenik.eu\/wp-content\/uploads\/2019\/07\/logo-square.png\",\"width\":512,\"height\":512,\"caption\":\"Szenik\"},\"image\":{\"@id\":\"https:\/\/www.szenik.eu\/de\/#\/schema\/logo\/image\/\"},\"sameAs\":[\"https:\/\/www.facebook.com\/szenik.eu\/\",\"https:\/\/twitter.com\/Szenik\",\"https:\/\/www.instagram.com\/szenik_magazine\/\",\"https:\/\/www.youtube.com\/user\/SzenikEU\/\"]},{\"@type\":\"Person\",\"@id\":\"https:\/\/www.szenik.eu\/de\/#\/schema\/person\/15f73f175b41bad194837490339d48fb\",\"name\":\"szenik\",\"image\":{\"@type\":\"ImageObject\",\"inLanguage\":\"de\",\"@id\":\"https:\/\/www.szenik.eu\/de\/#\/schema\/person\/image\/\",\"url\":\"https:\/\/secure.gravatar.com\/avatar\/d1c4f19522a624a4eaa5e6c03e22370b?s=96&d=mm&r=g\",\"contentUrl\":\"https:\/\/secure.gravatar.com\/avatar\/d1c4f19522a624a4eaa5e6c03e22370b?s=96&d=mm&r=g\",\"caption\":\"szenik\"}}]}<\/script>\n<!-- \/ Yoast SEO plugin. -->","yoast_head_json":{"title":"\"Souvenirs\",die neue Streaming-Reihe des Opernhaus Z\u00fcrich I szenik","description":"Mit der neuen Streaming-Reihe \u00abSouvenirs\u00bb erweckt das Opernhaus Z\u00fcrich wahre Legenden an den Wochenenden zwischen M\u00e4rz und Mai wieder zum Leben.","robots":{"index":"index","follow":"follow","max-snippet":"max-snippet:-1","max-image-preview":"max-image-preview:large","max-video-preview":"max-video-preview:-1"},"canonical":"https:\/\/www.szenik.eu\/de\/souvenirsdie-neue-streaming-reihe-des-opernhaus-zuerich-mit-nikolaus-harnoncourt-cecilia-bartoli-und-jonas-kaufmann-38011","og_locale":"de_DE","og_type":"article","og_title":"\"Souvenirs\",die neue Streaming-Reihe des Opernhaus Z\u00fcrich I szenik","og_description":"Mit der neuen Streaming-Reihe \u00abSouvenirs\u00bb erweckt das Opernhaus Z\u00fcrich wahre Legenden an den Wochenenden zwischen M\u00e4rz und Mai wieder zum Leben.","og_url":"https:\/\/www.szenik.eu\/de\/souvenirsdie-neue-streaming-reihe-des-opernhaus-zuerich-mit-nikolaus-harnoncourt-cecilia-bartoli-und-jonas-kaufmann-38011","og_site_name":"szenik","article_publisher":"https:\/\/www.facebook.com\/szenik.eu\/","article_published_time":"2021-03-02T08:13:43+00:00","article_modified_time":"2021-03-02T09:39:59+00:00","og_image":[{"width":1058,"height":701,"url":"https:\/\/www.szenik.eu\/wp-content\/uploads\/2021\/03\/Capture-d\u2019\u00e9cran-2021-03-02-\u00e0-09.07.30.png","type":"image\/png"}],"author":"szenik","twitter_card":"summary_large_image","twitter_creator":"@Szenik","twitter_site":"@Szenik","twitter_misc":{"Verfasst von":"szenik","Gesch\u00e4tzte Lesezeit":"3\u00a0Minuten"},"schema":{"@context":"https:\/\/schema.org","@graph":[{"@type":"Article","@id":"https:\/\/www.szenik.eu\/de\/souvenirsdie-neue-streaming-reihe-des-opernhaus-zuerich-mit-nikolaus-harnoncourt-cecilia-bartoli-und-jonas-kaufmann-38011#article","isPartOf":{"@id":"https:\/\/www.szenik.eu\/de\/souvenirsdie-neue-streaming-reihe-des-opernhaus-zuerich-mit-nikolaus-harnoncourt-cecilia-bartoli-und-jonas-kaufmann-38011"},"author":{"name":"szenik","@id":"https:\/\/www.szenik.eu\/de\/#\/schema\/person\/15f73f175b41bad194837490339d48fb"},"headline":"&#8222;Souvenirs&#8220;,die neue Streaming-Reihe des Opernhaus Z\u00fcrich mit Nikolaus Harnoncourt, Cecilia Bartoli und Jonas Kaufmann","datePublished":"2021-03-02T08:13:43+00:00","dateModified":"2021-03-02T09:39:59+00:00","mainEntityOfPage":{"@id":"https:\/\/www.szenik.eu\/de\/souvenirsdie-neue-streaming-reihe-des-opernhaus-zuerich-mit-nikolaus-harnoncourt-cecilia-bartoli-und-jonas-kaufmann-38011"},"wordCount":672,"commentCount":0,"publisher":{"@id":"https:\/\/www.szenik.eu\/de\/#organization"},"keywords":["Adam Fischer","Cecilia Bartoli","Helmut Lohner","Ingo Metzmacher","Jens-Daniel Herzog","Jonas Kaufmann","J\u00fcrgen Flimm","Martin Ku\u0161ej","Moshe Leiser","Nikolaus Harnoncourt","Opernhaus Z\u00fcrich","Patrice Caurier","Robert Carsen","Ruth Berghaus","William Christie","Z\u00fcrich"],"articleSection":["TV \/ Streaming"],"inLanguage":"de","potentialAction":[{"@type":"CommentAction","name":"Comment","target":["https:\/\/www.szenik.eu\/de\/souvenirsdie-neue-streaming-reihe-des-opernhaus-zuerich-mit-nikolaus-harnoncourt-cecilia-bartoli-und-jonas-kaufmann-38011#respond"]}]},{"@type":"WebPage","@id":"https:\/\/www.szenik.eu\/de\/souvenirsdie-neue-streaming-reihe-des-opernhaus-zuerich-mit-nikolaus-harnoncourt-cecilia-bartoli-und-jonas-kaufmann-38011","url":"https:\/\/www.szenik.eu\/de\/souvenirsdie-neue-streaming-reihe-des-opernhaus-zuerich-mit-nikolaus-harnoncourt-cecilia-bartoli-und-jonas-kaufmann-38011","name":"\"Souvenirs\",die neue Streaming-Reihe des Opernhaus Z\u00fcrich I szenik","isPartOf":{"@id":"https:\/\/www.szenik.eu\/de\/#website"},"datePublished":"2021-03-02T08:13:43+00:00","dateModified":"2021-03-02T09:39:59+00:00","description":"Mit der neuen Streaming-Reihe \u00abSouvenirs\u00bb erweckt das Opernhaus Z\u00fcrich wahre Legenden an den Wochenenden zwischen M\u00e4rz und Mai wieder zum Leben.","breadcrumb":{"@id":"https:\/\/www.szenik.eu\/de\/souvenirsdie-neue-streaming-reihe-des-opernhaus-zuerich-mit-nikolaus-harnoncourt-cecilia-bartoli-und-jonas-kaufmann-38011#breadcrumb"},"inLanguage":"de","potentialAction":[{"@type":"ReadAction","target":["https:\/\/www.szenik.eu\/de\/souvenirsdie-neue-streaming-reihe-des-opernhaus-zuerich-mit-nikolaus-harnoncourt-cecilia-bartoli-und-jonas-kaufmann-38011"]}]},{"@type":"BreadcrumbList","@id":"https:\/\/www.szenik.eu\/de\/souvenirsdie-neue-streaming-reihe-des-opernhaus-zuerich-mit-nikolaus-harnoncourt-cecilia-bartoli-und-jonas-kaufmann-38011#breadcrumb","itemListElement":[{"@type":"ListItem","position":1,"name":"Home","item":"https:\/\/www.szenik.eu\/de"},{"@type":"ListItem","position":2,"name":"&#8222;Souvenirs&#8220;,die neue Streaming-Reihe des Opernhaus Z\u00fcrich mit Nikolaus Harnoncourt, Cecilia Bartoli und Jonas Kaufmann"}]},{"@type":"WebSite","@id":"https:\/\/www.szenik.eu\/de\/#website","url":"https:\/\/www.szenik.eu\/de\/","name":"szenik","description":"Le Meilleur des sc\u00e8nes au coeur de l&#039;Europe","publisher":{"@id":"https:\/\/www.szenik.eu\/de\/#organization"},"potentialAction":[{"@type":"SearchAction","target":{"@type":"EntryPoint","urlTemplate":"https:\/\/www.szenik.eu\/de\/?s={search_term_string}"},"query-input":"required name=search_term_string"}],"inLanguage":"de"},{"@type":"Organization","@id":"https:\/\/www.szenik.eu\/de\/#organization","name":"Szenik","url":"https:\/\/www.szenik.eu\/de\/","logo":{"@type":"ImageObject","inLanguage":"de","@id":"https:\/\/www.szenik.eu\/de\/#\/schema\/logo\/image\/","url":"https:\/\/www.szenik.eu\/wp-content\/uploads\/2019\/07\/logo-square.png","contentUrl":"https:\/\/www.szenik.eu\/wp-content\/uploads\/2019\/07\/logo-square.png","width":512,"height":512,"caption":"Szenik"},"image":{"@id":"https:\/\/www.szenik.eu\/de\/#\/schema\/logo\/image\/"},"sameAs":["https:\/\/www.facebook.com\/szenik.eu\/","https:\/\/twitter.com\/Szenik","https:\/\/www.instagram.com\/szenik_magazine\/","https:\/\/www.youtube.com\/user\/SzenikEU\/"]},{"@type":"Person","@id":"https:\/\/www.szenik.eu\/de\/#\/schema\/person\/15f73f175b41bad194837490339d48fb","name":"szenik","image":{"@type":"ImageObject","inLanguage":"de","@id":"https:\/\/www.szenik.eu\/de\/#\/schema\/person\/image\/","url":"https:\/\/secure.gravatar.com\/avatar\/d1c4f19522a624a4eaa5e6c03e22370b?s=96&d=mm&r=g","contentUrl":"https:\/\/secure.gravatar.com\/avatar\/d1c4f19522a624a4eaa5e6c03e22370b?s=96&d=mm&r=g","caption":"szenik"}}]}},"jetpack_featured_media_url":"https:\/\/www.szenik.eu\/wp-content\/uploads\/2021\/03\/Capture-d\u2019\u00e9cran-2021-03-02-\u00e0-09.07.30.png","amp_enabled":true,"_links":{"self":[{"href":"https:\/\/www.szenik.eu\/de\/wp-json\/\/wp\/v2\/posts\/38011"}],"collection":[{"href":"https:\/\/www.szenik.eu\/de\/wp-json\/\/wp\/v2\/posts"}],"about":[{"href":"https:\/\/www.szenik.eu\/de\/wp-json\/\/wp\/v2\/types\/post"}],"author":[{"embeddable":true,"href":"https:\/\/www.szenik.eu\/de\/wp-json\/\/wp\/v2\/users\/1"}],"replies":[{"embeddable":true,"href":"https:\/\/www.szenik.eu\/de\/wp-json\/\/wp\/v2\/comments?post=38011"}],"version-history":[{"count":3,"href":"https:\/\/www.szenik.eu\/de\/wp-json\/\/wp\/v2\/posts\/38011\/revisions"}],"predecessor-version":[{"id":38036,"href":"https:\/\/www.szenik.eu\/de\/wp-json\/\/wp\/v2\/posts\/38011\/revisions\/38036"}],"wp:featuredmedia":[{"embeddable":true,"href":"https:\/\/www.szenik.eu\/de\/wp-json\/\/wp\/v2\/media\/38012"}],"wp:attachment":[{"href":"https:\/\/www.szenik.eu\/de\/wp-json\/\/wp\/v2\/media?parent=38011"}],"wp:term":[{"taxonomy":"category","embeddable":true,"href":"https:\/\/www.szenik.eu\/de\/wp-json\/\/wp\/v2\/categories?post=38011"},{"taxonomy":"post_tag","embeddable":true,"href":"https:\/\/www.szenik.eu\/de\/wp-json\/\/wp\/v2\/tags?post=38011"}],"curies":[{"name":"wp","href":"https:\/\/api.w.org\/{rel}","templated":true}]}}