{"id":37955,"date":"2021-02-24T11:25:15","date_gmt":"2021-02-24T10:25:15","guid":{"rendered":"https:\/\/www.szenik.eu\/aller-zuruck-programme-franco-allemand-de-residences-dartistes-37955"},"modified":"2021-03-03T12:02:11","modified_gmt":"2021-03-03T11:02:11","slug":"aller-zuruck-programme-franco-allemand-de-residences-dartistes","status":"publish","type":"post","link":"https:\/\/www.szenik.eu\/de\/aller-zuruck-programme-franco-allemand-de-residences-dartistes-37955","title":{"rendered":"Aller &#038; Zur\u00fcck: Deutsch-franz\u00f6sisches Residenzprogramm ALLER &#038; ZUR\u00dcCK"},"content":{"rendered":"\n<h2>AZ \u2013 ALLER &amp; ZUR\u00dcCK ist ein neues deutsch-franz\u00f6sisches Residenzprogramm f\u00fcr K\u00fcnstlerinnen und K\u00fcnstler aus der Region Grand Est und den Bundesl\u00e4ndern Berlin, Brandenburg, Sachsen und Sachsen-Anhalt.<\/h2>\n\n\n\n<div style=\"height:100px\" aria-hidden=\"true\" class=\"wp-block-spacer\"><\/div>\n\n\n\n<p>Andere Kulturen entdecken, sich mit anderen Wirklichkeiten und Perspektiven auseinandersetzen, die eigene Vorstellungskraft bereichern, kulturelle, geografische und k\u00fcnstlerische Grenzen&nbsp;\u00fcberschreiten und dadurch die eigene Laufbahn bereichern: Genau&nbsp;diese M\u00f6glichkeiten bietet das deutsch-franz\u00f6sische Residenzprogramm ALLER &amp; ZUR\u00dcCK jungen K\u00fcnstlerinnen und K\u00fcnstlern aus der Region Grand Est und den Bundesl\u00e4ndern Berlin, Brandenburg, Sachsen und Sachsen-Anhalt.<\/p>\n\n\n\n<div style=\"height:61px\" aria-hidden=\"true\" class=\"wp-block-spacer\"><\/div>\n\n\n\n<h4>Die erste Ausgabe geht los! <\/h4>\n\n\n\n<p>Die Residenzen richten sich an&nbsp;K\u00fcnstlerinnen und K\u00fcnstler, die am Anfang ihrer Karriere stehen und mindestens 25 Jahre alt sind. Die T\u00e4tigkeit sollte im Feld der \u201ebildenden K\u00fcnste\u201c liegen: Malerei, Zeichnen, Fotografie, Grafik, Video, Bildhauerei, Installation.&nbsp;<\/p>\n\n\n\n<p>ALLER &amp; ZUR\u00dcCK f\u00f6rdert&nbsp;die Mobilit\u00e4t zwischen den benannten Regionen und l\u00e4sst&nbsp;dadurch langfristig ein Netzwerk von K\u00fcnstlerinnen und K\u00fcnstlern entstehen, die alle die Erfahrung des deutsch-franz\u00f6sischen Austausches teilen und daraus Inspiration sch\u00f6pfen konnten. <\/p>\n\n\n\n<div style=\"height:78px\" aria-hidden=\"true\" class=\"wp-block-spacer\"><\/div>\n\n\n\n<h4>Vom Osten Deutschlands in den Osten Frankreichs<\/h4>\n\n\n\n<p>Mit diesem Programm wird erstmals eine direkte Verbindung zwischen dem Osten Deutschlands und dem Osten Frankreichs geschaffen und damit K\u00fcnstlerinnen und K\u00fcnstler im urbanen Raum sehr unterschiedlicher Gr\u00f6\u00dfe und Pr\u00e4gung direkt angesprochen. <\/p>\n\n\n\n<p>Dabei entsteht gerade aus dem Kontrast der beteiligten Regionen die besondere Dynamik: F\u00fcr K\u00fcnstler*innen erm\u00f6glicht das Programm den Zugang zur Kulturszene Berlins und zu einem reichhaltigen und sehr diversen Netzwerk der Kunstszene in der gesamten Region Grand Est.<\/p>\n\n\n\n<p>AZ \u2013 ALLER &amp; ZUR\u00dcCK richtet sich ebenfalls an das austausch- und kunstaffine Publikum in Deutschland und Frankreich, das die Residenzen online verfolgen, aber auch Ausstellungen der entstehenden Werke besuchen und an Treffen\/Gespr\u00e4chsrunden mit den K\u00fcnstlerinnen und K\u00fcnstlern in Residenz teilnehmen kann.<\/p>\n\n\n\n<div style=\"height:80px\" aria-hidden=\"true\" class=\"wp-block-spacer\"><\/div>\n\n\n\n<p>Das neue Residenzprogramm AZ \u2013 ALLER &amp; ZUR\u00dcCK wird getragen vom&nbsp;<strong><a rel=\"noreferrer noopener\" aria-label=\"Goethe-Institut Nancy (opens in a new tab)\" href=\"https:\/\/www.goethe.de\/ins\/fr\/fr\/sta\/nan.html\" target=\"_blank\">Goethe-Institut Nancy<\/a> und <a rel=\"noreferrer noopener\" aria-label=\"Strasbourg (opens in a new tab)\" href=\"https:\/\/www.goethe.de\/ins\/fr\/fr\/sta\/str.html\" target=\"_blank\">Strasbourg<\/a><\/strong>, dem&nbsp;<strong>Bureau des arts plastiques des Institut fran\u00e7ais Deutschland&nbsp;<\/strong>(Berlin) und vom&nbsp;<strong><a href=\"https:\/\/www.dfjw.org\" target=\"_blank\" rel=\"noreferrer noopener\" aria-label=\"deutsch-franz\u00f6sischen Jugendwerk (DFJW) (opens in a new tab)\">deutsch-franz\u00f6sischen Jugendwerk (DFJW)<\/a><\/strong>, der&nbsp;<strong>DRAC Grand Est&nbsp;<\/strong>und dem&nbsp;<strong><a href=\"https:\/\/centre-francais.de\" target=\"_blank\" rel=\"noreferrer noopener\" aria-label=\"Centre fran\u00e7ais de Berlin (opens in a new tab)\">Centre fran\u00e7ais de Berlin<\/a>&nbsp;<\/strong>unterst\u00fctzt.<\/p>\n\n\n\n<div style=\"height:100px\" aria-hidden=\"true\" class=\"wp-block-spacer\"><\/div>\n\n\n\n<p class=\"has-background has-text-align-center has-medium-font-size has-luminous-vivid-amber-background-color\">Praktische Informationen<\/p>\n\n\n\n<div style=\"height:20px\" aria-hidden=\"true\" class=\"wp-block-spacer\"><\/div>\n\n\n\n<ul><li>Die Bewerbungen f\u00fcr die Residenz in Berlin (auf Franz\u00f6sisch) m\u00fcssen bis zum 31. M\u00e4rz 2021 eingereicht werden (siehe franz\u00f6sische Seite).<\/li><li>Die Ausschreibung f\u00fcr die Residenz im Grand Est wird im April 2021 ver\u00f6ffentlicht.<\/li><\/ul>\n\n\n\n<div style=\"height:100px\" aria-hidden=\"true\" class=\"wp-block-spacer\"><\/div>\n\n\n\n<div class=\"wp-block-button aligncenter\"><a class=\"wp-block-button__link has-text-color has-very-dark-gray-color has-background has-luminous-vivid-amber-background-color\" href=\"https:\/\/www.goethe.de\/ins\/fr\/de\/kul\/sup\/roo.html\" target=\"_blank\" rel=\"noreferrer noopener\">Plus d&#8217;informations<\/a><\/div>\n\n\n\n<div style=\"height:100px\" aria-hidden=\"true\" class=\"wp-block-spacer\"><\/div>\n\n\n\n<p class=\"has-small-font-size\">Bild: Goethe-Institut Nancy<\/p>\n\n\n\n<div style=\"height:100px\" aria-hidden=\"true\" class=\"wp-block-spacer\"><\/div>\n","protected":false},"excerpt":{"rendered":"<p>AZ \u2013 ALLER &amp; ZUR\u00dcCK ist ein neues deutsch-franz\u00f6sisches Residenzprogramm f\u00fcr K\u00fcnstlerinnen und K\u00fcnstler aus der Region Grand Est und den Bundesl\u00e4ndern Berlin, Brandenburg, Sachsen und Sachsen-Anhalt. Andere Kulturen entdecken, sich mit anderen Wirklichkeiten und Perspektiven auseinandersetzen, die eigene Vorstellungskraft bereichern, kulturelle, geografische und k\u00fcnstlerische Grenzen&nbsp;\u00fcberschreiten und dadurch die eigene Laufbahn bereichern: Genau&nbsp;diese M\u00f6glichkeiten bietet [&hellip;]<\/p>\n","protected":false},"author":1,"featured_media":37957,"comment_status":"open","ping_status":"open","sticky":false,"template":"","format":"standard","meta":{"_monsterinsights_skip_tracking":false,"_monsterinsights_sitenote_active":false,"_monsterinsights_sitenote_note":"","_monsterinsights_sitenote_category":0},"categories":[2609,2815],"tags":[10617,10627,10616,10614,10625,10626,10612,10613,10615],"yoast_head":"<!-- This site is optimized with the Yoast SEO plugin v20.5 - https:\/\/yoast.com\/wordpress\/plugins\/seo\/ -->\n<title>Aller &amp; Zur\u00fcck: Deutsch-franz\u00f6sisches Residenzprogramm I szenik<\/title>\n<meta name=\"description\" content=\"ALLER &amp; ZUR\u00dcCK ist ein deutsch-franz\u00f6sisches Residenzprogramm f\u00fcr K\u00fcnstler aus der Region Grand Est und Berlin, Brandenburg, Sachsen und Sachsen-Anhalt.\" \/>\n<meta name=\"robots\" content=\"index, follow, max-snippet:-1, max-image-preview:large, max-video-preview:-1\" \/>\n<link rel=\"canonical\" href=\"https:\/\/www.szenik.eu\/de\/aller-zuruck-programme-franco-allemand-de-residences-dartistes-37955\" \/>\n<meta property=\"og:locale\" content=\"de_DE\" \/>\n<meta property=\"og:type\" content=\"article\" \/>\n<meta property=\"og:title\" content=\"Aller &amp; Zur\u00fcck: Deutsch-franz\u00f6sisches Residenzprogramm I szenik\" \/>\n<meta property=\"og:description\" content=\"ALLER &amp; ZUR\u00dcCK ist ein deutsch-franz\u00f6sisches Residenzprogramm f\u00fcr K\u00fcnstler aus der Region Grand Est und Berlin, Brandenburg, Sachsen und Sachsen-Anhalt.\" \/>\n<meta property=\"og:url\" content=\"https:\/\/www.szenik.eu\/de\/aller-zuruck-programme-franco-allemand-de-residences-dartistes-37955\" \/>\n<meta property=\"og:site_name\" content=\"szenik\" \/>\n<meta property=\"article:publisher\" content=\"https:\/\/www.facebook.com\/szenik.eu\/\" \/>\n<meta property=\"article:published_time\" content=\"2021-02-24T10:25:15+00:00\" \/>\n<meta property=\"article:modified_time\" content=\"2021-03-03T11:02:11+00:00\" \/>\n<meta property=\"og:image\" content=\"https:\/\/www.szenik.eu\/wp-content\/uploads\/2021\/02\/Capture-d\u2019\u00e9cran-2021-02-24-\u00e0-11.35.11.png\" \/>\n\t<meta property=\"og:image:width\" content=\"872\" \/>\n\t<meta property=\"og:image:height\" content=\"627\" \/>\n\t<meta property=\"og:image:type\" content=\"image\/png\" \/>\n<meta name=\"author\" content=\"szenik\" \/>\n<meta name=\"twitter:card\" content=\"summary_large_image\" \/>\n<meta name=\"twitter:creator\" content=\"@Szenik\" \/>\n<meta name=\"twitter:site\" content=\"@Szenik\" \/>\n<meta name=\"twitter:label1\" content=\"Verfasst von\" \/>\n\t<meta name=\"twitter:data1\" content=\"szenik\" \/>\n\t<meta name=\"twitter:label2\" content=\"Gesch\u00e4tzte Lesezeit\" \/>\n\t<meta name=\"twitter:data2\" content=\"2\u00a0Minuten\" \/>\n<script type=\"application\/ld+json\" class=\"yoast-schema-graph\">{\"@context\":\"https:\/\/schema.org\",\"@graph\":[{\"@type\":\"Article\",\"@id\":\"https:\/\/www.szenik.eu\/de\/aller-zuruck-programme-franco-allemand-de-residences-dartistes-37955#article\",\"isPartOf\":{\"@id\":\"https:\/\/www.szenik.eu\/de\/aller-zuruck-programme-franco-allemand-de-residences-dartistes-37955\"},\"author\":{\"name\":\"szenik\",\"@id\":\"https:\/\/www.szenik.eu\/de\/#\/schema\/person\/15f73f175b41bad194837490339d48fb\"},\"headline\":\"Aller &#038; Zur\u00fcck: Deutsch-franz\u00f6sisches Residenzprogramm ALLER &#038; ZUR\u00dcCK\",\"datePublished\":\"2021-02-24T10:25:15+00:00\",\"dateModified\":\"2021-03-03T11:02:11+00:00\",\"mainEntityOfPage\":{\"@id\":\"https:\/\/www.szenik.eu\/de\/aller-zuruck-programme-franco-allemand-de-residences-dartistes-37955\"},\"wordCount\":421,\"commentCount\":0,\"publisher\":{\"@id\":\"https:\/\/www.szenik.eu\/de\/#organization\"},\"keywords\":[\"Centre fran\u00e7ais de Berlin\",\"DFJW\",\"DRAC Grand Est\",\"FEFA\",\"Goethe-Institut NAncy\",\"Goethe-Institut Strasbourg\",\"Institut Goethe de Nancy\",\"Institut Goethe de Strasbourg\",\"OFAJ\"],\"articleSection\":[\"En bref\",\"Kurz &amp; knackig\"],\"inLanguage\":\"de\",\"potentialAction\":[{\"@type\":\"CommentAction\",\"name\":\"Comment\",\"target\":[\"https:\/\/www.szenik.eu\/de\/aller-zuruck-programme-franco-allemand-de-residences-dartistes-37955#respond\"]}]},{\"@type\":\"WebPage\",\"@id\":\"https:\/\/www.szenik.eu\/de\/aller-zuruck-programme-franco-allemand-de-residences-dartistes-37955\",\"url\":\"https:\/\/www.szenik.eu\/de\/aller-zuruck-programme-franco-allemand-de-residences-dartistes-37955\",\"name\":\"Aller & Zur\u00fcck: Deutsch-franz\u00f6sisches Residenzprogramm I szenik\",\"isPartOf\":{\"@id\":\"https:\/\/www.szenik.eu\/de\/#website\"},\"datePublished\":\"2021-02-24T10:25:15+00:00\",\"dateModified\":\"2021-03-03T11:02:11+00:00\",\"description\":\"ALLER & ZUR\u00dcCK ist ein deutsch-franz\u00f6sisches Residenzprogramm f\u00fcr K\u00fcnstler aus der Region Grand Est und Berlin, Brandenburg, Sachsen und Sachsen-Anhalt.\",\"breadcrumb\":{\"@id\":\"https:\/\/www.szenik.eu\/de\/aller-zuruck-programme-franco-allemand-de-residences-dartistes-37955#breadcrumb\"},\"inLanguage\":\"de\",\"potentialAction\":[{\"@type\":\"ReadAction\",\"target\":[\"https:\/\/www.szenik.eu\/de\/aller-zuruck-programme-franco-allemand-de-residences-dartistes-37955\"]}]},{\"@type\":\"BreadcrumbList\",\"@id\":\"https:\/\/www.szenik.eu\/de\/aller-zuruck-programme-franco-allemand-de-residences-dartistes-37955#breadcrumb\",\"itemListElement\":[{\"@type\":\"ListItem\",\"position\":1,\"name\":\"Home\",\"item\":\"https:\/\/www.szenik.eu\/de\"},{\"@type\":\"ListItem\",\"position\":2,\"name\":\"Aller &#038; Zur\u00fcck: Deutsch-franz\u00f6sisches Residenzprogramm ALLER &#038; ZUR\u00dcCK\"}]},{\"@type\":\"WebSite\",\"@id\":\"https:\/\/www.szenik.eu\/de\/#website\",\"url\":\"https:\/\/www.szenik.eu\/de\/\",\"name\":\"szenik\",\"description\":\"Le Meilleur des sc\u00e8nes au coeur de l&#039;Europe\",\"publisher\":{\"@id\":\"https:\/\/www.szenik.eu\/de\/#organization\"},\"potentialAction\":[{\"@type\":\"SearchAction\",\"target\":{\"@type\":\"EntryPoint\",\"urlTemplate\":\"https:\/\/www.szenik.eu\/de\/?s={search_term_string}\"},\"query-input\":\"required name=search_term_string\"}],\"inLanguage\":\"de\"},{\"@type\":\"Organization\",\"@id\":\"https:\/\/www.szenik.eu\/de\/#organization\",\"name\":\"Szenik\",\"url\":\"https:\/\/www.szenik.eu\/de\/\",\"logo\":{\"@type\":\"ImageObject\",\"inLanguage\":\"de\",\"@id\":\"https:\/\/www.szenik.eu\/de\/#\/schema\/logo\/image\/\",\"url\":\"https:\/\/www.szenik.eu\/wp-content\/uploads\/2019\/07\/logo-square.png\",\"contentUrl\":\"https:\/\/www.szenik.eu\/wp-content\/uploads\/2019\/07\/logo-square.png\",\"width\":512,\"height\":512,\"caption\":\"Szenik\"},\"image\":{\"@id\":\"https:\/\/www.szenik.eu\/de\/#\/schema\/logo\/image\/\"},\"sameAs\":[\"https:\/\/www.facebook.com\/szenik.eu\/\",\"https:\/\/twitter.com\/Szenik\",\"https:\/\/www.instagram.com\/szenik_magazine\/\",\"https:\/\/www.youtube.com\/user\/SzenikEU\/\"]},{\"@type\":\"Person\",\"@id\":\"https:\/\/www.szenik.eu\/de\/#\/schema\/person\/15f73f175b41bad194837490339d48fb\",\"name\":\"szenik\",\"image\":{\"@type\":\"ImageObject\",\"inLanguage\":\"de\",\"@id\":\"https:\/\/www.szenik.eu\/de\/#\/schema\/person\/image\/\",\"url\":\"https:\/\/secure.gravatar.com\/avatar\/d1c4f19522a624a4eaa5e6c03e22370b?s=96&d=mm&r=g\",\"contentUrl\":\"https:\/\/secure.gravatar.com\/avatar\/d1c4f19522a624a4eaa5e6c03e22370b?s=96&d=mm&r=g\",\"caption\":\"szenik\"}}]}<\/script>\n<!-- \/ Yoast SEO plugin. -->","yoast_head_json":{"title":"Aller & Zur\u00fcck: Deutsch-franz\u00f6sisches Residenzprogramm I szenik","description":"ALLER & ZUR\u00dcCK ist ein deutsch-franz\u00f6sisches Residenzprogramm f\u00fcr K\u00fcnstler aus der Region Grand Est und Berlin, Brandenburg, Sachsen und Sachsen-Anhalt.","robots":{"index":"index","follow":"follow","max-snippet":"max-snippet:-1","max-image-preview":"max-image-preview:large","max-video-preview":"max-video-preview:-1"},"canonical":"https:\/\/www.szenik.eu\/de\/aller-zuruck-programme-franco-allemand-de-residences-dartistes-37955","og_locale":"de_DE","og_type":"article","og_title":"Aller & Zur\u00fcck: Deutsch-franz\u00f6sisches Residenzprogramm I szenik","og_description":"ALLER & ZUR\u00dcCK ist ein deutsch-franz\u00f6sisches Residenzprogramm f\u00fcr K\u00fcnstler aus der Region Grand Est und Berlin, Brandenburg, Sachsen und Sachsen-Anhalt.","og_url":"https:\/\/www.szenik.eu\/de\/aller-zuruck-programme-franco-allemand-de-residences-dartistes-37955","og_site_name":"szenik","article_publisher":"https:\/\/www.facebook.com\/szenik.eu\/","article_published_time":"2021-02-24T10:25:15+00:00","article_modified_time":"2021-03-03T11:02:11+00:00","og_image":[{"width":872,"height":627,"url":"https:\/\/www.szenik.eu\/wp-content\/uploads\/2021\/02\/Capture-d\u2019\u00e9cran-2021-02-24-\u00e0-11.35.11.png","type":"image\/png"}],"author":"szenik","twitter_card":"summary_large_image","twitter_creator":"@Szenik","twitter_site":"@Szenik","twitter_misc":{"Verfasst von":"szenik","Gesch\u00e4tzte Lesezeit":"2\u00a0Minuten"},"schema":{"@context":"https:\/\/schema.org","@graph":[{"@type":"Article","@id":"https:\/\/www.szenik.eu\/de\/aller-zuruck-programme-franco-allemand-de-residences-dartistes-37955#article","isPartOf":{"@id":"https:\/\/www.szenik.eu\/de\/aller-zuruck-programme-franco-allemand-de-residences-dartistes-37955"},"author":{"name":"szenik","@id":"https:\/\/www.szenik.eu\/de\/#\/schema\/person\/15f73f175b41bad194837490339d48fb"},"headline":"Aller &#038; Zur\u00fcck: Deutsch-franz\u00f6sisches Residenzprogramm ALLER &#038; ZUR\u00dcCK","datePublished":"2021-02-24T10:25:15+00:00","dateModified":"2021-03-03T11:02:11+00:00","mainEntityOfPage":{"@id":"https:\/\/www.szenik.eu\/de\/aller-zuruck-programme-franco-allemand-de-residences-dartistes-37955"},"wordCount":421,"commentCount":0,"publisher":{"@id":"https:\/\/www.szenik.eu\/de\/#organization"},"keywords":["Centre fran\u00e7ais de Berlin","DFJW","DRAC Grand Est","FEFA","Goethe-Institut NAncy","Goethe-Institut Strasbourg","Institut Goethe de Nancy","Institut Goethe de Strasbourg","OFAJ"],"articleSection":["En bref","Kurz &amp; knackig"],"inLanguage":"de","potentialAction":[{"@type":"CommentAction","name":"Comment","target":["https:\/\/www.szenik.eu\/de\/aller-zuruck-programme-franco-allemand-de-residences-dartistes-37955#respond"]}]},{"@type":"WebPage","@id":"https:\/\/www.szenik.eu\/de\/aller-zuruck-programme-franco-allemand-de-residences-dartistes-37955","url":"https:\/\/www.szenik.eu\/de\/aller-zuruck-programme-franco-allemand-de-residences-dartistes-37955","name":"Aller & Zur\u00fcck: Deutsch-franz\u00f6sisches Residenzprogramm I szenik","isPartOf":{"@id":"https:\/\/www.szenik.eu\/de\/#website"},"datePublished":"2021-02-24T10:25:15+00:00","dateModified":"2021-03-03T11:02:11+00:00","description":"ALLER & ZUR\u00dcCK ist ein deutsch-franz\u00f6sisches Residenzprogramm f\u00fcr K\u00fcnstler aus der Region Grand Est und Berlin, Brandenburg, Sachsen und Sachsen-Anhalt.","breadcrumb":{"@id":"https:\/\/www.szenik.eu\/de\/aller-zuruck-programme-franco-allemand-de-residences-dartistes-37955#breadcrumb"},"inLanguage":"de","potentialAction":[{"@type":"ReadAction","target":["https:\/\/www.szenik.eu\/de\/aller-zuruck-programme-franco-allemand-de-residences-dartistes-37955"]}]},{"@type":"BreadcrumbList","@id":"https:\/\/www.szenik.eu\/de\/aller-zuruck-programme-franco-allemand-de-residences-dartistes-37955#breadcrumb","itemListElement":[{"@type":"ListItem","position":1,"name":"Home","item":"https:\/\/www.szenik.eu\/de"},{"@type":"ListItem","position":2,"name":"Aller &#038; Zur\u00fcck: Deutsch-franz\u00f6sisches Residenzprogramm ALLER &#038; ZUR\u00dcCK"}]},{"@type":"WebSite","@id":"https:\/\/www.szenik.eu\/de\/#website","url":"https:\/\/www.szenik.eu\/de\/","name":"szenik","description":"Le Meilleur des sc\u00e8nes au coeur de l&#039;Europe","publisher":{"@id":"https:\/\/www.szenik.eu\/de\/#organization"},"potentialAction":[{"@type":"SearchAction","target":{"@type":"EntryPoint","urlTemplate":"https:\/\/www.szenik.eu\/de\/?s={search_term_string}"},"query-input":"required name=search_term_string"}],"inLanguage":"de"},{"@type":"Organization","@id":"https:\/\/www.szenik.eu\/de\/#organization","name":"Szenik","url":"https:\/\/www.szenik.eu\/de\/","logo":{"@type":"ImageObject","inLanguage":"de","@id":"https:\/\/www.szenik.eu\/de\/#\/schema\/logo\/image\/","url":"https:\/\/www.szenik.eu\/wp-content\/uploads\/2019\/07\/logo-square.png","contentUrl":"https:\/\/www.szenik.eu\/wp-content\/uploads\/2019\/07\/logo-square.png","width":512,"height":512,"caption":"Szenik"},"image":{"@id":"https:\/\/www.szenik.eu\/de\/#\/schema\/logo\/image\/"},"sameAs":["https:\/\/www.facebook.com\/szenik.eu\/","https:\/\/twitter.com\/Szenik","https:\/\/www.instagram.com\/szenik_magazine\/","https:\/\/www.youtube.com\/user\/SzenikEU\/"]},{"@type":"Person","@id":"https:\/\/www.szenik.eu\/de\/#\/schema\/person\/15f73f175b41bad194837490339d48fb","name":"szenik","image":{"@type":"ImageObject","inLanguage":"de","@id":"https:\/\/www.szenik.eu\/de\/#\/schema\/person\/image\/","url":"https:\/\/secure.gravatar.com\/avatar\/d1c4f19522a624a4eaa5e6c03e22370b?s=96&d=mm&r=g","contentUrl":"https:\/\/secure.gravatar.com\/avatar\/d1c4f19522a624a4eaa5e6c03e22370b?s=96&d=mm&r=g","caption":"szenik"}}]}},"jetpack_featured_media_url":"https:\/\/www.szenik.eu\/wp-content\/uploads\/2021\/02\/Capture-d\u2019\u00e9cran-2021-02-24-\u00e0-11.35.11.png","amp_enabled":true,"_links":{"self":[{"href":"https:\/\/www.szenik.eu\/de\/wp-json\/\/wp\/v2\/posts\/37955"}],"collection":[{"href":"https:\/\/www.szenik.eu\/de\/wp-json\/\/wp\/v2\/posts"}],"about":[{"href":"https:\/\/www.szenik.eu\/de\/wp-json\/\/wp\/v2\/types\/post"}],"author":[{"embeddable":true,"href":"https:\/\/www.szenik.eu\/de\/wp-json\/\/wp\/v2\/users\/1"}],"replies":[{"embeddable":true,"href":"https:\/\/www.szenik.eu\/de\/wp-json\/\/wp\/v2\/comments?post=37955"}],"version-history":[{"count":3,"href":"https:\/\/www.szenik.eu\/de\/wp-json\/\/wp\/v2\/posts\/37955\/revisions"}],"predecessor-version":[{"id":37961,"href":"https:\/\/www.szenik.eu\/de\/wp-json\/\/wp\/v2\/posts\/37955\/revisions\/37961"}],"wp:featuredmedia":[{"embeddable":true,"href":"https:\/\/www.szenik.eu\/de\/wp-json\/\/wp\/v2\/media\/37957"}],"wp:attachment":[{"href":"https:\/\/www.szenik.eu\/de\/wp-json\/\/wp\/v2\/media?parent=37955"}],"wp:term":[{"taxonomy":"category","embeddable":true,"href":"https:\/\/www.szenik.eu\/de\/wp-json\/\/wp\/v2\/categories?post=37955"},{"taxonomy":"post_tag","embeddable":true,"href":"https:\/\/www.szenik.eu\/de\/wp-json\/\/wp\/v2\/tags?post=37955"}],"curies":[{"name":"wp","href":"https:\/\/api.w.org\/{rel}","templated":true}]}}