{"id":37595,"date":"2021-02-11T10:09:46","date_gmt":"2021-02-11T09:09:46","guid":{"rendered":"https:\/\/www.szenik.eu\/?p=37595\/"},"modified":"2021-02-15T18:25:53","modified_gmt":"2021-02-15T17:25:53","slug":"festspielhaus-baden-baden-hausfestspiel-mit-serenaden-vom-17-bis-20-februar-2021-im-internet","status":"publish","type":"post","link":"https:\/\/www.szenik.eu\/de\/festspielhaus-baden-baden-hausfestspiel-mit-serenaden-vom-17-bis-20-februar-2021-im-internet-37595","title":{"rendered":"Festspielhaus Baden-Baden: Hausfestspiel mit Serenaden, vom 17. bis 20. Februar 2021, im Internet"},"content":{"rendered":"\n<h2>Endlich einmal wieder Musik aus dem Festspielhaus Baden-Baden live genie\u00dfen: Vom 17. bis 20. Februar 2021 wird dies beim Streaming-Festival \u201eHausfestspiel\u201c m\u00f6glich.&nbsp;<\/h2>\n\n\n\n<div style=\"height:100px\" aria-hidden=\"true\" class=\"wp-block-spacer\"><\/div>\n\n\n\n<p><em>Pressemitteilung<\/em><\/p>\n\n\n\n<div style=\"height:100px\" aria-hidden=\"true\" class=\"wp-block-spacer\"><\/div>\n\n\n\n<p>Die Abendmusiken mit <strong><a rel=\"noreferrer noopener\" aria-label=\"Christian Tetzlaff (opens in a new tab)\" href=\"https:\/\/www.christian-tetzlaff.de\/biography2\/?lang=en\" target=\"_blank\">Christian Tetzlaff<\/a> <\/strong>(Violine), dem <strong><a rel=\"noreferrer noopener\" aria-label=\"vision string quartet (opens in a new tab)\" href=\"https:\/\/www.visionstringquartet.com\/en\/\" target=\"_blank\">vision string quartet<\/a><\/strong>, Tenor<a rel=\"noreferrer noopener\" aria-label=\" Julian Pr\u00e9gardien (opens in a new tab)\" href=\"https:\/\/www.julianpregardien.de\" target=\"_blank\"> <strong>Julian Pr\u00e9gardien<\/strong><\/a> und der Sopranistin <strong><a rel=\"noreferrer noopener\" aria-label=\"Olga Peretyatko (opens in a new tab)\" href=\"https:\/\/www.olgaperetyatko.com\" target=\"_blank\">Olga Peretyatko<\/a> <\/strong>beginnen immer um 20.15 Uhr und sind kostenfrei im Internet zu sehen.<\/p>\n\n\n\n<p>\u201eIn Baden-Baden sprie\u00dfen die Krokusse unter der Schneedecke, und auch wir m\u00f6chten aus dieser wunderbaren Stadt ein Signal der Hoffnung aussenden\u201c, sagt Festspielhaus-Intendant Benedikt Stampa. Das Streaming-Festival bringt die Atmosph\u00e4re des Festspielhauses in die Wohnzimmer. <\/p>\n\n\n\n<div style=\"height:100px\" aria-hidden=\"true\" class=\"wp-block-spacer\"><\/div>\n\n\n\n<blockquote class=\"wp-block-quote\"><p> \u201eWenn die Musikliebhaber noch nicht wieder zu uns kommen k\u00f6nnen, kommen wir zu ihnen. Die ausgew\u00e4hlten Werke stehen stellvertretend f\u00fcr viele musikalische Geschichten, die in Baden-Baden geschrieben wurden. Wir pflegen die in Baden-Baden traditionell oft beschrittenen k\u00fcnstlerischen Br\u00fccken nach Frankreich. Wir kehren zur\u00fcck in die Salons der Romantik und zur Musik Robert Schumanns, die einst durch Clara Schumann und Pauline Viardot-Garcia in der Stadt zum guten Ton geh\u00f6rte. Schlie\u00dflich blicken wir in die Zukunft des Genres Streichquartett und haben mit Julian Pr\u00e9gardien und Olga Peretyatko zwei Hoffnungstr\u00e4ger der Oper zu Gast.\u201c<\/p><cite>Benedikt Stampa<\/cite><\/blockquote>\n\n\n\n<div style=\"height:54px\" aria-hidden=\"true\" class=\"wp-block-spacer\"><\/div>\n\n\n\n<div class=\"wp-block-image\"><figure class=\"aligncenter size-large\"><img decoding=\"async\" loading=\"lazy\" width=\"1024\" height=\"684\" src=\"https:\/\/www.szenik.eu\/wp-content\/uploads\/2021\/02\/Christian-Tetzlaff_DSC_8351_c_Georgia-Bertazzi-1024x684.jpg\" alt=\"\" class=\"wp-image-37598\" srcset=\"https:\/\/www.szenik.eu\/wp-content\/uploads\/2021\/02\/Christian-Tetzlaff_DSC_8351_c_Georgia-Bertazzi-1024x684.jpg 1024w, https:\/\/www.szenik.eu\/wp-content\/uploads\/2021\/02\/Christian-Tetzlaff_DSC_8351_c_Georgia-Bertazzi-300x200.jpg 300w, https:\/\/www.szenik.eu\/wp-content\/uploads\/2021\/02\/Christian-Tetzlaff_DSC_8351_c_Georgia-Bertazzi-768x513.jpg 768w, https:\/\/www.szenik.eu\/wp-content\/uploads\/2021\/02\/Christian-Tetzlaff_DSC_8351_c_Georgia-Bertazzi-1536x1026.jpg 1536w, https:\/\/www.szenik.eu\/wp-content\/uploads\/2021\/02\/Christian-Tetzlaff_DSC_8351_c_Georgia-Bertazzi-2048x1368.jpg 2048w, https:\/\/www.szenik.eu\/wp-content\/uploads\/2021\/02\/Christian-Tetzlaff_DSC_8351_c_Georgia-Bertazzi-750x501.jpg 750w, https:\/\/www.szenik.eu\/wp-content\/uploads\/2021\/02\/Christian-Tetzlaff_DSC_8351_c_Georgia-Bertazzi-1140x761.jpg 1140w\" sizes=\"(max-width: 1024px) 100vw, 1024px\" \/><figcaption>Christian Tetzlaff I Georgia Bertazzi<\/figcaption><\/figure><\/div>\n\n\n\n<div style=\"height:64px\" aria-hidden=\"true\" class=\"wp-block-spacer\"><\/div>\n\n\n\n<p>Den Auftakt des viert\u00e4gigen Festivals im Internet macht am Mittwoch, 17. Februar 2021 der Geiger <strong><a rel=\"noreferrer noopener\" aria-label=\"Christian Tetzlaff (opens in a new tab)\" href=\"https:\/\/www.christian-tetzlaff.de\/biography2\/?lang=en\" target=\"_blank\">Christian Tetzlaff<\/a><\/strong>. Er wird die <em>Sonate in A-Dur f\u00fcr Violine und Klavier<\/em> von Cesar Franck interpretieren.<\/p>\n\n\n\n<p>Der in Frankfurt geborene Tenor <strong><a rel=\"noreferrer noopener\" aria-label=\"Julian Pr\u00e9gardien (opens in a new tab)\" href=\"https:\/\/www.julianpregardien.de\" target=\"_blank\">Julian Pr\u00e9gardien<\/a><\/strong> singt am Donnerstag, 18. Februar 2021 Robert Schumanns Liederzyklus <em>Dichterliebe<\/em>, mit Texten von Heinrich Heine. Er wird von \u00c9ric Le Sage (Klavier) begleitet.<\/p>\n\n\n\n<p>Das<strong><a rel=\"noreferrer noopener\" aria-label=\" vision string quartet (opens in a new tab)\" href=\"https:\/\/www.visionstringquartet.com\/en\/\" target=\"_blank\"> vision string quartet<\/a><\/strong> (Freitag, 19. Februar 2021) geh\u00f6rt zu den erfolgreichen jungen Streichquartetten in Europa. Mit Ausz\u00fcgen aus dem <em>Streichquartett F-Dur op. 35<\/em> von Maurice Ravel und Eigenkompositionen aus den Genres Jazz, Pop und Rock erobern Jakob Encke (Violine), Daniel Stoll (Violine), Sander Stuart (Viola) und Leonard Disselhorst (Violoncello) erstmals die Festspielhausb\u00fchne. Sie w\u00e4ren in dieser Saison im europ\u00e4ischen F\u00f6rderprogramm \u201eRising Stars\u201c unterwegs. Derzeit brechen die meisten ihrer lang erhofften Deb\u00fcts einfach weg.<\/p>\n\n\n\n<p><strong><a href=\"https:\/\/www.olgaperetyatko.com\" target=\"_blank\" rel=\"noreferrer noopener\" aria-label=\"Olga Peretyatko (opens in a new tab)\">Olga Peretyatko<\/a><\/strong> (Sopran) singt zum Abschluss des \u201eHausfestspiels\u201c ein&nbsp;Tschaikowsky-Liedprogramm am Samstag, 20. Februar 2021, um 20.15 Uhr. Die S\u00e4ngerin feierte auch in Baden-Baden bereits gro\u00dfe Opernerfolge. Als Adina sprang sie in der \u201eLiebestrank\u201c-Inszenierung von Rolando Villaz\u00f3n ein und eroberte kurz darauf in der Titelrolle der Violetta Valery die Herzen der Opernfans in \u201eLa traviata\u201c \u2013 abermals inszeniert von Rolando Villaz\u00f3n.<\/p>\n\n\n\n<div style=\"height:46px\" aria-hidden=\"true\" class=\"wp-block-spacer\"><\/div>\n\n\n\n<div class=\"wp-block-image\"><figure class=\"aligncenter size-large\"><img decoding=\"async\" loading=\"lazy\" width=\"683\" height=\"1024\" src=\"https:\/\/www.szenik.eu\/wp-content\/uploads\/2021\/02\/Olga-Peretyatko_Daniil-Rabovsky_3059\u043a-683x1024.jpg\" alt=\"\" class=\"wp-image-37600\" srcset=\"https:\/\/www.szenik.eu\/wp-content\/uploads\/2021\/02\/Olga-Peretyatko_Daniil-Rabovsky_3059\u043a-683x1024.jpg 683w, https:\/\/www.szenik.eu\/wp-content\/uploads\/2021\/02\/Olga-Peretyatko_Daniil-Rabovsky_3059\u043a-200x300.jpg 200w, https:\/\/www.szenik.eu\/wp-content\/uploads\/2021\/02\/Olga-Peretyatko_Daniil-Rabovsky_3059\u043a-768x1151.jpg 768w, https:\/\/www.szenik.eu\/wp-content\/uploads\/2021\/02\/Olga-Peretyatko_Daniil-Rabovsky_3059\u043a-1025x1536.jpg 1025w, https:\/\/www.szenik.eu\/wp-content\/uploads\/2021\/02\/Olga-Peretyatko_Daniil-Rabovsky_3059\u043a-750x1124.jpg 750w, https:\/\/www.szenik.eu\/wp-content\/uploads\/2021\/02\/Olga-Peretyatko_Daniil-Rabovsky_3059\u043a-1140x1709.jpg 1140w, https:\/\/www.szenik.eu\/wp-content\/uploads\/2021\/02\/Olga-Peretyatko_Daniil-Rabovsky_3059\u043a.jpg 1210w\" sizes=\"(max-width: 683px) 100vw, 683px\" \/><figcaption>Olga Peretyatko I Daniil Rabovsky<\/figcaption><\/figure><\/div>\n\n\n\n<div style=\"height:54px\" aria-hidden=\"true\" class=\"wp-block-spacer\"><\/div>\n\n\n\n<p class=\"has-background has-text-align-center has-medium-font-size has-pale-cyan-blue-background-color\">Praktische Informationen<\/p>\n\n\n\n<div style=\"height:20px\" aria-hidden=\"true\" class=\"wp-block-spacer\"><\/div>\n\n\n\n<p>Der Live-Stream aus dem Festspielhaus ist \u00fcber&nbsp;<a rel=\"noreferrer noopener\" aria-label=\" (opens in a new tab)\" href=\"http:\/\/www.festspielhaus.de\/\" target=\"_blank\"><strong>www.festspielhaus.de<\/strong><\/a>&nbsp;zu sehen. Weitere Ausspielwege befinden sich auf der Video-Plattform <strong>Vimeo<\/strong>, bei <strong>YouTube<\/strong> sowie auf der <strong><a href=\"https:\/\/www.facebook.com\/FestspielhausBB\" target=\"_blank\" rel=\"noreferrer noopener\" aria-label=\"Facebook-Seite (opens in a new tab)\">Facebook-Seite<\/a><\/strong> des Festspielhauses.<\/p>\n\n\n\n<p>Neben den Konzerten und Gespr\u00e4chen sind vom 17.-20.2. vormittags auch <strong>K\u00fcnstler-Live-Gespr\u00e4che<\/strong> mit <strong>Sch\u00fclerinnen und Sch\u00fclern<\/strong> in Mittelbaden geplant, die derzeit \u00fcber das Internet unterrichtet werden.<\/p>\n\n\n\n<div style=\"height:52px\" aria-hidden=\"true\" class=\"wp-block-spacer\"><\/div>\n\n\n\n<div class=\"wp-block-image\"><figure class=\"aligncenter size-large\"><img decoding=\"async\" loading=\"lazy\" width=\"1024\" height=\"807\" src=\"https:\/\/www.szenik.eu\/wp-content\/uploads\/2021\/02\/Julian-Pr\u00e9gardien-2_credit_Peter-Rigaud-1024x807.jpg\" alt=\"\" class=\"wp-image-37602\" srcset=\"https:\/\/www.szenik.eu\/wp-content\/uploads\/2021\/02\/Julian-Pr\u00e9gardien-2_credit_Peter-Rigaud-1024x807.jpg 1024w, https:\/\/www.szenik.eu\/wp-content\/uploads\/2021\/02\/Julian-Pr\u00e9gardien-2_credit_Peter-Rigaud-300x236.jpg 300w, https:\/\/www.szenik.eu\/wp-content\/uploads\/2021\/02\/Julian-Pr\u00e9gardien-2_credit_Peter-Rigaud-768x605.jpg 768w, https:\/\/www.szenik.eu\/wp-content\/uploads\/2021\/02\/Julian-Pr\u00e9gardien-2_credit_Peter-Rigaud-1536x1211.jpg 1536w, https:\/\/www.szenik.eu\/wp-content\/uploads\/2021\/02\/Julian-Pr\u00e9gardien-2_credit_Peter-Rigaud-2048x1614.jpg 2048w, https:\/\/www.szenik.eu\/wp-content\/uploads\/2021\/02\/Julian-Pr\u00e9gardien-2_credit_Peter-Rigaud-750x591.jpg 750w, https:\/\/www.szenik.eu\/wp-content\/uploads\/2021\/02\/Julian-Pr\u00e9gardien-2_credit_Peter-Rigaud-1140x899.jpg 1140w\" sizes=\"(max-width: 1024px) 100vw, 1024px\" \/><figcaption>Julian Pr\u00e9gardien I Peter Rigaud <\/figcaption><\/figure><\/div>\n\n\n\n<div style=\"height:58px\" aria-hidden=\"true\" class=\"wp-block-spacer\"><\/div>\n\n\n\n<p class=\"has-background has-text-align-center has-medium-font-size has-pale-cyan-blue-background-color\">Die Links zu den Streams<\/p>\n\n\n\n<div style=\"height:20px\" aria-hidden=\"true\" class=\"wp-block-spacer\"><\/div>\n\n\n\n<ul><li>17.2.2021: <strong><a href=\"https:\/\/vimeo.com\/510288034\" target=\"_blank\" rel=\"noreferrer noopener\" aria-label=\"Christian Tetzlaff (opens in a new tab)\">Christian Tetzlaff<\/a><\/strong><\/li><li>18.2.2021: <strong><a href=\"https:\/\/vimeo.com\/510306253\" target=\"_blank\" rel=\"noreferrer noopener\" aria-label=\"Julian Pr\u00e9gardien (opens in a new tab)\">Julian Pr\u00e9gardien<\/a><\/strong><\/li><li>19.2.2021: <strong><a href=\"https:\/\/vimeo.com\/510318922\" target=\"_blank\" rel=\"noreferrer noopener\" aria-label=\"Vision String Quartet (opens in a new tab)\">Vision String Quartet<\/a><\/strong><\/li><li>20.2.2021: <strong><a href=\"https:\/\/vimeo.com\/510320368\" target=\"_blank\" rel=\"noreferrer noopener\" aria-label=\"Olga Peretyatko (opens in a new tab)\">Olga Peretyatko<\/a><\/strong><\/li><\/ul>\n\n\n\n<div style=\"height:63px\" aria-hidden=\"true\" class=\"wp-block-spacer\"><\/div>\n\n\n\n<div class=\"wp-block-image\"><figure class=\"aligncenter size-large\"><img decoding=\"async\" loading=\"lazy\" width=\"1024\" height=\"683\" src=\"https:\/\/www.szenik.eu\/wp-content\/uploads\/2021\/02\/DSC_8997-1024x683.jpg\" alt=\"\" class=\"wp-image-37604\" srcset=\"https:\/\/www.szenik.eu\/wp-content\/uploads\/2021\/02\/DSC_8997-1024x683.jpg 1024w, https:\/\/www.szenik.eu\/wp-content\/uploads\/2021\/02\/DSC_8997-300x200.jpg 300w, https:\/\/www.szenik.eu\/wp-content\/uploads\/2021\/02\/DSC_8997-768x512.jpg 768w, https:\/\/www.szenik.eu\/wp-content\/uploads\/2021\/02\/DSC_8997-1536x1025.jpg 1536w, https:\/\/www.szenik.eu\/wp-content\/uploads\/2021\/02\/DSC_8997-750x500.jpg 750w, https:\/\/www.szenik.eu\/wp-content\/uploads\/2021\/02\/DSC_8997-1140x761.jpg 1140w, https:\/\/www.szenik.eu\/wp-content\/uploads\/2021\/02\/DSC_8997.jpg 1575w\" sizes=\"(max-width: 1024px) 100vw, 1024px\" \/><figcaption>Festspielhaus Baden-Baden<\/figcaption><\/figure><\/div>\n\n\n\n<div style=\"height:100px\" aria-hidden=\"true\" class=\"wp-block-spacer\"><\/div>\n\n\n\n<div class=\"wp-block-button aligncenter\"><a class=\"wp-block-button__link has-text-color has-very-dark-gray-color has-background has-luminous-vivid-amber-background-color\" href=\"https:\/\/www.festspielhaus.de\/magazin\/hausfestspiel-1\" target=\"_blank\" rel=\"noreferrer noopener\">Weitere Informationen auf der Website des Festspielhauses <\/a><\/div>\n\n\n\n<div style=\"height:100px\" aria-hidden=\"true\" class=\"wp-block-spacer\"><\/div>\n\n\n\n<p class=\"has-small-font-size\">Foto: Tim Kloecker<\/p>\n\n\n\n<div style=\"height:100px\" aria-hidden=\"true\" class=\"wp-block-spacer\"><\/div>\n","protected":false},"excerpt":{"rendered":"<p>Endlich einmal wieder Musik aus dem Festspielhaus Baden-Baden live genie\u00dfen: Vom 17. bis 20. Februar 2021 wird dies beim Streaming-Festival \u201eHausfestspiel\u201c m\u00f6glich.&nbsp; Pressemitteilung Die Abendmusiken mit Christian Tetzlaff (Violine), dem vision string quartet, Tenor Julian Pr\u00e9gardien und der Sopranistin Olga Peretyatko beginnen immer um 20.15 Uhr und sind kostenfrei im Internet zu sehen. \u201eIn Baden-Baden [&hellip;]<\/p>\n","protected":false},"author":1,"featured_media":37596,"comment_status":"open","ping_status":"open","sticky":false,"template":"","format":"standard","meta":{"_monsterinsights_skip_tracking":false,"_monsterinsights_sitenote_active":false,"_monsterinsights_sitenote_note":"","_monsterinsights_sitenote_category":0},"categories":[10359],"tags":[6384,10485,6560,10487,2259,10488,10486],"yoast_head":"<!-- This site is optimized with the Yoast SEO plugin v20.5 - https:\/\/yoast.com\/wordpress\/plugins\/seo\/ -->\n<title>Das Festspielhaus Baden-Baden bietet Klassik im Internet I szenik<\/title>\n<meta name=\"description\" content=\"Endlich einmal wieder Musik aus dem Festspielhaus Baden-Baden live genie\u00dfen: Vom 17. bis 20.02 wird dies beim Streaming-Festival \u201eHausfestspiel\u201c m\u00f6glich.\" \/>\n<meta name=\"robots\" content=\"index, follow, max-snippet:-1, max-image-preview:large, max-video-preview:-1\" \/>\n<link rel=\"canonical\" href=\"https:\/\/www.szenik.eu\/de\/festspielhaus-baden-baden-hausfestspiel-mit-serenaden-vom-17-bis-20-februar-2021-im-internet-37595\" \/>\n<meta property=\"og:locale\" content=\"de_DE\" \/>\n<meta property=\"og:type\" content=\"article\" \/>\n<meta property=\"og:title\" content=\"Das Festspielhaus Baden-Baden bietet Klassik im Internet I szenik\" \/>\n<meta property=\"og:description\" content=\"Endlich einmal wieder Musik aus dem Festspielhaus Baden-Baden live genie\u00dfen: Vom 17. bis 20.02 wird dies beim Streaming-Festival \u201eHausfestspiel\u201c m\u00f6glich.\" \/>\n<meta property=\"og:url\" content=\"https:\/\/www.szenik.eu\/de\/festspielhaus-baden-baden-hausfestspiel-mit-serenaden-vom-17-bis-20-februar-2021-im-internet-37595\" \/>\n<meta property=\"og:site_name\" content=\"szenik\" \/>\n<meta property=\"article:publisher\" content=\"https:\/\/www.facebook.com\/szenik.eu\/\" \/>\n<meta property=\"article:published_time\" content=\"2021-02-11T09:09:46+00:00\" \/>\n<meta property=\"article:modified_time\" content=\"2021-02-15T17:25:53+00:00\" \/>\n<meta property=\"og:image\" content=\"https:\/\/www.szenik.eu\/wp-content\/uploads\/2021\/02\/vision_cTimKloecker_rock_orig_kl.jpg\" \/>\n\t<meta property=\"og:image:width\" content=\"1248\" \/>\n\t<meta property=\"og:image:height\" content=\"832\" \/>\n\t<meta property=\"og:image:type\" content=\"image\/jpeg\" \/>\n<meta name=\"author\" content=\"szenik\" \/>\n<meta name=\"twitter:card\" content=\"summary_large_image\" \/>\n<meta name=\"twitter:creator\" content=\"@Szenik\" \/>\n<meta name=\"twitter:site\" content=\"@Szenik\" \/>\n<meta name=\"twitter:label1\" content=\"Verfasst von\" \/>\n\t<meta name=\"twitter:data1\" content=\"szenik\" \/>\n\t<meta name=\"twitter:label2\" content=\"Gesch\u00e4tzte Lesezeit\" \/>\n\t<meta name=\"twitter:data2\" content=\"3\u00a0Minuten\" \/>\n<script type=\"application\/ld+json\" class=\"yoast-schema-graph\">{\"@context\":\"https:\/\/schema.org\",\"@graph\":[{\"@type\":\"Article\",\"@id\":\"https:\/\/www.szenik.eu\/de\/festspielhaus-baden-baden-hausfestspiel-mit-serenaden-vom-17-bis-20-februar-2021-im-internet-37595#article\",\"isPartOf\":{\"@id\":\"https:\/\/www.szenik.eu\/de\/festspielhaus-baden-baden-hausfestspiel-mit-serenaden-vom-17-bis-20-februar-2021-im-internet-37595\"},\"author\":{\"name\":\"szenik\",\"@id\":\"https:\/\/www.szenik.eu\/de\/#\/schema\/person\/15f73f175b41bad194837490339d48fb\"},\"headline\":\"Festspielhaus Baden-Baden: Hausfestspiel mit Serenaden, vom 17. bis 20. Februar 2021, im Internet\",\"datePublished\":\"2021-02-11T09:09:46+00:00\",\"dateModified\":\"2021-02-15T17:25:53+00:00\",\"mainEntityOfPage\":{\"@id\":\"https:\/\/www.szenik.eu\/de\/festspielhaus-baden-baden-hausfestspiel-mit-serenaden-vom-17-bis-20-februar-2021-im-internet-37595\"},\"wordCount\":510,\"commentCount\":0,\"publisher\":{\"@id\":\"https:\/\/www.szenik.eu\/de\/#organization\"},\"keywords\":[\"Baden-Baden\",\"Christian Tetzlaff\",\"Festspielhaus Baden-Baden\",\"Julien Pr\u00e9gardien\",\"Klassik\",\"Olga Peretyatko\",\"vision string quartet\"],\"articleSection\":[\"TV \/ Streaming\"],\"inLanguage\":\"de\",\"potentialAction\":[{\"@type\":\"CommentAction\",\"name\":\"Comment\",\"target\":[\"https:\/\/www.szenik.eu\/de\/festspielhaus-baden-baden-hausfestspiel-mit-serenaden-vom-17-bis-20-februar-2021-im-internet-37595#respond\"]}]},{\"@type\":\"WebPage\",\"@id\":\"https:\/\/www.szenik.eu\/de\/festspielhaus-baden-baden-hausfestspiel-mit-serenaden-vom-17-bis-20-februar-2021-im-internet-37595\",\"url\":\"https:\/\/www.szenik.eu\/de\/festspielhaus-baden-baden-hausfestspiel-mit-serenaden-vom-17-bis-20-februar-2021-im-internet-37595\",\"name\":\"Das Festspielhaus Baden-Baden bietet Klassik im Internet I szenik\",\"isPartOf\":{\"@id\":\"https:\/\/www.szenik.eu\/de\/#website\"},\"datePublished\":\"2021-02-11T09:09:46+00:00\",\"dateModified\":\"2021-02-15T17:25:53+00:00\",\"description\":\"Endlich einmal wieder Musik aus dem Festspielhaus Baden-Baden live genie\u00dfen: Vom 17. bis 20.02 wird dies beim Streaming-Festival \u201eHausfestspiel\u201c m\u00f6glich.\",\"breadcrumb\":{\"@id\":\"https:\/\/www.szenik.eu\/de\/festspielhaus-baden-baden-hausfestspiel-mit-serenaden-vom-17-bis-20-februar-2021-im-internet-37595#breadcrumb\"},\"inLanguage\":\"de\",\"potentialAction\":[{\"@type\":\"ReadAction\",\"target\":[\"https:\/\/www.szenik.eu\/de\/festspielhaus-baden-baden-hausfestspiel-mit-serenaden-vom-17-bis-20-februar-2021-im-internet-37595\"]}]},{\"@type\":\"BreadcrumbList\",\"@id\":\"https:\/\/www.szenik.eu\/de\/festspielhaus-baden-baden-hausfestspiel-mit-serenaden-vom-17-bis-20-februar-2021-im-internet-37595#breadcrumb\",\"itemListElement\":[{\"@type\":\"ListItem\",\"position\":1,\"name\":\"Home\",\"item\":\"https:\/\/www.szenik.eu\/de\"},{\"@type\":\"ListItem\",\"position\":2,\"name\":\"Festspielhaus Baden-Baden: Hausfestspiel mit Serenaden, vom 17. bis 20. Februar 2021, im Internet\"}]},{\"@type\":\"WebSite\",\"@id\":\"https:\/\/www.szenik.eu\/de\/#website\",\"url\":\"https:\/\/www.szenik.eu\/de\/\",\"name\":\"szenik\",\"description\":\"Le Meilleur des sc\u00e8nes au coeur de l&#039;Europe\",\"publisher\":{\"@id\":\"https:\/\/www.szenik.eu\/de\/#organization\"},\"potentialAction\":[{\"@type\":\"SearchAction\",\"target\":{\"@type\":\"EntryPoint\",\"urlTemplate\":\"https:\/\/www.szenik.eu\/de\/?s={search_term_string}\"},\"query-input\":\"required name=search_term_string\"}],\"inLanguage\":\"de\"},{\"@type\":\"Organization\",\"@id\":\"https:\/\/www.szenik.eu\/de\/#organization\",\"name\":\"Szenik\",\"url\":\"https:\/\/www.szenik.eu\/de\/\",\"logo\":{\"@type\":\"ImageObject\",\"inLanguage\":\"de\",\"@id\":\"https:\/\/www.szenik.eu\/de\/#\/schema\/logo\/image\/\",\"url\":\"https:\/\/www.szenik.eu\/wp-content\/uploads\/2019\/07\/logo-square.png\",\"contentUrl\":\"https:\/\/www.szenik.eu\/wp-content\/uploads\/2019\/07\/logo-square.png\",\"width\":512,\"height\":512,\"caption\":\"Szenik\"},\"image\":{\"@id\":\"https:\/\/www.szenik.eu\/de\/#\/schema\/logo\/image\/\"},\"sameAs\":[\"https:\/\/www.facebook.com\/szenik.eu\/\",\"https:\/\/twitter.com\/Szenik\",\"https:\/\/www.instagram.com\/szenik_magazine\/\",\"https:\/\/www.youtube.com\/user\/SzenikEU\/\"]},{\"@type\":\"Person\",\"@id\":\"https:\/\/www.szenik.eu\/de\/#\/schema\/person\/15f73f175b41bad194837490339d48fb\",\"name\":\"szenik\",\"image\":{\"@type\":\"ImageObject\",\"inLanguage\":\"de\",\"@id\":\"https:\/\/www.szenik.eu\/de\/#\/schema\/person\/image\/\",\"url\":\"https:\/\/secure.gravatar.com\/avatar\/d1c4f19522a624a4eaa5e6c03e22370b?s=96&d=mm&r=g\",\"contentUrl\":\"https:\/\/secure.gravatar.com\/avatar\/d1c4f19522a624a4eaa5e6c03e22370b?s=96&d=mm&r=g\",\"caption\":\"szenik\"}}]}<\/script>\n<!-- \/ Yoast SEO plugin. -->","yoast_head_json":{"title":"Das Festspielhaus Baden-Baden bietet Klassik im Internet I szenik","description":"Endlich einmal wieder Musik aus dem Festspielhaus Baden-Baden live genie\u00dfen: Vom 17. bis 20.02 wird dies beim Streaming-Festival \u201eHausfestspiel\u201c m\u00f6glich.","robots":{"index":"index","follow":"follow","max-snippet":"max-snippet:-1","max-image-preview":"max-image-preview:large","max-video-preview":"max-video-preview:-1"},"canonical":"https:\/\/www.szenik.eu\/de\/festspielhaus-baden-baden-hausfestspiel-mit-serenaden-vom-17-bis-20-februar-2021-im-internet-37595","og_locale":"de_DE","og_type":"article","og_title":"Das Festspielhaus Baden-Baden bietet Klassik im Internet I szenik","og_description":"Endlich einmal wieder Musik aus dem Festspielhaus Baden-Baden live genie\u00dfen: Vom 17. bis 20.02 wird dies beim Streaming-Festival \u201eHausfestspiel\u201c m\u00f6glich.","og_url":"https:\/\/www.szenik.eu\/de\/festspielhaus-baden-baden-hausfestspiel-mit-serenaden-vom-17-bis-20-februar-2021-im-internet-37595","og_site_name":"szenik","article_publisher":"https:\/\/www.facebook.com\/szenik.eu\/","article_published_time":"2021-02-11T09:09:46+00:00","article_modified_time":"2021-02-15T17:25:53+00:00","og_image":[{"width":1248,"height":832,"url":"https:\/\/www.szenik.eu\/wp-content\/uploads\/2021\/02\/vision_cTimKloecker_rock_orig_kl.jpg","type":"image\/jpeg"}],"author":"szenik","twitter_card":"summary_large_image","twitter_creator":"@Szenik","twitter_site":"@Szenik","twitter_misc":{"Verfasst von":"szenik","Gesch\u00e4tzte Lesezeit":"3\u00a0Minuten"},"schema":{"@context":"https:\/\/schema.org","@graph":[{"@type":"Article","@id":"https:\/\/www.szenik.eu\/de\/festspielhaus-baden-baden-hausfestspiel-mit-serenaden-vom-17-bis-20-februar-2021-im-internet-37595#article","isPartOf":{"@id":"https:\/\/www.szenik.eu\/de\/festspielhaus-baden-baden-hausfestspiel-mit-serenaden-vom-17-bis-20-februar-2021-im-internet-37595"},"author":{"name":"szenik","@id":"https:\/\/www.szenik.eu\/de\/#\/schema\/person\/15f73f175b41bad194837490339d48fb"},"headline":"Festspielhaus Baden-Baden: Hausfestspiel mit Serenaden, vom 17. bis 20. Februar 2021, im Internet","datePublished":"2021-02-11T09:09:46+00:00","dateModified":"2021-02-15T17:25:53+00:00","mainEntityOfPage":{"@id":"https:\/\/www.szenik.eu\/de\/festspielhaus-baden-baden-hausfestspiel-mit-serenaden-vom-17-bis-20-februar-2021-im-internet-37595"},"wordCount":510,"commentCount":0,"publisher":{"@id":"https:\/\/www.szenik.eu\/de\/#organization"},"keywords":["Baden-Baden","Christian Tetzlaff","Festspielhaus Baden-Baden","Julien Pr\u00e9gardien","Klassik","Olga Peretyatko","vision string quartet"],"articleSection":["TV \/ Streaming"],"inLanguage":"de","potentialAction":[{"@type":"CommentAction","name":"Comment","target":["https:\/\/www.szenik.eu\/de\/festspielhaus-baden-baden-hausfestspiel-mit-serenaden-vom-17-bis-20-februar-2021-im-internet-37595#respond"]}]},{"@type":"WebPage","@id":"https:\/\/www.szenik.eu\/de\/festspielhaus-baden-baden-hausfestspiel-mit-serenaden-vom-17-bis-20-februar-2021-im-internet-37595","url":"https:\/\/www.szenik.eu\/de\/festspielhaus-baden-baden-hausfestspiel-mit-serenaden-vom-17-bis-20-februar-2021-im-internet-37595","name":"Das Festspielhaus Baden-Baden bietet Klassik im Internet I szenik","isPartOf":{"@id":"https:\/\/www.szenik.eu\/de\/#website"},"datePublished":"2021-02-11T09:09:46+00:00","dateModified":"2021-02-15T17:25:53+00:00","description":"Endlich einmal wieder Musik aus dem Festspielhaus Baden-Baden live genie\u00dfen: Vom 17. bis 20.02 wird dies beim Streaming-Festival \u201eHausfestspiel\u201c m\u00f6glich.","breadcrumb":{"@id":"https:\/\/www.szenik.eu\/de\/festspielhaus-baden-baden-hausfestspiel-mit-serenaden-vom-17-bis-20-februar-2021-im-internet-37595#breadcrumb"},"inLanguage":"de","potentialAction":[{"@type":"ReadAction","target":["https:\/\/www.szenik.eu\/de\/festspielhaus-baden-baden-hausfestspiel-mit-serenaden-vom-17-bis-20-februar-2021-im-internet-37595"]}]},{"@type":"BreadcrumbList","@id":"https:\/\/www.szenik.eu\/de\/festspielhaus-baden-baden-hausfestspiel-mit-serenaden-vom-17-bis-20-februar-2021-im-internet-37595#breadcrumb","itemListElement":[{"@type":"ListItem","position":1,"name":"Home","item":"https:\/\/www.szenik.eu\/de"},{"@type":"ListItem","position":2,"name":"Festspielhaus Baden-Baden: Hausfestspiel mit Serenaden, vom 17. bis 20. Februar 2021, im Internet"}]},{"@type":"WebSite","@id":"https:\/\/www.szenik.eu\/de\/#website","url":"https:\/\/www.szenik.eu\/de\/","name":"szenik","description":"Le Meilleur des sc\u00e8nes au coeur de l&#039;Europe","publisher":{"@id":"https:\/\/www.szenik.eu\/de\/#organization"},"potentialAction":[{"@type":"SearchAction","target":{"@type":"EntryPoint","urlTemplate":"https:\/\/www.szenik.eu\/de\/?s={search_term_string}"},"query-input":"required name=search_term_string"}],"inLanguage":"de"},{"@type":"Organization","@id":"https:\/\/www.szenik.eu\/de\/#organization","name":"Szenik","url":"https:\/\/www.szenik.eu\/de\/","logo":{"@type":"ImageObject","inLanguage":"de","@id":"https:\/\/www.szenik.eu\/de\/#\/schema\/logo\/image\/","url":"https:\/\/www.szenik.eu\/wp-content\/uploads\/2019\/07\/logo-square.png","contentUrl":"https:\/\/www.szenik.eu\/wp-content\/uploads\/2019\/07\/logo-square.png","width":512,"height":512,"caption":"Szenik"},"image":{"@id":"https:\/\/www.szenik.eu\/de\/#\/schema\/logo\/image\/"},"sameAs":["https:\/\/www.facebook.com\/szenik.eu\/","https:\/\/twitter.com\/Szenik","https:\/\/www.instagram.com\/szenik_magazine\/","https:\/\/www.youtube.com\/user\/SzenikEU\/"]},{"@type":"Person","@id":"https:\/\/www.szenik.eu\/de\/#\/schema\/person\/15f73f175b41bad194837490339d48fb","name":"szenik","image":{"@type":"ImageObject","inLanguage":"de","@id":"https:\/\/www.szenik.eu\/de\/#\/schema\/person\/image\/","url":"https:\/\/secure.gravatar.com\/avatar\/d1c4f19522a624a4eaa5e6c03e22370b?s=96&d=mm&r=g","contentUrl":"https:\/\/secure.gravatar.com\/avatar\/d1c4f19522a624a4eaa5e6c03e22370b?s=96&d=mm&r=g","caption":"szenik"}}]}},"jetpack_featured_media_url":"https:\/\/www.szenik.eu\/wp-content\/uploads\/2021\/02\/vision_cTimKloecker_rock_orig_kl.jpg","amp_enabled":true,"_links":{"self":[{"href":"https:\/\/www.szenik.eu\/de\/wp-json\/\/wp\/v2\/posts\/37595"}],"collection":[{"href":"https:\/\/www.szenik.eu\/de\/wp-json\/\/wp\/v2\/posts"}],"about":[{"href":"https:\/\/www.szenik.eu\/de\/wp-json\/\/wp\/v2\/types\/post"}],"author":[{"embeddable":true,"href":"https:\/\/www.szenik.eu\/de\/wp-json\/\/wp\/v2\/users\/1"}],"replies":[{"embeddable":true,"href":"https:\/\/www.szenik.eu\/de\/wp-json\/\/wp\/v2\/comments?post=37595"}],"version-history":[{"count":4,"href":"https:\/\/www.szenik.eu\/de\/wp-json\/\/wp\/v2\/posts\/37595\/revisions"}],"predecessor-version":[{"id":37674,"href":"https:\/\/www.szenik.eu\/de\/wp-json\/\/wp\/v2\/posts\/37595\/revisions\/37674"}],"wp:featuredmedia":[{"embeddable":true,"href":"https:\/\/www.szenik.eu\/de\/wp-json\/\/wp\/v2\/media\/37596"}],"wp:attachment":[{"href":"https:\/\/www.szenik.eu\/de\/wp-json\/\/wp\/v2\/media?parent=37595"}],"wp:term":[{"taxonomy":"category","embeddable":true,"href":"https:\/\/www.szenik.eu\/de\/wp-json\/\/wp\/v2\/categories?post=37595"},{"taxonomy":"post_tag","embeddable":true,"href":"https:\/\/www.szenik.eu\/de\/wp-json\/\/wp\/v2\/tags?post=37595"}],"curies":[{"name":"wp","href":"https:\/\/api.w.org\/{rel}","templated":true}]}}