{"id":37556,"date":"2021-02-10T13:37:44","date_gmt":"2021-02-10T12:37:44","guid":{"rendered":"https:\/\/www.szenik.eu\/?p=37556\/"},"modified":"2021-02-10T13:38:46","modified_gmt":"2021-02-10T12:38:46","slug":"oper-trotz-corona-die-staatsoper-stuttgart-oeffnet-wieder-online","status":"publish","type":"post","link":"https:\/\/www.szenik.eu\/de\/oper-trotz-corona-die-staatsoper-stuttgart-oeffnet-wieder-online-37556","title":{"rendered":"&#8222;Oper trotz Corona&#8220;: Die Staatsoper Stuttgart \u00f6ffnet wieder &#8211; online"},"content":{"rendered":"\n<h2>Zum Auftakt l\u00e4dt die Staatsoper Stuttgart die Zuschauer*innen zu einem&nbsp;<strong>virtuellen Opernball<\/strong>&nbsp;ein, der live aus dem Opernhaus Tanzmusik unterschiedlichster Epochen \u2013 vom Walzer bis zum DJ-Set, von der Arie bis zum Unplugged-Act \u2013 bietet und zum Mitmachen auffordert.&nbsp;<\/h2>\n\n\n\n<div style=\"height:100px\" aria-hidden=\"true\" class=\"wp-block-spacer\"><\/div>\n\n\n\n<p><em>Pressemitteilung<\/em><\/p>\n\n\n\n<div style=\"height:100px\" aria-hidden=\"true\" class=\"wp-block-spacer\"><\/div>\n\n\n\n<p class=\"has-background has-text-align-center has-medium-font-size has-luminous-vivid-amber-background-color\"><strong><em>Opernball<\/em><\/strong><br>Faschingsdienstag, 16. Februar 2021<\/p>\n\n\n\n<div style=\"height:20px\" aria-hidden=\"true\" class=\"wp-block-spacer\"><\/div>\n\n\n\n<p>Abendkleid statt Jogginghose, Dancefloor statt Sofa: Die Staatsoper Stuttgart bringt am Faschingsdienstag einen echten Opernball ins heimische Wohnzimmer. Live aus dem Opernhaus erklingt dazu extravagante Tanzmusik unterschiedlichster Epochen \u2013 vom Walzer bis zum DJ-Set, von der Arie bis zum Unplugged-Act. Per Webcam kann sich das Publikum aufs virtuelle Tanzparkett der Staatsoper schalten. Die Teilnahme am Opernball ist kostenlos.<\/p>\n\n\n\n<p>Mit&nbsp;<strong>Cornelius Meister, Matthias Klink, ErpfenBrass, JABB, Foaie Verde, Musiker*innen des Staatsorchesters Stuttgart, DJ Kitti Arsa&nbsp;<\/strong>u.v.a.<br>Moderation&nbsp;<strong>Stine Marie Fischer<\/strong>&nbsp;und&nbsp;<strong>Robert Ro\u017ei\u0107<\/strong><\/p>\n\n\n\n<div style=\"height:100px\" aria-hidden=\"true\" class=\"wp-block-spacer\"><\/div>\n\n\n\n<p class=\"has-background has-text-align-center has-medium-font-size has-luminous-vivid-amber-background-color\"><strong><em>Oper im Stream<\/em><\/strong><br>Ab 19. Februar 2021<\/p>\n\n\n\n<div style=\"height:20px\" aria-hidden=\"true\" class=\"wp-block-spacer\"><\/div>\n\n\n\n<p>Alle 14 Tage eine neue Oper \u2013 in voller L\u00e4nge, kostenlos und mit deutschen Untertiteln. Das seit fast einem Jahr bew\u00e4hrte #OpertrotzCorona-Programm mit H\u00f6hepunkten aus dem Opernhaus wird weitergef\u00fchrt. Den Auftakt bildet die&nbsp;<strong>Preview<\/strong>&nbsp;von&nbsp;<strong><em>Verzauberte Welt<\/em><\/strong>, die f\u00fcr den Dezember 2020 zur Auff\u00fchrung geplant war.&nbsp;<\/p>\n\n\n\n<p>Am ersten Tag eines neuen Streams findet jeweils eine<strong>&nbsp;Online-Watchparty<\/strong>&nbsp;statt, in der gemeinsam ein von Mitwirkenden kommentiertes Best-of pr\u00e4sentiert wird. Jeweils mittwochs vor Ende des Streams bietet die Staatsoper ein&nbsp;<strong>Nachgespr\u00e4ch<\/strong>&nbsp;mit der Dramaturgie an.<\/p>\n\n\n\n<div style=\"height:37px\" aria-hidden=\"true\" class=\"wp-block-spacer\"><\/div>\n\n\n\n<div class=\"wp-block-media-text alignwide is-image-fill\"><figure class=\"wp-block-media-text__media\" style=\"background-image:url(https:\/\/www.szenik.eu\/wp-content\/uploads\/2021\/02\/Capture-d\u2019\u00e9cran-2021-02-10-\u00e0-12.25.45.png);background-position:50% 50%\"><img decoding=\"async\" loading=\"lazy\" width=\"1025\" height=\"680\" src=\"https:\/\/www.szenik.eu\/wp-content\/uploads\/2021\/02\/Capture-d\u2019\u00e9cran-2021-02-10-\u00e0-12.25.45.png\" alt=\"\" class=\"wp-image-37557\" srcset=\"https:\/\/www.szenik.eu\/wp-content\/uploads\/2021\/02\/Capture-d\u2019\u00e9cran-2021-02-10-\u00e0-12.25.45.png 1025w, https:\/\/www.szenik.eu\/wp-content\/uploads\/2021\/02\/Capture-d\u2019\u00e9cran-2021-02-10-\u00e0-12.25.45-300x199.png 300w, https:\/\/www.szenik.eu\/wp-content\/uploads\/2021\/02\/Capture-d\u2019\u00e9cran-2021-02-10-\u00e0-12.25.45-768x510.png 768w, https:\/\/www.szenik.eu\/wp-content\/uploads\/2021\/02\/Capture-d\u2019\u00e9cran-2021-02-10-\u00e0-12.25.45-750x498.png 750w\" sizes=\"(max-width: 1025px) 100vw, 1025px\" \/><\/figure><div class=\"wp-block-media-text__content\">\n<p class=\"has-normal-font-size\"><strong><a href=\"https:\/\/www.szenik.eu\/de\/staatsoper-stuttgart-digitale-vorpremiere-verzauberte-welt-36408\" target=\"_blank\" rel=\"noreferrer noopener\" aria-label=\"Verzauberte Welt (opens in a new tab)\">Verzauberte Welt<\/a><\/strong>&nbsp;<br><em>(ab 19. Februar)&nbsp;<\/em><br>Mit <strong>Maurice Ravel<\/strong>s Oper&nbsp;<em>Das Kind und&nbsp;die Zauberdinge<\/em>&nbsp;(1925 UA) und seiner M\u00e4rchensuite&nbsp;<em>Ma M\u00e8re L\u2019Oye<\/em>&nbsp;(1910 UA) sowie Songs und Texten von <strong>Schorsch Kamerun<\/strong><\/p>\n\n\n\n<p class=\"has-small-font-size\">Foto: M. Baus<\/p>\n<\/div><\/div>\n\n\n\n<div style=\"height:62px\" aria-hidden=\"true\" class=\"wp-block-spacer\"><\/div>\n\n\n\n<div class=\"wp-block-media-text alignwide has-media-on-the-right is-image-fill\"><figure class=\"wp-block-media-text__media\" style=\"background-image:url(https:\/\/www.szenik.eu\/wp-content\/uploads\/2021\/02\/Capture-d\u2019\u00e9cran-2021-02-10-\u00e0-13.22.14.png);background-position:13.861386138613863% 100%\"><img decoding=\"async\" loading=\"lazy\" width=\"697\" height=\"465\" src=\"https:\/\/www.szenik.eu\/wp-content\/uploads\/2021\/02\/Capture-d\u2019\u00e9cran-2021-02-10-\u00e0-13.22.14.png\" alt=\"\" class=\"wp-image-37561\" srcset=\"https:\/\/www.szenik.eu\/wp-content\/uploads\/2021\/02\/Capture-d\u2019\u00e9cran-2021-02-10-\u00e0-13.22.14.png 697w, https:\/\/www.szenik.eu\/wp-content\/uploads\/2021\/02\/Capture-d\u2019\u00e9cran-2021-02-10-\u00e0-13.22.14-300x200.png 300w\" sizes=\"(max-width: 697px) 100vw, 697px\" \/><\/figure><div class=\"wp-block-media-text__content\">\n<p class=\"has-text-align-right has-normal-font-size\"><strong><a rel=\"noreferrer noopener\" aria-label=\"Nixon in China (opens in a new tab)\" href=\"https:\/\/www.szenik.eu\/de\/event\/nixon-in-china-1\" target=\"_blank\">Nixon in China<\/a>\u00a0<\/strong><br><em>(ab 5. M\u00e4rz)<\/em><br>John Adams\u2019 Minimal-Music-Oper \u00fcber Nixons Besuch bei Mao, inszeniert von <strong>Marco \u0160tormanal<\/strong>s Dekonstruktions-Revue \u00fcber die Macht der Bilder und die Inszenierung von Politik.<\/p>\n\n\n\n<p class=\"has-text-align-right has-small-font-size\">Foto: M. Baus<\/p>\n<\/div><\/div>\n\n\n\n<div style=\"height:64px\" aria-hidden=\"true\" class=\"wp-block-spacer\"><\/div>\n\n\n\n<div class=\"wp-block-media-text alignwide is-image-fill\"><figure class=\"wp-block-media-text__media\" style=\"background-image:url(https:\/\/www.szenik.eu\/wp-content\/uploads\/2021\/02\/Capture-d\u2019\u00e9cran-2021-02-10-\u00e0-13.03.14.png);background-position:56.43564356435643% 47.03703703703704%\"><img decoding=\"async\" loading=\"lazy\" width=\"776\" height=\"517\" src=\"https:\/\/www.szenik.eu\/wp-content\/uploads\/2021\/02\/Capture-d\u2019\u00e9cran-2021-02-10-\u00e0-13.03.14.png\" alt=\"\" class=\"wp-image-37559\" srcset=\"https:\/\/www.szenik.eu\/wp-content\/uploads\/2021\/02\/Capture-d\u2019\u00e9cran-2021-02-10-\u00e0-13.03.14.png 776w, https:\/\/www.szenik.eu\/wp-content\/uploads\/2021\/02\/Capture-d\u2019\u00e9cran-2021-02-10-\u00e0-13.03.14-300x200.png 300w, https:\/\/www.szenik.eu\/wp-content\/uploads\/2021\/02\/Capture-d\u2019\u00e9cran-2021-02-10-\u00e0-13.03.14-768x512.png 768w, https:\/\/www.szenik.eu\/wp-content\/uploads\/2021\/02\/Capture-d\u2019\u00e9cran-2021-02-10-\u00e0-13.03.14-750x500.png 750w\" sizes=\"(max-width: 776px) 100vw, 776px\" \/><\/figure><div class=\"wp-block-media-text__content\">\n<p class=\"has-normal-font-size\"><strong><a rel=\"noreferrer noopener\" aria-label=\"Die Liebe zu drei Orangen (opens in a new tab)\" href=\"https:\/\/www.szenik.eu\/de\/event\/die-liebe-zu-drei-orangen-1\" target=\"_blank\">Die Liebe zu drei Orangen<\/a>\u00a0<\/strong><br><em>(ab 19. M\u00e4rz)<\/em><br><strong>Axel Ranisch<\/strong> inszeniert <strong>Sergej Prokofjews<\/strong> M\u00e4rchenoper von 1921 als rasantes Computerspiel von 1989. Ein pixelbunter Opernspa\u00df f\u00fcr die ganze Familie!<\/p>\n\n\n\n<p class=\"has-small-font-size\">Foto: M. Baus<\/p>\n<\/div><\/div>\n\n\n\n<div style=\"height:61px\" aria-hidden=\"true\" class=\"wp-block-spacer\"><\/div>\n\n\n\n<div class=\"wp-block-media-text alignwide has-media-on-the-right is-image-fill\"><figure class=\"wp-block-media-text__media\" style=\"background-image:url(https:\/\/www.szenik.eu\/wp-content\/uploads\/2021\/02\/Capture-d\u2019\u00e9cran-2021-02-10-\u00e0-13.25.31.png);background-position:28.217821782178216% 55.18518518518518%\"><img decoding=\"async\" loading=\"lazy\" width=\"791\" height=\"527\" src=\"https:\/\/www.szenik.eu\/wp-content\/uploads\/2021\/02\/Capture-d\u2019\u00e9cran-2021-02-10-\u00e0-13.25.31.png\" alt=\"\" class=\"wp-image-37563\" srcset=\"https:\/\/www.szenik.eu\/wp-content\/uploads\/2021\/02\/Capture-d\u2019\u00e9cran-2021-02-10-\u00e0-13.25.31.png 791w, https:\/\/www.szenik.eu\/wp-content\/uploads\/2021\/02\/Capture-d\u2019\u00e9cran-2021-02-10-\u00e0-13.25.31-300x200.png 300w, https:\/\/www.szenik.eu\/wp-content\/uploads\/2021\/02\/Capture-d\u2019\u00e9cran-2021-02-10-\u00e0-13.25.31-768x512.png 768w, https:\/\/www.szenik.eu\/wp-content\/uploads\/2021\/02\/Capture-d\u2019\u00e9cran-2021-02-10-\u00e0-13.25.31-750x500.png 750w\" sizes=\"(max-width: 791px) 100vw, 791px\" \/><\/figure><div class=\"wp-block-media-text__content\">\n<p class=\"has-text-align-right has-normal-font-size\"><strong>Parsifal\u00a0<\/strong><br><em>(ab 2. April)<\/em><br><strong>Calixto Bieitos<\/strong> legend\u00e4rer Parsifal von 2010 warnt vor der Verzweiflung von Menschen, die Sinn in einem apokalyptischen \u00d6dland suchen und dabei doch nur an verkrusteten religi\u00f6sen Bildern festhalten k\u00f6nnen.<\/p>\n\n\n\n<p class=\"has-text-align-right has-small-font-size\">Foto: M. Sigmund<\/p>\n<\/div><\/div>\n\n\n\n<div style=\"height:100px\" aria-hidden=\"true\" class=\"wp-block-spacer\"><\/div>\n\n\n\n<p class=\"has-background has-text-align-center has-medium-font-size has-luminous-vivid-amber-background-color\">Staatsorchester Stuttgart<br>Ab 22. Februar 2021<\/p>\n\n\n\n<div style=\"height:20px\" aria-hidden=\"true\" class=\"wp-block-spacer\"><\/div>\n\n\n\n<p>Das Staatsorchester ist im Februar und M\u00e4rz wieder live zu erleben. Zwei Sinfoniekonzerte werden aus der Liederhalle im Stream \u00fcbertragen. Die Daten und das Programm werden noch bekannt gegeben. Das Staatsorchester wird zudem ab M\u00e4rz w\u00f6chentlich ein&nbsp;<strong>Lunchkonzert<\/strong> aus dem Opernhaus streamen. In Kooperation mit der Staatsgalerie gestalten die Musiker*innen zudem die&nbsp;<strong><em>Lange Nacht des Teilens<\/em><\/strong>.<\/p>\n\n\n\n<div style=\"height:36px\" aria-hidden=\"true\" class=\"wp-block-spacer\"><\/div>\n\n\n\n<ul><li><strong>Lunchkonzerte&nbsp;<\/strong>(4. | 11. | 18. | 25. M\u00e4rz | 1. April)<br>Live aus dem Opernhaus<\/li><li><strong>Lange Nacht des Teilens&nbsp;<\/strong>(26. M\u00e4rz)<br>In Kooperation mit der Staatsgalerie Stuttgart<\/li><\/ul>\n\n\n\n<div style=\"height:100px\" aria-hidden=\"true\" class=\"wp-block-spacer\"><\/div>\n\n\n\n<div class=\"wp-block-button aligncenter\"><a class=\"wp-block-button__link has-text-color has-very-dark-gray-color has-background has-pale-pink-background-color\" href=\"https:\/\/www.staatsoper-stuttgart.de\" target=\"_blank\" rel=\"noreferrer noopener\">Weitere Informationen auf der Website der Staatsoper Stuttgart<\/a><\/div>\n\n\n\n<div style=\"height:100px\" aria-hidden=\"true\" class=\"wp-block-spacer\"><\/div>\n\n\n\n<p class=\"has-small-font-size\">Foto: M. Baus<\/p>\n\n\n\n<div style=\"height:100px\" aria-hidden=\"true\" class=\"wp-block-spacer\"><\/div>\n","protected":false},"excerpt":{"rendered":"<p>Zum Auftakt l\u00e4dt die Staatsoper Stuttgart die Zuschauer*innen zu einem&nbsp;virtuellen Opernball&nbsp;ein, der live aus dem Opernhaus Tanzmusik unterschiedlichster Epochen \u2013 vom Walzer bis zum DJ-Set, von der Arie bis zum Unplugged-Act \u2013 bietet und zum Mitmachen auffordert.&nbsp; Pressemitteilung OpernballFaschingsdienstag, 16. Februar 2021 Abendkleid statt Jogginghose, Dancefloor statt Sofa: Die Staatsoper Stuttgart bringt am Faschingsdienstag einen [&hellip;]<\/p>\n","protected":false},"author":1,"featured_media":37567,"comment_status":"open","ping_status":"open","sticky":false,"template":"","format":"standard","meta":{"_monsterinsights_skip_tracking":false,"_monsterinsights_sitenote_active":false,"_monsterinsights_sitenote_note":"","_monsterinsights_sitenote_category":0},"categories":[10359],"tags":[10471,6680,10469,2259,10470,3244,10059,6308,6640,2770],"yoast_head":"<!-- This site is optimized with the Yoast SEO plugin v20.5 - https:\/\/yoast.com\/wordpress\/plugins\/seo\/ -->\n<title>&quot;Oper trotz Corona&quot;: Die Staatsoper Stuttgart geht wieder online I szenik<\/title>\n<meta name=\"description\" content=\"Zum Auftakt l\u00e4dt die Staatsoper Stuttgart die Zuschauer*innen zu einem virtuellen Opernball ein, der live aus dem Opernhaus Tanzmusik bietet.\" \/>\n<meta name=\"robots\" content=\"index, follow, max-snippet:-1, max-image-preview:large, max-video-preview:-1\" \/>\n<link rel=\"canonical\" href=\"https:\/\/www.szenik.eu\/de\/oper-trotz-corona-die-staatsoper-stuttgart-oeffnet-wieder-online-37556\" \/>\n<meta property=\"og:locale\" content=\"de_DE\" \/>\n<meta property=\"og:type\" content=\"article\" \/>\n<meta property=\"og:title\" content=\"&quot;Oper trotz Corona&quot;: Die Staatsoper Stuttgart geht wieder online I szenik\" \/>\n<meta property=\"og:description\" content=\"Zum Auftakt l\u00e4dt die Staatsoper Stuttgart die Zuschauer*innen zu einem virtuellen Opernball ein, der live aus dem Opernhaus Tanzmusik bietet.\" \/>\n<meta property=\"og:url\" content=\"https:\/\/www.szenik.eu\/de\/oper-trotz-corona-die-staatsoper-stuttgart-oeffnet-wieder-online-37556\" \/>\n<meta property=\"og:site_name\" content=\"szenik\" \/>\n<meta property=\"article:publisher\" content=\"https:\/\/www.facebook.com\/szenik.eu\/\" \/>\n<meta property=\"article:published_time\" content=\"2021-02-10T12:37:44+00:00\" \/>\n<meta property=\"article:modified_time\" content=\"2021-02-10T12:38:46+00:00\" \/>\n<meta property=\"og:image\" content=\"https:\/\/www.szenik.eu\/wp-content\/uploads\/2021\/02\/Capture-d\u2019\u00e9cran-2021-02-10-\u00e0-13.31.36.png\" \/>\n\t<meta property=\"og:image:width\" content=\"897\" \/>\n\t<meta property=\"og:image:height\" content=\"646\" \/>\n\t<meta property=\"og:image:type\" content=\"image\/png\" \/>\n<meta name=\"author\" content=\"szenik\" \/>\n<meta name=\"twitter:card\" content=\"summary_large_image\" \/>\n<meta name=\"twitter:creator\" content=\"@Szenik\" \/>\n<meta name=\"twitter:site\" content=\"@Szenik\" \/>\n<meta name=\"twitter:label1\" content=\"Verfasst von\" \/>\n\t<meta name=\"twitter:data1\" content=\"szenik\" \/>\n\t<meta name=\"twitter:label2\" content=\"Gesch\u00e4tzte Lesezeit\" \/>\n\t<meta name=\"twitter:data2\" content=\"2\u00a0Minuten\" \/>\n<script type=\"application\/ld+json\" class=\"yoast-schema-graph\">{\"@context\":\"https:\/\/schema.org\",\"@graph\":[{\"@type\":\"Article\",\"@id\":\"https:\/\/www.szenik.eu\/de\/oper-trotz-corona-die-staatsoper-stuttgart-oeffnet-wieder-online-37556#article\",\"isPartOf\":{\"@id\":\"https:\/\/www.szenik.eu\/de\/oper-trotz-corona-die-staatsoper-stuttgart-oeffnet-wieder-online-37556\"},\"author\":{\"name\":\"szenik\",\"@id\":\"https:\/\/www.szenik.eu\/de\/#\/schema\/person\/15f73f175b41bad194837490339d48fb\"},\"headline\":\"&#8222;Oper trotz Corona&#8220;: Die Staatsoper Stuttgart \u00f6ffnet wieder &#8211; online\",\"datePublished\":\"2021-02-10T12:37:44+00:00\",\"dateModified\":\"2021-02-10T12:38:46+00:00\",\"mainEntityOfPage\":{\"@id\":\"https:\/\/www.szenik.eu\/de\/oper-trotz-corona-die-staatsoper-stuttgart-oeffnet-wieder-online-37556\"},\"wordCount\":485,\"commentCount\":0,\"publisher\":{\"@id\":\"https:\/\/www.szenik.eu\/de\/#organization\"},\"keywords\":[\"Axel Ranisch\",\"Calixto Bieito\",\"Cornelius Meister\",\"Klassik\",\"Marco Stormanal\",\"Oper\",\"Schorsch Kamerun\",\"Staatsoper Stuttgart\",\"Staatsorchester Stuttgart\",\"Stuttgart\"],\"articleSection\":[\"TV \/ Streaming\"],\"inLanguage\":\"de\",\"potentialAction\":[{\"@type\":\"CommentAction\",\"name\":\"Comment\",\"target\":[\"https:\/\/www.szenik.eu\/de\/oper-trotz-corona-die-staatsoper-stuttgart-oeffnet-wieder-online-37556#respond\"]}]},{\"@type\":\"WebPage\",\"@id\":\"https:\/\/www.szenik.eu\/de\/oper-trotz-corona-die-staatsoper-stuttgart-oeffnet-wieder-online-37556\",\"url\":\"https:\/\/www.szenik.eu\/de\/oper-trotz-corona-die-staatsoper-stuttgart-oeffnet-wieder-online-37556\",\"name\":\"\\\"Oper trotz Corona\\\": Die Staatsoper Stuttgart geht wieder online I szenik\",\"isPartOf\":{\"@id\":\"https:\/\/www.szenik.eu\/de\/#website\"},\"datePublished\":\"2021-02-10T12:37:44+00:00\",\"dateModified\":\"2021-02-10T12:38:46+00:00\",\"description\":\"Zum Auftakt l\u00e4dt die Staatsoper Stuttgart die Zuschauer*innen zu einem virtuellen Opernball ein, der live aus dem Opernhaus Tanzmusik bietet.\",\"breadcrumb\":{\"@id\":\"https:\/\/www.szenik.eu\/de\/oper-trotz-corona-die-staatsoper-stuttgart-oeffnet-wieder-online-37556#breadcrumb\"},\"inLanguage\":\"de\",\"potentialAction\":[{\"@type\":\"ReadAction\",\"target\":[\"https:\/\/www.szenik.eu\/de\/oper-trotz-corona-die-staatsoper-stuttgart-oeffnet-wieder-online-37556\"]}]},{\"@type\":\"BreadcrumbList\",\"@id\":\"https:\/\/www.szenik.eu\/de\/oper-trotz-corona-die-staatsoper-stuttgart-oeffnet-wieder-online-37556#breadcrumb\",\"itemListElement\":[{\"@type\":\"ListItem\",\"position\":1,\"name\":\"Home\",\"item\":\"https:\/\/www.szenik.eu\/de\"},{\"@type\":\"ListItem\",\"position\":2,\"name\":\"&#8222;Oper trotz Corona&#8220;: Die Staatsoper Stuttgart \u00f6ffnet wieder &#8211; online\"}]},{\"@type\":\"WebSite\",\"@id\":\"https:\/\/www.szenik.eu\/de\/#website\",\"url\":\"https:\/\/www.szenik.eu\/de\/\",\"name\":\"szenik\",\"description\":\"Le Meilleur des sc\u00e8nes au coeur de l&#039;Europe\",\"publisher\":{\"@id\":\"https:\/\/www.szenik.eu\/de\/#organization\"},\"potentialAction\":[{\"@type\":\"SearchAction\",\"target\":{\"@type\":\"EntryPoint\",\"urlTemplate\":\"https:\/\/www.szenik.eu\/de\/?s={search_term_string}\"},\"query-input\":\"required name=search_term_string\"}],\"inLanguage\":\"de\"},{\"@type\":\"Organization\",\"@id\":\"https:\/\/www.szenik.eu\/de\/#organization\",\"name\":\"Szenik\",\"url\":\"https:\/\/www.szenik.eu\/de\/\",\"logo\":{\"@type\":\"ImageObject\",\"inLanguage\":\"de\",\"@id\":\"https:\/\/www.szenik.eu\/de\/#\/schema\/logo\/image\/\",\"url\":\"https:\/\/www.szenik.eu\/wp-content\/uploads\/2019\/07\/logo-square.png\",\"contentUrl\":\"https:\/\/www.szenik.eu\/wp-content\/uploads\/2019\/07\/logo-square.png\",\"width\":512,\"height\":512,\"caption\":\"Szenik\"},\"image\":{\"@id\":\"https:\/\/www.szenik.eu\/de\/#\/schema\/logo\/image\/\"},\"sameAs\":[\"https:\/\/www.facebook.com\/szenik.eu\/\",\"https:\/\/twitter.com\/Szenik\",\"https:\/\/www.instagram.com\/szenik_magazine\/\",\"https:\/\/www.youtube.com\/user\/SzenikEU\/\"]},{\"@type\":\"Person\",\"@id\":\"https:\/\/www.szenik.eu\/de\/#\/schema\/person\/15f73f175b41bad194837490339d48fb\",\"name\":\"szenik\",\"image\":{\"@type\":\"ImageObject\",\"inLanguage\":\"de\",\"@id\":\"https:\/\/www.szenik.eu\/de\/#\/schema\/person\/image\/\",\"url\":\"https:\/\/secure.gravatar.com\/avatar\/d1c4f19522a624a4eaa5e6c03e22370b?s=96&d=mm&r=g\",\"contentUrl\":\"https:\/\/secure.gravatar.com\/avatar\/d1c4f19522a624a4eaa5e6c03e22370b?s=96&d=mm&r=g\",\"caption\":\"szenik\"}}]}<\/script>\n<!-- \/ Yoast SEO plugin. -->","yoast_head_json":{"title":"\"Oper trotz Corona\": Die Staatsoper Stuttgart geht wieder online I szenik","description":"Zum Auftakt l\u00e4dt die Staatsoper Stuttgart die Zuschauer*innen zu einem virtuellen Opernball ein, der live aus dem Opernhaus Tanzmusik bietet.","robots":{"index":"index","follow":"follow","max-snippet":"max-snippet:-1","max-image-preview":"max-image-preview:large","max-video-preview":"max-video-preview:-1"},"canonical":"https:\/\/www.szenik.eu\/de\/oper-trotz-corona-die-staatsoper-stuttgart-oeffnet-wieder-online-37556","og_locale":"de_DE","og_type":"article","og_title":"\"Oper trotz Corona\": Die Staatsoper Stuttgart geht wieder online I szenik","og_description":"Zum Auftakt l\u00e4dt die Staatsoper Stuttgart die Zuschauer*innen zu einem virtuellen Opernball ein, der live aus dem Opernhaus Tanzmusik bietet.","og_url":"https:\/\/www.szenik.eu\/de\/oper-trotz-corona-die-staatsoper-stuttgart-oeffnet-wieder-online-37556","og_site_name":"szenik","article_publisher":"https:\/\/www.facebook.com\/szenik.eu\/","article_published_time":"2021-02-10T12:37:44+00:00","article_modified_time":"2021-02-10T12:38:46+00:00","og_image":[{"width":897,"height":646,"url":"https:\/\/www.szenik.eu\/wp-content\/uploads\/2021\/02\/Capture-d\u2019\u00e9cran-2021-02-10-\u00e0-13.31.36.png","type":"image\/png"}],"author":"szenik","twitter_card":"summary_large_image","twitter_creator":"@Szenik","twitter_site":"@Szenik","twitter_misc":{"Verfasst von":"szenik","Gesch\u00e4tzte Lesezeit":"2\u00a0Minuten"},"schema":{"@context":"https:\/\/schema.org","@graph":[{"@type":"Article","@id":"https:\/\/www.szenik.eu\/de\/oper-trotz-corona-die-staatsoper-stuttgart-oeffnet-wieder-online-37556#article","isPartOf":{"@id":"https:\/\/www.szenik.eu\/de\/oper-trotz-corona-die-staatsoper-stuttgart-oeffnet-wieder-online-37556"},"author":{"name":"szenik","@id":"https:\/\/www.szenik.eu\/de\/#\/schema\/person\/15f73f175b41bad194837490339d48fb"},"headline":"&#8222;Oper trotz Corona&#8220;: Die Staatsoper Stuttgart \u00f6ffnet wieder &#8211; online","datePublished":"2021-02-10T12:37:44+00:00","dateModified":"2021-02-10T12:38:46+00:00","mainEntityOfPage":{"@id":"https:\/\/www.szenik.eu\/de\/oper-trotz-corona-die-staatsoper-stuttgart-oeffnet-wieder-online-37556"},"wordCount":485,"commentCount":0,"publisher":{"@id":"https:\/\/www.szenik.eu\/de\/#organization"},"keywords":["Axel Ranisch","Calixto Bieito","Cornelius Meister","Klassik","Marco Stormanal","Oper","Schorsch Kamerun","Staatsoper Stuttgart","Staatsorchester Stuttgart","Stuttgart"],"articleSection":["TV \/ Streaming"],"inLanguage":"de","potentialAction":[{"@type":"CommentAction","name":"Comment","target":["https:\/\/www.szenik.eu\/de\/oper-trotz-corona-die-staatsoper-stuttgart-oeffnet-wieder-online-37556#respond"]}]},{"@type":"WebPage","@id":"https:\/\/www.szenik.eu\/de\/oper-trotz-corona-die-staatsoper-stuttgart-oeffnet-wieder-online-37556","url":"https:\/\/www.szenik.eu\/de\/oper-trotz-corona-die-staatsoper-stuttgart-oeffnet-wieder-online-37556","name":"\"Oper trotz Corona\": Die Staatsoper Stuttgart geht wieder online I szenik","isPartOf":{"@id":"https:\/\/www.szenik.eu\/de\/#website"},"datePublished":"2021-02-10T12:37:44+00:00","dateModified":"2021-02-10T12:38:46+00:00","description":"Zum Auftakt l\u00e4dt die Staatsoper Stuttgart die Zuschauer*innen zu einem virtuellen Opernball ein, der live aus dem Opernhaus Tanzmusik bietet.","breadcrumb":{"@id":"https:\/\/www.szenik.eu\/de\/oper-trotz-corona-die-staatsoper-stuttgart-oeffnet-wieder-online-37556#breadcrumb"},"inLanguage":"de","potentialAction":[{"@type":"ReadAction","target":["https:\/\/www.szenik.eu\/de\/oper-trotz-corona-die-staatsoper-stuttgart-oeffnet-wieder-online-37556"]}]},{"@type":"BreadcrumbList","@id":"https:\/\/www.szenik.eu\/de\/oper-trotz-corona-die-staatsoper-stuttgart-oeffnet-wieder-online-37556#breadcrumb","itemListElement":[{"@type":"ListItem","position":1,"name":"Home","item":"https:\/\/www.szenik.eu\/de"},{"@type":"ListItem","position":2,"name":"&#8222;Oper trotz Corona&#8220;: Die Staatsoper Stuttgart \u00f6ffnet wieder &#8211; online"}]},{"@type":"WebSite","@id":"https:\/\/www.szenik.eu\/de\/#website","url":"https:\/\/www.szenik.eu\/de\/","name":"szenik","description":"Le Meilleur des sc\u00e8nes au coeur de l&#039;Europe","publisher":{"@id":"https:\/\/www.szenik.eu\/de\/#organization"},"potentialAction":[{"@type":"SearchAction","target":{"@type":"EntryPoint","urlTemplate":"https:\/\/www.szenik.eu\/de\/?s={search_term_string}"},"query-input":"required name=search_term_string"}],"inLanguage":"de"},{"@type":"Organization","@id":"https:\/\/www.szenik.eu\/de\/#organization","name":"Szenik","url":"https:\/\/www.szenik.eu\/de\/","logo":{"@type":"ImageObject","inLanguage":"de","@id":"https:\/\/www.szenik.eu\/de\/#\/schema\/logo\/image\/","url":"https:\/\/www.szenik.eu\/wp-content\/uploads\/2019\/07\/logo-square.png","contentUrl":"https:\/\/www.szenik.eu\/wp-content\/uploads\/2019\/07\/logo-square.png","width":512,"height":512,"caption":"Szenik"},"image":{"@id":"https:\/\/www.szenik.eu\/de\/#\/schema\/logo\/image\/"},"sameAs":["https:\/\/www.facebook.com\/szenik.eu\/","https:\/\/twitter.com\/Szenik","https:\/\/www.instagram.com\/szenik_magazine\/","https:\/\/www.youtube.com\/user\/SzenikEU\/"]},{"@type":"Person","@id":"https:\/\/www.szenik.eu\/de\/#\/schema\/person\/15f73f175b41bad194837490339d48fb","name":"szenik","image":{"@type":"ImageObject","inLanguage":"de","@id":"https:\/\/www.szenik.eu\/de\/#\/schema\/person\/image\/","url":"https:\/\/secure.gravatar.com\/avatar\/d1c4f19522a624a4eaa5e6c03e22370b?s=96&d=mm&r=g","contentUrl":"https:\/\/secure.gravatar.com\/avatar\/d1c4f19522a624a4eaa5e6c03e22370b?s=96&d=mm&r=g","caption":"szenik"}}]}},"jetpack_featured_media_url":"https:\/\/www.szenik.eu\/wp-content\/uploads\/2021\/02\/Capture-d\u2019\u00e9cran-2021-02-10-\u00e0-13.31.36.png","amp_enabled":true,"_links":{"self":[{"href":"https:\/\/www.szenik.eu\/de\/wp-json\/\/wp\/v2\/posts\/37556"}],"collection":[{"href":"https:\/\/www.szenik.eu\/de\/wp-json\/\/wp\/v2\/posts"}],"about":[{"href":"https:\/\/www.szenik.eu\/de\/wp-json\/\/wp\/v2\/types\/post"}],"author":[{"embeddable":true,"href":"https:\/\/www.szenik.eu\/de\/wp-json\/\/wp\/v2\/users\/1"}],"replies":[{"embeddable":true,"href":"https:\/\/www.szenik.eu\/de\/wp-json\/\/wp\/v2\/comments?post=37556"}],"version-history":[{"count":3,"href":"https:\/\/www.szenik.eu\/de\/wp-json\/\/wp\/v2\/posts\/37556\/revisions"}],"predecessor-version":[{"id":37571,"href":"https:\/\/www.szenik.eu\/de\/wp-json\/\/wp\/v2\/posts\/37556\/revisions\/37571"}],"wp:featuredmedia":[{"embeddable":true,"href":"https:\/\/www.szenik.eu\/de\/wp-json\/\/wp\/v2\/media\/37567"}],"wp:attachment":[{"href":"https:\/\/www.szenik.eu\/de\/wp-json\/\/wp\/v2\/media?parent=37556"}],"wp:term":[{"taxonomy":"category","embeddable":true,"href":"https:\/\/www.szenik.eu\/de\/wp-json\/\/wp\/v2\/categories?post=37556"},{"taxonomy":"post_tag","embeddable":true,"href":"https:\/\/www.szenik.eu\/de\/wp-json\/\/wp\/v2\/tags?post=37556"}],"curies":[{"name":"wp","href":"https:\/\/api.w.org\/{rel}","templated":true}]}}