{"id":37318,"date":"2021-01-29T12:52:06","date_gmt":"2021-01-29T11:52:06","guid":{"rendered":"https:\/\/www.szenik.eu\/?p=37318\/"},"modified":"2021-04-16T15:32:33","modified_gmt":"2021-04-16T13:32:33","slug":"lasst-die-schwaene-leben-the-dying-swan-project-eine-produktion-von-gauthier-dance-dance-company","status":"publish","type":"post","link":"https:\/\/www.szenik.eu\/de\/lasst-die-schwaene-leben-the-dying-swan-project-eine-produktion-von-gauthier-dance-dance-company-37318","title":{"rendered":"Lasst die Schw\u00e4ne leben: &#8222;The Dying Swan Project&#8220;, eine Produktion von Gauthier Dance \/ Dance Company"},"content":{"rendered":"\n<h2>Am 16. April geht <strong>\u00bbThe Dying Swans Project\u00ab <\/strong>von Gauthier Dance auf der Digitalen B\u00fchne der Ludwigsburger Schlossfestspiele und den sozialen Netzwerken online. <\/h2>\n\n\n\n<div style=\"height:100px\" aria-hidden=\"true\" class=\"wp-block-spacer\"><\/div>\n\n\n\n<p><em>Pressemitteilung<\/em> <em>(aktualisiert am 16.3)<\/em><\/p>\n\n\n\n<div style=\"height:100px\" aria-hidden=\"true\" class=\"wp-block-spacer\"><\/div>\n\n\n\n<p>In diesen Tagen scheint die Hoffnung ebenso zu sterben wie der sprichw\u00f6rtliche Schwan. Doch Schwierigkeiten haben Eric Gauthier von jeher \u2013 um im Bild zu bleiben \u2013 befl\u00fcgelt. Zumal sein neuestes Baby das Zeug hatte, Tanzszene, Veranstalter und Partner aus den Medien und der Wirtschaft gleicherma\u00dfen zu begeistern. Und zwar so gr\u00fcndlich, dass sich seine Idee im Lauf von nur einer Woche in eine Produktion in trockenen T\u00fcchern verwandelte:&nbsp;<strong><em>The Dying Swans Project<\/em><\/strong>.<\/p>\n\n\n\n<p>Eric Gauthiers Ziel war, nicht nur den \u201esterbenden Schw\u00e4nen\u201c von Gauthier Dance im Lockdown eine neue Perspektive zu geben \u2013 sondern insgesamt&nbsp;<strong>64 K\u00fcnstlerinnen und K\u00fcnstlern aus den Sparten Tanz, Choreographie, Musik und Film<\/strong>. <\/p>\n\n\n\n<p>Und das war der Plan:<br>Die 8 Choreographinnen und 8 Choreographen kreieren je ein Tanzsolo f\u00fcr die 16 Mitglieder der Theaterhaus-Company. In Auftrag gegeben werden au\u00dferdem 16 Originalmusiken f\u00fcr die St\u00fccke sowie die filmische Realisierung. Das Ergebnis: 16 Neukreationen in 16 sehr unterschiedlichen choreographischen Handschriften mit einer starken Botschaft: Kunst l\u00e4sst sich nicht aufhalten. Beim choreographischen Line-up setzte Gauthier bewusst auf Vielfalt: Illustre Namen finden sich dort ebenso wie Vertreter*innen der freien Szene, darunter einige, sehr absichtlich, auch aus der Region Stuttgart. Je nach Wohnort der K\u00fcnstler wurde per Videoschalte kreiert oder direkt und pers\u00f6nlich vor Ort bei Gauthier Dance. <\/p>\n\n\n\n<p>Entsprechend ist das Projekt in zwei Phasen konzipiert: zun\u00e4chst als Videoclips,\u00a0<strong>abrufbar ab Freitag, 16.April 2021 um 10:00 Uhr<\/strong>\u00a0auf dem\u00a0<strong><a rel=\"noreferrer noopener\" aria-label=\" (opens in a new tab)\" href=\"https:\/\/www.youtube.com\/c\/TheaterhausStuttgartDE\" target=\"_blank\">Theaterhaus Stuttgart-YouTube-Kanal<\/a><\/strong>, dem\u00a0<a rel=\"noreferrer noopener\" aria-label=\" (opens in a new tab)\" href=\"https:\/\/www.instagram.com\/gauthierdance\/?hl=de\" target=\"_blank\"><strong>Instagram-Kanal von Gauthier Dance<\/strong><\/a>\u00a0sowie in der\u00a0<a rel=\"noreferrer noopener\" aria-label=\" (opens in a new tab)\" href=\"\" target=\"_blank\"><strong>3sat-Mediathek<\/strong><\/a>.\u00a0<\/p>\n\n\n\n<div style=\"height:50px\" aria-hidden=\"true\" class=\"wp-block-spacer\"><\/div>\n\n\n\n<figure class=\"wp-block-embed-youtube wp-block-embed is-type-video is-provider-youtube wp-embed-aspect-16-9 wp-has-aspect-ratio\"><div class=\"wp-block-embed__wrapper\">\n<iframe loading=\"lazy\" title=\"The Dying Swans Project: la Cigna\" width=\"500\" height=\"281\" src=\"https:\/\/www.youtube.com\/embed\/MpLD_n7Bk20?feature=oembed\" frameborder=\"0\" allow=\"accelerometer; autoplay; clipboard-write; encrypted-media; gyroscope; picture-in-picture\" allowfullscreen><\/iframe>\n<\/div><figcaption><em><a href=\"https:\/\/youtu.be\/MpLD_n7Bk20\" target=\"_blank\" rel=\"noreferrer noopener\" aria-label=\"Zur Playlist auf YouTube (opens in a new tab)\">Zur Playlist auf YouTube<\/a><\/em><\/figcaption><\/figure>\n\n\n\n<div style=\"height:59px\" aria-hidden=\"true\" class=\"wp-block-spacer\"><\/div>\n\n\n\n<div style=\"height:64px\" aria-hidden=\"true\" class=\"wp-block-spacer\"><\/div>\n\n\n\n<p>Doch das ist noch nicht alles. Die im Januar noch eher unbestimmten Pl\u00e4ne f\u00fcr eine Live-Version des Projekts hat Gauthier mittlerweile stark vorangetrieben. Statt einfach ausgew\u00e4hlte Solos bei den koproduzierenden Veranstaltern aufzuf\u00fchren, gibt es nun&nbsp;<strong><em>The Dying Swans Live Experience<\/em><\/strong>! <\/p>\n\n\n\n<p>Die B\u00fchnenshow ist inspiriert von dem St\u00fcck, das dem Projekt seinen Namen gab: Michel Fokines legend\u00e4res Solo&nbsp;<em>Der sterbende Schwan<\/em>. Das Original wird in vielerlei Hinsicht pr\u00e4sent sein. Schlie\u00dflich zielt Gauthier auf nichts weniger als auf eine Verbeugung vor der Ballettgeschichte \u2013 in Form einer dezidiert zeitgen\u00f6ssischen Aneignung. Gezeigt werden deshalb nicht nur alle 16 Solos aus&nbsp;<em>The Dying Swans Project<\/em>, entweder live oder als Film, sondern eine T\u00e4nzerin von Gauthier Dance zieht auch die Spitzenschuhe an, um die historische Choreographie auf der B\u00fchne zum Leben zu erwecken. <\/p>\n\n\n\n<p>Au\u00dferdem hat Eric Gauthier filmische Gr\u00fc\u00dfe und Statements bei ber\u00fchmten Ballerinen wie Polina Semionova und Diana Vishneva eingeholt, in denen sie erz\u00e4hlen, was ihnen dieses St\u00fcck bedeutet. Das Programm wird erg\u00e4nzt durch dokumentarische Einblicke von Rainhardt Albrecht-Herz, der den wahrhaft au\u00dfergew\u00f6hnlichen Probenprozess bei Gauthier Dance mit der Kamera begleitete. Durch den Abend f\u00fchrt Eric Gauthier als Gastgeber, Zeremonienmeister und&nbsp;<em>Sterbender-Schwan<\/em>-Erkl\u00e4rer.<br><\/p>\n\n\n\n<p><strong>Die Premiere von&nbsp;<em>The Dying Swans Live Experience&nbsp;<\/em>findet am 22. Mai 2021 bei den Ludwigsburger Schlossfestspielen statt.&nbsp;<\/strong>Der Vorverkauf f\u00fcr die insgesamt vier Vorstellungen am 22. und 23. Mai 2021 startet Mitte April direkt bei den&nbsp;<a href=\"https:\/\/schlossfestspiele.de\/aktuelles#\" target=\"_blank\" rel=\"noreferrer noopener\" aria-label=\" (opens in a new tab)\">Ludwigsburger Schlossfestspielen<\/a>. Es folgen zahlreiche weitere Auff\u00fchrungen im Theaterhaus Stuttgart, bei den Festivalpartnern und international auf Tour.&nbsp;<\/p>\n\n\n\n<div style=\"height:57px\" aria-hidden=\"true\" class=\"wp-block-spacer\"><\/div>\n\n\n\n<figure class=\"wp-block-image size-large\"><img decoding=\"async\" loading=\"lazy\" width=\"1024\" height=\"683\" src=\"https:\/\/www.szenik.eu\/wp-content\/uploads\/2021\/04\/GD21_DyingSwans_SmadarGoshen05_PhotoJeanetteBakGrafik_Daniel-Wiesmann-1024x683.jpg\" alt=\"\" class=\"wp-image-38860\" srcset=\"https:\/\/www.szenik.eu\/wp-content\/uploads\/2021\/04\/GD21_DyingSwans_SmadarGoshen05_PhotoJeanetteBakGrafik_Daniel-Wiesmann-1024x683.jpg 1024w, https:\/\/www.szenik.eu\/wp-content\/uploads\/2021\/04\/GD21_DyingSwans_SmadarGoshen05_PhotoJeanetteBakGrafik_Daniel-Wiesmann-300x200.jpg 300w, https:\/\/www.szenik.eu\/wp-content\/uploads\/2021\/04\/GD21_DyingSwans_SmadarGoshen05_PhotoJeanetteBakGrafik_Daniel-Wiesmann-768x512.jpg 768w, https:\/\/www.szenik.eu\/wp-content\/uploads\/2021\/04\/GD21_DyingSwans_SmadarGoshen05_PhotoJeanetteBakGrafik_Daniel-Wiesmann-750x500.jpg 750w, https:\/\/www.szenik.eu\/wp-content\/uploads\/2021\/04\/GD21_DyingSwans_SmadarGoshen05_PhotoJeanetteBakGrafik_Daniel-Wiesmann-1140x760.jpg 1140w, https:\/\/www.szenik.eu\/wp-content\/uploads\/2021\/04\/GD21_DyingSwans_SmadarGoshen05_PhotoJeanetteBakGrafik_Daniel-Wiesmann.jpg 1500w\" sizes=\"(max-width: 1024px) 100vw, 1024px\" \/><figcaption>Foto: Jeanette Bak I Grafik: Daniel Wiesman<\/figcaption><\/figure>\n\n\n\n<div style=\"height:58px\" aria-hidden=\"true\" class=\"wp-block-spacer\"><\/div>\n\n\n\n<p class=\"has-background has-text-align-center has-medium-font-size has-luminous-vivid-amber-background-color\">Die Choreograph*innen im \u00dcberblick<\/p>\n\n\n\n<div style=\"height:20px\" aria-hidden=\"true\" class=\"wp-block-spacer\"><\/div>\n\n\n\n<ul><li><a href=\"https:\/\/www.maurobigonzetti.com\/en\/biography\/\" target=\"_blank\" rel=\"noreferrer noopener\" aria-label=\"Mauro Bigonzetti&nbsp; (opens in a new tab)\"><strong>Mauro Bigonzetti<\/strong>&nbsp;<\/a>z\u00e4hlt zu den weltweit bekanntesten Choreographen. Der langj\u00e4hrige Chef von Aterballetto gilt als gro\u00dfer Neuerer des zeitgen\u00f6ssischen Tanzes aus Italien. Gauthier Dance ist er schon lange freundschaftlich verbunden. Das Bigonzetti-Repertoire umfasst neben dem abendf\u00fcllenden Ballett&nbsp;<em>Alice&nbsp;<\/em>und&nbsp;<em>Pietra Viva<\/em>, die er f\u00fcr die Company kreierte, auch sein signature piece&nbsp;<em>Cantata<\/em>.<\/li><\/ul>\n\n\n\n<ul><li><strong><a href=\"http:\/\/www.bridgetbreiner.com\" target=\"_blank\" rel=\"noreferrer noopener\" aria-label=\"Bridget Breiner (opens in a new tab)\">Bridget Breiner<\/a><\/strong>, langj\u00e4hrige Prima Ballerina am Stuttgarter Ballett und zwei Mal mit dem Deutschen Theaterpreis DER FAUST f\u00fcr die beste Choreographie ausgezeichnet, ist Ballettdirektorin am Staatstheater Karlsruhe.<\/li><\/ul>\n\n\n\n<div style=\"height:48px\" aria-hidden=\"true\" class=\"wp-block-spacer\"><\/div>\n\n\n\n<figure class=\"wp-block-embed-youtube aligncenter wp-block-embed is-type-video is-provider-youtube wp-embed-aspect-16-9 wp-has-aspect-ratio\"><div class=\"wp-block-embed__wrapper\">\n<iframe loading=\"lazy\" title=\"Interview mit Bridget Breiner I Badisches Staatstheater Karlsruhe I szenikmag\" width=\"500\" height=\"281\" src=\"https:\/\/www.youtube.com\/embed\/pzXtYm93dZo?feature=oembed\" frameborder=\"0\" allow=\"accelerometer; autoplay; clipboard-write; encrypted-media; gyroscope; picture-in-picture\" allowfullscreen><\/iframe>\n<\/div><figcaption>Interview #szenikmag mit Bridget Breiner <\/figcaption><\/figure>\n\n\n\n<div style=\"height:50px\" aria-hidden=\"true\" class=\"wp-block-spacer\"><\/div>\n\n\n\n<ul><li>F\u00fcr das Gauthier Dance-Programm&nbsp;<em>Grandes Dames<\/em>&nbsp;kreierte sie das poetische Juwel&nbsp;<em>Beating<\/em>. Die Leiterin ihrer eigenen Compagnie&nbsp;<strong><a href=\"http:\/\/www.virginiebrunelle.com\" target=\"_blank\" rel=\"noreferrer noopener\" aria-label=\"Virginie Brunelle (opens in a new tab)\">Virginie Brunelle<\/a><\/strong>&nbsp;geh\u00f6rt zu den Hoffnungstr\u00e4gerinnen des kanadischen Tanzes.<br><\/li><li>Geb\u00fcrtig aus Kanada, ist&nbsp;<strong><a href=\"https:\/\/kinsunchan.com\" target=\"_blank\" rel=\"noreferrer noopener\" aria-label=\"Kinsun Chan (opens in a new tab)\">Kinsun Chan<\/a><\/strong>&nbsp;schon lange daheim in der Schweiz. Der international profilierte Choreograph und ehemalige T\u00e4nzer des Balletts Z\u00fcrich und Basel leitet heute die Tanzkompanie am Theater St. Gallen.<\/li><\/ul>\n\n\n\n<ul><li>Seit 2003 ist er Ballettchef des Slowenischen Nationaltheaters Maribor \u2013 und choreographiert parallel f\u00fcr die ganz Gro\u00dfen. Die Liste ist schier endlos. Doch besonders eng arbeitet&nbsp;<strong>Edward Clug<\/strong>&nbsp;mit dem Stuttgarter und dem Z\u00fcrcher Ballett sowie dem NDT zusammen.<br><\/li><li>Zusammen mit Kevin O\u2019Day pr\u00e4gte sie eine \u00c4ra am Ballett des Nationaltheaters Mannheim \u2013 und choreographierte gleichzeitig f\u00fcr wichtige internationale Kompanien. Heute ist&nbsp;<strong>Dominique Dumais&nbsp;<\/strong>Ballettdirektorin am Mainfranken Theater W\u00fcrzburg.<br><\/li><\/ul>\n\n\n\n<ul><li>Auch der langj\u00e4hrige Chef von Apotosoma mit Sitz in Lyon ist international und \u00e4u\u00dferst prestigetr\u00e4chtig k\u00fcnstlerisch aktiv. F\u00fcr die Gauthier Dance-Jubil\u00e4umsproduktion&nbsp;<em>BIG FAT TEN<\/em> schuf&nbsp;<strong><a rel=\"noreferrer noopener\" aria-label=\"Andonis Foniadakis (opens in a new tab)\" href=\"https:\/\/www.facebook.com\/Foniadakis.net\/\" target=\"_blank\">Andonis Foniadakis<\/a>&nbsp;<\/strong>die berauschende Tanzsinfonie <em>Streams<\/em>.<\/li><\/ul>\n\n\n\n<ul><li>Starchoreograph&nbsp;<strong>Itzik Galili&nbsp;<\/strong>verbindet eine lange und \u00e4u\u00dferst fruchtbare Zusammenarbeit mit der Company. Neben Hits wie<em>&nbsp;The Sofa<\/em>&nbsp;und&nbsp;<em>Cherry Pink and Apple Blossom White<\/em>schuf er mit dem Solo&nbsp;<em>The Gift&nbsp;<\/em>den eindringlichen \u2013 und aufgrund des gro\u00dfen Erfolgs wieder revidierten \u2013 B\u00fchnenabschied von&nbsp;<strong><a rel=\"noreferrer noopener\" aria-label=\"Eric Gauthier (opens in a new tab)\" href=\"https:\/\/www.theaterhaus.com\/theaterhaus\/index.php?id=1,2,324\" target=\"_blank\">Eric Gauthier<\/a><\/strong>&nbsp;&#8230;<br>Denn selbstverst\u00e4ndlich l\u00e4sst es sich auch der Chef von Gauthier Dance nicht nehmen, ein St\u00fcck f\u00fcr sein Herzensprojekt beizusteuern.<br><\/li><\/ul>\n\n\n\n<div style=\"height:50px\" aria-hidden=\"true\" class=\"wp-block-spacer\"><\/div>\n\n\n\n<div class=\"wp-block-image\"><figure class=\"aligncenter size-large\"><img decoding=\"async\" loading=\"lazy\" width=\"1024\" height=\"683\" src=\"https:\/\/www.szenik.eu\/wp-content\/uploads\/2020\/12\/EricGauthier2017_MaksRichter2_25x16-1024x683.jpg\" alt=\"EricGauthier2017_MaksRichter2_25x16\" class=\"wp-image-36580\" srcset=\"https:\/\/www.szenik.eu\/wp-content\/uploads\/2020\/12\/EricGauthier2017_MaksRichter2_25x16-1024x683.jpg 1024w, https:\/\/www.szenik.eu\/wp-content\/uploads\/2020\/12\/EricGauthier2017_MaksRichter2_25x16-300x200.jpg 300w, https:\/\/www.szenik.eu\/wp-content\/uploads\/2020\/12\/EricGauthier2017_MaksRichter2_25x16-768x512.jpg 768w, https:\/\/www.szenik.eu\/wp-content\/uploads\/2020\/12\/EricGauthier2017_MaksRichter2_25x16-1536x1024.jpg 1536w, https:\/\/www.szenik.eu\/wp-content\/uploads\/2020\/12\/EricGauthier2017_MaksRichter2_25x16-2048x1366.jpg 2048w, https:\/\/www.szenik.eu\/wp-content\/uploads\/2020\/12\/EricGauthier2017_MaksRichter2_25x16-750x500.jpg 750w, https:\/\/www.szenik.eu\/wp-content\/uploads\/2020\/12\/EricGauthier2017_MaksRichter2_25x16-1140x760.jpg 1140w\" sizes=\"(max-width: 1024px) 100vw, 1024px\" \/><figcaption>Eric Gauthier I Maks Richter<\/figcaption><\/figure><\/div>\n\n\n\n<div style=\"height:47px\" aria-hidden=\"true\" class=\"wp-block-spacer\"><\/div>\n\n\n\n<ul><li><strong><a href=\"https:\/\/www.instagram.com\/smadar_goshen\/\" target=\"_blank\" rel=\"noreferrer noopener\" aria-label=\"Smadar Goshen (opens in a new tab)\">Smadar Goshen<\/a><\/strong>&nbsp;aus Israel lebt und arbeitet in Deutschland als freie Choreographin, T\u00e4nzerin und Bewegungsp\u00e4dagogin. Als Mitglied des Netzwerks Gaga\/people unterrichtet sie Ohad Naharins ber\u00fchmte Gaga-Methode \u2013 aktuell von der Homebase Stuttgart aus.<br><\/li><\/ul>\n\n\n\n<ul><li>Aus der freien Szene kommend, gr\u00fcndete und leitet sie die Tanztheater Markgr\u00f6ningen und Tanztheater Ludwigsburg, bei denen man nicht nur Tanzen lernen, sondern auch reichlich B\u00fchnenerfahrung sammeln kann. Als Lehrerin engagiert sich&nbsp;<strong><a href=\"https:\/\/www.tanztheater-hanke.de\" target=\"_blank\" rel=\"noreferrer noopener\" aria-label=\"Anita Hanke (opens in a new tab)\">Anita Hanke<\/a><\/strong>&nbsp;dort in den F\u00e4chern Jazz, Modern, Contemporary und Pilates.<br><\/li><\/ul>\n\n\n\n<ul><li>Ihr rasanter Aufstieg in der Tanzwelt f\u00fchrte \u00fcber die Stationen Scapino Ballett und die Leitungspositionen an den Theatern Osnabr\u00fcck und Heidelberg. Heute ist die vielfach Preisgekr\u00f6nte Chefin ihrer eigenen Dance Company&nbsp;<strong><a href=\"http:\/\/www.naninelinning.nl\/p\/207.html\" target=\"_blank\" rel=\"noreferrer noopener\" aria-label=\"Nanine Linning (opens in a new tab)\">Nanine Linning<\/a><\/strong>. F\u00fcr das Gauthier Dance-Programm&nbsp;<em>Infinity&nbsp;<\/em>kreierte sie mit&nbsp;<em>The Black Painting<\/em>&nbsp;eine \u00e4u\u00dferst atmosph\u00e4rische, von Goya inspirierte Arbeit.<\/li><\/ul>\n\n\n\n<ul><li>Mit ihrer backsteinhaus produktion avancierte&nbsp;<strong><a href=\"https:\/\/www.backsteinhausproduktion.de\/team\/\" target=\"_blank\" rel=\"noreferrer noopener\" aria-label=\"Nicki Liszta&nbsp; (opens in a new tab)\">Nicki Liszta&nbsp;<\/a><\/strong>zu einer auch national stark beachteten Schl\u00fcsselfigur der Stuttgarter freien Szene, vielfach ausgezeichnet f\u00fcr ihre relevanten, interdisziplin\u00e4r angelegten St\u00fccke an der Schnittstelle zwischen Tanz und Theater.&nbsp;<\/li><\/ul>\n\n\n\n<ul><li>Aufgewachsen in Buenos Aires, seit 25 Jahren Berlinerin: Mit ihrem interdisziplin\u00e4ren Ensemble DorkyPark sorgt die multipel preisgekr\u00f6nte&nbsp;<strong><a href=\"http:\/\/www.dorkypark.org\/site\/constanza-macras-2\/\" target=\"_blank\" rel=\"noreferrer noopener\" aria-label=\"Constanza Macras (opens in a new tab)\">Constanza Macras<\/a>&nbsp;<\/strong>ebenso f\u00fcr Furore wie mit ihren freien Arbeiten f\u00fcr namhafte Theater und Festivals auf der ganzen Welt.<\/li><\/ul>\n\n\n\n<ul><li>Den zeitgen\u00f6ssischen Tanz bereicherte&nbsp;<strong><a href=\"http:\/\/www.kevin-oday.com\" target=\"_blank\" rel=\"noreferrer noopener\" aria-label=\"Kevin O'Day&nbsp; (opens in a new tab)\">Kevin O&#8217;Day&nbsp;<\/a><\/strong>nicht nur viele Jahre als geliebter und bewunderter Tanzchef in Mannheim. Daneben schuf er ein geradezu unersch\u00f6pfliches \u0152uvre f\u00fcr Ballettkompanien von New York bis Stuttgart. F\u00fcr Gauthier Dance entwickelt er neben seinem&nbsp;<em>Dying Swans<\/em>-Solo zur Zeit auch ein weiteres St\u00fcck, das Premiere beim COLOURS-Festival feiern wird.<\/li><\/ul>\n\n\n\n<ul><li>Ihre hochkar\u00e4tige Tanzkarriere war ihr bald nicht genug. Schon 2016 gr\u00fcndete<strong>&nbsp;<a href=\"https:\/\/www.elisabethschilling.com\/welcome\/\" target=\"_blank\" rel=\"noreferrer noopener\" aria-label=\"Elisabeth Schilling (opens in a new tab)\">Elisabeth Schilling<\/a>&nbsp;<\/strong>ihre eigene Company, arbeitete als Kuratorin, engagierte sich intensiv tanzp\u00e4dgogisch und ist frisch als Artist-in-Residence beim TRIFOLION Echternach, Luxembourg, unter Vertrag. Aktuell sorgt das Multitalent mit ihrem Projekt&nbsp;<em>Invisible Dances: Art after Lockdown<\/em>&nbsp;in bislang 14 L\u00e4ndern f\u00fcr Furore.<\/li><\/ul>\n\n\n\n<div style=\"height:50px\" aria-hidden=\"true\" class=\"wp-block-spacer\"><\/div>\n\n\n\n<figure class=\"wp-block-embed-youtube aligncenter wp-block-embed is-type-video is-provider-youtube wp-embed-aspect-4-3 wp-has-aspect-ratio\"><div class=\"wp-block-embed__wrapper\">\n<iframe loading=\"lazy\" title=\"Elisabeth Schilling : Portr\u00e4t der T\u00e4nzerin und Choreografin\" width=\"500\" height=\"375\" src=\"https:\/\/www.youtube.com\/embed\/RQkucnRRZQI?feature=oembed\" frameborder=\"0\" allow=\"accelerometer; autoplay; clipboard-write; encrypted-media; gyroscope; picture-in-picture\" allowfullscreen><\/iframe>\n<\/div><figcaption>Portr\u00e4t szenikmag der T\u00e4nzerin und Choreografin Elisabeth Schilling<\/figcaption><\/figure>\n\n\n\n<div style=\"height:62px\" aria-hidden=\"true\" class=\"wp-block-spacer\"><\/div>\n\n\n\n<p class=\"has-text-align-center\"><em>The Dying Swans Project&nbsp;<\/em>ist ein kostenloses Streaming-Angebot. Wir freuen uns jedoch \u00fcber&nbsp;<a href=\"https:\/\/www.theaterhaus.com\/theaterhaus\/index.php?id=1,2,850\" target=\"_blank\" rel=\"noreferrer noopener\" aria-label=\" (opens in a new tab)\"><strong>Spenden<\/strong><\/a>&nbsp;zur Aufstockung des Produktionsetats. Stichwort The Dying Swans Project. Das Theaterhaus Stuttgart und seine Tanzkompanie Gauthier Dance danken herzlich!<\/p>\n\n\n\n<div style=\"height:20px\" aria-hidden=\"true\" class=\"wp-block-spacer\"><\/div>\n\n\n\n<p class=\"has-text-align-center has-small-font-size\"><strong>Set in motion by \u201ebe a mover\u201c, Daimler AG<\/strong><br><strong>In Koproduktion mit <a rel=\"noreferrer noopener\" aria-label=\"Les Th\u00e9\u00e2tres de la Ville de Luxembourg (opens in a new tab)\" href=\"https:\/\/theatres.lu\" target=\"_blank\">Les Th\u00e9\u00e2tres de la Ville de Luxembourg<\/a> \/ <a rel=\"noreferrer noopener\" aria-label=\"Ludwigsburger Schlossfestspiele  (opens in a new tab)\" href=\"https:\/\/schlossfestspiele.de\/aktuelles\" target=\"_blank\">Ludwigsburger Schlossfestspiele <\/a>\/ <a rel=\"noreferrer noopener\" aria-label=\"Holland Dance Festival (opens in a new tab)\" href=\"https:\/\/www.holland-dance.com\" target=\"_blank\">Holland Dance Festival<\/a>&nbsp; \/ <a rel=\"noreferrer noopener\" aria-label=\"Festival Bolzano Danza (opens in a new tab)\" href=\"https:\/\/www.bolzanodanza.it\" target=\"_blank\">Festival Bolzano Danza<\/a> | <a rel=\"noreferrer noopener\" aria-label=\"Tanz Bozen (opens in a new tab)\" href=\"https:\/\/tanzbozen.it\/en\/courses.html\" target=\"_blank\">Tanz Bozen<\/a> \/ <a rel=\"noreferrer noopener\" aria-label=\"B\u00fcrgerzentrum Waiblingen (opens in a new tab)\" href=\"https:\/\/www.buergerzentrum-waiblingen.de\/willkommen\" target=\"_blank\">B\u00fcrgerzentrum Waiblingen<\/a> \/ <a rel=\"noreferrer noopener\" aria-label=\"K\u00fcnstler*innensoforthilfe Stuttgart (opens in a new tab)\" href=\"https:\/\/kuenstlersoforthilfe-stuttgart.de\" target=\"_blank\">K\u00fcnstler*innensoforthilfe Stuttgart<\/a><\/strong><br>Probenstart: Montag, 8. Februar 2021<\/p>\n\n\n\n<div style=\"height:100px\" aria-hidden=\"true\" class=\"wp-block-spacer\"><\/div>\n\n\n\n<div class=\"wp-block-button aligncenter\"><a class=\"wp-block-button__link has-text-color has-very-dark-gray-color has-background has-luminous-vivid-amber-background-color\" href=\"https:\/\/www.theaterhaus.com\/theaterhaus\/index.php?id=1,3,26071\" target=\"_blank\" rel=\"noreferrer noopener\">Weitere Informationen auf der Website <br>des Theaterhaus Stuttgart<\/a><\/div>\n\n\n\n<div style=\"height:100px\" aria-hidden=\"true\" class=\"wp-block-spacer\"><\/div>\n\n\n\n<p class=\"has-small-font-size\">Foto: Maks Richter<\/p>\n\n\n\n<div style=\"height:100px\" aria-hidden=\"true\" class=\"wp-block-spacer\"><\/div>\n","protected":false},"excerpt":{"rendered":"<p>Am 16. April geht \u00bbThe Dying Swans Project\u00ab von Gauthier Dance auf der Digitalen B\u00fchne der Ludwigsburger Schlossfestspiele und den sozialen Netzwerken online. Pressemitteilung (aktualisiert am 16.3) In diesen Tagen scheint die Hoffnung ebenso zu sterben wie der sprichw\u00f6rtliche Schwan. Doch Schwierigkeiten haben Eric Gauthier von jeher \u2013 um im Bild zu bleiben \u2013 befl\u00fcgelt. [&hellip;]<\/p>\n","protected":false},"author":1,"featured_media":37320,"comment_status":"open","ping_status":"open","sticky":false,"template":"","format":"standard","meta":{"_monsterinsights_skip_tracking":false,"_monsterinsights_sitenote_active":false,"_monsterinsights_sitenote_note":"","_monsterinsights_sitenote_category":0},"categories":[2815,10359],"tags":[10424,10427,10419,10430,10423,10422,6534,6359,6360,7116,10425,10421,10418,10428,10429,10426,2770,2286,10420],"yoast_head":"<!-- This site is optimized with the Yoast SEO plugin v20.5 - https:\/\/yoast.com\/wordpress\/plugins\/seo\/ -->\n<title>&quot;The Dying Swan Project&quot;, eine Projekt von Eric Gauthier I szenik<\/title>\n<meta name=\"description\" content=\"Eric Gauthiers Ziel ist nicht nur den \u201esterbenden Schw\u00e4nen\u201c von Gauthier Dance eine neue Perspektive zu geben \u2013 sondern insgesamt 64 K\u00fcnstlerInnen.\" \/>\n<meta name=\"robots\" content=\"index, follow, max-snippet:-1, max-image-preview:large, max-video-preview:-1\" \/>\n<link rel=\"canonical\" href=\"https:\/\/www.szenik.eu\/de\/lasst-die-schwaene-leben-the-dying-swan-project-eine-produktion-von-gauthier-dance-dance-company-37318\" \/>\n<meta property=\"og:locale\" content=\"de_DE\" \/>\n<meta property=\"og:type\" content=\"article\" \/>\n<meta property=\"og:title\" content=\"&quot;The Dying Swan Project&quot;, eine Projekt von Eric Gauthier I szenik\" \/>\n<meta property=\"og:description\" content=\"Eric Gauthiers Ziel ist nicht nur den \u201esterbenden Schw\u00e4nen\u201c von Gauthier Dance eine neue Perspektive zu geben \u2013 sondern insgesamt 64 K\u00fcnstlerInnen.\" \/>\n<meta property=\"og:url\" content=\"https:\/\/www.szenik.eu\/de\/lasst-die-schwaene-leben-the-dying-swan-project-eine-produktion-von-gauthier-dance-dance-company-37318\" \/>\n<meta property=\"og:site_name\" content=\"szenik\" \/>\n<meta property=\"article:publisher\" content=\"https:\/\/www.facebook.com\/szenik.eu\/\" \/>\n<meta property=\"article:published_time\" content=\"2021-01-29T11:52:06+00:00\" \/>\n<meta property=\"article:modified_time\" content=\"2021-04-16T13:32:33+00:00\" \/>\n<meta property=\"og:image\" content=\"https:\/\/www.szenik.eu\/wp-content\/uploads\/2021\/01\/Capture-d\u2019\u00e9cran-2021-01-29-\u00e0-12.37.45.png\" \/>\n\t<meta property=\"og:image:width\" content=\"1235\" \/>\n\t<meta property=\"og:image:height\" content=\"726\" \/>\n\t<meta property=\"og:image:type\" content=\"image\/png\" \/>\n<meta name=\"author\" content=\"szenik\" \/>\n<meta name=\"twitter:card\" content=\"summary_large_image\" \/>\n<meta name=\"twitter:creator\" content=\"@Szenik\" \/>\n<meta name=\"twitter:site\" content=\"@Szenik\" \/>\n<meta name=\"twitter:label1\" content=\"Verfasst von\" \/>\n\t<meta name=\"twitter:data1\" content=\"szenik\" \/>\n\t<meta name=\"twitter:label2\" content=\"Gesch\u00e4tzte Lesezeit\" \/>\n\t<meta name=\"twitter:data2\" content=\"7\u00a0Minuten\" \/>\n<script type=\"application\/ld+json\" class=\"yoast-schema-graph\">{\"@context\":\"https:\/\/schema.org\",\"@graph\":[{\"@type\":\"Article\",\"@id\":\"https:\/\/www.szenik.eu\/de\/lasst-die-schwaene-leben-the-dying-swan-project-eine-produktion-von-gauthier-dance-dance-company-37318#article\",\"isPartOf\":{\"@id\":\"https:\/\/www.szenik.eu\/de\/lasst-die-schwaene-leben-the-dying-swan-project-eine-produktion-von-gauthier-dance-dance-company-37318\"},\"author\":{\"name\":\"szenik\",\"@id\":\"https:\/\/www.szenik.eu\/de\/#\/schema\/person\/15f73f175b41bad194837490339d48fb\"},\"headline\":\"Lasst die Schw\u00e4ne leben: &#8222;The Dying Swan Project&#8220;, eine Produktion von Gauthier Dance \/ Dance Company\",\"datePublished\":\"2021-01-29T11:52:06+00:00\",\"dateModified\":\"2021-04-16T13:32:33+00:00\",\"mainEntityOfPage\":{\"@id\":\"https:\/\/www.szenik.eu\/de\/lasst-die-schwaene-leben-the-dying-swan-project-eine-produktion-von-gauthier-dance-dance-company-37318\"},\"wordCount\":1402,\"commentCount\":0,\"publisher\":{\"@id\":\"https:\/\/www.szenik.eu\/de\/#organization\"},\"keywords\":[\"Andonis Foniadakis\",\"Anita Hanke\",\"Bridget Breiner\",\"Constanza Macras\",\"Dominique Dumais\",\"Edward Clug\",\"Elisabeth Schilling\",\"Eric Gauthier\",\"Gauthier Dance\",\"Gauthier Dance Company\",\"Itzik Galili\",\"Kinsun Chan\",\"Maure Bigonzetti\",\"Nanine Linning\",\"Nicki Liszta\",\"Smadar Goshen\",\"Stuttgart\",\"Theaterhaus Stuttgart\",\"Virginie Brunelle\"],\"articleSection\":[\"Kurz &amp; knackig\",\"TV \/ Streaming\"],\"inLanguage\":\"de\",\"potentialAction\":[{\"@type\":\"CommentAction\",\"name\":\"Comment\",\"target\":[\"https:\/\/www.szenik.eu\/de\/lasst-die-schwaene-leben-the-dying-swan-project-eine-produktion-von-gauthier-dance-dance-company-37318#respond\"]}]},{\"@type\":\"WebPage\",\"@id\":\"https:\/\/www.szenik.eu\/de\/lasst-die-schwaene-leben-the-dying-swan-project-eine-produktion-von-gauthier-dance-dance-company-37318\",\"url\":\"https:\/\/www.szenik.eu\/de\/lasst-die-schwaene-leben-the-dying-swan-project-eine-produktion-von-gauthier-dance-dance-company-37318\",\"name\":\"\\\"The Dying Swan Project\\\", eine Projekt von Eric Gauthier I szenik\",\"isPartOf\":{\"@id\":\"https:\/\/www.szenik.eu\/de\/#website\"},\"datePublished\":\"2021-01-29T11:52:06+00:00\",\"dateModified\":\"2021-04-16T13:32:33+00:00\",\"description\":\"Eric Gauthiers Ziel ist nicht nur den \u201esterbenden Schw\u00e4nen\u201c von Gauthier Dance eine neue Perspektive zu geben \u2013 sondern insgesamt 64 K\u00fcnstlerInnen.\",\"breadcrumb\":{\"@id\":\"https:\/\/www.szenik.eu\/de\/lasst-die-schwaene-leben-the-dying-swan-project-eine-produktion-von-gauthier-dance-dance-company-37318#breadcrumb\"},\"inLanguage\":\"de\",\"potentialAction\":[{\"@type\":\"ReadAction\",\"target\":[\"https:\/\/www.szenik.eu\/de\/lasst-die-schwaene-leben-the-dying-swan-project-eine-produktion-von-gauthier-dance-dance-company-37318\"]}]},{\"@type\":\"BreadcrumbList\",\"@id\":\"https:\/\/www.szenik.eu\/de\/lasst-die-schwaene-leben-the-dying-swan-project-eine-produktion-von-gauthier-dance-dance-company-37318#breadcrumb\",\"itemListElement\":[{\"@type\":\"ListItem\",\"position\":1,\"name\":\"Home\",\"item\":\"https:\/\/www.szenik.eu\/de\"},{\"@type\":\"ListItem\",\"position\":2,\"name\":\"Lasst die Schw\u00e4ne leben: &#8222;The Dying Swan Project&#8220;, eine Produktion von Gauthier Dance \/ Dance Company\"}]},{\"@type\":\"WebSite\",\"@id\":\"https:\/\/www.szenik.eu\/de\/#website\",\"url\":\"https:\/\/www.szenik.eu\/de\/\",\"name\":\"szenik\",\"description\":\"Le Meilleur des sc\u00e8nes au coeur de l&#039;Europe\",\"publisher\":{\"@id\":\"https:\/\/www.szenik.eu\/de\/#organization\"},\"potentialAction\":[{\"@type\":\"SearchAction\",\"target\":{\"@type\":\"EntryPoint\",\"urlTemplate\":\"https:\/\/www.szenik.eu\/de\/?s={search_term_string}\"},\"query-input\":\"required name=search_term_string\"}],\"inLanguage\":\"de\"},{\"@type\":\"Organization\",\"@id\":\"https:\/\/www.szenik.eu\/de\/#organization\",\"name\":\"Szenik\",\"url\":\"https:\/\/www.szenik.eu\/de\/\",\"logo\":{\"@type\":\"ImageObject\",\"inLanguage\":\"de\",\"@id\":\"https:\/\/www.szenik.eu\/de\/#\/schema\/logo\/image\/\",\"url\":\"https:\/\/www.szenik.eu\/wp-content\/uploads\/2019\/07\/logo-square.png\",\"contentUrl\":\"https:\/\/www.szenik.eu\/wp-content\/uploads\/2019\/07\/logo-square.png\",\"width\":512,\"height\":512,\"caption\":\"Szenik\"},\"image\":{\"@id\":\"https:\/\/www.szenik.eu\/de\/#\/schema\/logo\/image\/\"},\"sameAs\":[\"https:\/\/www.facebook.com\/szenik.eu\/\",\"https:\/\/twitter.com\/Szenik\",\"https:\/\/www.instagram.com\/szenik_magazine\/\",\"https:\/\/www.youtube.com\/user\/SzenikEU\/\"]},{\"@type\":\"Person\",\"@id\":\"https:\/\/www.szenik.eu\/de\/#\/schema\/person\/15f73f175b41bad194837490339d48fb\",\"name\":\"szenik\",\"image\":{\"@type\":\"ImageObject\",\"inLanguage\":\"de\",\"@id\":\"https:\/\/www.szenik.eu\/de\/#\/schema\/person\/image\/\",\"url\":\"https:\/\/secure.gravatar.com\/avatar\/d1c4f19522a624a4eaa5e6c03e22370b?s=96&d=mm&r=g\",\"contentUrl\":\"https:\/\/secure.gravatar.com\/avatar\/d1c4f19522a624a4eaa5e6c03e22370b?s=96&d=mm&r=g\",\"caption\":\"szenik\"}}]}<\/script>\n<!-- \/ Yoast SEO plugin. -->","yoast_head_json":{"title":"\"The Dying Swan Project\", eine Projekt von Eric Gauthier I szenik","description":"Eric Gauthiers Ziel ist nicht nur den \u201esterbenden Schw\u00e4nen\u201c von Gauthier Dance eine neue Perspektive zu geben \u2013 sondern insgesamt 64 K\u00fcnstlerInnen.","robots":{"index":"index","follow":"follow","max-snippet":"max-snippet:-1","max-image-preview":"max-image-preview:large","max-video-preview":"max-video-preview:-1"},"canonical":"https:\/\/www.szenik.eu\/de\/lasst-die-schwaene-leben-the-dying-swan-project-eine-produktion-von-gauthier-dance-dance-company-37318","og_locale":"de_DE","og_type":"article","og_title":"\"The Dying Swan Project\", eine Projekt von Eric Gauthier I szenik","og_description":"Eric Gauthiers Ziel ist nicht nur den \u201esterbenden Schw\u00e4nen\u201c von Gauthier Dance eine neue Perspektive zu geben \u2013 sondern insgesamt 64 K\u00fcnstlerInnen.","og_url":"https:\/\/www.szenik.eu\/de\/lasst-die-schwaene-leben-the-dying-swan-project-eine-produktion-von-gauthier-dance-dance-company-37318","og_site_name":"szenik","article_publisher":"https:\/\/www.facebook.com\/szenik.eu\/","article_published_time":"2021-01-29T11:52:06+00:00","article_modified_time":"2021-04-16T13:32:33+00:00","og_image":[{"width":1235,"height":726,"url":"https:\/\/www.szenik.eu\/wp-content\/uploads\/2021\/01\/Capture-d\u2019\u00e9cran-2021-01-29-\u00e0-12.37.45.png","type":"image\/png"}],"author":"szenik","twitter_card":"summary_large_image","twitter_creator":"@Szenik","twitter_site":"@Szenik","twitter_misc":{"Verfasst von":"szenik","Gesch\u00e4tzte Lesezeit":"7\u00a0Minuten"},"schema":{"@context":"https:\/\/schema.org","@graph":[{"@type":"Article","@id":"https:\/\/www.szenik.eu\/de\/lasst-die-schwaene-leben-the-dying-swan-project-eine-produktion-von-gauthier-dance-dance-company-37318#article","isPartOf":{"@id":"https:\/\/www.szenik.eu\/de\/lasst-die-schwaene-leben-the-dying-swan-project-eine-produktion-von-gauthier-dance-dance-company-37318"},"author":{"name":"szenik","@id":"https:\/\/www.szenik.eu\/de\/#\/schema\/person\/15f73f175b41bad194837490339d48fb"},"headline":"Lasst die Schw\u00e4ne leben: &#8222;The Dying Swan Project&#8220;, eine Produktion von Gauthier Dance \/ Dance Company","datePublished":"2021-01-29T11:52:06+00:00","dateModified":"2021-04-16T13:32:33+00:00","mainEntityOfPage":{"@id":"https:\/\/www.szenik.eu\/de\/lasst-die-schwaene-leben-the-dying-swan-project-eine-produktion-von-gauthier-dance-dance-company-37318"},"wordCount":1402,"commentCount":0,"publisher":{"@id":"https:\/\/www.szenik.eu\/de\/#organization"},"keywords":["Andonis Foniadakis","Anita Hanke","Bridget Breiner","Constanza Macras","Dominique Dumais","Edward Clug","Elisabeth Schilling","Eric Gauthier","Gauthier Dance","Gauthier Dance Company","Itzik Galili","Kinsun Chan","Maure Bigonzetti","Nanine Linning","Nicki Liszta","Smadar Goshen","Stuttgart","Theaterhaus Stuttgart","Virginie Brunelle"],"articleSection":["Kurz &amp; knackig","TV \/ Streaming"],"inLanguage":"de","potentialAction":[{"@type":"CommentAction","name":"Comment","target":["https:\/\/www.szenik.eu\/de\/lasst-die-schwaene-leben-the-dying-swan-project-eine-produktion-von-gauthier-dance-dance-company-37318#respond"]}]},{"@type":"WebPage","@id":"https:\/\/www.szenik.eu\/de\/lasst-die-schwaene-leben-the-dying-swan-project-eine-produktion-von-gauthier-dance-dance-company-37318","url":"https:\/\/www.szenik.eu\/de\/lasst-die-schwaene-leben-the-dying-swan-project-eine-produktion-von-gauthier-dance-dance-company-37318","name":"\"The Dying Swan Project\", eine Projekt von Eric Gauthier I szenik","isPartOf":{"@id":"https:\/\/www.szenik.eu\/de\/#website"},"datePublished":"2021-01-29T11:52:06+00:00","dateModified":"2021-04-16T13:32:33+00:00","description":"Eric Gauthiers Ziel ist nicht nur den \u201esterbenden Schw\u00e4nen\u201c von Gauthier Dance eine neue Perspektive zu geben \u2013 sondern insgesamt 64 K\u00fcnstlerInnen.","breadcrumb":{"@id":"https:\/\/www.szenik.eu\/de\/lasst-die-schwaene-leben-the-dying-swan-project-eine-produktion-von-gauthier-dance-dance-company-37318#breadcrumb"},"inLanguage":"de","potentialAction":[{"@type":"ReadAction","target":["https:\/\/www.szenik.eu\/de\/lasst-die-schwaene-leben-the-dying-swan-project-eine-produktion-von-gauthier-dance-dance-company-37318"]}]},{"@type":"BreadcrumbList","@id":"https:\/\/www.szenik.eu\/de\/lasst-die-schwaene-leben-the-dying-swan-project-eine-produktion-von-gauthier-dance-dance-company-37318#breadcrumb","itemListElement":[{"@type":"ListItem","position":1,"name":"Home","item":"https:\/\/www.szenik.eu\/de"},{"@type":"ListItem","position":2,"name":"Lasst die Schw\u00e4ne leben: &#8222;The Dying Swan Project&#8220;, eine Produktion von Gauthier Dance \/ Dance Company"}]},{"@type":"WebSite","@id":"https:\/\/www.szenik.eu\/de\/#website","url":"https:\/\/www.szenik.eu\/de\/","name":"szenik","description":"Le Meilleur des sc\u00e8nes au coeur de l&#039;Europe","publisher":{"@id":"https:\/\/www.szenik.eu\/de\/#organization"},"potentialAction":[{"@type":"SearchAction","target":{"@type":"EntryPoint","urlTemplate":"https:\/\/www.szenik.eu\/de\/?s={search_term_string}"},"query-input":"required name=search_term_string"}],"inLanguage":"de"},{"@type":"Organization","@id":"https:\/\/www.szenik.eu\/de\/#organization","name":"Szenik","url":"https:\/\/www.szenik.eu\/de\/","logo":{"@type":"ImageObject","inLanguage":"de","@id":"https:\/\/www.szenik.eu\/de\/#\/schema\/logo\/image\/","url":"https:\/\/www.szenik.eu\/wp-content\/uploads\/2019\/07\/logo-square.png","contentUrl":"https:\/\/www.szenik.eu\/wp-content\/uploads\/2019\/07\/logo-square.png","width":512,"height":512,"caption":"Szenik"},"image":{"@id":"https:\/\/www.szenik.eu\/de\/#\/schema\/logo\/image\/"},"sameAs":["https:\/\/www.facebook.com\/szenik.eu\/","https:\/\/twitter.com\/Szenik","https:\/\/www.instagram.com\/szenik_magazine\/","https:\/\/www.youtube.com\/user\/SzenikEU\/"]},{"@type":"Person","@id":"https:\/\/www.szenik.eu\/de\/#\/schema\/person\/15f73f175b41bad194837490339d48fb","name":"szenik","image":{"@type":"ImageObject","inLanguage":"de","@id":"https:\/\/www.szenik.eu\/de\/#\/schema\/person\/image\/","url":"https:\/\/secure.gravatar.com\/avatar\/d1c4f19522a624a4eaa5e6c03e22370b?s=96&d=mm&r=g","contentUrl":"https:\/\/secure.gravatar.com\/avatar\/d1c4f19522a624a4eaa5e6c03e22370b?s=96&d=mm&r=g","caption":"szenik"}}]}},"jetpack_featured_media_url":"https:\/\/www.szenik.eu\/wp-content\/uploads\/2021\/01\/Capture-d\u2019\u00e9cran-2021-01-29-\u00e0-12.37.45.png","amp_enabled":true,"_links":{"self":[{"href":"https:\/\/www.szenik.eu\/de\/wp-json\/\/wp\/v2\/posts\/37318"}],"collection":[{"href":"https:\/\/www.szenik.eu\/de\/wp-json\/\/wp\/v2\/posts"}],"about":[{"href":"https:\/\/www.szenik.eu\/de\/wp-json\/\/wp\/v2\/types\/post"}],"author":[{"embeddable":true,"href":"https:\/\/www.szenik.eu\/de\/wp-json\/\/wp\/v2\/users\/1"}],"replies":[{"embeddable":true,"href":"https:\/\/www.szenik.eu\/de\/wp-json\/\/wp\/v2\/comments?post=37318"}],"version-history":[{"count":7,"href":"https:\/\/www.szenik.eu\/de\/wp-json\/\/wp\/v2\/posts\/37318\/revisions"}],"predecessor-version":[{"id":38920,"href":"https:\/\/www.szenik.eu\/de\/wp-json\/\/wp\/v2\/posts\/37318\/revisions\/38920"}],"wp:featuredmedia":[{"embeddable":true,"href":"https:\/\/www.szenik.eu\/de\/wp-json\/\/wp\/v2\/media\/37320"}],"wp:attachment":[{"href":"https:\/\/www.szenik.eu\/de\/wp-json\/\/wp\/v2\/media?parent=37318"}],"wp:term":[{"taxonomy":"category","embeddable":true,"href":"https:\/\/www.szenik.eu\/de\/wp-json\/\/wp\/v2\/categories?post=37318"},{"taxonomy":"post_tag","embeddable":true,"href":"https:\/\/www.szenik.eu\/de\/wp-json\/\/wp\/v2\/tags?post=37318"}],"curies":[{"name":"wp","href":"https:\/\/api.w.org\/{rel}","templated":true}]}}