{"id":37235,"date":"2021-01-26T19:56:52","date_gmt":"2021-01-26T18:56:52","guid":{"rendered":"https:\/\/www.szenik.eu\/?p=37235\/"},"modified":"2021-01-27T10:20:43","modified_gmt":"2021-01-27T09:20:43","slug":"wir-koennen-die-zuhoererinnen-am-entstehungsprozess-eines-werkes-teilhaben-lassen-interview-mit-christine-fischer-kuenstlerische-leiterin-des-festivals-neue-musik-eclat","status":"publish","type":"post","link":"https:\/\/www.szenik.eu\/de\/wir-koennen-die-zuhoererinnen-am-entstehungsprozess-eines-werkes-teilhaben-lassen-interview-mit-christine-fischer-kuenstlerische-leiterin-des-festivals-neue-musik-eclat-37235","title":{"rendered":"\u201cWir k\u00f6nnen die Zuh\u00f6rer*innen am Entstehungsprozess eines Werkes teilhaben lassen.\u201d Interview mit Christine Fischer, k\u00fcnstlerische Leiterin des ECLAT Festivals Neue Musik Stuttgart"},"content":{"rendered":"\n<h2>Das Stuttgarter Festival ECLAT findet in diesem Jahr vom 3. bis 7. Februar und digital statt. 35 Werke, 13 Konzerte, 24 Urauff\u00fchrungen, K\u00fcnstler*innen aus den arabischen L\u00e4ndern und Belarus laden zu einer Woche der Klangkunst und Gespr\u00e4chen ein.<\/h2>\n\n\n\n<div style=\"height:100px\" aria-hidden=\"true\" class=\"wp-block-spacer\"><\/div>\n\n\n\n<p>Kann man Kunst machen und die Situation seines Landes ausblenden? In der diesj\u00e4hrigen, digitalen Ausgabe des Stuttgarter Festivals ECLAT kommen K\u00fcnstler*innen aus dem Libanon, Pal\u00e4stina, Belarus und Deutschland zusammen. In&nbsp;<strong>13 Konzerten<\/strong>&nbsp;und zahlreichen Interviews kann das Publikum eine Woche lang in poetische, explosive und neue Werke eintauchen sowie den eingeladenen Musiker*innen auf den Zahn f\u00fchlen.&nbsp;<\/p>\n\n\n\n<p><br>#szenikmag&nbsp;sprach vorab mit&nbsp;<strong>Christine Fischer<\/strong>&nbsp;\u00fcber die spannende Herausforderung ein Festival im digitalen Raum stattfinden zu lassen; die sich ver\u00e4ndernde Herangehensweise der Komponist*innen, das Projekt<strong>&nbsp;VOICE AFFAIRS<\/strong>&nbsp;mit K\u00fcnstlerInnen aus arabischen L\u00e4ndern sowie die Verleihung des Menschenrechtspreises an die Musikerin &amp; F\u00fchrungsfigur der belarussischen Demokratiebewegung&nbsp;<strong>Maria Kalesnikava.&nbsp;<\/strong><\/p>\n\n\n\n<div style=\"height:48px\" aria-hidden=\"true\" class=\"wp-block-spacer\"><\/div>\n\n\n\n<div class=\"wp-block-image\"><figure class=\"aligncenter size-large is-resized\"><a href=\"https:\/\/eclat.org\/eclat-home.html\" target=\"_blank\" rel=\"noreferrer noopener\"><img decoding=\"async\" loading=\"lazy\" src=\"https:\/\/www.szenik.eu\/wp-content\/uploads\/2021\/01\/eclat-plakat-724x1024.jpg\" alt=\"\" class=\"wp-image-37236\" width=\"543\" height=\"768\" srcset=\"https:\/\/www.szenik.eu\/wp-content\/uploads\/2021\/01\/eclat-plakat-724x1024.jpg 724w, https:\/\/www.szenik.eu\/wp-content\/uploads\/2021\/01\/eclat-plakat-212x300.jpg 212w, https:\/\/www.szenik.eu\/wp-content\/uploads\/2021\/01\/eclat-plakat-768x1086.jpg 768w, https:\/\/www.szenik.eu\/wp-content\/uploads\/2021\/01\/eclat-plakat-1086x1536.jpg 1086w, https:\/\/www.szenik.eu\/wp-content\/uploads\/2021\/01\/eclat-plakat-750x1061.jpg 750w, https:\/\/www.szenik.eu\/wp-content\/uploads\/2021\/01\/eclat-plakat-1140x1612.jpg 1140w, https:\/\/www.szenik.eu\/wp-content\/uploads\/2021\/01\/eclat-plakat.jpg 1448w\" sizes=\"(max-width: 543px) 100vw, 543px\" \/><\/a><\/figure><\/div>\n\n\n\n<div style=\"height:44px\" aria-hidden=\"true\" class=\"wp-block-spacer\"><\/div>\n\n\n\n<h3 class=\"has-text-align-center\">Das Programm in der \u00dcbersicht<\/h3>\n\n\n\n<div style=\"height:20px\" aria-hidden=\"true\" class=\"wp-block-spacer\"><\/div>\n\n\n\n<p class=\"has-background has-text-align-center has-medium-font-size has-pale-cyan-blue-background-color\">Ausstellung: <strong>Belarus. Der Weg zu sich selbst<\/strong><br>03.02.2021\u201307.02.2021<\/p>\n\n\n\n<div style=\"height:20px\" aria-hidden=\"true\" class=\"wp-block-spacer\"><\/div>\n\n\n\n<p class=\"has-text-align-center\">Im Fokus der digitalen Kunst-Ausstellung steht der Dialog zwischen den Generationen, aber auch zwischen dem offiziellen und dem informellen Paradigma.<\/p>\n\n\n\n<div style=\"height:42px\" aria-hidden=\"true\" class=\"wp-block-spacer\"><\/div>\n\n\n\n<p class=\"has-background has-text-align-center has-medium-font-size has-pale-cyan-blue-background-color\">ECLAT Konzert 1 I <strong>VOICE AFFAIRS<\/strong><br>03.02.2021 \/ 19:00&nbsp;&nbsp;\/ live aus dem Theaterhaus Stuttgart<\/p>\n\n\n\n<div style=\"height:20px\" aria-hidden=\"true\" class=\"wp-block-spacer\"><\/div>\n\n\n\n<p class=\"has-text-align-center\">von und mit Aya Metwalli<sup>UA<\/sup>, Youmna Saba<sup>UA<\/sup>, Samir Odeh-Tamimi<sup>UA<\/sup>, Manolis Manousakis<sup>UA<\/sup>, D\u00e1niel P\u00e9ter Bir\u00f3<sup>UA<\/sup>, Cynthia Zaven<sup>UA<\/sup>, Raed Yassin<sup>UA&nbsp;<\/sup>, dem Filmemacher Panos Aprahamian und den Neuen Vocalsolisten<\/p>\n\n\n\n<div style=\"height:43px\" aria-hidden=\"true\" class=\"wp-block-spacer\"><\/div>\n\n\n\n<figure class=\"wp-block-image size-large\"><img decoding=\"async\" loading=\"lazy\" width=\"1024\" height=\"1024\" src=\"https:\/\/www.szenik.eu\/wp-content\/uploads\/2021\/01\/Panos_Aprahamian_c_privat-1024x1024.jpeg\" alt=\"\" class=\"wp-image-37240\" srcset=\"https:\/\/www.szenik.eu\/wp-content\/uploads\/2021\/01\/Panos_Aprahamian_c_privat-1024x1024.jpeg 1024w, https:\/\/www.szenik.eu\/wp-content\/uploads\/2021\/01\/Panos_Aprahamian_c_privat-300x300.jpeg 300w, https:\/\/www.szenik.eu\/wp-content\/uploads\/2021\/01\/Panos_Aprahamian_c_privat-150x150.jpeg 150w, https:\/\/www.szenik.eu\/wp-content\/uploads\/2021\/01\/Panos_Aprahamian_c_privat-768x768.jpeg 768w, https:\/\/www.szenik.eu\/wp-content\/uploads\/2021\/01\/Panos_Aprahamian_c_privat-75x75.jpeg 75w, https:\/\/www.szenik.eu\/wp-content\/uploads\/2021\/01\/Panos_Aprahamian_c_privat-750x750.jpeg 750w, https:\/\/www.szenik.eu\/wp-content\/uploads\/2021\/01\/Panos_Aprahamian_c_privat-1140x1140.jpeg 1140w, https:\/\/www.szenik.eu\/wp-content\/uploads\/2021\/01\/Panos_Aprahamian_c_privat.jpeg 1365w\" sizes=\"(max-width: 1024px) 100vw, 1024px\" \/><figcaption>Panos Aprahamian<\/figcaption><\/figure>\n\n\n\n<div style=\"height:53px\" aria-hidden=\"true\" class=\"wp-block-spacer\"><\/div>\n\n\n\n<p class=\"has-background has-text-align-center has-medium-font-size has-pale-cyan-blue-background-color\">ECLAT Konzert 2 <br><strong>Preistr\u00e4gerkonzert zum 65. Kompositionspreis* der Landeshauptstadt Stuttgart<\/strong><br>04.02.2021 \/ 18:30&nbsp;&nbsp;\/ live aus dem Theaterhaus Stuttgart<\/p>\n\n\n\n<div style=\"height:20px\" aria-hidden=\"true\" class=\"wp-block-spacer\"><\/div>\n\n\n\n<p class=\"has-text-align-center\">mit Werken von Laure M. Hiendl* und Matthias Kranebitter* sowie Isabel Mundry<br>Marco Blaauw und Markus Schwind, Trompete, | Gunde J\u00e4ch, Violine <br>Viktoriia Vitrenko und Natasha Lopez, Stimmen<\/p>\n\n\n\n<div style=\"height:44px\" aria-hidden=\"true\" class=\"wp-block-spacer\"><\/div>\n\n\n\n<p class=\"has-background has-text-align-center has-medium-font-size has-pale-cyan-blue-background-color\">ECLAT Konzert 3<br><strong>SWR2 JetztMusik in ECLAT<\/strong><br>04.02.2021 \/ 20:00&nbsp;&nbsp;\/ live aus dem Theaterhaus Stuttgart<\/p>\n\n\n\n<p class=\"has-text-align-center\">Werke von Marco D\u00f6ttlinger<sup>UA<\/sup>, Leopold Hurt<sup>UA<\/sup>, &nbsp;Enno Poppe<sup>DE<\/sup>, Wolfgang Motz<sup>UA<br><\/sup>Trio Greifer | SWR Vokalensemble | Leitung Bas Wiegers<\/p>\n\n\n\n<div style=\"height:49px\" aria-hidden=\"true\" class=\"wp-block-spacer\"><\/div>\n\n\n\n<figure class=\"wp-block-image size-large\"><img decoding=\"async\" loading=\"lazy\" width=\"1024\" height=\"682\" src=\"https:\/\/www.szenik.eu\/wp-content\/uploads\/2021\/01\/ensemble-recherche_c_Mark-Doradzillo-1024x682.jpg\" alt=\"\" class=\"wp-image-37242\" srcset=\"https:\/\/www.szenik.eu\/wp-content\/uploads\/2021\/01\/ensemble-recherche_c_Mark-Doradzillo-1024x682.jpg 1024w, https:\/\/www.szenik.eu\/wp-content\/uploads\/2021\/01\/ensemble-recherche_c_Mark-Doradzillo-300x200.jpg 300w, https:\/\/www.szenik.eu\/wp-content\/uploads\/2021\/01\/ensemble-recherche_c_Mark-Doradzillo-768x511.jpg 768w, https:\/\/www.szenik.eu\/wp-content\/uploads\/2021\/01\/ensemble-recherche_c_Mark-Doradzillo-1536x1022.jpg 1536w, https:\/\/www.szenik.eu\/wp-content\/uploads\/2021\/01\/ensemble-recherche_c_Mark-Doradzillo-750x499.jpg 750w, https:\/\/www.szenik.eu\/wp-content\/uploads\/2021\/01\/ensemble-recherche_c_Mark-Doradzillo-1140x759.jpg 1140w, https:\/\/www.szenik.eu\/wp-content\/uploads\/2021\/01\/ensemble-recherche_c_Mark-Doradzillo.jpg 1920w\" sizes=\"(max-width: 1024px) 100vw, 1024px\" \/><figcaption>ensemble recherche I Mark Doradzillo<\/figcaption><\/figure>\n\n\n\n<div style=\"height:50px\" aria-hidden=\"true\" class=\"wp-block-spacer\"><\/div>\n\n\n\n<p class=\"has-background has-text-align-center has-medium-font-size has-pale-cyan-blue-background-color\">ECLAT Konzert 4<br><strong>Marta Gentilucci: Canzoniere I und II&nbsp;<sup>DE<\/sup><\/strong><br>04.02.2021 \/ 22:00&nbsp;&nbsp;\/ live aus dem Theaterhaus Stuttgart<\/p>\n\n\n\n<div style=\"height:20px\" aria-hidden=\"true\" class=\"wp-block-spacer\"><\/div>\n\n\n\n<p class=\"has-text-align-center\">Sarah Maria Sun, Sopran | Vanessa Porter, Perkussion<br>Neue Vocalsolisten&nbsp;<br>IRCAM Paris<\/p>\n\n\n\n<div style=\"height:42px\" aria-hidden=\"true\" class=\"wp-block-spacer\"><\/div>\n\n\n\n<p class=\"has-background has-text-align-center has-medium-font-size has-pale-cyan-blue-background-color\">ECLAT Konzert 5<br><strong>ECHOES &#8211; VOICES FROM BELARUS&nbsp;<sup>UA<\/sup><\/strong><br>05.02.2021 \/ 17:00&nbsp;&nbsp;\/ Produktion<\/p>\n\n\n\n<div style=\"height:20px\" aria-hidden=\"true\" class=\"wp-block-spacer\"><\/div>\n\n\n\n<p class=\"has-text-align-center\">Eine t\u00e4glich wachsende Erz\u00e4hlung \u00fcber das belarusische Drama, ausgedr\u00fcckt durch Kurz-Videos von K\u00fcnstler*innen aus Belarus, begleitet durch musikalische Echos von europ\u00e4ischen Komponist*innen.&nbsp;<\/p>\n\n\n\n<div style=\"height:49px\" aria-hidden=\"true\" class=\"wp-block-spacer\"><\/div>\n\n\n\n<figure class=\"wp-block-image size-large\"><img decoding=\"async\" loading=\"lazy\" width=\"1024\" height=\"1024\" src=\"https:\/\/www.szenik.eu\/wp-content\/uploads\/2021\/01\/Belarus-gro\u00df-1024x1024.jpg\" alt=\"\" class=\"wp-image-37244\" srcset=\"https:\/\/www.szenik.eu\/wp-content\/uploads\/2021\/01\/Belarus-gro\u00df-1024x1024.jpg 1024w, https:\/\/www.szenik.eu\/wp-content\/uploads\/2021\/01\/Belarus-gro\u00df-300x300.jpg 300w, https:\/\/www.szenik.eu\/wp-content\/uploads\/2021\/01\/Belarus-gro\u00df-150x150.jpg 150w, https:\/\/www.szenik.eu\/wp-content\/uploads\/2021\/01\/Belarus-gro\u00df-768x768.jpg 768w, https:\/\/www.szenik.eu\/wp-content\/uploads\/2021\/01\/Belarus-gro\u00df-1536x1536.jpg 1536w, https:\/\/www.szenik.eu\/wp-content\/uploads\/2021\/01\/Belarus-gro\u00df-75x75.jpg 75w, https:\/\/www.szenik.eu\/wp-content\/uploads\/2021\/01\/Belarus-gro\u00df-750x750.jpg 750w, https:\/\/www.szenik.eu\/wp-content\/uploads\/2021\/01\/Belarus-gro\u00df-1140x1140.jpg 1140w, https:\/\/www.szenik.eu\/wp-content\/uploads\/2021\/01\/Belarus-gro\u00df.jpg 1600w\" sizes=\"(max-width: 1024px) 100vw, 1024px\" \/><\/figure>\n\n\n\n<div style=\"height:48px\" aria-hidden=\"true\" class=\"wp-block-spacer\"><\/div>\n\n\n\n<p class=\"has-background has-text-align-center has-medium-font-size has-pale-cyan-blue-background-color\"><strong>Release-Party zu CHATROOM<\/strong><br>05.02.2021 \/ 19:00&nbsp;&nbsp;\/ online<\/p>\n\n\n\n<p class=\"has-text-align-center\">CHATROOM ist eine interaktive Performance-Veranstaltung: ein Labyrinth von neuer Musik und Tanz, das f\u00fcr ein einzigartiges Online-Erlebnis geschaffen ist.<\/p>\n\n\n\n<div style=\"height:50px\" aria-hidden=\"true\" class=\"wp-block-spacer\"><\/div>\n\n\n\n<p class=\"has-background has-text-align-center has-medium-font-size has-pale-cyan-blue-background-color\">ECLAT Konzert 6<br><strong>Kammerkonzert<\/strong><br>05.02.2021 \/ 20:00&nbsp;&nbsp;\/ hybride Produktionen<\/p>\n\n\n\n<p class=\"has-text-align-center\">mit Werken von Iris ter Schiphorst<sup>UA<\/sup>, Enno Poppe, Alexander Schubert<sup>UA der Neufassung<\/sup><\/p>\n\n\n\n<p class=\"has-text-align-center\">Jeremias Schwarzer, Blockfl\u00f6te | Ensemble Resonanz | <br>Leitung Peter Rundel<\/p>\n\n\n\n<div style=\"height:45px\" aria-hidden=\"true\" class=\"wp-block-spacer\"><\/div>\n\n\n\n<figure class=\"wp-block-image size-large\"><img decoding=\"async\" loading=\"lazy\" width=\"1002\" height=\"693\" src=\"https:\/\/www.szenik.eu\/wp-content\/uploads\/2021\/01\/Capture-d\u2019\u00e9cran-2021-01-27-\u00e0-09.49.40.png\" alt=\"\" class=\"wp-image-37246\" srcset=\"https:\/\/www.szenik.eu\/wp-content\/uploads\/2021\/01\/Capture-d\u2019\u00e9cran-2021-01-27-\u00e0-09.49.40.png 1002w, https:\/\/www.szenik.eu\/wp-content\/uploads\/2021\/01\/Capture-d\u2019\u00e9cran-2021-01-27-\u00e0-09.49.40-300x207.png 300w, https:\/\/www.szenik.eu\/wp-content\/uploads\/2021\/01\/Capture-d\u2019\u00e9cran-2021-01-27-\u00e0-09.49.40-768x531.png 768w, https:\/\/www.szenik.eu\/wp-content\/uploads\/2021\/01\/Capture-d\u2019\u00e9cran-2021-01-27-\u00e0-09.49.40-750x519.png 750w\" sizes=\"(max-width: 1002px) 100vw, 1002px\" \/><figcaption>Aya Metwalli<\/figcaption><\/figure>\n\n\n\n<div style=\"height:49px\" aria-hidden=\"true\" class=\"wp-block-spacer\"><\/div>\n\n\n\n<p class=\"has-background has-text-align-center has-medium-font-size has-pale-cyan-blue-background-color\">ECLAT Konzert 7<br><strong>textural swing<\/strong><br>05.02.2021 \/ 22:00&nbsp;&nbsp;\/ live aus dem Theaterhaus Stuttgart<\/p>\n\n\n\n<p class=\"has-text-align-center\">&#8218;A&#8216; TRIO<br>mit Mazen Kerbaj, Sharif Sehnaoui und Raed Yassin<\/p>\n\n\n\n<div style=\"height:49px\" aria-hidden=\"true\" class=\"wp-block-spacer\"><\/div>\n\n\n\n<p class=\"has-background has-text-align-center has-medium-font-size has-pale-cyan-blue-background-color\">ECLAT Konzert 8<br><strong>Kammerkonzert<\/strong><br>06.02.2021 \/ 16:00&nbsp;&nbsp;\/ live aus dem Theaterhaus Stuttgart<\/p>\n\n\n\n<p class=\"has-text-align-center\">G\u00fcnter Steinke: Der Sandmann<sup>UA<\/sup>nach einem Nachtst\u00fcck von E.T.A. Hoffmann<br>Ensemble ascolta<\/p>\n\n\n\n<div style=\"height:50px\" aria-hidden=\"true\" class=\"wp-block-spacer\"><\/div>\n\n\n\n<figure class=\"wp-block-image size-large\"><img decoding=\"async\" loading=\"lazy\" width=\"1024\" height=\"1024\" src=\"https:\/\/www.szenik.eu\/wp-content\/uploads\/2021\/01\/Manolis-Manousakis-2-1024x1024.jpg\" alt=\"\" class=\"wp-image-37250\" srcset=\"https:\/\/www.szenik.eu\/wp-content\/uploads\/2021\/01\/Manolis-Manousakis-2-1024x1024.jpg 1024w, https:\/\/www.szenik.eu\/wp-content\/uploads\/2021\/01\/Manolis-Manousakis-2-300x300.jpg 300w, https:\/\/www.szenik.eu\/wp-content\/uploads\/2021\/01\/Manolis-Manousakis-2-150x150.jpg 150w, https:\/\/www.szenik.eu\/wp-content\/uploads\/2021\/01\/Manolis-Manousakis-2-768x768.jpg 768w, https:\/\/www.szenik.eu\/wp-content\/uploads\/2021\/01\/Manolis-Manousakis-2-1536x1536.jpg 1536w, https:\/\/www.szenik.eu\/wp-content\/uploads\/2021\/01\/Manolis-Manousakis-2-2048x2048.jpg 2048w, https:\/\/www.szenik.eu\/wp-content\/uploads\/2021\/01\/Manolis-Manousakis-2-75x75.jpg 75w, https:\/\/www.szenik.eu\/wp-content\/uploads\/2021\/01\/Manolis-Manousakis-2-750x750.jpg 750w, https:\/\/www.szenik.eu\/wp-content\/uploads\/2021\/01\/Manolis-Manousakis-2-1140x1140.jpg 1140w\" sizes=\"(max-width: 1024px) 100vw, 1024px\" \/><figcaption>Manolis Manousakis<\/figcaption><\/figure>\n\n\n\n<div style=\"height:50px\" aria-hidden=\"true\" class=\"wp-block-spacer\"><\/div>\n\n\n\n<p class=\"has-background has-text-align-center has-medium-font-size has-pale-cyan-blue-background-color\">ECLAT Konzert 9<br><strong>SWR2 JetztMusik in ECLAT<\/strong><br>06.02.2021 \/ 18:00&nbsp;&nbsp;\/ live aus dem Theaterhaus Stuttgart<\/p>\n\n\n\n<p class=\"has-text-align-center\">mit Werken von Franck Bedrossian<sup>UA<\/sup>, Zeynep Gedizlio\u011flu und Kristine Tj\u00f8gersen<sup>UA<\/sup><br>SWR Symphonieorchester | Leitung: Pablo Rus Broseta<\/p>\n\n\n\n<div style=\"height:50px\" aria-hidden=\"true\" class=\"wp-block-spacer\"><\/div>\n\n\n\n<p class=\"has-background has-text-align-center has-medium-font-size has-pale-cyan-blue-background-color\">ECLAT Konzert 10<br><strong>Kammerkonzert<\/strong><br>06.02.2021 \/ 20:00&nbsp;&nbsp;\/ live aus dem Theaterhaus Stuttgart<\/p>\n\n\n\n<p class=\"has-text-align-center\">Werke von Anda Kryeziu<sup>UA<\/sup>, Emilio Guim<sup>UA<\/sup>, Matias Vesterg\u00e5rd-Hansen<sup>UA<\/sup>&nbsp;und Ricardo Eizirik<sup>UA<\/sup><br>ensemble recherche<\/p>\n\n\n\n<div style=\"height:45px\" aria-hidden=\"true\" class=\"wp-block-spacer\"><\/div>\n\n\n\n<figure class=\"wp-block-image size-large\"><img decoding=\"async\" loading=\"lazy\" width=\"775\" height=\"1024\" src=\"https:\/\/www.szenik.eu\/wp-content\/uploads\/2021\/01\/eizirik_portrait-775x1024.jpg\" alt=\"\" class=\"wp-image-37248\" srcset=\"https:\/\/www.szenik.eu\/wp-content\/uploads\/2021\/01\/eizirik_portrait-775x1024.jpg 775w, https:\/\/www.szenik.eu\/wp-content\/uploads\/2021\/01\/eizirik_portrait-227x300.jpg 227w, https:\/\/www.szenik.eu\/wp-content\/uploads\/2021\/01\/eizirik_portrait-768x1014.jpg 768w, https:\/\/www.szenik.eu\/wp-content\/uploads\/2021\/01\/eizirik_portrait-750x991.jpg 750w, https:\/\/www.szenik.eu\/wp-content\/uploads\/2021\/01\/eizirik_portrait.jpg 938w\" sizes=\"(max-width: 775px) 100vw, 775px\" \/><figcaption>Ricardo Eizirik<\/figcaption><\/figure>\n\n\n\n<div style=\"height:53px\" aria-hidden=\"true\" class=\"wp-block-spacer\"><\/div>\n\n\n\n<p class=\"has-background has-text-align-center has-medium-font-size has-pale-cyan-blue-background-color\">ECLAT Konzert 11<br><strong>Alone Together<\/strong><br>06.02.2021 \/ 20:00&nbsp;&nbsp;\/ live aus dem Theaterhaus Stuttgart<\/p>\n\n\n\n<p class=\"has-text-align-center\">mit Werken von Anna Sowa<sup>UA<\/sup>, Pierluigi Billone, Georges Aperghis<sup>UA*<\/sup>, Christopher Trapani<sup>UA*<br><\/sup>Uli Fussenegger, Kontrabass | Yaron Deutsch, Gitarre<\/p>\n\n\n\n<div style=\"height:53px\" aria-hidden=\"true\" class=\"wp-block-spacer\"><\/div>\n\n\n\n<p class=\"has-background has-text-align-center has-medium-font-size has-pale-cyan-blue-background-color\">Film<br><strong>Helmut Lachenmann \u2013 My Way<\/strong><br>07.02.2021 \/ 15:30&nbsp;&nbsp;\/ online<\/p>\n\n\n\n<p class=\"has-text-align-center\">Ein Film von Wiebke P\u00f6pel \/ D\/IT\/CH 2020, 90 Minuten<br>erstmals mit englischen Untertiteln<\/p>\n\n\n\n<div style=\"height:49px\" aria-hidden=\"true\" class=\"wp-block-spacer\"><\/div>\n\n\n\n<figure class=\"wp-block-image size-large\"><img decoding=\"async\" loading=\"lazy\" width=\"1024\" height=\"662\" src=\"https:\/\/www.szenik.eu\/wp-content\/uploads\/2021\/01\/Capture-d\u2019\u00e9cran-2021-01-27-\u00e0-09.54.26-1024x662.png\" alt=\"\" class=\"wp-image-37252\" srcset=\"https:\/\/www.szenik.eu\/wp-content\/uploads\/2021\/01\/Capture-d\u2019\u00e9cran-2021-01-27-\u00e0-09.54.26-1024x662.png 1024w, https:\/\/www.szenik.eu\/wp-content\/uploads\/2021\/01\/Capture-d\u2019\u00e9cran-2021-01-27-\u00e0-09.54.26-300x194.png 300w, https:\/\/www.szenik.eu\/wp-content\/uploads\/2021\/01\/Capture-d\u2019\u00e9cran-2021-01-27-\u00e0-09.54.26-768x497.png 768w, https:\/\/www.szenik.eu\/wp-content\/uploads\/2021\/01\/Capture-d\u2019\u00e9cran-2021-01-27-\u00e0-09.54.26-750x485.png 750w, https:\/\/www.szenik.eu\/wp-content\/uploads\/2021\/01\/Capture-d\u2019\u00e9cran-2021-01-27-\u00e0-09.54.26.png 1076w\" sizes=\"(max-width: 1024px) 100vw, 1024px\" \/><figcaption>Youmna Saba I Sama Beydoun for Beirut Drone<\/figcaption><\/figure>\n\n\n\n<div style=\"height:49px\" aria-hidden=\"true\" class=\"wp-block-spacer\"><\/div>\n\n\n\n<p class=\"has-background has-text-align-center has-medium-font-size has-pale-cyan-blue-background-color\">ECLAT Konzert 12<br><strong>Maria Kalesnikava (Belarus) erh\u00e4lt den Menschenrechtspreis der Gerhart und Renate Baum-Stiftung<\/strong><br>07.02.2021 \/ 17:00&nbsp;&nbsp;\/ live aus dem Theaterhaus Stuttgart<\/p>\n\n\n\n<p class=\"has-text-align-center\">Laudatio: Gerhart Baum, Bundesinnenminister a.D. \/ Werke von Luigi Nono und Silvia Rosani<sup>UA<\/sup><\/p>\n\n\n\n<div style=\"height:48px\" aria-hidden=\"true\" class=\"wp-block-spacer\"><\/div>\n\n\n\n<p class=\"has-background has-text-align-center has-medium-font-size has-pale-cyan-blue-background-color\">ECLAT Konzert 13<br><strong>Georges Aperghis: <\/strong><br><strong>Der Lauf des Lebens<\/strong><br>07.02.2021 \/ 19:00&nbsp;&nbsp;\/ Aufnahme aus der Digital Concert Hall Berlin<\/p>\n\n\n\n<p class=\"has-text-align-center\">f\u00fcr Stimmen und Instrumentalensemble (2019\/20)<br>Neue Vocalsolisten | Klangforum Wien | Leitung Emilio Pom\u00e1rico<br>Aufnahme der Urauff\u00fchrung am 4.9.2020 in der Philharmonie Berlin<\/p>\n\n\n\n<div style=\"height:100px\" aria-hidden=\"true\" class=\"wp-block-spacer\"><\/div>\n\n\n\n<div class=\"wp-block-button aligncenter\"><a class=\"wp-block-button__link has-text-color has-very-dark-gray-color has-background has-luminous-vivid-amber-background-color\" href=\"https:\/\/eclat.org\/eclat-home.html\" target=\"_blank\" rel=\"noreferrer noopener\">Weitere Informationen auf der Website des Festivals <\/a><\/div>\n\n\n\n<div style=\"height:100px\" aria-hidden=\"true\" class=\"wp-block-spacer\"><\/div>\n","protected":false},"excerpt":{"rendered":"<p>Das Stuttgarter Festival ECLAT findet in diesem Jahr vom 3. bis 7. Februar und digital statt. 35 Werke, 13 Konzerte, 24 Urauff\u00fchrungen, K\u00fcnstler*innen aus den arabischen L\u00e4ndern und Belarus laden zu einer Woche der Klangkunst und Gespr\u00e4chen ein. Kann man Kunst machen und die Situation seines Landes ausblenden? In der diesj\u00e4hrigen, digitalen Ausgabe des Stuttgarter [&hellip;]<\/p>\n","protected":false},"author":1,"featured_media":37254,"comment_status":"open","ping_status":"open","sticky":false,"template":"","format":"standard","meta":{"_monsterinsights_skip_tracking":false,"_monsterinsights_sitenote_active":false,"_monsterinsights_sitenote_note":"","_monsterinsights_sitenote_category":0},"categories":[73,10359],"tags":[10386,2202,10387,2770,2286],"yoast_head":"<!-- This site is optimized with the Yoast SEO plugin v20.5 - https:\/\/yoast.com\/wordpress\/plugins\/seo\/ -->\n<title>ECLAT Festival 2021: Interview mit Christine Fischer I szenik<\/title>\n<meta name=\"description\" content=\"szenikmag sprach mit Christine Fischer \u00fcber die spannende Herausforderung das Stuttgarter ECLAT Festival im digitalen Raum stattfinden zu lassen.\" \/>\n<meta name=\"robots\" content=\"index, follow, max-snippet:-1, max-image-preview:large, max-video-preview:-1\" \/>\n<link rel=\"canonical\" href=\"https:\/\/www.szenik.eu\/de\/wir-koennen-die-zuhoererinnen-am-entstehungsprozess-eines-werkes-teilhaben-lassen-interview-mit-christine-fischer-kuenstlerische-leiterin-des-festivals-neue-musik-eclat-37235\" \/>\n<meta property=\"og:locale\" content=\"de_DE\" \/>\n<meta property=\"og:type\" content=\"article\" \/>\n<meta property=\"og:title\" content=\"ECLAT Festival 2021: Interview mit Christine Fischer I szenik\" \/>\n<meta property=\"og:description\" content=\"szenikmag sprach mit Christine Fischer \u00fcber die spannende Herausforderung das Stuttgarter ECLAT Festival im digitalen Raum stattfinden zu lassen.\" \/>\n<meta property=\"og:url\" content=\"https:\/\/www.szenik.eu\/de\/wir-koennen-die-zuhoererinnen-am-entstehungsprozess-eines-werkes-teilhaben-lassen-interview-mit-christine-fischer-kuenstlerische-leiterin-des-festivals-neue-musik-eclat-37235\" \/>\n<meta property=\"og:site_name\" content=\"szenik\" \/>\n<meta property=\"article:publisher\" content=\"https:\/\/www.facebook.com\/szenik.eu\/\" \/>\n<meta property=\"article:published_time\" content=\"2021-01-26T18:56:52+00:00\" \/>\n<meta property=\"article:modified_time\" content=\"2021-01-27T09:20:43+00:00\" \/>\n<meta property=\"og:image\" content=\"https:\/\/www.szenik.eu\/wp-content\/uploads\/2021\/01\/Reboot_2139web.jpg\" \/>\n\t<meta property=\"og:image:width\" content=\"1920\" \/>\n\t<meta property=\"og:image:height\" content=\"1277\" \/>\n\t<meta property=\"og:image:type\" content=\"image\/jpeg\" \/>\n<meta name=\"author\" content=\"szenik\" \/>\n<meta name=\"twitter:card\" content=\"summary_large_image\" \/>\n<meta name=\"twitter:creator\" content=\"@Szenik\" \/>\n<meta name=\"twitter:site\" content=\"@Szenik\" \/>\n<meta name=\"twitter:label1\" content=\"Verfasst von\" \/>\n\t<meta name=\"twitter:data1\" content=\"szenik\" \/>\n\t<meta name=\"twitter:label2\" content=\"Gesch\u00e4tzte Lesezeit\" \/>\n\t<meta name=\"twitter:data2\" content=\"3\u00a0Minuten\" \/>\n<script type=\"application\/ld+json\" class=\"yoast-schema-graph\">{\"@context\":\"https:\/\/schema.org\",\"@graph\":[{\"@type\":\"Article\",\"@id\":\"https:\/\/www.szenik.eu\/de\/wir-koennen-die-zuhoererinnen-am-entstehungsprozess-eines-werkes-teilhaben-lassen-interview-mit-christine-fischer-kuenstlerische-leiterin-des-festivals-neue-musik-eclat-37235#article\",\"isPartOf\":{\"@id\":\"https:\/\/www.szenik.eu\/de\/wir-koennen-die-zuhoererinnen-am-entstehungsprozess-eines-werkes-teilhaben-lassen-interview-mit-christine-fischer-kuenstlerische-leiterin-des-festivals-neue-musik-eclat-37235\"},\"author\":{\"name\":\"szenik\",\"@id\":\"https:\/\/www.szenik.eu\/de\/#\/schema\/person\/15f73f175b41bad194837490339d48fb\"},\"headline\":\"\u201cWir k\u00f6nnen die Zuh\u00f6rer*innen am Entstehungsprozess eines Werkes teilhaben lassen.\u201d Interview mit Christine Fischer, k\u00fcnstlerische Leiterin des ECLAT Festivals Neue Musik Stuttgart\",\"datePublished\":\"2021-01-26T18:56:52+00:00\",\"dateModified\":\"2021-01-27T09:20:43+00:00\",\"mainEntityOfPage\":{\"@id\":\"https:\/\/www.szenik.eu\/de\/wir-koennen-die-zuhoererinnen-am-entstehungsprozess-eines-werkes-teilhaben-lassen-interview-mit-christine-fischer-kuenstlerische-leiterin-des-festivals-neue-musik-eclat-37235\"},\"wordCount\":710,\"commentCount\":0,\"publisher\":{\"@id\":\"https:\/\/www.szenik.eu\/de\/#organization\"},\"keywords\":[\"Christine Fischer\",\"festival\",\"Marie Kalesnikava\",\"Stuttgart\",\"Theaterhaus Stuttgart\"],\"articleSection\":[\"Portr\u00e4ts und Gespr\u00e4che\",\"TV \/ Streaming\"],\"inLanguage\":\"de\",\"potentialAction\":[{\"@type\":\"CommentAction\",\"name\":\"Comment\",\"target\":[\"https:\/\/www.szenik.eu\/de\/wir-koennen-die-zuhoererinnen-am-entstehungsprozess-eines-werkes-teilhaben-lassen-interview-mit-christine-fischer-kuenstlerische-leiterin-des-festivals-neue-musik-eclat-37235#respond\"]}]},{\"@type\":\"WebPage\",\"@id\":\"https:\/\/www.szenik.eu\/de\/wir-koennen-die-zuhoererinnen-am-entstehungsprozess-eines-werkes-teilhaben-lassen-interview-mit-christine-fischer-kuenstlerische-leiterin-des-festivals-neue-musik-eclat-37235\",\"url\":\"https:\/\/www.szenik.eu\/de\/wir-koennen-die-zuhoererinnen-am-entstehungsprozess-eines-werkes-teilhaben-lassen-interview-mit-christine-fischer-kuenstlerische-leiterin-des-festivals-neue-musik-eclat-37235\",\"name\":\"ECLAT Festival 2021: Interview mit Christine Fischer I szenik\",\"isPartOf\":{\"@id\":\"https:\/\/www.szenik.eu\/de\/#website\"},\"datePublished\":\"2021-01-26T18:56:52+00:00\",\"dateModified\":\"2021-01-27T09:20:43+00:00\",\"description\":\"szenikmag sprach mit Christine Fischer \u00fcber die spannende Herausforderung das Stuttgarter ECLAT Festival im digitalen Raum stattfinden zu lassen.\",\"breadcrumb\":{\"@id\":\"https:\/\/www.szenik.eu\/de\/wir-koennen-die-zuhoererinnen-am-entstehungsprozess-eines-werkes-teilhaben-lassen-interview-mit-christine-fischer-kuenstlerische-leiterin-des-festivals-neue-musik-eclat-37235#breadcrumb\"},\"inLanguage\":\"de\",\"potentialAction\":[{\"@type\":\"ReadAction\",\"target\":[\"https:\/\/www.szenik.eu\/de\/wir-koennen-die-zuhoererinnen-am-entstehungsprozess-eines-werkes-teilhaben-lassen-interview-mit-christine-fischer-kuenstlerische-leiterin-des-festivals-neue-musik-eclat-37235\"]}]},{\"@type\":\"BreadcrumbList\",\"@id\":\"https:\/\/www.szenik.eu\/de\/wir-koennen-die-zuhoererinnen-am-entstehungsprozess-eines-werkes-teilhaben-lassen-interview-mit-christine-fischer-kuenstlerische-leiterin-des-festivals-neue-musik-eclat-37235#breadcrumb\",\"itemListElement\":[{\"@type\":\"ListItem\",\"position\":1,\"name\":\"Home\",\"item\":\"https:\/\/www.szenik.eu\/de\"},{\"@type\":\"ListItem\",\"position\":2,\"name\":\"\u201cWir k\u00f6nnen die Zuh\u00f6rer*innen am Entstehungsprozess eines Werkes teilhaben lassen.\u201d Interview mit Christine Fischer, k\u00fcnstlerische Leiterin des ECLAT Festivals Neue Musik Stuttgart\"}]},{\"@type\":\"WebSite\",\"@id\":\"https:\/\/www.szenik.eu\/de\/#website\",\"url\":\"https:\/\/www.szenik.eu\/de\/\",\"name\":\"szenik\",\"description\":\"Le Meilleur des sc\u00e8nes au coeur de l&#039;Europe\",\"publisher\":{\"@id\":\"https:\/\/www.szenik.eu\/de\/#organization\"},\"potentialAction\":[{\"@type\":\"SearchAction\",\"target\":{\"@type\":\"EntryPoint\",\"urlTemplate\":\"https:\/\/www.szenik.eu\/de\/?s={search_term_string}\"},\"query-input\":\"required name=search_term_string\"}],\"inLanguage\":\"de\"},{\"@type\":\"Organization\",\"@id\":\"https:\/\/www.szenik.eu\/de\/#organization\",\"name\":\"Szenik\",\"url\":\"https:\/\/www.szenik.eu\/de\/\",\"logo\":{\"@type\":\"ImageObject\",\"inLanguage\":\"de\",\"@id\":\"https:\/\/www.szenik.eu\/de\/#\/schema\/logo\/image\/\",\"url\":\"https:\/\/www.szenik.eu\/wp-content\/uploads\/2019\/07\/logo-square.png\",\"contentUrl\":\"https:\/\/www.szenik.eu\/wp-content\/uploads\/2019\/07\/logo-square.png\",\"width\":512,\"height\":512,\"caption\":\"Szenik\"},\"image\":{\"@id\":\"https:\/\/www.szenik.eu\/de\/#\/schema\/logo\/image\/\"},\"sameAs\":[\"https:\/\/www.facebook.com\/szenik.eu\/\",\"https:\/\/twitter.com\/Szenik\",\"https:\/\/www.instagram.com\/szenik_magazine\/\",\"https:\/\/www.youtube.com\/user\/SzenikEU\/\"]},{\"@type\":\"Person\",\"@id\":\"https:\/\/www.szenik.eu\/de\/#\/schema\/person\/15f73f175b41bad194837490339d48fb\",\"name\":\"szenik\",\"image\":{\"@type\":\"ImageObject\",\"inLanguage\":\"de\",\"@id\":\"https:\/\/www.szenik.eu\/de\/#\/schema\/person\/image\/\",\"url\":\"https:\/\/secure.gravatar.com\/avatar\/d1c4f19522a624a4eaa5e6c03e22370b?s=96&d=mm&r=g\",\"contentUrl\":\"https:\/\/secure.gravatar.com\/avatar\/d1c4f19522a624a4eaa5e6c03e22370b?s=96&d=mm&r=g\",\"caption\":\"szenik\"}}]}<\/script>\n<!-- \/ Yoast SEO plugin. -->","yoast_head_json":{"title":"ECLAT Festival 2021: Interview mit Christine Fischer I szenik","description":"szenikmag sprach mit Christine Fischer \u00fcber die spannende Herausforderung das Stuttgarter ECLAT Festival im digitalen Raum stattfinden zu lassen.","robots":{"index":"index","follow":"follow","max-snippet":"max-snippet:-1","max-image-preview":"max-image-preview:large","max-video-preview":"max-video-preview:-1"},"canonical":"https:\/\/www.szenik.eu\/de\/wir-koennen-die-zuhoererinnen-am-entstehungsprozess-eines-werkes-teilhaben-lassen-interview-mit-christine-fischer-kuenstlerische-leiterin-des-festivals-neue-musik-eclat-37235","og_locale":"de_DE","og_type":"article","og_title":"ECLAT Festival 2021: Interview mit Christine Fischer I szenik","og_description":"szenikmag sprach mit Christine Fischer \u00fcber die spannende Herausforderung das Stuttgarter ECLAT Festival im digitalen Raum stattfinden zu lassen.","og_url":"https:\/\/www.szenik.eu\/de\/wir-koennen-die-zuhoererinnen-am-entstehungsprozess-eines-werkes-teilhaben-lassen-interview-mit-christine-fischer-kuenstlerische-leiterin-des-festivals-neue-musik-eclat-37235","og_site_name":"szenik","article_publisher":"https:\/\/www.facebook.com\/szenik.eu\/","article_published_time":"2021-01-26T18:56:52+00:00","article_modified_time":"2021-01-27T09:20:43+00:00","og_image":[{"width":1920,"height":1277,"url":"https:\/\/www.szenik.eu\/wp-content\/uploads\/2021\/01\/Reboot_2139web.jpg","type":"image\/jpeg"}],"author":"szenik","twitter_card":"summary_large_image","twitter_creator":"@Szenik","twitter_site":"@Szenik","twitter_misc":{"Verfasst von":"szenik","Gesch\u00e4tzte Lesezeit":"3\u00a0Minuten"},"schema":{"@context":"https:\/\/schema.org","@graph":[{"@type":"Article","@id":"https:\/\/www.szenik.eu\/de\/wir-koennen-die-zuhoererinnen-am-entstehungsprozess-eines-werkes-teilhaben-lassen-interview-mit-christine-fischer-kuenstlerische-leiterin-des-festivals-neue-musik-eclat-37235#article","isPartOf":{"@id":"https:\/\/www.szenik.eu\/de\/wir-koennen-die-zuhoererinnen-am-entstehungsprozess-eines-werkes-teilhaben-lassen-interview-mit-christine-fischer-kuenstlerische-leiterin-des-festivals-neue-musik-eclat-37235"},"author":{"name":"szenik","@id":"https:\/\/www.szenik.eu\/de\/#\/schema\/person\/15f73f175b41bad194837490339d48fb"},"headline":"\u201cWir k\u00f6nnen die Zuh\u00f6rer*innen am Entstehungsprozess eines Werkes teilhaben lassen.\u201d Interview mit Christine Fischer, k\u00fcnstlerische Leiterin des ECLAT Festivals Neue Musik Stuttgart","datePublished":"2021-01-26T18:56:52+00:00","dateModified":"2021-01-27T09:20:43+00:00","mainEntityOfPage":{"@id":"https:\/\/www.szenik.eu\/de\/wir-koennen-die-zuhoererinnen-am-entstehungsprozess-eines-werkes-teilhaben-lassen-interview-mit-christine-fischer-kuenstlerische-leiterin-des-festivals-neue-musik-eclat-37235"},"wordCount":710,"commentCount":0,"publisher":{"@id":"https:\/\/www.szenik.eu\/de\/#organization"},"keywords":["Christine Fischer","festival","Marie Kalesnikava","Stuttgart","Theaterhaus Stuttgart"],"articleSection":["Portr\u00e4ts und Gespr\u00e4che","TV \/ Streaming"],"inLanguage":"de","potentialAction":[{"@type":"CommentAction","name":"Comment","target":["https:\/\/www.szenik.eu\/de\/wir-koennen-die-zuhoererinnen-am-entstehungsprozess-eines-werkes-teilhaben-lassen-interview-mit-christine-fischer-kuenstlerische-leiterin-des-festivals-neue-musik-eclat-37235#respond"]}]},{"@type":"WebPage","@id":"https:\/\/www.szenik.eu\/de\/wir-koennen-die-zuhoererinnen-am-entstehungsprozess-eines-werkes-teilhaben-lassen-interview-mit-christine-fischer-kuenstlerische-leiterin-des-festivals-neue-musik-eclat-37235","url":"https:\/\/www.szenik.eu\/de\/wir-koennen-die-zuhoererinnen-am-entstehungsprozess-eines-werkes-teilhaben-lassen-interview-mit-christine-fischer-kuenstlerische-leiterin-des-festivals-neue-musik-eclat-37235","name":"ECLAT Festival 2021: Interview mit Christine Fischer I szenik","isPartOf":{"@id":"https:\/\/www.szenik.eu\/de\/#website"},"datePublished":"2021-01-26T18:56:52+00:00","dateModified":"2021-01-27T09:20:43+00:00","description":"szenikmag sprach mit Christine Fischer \u00fcber die spannende Herausforderung das Stuttgarter ECLAT Festival im digitalen Raum stattfinden zu lassen.","breadcrumb":{"@id":"https:\/\/www.szenik.eu\/de\/wir-koennen-die-zuhoererinnen-am-entstehungsprozess-eines-werkes-teilhaben-lassen-interview-mit-christine-fischer-kuenstlerische-leiterin-des-festivals-neue-musik-eclat-37235#breadcrumb"},"inLanguage":"de","potentialAction":[{"@type":"ReadAction","target":["https:\/\/www.szenik.eu\/de\/wir-koennen-die-zuhoererinnen-am-entstehungsprozess-eines-werkes-teilhaben-lassen-interview-mit-christine-fischer-kuenstlerische-leiterin-des-festivals-neue-musik-eclat-37235"]}]},{"@type":"BreadcrumbList","@id":"https:\/\/www.szenik.eu\/de\/wir-koennen-die-zuhoererinnen-am-entstehungsprozess-eines-werkes-teilhaben-lassen-interview-mit-christine-fischer-kuenstlerische-leiterin-des-festivals-neue-musik-eclat-37235#breadcrumb","itemListElement":[{"@type":"ListItem","position":1,"name":"Home","item":"https:\/\/www.szenik.eu\/de"},{"@type":"ListItem","position":2,"name":"\u201cWir k\u00f6nnen die Zuh\u00f6rer*innen am Entstehungsprozess eines Werkes teilhaben lassen.\u201d Interview mit Christine Fischer, k\u00fcnstlerische Leiterin des ECLAT Festivals Neue Musik Stuttgart"}]},{"@type":"WebSite","@id":"https:\/\/www.szenik.eu\/de\/#website","url":"https:\/\/www.szenik.eu\/de\/","name":"szenik","description":"Le Meilleur des sc\u00e8nes au coeur de l&#039;Europe","publisher":{"@id":"https:\/\/www.szenik.eu\/de\/#organization"},"potentialAction":[{"@type":"SearchAction","target":{"@type":"EntryPoint","urlTemplate":"https:\/\/www.szenik.eu\/de\/?s={search_term_string}"},"query-input":"required name=search_term_string"}],"inLanguage":"de"},{"@type":"Organization","@id":"https:\/\/www.szenik.eu\/de\/#organization","name":"Szenik","url":"https:\/\/www.szenik.eu\/de\/","logo":{"@type":"ImageObject","inLanguage":"de","@id":"https:\/\/www.szenik.eu\/de\/#\/schema\/logo\/image\/","url":"https:\/\/www.szenik.eu\/wp-content\/uploads\/2019\/07\/logo-square.png","contentUrl":"https:\/\/www.szenik.eu\/wp-content\/uploads\/2019\/07\/logo-square.png","width":512,"height":512,"caption":"Szenik"},"image":{"@id":"https:\/\/www.szenik.eu\/de\/#\/schema\/logo\/image\/"},"sameAs":["https:\/\/www.facebook.com\/szenik.eu\/","https:\/\/twitter.com\/Szenik","https:\/\/www.instagram.com\/szenik_magazine\/","https:\/\/www.youtube.com\/user\/SzenikEU\/"]},{"@type":"Person","@id":"https:\/\/www.szenik.eu\/de\/#\/schema\/person\/15f73f175b41bad194837490339d48fb","name":"szenik","image":{"@type":"ImageObject","inLanguage":"de","@id":"https:\/\/www.szenik.eu\/de\/#\/schema\/person\/image\/","url":"https:\/\/secure.gravatar.com\/avatar\/d1c4f19522a624a4eaa5e6c03e22370b?s=96&d=mm&r=g","contentUrl":"https:\/\/secure.gravatar.com\/avatar\/d1c4f19522a624a4eaa5e6c03e22370b?s=96&d=mm&r=g","caption":"szenik"}}]}},"jetpack_featured_media_url":"https:\/\/www.szenik.eu\/wp-content\/uploads\/2021\/01\/Reboot_2139web.jpg","amp_enabled":true,"_links":{"self":[{"href":"https:\/\/www.szenik.eu\/de\/wp-json\/\/wp\/v2\/posts\/37235"}],"collection":[{"href":"https:\/\/www.szenik.eu\/de\/wp-json\/\/wp\/v2\/posts"}],"about":[{"href":"https:\/\/www.szenik.eu\/de\/wp-json\/\/wp\/v2\/types\/post"}],"author":[{"embeddable":true,"href":"https:\/\/www.szenik.eu\/de\/wp-json\/\/wp\/v2\/users\/1"}],"replies":[{"embeddable":true,"href":"https:\/\/www.szenik.eu\/de\/wp-json\/\/wp\/v2\/comments?post=37235"}],"version-history":[{"count":3,"href":"https:\/\/www.szenik.eu\/de\/wp-json\/\/wp\/v2\/posts\/37235\/revisions"}],"predecessor-version":[{"id":37257,"href":"https:\/\/www.szenik.eu\/de\/wp-json\/\/wp\/v2\/posts\/37235\/revisions\/37257"}],"wp:featuredmedia":[{"embeddable":true,"href":"https:\/\/www.szenik.eu\/de\/wp-json\/\/wp\/v2\/media\/37254"}],"wp:attachment":[{"href":"https:\/\/www.szenik.eu\/de\/wp-json\/\/wp\/v2\/media?parent=37235"}],"wp:term":[{"taxonomy":"category","embeddable":true,"href":"https:\/\/www.szenik.eu\/de\/wp-json\/\/wp\/v2\/categories?post=37235"},{"taxonomy":"post_tag","embeddable":true,"href":"https:\/\/www.szenik.eu\/de\/wp-json\/\/wp\/v2\/tags?post=37235"}],"curies":[{"name":"wp","href":"https:\/\/api.w.org\/{rel}","templated":true}]}}