{"id":37229,"date":"2021-01-26T18:48:32","date_gmt":"2021-01-26T17:48:32","guid":{"rendered":"https:\/\/www.szenik.eu\/les-rendez-vous-numeriques-du-maillon-theatre-de-strasbourg-scene-europeenne-37229"},"modified":"2023-04-11T17:15:31","modified_gmt":"2023-04-11T15:15:31","slug":"les-rendez-vous-numeriques-du-maillon-theatre-de-strasbourg-scene-europeenne","status":"publish","type":"post","link":"https:\/\/www.szenik.eu\/de\/les-rendez-vous-numeriques-du-maillon-theatre-de-strasbourg-scene-europeenne-37229","title":{"rendered":"Das Maillon, Theater der Stadt Stra\u00dfburg \u2013 Europ\u00e4ische B\u00fchne l\u00e4dt Sie in den digitalen Raum (und nach Dresden) ein."},"content":{"rendered":"\n<h2>Auch wenn die B\u00fchnen immer noch verlassen sind m\u00f6chte das Maillon-Theater weiterhin zum Austausch mit darstellender Kunst einladen. <\/h2>\n\n\n\n<div style=\"height:100px\" aria-hidden=\"true\" class=\"wp-block-spacer\"><\/div>\n\n\n\n<h3 class=\"has-text-align-center\">\u00dcbersicht der aktuellen Projekte<\/h3>\n\n\n\n<div style=\"height:57px\" aria-hidden=\"true\" class=\"wp-block-spacer\"><\/div>\n\n\n\n<p class=\"has-background has-text-align-center has-medium-font-size has-pale-pink-background-color\"><strong>BOULEVARD DE DRESDE \/\/ STRASSBURGER PLATZ&nbsp;<\/strong><br><em>Videoinstallation von Barbara Luchner<\/em><\/p>\n\n\n\n<div style=\"height:20px\" aria-hidden=\"true\" class=\"wp-block-spacer\"><\/div>\n\n\n\n<p>630 km. Das ist die Entfernung zwischen Stra\u00dfburg und Dresden, die in 2020 ihr drei\u00dfigj\u00e4hriges Partnerschaftsjubil\u00e4um gefeiert haben. Wie durchstreift man die Boulevards und Pl\u00e4tze dieser St\u00e4dte? Welche Fluchtlinien, Perspektiven, welche Fl\u00fcsse durchqueren diese Gebiete, welche Sprachen ert\u00f6nen in ihren Stra\u00dfen? Die Tr\u00e4ume, sind sie auf dieser und jener Seite dieselben?<\/p>\n\n\n\n<div style=\"height:44px\" aria-hidden=\"true\" class=\"wp-block-spacer\"><\/div>\n\n\n\n<figure class=\"wp-block-embed-youtube aligncenter wp-block-embed is-type-video is-provider-youtube wp-embed-aspect-16-9 wp-has-aspect-ratio\"><div class=\"wp-block-embed__wrapper\">\n<iframe loading=\"lazy\" title=\"Boulevard de Dresde \/\/ Stra\u00dfburger Platz \u2013 #1 Strasbourg\" width=\"500\" height=\"281\" src=\"https:\/\/www.youtube.com\/embed\/5QRAHNREInw?feature=oembed\" frameborder=\"0\" allow=\"accelerometer; autoplay; clipboard-write; encrypted-media; gyroscope; picture-in-picture\" allowfullscreen><\/iframe>\n<\/div><figcaption>#1 Strasbourg<\/figcaption><\/figure>\n\n\n\n<div style=\"height:45px\" aria-hidden=\"true\" class=\"wp-block-spacer\"><\/div>\n\n\n\n<p><strong>Barbara Luchner<\/strong>, eine junge deutsche K\u00fcnstlerin, die u.a. in Mainz, Wien und Basel studiert und gearbeitet hat, macht sich auf die Begegnung mit den Bewohnern der beiden St\u00e4dte. Sie sammelt ihre Worte, erforscht ihre Erwartungen, zeichnet ihre Stimmen und K\u00f6rper auf.<\/p>\n\n\n\n<p>Um die Wartezeit auf die Ausstellung <em>Boulevard de Dresde \/\/ Strassburger Platz<\/em> zu verk\u00fcrzen gibt es nun bereits online drei Videos zu entdecken und Einwohner aus Stra\u00dfburg und Dresden kennenzulernen. <\/p>\n\n\n\n<div style=\"height:47px\" aria-hidden=\"true\" class=\"wp-block-spacer\"><\/div>\n\n\n\n<figure class=\"wp-block-embed-youtube aligncenter wp-block-embed is-type-video is-provider-youtube wp-embed-aspect-16-9 wp-has-aspect-ratio\"><div class=\"wp-block-embed__wrapper\">\n<iframe loading=\"lazy\" title=\"Boulevard de Dresde \/\/ Stra\u00dfburger Platz \u2013 #2 Strasbourg + Dresden\" width=\"500\" height=\"281\" src=\"https:\/\/www.youtube.com\/embed\/XAupuK0qU-E?feature=oembed\" frameborder=\"0\" allow=\"accelerometer; autoplay; clipboard-write; encrypted-media; gyroscope; picture-in-picture\" allowfullscreen><\/iframe>\n<\/div><figcaption>#2 Strasbourg + Dresden<\/figcaption><\/figure>\n\n\n\n<div style=\"height:48px\" aria-hidden=\"true\" class=\"wp-block-spacer\"><\/div>\n\n\n\n<p class=\"has-normal-font-size\">Stra\u00dfburger Teilnehmer*innen:&nbsp;<strong>Alice Ackermann, Aydan Celik, Nina Chollat, Mariette Feltin, Sylvia Fran\u00e7ois, Ryszard Michalak, Henry Nguyen, Arnault Pfersdorff<\/strong><\/p>\n\n\n\n<div style=\"height:40px\" aria-hidden=\"true\" class=\"wp-block-spacer\"><\/div>\n\n\n\n<p class=\"has-small-font-size\"><strong>Eine Koproduktion von : Maillon, Th\u00e9\u00e2tre de Strasbourg \u2013 Sc\u00e8ne Europ\u00e9enne und Fast Forward, europ\u00e4isches Festival f\u00fcr junge Regie AT WORK<\/strong><br><br><strong>Avec le soutien du Consulat g\u00e9n\u00e9ral d&#8217;Allemagne \u00e0 Strasbourg et Repr\u00e9sentation permanente de l&#8217;Allemagne aupr\u00e8s du Conseil de l&#8217;Europe<\/strong><\/p>\n\n\n\n<div style=\"height:47px\" aria-hidden=\"true\" class=\"wp-block-spacer\"><\/div>\n\n\n\n<figure class=\"wp-block-embed-youtube aligncenter wp-block-embed is-type-video is-provider-youtube wp-embed-aspect-16-9 wp-has-aspect-ratio\"><div class=\"wp-block-embed__wrapper\">\n<iframe loading=\"lazy\" title=\"Boulevard de Dresde \/\/ Stra\u00dfburger Platz \u2013 #3 Dresden\" width=\"500\" height=\"281\" src=\"https:\/\/www.youtube.com\/embed\/ufvLwVwNGU0?feature=oembed\" frameborder=\"0\" allow=\"accelerometer; autoplay; clipboard-write; encrypted-media; gyroscope; picture-in-picture\" allowfullscreen><\/iframe>\n<\/div><figcaption>#3 Dresden<\/figcaption><\/figure>\n\n\n\n<div style=\"height:42px\" aria-hidden=\"true\" class=\"wp-block-spacer\"><\/div>\n\n\n\n<div class=\"wp-block-button aligncenter\"><a class=\"wp-block-button__link has-text-color has-very-dark-gray-color has-background has-pale-pink-background-color\" href=\"https:\/\/www.maillon.eu\/de\/spectacle\/610\/boulevard-de-dresde-strassburger-platz\" target=\"_blank\" rel=\"noreferrer noopener\">Weitere Informationen auf der Website des Maillon<\/a><\/div>\n\n\n\n<div style=\"height:100px\" aria-hidden=\"true\" class=\"wp-block-spacer\"><\/div>\n\n\n\n<p class=\"has-small-font-size\">Bild: Boulevard de Dresde \/ Strassburger Platz<\/p>\n\n\n\n<div style=\"height:100px\" aria-hidden=\"true\" class=\"wp-block-spacer\"><\/div>\n","protected":false},"excerpt":{"rendered":"<p>Auch wenn die B\u00fchnen immer noch verlassen sind m\u00f6chte das Maillon-Theater weiterhin zum Austausch mit darstellender Kunst einladen. \u00dcbersicht der aktuellen Projekte BOULEVARD DE DRESDE \/\/ STRASSBURGER PLATZ&nbsp;Videoinstallation von Barbara Luchner 630 km. Das ist die Entfernung zwischen Stra\u00dfburg und Dresden, die in 2020 ihr drei\u00dfigj\u00e4hriges Partnerschaftsjubil\u00e4um gefeiert haben. Wie durchstreift man die Boulevards und [&hellip;]<\/p>\n","protected":false},"author":1,"featured_media":37222,"comment_status":"open","ping_status":"open","sticky":false,"template":"","format":"standard","meta":{"_monsterinsights_skip_tracking":false,"_monsterinsights_sitenote_active":false,"_monsterinsights_sitenote_note":"","_monsterinsights_sitenote_category":0},"categories":[6439,2815,53,10359],"tags":[10383,10384,6567,6422],"yoast_head":"<!-- This site is optimized with the Yoast SEO plugin v20.5 - https:\/\/yoast.com\/wordpress\/plugins\/seo\/ -->\n<title>Das Maillon-Theater entf\u00fchrt Sie nach Dresden I szenik<\/title>\n<meta name=\"description\" content=\"Barbara Luchner, eine junge deutsche K\u00fcnstlerin, macht sich auf die Begegnung mit den Bewohnern der St\u00e4dte Dresden und Stra\u00dfburg.\" \/>\n<meta name=\"robots\" content=\"index, follow, max-snippet:-1, max-image-preview:large, max-video-preview:-1\" \/>\n<link rel=\"canonical\" href=\"https:\/\/www.szenik.eu\/de\/les-rendez-vous-numeriques-du-maillon-theatre-de-strasbourg-scene-europeenne-37229\" \/>\n<meta property=\"og:locale\" content=\"de_DE\" \/>\n<meta property=\"og:type\" content=\"article\" \/>\n<meta property=\"og:title\" content=\"Das Maillon-Theater entf\u00fchrt Sie nach Dresden I szenik\" \/>\n<meta property=\"og:description\" content=\"Barbara Luchner, eine junge deutsche K\u00fcnstlerin, macht sich auf die Begegnung mit den Bewohnern der St\u00e4dte Dresden und Stra\u00dfburg.\" \/>\n<meta property=\"og:url\" content=\"https:\/\/www.szenik.eu\/de\/les-rendez-vous-numeriques-du-maillon-theatre-de-strasbourg-scene-europeenne-37229\" \/>\n<meta property=\"og:site_name\" content=\"szenik\" \/>\n<meta property=\"article:publisher\" content=\"https:\/\/www.facebook.com\/szenik.eu\/\" \/>\n<meta property=\"article:published_time\" content=\"2021-01-26T17:48:32+00:00\" \/>\n<meta property=\"article:modified_time\" content=\"2023-04-11T15:15:31+00:00\" \/>\n<meta property=\"og:image\" content=\"https:\/\/www.szenik.eu\/wp-content\/uploads\/2021\/01\/Capture-d\u2019\u00e9cran-2021-01-26-\u00e0-18.18.41.png\" \/>\n\t<meta property=\"og:image:width\" content=\"1427\" \/>\n\t<meta property=\"og:image:height\" content=\"750\" \/>\n\t<meta property=\"og:image:type\" content=\"image\/png\" \/>\n<meta name=\"author\" content=\"szenik\" \/>\n<meta name=\"twitter:card\" content=\"summary_large_image\" \/>\n<meta name=\"twitter:creator\" content=\"@Szenik\" \/>\n<meta name=\"twitter:site\" content=\"@Szenik\" \/>\n<meta name=\"twitter:label1\" content=\"Verfasst von\" \/>\n\t<meta name=\"twitter:data1\" content=\"szenik\" \/>\n\t<meta name=\"twitter:label2\" content=\"Gesch\u00e4tzte Lesezeit\" \/>\n\t<meta name=\"twitter:data2\" content=\"1\u00a0Minute\" \/>\n<script type=\"application\/ld+json\" class=\"yoast-schema-graph\">{\"@context\":\"https:\/\/schema.org\",\"@graph\":[{\"@type\":\"Article\",\"@id\":\"https:\/\/www.szenik.eu\/de\/les-rendez-vous-numeriques-du-maillon-theatre-de-strasbourg-scene-europeenne-37229#article\",\"isPartOf\":{\"@id\":\"https:\/\/www.szenik.eu\/de\/les-rendez-vous-numeriques-du-maillon-theatre-de-strasbourg-scene-europeenne-37229\"},\"author\":{\"name\":\"szenik\",\"@id\":\"https:\/\/www.szenik.eu\/de\/#\/schema\/person\/15f73f175b41bad194837490339d48fb\"},\"headline\":\"Das Maillon, Theater der Stadt Stra\u00dfburg \u2013 Europ\u00e4ische B\u00fchne l\u00e4dt Sie in den digitalen Raum (und nach Dresden) ein.\",\"datePublished\":\"2021-01-26T17:48:32+00:00\",\"dateModified\":\"2023-04-11T15:15:31+00:00\",\"mainEntityOfPage\":{\"@id\":\"https:\/\/www.szenik.eu\/de\/les-rendez-vous-numeriques-du-maillon-theatre-de-strasbourg-scene-europeenne-37229\"},\"wordCount\":289,\"commentCount\":0,\"publisher\":{\"@id\":\"https:\/\/www.szenik.eu\/de\/#organization\"},\"keywords\":[\"Barbara Luchner\",\"Dominique Cardito\",\"Maillon\",\"strasbourg\"],\"articleSection\":[\"DAS B\u00dcHNENLEBEN GEHT WEITER\",\"Kurz &amp; knackig\",\"Magazin\",\"TV \/ Streaming\"],\"inLanguage\":\"de\",\"potentialAction\":[{\"@type\":\"CommentAction\",\"name\":\"Comment\",\"target\":[\"https:\/\/www.szenik.eu\/de\/les-rendez-vous-numeriques-du-maillon-theatre-de-strasbourg-scene-europeenne-37229#respond\"]}]},{\"@type\":\"WebPage\",\"@id\":\"https:\/\/www.szenik.eu\/de\/les-rendez-vous-numeriques-du-maillon-theatre-de-strasbourg-scene-europeenne-37229\",\"url\":\"https:\/\/www.szenik.eu\/de\/les-rendez-vous-numeriques-du-maillon-theatre-de-strasbourg-scene-europeenne-37229\",\"name\":\"Das Maillon-Theater entf\u00fchrt Sie nach Dresden I szenik\",\"isPartOf\":{\"@id\":\"https:\/\/www.szenik.eu\/de\/#website\"},\"datePublished\":\"2021-01-26T17:48:32+00:00\",\"dateModified\":\"2023-04-11T15:15:31+00:00\",\"description\":\"Barbara Luchner, eine junge deutsche K\u00fcnstlerin, macht sich auf die Begegnung mit den Bewohnern der St\u00e4dte Dresden und Stra\u00dfburg.\",\"breadcrumb\":{\"@id\":\"https:\/\/www.szenik.eu\/de\/les-rendez-vous-numeriques-du-maillon-theatre-de-strasbourg-scene-europeenne-37229#breadcrumb\"},\"inLanguage\":\"de\",\"potentialAction\":[{\"@type\":\"ReadAction\",\"target\":[\"https:\/\/www.szenik.eu\/de\/les-rendez-vous-numeriques-du-maillon-theatre-de-strasbourg-scene-europeenne-37229\"]}]},{\"@type\":\"BreadcrumbList\",\"@id\":\"https:\/\/www.szenik.eu\/de\/les-rendez-vous-numeriques-du-maillon-theatre-de-strasbourg-scene-europeenne-37229#breadcrumb\",\"itemListElement\":[{\"@type\":\"ListItem\",\"position\":1,\"name\":\"Home\",\"item\":\"https:\/\/www.szenik.eu\/de\"},{\"@type\":\"ListItem\",\"position\":2,\"name\":\"Das Maillon, Theater der Stadt Stra\u00dfburg \u2013 Europ\u00e4ische B\u00fchne l\u00e4dt Sie in den digitalen Raum (und nach Dresden) ein.\"}]},{\"@type\":\"WebSite\",\"@id\":\"https:\/\/www.szenik.eu\/de\/#website\",\"url\":\"https:\/\/www.szenik.eu\/de\/\",\"name\":\"szenik\",\"description\":\"Le Meilleur des sc\u00e8nes au coeur de l&#039;Europe\",\"publisher\":{\"@id\":\"https:\/\/www.szenik.eu\/de\/#organization\"},\"potentialAction\":[{\"@type\":\"SearchAction\",\"target\":{\"@type\":\"EntryPoint\",\"urlTemplate\":\"https:\/\/www.szenik.eu\/de\/?s={search_term_string}\"},\"query-input\":\"required name=search_term_string\"}],\"inLanguage\":\"de\"},{\"@type\":\"Organization\",\"@id\":\"https:\/\/www.szenik.eu\/de\/#organization\",\"name\":\"Szenik\",\"url\":\"https:\/\/www.szenik.eu\/de\/\",\"logo\":{\"@type\":\"ImageObject\",\"inLanguage\":\"de\",\"@id\":\"https:\/\/www.szenik.eu\/de\/#\/schema\/logo\/image\/\",\"url\":\"https:\/\/www.szenik.eu\/wp-content\/uploads\/2019\/07\/logo-square.png\",\"contentUrl\":\"https:\/\/www.szenik.eu\/wp-content\/uploads\/2019\/07\/logo-square.png\",\"width\":512,\"height\":512,\"caption\":\"Szenik\"},\"image\":{\"@id\":\"https:\/\/www.szenik.eu\/de\/#\/schema\/logo\/image\/\"},\"sameAs\":[\"https:\/\/www.facebook.com\/szenik.eu\/\",\"https:\/\/twitter.com\/Szenik\",\"https:\/\/www.instagram.com\/szenik_magazine\/\",\"https:\/\/www.youtube.com\/user\/SzenikEU\/\"]},{\"@type\":\"Person\",\"@id\":\"https:\/\/www.szenik.eu\/de\/#\/schema\/person\/15f73f175b41bad194837490339d48fb\",\"name\":\"szenik\",\"image\":{\"@type\":\"ImageObject\",\"inLanguage\":\"de\",\"@id\":\"https:\/\/www.szenik.eu\/de\/#\/schema\/person\/image\/\",\"url\":\"https:\/\/secure.gravatar.com\/avatar\/d1c4f19522a624a4eaa5e6c03e22370b?s=96&d=mm&r=g\",\"contentUrl\":\"https:\/\/secure.gravatar.com\/avatar\/d1c4f19522a624a4eaa5e6c03e22370b?s=96&d=mm&r=g\",\"caption\":\"szenik\"}}]}<\/script>\n<!-- \/ Yoast SEO plugin. -->","yoast_head_json":{"title":"Das Maillon-Theater entf\u00fchrt Sie nach Dresden I szenik","description":"Barbara Luchner, eine junge deutsche K\u00fcnstlerin, macht sich auf die Begegnung mit den Bewohnern der St\u00e4dte Dresden und Stra\u00dfburg.","robots":{"index":"index","follow":"follow","max-snippet":"max-snippet:-1","max-image-preview":"max-image-preview:large","max-video-preview":"max-video-preview:-1"},"canonical":"https:\/\/www.szenik.eu\/de\/les-rendez-vous-numeriques-du-maillon-theatre-de-strasbourg-scene-europeenne-37229","og_locale":"de_DE","og_type":"article","og_title":"Das Maillon-Theater entf\u00fchrt Sie nach Dresden I szenik","og_description":"Barbara Luchner, eine junge deutsche K\u00fcnstlerin, macht sich auf die Begegnung mit den Bewohnern der St\u00e4dte Dresden und Stra\u00dfburg.","og_url":"https:\/\/www.szenik.eu\/de\/les-rendez-vous-numeriques-du-maillon-theatre-de-strasbourg-scene-europeenne-37229","og_site_name":"szenik","article_publisher":"https:\/\/www.facebook.com\/szenik.eu\/","article_published_time":"2021-01-26T17:48:32+00:00","article_modified_time":"2023-04-11T15:15:31+00:00","og_image":[{"width":1427,"height":750,"url":"https:\/\/www.szenik.eu\/wp-content\/uploads\/2021\/01\/Capture-d\u2019\u00e9cran-2021-01-26-\u00e0-18.18.41.png","type":"image\/png"}],"author":"szenik","twitter_card":"summary_large_image","twitter_creator":"@Szenik","twitter_site":"@Szenik","twitter_misc":{"Verfasst von":"szenik","Gesch\u00e4tzte Lesezeit":"1\u00a0Minute"},"schema":{"@context":"https:\/\/schema.org","@graph":[{"@type":"Article","@id":"https:\/\/www.szenik.eu\/de\/les-rendez-vous-numeriques-du-maillon-theatre-de-strasbourg-scene-europeenne-37229#article","isPartOf":{"@id":"https:\/\/www.szenik.eu\/de\/les-rendez-vous-numeriques-du-maillon-theatre-de-strasbourg-scene-europeenne-37229"},"author":{"name":"szenik","@id":"https:\/\/www.szenik.eu\/de\/#\/schema\/person\/15f73f175b41bad194837490339d48fb"},"headline":"Das Maillon, Theater der Stadt Stra\u00dfburg \u2013 Europ\u00e4ische B\u00fchne l\u00e4dt Sie in den digitalen Raum (und nach Dresden) ein.","datePublished":"2021-01-26T17:48:32+00:00","dateModified":"2023-04-11T15:15:31+00:00","mainEntityOfPage":{"@id":"https:\/\/www.szenik.eu\/de\/les-rendez-vous-numeriques-du-maillon-theatre-de-strasbourg-scene-europeenne-37229"},"wordCount":289,"commentCount":0,"publisher":{"@id":"https:\/\/www.szenik.eu\/de\/#organization"},"keywords":["Barbara Luchner","Dominique Cardito","Maillon","strasbourg"],"articleSection":["DAS B\u00dcHNENLEBEN GEHT WEITER","Kurz &amp; knackig","Magazin","TV \/ Streaming"],"inLanguage":"de","potentialAction":[{"@type":"CommentAction","name":"Comment","target":["https:\/\/www.szenik.eu\/de\/les-rendez-vous-numeriques-du-maillon-theatre-de-strasbourg-scene-europeenne-37229#respond"]}]},{"@type":"WebPage","@id":"https:\/\/www.szenik.eu\/de\/les-rendez-vous-numeriques-du-maillon-theatre-de-strasbourg-scene-europeenne-37229","url":"https:\/\/www.szenik.eu\/de\/les-rendez-vous-numeriques-du-maillon-theatre-de-strasbourg-scene-europeenne-37229","name":"Das Maillon-Theater entf\u00fchrt Sie nach Dresden I szenik","isPartOf":{"@id":"https:\/\/www.szenik.eu\/de\/#website"},"datePublished":"2021-01-26T17:48:32+00:00","dateModified":"2023-04-11T15:15:31+00:00","description":"Barbara Luchner, eine junge deutsche K\u00fcnstlerin, macht sich auf die Begegnung mit den Bewohnern der St\u00e4dte Dresden und Stra\u00dfburg.","breadcrumb":{"@id":"https:\/\/www.szenik.eu\/de\/les-rendez-vous-numeriques-du-maillon-theatre-de-strasbourg-scene-europeenne-37229#breadcrumb"},"inLanguage":"de","potentialAction":[{"@type":"ReadAction","target":["https:\/\/www.szenik.eu\/de\/les-rendez-vous-numeriques-du-maillon-theatre-de-strasbourg-scene-europeenne-37229"]}]},{"@type":"BreadcrumbList","@id":"https:\/\/www.szenik.eu\/de\/les-rendez-vous-numeriques-du-maillon-theatre-de-strasbourg-scene-europeenne-37229#breadcrumb","itemListElement":[{"@type":"ListItem","position":1,"name":"Home","item":"https:\/\/www.szenik.eu\/de"},{"@type":"ListItem","position":2,"name":"Das Maillon, Theater der Stadt Stra\u00dfburg \u2013 Europ\u00e4ische B\u00fchne l\u00e4dt Sie in den digitalen Raum (und nach Dresden) ein."}]},{"@type":"WebSite","@id":"https:\/\/www.szenik.eu\/de\/#website","url":"https:\/\/www.szenik.eu\/de\/","name":"szenik","description":"Le Meilleur des sc\u00e8nes au coeur de l&#039;Europe","publisher":{"@id":"https:\/\/www.szenik.eu\/de\/#organization"},"potentialAction":[{"@type":"SearchAction","target":{"@type":"EntryPoint","urlTemplate":"https:\/\/www.szenik.eu\/de\/?s={search_term_string}"},"query-input":"required name=search_term_string"}],"inLanguage":"de"},{"@type":"Organization","@id":"https:\/\/www.szenik.eu\/de\/#organization","name":"Szenik","url":"https:\/\/www.szenik.eu\/de\/","logo":{"@type":"ImageObject","inLanguage":"de","@id":"https:\/\/www.szenik.eu\/de\/#\/schema\/logo\/image\/","url":"https:\/\/www.szenik.eu\/wp-content\/uploads\/2019\/07\/logo-square.png","contentUrl":"https:\/\/www.szenik.eu\/wp-content\/uploads\/2019\/07\/logo-square.png","width":512,"height":512,"caption":"Szenik"},"image":{"@id":"https:\/\/www.szenik.eu\/de\/#\/schema\/logo\/image\/"},"sameAs":["https:\/\/www.facebook.com\/szenik.eu\/","https:\/\/twitter.com\/Szenik","https:\/\/www.instagram.com\/szenik_magazine\/","https:\/\/www.youtube.com\/user\/SzenikEU\/"]},{"@type":"Person","@id":"https:\/\/www.szenik.eu\/de\/#\/schema\/person\/15f73f175b41bad194837490339d48fb","name":"szenik","image":{"@type":"ImageObject","inLanguage":"de","@id":"https:\/\/www.szenik.eu\/de\/#\/schema\/person\/image\/","url":"https:\/\/secure.gravatar.com\/avatar\/d1c4f19522a624a4eaa5e6c03e22370b?s=96&d=mm&r=g","contentUrl":"https:\/\/secure.gravatar.com\/avatar\/d1c4f19522a624a4eaa5e6c03e22370b?s=96&d=mm&r=g","caption":"szenik"}}]}},"jetpack_featured_media_url":"https:\/\/www.szenik.eu\/wp-content\/uploads\/2021\/01\/Capture-d\u2019\u00e9cran-2021-01-26-\u00e0-18.18.41.png","amp_enabled":true,"_links":{"self":[{"href":"https:\/\/www.szenik.eu\/de\/wp-json\/\/wp\/v2\/posts\/37229"}],"collection":[{"href":"https:\/\/www.szenik.eu\/de\/wp-json\/\/wp\/v2\/posts"}],"about":[{"href":"https:\/\/www.szenik.eu\/de\/wp-json\/\/wp\/v2\/types\/post"}],"author":[{"embeddable":true,"href":"https:\/\/www.szenik.eu\/de\/wp-json\/\/wp\/v2\/users\/1"}],"replies":[{"embeddable":true,"href":"https:\/\/www.szenik.eu\/de\/wp-json\/\/wp\/v2\/comments?post=37229"}],"version-history":[{"count":2,"href":"https:\/\/www.szenik.eu\/de\/wp-json\/\/wp\/v2\/posts\/37229\/revisions"}],"predecessor-version":[{"id":37287,"href":"https:\/\/www.szenik.eu\/de\/wp-json\/\/wp\/v2\/posts\/37229\/revisions\/37287"}],"wp:featuredmedia":[{"embeddable":true,"href":"https:\/\/www.szenik.eu\/de\/wp-json\/\/wp\/v2\/media\/37222"}],"wp:attachment":[{"href":"https:\/\/www.szenik.eu\/de\/wp-json\/\/wp\/v2\/media?parent=37229"}],"wp:term":[{"taxonomy":"category","embeddable":true,"href":"https:\/\/www.szenik.eu\/de\/wp-json\/\/wp\/v2\/categories?post=37229"},{"taxonomy":"post_tag","embeddable":true,"href":"https:\/\/www.szenik.eu\/de\/wp-json\/\/wp\/v2\/tags?post=37229"}],"curies":[{"name":"wp","href":"https:\/\/api.w.org\/{rel}","templated":true}]}}