{"id":37201,"date":"2021-01-25T15:29:27","date_gmt":"2021-01-25T14:29:27","guid":{"rendered":"https:\/\/www.szenik.eu\/all-you-need-is-culture-une-saint-valentin-culturelle-37201"},"modified":"2023-04-11T17:15:38","modified_gmt":"2023-04-11T15:15:38","slug":"all-you-need-is-culture-une-saint-valentin-culturelle","status":"publish","type":"post","link":"https:\/\/www.szenik.eu\/de\/all-you-need-is-culture-une-saint-valentin-culturelle-37201","title":{"rendered":"All you need is Kultur: Nehmen Sie an unserem kulturellen Valentinstag teil!"},"content":{"rendered":"\n<h2>Da Februar der Monat der Liebe ist rufen wir Sie dazu auf, die kommenden Wochen einem unentbehrlichen Pfeiler zu widmen. Wir laden Sie dazu ein, <strong>laut und voller Gef\u00fchl zu erkl\u00e4ren, dass Kultur wesentlich ist.&nbsp;<\/strong><\/h2>\n\n\n\n<div style=\"height:100px\" aria-hidden=\"true\" class=\"wp-block-spacer\"><\/div>\n\n\n\n<p>\u00ab&nbsp;Wenn man liebt, z\u00e4hlt man nicht\u201d, doch seit einiger Zeit z\u00e4hlen wir sie, die Monate ohne Kultur. So erleben wir sie aus der Ferne, auf unseren Bildschirmen, aus der&nbsp;<em>Distanz<\/em>. Auch wenn es nicht dasselbe ist&nbsp;; auch wenn wir sie lieber in&nbsp;<em>Pr\u00e4senz<\/em>&nbsp;erleben w\u00fcrden, h\u00f6ren wir dennoch nicht auf Kultur zu lieben, zu unterst\u00fctzen, zu teilen.&nbsp;<\/p>\n\n\n\n<p>Und da Februar der Monat der Liebe ist rufen wir Sie dazu auf, die kommenden Wochen einem unentbehrlichen Pfeiler zu widmen. Wir laden Sie dazu ein, laut und voller Gef\u00fchl zu erkl\u00e4ren, <strong>dass Kultur wesentlich ist<\/strong>.<\/p>\n\n\n\n<div style=\"height:100px\" aria-hidden=\"true\" class=\"wp-block-spacer\"><\/div>\n\n\n\n<figure class=\"wp-block-embed-youtube aligncenter wp-block-embed is-type-video is-provider-youtube wp-embed-aspect-4-3 wp-has-aspect-ratio\"><div class=\"wp-block-embed__wrapper\">\n<iframe loading=\"lazy\" title=\"Love Actually - To me you are perfect\" width=\"500\" height=\"375\" src=\"https:\/\/www.youtube.com\/embed\/B7u6bMBlCXw?feature=oembed\" frameborder=\"0\" allow=\"accelerometer; autoplay; clipboard-write; encrypted-media; gyroscope; picture-in-picture\" allowfullscreen><\/iframe>\n<\/div><figcaption>Beschreiben Sie Ihre Liebe zur Kultur wie Andrew Lincoln in dem Film <em>Love Actually<\/em><\/figcaption><\/figure>\n\n\n\n<div style=\"height:58px\" aria-hidden=\"true\" class=\"wp-block-spacer\"><\/div>\n\n\n\n<p>Erz\u00e4hlen Sie uns also von Ihrer Beziehung zur darstellenden Kunst; wie sie angefangen hat; welche Geschichten Sie mit ihr verbinden. Sie entscheiden \u00fcber das <strong>Medium<\/strong> (Video, Foto, etc.), das <strong>Format <\/strong>und den <strong>Inhalt<\/strong> (singend, tanzend, rappend, reimend, etc.) \u2013 <strong>seien Sie dabei kreativ, fantasievoll und, vor allem, Sie selbst.&nbsp;<\/strong><\/p>\n\n\n\n<p>Februar ist auch und vor allem der <strong>Monat der Solidarit\u00e4t<\/strong>. Eine sch\u00f6ne Weise Ihre und unsere Liebe zur Kultur Version 2.0. zu feiern.&nbsp;<\/p>\n\n\n\n<p>#SagEsMitDemHerzen<\/p>\n\n\n\n<div style=\"height:100px\" aria-hidden=\"true\" class=\"wp-block-spacer\"><\/div>\n\n\n\n<p class=\"has-background has-text-align-center has-medium-font-size has-luminous-vivid-amber-background-color\">Senden Sie uns Ihren Beitrag an die E-Mail-Adresse&nbsp;<strong>redaction@szenik.eu&nbsp;<\/strong>, damit wir Ihre Worte mit anderen Kulturliebhabern teilen k\u00f6nnen!&nbsp;<\/p>\n\n\n\n<div style=\"height:100px\" aria-hidden=\"true\" class=\"wp-block-spacer\"><\/div>\n\n\n\n<div style=\"height:100px\" aria-hidden=\"true\" class=\"wp-block-spacer\"><\/div>\n\n\n\n<p class=\"has-small-font-size\">Foto: szenik<\/p>\n\n\n\n<div style=\"height:100px\" aria-hidden=\"true\" class=\"wp-block-spacer\"><\/div>\n","protected":false},"excerpt":{"rendered":"<p>Da Februar der Monat der Liebe ist rufen wir Sie dazu auf, die kommenden Wochen einem unentbehrlichen Pfeiler zu widmen. Wir laden Sie dazu ein, laut und voller Gef\u00fchl zu erkl\u00e4ren, dass Kultur wesentlich ist.&nbsp; \u00ab&nbsp;Wenn man liebt, z\u00e4hlt man nicht\u201d, doch seit einiger Zeit z\u00e4hlen wir sie, die Monate ohne Kultur. So erleben wir [&hellip;]<\/p>\n","protected":false},"author":1,"featured_media":37185,"comment_status":"open","ping_status":"open","sticky":false,"template":"","format":"standard","meta":{"_monsterinsights_skip_tracking":false,"_monsterinsights_sitenote_active":false,"_monsterinsights_sitenote_note":"","_monsterinsights_sitenote_category":0},"categories":[2815],"tags":[],"yoast_head":"<!-- This site is optimized with the Yoast SEO plugin v20.5 - https:\/\/yoast.com\/wordpress\/plugins\/seo\/ -->\n<title>All you need is... ? Nehmen Sie an unserem Valentinstag teil I szenik<\/title>\n<meta name=\"description\" content=\"Da Februar der Monat der Liebe ist rufen wir Sie dazu auf, laut und voller Gef\u00fchl zu erkl\u00e4ren, dass Kultur wesentlich ist.\" \/>\n<meta name=\"robots\" content=\"index, follow, max-snippet:-1, max-image-preview:large, max-video-preview:-1\" \/>\n<link rel=\"canonical\" href=\"https:\/\/www.szenik.eu\/de\/all-you-need-is-culture-une-saint-valentin-culturelle-37201\" \/>\n<meta property=\"og:locale\" content=\"de_DE\" \/>\n<meta property=\"og:type\" content=\"article\" \/>\n<meta property=\"og:title\" content=\"All you need is... ? Nehmen Sie an unserem Valentinstag teil I szenik\" \/>\n<meta property=\"og:description\" content=\"Da Februar der Monat der Liebe ist rufen wir Sie dazu auf, laut und voller Gef\u00fchl zu erkl\u00e4ren, dass Kultur wesentlich ist.\" \/>\n<meta property=\"og:url\" content=\"https:\/\/www.szenik.eu\/de\/all-you-need-is-culture-une-saint-valentin-culturelle-37201\" \/>\n<meta property=\"og:site_name\" content=\"szenik\" \/>\n<meta property=\"article:publisher\" content=\"https:\/\/www.facebook.com\/szenik.eu\/\" \/>\n<meta property=\"article:published_time\" content=\"2021-01-25T14:29:27+00:00\" \/>\n<meta property=\"article:modified_time\" content=\"2023-04-11T15:15:38+00:00\" \/>\n<meta property=\"og:image\" content=\"https:\/\/www.szenik.eu\/wp-content\/uploads\/2021\/01\/DEF-VISUEL-ST-VALENTIN.jpeg\" \/>\n\t<meta property=\"og:image:width\" content=\"1080\" \/>\n\t<meta property=\"og:image:height\" content=\"1080\" \/>\n\t<meta property=\"og:image:type\" content=\"image\/jpeg\" \/>\n<meta name=\"author\" content=\"szenik\" \/>\n<meta name=\"twitter:card\" content=\"summary_large_image\" \/>\n<meta name=\"twitter:creator\" content=\"@Szenik\" \/>\n<meta name=\"twitter:site\" content=\"@Szenik\" \/>\n<meta name=\"twitter:label1\" content=\"Verfasst von\" \/>\n\t<meta name=\"twitter:data1\" content=\"szenik\" \/>\n\t<meta name=\"twitter:label2\" content=\"Gesch\u00e4tzte Lesezeit\" \/>\n\t<meta name=\"twitter:data2\" content=\"1\u00a0Minute\" \/>\n<script type=\"application\/ld+json\" class=\"yoast-schema-graph\">{\"@context\":\"https:\/\/schema.org\",\"@graph\":[{\"@type\":\"Article\",\"@id\":\"https:\/\/www.szenik.eu\/de\/all-you-need-is-culture-une-saint-valentin-culturelle-37201#article\",\"isPartOf\":{\"@id\":\"https:\/\/www.szenik.eu\/de\/all-you-need-is-culture-une-saint-valentin-culturelle-37201\"},\"author\":{\"name\":\"szenik\",\"@id\":\"https:\/\/www.szenik.eu\/de\/#\/schema\/person\/15f73f175b41bad194837490339d48fb\"},\"headline\":\"All you need is Kultur: Nehmen Sie an unserem kulturellen Valentinstag teil!\",\"datePublished\":\"2021-01-25T14:29:27+00:00\",\"dateModified\":\"2023-04-11T15:15:38+00:00\",\"mainEntityOfPage\":{\"@id\":\"https:\/\/www.szenik.eu\/de\/all-you-need-is-culture-une-saint-valentin-culturelle-37201\"},\"wordCount\":279,\"commentCount\":0,\"publisher\":{\"@id\":\"https:\/\/www.szenik.eu\/de\/#organization\"},\"articleSection\":[\"Kurz &amp; knackig\"],\"inLanguage\":\"de\",\"potentialAction\":[{\"@type\":\"CommentAction\",\"name\":\"Comment\",\"target\":[\"https:\/\/www.szenik.eu\/de\/all-you-need-is-culture-une-saint-valentin-culturelle-37201#respond\"]}]},{\"@type\":\"WebPage\",\"@id\":\"https:\/\/www.szenik.eu\/de\/all-you-need-is-culture-une-saint-valentin-culturelle-37201\",\"url\":\"https:\/\/www.szenik.eu\/de\/all-you-need-is-culture-une-saint-valentin-culturelle-37201\",\"name\":\"All you need is... ? Nehmen Sie an unserem Valentinstag teil I szenik\",\"isPartOf\":{\"@id\":\"https:\/\/www.szenik.eu\/de\/#website\"},\"datePublished\":\"2021-01-25T14:29:27+00:00\",\"dateModified\":\"2023-04-11T15:15:38+00:00\",\"description\":\"Da Februar der Monat der Liebe ist rufen wir Sie dazu auf, laut und voller Gef\u00fchl zu erkl\u00e4ren, dass Kultur wesentlich ist.\",\"breadcrumb\":{\"@id\":\"https:\/\/www.szenik.eu\/de\/all-you-need-is-culture-une-saint-valentin-culturelle-37201#breadcrumb\"},\"inLanguage\":\"de\",\"potentialAction\":[{\"@type\":\"ReadAction\",\"target\":[\"https:\/\/www.szenik.eu\/de\/all-you-need-is-culture-une-saint-valentin-culturelle-37201\"]}]},{\"@type\":\"BreadcrumbList\",\"@id\":\"https:\/\/www.szenik.eu\/de\/all-you-need-is-culture-une-saint-valentin-culturelle-37201#breadcrumb\",\"itemListElement\":[{\"@type\":\"ListItem\",\"position\":1,\"name\":\"Home\",\"item\":\"https:\/\/www.szenik.eu\/de\"},{\"@type\":\"ListItem\",\"position\":2,\"name\":\"All you need is Kultur: Nehmen Sie an unserem kulturellen Valentinstag teil!\"}]},{\"@type\":\"WebSite\",\"@id\":\"https:\/\/www.szenik.eu\/de\/#website\",\"url\":\"https:\/\/www.szenik.eu\/de\/\",\"name\":\"szenik\",\"description\":\"Le Meilleur des sc\u00e8nes au coeur de l&#039;Europe\",\"publisher\":{\"@id\":\"https:\/\/www.szenik.eu\/de\/#organization\"},\"potentialAction\":[{\"@type\":\"SearchAction\",\"target\":{\"@type\":\"EntryPoint\",\"urlTemplate\":\"https:\/\/www.szenik.eu\/de\/?s={search_term_string}\"},\"query-input\":\"required name=search_term_string\"}],\"inLanguage\":\"de\"},{\"@type\":\"Organization\",\"@id\":\"https:\/\/www.szenik.eu\/de\/#organization\",\"name\":\"Szenik\",\"url\":\"https:\/\/www.szenik.eu\/de\/\",\"logo\":{\"@type\":\"ImageObject\",\"inLanguage\":\"de\",\"@id\":\"https:\/\/www.szenik.eu\/de\/#\/schema\/logo\/image\/\",\"url\":\"https:\/\/www.szenik.eu\/wp-content\/uploads\/2019\/07\/logo-square.png\",\"contentUrl\":\"https:\/\/www.szenik.eu\/wp-content\/uploads\/2019\/07\/logo-square.png\",\"width\":512,\"height\":512,\"caption\":\"Szenik\"},\"image\":{\"@id\":\"https:\/\/www.szenik.eu\/de\/#\/schema\/logo\/image\/\"},\"sameAs\":[\"https:\/\/www.facebook.com\/szenik.eu\/\",\"https:\/\/twitter.com\/Szenik\",\"https:\/\/www.instagram.com\/szenik_magazine\/\",\"https:\/\/www.youtube.com\/user\/SzenikEU\/\"]},{\"@type\":\"Person\",\"@id\":\"https:\/\/www.szenik.eu\/de\/#\/schema\/person\/15f73f175b41bad194837490339d48fb\",\"name\":\"szenik\",\"image\":{\"@type\":\"ImageObject\",\"inLanguage\":\"de\",\"@id\":\"https:\/\/www.szenik.eu\/de\/#\/schema\/person\/image\/\",\"url\":\"https:\/\/secure.gravatar.com\/avatar\/d1c4f19522a624a4eaa5e6c03e22370b?s=96&d=mm&r=g\",\"contentUrl\":\"https:\/\/secure.gravatar.com\/avatar\/d1c4f19522a624a4eaa5e6c03e22370b?s=96&d=mm&r=g\",\"caption\":\"szenik\"}}]}<\/script>\n<!-- \/ Yoast SEO plugin. -->","yoast_head_json":{"title":"All you need is... ? Nehmen Sie an unserem Valentinstag teil I szenik","description":"Da Februar der Monat der Liebe ist rufen wir Sie dazu auf, laut und voller Gef\u00fchl zu erkl\u00e4ren, dass Kultur wesentlich ist.","robots":{"index":"index","follow":"follow","max-snippet":"max-snippet:-1","max-image-preview":"max-image-preview:large","max-video-preview":"max-video-preview:-1"},"canonical":"https:\/\/www.szenik.eu\/de\/all-you-need-is-culture-une-saint-valentin-culturelle-37201","og_locale":"de_DE","og_type":"article","og_title":"All you need is... ? Nehmen Sie an unserem Valentinstag teil I szenik","og_description":"Da Februar der Monat der Liebe ist rufen wir Sie dazu auf, laut und voller Gef\u00fchl zu erkl\u00e4ren, dass Kultur wesentlich ist.","og_url":"https:\/\/www.szenik.eu\/de\/all-you-need-is-culture-une-saint-valentin-culturelle-37201","og_site_name":"szenik","article_publisher":"https:\/\/www.facebook.com\/szenik.eu\/","article_published_time":"2021-01-25T14:29:27+00:00","article_modified_time":"2023-04-11T15:15:38+00:00","og_image":[{"width":1080,"height":1080,"url":"https:\/\/www.szenik.eu\/wp-content\/uploads\/2021\/01\/DEF-VISUEL-ST-VALENTIN.jpeg","type":"image\/jpeg"}],"author":"szenik","twitter_card":"summary_large_image","twitter_creator":"@Szenik","twitter_site":"@Szenik","twitter_misc":{"Verfasst von":"szenik","Gesch\u00e4tzte Lesezeit":"1\u00a0Minute"},"schema":{"@context":"https:\/\/schema.org","@graph":[{"@type":"Article","@id":"https:\/\/www.szenik.eu\/de\/all-you-need-is-culture-une-saint-valentin-culturelle-37201#article","isPartOf":{"@id":"https:\/\/www.szenik.eu\/de\/all-you-need-is-culture-une-saint-valentin-culturelle-37201"},"author":{"name":"szenik","@id":"https:\/\/www.szenik.eu\/de\/#\/schema\/person\/15f73f175b41bad194837490339d48fb"},"headline":"All you need is Kultur: Nehmen Sie an unserem kulturellen Valentinstag teil!","datePublished":"2021-01-25T14:29:27+00:00","dateModified":"2023-04-11T15:15:38+00:00","mainEntityOfPage":{"@id":"https:\/\/www.szenik.eu\/de\/all-you-need-is-culture-une-saint-valentin-culturelle-37201"},"wordCount":279,"commentCount":0,"publisher":{"@id":"https:\/\/www.szenik.eu\/de\/#organization"},"articleSection":["Kurz &amp; knackig"],"inLanguage":"de","potentialAction":[{"@type":"CommentAction","name":"Comment","target":["https:\/\/www.szenik.eu\/de\/all-you-need-is-culture-une-saint-valentin-culturelle-37201#respond"]}]},{"@type":"WebPage","@id":"https:\/\/www.szenik.eu\/de\/all-you-need-is-culture-une-saint-valentin-culturelle-37201","url":"https:\/\/www.szenik.eu\/de\/all-you-need-is-culture-une-saint-valentin-culturelle-37201","name":"All you need is... ? Nehmen Sie an unserem Valentinstag teil I szenik","isPartOf":{"@id":"https:\/\/www.szenik.eu\/de\/#website"},"datePublished":"2021-01-25T14:29:27+00:00","dateModified":"2023-04-11T15:15:38+00:00","description":"Da Februar der Monat der Liebe ist rufen wir Sie dazu auf, laut und voller Gef\u00fchl zu erkl\u00e4ren, dass Kultur wesentlich ist.","breadcrumb":{"@id":"https:\/\/www.szenik.eu\/de\/all-you-need-is-culture-une-saint-valentin-culturelle-37201#breadcrumb"},"inLanguage":"de","potentialAction":[{"@type":"ReadAction","target":["https:\/\/www.szenik.eu\/de\/all-you-need-is-culture-une-saint-valentin-culturelle-37201"]}]},{"@type":"BreadcrumbList","@id":"https:\/\/www.szenik.eu\/de\/all-you-need-is-culture-une-saint-valentin-culturelle-37201#breadcrumb","itemListElement":[{"@type":"ListItem","position":1,"name":"Home","item":"https:\/\/www.szenik.eu\/de"},{"@type":"ListItem","position":2,"name":"All you need is Kultur: Nehmen Sie an unserem kulturellen Valentinstag teil!"}]},{"@type":"WebSite","@id":"https:\/\/www.szenik.eu\/de\/#website","url":"https:\/\/www.szenik.eu\/de\/","name":"szenik","description":"Le Meilleur des sc\u00e8nes au coeur de l&#039;Europe","publisher":{"@id":"https:\/\/www.szenik.eu\/de\/#organization"},"potentialAction":[{"@type":"SearchAction","target":{"@type":"EntryPoint","urlTemplate":"https:\/\/www.szenik.eu\/de\/?s={search_term_string}"},"query-input":"required name=search_term_string"}],"inLanguage":"de"},{"@type":"Organization","@id":"https:\/\/www.szenik.eu\/de\/#organization","name":"Szenik","url":"https:\/\/www.szenik.eu\/de\/","logo":{"@type":"ImageObject","inLanguage":"de","@id":"https:\/\/www.szenik.eu\/de\/#\/schema\/logo\/image\/","url":"https:\/\/www.szenik.eu\/wp-content\/uploads\/2019\/07\/logo-square.png","contentUrl":"https:\/\/www.szenik.eu\/wp-content\/uploads\/2019\/07\/logo-square.png","width":512,"height":512,"caption":"Szenik"},"image":{"@id":"https:\/\/www.szenik.eu\/de\/#\/schema\/logo\/image\/"},"sameAs":["https:\/\/www.facebook.com\/szenik.eu\/","https:\/\/twitter.com\/Szenik","https:\/\/www.instagram.com\/szenik_magazine\/","https:\/\/www.youtube.com\/user\/SzenikEU\/"]},{"@type":"Person","@id":"https:\/\/www.szenik.eu\/de\/#\/schema\/person\/15f73f175b41bad194837490339d48fb","name":"szenik","image":{"@type":"ImageObject","inLanguage":"de","@id":"https:\/\/www.szenik.eu\/de\/#\/schema\/person\/image\/","url":"https:\/\/secure.gravatar.com\/avatar\/d1c4f19522a624a4eaa5e6c03e22370b?s=96&d=mm&r=g","contentUrl":"https:\/\/secure.gravatar.com\/avatar\/d1c4f19522a624a4eaa5e6c03e22370b?s=96&d=mm&r=g","caption":"szenik"}}]}},"jetpack_featured_media_url":"https:\/\/www.szenik.eu\/wp-content\/uploads\/2021\/01\/DEF-VISUEL-ST-VALENTIN.jpeg","amp_enabled":true,"_links":{"self":[{"href":"https:\/\/www.szenik.eu\/de\/wp-json\/\/wp\/v2\/posts\/37201"}],"collection":[{"href":"https:\/\/www.szenik.eu\/de\/wp-json\/\/wp\/v2\/posts"}],"about":[{"href":"https:\/\/www.szenik.eu\/de\/wp-json\/\/wp\/v2\/types\/post"}],"author":[{"embeddable":true,"href":"https:\/\/www.szenik.eu\/de\/wp-json\/\/wp\/v2\/users\/1"}],"replies":[{"embeddable":true,"href":"https:\/\/www.szenik.eu\/de\/wp-json\/\/wp\/v2\/comments?post=37201"}],"version-history":[{"count":2,"href":"https:\/\/www.szenik.eu\/de\/wp-json\/\/wp\/v2\/posts\/37201\/revisions"}],"predecessor-version":[{"id":37203,"href":"https:\/\/www.szenik.eu\/de\/wp-json\/\/wp\/v2\/posts\/37201\/revisions\/37203"}],"wp:featuredmedia":[{"embeddable":true,"href":"https:\/\/www.szenik.eu\/de\/wp-json\/\/wp\/v2\/media\/37185"}],"wp:attachment":[{"href":"https:\/\/www.szenik.eu\/de\/wp-json\/\/wp\/v2\/media?parent=37201"}],"wp:term":[{"taxonomy":"category","embeddable":true,"href":"https:\/\/www.szenik.eu\/de\/wp-json\/\/wp\/v2\/categories?post=37201"},{"taxonomy":"post_tag","embeddable":true,"href":"https:\/\/www.szenik.eu\/de\/wp-json\/\/wp\/v2\/tags?post=37201"}],"curies":[{"name":"wp","href":"https:\/\/api.w.org\/{rel}","templated":true}]}}