{"id":37190,"date":"2021-01-25T14:51:52","date_gmt":"2021-01-25T13:51:52","guid":{"rendered":"https:\/\/www.szenik.eu\/livestream-du-carreau-forbach-press-de-pierre-rigal-compagnie-derniere-minute-le-3-fevrier-2021-sur-youtube-37190"},"modified":"2021-02-01T09:29:46","modified_gmt":"2021-02-01T08:29:46","slug":"livestream-du-carreau-forbach-press-de-pierre-rigal-compagnie-derniere-minute-le-3-fevrier-2021-sur-youtube","status":"publish","type":"post","link":"https:\/\/www.szenik.eu\/de\/livestream-du-carreau-forbach-press-de-pierre-rigal-compagnie-derniere-minute-le-3-fevrier-2021-sur-youtube-37190","title":{"rendered":"Online-Veranstaltung des Carreau Forbach : &#8222;Press&#8220; von Pierre Rigal \/ Compagnie derni\u00e8re minute, am 3. Februar 2021 auf Youtube"},"content":{"rendered":"\n<h2>Die Auff\u00fchrung findet live statt und in einem anschlie\u00dfenden Publikumsgespr\u00e4ch k\u00f6nnen Sie dem Choreographen Ihre Fragen stellen.&nbsp;<\/h2>\n\n\n\n<div style=\"height:100px\" aria-hidden=\"true\" class=\"wp-block-spacer\"><\/div>\n\n\n\n<p><em>Pressemitteilung<\/em><\/p>\n\n\n\n<div style=\"height:100px\" aria-hidden=\"true\" class=\"wp-block-spacer\"><\/div>\n\n\n\n<p>Angesichts der vielen pandemiebedingten Absagen von Vorstellungen, bewegt sich selbst im Carreau dabei gerade einiges: K\u00fcnstlerresidenzen, Workshops und Bauarbeiten am Geb\u00e4ude.&nbsp; Ende Januar h\u00e4tten wir Ihnen gerne den renovierten Saal Heiner M\u00fcller pr\u00e4sentiert. Trotzdem wollen wir diese L\u00fccke f\u00fcllen und freuen wir uns umso mehr,&nbsp;<strong>das St\u00fcck&nbsp;<em>Press<\/em>&nbsp;des Choreographen Pierre Rigal \/ compagnie derni\u00e8re minute zu Gast zu haben.<\/strong><\/p>\n\n\n\n<p><em>Press&nbsp;<\/em>erforscht das Bild des modernen Menschen, in seiner immensen Banalit\u00e4t und seiner r\u00e4tselhaften Komplexit\u00e4t zugleich. Der K\u00f6rper dieses k\u00fcnstlich erschaffenen Individuums, eines beunruhigenden Dandys, wandelt sich durch die standardisierte Abfolge seiner eigenen Automatismen, aber auch durch das R\u00e4derwerk seines engen Lebensraumes. So ist er gefangen in einem quasi leeren Zimmer, vielleicht mit seinem Einverst\u00e4ndnis. Die mechanischen Ver\u00e4nderungen seiner physischen und mentalen Umgebung wirken auf seinen K\u00f6rper ein und zwingen ihn so dazu, seine Positionierung und seine Bewegungen permanent neu anzupassen. So wird er pl\u00f6tzlich in eine absurde und be\u00e4ngstigende Sackgasse getrieben\u2026<\/p>\n\n\n\n<div style=\"height:42px\" aria-hidden=\"true\" class=\"wp-block-spacer\"><\/div>\n\n\n\n<p class=\"has-background has-text-align-center has-medium-font-size has-pale-cyan-blue-background-color\">BESETZUNG<\/p>\n\n\n\n<div style=\"height:20px\" aria-hidden=\"true\" class=\"wp-block-spacer\"><\/div>\n\n\n\n<p class=\"has-text-align-center\">Idee, B\u00fchnenbild, Choreografie und Interpretation:&nbsp;<br><strong><a rel=\"noreferrer noopener\" aria-label=\"Pierre Rigal (opens in a new tab)\" href=\"https:\/\/www.pierrerigal.net\" target=\"_blank\">Pierre Rigal<\/a><\/strong><br>Aufbau, Licht, Technik:<br><strong>Fr\u00e9d\u00e9ric Stoll<\/strong><br>Musik:&nbsp;<br><strong>Nihil Bordures<\/strong><br>Choreografieassistentin:<br><strong>M\u00e9lanie Chartreux<\/strong><\/p>\n\n\n\n<div style=\"height:100px\" aria-hidden=\"true\" class=\"wp-block-spacer\"><\/div>\n\n\n\n<p class=\"has-background has-text-align-center has-medium-font-size has-pale-cyan-blue-background-color\">INFORMATIONS PRATIQUES<\/p>\n\n\n\n<div style=\"height:20px\" aria-hidden=\"true\" class=\"wp-block-spacer\"><\/div>\n\n\n\n<p class=\"has-text-align-center\"><strong>Am 3. Feburar 2021, ab 19h45. <\/strong><br><a rel=\"noreferrer noopener\" aria-label=\"Live auf YouTube.  (opens in a new tab)\" href=\"https:\/\/youtu.be\/G3WOOWTtspA\" target=\"_blank\">Live auf <strong>YouTube<\/strong>. <\/a><br>Dauer: 60 Min. \/ ohne Worte<\/p>\n\n\n\n<div style=\"height:52px\" aria-hidden=\"true\" class=\"wp-block-spacer\"><\/div>\n\n\n\n<div class=\"wp-block-button aligncenter\"><a class=\"wp-block-button__link has-text-color has-very-dark-gray-color has-background has-pale-cyan-blue-background-color\" href=\"https:\/\/youtu.be\/G3WOOWTtspA\" target=\"_blank\" rel=\"noreferrer noopener\">Erleben Sie &#8222;Press&#8220; auf Youtube<\/a><\/div>\n\n\n\n<div style=\"height:20px\" aria-hidden=\"true\" class=\"wp-block-spacer\"><\/div>\n\n\n\n<ul><li><strong>19:45&nbsp;Uhr<\/strong>&nbsp;&gt; Videopr\u00e4sentation des Saals Heiner M\u00fcller von St\u00e9phane Hacin<\/li><li><strong>20:00 Uhr<\/strong>&nbsp;&gt; Press von Pierre Rigal \/ Compagnie Derni\u00e8re Minute<\/li><li><strong>Nach der Vorstellung<\/strong>&nbsp;&gt; virtuelles Publikumsgespr\u00e4ch mit dem Choreographen<\/li><\/ul>\n\n\n\n<div style=\"height:100px\" aria-hidden=\"true\" class=\"wp-block-spacer\"><\/div>\n\n\n\n<div class=\"wp-block-button aligncenter\"><a class=\"wp-block-button__link has-text-color has-very-dark-gray-color has-background has-luminous-vivid-amber-background-color\" href=\"https:\/\/carreau-forbach.com\/de\/spielplan\/press-live-stream-veranstaltung\/\" target=\"_blank\" rel=\"noreferrer noopener\">Weitere Informationen auf der Website des<br>Carreau, Sc\u00e8ne nationale de Forbach et de l&#8217;Est mosellan<\/a><\/div>\n\n\n\n<div style=\"height:100px\" aria-hidden=\"true\" class=\"wp-block-spacer\"><\/div>\n\n\n\n<p class=\"has-small-font-size\">Foto: Fr\u00e9d\u00e9ric Stoll<\/p>\n\n\n\n<div style=\"height:100px\" aria-hidden=\"true\" class=\"wp-block-spacer\"><\/div>\n","protected":false},"excerpt":{"rendered":"<p>Die Auff\u00fchrung findet live statt und in einem anschlie\u00dfenden Publikumsgespr\u00e4ch k\u00f6nnen Sie dem Choreographen Ihre Fragen stellen.&nbsp; Pressemitteilung Angesichts der vielen pandemiebedingten Absagen von Vorstellungen, bewegt sich selbst im Carreau dabei gerade einiges: K\u00fcnstlerresidenzen, Workshops und Bauarbeiten am Geb\u00e4ude.&nbsp; Ende Januar h\u00e4tten wir Ihnen gerne den renovierten Saal Heiner M\u00fcller pr\u00e4sentiert. Trotzdem wollen wir diese [&hellip;]<\/p>\n","protected":false},"author":1,"featured_media":37174,"comment_status":"open","ping_status":"open","sticky":false,"template":"","format":"standard","meta":{"_monsterinsights_skip_tracking":false,"_monsterinsights_sitenote_active":false,"_monsterinsights_sitenote_note":"","_monsterinsights_sitenote_category":0},"categories":[10359],"tags":[2686,2685,10357],"yoast_head":"<!-- This site is optimized with the Yoast SEO plugin v20.5 - https:\/\/yoast.com\/wordpress\/plugins\/seo\/ -->\n<title>&quot;Press&quot; von Pierre Rigal, am 3. Februar 2021 auf Youtube I szenik<\/title>\n<meta name=\"description\" content=\"Das Theater Le Carreau pr\u00e4sentiert das St\u00fcck &quot;Press&quot; des Choreographen Pierre Rigal \/ compagnie derni\u00e8re minute im Livestream.\" \/>\n<meta name=\"robots\" content=\"index, follow, max-snippet:-1, max-image-preview:large, max-video-preview:-1\" \/>\n<link rel=\"canonical\" href=\"https:\/\/www.szenik.eu\/de\/livestream-du-carreau-forbach-press-de-pierre-rigal-compagnie-derniere-minute-le-3-fevrier-2021-sur-youtube-37190\" \/>\n<meta property=\"og:locale\" content=\"de_DE\" \/>\n<meta property=\"og:type\" content=\"article\" \/>\n<meta property=\"og:title\" content=\"&quot;Press&quot; von Pierre Rigal, am 3. Februar 2021 auf Youtube I szenik\" \/>\n<meta property=\"og:description\" content=\"Das Theater Le Carreau pr\u00e4sentiert das St\u00fcck &quot;Press&quot; des Choreographen Pierre Rigal \/ compagnie derni\u00e8re minute im Livestream.\" \/>\n<meta property=\"og:url\" content=\"https:\/\/www.szenik.eu\/de\/livestream-du-carreau-forbach-press-de-pierre-rigal-compagnie-derniere-minute-le-3-fevrier-2021-sur-youtube-37190\" \/>\n<meta property=\"og:site_name\" content=\"szenik\" \/>\n<meta property=\"article:publisher\" content=\"https:\/\/www.facebook.com\/szenik.eu\/\" \/>\n<meta property=\"article:published_time\" content=\"2021-01-25T13:51:52+00:00\" \/>\n<meta property=\"article:modified_time\" content=\"2021-02-01T08:29:46+00:00\" \/>\n<meta property=\"og:image\" content=\"https:\/\/www.szenik.eu\/wp-content\/uploads\/2021\/01\/67500407-9f05-408e-8dba-4876a8e0a789.jpg\" \/>\n\t<meta property=\"og:image:width\" content=\"1200\" \/>\n\t<meta property=\"og:image:height\" content=\"600\" \/>\n\t<meta property=\"og:image:type\" content=\"image\/jpeg\" \/>\n<meta name=\"author\" content=\"szenik\" \/>\n<meta name=\"twitter:card\" content=\"summary_large_image\" \/>\n<meta name=\"twitter:creator\" content=\"@Szenik\" \/>\n<meta name=\"twitter:site\" content=\"@Szenik\" \/>\n<meta name=\"twitter:label1\" content=\"Verfasst von\" \/>\n\t<meta name=\"twitter:data1\" content=\"szenik\" \/>\n\t<meta name=\"twitter:label2\" content=\"Gesch\u00e4tzte Lesezeit\" \/>\n\t<meta name=\"twitter:data2\" content=\"1\u00a0Minute\" \/>\n<script type=\"application\/ld+json\" class=\"yoast-schema-graph\">{\"@context\":\"https:\/\/schema.org\",\"@graph\":[{\"@type\":\"Article\",\"@id\":\"https:\/\/www.szenik.eu\/de\/livestream-du-carreau-forbach-press-de-pierre-rigal-compagnie-derniere-minute-le-3-fevrier-2021-sur-youtube-37190#article\",\"isPartOf\":{\"@id\":\"https:\/\/www.szenik.eu\/de\/livestream-du-carreau-forbach-press-de-pierre-rigal-compagnie-derniere-minute-le-3-fevrier-2021-sur-youtube-37190\"},\"author\":{\"name\":\"szenik\",\"@id\":\"https:\/\/www.szenik.eu\/de\/#\/schema\/person\/15f73f175b41bad194837490339d48fb\"},\"headline\":\"Online-Veranstaltung des Carreau Forbach : &#8222;Press&#8220; von Pierre Rigal \/ Compagnie derni\u00e8re minute, am 3. Februar 2021 auf Youtube\",\"datePublished\":\"2021-01-25T13:51:52+00:00\",\"dateModified\":\"2021-02-01T08:29:46+00:00\",\"mainEntityOfPage\":{\"@id\":\"https:\/\/www.szenik.eu\/de\/livestream-du-carreau-forbach-press-de-pierre-rigal-compagnie-derniere-minute-le-3-fevrier-2021-sur-youtube-37190\"},\"wordCount\":315,\"commentCount\":0,\"publisher\":{\"@id\":\"https:\/\/www.szenik.eu\/de\/#organization\"},\"keywords\":[\"forbach\",\"le carreau\",\"Pierre Rigal\"],\"articleSection\":[\"TV \/ Streaming\"],\"inLanguage\":\"de\",\"potentialAction\":[{\"@type\":\"CommentAction\",\"name\":\"Comment\",\"target\":[\"https:\/\/www.szenik.eu\/de\/livestream-du-carreau-forbach-press-de-pierre-rigal-compagnie-derniere-minute-le-3-fevrier-2021-sur-youtube-37190#respond\"]}]},{\"@type\":\"WebPage\",\"@id\":\"https:\/\/www.szenik.eu\/de\/livestream-du-carreau-forbach-press-de-pierre-rigal-compagnie-derniere-minute-le-3-fevrier-2021-sur-youtube-37190\",\"url\":\"https:\/\/www.szenik.eu\/de\/livestream-du-carreau-forbach-press-de-pierre-rigal-compagnie-derniere-minute-le-3-fevrier-2021-sur-youtube-37190\",\"name\":\"\\\"Press\\\" von Pierre Rigal, am 3. Februar 2021 auf Youtube I szenik\",\"isPartOf\":{\"@id\":\"https:\/\/www.szenik.eu\/de\/#website\"},\"datePublished\":\"2021-01-25T13:51:52+00:00\",\"dateModified\":\"2021-02-01T08:29:46+00:00\",\"description\":\"Das Theater Le Carreau pr\u00e4sentiert das St\u00fcck \\\"Press\\\" des Choreographen Pierre Rigal \/ compagnie derni\u00e8re minute im Livestream.\",\"breadcrumb\":{\"@id\":\"https:\/\/www.szenik.eu\/de\/livestream-du-carreau-forbach-press-de-pierre-rigal-compagnie-derniere-minute-le-3-fevrier-2021-sur-youtube-37190#breadcrumb\"},\"inLanguage\":\"de\",\"potentialAction\":[{\"@type\":\"ReadAction\",\"target\":[\"https:\/\/www.szenik.eu\/de\/livestream-du-carreau-forbach-press-de-pierre-rigal-compagnie-derniere-minute-le-3-fevrier-2021-sur-youtube-37190\"]}]},{\"@type\":\"BreadcrumbList\",\"@id\":\"https:\/\/www.szenik.eu\/de\/livestream-du-carreau-forbach-press-de-pierre-rigal-compagnie-derniere-minute-le-3-fevrier-2021-sur-youtube-37190#breadcrumb\",\"itemListElement\":[{\"@type\":\"ListItem\",\"position\":1,\"name\":\"Home\",\"item\":\"https:\/\/www.szenik.eu\/de\"},{\"@type\":\"ListItem\",\"position\":2,\"name\":\"Online-Veranstaltung des Carreau Forbach : &#8222;Press&#8220; von Pierre Rigal \/ Compagnie derni\u00e8re minute, am 3. Februar 2021 auf Youtube\"}]},{\"@type\":\"WebSite\",\"@id\":\"https:\/\/www.szenik.eu\/de\/#website\",\"url\":\"https:\/\/www.szenik.eu\/de\/\",\"name\":\"szenik\",\"description\":\"Le Meilleur des sc\u00e8nes au coeur de l&#039;Europe\",\"publisher\":{\"@id\":\"https:\/\/www.szenik.eu\/de\/#organization\"},\"potentialAction\":[{\"@type\":\"SearchAction\",\"target\":{\"@type\":\"EntryPoint\",\"urlTemplate\":\"https:\/\/www.szenik.eu\/de\/?s={search_term_string}\"},\"query-input\":\"required name=search_term_string\"}],\"inLanguage\":\"de\"},{\"@type\":\"Organization\",\"@id\":\"https:\/\/www.szenik.eu\/de\/#organization\",\"name\":\"Szenik\",\"url\":\"https:\/\/www.szenik.eu\/de\/\",\"logo\":{\"@type\":\"ImageObject\",\"inLanguage\":\"de\",\"@id\":\"https:\/\/www.szenik.eu\/de\/#\/schema\/logo\/image\/\",\"url\":\"https:\/\/www.szenik.eu\/wp-content\/uploads\/2019\/07\/logo-square.png\",\"contentUrl\":\"https:\/\/www.szenik.eu\/wp-content\/uploads\/2019\/07\/logo-square.png\",\"width\":512,\"height\":512,\"caption\":\"Szenik\"},\"image\":{\"@id\":\"https:\/\/www.szenik.eu\/de\/#\/schema\/logo\/image\/\"},\"sameAs\":[\"https:\/\/www.facebook.com\/szenik.eu\/\",\"https:\/\/twitter.com\/Szenik\",\"https:\/\/www.instagram.com\/szenik_magazine\/\",\"https:\/\/www.youtube.com\/user\/SzenikEU\/\"]},{\"@type\":\"Person\",\"@id\":\"https:\/\/www.szenik.eu\/de\/#\/schema\/person\/15f73f175b41bad194837490339d48fb\",\"name\":\"szenik\",\"image\":{\"@type\":\"ImageObject\",\"inLanguage\":\"de\",\"@id\":\"https:\/\/www.szenik.eu\/de\/#\/schema\/person\/image\/\",\"url\":\"https:\/\/secure.gravatar.com\/avatar\/d1c4f19522a624a4eaa5e6c03e22370b?s=96&d=mm&r=g\",\"contentUrl\":\"https:\/\/secure.gravatar.com\/avatar\/d1c4f19522a624a4eaa5e6c03e22370b?s=96&d=mm&r=g\",\"caption\":\"szenik\"}}]}<\/script>\n<!-- \/ Yoast SEO plugin. -->","yoast_head_json":{"title":"\"Press\" von Pierre Rigal, am 3. Februar 2021 auf Youtube I szenik","description":"Das Theater Le Carreau pr\u00e4sentiert das St\u00fcck \"Press\" des Choreographen Pierre Rigal \/ compagnie derni\u00e8re minute im Livestream.","robots":{"index":"index","follow":"follow","max-snippet":"max-snippet:-1","max-image-preview":"max-image-preview:large","max-video-preview":"max-video-preview:-1"},"canonical":"https:\/\/www.szenik.eu\/de\/livestream-du-carreau-forbach-press-de-pierre-rigal-compagnie-derniere-minute-le-3-fevrier-2021-sur-youtube-37190","og_locale":"de_DE","og_type":"article","og_title":"\"Press\" von Pierre Rigal, am 3. Februar 2021 auf Youtube I szenik","og_description":"Das Theater Le Carreau pr\u00e4sentiert das St\u00fcck \"Press\" des Choreographen Pierre Rigal \/ compagnie derni\u00e8re minute im Livestream.","og_url":"https:\/\/www.szenik.eu\/de\/livestream-du-carreau-forbach-press-de-pierre-rigal-compagnie-derniere-minute-le-3-fevrier-2021-sur-youtube-37190","og_site_name":"szenik","article_publisher":"https:\/\/www.facebook.com\/szenik.eu\/","article_published_time":"2021-01-25T13:51:52+00:00","article_modified_time":"2021-02-01T08:29:46+00:00","og_image":[{"width":1200,"height":600,"url":"https:\/\/www.szenik.eu\/wp-content\/uploads\/2021\/01\/67500407-9f05-408e-8dba-4876a8e0a789.jpg","type":"image\/jpeg"}],"author":"szenik","twitter_card":"summary_large_image","twitter_creator":"@Szenik","twitter_site":"@Szenik","twitter_misc":{"Verfasst von":"szenik","Gesch\u00e4tzte Lesezeit":"1\u00a0Minute"},"schema":{"@context":"https:\/\/schema.org","@graph":[{"@type":"Article","@id":"https:\/\/www.szenik.eu\/de\/livestream-du-carreau-forbach-press-de-pierre-rigal-compagnie-derniere-minute-le-3-fevrier-2021-sur-youtube-37190#article","isPartOf":{"@id":"https:\/\/www.szenik.eu\/de\/livestream-du-carreau-forbach-press-de-pierre-rigal-compagnie-derniere-minute-le-3-fevrier-2021-sur-youtube-37190"},"author":{"name":"szenik","@id":"https:\/\/www.szenik.eu\/de\/#\/schema\/person\/15f73f175b41bad194837490339d48fb"},"headline":"Online-Veranstaltung des Carreau Forbach : &#8222;Press&#8220; von Pierre Rigal \/ Compagnie derni\u00e8re minute, am 3. Februar 2021 auf Youtube","datePublished":"2021-01-25T13:51:52+00:00","dateModified":"2021-02-01T08:29:46+00:00","mainEntityOfPage":{"@id":"https:\/\/www.szenik.eu\/de\/livestream-du-carreau-forbach-press-de-pierre-rigal-compagnie-derniere-minute-le-3-fevrier-2021-sur-youtube-37190"},"wordCount":315,"commentCount":0,"publisher":{"@id":"https:\/\/www.szenik.eu\/de\/#organization"},"keywords":["forbach","le carreau","Pierre Rigal"],"articleSection":["TV \/ Streaming"],"inLanguage":"de","potentialAction":[{"@type":"CommentAction","name":"Comment","target":["https:\/\/www.szenik.eu\/de\/livestream-du-carreau-forbach-press-de-pierre-rigal-compagnie-derniere-minute-le-3-fevrier-2021-sur-youtube-37190#respond"]}]},{"@type":"WebPage","@id":"https:\/\/www.szenik.eu\/de\/livestream-du-carreau-forbach-press-de-pierre-rigal-compagnie-derniere-minute-le-3-fevrier-2021-sur-youtube-37190","url":"https:\/\/www.szenik.eu\/de\/livestream-du-carreau-forbach-press-de-pierre-rigal-compagnie-derniere-minute-le-3-fevrier-2021-sur-youtube-37190","name":"\"Press\" von Pierre Rigal, am 3. Februar 2021 auf Youtube I szenik","isPartOf":{"@id":"https:\/\/www.szenik.eu\/de\/#website"},"datePublished":"2021-01-25T13:51:52+00:00","dateModified":"2021-02-01T08:29:46+00:00","description":"Das Theater Le Carreau pr\u00e4sentiert das St\u00fcck \"Press\" des Choreographen Pierre Rigal \/ compagnie derni\u00e8re minute im Livestream.","breadcrumb":{"@id":"https:\/\/www.szenik.eu\/de\/livestream-du-carreau-forbach-press-de-pierre-rigal-compagnie-derniere-minute-le-3-fevrier-2021-sur-youtube-37190#breadcrumb"},"inLanguage":"de","potentialAction":[{"@type":"ReadAction","target":["https:\/\/www.szenik.eu\/de\/livestream-du-carreau-forbach-press-de-pierre-rigal-compagnie-derniere-minute-le-3-fevrier-2021-sur-youtube-37190"]}]},{"@type":"BreadcrumbList","@id":"https:\/\/www.szenik.eu\/de\/livestream-du-carreau-forbach-press-de-pierre-rigal-compagnie-derniere-minute-le-3-fevrier-2021-sur-youtube-37190#breadcrumb","itemListElement":[{"@type":"ListItem","position":1,"name":"Home","item":"https:\/\/www.szenik.eu\/de"},{"@type":"ListItem","position":2,"name":"Online-Veranstaltung des Carreau Forbach : &#8222;Press&#8220; von Pierre Rigal \/ Compagnie derni\u00e8re minute, am 3. Februar 2021 auf Youtube"}]},{"@type":"WebSite","@id":"https:\/\/www.szenik.eu\/de\/#website","url":"https:\/\/www.szenik.eu\/de\/","name":"szenik","description":"Le Meilleur des sc\u00e8nes au coeur de l&#039;Europe","publisher":{"@id":"https:\/\/www.szenik.eu\/de\/#organization"},"potentialAction":[{"@type":"SearchAction","target":{"@type":"EntryPoint","urlTemplate":"https:\/\/www.szenik.eu\/de\/?s={search_term_string}"},"query-input":"required name=search_term_string"}],"inLanguage":"de"},{"@type":"Organization","@id":"https:\/\/www.szenik.eu\/de\/#organization","name":"Szenik","url":"https:\/\/www.szenik.eu\/de\/","logo":{"@type":"ImageObject","inLanguage":"de","@id":"https:\/\/www.szenik.eu\/de\/#\/schema\/logo\/image\/","url":"https:\/\/www.szenik.eu\/wp-content\/uploads\/2019\/07\/logo-square.png","contentUrl":"https:\/\/www.szenik.eu\/wp-content\/uploads\/2019\/07\/logo-square.png","width":512,"height":512,"caption":"Szenik"},"image":{"@id":"https:\/\/www.szenik.eu\/de\/#\/schema\/logo\/image\/"},"sameAs":["https:\/\/www.facebook.com\/szenik.eu\/","https:\/\/twitter.com\/Szenik","https:\/\/www.instagram.com\/szenik_magazine\/","https:\/\/www.youtube.com\/user\/SzenikEU\/"]},{"@type":"Person","@id":"https:\/\/www.szenik.eu\/de\/#\/schema\/person\/15f73f175b41bad194837490339d48fb","name":"szenik","image":{"@type":"ImageObject","inLanguage":"de","@id":"https:\/\/www.szenik.eu\/de\/#\/schema\/person\/image\/","url":"https:\/\/secure.gravatar.com\/avatar\/d1c4f19522a624a4eaa5e6c03e22370b?s=96&d=mm&r=g","contentUrl":"https:\/\/secure.gravatar.com\/avatar\/d1c4f19522a624a4eaa5e6c03e22370b?s=96&d=mm&r=g","caption":"szenik"}}]}},"jetpack_featured_media_url":"https:\/\/www.szenik.eu\/wp-content\/uploads\/2021\/01\/67500407-9f05-408e-8dba-4876a8e0a789.jpg","amp_enabled":true,"_links":{"self":[{"href":"https:\/\/www.szenik.eu\/de\/wp-json\/\/wp\/v2\/posts\/37190"}],"collection":[{"href":"https:\/\/www.szenik.eu\/de\/wp-json\/\/wp\/v2\/posts"}],"about":[{"href":"https:\/\/www.szenik.eu\/de\/wp-json\/\/wp\/v2\/types\/post"}],"author":[{"embeddable":true,"href":"https:\/\/www.szenik.eu\/de\/wp-json\/\/wp\/v2\/users\/1"}],"replies":[{"embeddable":true,"href":"https:\/\/www.szenik.eu\/de\/wp-json\/\/wp\/v2\/comments?post=37190"}],"version-history":[{"count":3,"href":"https:\/\/www.szenik.eu\/de\/wp-json\/\/wp\/v2\/posts\/37190\/revisions"}],"predecessor-version":[{"id":37350,"href":"https:\/\/www.szenik.eu\/de\/wp-json\/\/wp\/v2\/posts\/37190\/revisions\/37350"}],"wp:featuredmedia":[{"embeddable":true,"href":"https:\/\/www.szenik.eu\/de\/wp-json\/\/wp\/v2\/media\/37174"}],"wp:attachment":[{"href":"https:\/\/www.szenik.eu\/de\/wp-json\/\/wp\/v2\/media?parent=37190"}],"wp:term":[{"taxonomy":"category","embeddable":true,"href":"https:\/\/www.szenik.eu\/de\/wp-json\/\/wp\/v2\/categories?post=37190"},{"taxonomy":"post_tag","embeddable":true,"href":"https:\/\/www.szenik.eu\/de\/wp-json\/\/wp\/v2\/tags?post=37190"}],"curies":[{"name":"wp","href":"https:\/\/api.w.org\/{rel}","templated":true}]}}